{"id":29082,"date":"2012-08-27T09:00:51","date_gmt":"2012-08-27T12:00:51","guid":{"rendered":"http:\/\/www.padreydecano.com\/cms\/?p=29082"},"modified":"2012-08-27T10:50:56","modified_gmt":"2012-08-27T13:50:56","slug":"lo-que-se-hizo-en-la-pretemporada-no-se-vio-para-nada","status":"publish","type":"post","link":"https:\/\/www.padreydecano.com\/cms\/noticias\/lo-que-se-hizo-en-la-pretemporada-no-se-vio-para-nada\/","title":{"rendered":"\u00abNo se vio lo que se hizo en la pretemporada\u201d"},"content":{"rendered":"<p style=\"text-align: justify;\"><a href=\"https:\/\/www.padreydecano.com\/cms\/wp-content\/uploads\/2012\/08\/DSC_0594.jpg\" rel=\"shadowbox[sbpost-29082];player=img;\"><img loading=\"lazy\" decoding=\"async\" class=\"alignright  wp-image-29074\" src=\"https:\/\/www.padreydecano.com\/cms\/wp-content\/uploads\/2012\/08\/DSC_0594-300x198.jpg\" alt=\"\" width=\"240\" height=\"158\" srcset=\"https:\/\/www.padreydecano.com\/cms\/wp-content\/uploads\/2012\/08\/DSC_0594-300x198.jpg 300w, https:\/\/www.padreydecano.com\/cms\/wp-content\/uploads\/2012\/08\/DSC_0594.jpg 800w\" sizes=\"(max-width: 240px) 100vw, 240px\" \/><\/a>En la tarde de ayer el <a href=\"https:\/\/www.padreydecano.com\/cms\/el-club-del-siglo-xx-de-america-del-sur\/\" target=\"_blank\">Campe\u00f3n del Siglo<\/a> sali\u00f3 con much\u00edsimas promesas que solamente quedaron en eso, promesas. Con puntos baj\u00edsimos, y realmente preocupantes, Pe\u00f1arol parece arrastrar los mismos problemas del a\u00f1o pasado, el arco y todo su sistema defensivo que fue un desastre.<\/p>\n<p style=\"text-align: justify;\"><strong>\u201cTodo lo que se hizo en la pretemporada no se vio para nada esta tarde\u201d,<\/strong> as\u00ed empez\u00f3 su conferencia de prensa el DT del Padre y Decano del f\u00fatbol uruguayo, que se lo vio dolido, triste y preocupado. <strong>\u201cEstoy dolido por todo, lo m\u00e1s preocupante es lo que le pas\u00f3 a Antonio, un gran jugador pero mejor persona que estaba muy ilusionado con esta vuelta\u201d.<\/strong> Pero hablando enteramente de lo futbol\u00edstico el cuadro del pueblo hizo agua por todos lados, especialmente y arrastrando historia en el arco. <strong>\u201cEn el primer tiempo nos patearon tres veces y nos hicieron tres goles\u201d<\/strong> (comentario que en el pasado Clausura fue figurita repetida en las conferencias de prensa de nuestro director t\u00e9cnico) Tambi\u00e9n agreg\u00f3: <strong>\u201cNo habl\u00e9 con Bologna, quiero que baje las revoluciones del partido y hablaremos con \u00e9l en la semana para darle todo nuestro apoyo y confianza\u201d<\/strong>.<\/p>\n<p style=\"text-align: justify;\">Igualmente no solo el arquero argentino tuvo errores ya que tanto el \u00fanico jugador que Jorge Da Silva puso en la mitad de la cancha para marcar y pr\u00e1cticamente toda la defensa jugaron un mal partido. <strong>\u201cTenemos la revancha el pr\u00f3ximo domingo, pero todo lo que hoy era a favor lo vamos a tener en contra, estamos fuertes y vamos a hacer todo lo que sea necesario para revertir esta situaci\u00f3n, nos duele y nos hacemos cargo de todo\u201d. <\/strong>As\u00ed finaliz\u00f3 su primera conferencia de prensa el \u201cPolilla\u201d que va a tener much\u00edsimo trabajo en la semana, sobre todo en lo psicol\u00f3gico y emocional.<\/p>\n","protected":false},"excerpt":{"rendered":"<p>En la tarde de ayer el Campe\u00f3n del Siglo sali\u00f3 con much\u00edsimas promesas que solamente quedaron en eso, promesas. Con puntos baj\u00edsimos, y realmente preocupantes, Pe\u00f1arol parece arrastrar los mismos problemas del a\u00f1o pasado, el arco y todo su sistema defensivo que fue un desastre. \u201cTodo lo que se hizo en la pretemporada no se [&hellip;]<\/p>\n","protected":false},"author":13,"featured_media":29074,"comment_status":"open","ping_status":"closed","sticky":false,"template":"","format":"standard","meta":{"footnotes":""},"categories":[1],"tags":[76],"yoast_head":"<!-- This site is optimized with the Yoast SEO plugin v23.2 - https:\/\/yoast.com\/wordpress\/plugins\/seo\/ -->\n<title>&quot;No se vio lo que se hizo en la pretemporada\u201d - Padre y Decano - El Sitio del Pueblo<\/title>\n<meta name=\"robots\" content=\"index, follow, max-snippet:-1, max-image-preview:large, max-video-preview:-1\" \/>\n<link rel=\"canonical\" href=\"https:\/\/www.padreydecano.com\/cms\/noticias\/lo-que-se-hizo-en-la-pretemporada-no-se-vio-para-nada\/\" \/>\n<meta property=\"og:locale\" content=\"es_ES\" \/>\n<meta property=\"og:type\" content=\"article\" \/>\n<meta property=\"og:title\" content=\"&quot;No se vio lo que se hizo en la pretemporada\u201d - Padre y Decano - El Sitio del Pueblo\" \/>\n<meta property=\"og:description\" content=\"En la tarde de ayer el Campe\u00f3n del Siglo sali\u00f3 con much\u00edsimas promesas que solamente quedaron en eso, promesas. Con puntos baj\u00edsimos, y realmente preocupantes, Pe\u00f1arol parece arrastrar los mismos problemas del a\u00f1o pasado, el arco y todo su sistema defensivo que fue un desastre. \u201cTodo lo que se hizo en la pretemporada no se [&hellip;]\" \/>\n<meta property=\"og:url\" content=\"https:\/\/www.padreydecano.com\/cms\/noticias\/lo-que-se-hizo-en-la-pretemporada-no-se-vio-para-nada\/\" \/>\n<meta property=\"og:site_name\" content=\"Padre y Decano - El Sitio del Pueblo\" \/>\n<meta property=\"article:published_time\" content=\"2012-08-27T12:00:51+00:00\" \/>\n<meta property=\"article:modified_time\" content=\"2012-08-27T13:50:56+00:00\" \/>\n<meta property=\"og:image\" content=\"https:\/\/www.padreydecano.com\/cms\/wp-content\/uploads\/2012\/08\/DSC_0594.jpg\" \/>\n\t<meta property=\"og:image:width\" content=\"800\" \/>\n\t<meta property=\"og:image:height\" content=\"530\" \/>\n\t<meta property=\"og:image:type\" content=\"image\/jpeg\" \/>\n<meta name=\"author\" content=\"Moderador\" \/>\n<meta name=\"twitter:card\" content=\"summary_large_image\" \/>\n<meta name=\"twitter:label1\" content=\"Escrito por\" \/>\n\t<meta name=\"twitter:data1\" content=\"Moderador\" \/>\n\t<meta name=\"twitter:label2\" content=\"Tiempo de lectura\" \/>\n\t<meta name=\"twitter:data2\" content=\"2 minutos\" \/>\n<script type=\"application\/ld+json\" class=\"yoast-schema-graph\">{\"@context\":\"https:\/\/schema.org\",\"@graph\":[{\"@type\":\"Article\",\"@id\":\"https:\/\/www.padreydecano.com\/cms\/noticias\/lo-que-se-hizo-en-la-pretemporada-no-se-vio-para-nada\/#article\",\"isPartOf\":{\"@id\":\"https:\/\/www.padreydecano.com\/cms\/noticias\/lo-que-se-hizo-en-la-pretemporada-no-se-vio-para-nada\/\"},\"author\":{\"name\":\"Moderador\",\"@id\":\"https:\/\/www.padreydecano.com\/cms\/#\/schema\/person\/d93e9e537230ae052c194251d9a1def2\"},\"headline\":\"\u00abNo se vio lo que se hizo en la pretemporada\u201d\",\"datePublished\":\"2012-08-27T12:00:51+00:00\",\"dateModified\":\"2012-08-27T13:50:56+00:00\",\"mainEntityOfPage\":{\"@id\":\"https:\/\/www.padreydecano.com\/cms\/noticias\/lo-que-se-hizo-en-la-pretemporada-no-se-vio-para-nada\/\"},\"wordCount\":319,\"commentCount\":15,\"publisher\":{\"@id\":\"https:\/\/www.padreydecano.com\/cms\/#organization\"},\"image\":{\"@id\":\"https:\/\/www.padreydecano.com\/cms\/noticias\/lo-que-se-hizo-en-la-pretemporada-no-se-vio-para-nada\/#primaryimage\"},\"thumbnailUrl\":\"https:\/\/www.padreydecano.com\/cms\/wp-content\/uploads\/2012\/08\/DSC_0594.jpg\",\"keywords\":[\"Voces del vestuario\"],\"articleSection\":[\"Noticias\"],\"inLanguage\":\"es\",\"potentialAction\":[{\"@type\":\"CommentAction\",\"name\":\"Comment\",\"target\":[\"https:\/\/www.padreydecano.com\/cms\/noticias\/lo-que-se-hizo-en-la-pretemporada-no-se-vio-para-nada\/#respond\"]}]},{\"@type\":\"WebPage\",\"@id\":\"https:\/\/www.padreydecano.com\/cms\/noticias\/lo-que-se-hizo-en-la-pretemporada-no-se-vio-para-nada\/\",\"url\":\"https:\/\/www.padreydecano.com\/cms\/noticias\/lo-que-se-hizo-en-la-pretemporada-no-se-vio-para-nada\/\",\"name\":\"\\\"No se vio lo que se hizo en la pretemporada\u201d - Padre y Decano - El Sitio del Pueblo\",\"isPartOf\":{\"@id\":\"https:\/\/www.padreydecano.com\/cms\/#website\"},\"primaryImageOfPage\":{\"@id\":\"https:\/\/www.padreydecano.com\/cms\/noticias\/lo-que-se-hizo-en-la-pretemporada-no-se-vio-para-nada\/#primaryimage\"},\"image\":{\"@id\":\"https:\/\/www.padreydecano.com\/cms\/noticias\/lo-que-se-hizo-en-la-pretemporada-no-se-vio-para-nada\/#primaryimage\"},\"thumbnailUrl\":\"https:\/\/www.padreydecano.com\/cms\/wp-content\/uploads\/2012\/08\/DSC_0594.jpg\",\"datePublished\":\"2012-08-27T12:00:51+00:00\",\"dateModified\":\"2012-08-27T13:50:56+00:00\",\"breadcrumb\":{\"@id\":\"https:\/\/www.padreydecano.com\/cms\/noticias\/lo-que-se-hizo-en-la-pretemporada-no-se-vio-para-nada\/#breadcrumb\"},\"inLanguage\":\"es\",\"potentialAction\":[{\"@type\":\"ReadAction\",\"target\":[\"https:\/\/www.padreydecano.com\/cms\/noticias\/lo-que-se-hizo-en-la-pretemporada-no-se-vio-para-nada\/\"]}]},{\"@type\":\"ImageObject\",\"inLanguage\":\"es\",\"@id\":\"https:\/\/www.padreydecano.com\/cms\/noticias\/lo-que-se-hizo-en-la-pretemporada-no-se-vio-para-nada\/#primaryimage\",\"url\":\"https:\/\/www.padreydecano.com\/cms\/wp-content\/uploads\/2012\/08\/DSC_0594.jpg\",\"contentUrl\":\"https:\/\/www.padreydecano.com\/cms\/wp-content\/uploads\/2012\/08\/DSC_0594.jpg\",\"width\":\"800\",\"height\":\"530\"},{\"@type\":\"BreadcrumbList\",\"@id\":\"https:\/\/www.padreydecano.com\/cms\/noticias\/lo-que-se-hizo-en-la-pretemporada-no-se-vio-para-nada\/#breadcrumb\",\"itemListElement\":[{\"@type\":\"ListItem\",\"position\":1,\"name\":\"Portada\",\"item\":\"https:\/\/www.padreydecano.com\/cms\/\"},{\"@type\":\"ListItem\",\"position\":2,\"name\":\"\u00abNo se vio lo que se hizo en la pretemporada\u201d\"}]},{\"@type\":\"WebSite\",\"@id\":\"https:\/\/www.padreydecano.com\/cms\/#website\",\"url\":\"https:\/\/www.padreydecano.com\/cms\/\",\"name\":\"Padre y Decano - El Sitio del Pueblo\",\"description\":\"Club Atl\u00e9tico Pe\u00f1arol\",\"publisher\":{\"@id\":\"https:\/\/www.padreydecano.com\/cms\/#organization\"},\"potentialAction\":[{\"@type\":\"SearchAction\",\"target\":{\"@type\":\"EntryPoint\",\"urlTemplate\":\"https:\/\/www.padreydecano.com\/cms\/?s={search_term_string}\"},\"query-input\":\"required name=search_term_string\"}],\"inLanguage\":\"es\"},{\"@type\":\"Organization\",\"@id\":\"https:\/\/www.padreydecano.com\/cms\/#organization\",\"name\":\"Padre y Decano\",\"url\":\"https:\/\/www.padreydecano.com\/cms\/\",\"logo\":{\"@type\":\"ImageObject\",\"inLanguage\":\"es\",\"@id\":\"https:\/\/www.padreydecano.com\/cms\/#\/schema\/logo\/image\/\",\"url\":\"https:\/\/www.padreydecano.com\/cms\/wp-content\/uploads\/2022\/01\/avatar-square.png\",\"contentUrl\":\"https:\/\/www.padreydecano.com\/cms\/wp-content\/uploads\/2022\/01\/avatar-square.png\",\"width\":1500,\"height\":1500,\"caption\":\"Padre y Decano\"},\"image\":{\"@id\":\"https:\/\/www.padreydecano.com\/cms\/#\/schema\/logo\/image\/\"}},{\"@type\":\"Person\",\"@id\":\"https:\/\/www.padreydecano.com\/cms\/#\/schema\/person\/d93e9e537230ae052c194251d9a1def2\",\"name\":\"Moderador\",\"image\":{\"@type\":\"ImageObject\",\"inLanguage\":\"es\",\"@id\":\"https:\/\/www.padreydecano.com\/cms\/#\/schema\/person\/image\/\",\"url\":\"https:\/\/secure.gravatar.com\/avatar\/2587727bf8a53bd3da4ec49f01bea66e?s=96&d=https%3A%2F%2Fpadreydecano.com%2Fcms%2Fwp-content%2Fthemes%2Fpyd-theme%2Fimg%2Fdefault-avatar.png&r=g\",\"contentUrl\":\"https:\/\/secure.gravatar.com\/avatar\/2587727bf8a53bd3da4ec49f01bea66e?s=96&d=https%3A%2F%2Fpadreydecano.com%2Fcms%2Fwp-content%2Fthemes%2Fpyd-theme%2Fimg%2Fdefault-avatar.png&r=g\",\"caption\":\"Moderador\"}}]}<\/script>\n<!-- \/ Yoast SEO plugin. -->","yoast_head_json":{"title":"\"No se vio lo que se hizo en la pretemporada\u201d - Padre y Decano - El Sitio del Pueblo","robots":{"index":"index","follow":"follow","max-snippet":"max-snippet:-1","max-image-preview":"max-image-preview:large","max-video-preview":"max-video-preview:-1"},"canonical":"https:\/\/www.padreydecano.com\/cms\/noticias\/lo-que-se-hizo-en-la-pretemporada-no-se-vio-para-nada\/","og_locale":"es_ES","og_type":"article","og_title":"\"No se vio lo que se hizo en la pretemporada\u201d - Padre y Decano - El Sitio del Pueblo","og_description":"En la tarde de ayer el Campe\u00f3n del Siglo sali\u00f3 con much\u00edsimas promesas que solamente quedaron en eso, promesas. Con puntos baj\u00edsimos, y realmente preocupantes, Pe\u00f1arol parece arrastrar los mismos problemas del a\u00f1o pasado, el arco y todo su sistema defensivo que fue un desastre. \u201cTodo lo que se hizo en la pretemporada no se [&hellip;]","og_url":"https:\/\/www.padreydecano.com\/cms\/noticias\/lo-que-se-hizo-en-la-pretemporada-no-se-vio-para-nada\/","og_site_name":"Padre y Decano - El Sitio del Pueblo","article_published_time":"2012-08-27T12:00:51+00:00","article_modified_time":"2012-08-27T13:50:56+00:00","og_image":[{"width":800,"height":530,"url":"https:\/\/www.padreydecano.com\/cms\/wp-content\/uploads\/2012\/08\/DSC_0594.jpg","type":"image\/jpeg"}],"author":"Moderador","twitter_card":"summary_large_image","twitter_misc":{"Escrito por":"Moderador","Tiempo de lectura":"2 minutos"},"schema":{"@context":"https:\/\/schema.org","@graph":[{"@type":"Article","@id":"https:\/\/www.padreydecano.com\/cms\/noticias\/lo-que-se-hizo-en-la-pretemporada-no-se-vio-para-nada\/#article","isPartOf":{"@id":"https:\/\/www.padreydecano.com\/cms\/noticias\/lo-que-se-hizo-en-la-pretemporada-no-se-vio-para-nada\/"},"author":{"name":"Moderador","@id":"https:\/\/www.padreydecano.com\/cms\/#\/schema\/person\/d93e9e537230ae052c194251d9a1def2"},"headline":"\u00abNo se vio lo que se hizo en la pretemporada\u201d","datePublished":"2012-08-27T12:00:51+00:00","dateModified":"2012-08-27T13:50:56+00:00","mainEntityOfPage":{"@id":"https:\/\/www.padreydecano.com\/cms\/noticias\/lo-que-se-hizo-en-la-pretemporada-no-se-vio-para-nada\/"},"wordCount":319,"commentCount":15,"publisher":{"@id":"https:\/\/www.padreydecano.com\/cms\/#organization"},"image":{"@id":"https:\/\/www.padreydecano.com\/cms\/noticias\/lo-que-se-hizo-en-la-pretemporada-no-se-vio-para-nada\/#primaryimage"},"thumbnailUrl":"https:\/\/www.padreydecano.com\/cms\/wp-content\/uploads\/2012\/08\/DSC_0594.jpg","keywords":["Voces del vestuario"],"articleSection":["Noticias"],"inLanguage":"es","potentialAction":[{"@type":"CommentAction","name":"Comment","target":["https:\/\/www.padreydecano.com\/cms\/noticias\/lo-que-se-hizo-en-la-pretemporada-no-se-vio-para-nada\/#respond"]}]},{"@type":"WebPage","@id":"https:\/\/www.padreydecano.com\/cms\/noticias\/lo-que-se-hizo-en-la-pretemporada-no-se-vio-para-nada\/","url":"https:\/\/www.padreydecano.com\/cms\/noticias\/lo-que-se-hizo-en-la-pretemporada-no-se-vio-para-nada\/","name":"\"No se vio lo que se hizo en la pretemporada\u201d - Padre y Decano - El Sitio del Pueblo","isPartOf":{"@id":"https:\/\/www.padreydecano.com\/cms\/#website"},"primaryImageOfPage":{"@id":"https:\/\/www.padreydecano.com\/cms\/noticias\/lo-que-se-hizo-en-la-pretemporada-no-se-vio-para-nada\/#primaryimage"},"image":{"@id":"https:\/\/www.padreydecano.com\/cms\/noticias\/lo-que-se-hizo-en-la-pretemporada-no-se-vio-para-nada\/#primaryimage"},"thumbnailUrl":"https:\/\/www.padreydecano.com\/cms\/wp-content\/uploads\/2012\/08\/DSC_0594.jpg","datePublished":"2012-08-27T12:00:51+00:00","dateModified":"2012-08-27T13:50:56+00:00","breadcrumb":{"@id":"https:\/\/www.padreydecano.com\/cms\/noticias\/lo-que-se-hizo-en-la-pretemporada-no-se-vio-para-nada\/#breadcrumb"},"inLanguage":"es","potentialAction":[{"@type":"ReadAction","target":["https:\/\/www.padreydecano.com\/cms\/noticias\/lo-que-se-hizo-en-la-pretemporada-no-se-vio-para-nada\/"]}]},{"@type":"ImageObject","inLanguage":"es","@id":"https:\/\/www.padreydecano.com\/cms\/noticias\/lo-que-se-hizo-en-la-pretemporada-no-se-vio-para-nada\/#primaryimage","url":"https:\/\/www.padreydecano.com\/cms\/wp-content\/uploads\/2012\/08\/DSC_0594.jpg","contentUrl":"https:\/\/www.padreydecano.com\/cms\/wp-content\/uploads\/2012\/08\/DSC_0594.jpg","width":"800","height":"530"},{"@type":"BreadcrumbList","@id":"https:\/\/www.padreydecano.com\/cms\/noticias\/lo-que-se-hizo-en-la-pretemporada-no-se-vio-para-nada\/#breadcrumb","itemListElement":[{"@type":"ListItem","position":1,"name":"Portada","item":"https:\/\/www.padreydecano.com\/cms\/"},{"@type":"ListItem","position":2,"name":"\u00abNo se vio lo que se hizo en la pretemporada\u201d"}]},{"@type":"WebSite","@id":"https:\/\/www.padreydecano.com\/cms\/#website","url":"https:\/\/www.padreydecano.com\/cms\/","name":"Padre y Decano - El Sitio del Pueblo","description":"Club Atl\u00e9tico Pe\u00f1arol","publisher":{"@id":"https:\/\/www.padreydecano.com\/cms\/#organization"},"potentialAction":[{"@type":"SearchAction","target":{"@type":"EntryPoint","urlTemplate":"https:\/\/www.padreydecano.com\/cms\/?s={search_term_string}"},"query-input":"required name=search_term_string"}],"inLanguage":"es"},{"@type":"Organization","@id":"https:\/\/www.padreydecano.com\/cms\/#organization","name":"Padre y Decano","url":"https:\/\/www.padreydecano.com\/cms\/","logo":{"@type":"ImageObject","inLanguage":"es","@id":"https:\/\/www.padreydecano.com\/cms\/#\/schema\/logo\/image\/","url":"https:\/\/www.padreydecano.com\/cms\/wp-content\/uploads\/2022\/01\/avatar-square.png","contentUrl":"https:\/\/www.padreydecano.com\/cms\/wp-content\/uploads\/2022\/01\/avatar-square.png","width":1500,"height":1500,"caption":"Padre y Decano"},"image":{"@id":"https:\/\/www.padreydecano.com\/cms\/#\/schema\/logo\/image\/"}},{"@type":"Person","@id":"https:\/\/www.padreydecano.com\/cms\/#\/schema\/person\/d93e9e537230ae052c194251d9a1def2","name":"Moderador","image":{"@type":"ImageObject","inLanguage":"es","@id":"https:\/\/www.padreydecano.com\/cms\/#\/schema\/person\/image\/","url":"https:\/\/secure.gravatar.com\/avatar\/2587727bf8a53bd3da4ec49f01bea66e?s=96&d=https%3A%2F%2Fpadreydecano.com%2Fcms%2Fwp-content%2Fthemes%2Fpyd-theme%2Fimg%2Fdefault-avatar.png&r=g","contentUrl":"https:\/\/secure.gravatar.com\/avatar\/2587727bf8a53bd3da4ec49f01bea66e?s=96&d=https%3A%2F%2Fpadreydecano.com%2Fcms%2Fwp-content%2Fthemes%2Fpyd-theme%2Fimg%2Fdefault-avatar.png&r=g","caption":"Moderador"}}]}},"_links":{"self":[{"href":"https:\/\/www.padreydecano.com\/cms\/wp-json\/wp\/v2\/posts\/29082"}],"collection":[{"href":"https:\/\/www.padreydecano.com\/cms\/wp-json\/wp\/v2\/posts"}],"about":[{"href":"https:\/\/www.padreydecano.com\/cms\/wp-json\/wp\/v2\/types\/post"}],"author":[{"embeddable":true,"href":"https:\/\/www.padreydecano.com\/cms\/wp-json\/wp\/v2\/users\/13"}],"replies":[{"embeddable":true,"href":"https:\/\/www.padreydecano.com\/cms\/wp-json\/wp\/v2\/comments?post=29082"}],"version-history":[{"count":0,"href":"https:\/\/www.padreydecano.com\/cms\/wp-json\/wp\/v2\/posts\/29082\/revisions"}],"wp:featuredmedia":[{"embeddable":true,"href":"https:\/\/www.padreydecano.com\/cms\/wp-json\/wp\/v2\/media\/29074"}],"wp:attachment":[{"href":"https:\/\/www.padreydecano.com\/cms\/wp-json\/wp\/v2\/media?parent=29082"}],"wp:term":[{"taxonomy":"category","embeddable":true,"href":"https:\/\/www.padreydecano.com\/cms\/wp-json\/wp\/v2\/categories?post=29082"},{"taxonomy":"post_tag","embeddable":true,"href":"https:\/\/www.padreydecano.com\/cms\/wp-json\/wp\/v2\/tags?post=29082"}],"curies":[{"name":"wp","href":"https:\/\/api.w.org\/{rel}","templated":true}]}}