{"id":28920,"date":"2012-08-24T20:00:52","date_gmt":"2012-08-24T23:00:52","guid":{"rendered":"http:\/\/www.padreydecano.com\/cms\/?p=28920"},"modified":"2012-08-31T18:35:54","modified_gmt":"2012-08-31T21:35:54","slug":"lo-mas-leido-de-la-semana-4","status":"publish","type":"post","link":"https:\/\/www.padreydecano.com\/cms\/noticias\/lo-mas-leido-de-la-semana-4\/","title":{"rendered":"Lo m\u00e1s le\u00eddo de la semana (4)"},"content":{"rendered":"<p style=\"text-align: justify;\"><strong>Lo m\u00e1s relevante de la semana en Padre y Decano. <\/strong>Art\u00edculos desde el viernes 17 de agosto hasta el jueves 23.<\/p>\n<table class=\"comun\">\n<tbody>\n<tr>\n<td><a href=\"https:\/\/www.padreydecano.com\/cms\/editoriales\/las-10-incorporaciones-de-penarol\"><img loading=\"lazy\" decoding=\"async\" class=\"alignleft size-thumbnail wp-image-28857\" title=\"Incorporaciones 2012\" src=\"https:\/\/www.padreydecano.com\/cms\/wp-content\/uploads\/2012\/08\/001-2-150x150.jpg\" alt=\"\" width=\"150\" height=\"150\" srcset=\"https:\/\/www.padreydecano.com\/cms\/wp-content\/uploads\/2012\/08\/001-2-150x150.jpg 150w, https:\/\/www.padreydecano.com\/cms\/wp-content\/uploads\/2012\/08\/001-2-36x36.jpg 36w, https:\/\/www.padreydecano.com\/cms\/wp-content\/uploads\/2012\/08\/001-2-115x115.jpg 115w\" sizes=\"(max-width: 150px) 100vw, 150px\" \/><\/a><\/td>\n<td style=\"text-align: justify; padding: 10px;\"><strong><span style=\"color: #ffcc02;\">[Editoriales] Las 10 incorporaciones de Pe\u00f1arol<br \/>\n<\/span><br \/>\n<\/strong><strong><\/strong>Diez jugadores trajo Pe\u00f1arol en este per\u00edodo de pases.\u00a0Oscilando\u00a0entre los 23 y los 36 a\u00f1os, el\u00a0Campe\u00f3n del Siglo\u00a0opt\u00f3 por contratar\u00a0jugadores con experiencia, rodaje y jerarqu\u00eda.\u00a0Padre y Decano\u00a0arm\u00f3 un\u00a0art\u00edculo con las estad\u00edsticas m\u00e1s recientes de las contrataciones\u00a0carboneras.<strong><br style=\"text-align: justify; padding: 10px;\" \/> <a href=\"https:\/\/www.padreydecano.com\/cms\/editoriales\/las-10-incorporaciones-de-penarol\" target=\"_blank\">Leer editorial completo \u00bb<\/a><\/strong><\/td>\n<\/tr>\n<\/tbody>\n<\/table>\n<table class=\"presidentes\">\n<tbody>\n<tr>\n<td style=\"text-align: justify; padding: 10px;\"><strong><span style=\"color: #ffcc02;\">[Columnas &#8211; \u00c1msterdam Agotada] Las contrataciones prometen<br \/>\n<\/span><br \/>\n<\/strong>Los nombres de las contrataciones carboneras son conocidos y si uno visita esta web, m\u00e1s todav\u00eda. En esta oportunidad, el per\u00edodo de pases nos deja una de cal y una de arena. Vamos por las buenas primero. Los dirigentes entendieron exactamente qu\u00e9 estaba precisando Pe\u00f1arol.<br \/>\n<strong><\/strong><strong><a href=\"https:\/\/www.padreydecano.com\/cms\/columnas\/las-contrataciones-prometen\/\" target=\"_blank\">Leer columna completa \u00bb<\/a><\/strong><\/td>\n<td><a href=\"https:\/\/www.padreydecano.com\/cms\/columnas\/las-contrataciones-prometen\/\" rel=\"attachment wp-att-28702\"><img loading=\"lazy\" decoding=\"async\" class=\"alignleft size-thumbnail wp-image-28702\" src=\"https:\/\/www.padreydecano.com\/cms\/wp-content\/uploads\/2012\/07\/DSC_0123-Copy-150x150.jpg\" alt=\"\" width=\"150\" height=\"150\" \/><\/a><\/td>\n<\/tr>\n<\/tbody>\n<\/table>\n<table class=\"presidentes\">\n<tbody>\n<tr>\n<td><a href=\"https:\/\/www.padreydecano.com\/cms\/columnas\/medios-de-prensa-o-de-presion\" rel=\"attachment wp-att-28700\"><img loading=\"lazy\" decoding=\"async\" class=\"alignleft size-thumbnail wp-image-28700\" src=\"https:\/\/www.padreydecano.com\/cms\/wp-content\/uploads\/2012\/08\/sembrar-150x150.jpg\" alt=\"\" width=\"150\" height=\"150\" srcset=\"https:\/\/www.padreydecano.com\/cms\/wp-content\/uploads\/2012\/08\/sembrar-150x150.jpg 150w, https:\/\/www.padreydecano.com\/cms\/wp-content\/uploads\/2012\/08\/sembrar-36x36.jpg 36w, https:\/\/www.padreydecano.com\/cms\/wp-content\/uploads\/2012\/08\/sembrar-115x115.jpg 115w\" sizes=\"(max-width: 150px) 100vw, 150px\" \/><\/a><\/td>\n<td style=\"text-align: justify; padding: 10px;\"><strong><span style=\"color: #ffcc02;\">[Columna &#8211; Al\u00e9rgico a las plumas] \u00bfMedios de prensa o de presi\u00f3n?<br \/>\n<\/span><br \/>\n<\/strong>Uno se hace esa pregunta cuando ve notas que tienen como objetivo destruir el crecimiento del Club Atl\u00e9tico Pe\u00f1arol y del pa\u00eds.\u00a0Cada vez que queremos construir el estadio, aparece gente que intenta\u00a0<strong>sembrar miedo o ejercer presi\u00f3n<\/strong>\u00a0para trancar la construcci\u00f3n sin mirar para adelante.<a href=\"https:\/\/www.padreydecano.com\/cms\/el-club-del-siglo-xx-de-america-del-sur\/\" target=\"_blank\"><br \/>\n<\/a><strong><a href=\"https:\/\/www.padreydecano.com\/cms\/columnas\/medios-de-prensa-o-de-presion\/\" target=\"_blank\">Leer columna completa \u00bb<br \/>\n<\/a><\/strong><\/td>\n<\/tr>\n<\/tbody>\n<\/table>\n<table class=\"presidentes\">\n<tbody>\n<tr>\n<td style=\"text-align: justify; padding: 10px;\"><strong><strong><strong><span style=\"color: #ffcc02;\">[Noticias] Se sorte\u00f3 el fixture<\/span><\/strong><\/strong><\/strong><\/p>\n<p><strong><strong><strong><\/strong><\/strong><\/strong>Se sorte\u00f3 el fixture del Campeonato Uruguayo 2012\/2013 en una ceremonia que se llev\u00f3 a cabo en el Museo del F\u00fatbol, y que cont\u00f3 con la presencia de los representantes de cada club. Jorge Barrera, delegado de nuestra instituci\u00f3n, fue el representante de Pe\u00f1arol.<strong><\/strong><strong><a href=\"https:\/\/www.padreydecano.com\/cms\/noticias\/cronica-de-viaje-fray-bentos\/\" target=\"_blank\"><strong><\/strong><br \/>\n<\/a><\/strong><strong><a href=\"https:\/\/www.padreydecano.com\/cms\/noticias\/se-sorteo-el-fixture\/\" target=\"_blank\"><strong>Leer nota completa \u00bb<br \/>\n<strong><\/strong><\/strong><\/a><strong><strong><a href=\"https:\/\/www.padreydecano.com\/cms\/calendario\/\" target=\"_blank\"><strong>Calendario Apertura 2012 \u00bb<\/strong><\/a><\/strong><br \/>\n<\/strong><\/strong><\/td>\n<td><a href=\"https:\/\/www.padreydecano.com\/cms\/noticias\/se-sorteo-el-fixture\" rel=\"attachment wp-att-28691\" target=\"_blank\"><img loading=\"lazy\" decoding=\"async\" class=\"alignleft size-thumbnail wp-image-28691\" src=\"https:\/\/www.padreydecano.com\/cms\/wp-content\/uploads\/2012\/08\/DSC_0064-Copy-150x150.jpeg\" alt=\"\" width=\"150\" height=\"150\" srcset=\"https:\/\/www.padreydecano.com\/cms\/wp-content\/uploads\/2012\/08\/DSC_0064-Copy-150x150.jpeg 150w, https:\/\/www.padreydecano.com\/cms\/wp-content\/uploads\/2012\/08\/DSC_0064-Copy-36x36.jpeg 36w, https:\/\/www.padreydecano.com\/cms\/wp-content\/uploads\/2012\/08\/DSC_0064-Copy-115x115.jpeg 115w\" sizes=\"(max-width: 150px) 100vw, 150px\" \/><\/a><\/td>\n<\/tr>\n<\/tbody>\n<\/table>\n<table class=\"presidentes\">\n<tbody>\n<tr>\n<td><a href=\"https:\/\/www.padreydecano.com\/cms\/noticias\/otro-penarol-antes-de-1913\/\" rel=\"attachment wp-att-28639\"><img loading=\"lazy\" decoding=\"async\" class=\"alignleft size-thumbnail wp-image-28639\" src=\"https:\/\/www.padreydecano.com\/cms\/wp-content\/uploads\/2012\/08\/hinchada-argentino-pe\u00f1arol-150x150.jpg\" alt=\"\" width=\"150\" height=\"150\" srcset=\"https:\/\/www.padreydecano.com\/cms\/wp-content\/uploads\/2012\/08\/hinchada-argentino-pe\u00f1arol-150x150.jpg 150w, https:\/\/www.padreydecano.com\/cms\/wp-content\/uploads\/2012\/08\/hinchada-argentino-pe\u00f1arol-36x36.jpg 36w, https:\/\/www.padreydecano.com\/cms\/wp-content\/uploads\/2012\/08\/hinchada-argentino-pe\u00f1arol-115x115.jpg 115w\" sizes=\"(max-width: 150px) 100vw, 150px\" \/><\/a><\/td>\n<td style=\"text-align: justify; padding: 10px;\"><strong><span style=\"color: #ffcc02;\">[Curiosidades] Otro Pe\u00f1arol antes de 1913<\/span><\/strong><\/p>\n<p>Corr\u00eda la primera d\u00e9cada del Siglo XX en la vecina orilla de la Argentina, m\u00e1s precisamente en C\u00f3rdoba, donde la familia Oyola ten\u00eda un cuadro de f\u00fatbol, el cual no ten\u00eda nombre&#8230;<br \/>\n<a href=\"https:\/\/www.padreydecano.com\/cms\/noticias\/otro-penarol-antes-de-1913\/\" target=\"_blank\"><strong>Leer informe completo \u00bb<br \/>\n<\/strong><\/a><a href=\"https:\/\/www.padreydecano.com\/cms\/noticias\/correcta-eleccion-del-nombre-penarol\/\" target=\"_blank\"><strong>+ Curiosidades:<strong><strong> Correcta elecci\u00f3n del nombre: Pe\u00f1arol \u00bb<\/strong><\/strong><\/strong><\/a><br \/>\n<strong><strong><strong><strong><a href=\"https:\/\/www.padreydecano.com\/cms\/noticias\/fc-brasov-el-aurinegro-rumano\/\" target=\"_blank\"><strong>+ Curiosidades: FC Brasov, el aurinegro rumano \u00bb<\/strong><\/a><\/strong><\/strong><\/strong><\/strong><\/td>\n<\/tr>\n<\/tbody>\n<\/table>\n<table class=\"presidentes\">\n<tbody>\n<tr>\n<td style=\"text-align: justify; padding: 10px;\"><span style=\"color: #ffcc02;\"><strong>[Columnas &#8211; Dr. Curcc] En Uruguay solo se habla de Pe\u00f1arol<\/strong><\/span><\/p>\n<p>La web deportiva argentina \u201cTribunero.com\u201d\u00a0public\u00f3 ayer una noticia\u00a0de las transferencias realizadas en este per\u00edodo de pases por Pe\u00f1arol en las que estaban involucrados equipos argentinos. En la misma se menciona la ida de\u00a0Alb\u00edn\u00a0y Mora a Boca y River respectivamente, as\u00ed como tambi\u00e9n la incoporaci\u00f3n de Enrique Bologna, ex golero de Uni\u00f3n de Santa F\u00e9.<br \/>\n<a href=\"https:\/\/www.padreydecano.com\/cms\/columnas\/en-uruguay-solo-se-habla-de-penarol\/\" target=\"_blank\"><strong>Leer columna completa \u00bb<\/strong><\/a><\/td>\n<td><a href=\"https:\/\/www.padreydecano.com\/cms\/columnas\/en-uruguay-solo-se-habla-de-penarol\/\" rel=\"attachment wp-att-28492\"><img loading=\"lazy\" decoding=\"async\" class=\"alignleft size-thumbnail wp-image-28492\" src=\"https:\/\/www.padreydecano.com\/cms\/wp-content\/uploads\/2012\/08\/blabla-150x150.jpg\" alt=\"\" width=\"150\" height=\"150\" srcset=\"https:\/\/www.padreydecano.com\/cms\/wp-content\/uploads\/2012\/08\/blabla-150x150.jpg 150w, https:\/\/www.padreydecano.com\/cms\/wp-content\/uploads\/2012\/08\/blabla-36x36.jpg 36w, https:\/\/www.padreydecano.com\/cms\/wp-content\/uploads\/2012\/08\/blabla-115x115.jpg 115w\" sizes=\"(max-width: 150px) 100vw, 150px\" \/><\/a><\/td>\n<\/tr>\n<\/tbody>\n<\/table>\n","protected":false},"excerpt":{"rendered":"<p>Lo m\u00e1s relevante de la semana en Padre y Decano. Art\u00edculos desde el viernes 17 de agosto hasta el jueves 23. [Editoriales] Las 10 incorporaciones de Pe\u00f1arol Diez jugadores trajo Pe\u00f1arol en este per\u00edodo de pases.\u00a0Oscilando\u00a0entre los 23 y los 36 a\u00f1os, el\u00a0Campe\u00f3n del Siglo\u00a0opt\u00f3 por contratar\u00a0jugadores con experiencia, rodaje y jerarqu\u00eda.\u00a0Padre y Decano\u00a0arm\u00f3 un\u00a0art\u00edculo [&hellip;]<\/p>\n","protected":false},"author":16,"featured_media":28925,"comment_status":"open","ping_status":"closed","sticky":false,"template":"","format":"standard","meta":{"footnotes":""},"categories":[1],"tags":[],"yoast_head":"<!-- This site is optimized with the Yoast SEO plugin v23.2 - https:\/\/yoast.com\/wordpress\/plugins\/seo\/ -->\n<title>Lo m\u00e1s le\u00eddo de la semana (4) - Padre y Decano - El Sitio del Pueblo<\/title>\n<meta name=\"robots\" content=\"index, follow, max-snippet:-1, max-image-preview:large, max-video-preview:-1\" \/>\n<link rel=\"canonical\" href=\"https:\/\/www.padreydecano.com\/cms\/noticias\/lo-mas-leido-de-la-semana-4\/\" \/>\n<meta property=\"og:locale\" content=\"es_ES\" \/>\n<meta property=\"og:type\" content=\"article\" \/>\n<meta property=\"og:title\" content=\"Lo m\u00e1s le\u00eddo de la semana (4) - Padre y Decano - El Sitio del Pueblo\" \/>\n<meta property=\"og:description\" content=\"Lo m\u00e1s relevante de la semana en Padre y Decano. Art\u00edculos desde el viernes 17 de agosto hasta el jueves 23. [Editoriales] Las 10 incorporaciones de Pe\u00f1arol Diez jugadores trajo Pe\u00f1arol en este per\u00edodo de pases.\u00a0Oscilando\u00a0entre los 23 y los 36 a\u00f1os, el\u00a0Campe\u00f3n del Siglo\u00a0opt\u00f3 por contratar\u00a0jugadores con experiencia, rodaje y jerarqu\u00eda.\u00a0Padre y Decano\u00a0arm\u00f3 un\u00a0art\u00edculo [&hellip;]\" \/>\n<meta property=\"og:url\" content=\"https:\/\/www.padreydecano.com\/cms\/noticias\/lo-mas-leido-de-la-semana-4\/\" \/>\n<meta property=\"og:site_name\" content=\"Padre y Decano - El Sitio del Pueblo\" \/>\n<meta property=\"article:published_time\" content=\"2012-08-24T23:00:52+00:00\" \/>\n<meta property=\"article:modified_time\" content=\"2012-08-31T21:35:54+00:00\" \/>\n<meta property=\"og:image\" content=\"https:\/\/www.padreydecano.com\/cms\/wp-content\/uploads\/2012\/08\/lo-mas-leido-de-la-semana-4.jpg\" \/>\n\t<meta property=\"og:image:width\" content=\"640\" \/>\n\t<meta property=\"og:image:height\" content=\"250\" \/>\n\t<meta property=\"og:image:type\" content=\"image\/jpeg\" \/>\n<meta name=\"author\" content=\"mariano\" \/>\n<meta name=\"twitter:card\" content=\"summary_large_image\" \/>\n<meta name=\"twitter:label1\" content=\"Escrito por\" \/>\n\t<meta name=\"twitter:data1\" content=\"mariano\" \/>\n\t<meta name=\"twitter:label2\" content=\"Tiempo de lectura\" \/>\n\t<meta name=\"twitter:data2\" content=\"2 minutos\" \/>\n<script type=\"application\/ld+json\" class=\"yoast-schema-graph\">{\"@context\":\"https:\/\/schema.org\",\"@graph\":[{\"@type\":\"Article\",\"@id\":\"https:\/\/www.padreydecano.com\/cms\/noticias\/lo-mas-leido-de-la-semana-4\/#article\",\"isPartOf\":{\"@id\":\"https:\/\/www.padreydecano.com\/cms\/noticias\/lo-mas-leido-de-la-semana-4\/\"},\"author\":{\"name\":\"mariano\",\"@id\":\"https:\/\/www.padreydecano.com\/cms\/#\/schema\/person\/da0f0e72c91242bc7c270c61c9798d01\"},\"headline\":\"Lo m\u00e1s le\u00eddo de la semana (4)\",\"datePublished\":\"2012-08-24T23:00:52+00:00\",\"dateModified\":\"2012-08-31T21:35:54+00:00\",\"mainEntityOfPage\":{\"@id\":\"https:\/\/www.padreydecano.com\/cms\/noticias\/lo-mas-leido-de-la-semana-4\/\"},\"wordCount\":414,\"commentCount\":0,\"publisher\":{\"@id\":\"https:\/\/www.padreydecano.com\/cms\/#organization\"},\"image\":{\"@id\":\"https:\/\/www.padreydecano.com\/cms\/noticias\/lo-mas-leido-de-la-semana-4\/#primaryimage\"},\"thumbnailUrl\":\"https:\/\/www.padreydecano.com\/cms\/wp-content\/uploads\/2012\/08\/lo-mas-leido-de-la-semana-4.jpg\",\"articleSection\":[\"Noticias\"],\"inLanguage\":\"es\",\"potentialAction\":[{\"@type\":\"CommentAction\",\"name\":\"Comment\",\"target\":[\"https:\/\/www.padreydecano.com\/cms\/noticias\/lo-mas-leido-de-la-semana-4\/#respond\"]}]},{\"@type\":\"WebPage\",\"@id\":\"https:\/\/www.padreydecano.com\/cms\/noticias\/lo-mas-leido-de-la-semana-4\/\",\"url\":\"https:\/\/www.padreydecano.com\/cms\/noticias\/lo-mas-leido-de-la-semana-4\/\",\"name\":\"Lo m\u00e1s le\u00eddo de la semana (4) - Padre y Decano - El Sitio del Pueblo\",\"isPartOf\":{\"@id\":\"https:\/\/www.padreydecano.com\/cms\/#website\"},\"primaryImageOfPage\":{\"@id\":\"https:\/\/www.padreydecano.com\/cms\/noticias\/lo-mas-leido-de-la-semana-4\/#primaryimage\"},\"image\":{\"@id\":\"https:\/\/www.padreydecano.com\/cms\/noticias\/lo-mas-leido-de-la-semana-4\/#primaryimage\"},\"thumbnailUrl\":\"https:\/\/www.padreydecano.com\/cms\/wp-content\/uploads\/2012\/08\/lo-mas-leido-de-la-semana-4.jpg\",\"datePublished\":\"2012-08-24T23:00:52+00:00\",\"dateModified\":\"2012-08-31T21:35:54+00:00\",\"breadcrumb\":{\"@id\":\"https:\/\/www.padreydecano.com\/cms\/noticias\/lo-mas-leido-de-la-semana-4\/#breadcrumb\"},\"inLanguage\":\"es\",\"potentialAction\":[{\"@type\":\"ReadAction\",\"target\":[\"https:\/\/www.padreydecano.com\/cms\/noticias\/lo-mas-leido-de-la-semana-4\/\"]}]},{\"@type\":\"ImageObject\",\"inLanguage\":\"es\",\"@id\":\"https:\/\/www.padreydecano.com\/cms\/noticias\/lo-mas-leido-de-la-semana-4\/#primaryimage\",\"url\":\"https:\/\/www.padreydecano.com\/cms\/wp-content\/uploads\/2012\/08\/lo-mas-leido-de-la-semana-4.jpg\",\"contentUrl\":\"https:\/\/www.padreydecano.com\/cms\/wp-content\/uploads\/2012\/08\/lo-mas-leido-de-la-semana-4.jpg\",\"width\":\"640\",\"height\":\"250\"},{\"@type\":\"BreadcrumbList\",\"@id\":\"https:\/\/www.padreydecano.com\/cms\/noticias\/lo-mas-leido-de-la-semana-4\/#breadcrumb\",\"itemListElement\":[{\"@type\":\"ListItem\",\"position\":1,\"name\":\"Portada\",\"item\":\"https:\/\/www.padreydecano.com\/cms\/\"},{\"@type\":\"ListItem\",\"position\":2,\"name\":\"Lo m\u00e1s le\u00eddo de la semana (4)\"}]},{\"@type\":\"WebSite\",\"@id\":\"https:\/\/www.padreydecano.com\/cms\/#website\",\"url\":\"https:\/\/www.padreydecano.com\/cms\/\",\"name\":\"Padre y Decano - El Sitio del Pueblo\",\"description\":\"Club Atl\u00e9tico Pe\u00f1arol\",\"publisher\":{\"@id\":\"https:\/\/www.padreydecano.com\/cms\/#organization\"},\"potentialAction\":[{\"@type\":\"SearchAction\",\"target\":{\"@type\":\"EntryPoint\",\"urlTemplate\":\"https:\/\/www.padreydecano.com\/cms\/?s={search_term_string}\"},\"query-input\":\"required name=search_term_string\"}],\"inLanguage\":\"es\"},{\"@type\":\"Organization\",\"@id\":\"https:\/\/www.padreydecano.com\/cms\/#organization\",\"name\":\"Padre y Decano\",\"url\":\"https:\/\/www.padreydecano.com\/cms\/\",\"logo\":{\"@type\":\"ImageObject\",\"inLanguage\":\"es\",\"@id\":\"https:\/\/www.padreydecano.com\/cms\/#\/schema\/logo\/image\/\",\"url\":\"https:\/\/www.padreydecano.com\/cms\/wp-content\/uploads\/2022\/01\/avatar-square.png\",\"contentUrl\":\"https:\/\/www.padreydecano.com\/cms\/wp-content\/uploads\/2022\/01\/avatar-square.png\",\"width\":1500,\"height\":1500,\"caption\":\"Padre y Decano\"},\"image\":{\"@id\":\"https:\/\/www.padreydecano.com\/cms\/#\/schema\/logo\/image\/\"}},{\"@type\":\"Person\",\"@id\":\"https:\/\/www.padreydecano.com\/cms\/#\/schema\/person\/da0f0e72c91242bc7c270c61c9798d01\",\"name\":\"mariano\",\"image\":{\"@type\":\"ImageObject\",\"inLanguage\":\"es\",\"@id\":\"https:\/\/www.padreydecano.com\/cms\/#\/schema\/person\/image\/\",\"url\":\"https:\/\/secure.gravatar.com\/avatar\/771335714915d00ec253a5e994c2f830?s=96&d=https%3A%2F%2Fpadreydecano.com%2Fcms%2Fwp-content%2Fthemes%2Fpyd-theme%2Fimg%2Fdefault-avatar.png&r=g\",\"contentUrl\":\"https:\/\/secure.gravatar.com\/avatar\/771335714915d00ec253a5e994c2f830?s=96&d=https%3A%2F%2Fpadreydecano.com%2Fcms%2Fwp-content%2Fthemes%2Fpyd-theme%2Fimg%2Fdefault-avatar.png&r=g\",\"caption\":\"mariano\"}}]}<\/script>\n<!-- \/ Yoast SEO plugin. -->","yoast_head_json":{"title":"Lo m\u00e1s le\u00eddo de la semana (4) - Padre y Decano - El Sitio del Pueblo","robots":{"index":"index","follow":"follow","max-snippet":"max-snippet:-1","max-image-preview":"max-image-preview:large","max-video-preview":"max-video-preview:-1"},"canonical":"https:\/\/www.padreydecano.com\/cms\/noticias\/lo-mas-leido-de-la-semana-4\/","og_locale":"es_ES","og_type":"article","og_title":"Lo m\u00e1s le\u00eddo de la semana (4) - Padre y Decano - El Sitio del Pueblo","og_description":"Lo m\u00e1s relevante de la semana en Padre y Decano. Art\u00edculos desde el viernes 17 de agosto hasta el jueves 23. [Editoriales] Las 10 incorporaciones de Pe\u00f1arol Diez jugadores trajo Pe\u00f1arol en este per\u00edodo de pases.\u00a0Oscilando\u00a0entre los 23 y los 36 a\u00f1os, el\u00a0Campe\u00f3n del Siglo\u00a0opt\u00f3 por contratar\u00a0jugadores con experiencia, rodaje y jerarqu\u00eda.\u00a0Padre y Decano\u00a0arm\u00f3 un\u00a0art\u00edculo [&hellip;]","og_url":"https:\/\/www.padreydecano.com\/cms\/noticias\/lo-mas-leido-de-la-semana-4\/","og_site_name":"Padre y Decano - El Sitio del Pueblo","article_published_time":"2012-08-24T23:00:52+00:00","article_modified_time":"2012-08-31T21:35:54+00:00","og_image":[{"width":640,"height":250,"url":"https:\/\/www.padreydecano.com\/cms\/wp-content\/uploads\/2012\/08\/lo-mas-leido-de-la-semana-4.jpg","type":"image\/jpeg"}],"author":"mariano","twitter_card":"summary_large_image","twitter_misc":{"Escrito por":"mariano","Tiempo de lectura":"2 minutos"},"schema":{"@context":"https:\/\/schema.org","@graph":[{"@type":"Article","@id":"https:\/\/www.padreydecano.com\/cms\/noticias\/lo-mas-leido-de-la-semana-4\/#article","isPartOf":{"@id":"https:\/\/www.padreydecano.com\/cms\/noticias\/lo-mas-leido-de-la-semana-4\/"},"author":{"name":"mariano","@id":"https:\/\/www.padreydecano.com\/cms\/#\/schema\/person\/da0f0e72c91242bc7c270c61c9798d01"},"headline":"Lo m\u00e1s le\u00eddo de la semana (4)","datePublished":"2012-08-24T23:00:52+00:00","dateModified":"2012-08-31T21:35:54+00:00","mainEntityOfPage":{"@id":"https:\/\/www.padreydecano.com\/cms\/noticias\/lo-mas-leido-de-la-semana-4\/"},"wordCount":414,"commentCount":0,"publisher":{"@id":"https:\/\/www.padreydecano.com\/cms\/#organization"},"image":{"@id":"https:\/\/www.padreydecano.com\/cms\/noticias\/lo-mas-leido-de-la-semana-4\/#primaryimage"},"thumbnailUrl":"https:\/\/www.padreydecano.com\/cms\/wp-content\/uploads\/2012\/08\/lo-mas-leido-de-la-semana-4.jpg","articleSection":["Noticias"],"inLanguage":"es","potentialAction":[{"@type":"CommentAction","name":"Comment","target":["https:\/\/www.padreydecano.com\/cms\/noticias\/lo-mas-leido-de-la-semana-4\/#respond"]}]},{"@type":"WebPage","@id":"https:\/\/www.padreydecano.com\/cms\/noticias\/lo-mas-leido-de-la-semana-4\/","url":"https:\/\/www.padreydecano.com\/cms\/noticias\/lo-mas-leido-de-la-semana-4\/","name":"Lo m\u00e1s le\u00eddo de la semana (4) - Padre y Decano - El Sitio del Pueblo","isPartOf":{"@id":"https:\/\/www.padreydecano.com\/cms\/#website"},"primaryImageOfPage":{"@id":"https:\/\/www.padreydecano.com\/cms\/noticias\/lo-mas-leido-de-la-semana-4\/#primaryimage"},"image":{"@id":"https:\/\/www.padreydecano.com\/cms\/noticias\/lo-mas-leido-de-la-semana-4\/#primaryimage"},"thumbnailUrl":"https:\/\/www.padreydecano.com\/cms\/wp-content\/uploads\/2012\/08\/lo-mas-leido-de-la-semana-4.jpg","datePublished":"2012-08-24T23:00:52+00:00","dateModified":"2012-08-31T21:35:54+00:00","breadcrumb":{"@id":"https:\/\/www.padreydecano.com\/cms\/noticias\/lo-mas-leido-de-la-semana-4\/#breadcrumb"},"inLanguage":"es","potentialAction":[{"@type":"ReadAction","target":["https:\/\/www.padreydecano.com\/cms\/noticias\/lo-mas-leido-de-la-semana-4\/"]}]},{"@type":"ImageObject","inLanguage":"es","@id":"https:\/\/www.padreydecano.com\/cms\/noticias\/lo-mas-leido-de-la-semana-4\/#primaryimage","url":"https:\/\/www.padreydecano.com\/cms\/wp-content\/uploads\/2012\/08\/lo-mas-leido-de-la-semana-4.jpg","contentUrl":"https:\/\/www.padreydecano.com\/cms\/wp-content\/uploads\/2012\/08\/lo-mas-leido-de-la-semana-4.jpg","width":"640","height":"250"},{"@type":"BreadcrumbList","@id":"https:\/\/www.padreydecano.com\/cms\/noticias\/lo-mas-leido-de-la-semana-4\/#breadcrumb","itemListElement":[{"@type":"ListItem","position":1,"name":"Portada","item":"https:\/\/www.padreydecano.com\/cms\/"},{"@type":"ListItem","position":2,"name":"Lo m\u00e1s le\u00eddo de la semana (4)"}]},{"@type":"WebSite","@id":"https:\/\/www.padreydecano.com\/cms\/#website","url":"https:\/\/www.padreydecano.com\/cms\/","name":"Padre y Decano - El Sitio del Pueblo","description":"Club Atl\u00e9tico Pe\u00f1arol","publisher":{"@id":"https:\/\/www.padreydecano.com\/cms\/#organization"},"potentialAction":[{"@type":"SearchAction","target":{"@type":"EntryPoint","urlTemplate":"https:\/\/www.padreydecano.com\/cms\/?s={search_term_string}"},"query-input":"required name=search_term_string"}],"inLanguage":"es"},{"@type":"Organization","@id":"https:\/\/www.padreydecano.com\/cms\/#organization","name":"Padre y Decano","url":"https:\/\/www.padreydecano.com\/cms\/","logo":{"@type":"ImageObject","inLanguage":"es","@id":"https:\/\/www.padreydecano.com\/cms\/#\/schema\/logo\/image\/","url":"https:\/\/www.padreydecano.com\/cms\/wp-content\/uploads\/2022\/01\/avatar-square.png","contentUrl":"https:\/\/www.padreydecano.com\/cms\/wp-content\/uploads\/2022\/01\/avatar-square.png","width":1500,"height":1500,"caption":"Padre y Decano"},"image":{"@id":"https:\/\/www.padreydecano.com\/cms\/#\/schema\/logo\/image\/"}},{"@type":"Person","@id":"https:\/\/www.padreydecano.com\/cms\/#\/schema\/person\/da0f0e72c91242bc7c270c61c9798d01","name":"mariano","image":{"@type":"ImageObject","inLanguage":"es","@id":"https:\/\/www.padreydecano.com\/cms\/#\/schema\/person\/image\/","url":"https:\/\/secure.gravatar.com\/avatar\/771335714915d00ec253a5e994c2f830?s=96&d=https%3A%2F%2Fpadreydecano.com%2Fcms%2Fwp-content%2Fthemes%2Fpyd-theme%2Fimg%2Fdefault-avatar.png&r=g","contentUrl":"https:\/\/secure.gravatar.com\/avatar\/771335714915d00ec253a5e994c2f830?s=96&d=https%3A%2F%2Fpadreydecano.com%2Fcms%2Fwp-content%2Fthemes%2Fpyd-theme%2Fimg%2Fdefault-avatar.png&r=g","caption":"mariano"}}]}},"_links":{"self":[{"href":"https:\/\/www.padreydecano.com\/cms\/wp-json\/wp\/v2\/posts\/28920"}],"collection":[{"href":"https:\/\/www.padreydecano.com\/cms\/wp-json\/wp\/v2\/posts"}],"about":[{"href":"https:\/\/www.padreydecano.com\/cms\/wp-json\/wp\/v2\/types\/post"}],"author":[{"embeddable":true,"href":"https:\/\/www.padreydecano.com\/cms\/wp-json\/wp\/v2\/users\/16"}],"replies":[{"embeddable":true,"href":"https:\/\/www.padreydecano.com\/cms\/wp-json\/wp\/v2\/comments?post=28920"}],"version-history":[{"count":0,"href":"https:\/\/www.padreydecano.com\/cms\/wp-json\/wp\/v2\/posts\/28920\/revisions"}],"wp:featuredmedia":[{"embeddable":true,"href":"https:\/\/www.padreydecano.com\/cms\/wp-json\/wp\/v2\/media\/28925"}],"wp:attachment":[{"href":"https:\/\/www.padreydecano.com\/cms\/wp-json\/wp\/v2\/media?parent=28920"}],"wp:term":[{"taxonomy":"category","embeddable":true,"href":"https:\/\/www.padreydecano.com\/cms\/wp-json\/wp\/v2\/categories?post=28920"},{"taxonomy":"post_tag","embeddable":true,"href":"https:\/\/www.padreydecano.com\/cms\/wp-json\/wp\/v2\/tags?post=28920"}],"curies":[{"name":"wp","href":"https:\/\/api.w.org\/{rel}","templated":true}]}}