{"id":28890,"date":"2012-08-23T12:45:13","date_gmt":"2012-08-23T15:45:13","guid":{"rendered":"http:\/\/www.padreydecano.com\/cms\/?p=28890"},"modified":"2012-08-23T14:06:19","modified_gmt":"2012-08-23T17:06:19","slug":"ganamos-el-fallo-en-futsal","status":"publish","type":"post","link":"https:\/\/www.padreydecano.com\/cms\/otras-disciplinas\/ganamos-el-fallo-en-futsal\/","title":{"rendered":"Ganamos el Fallo en Futsal"},"content":{"rendered":"<p style=\"text-align: justify;\"><img loading=\"lazy\" decoding=\"async\" class=\"alignleft size-medium wp-image-28896\" title=\"\" src=\"https:\/\/www.padreydecano.com\/cms\/wp-content\/uploads\/2012\/08\/AufQN-300x191.jpg\" alt=\"\" width=\"300\" height=\"191\" srcset=\"https:\/\/www.padreydecano.com\/cms\/wp-content\/uploads\/2012\/08\/AufQN-300x191.jpg 300w, https:\/\/www.padreydecano.com\/cms\/wp-content\/uploads\/2012\/08\/AufQN.jpg 336w\" sizes=\"(max-width: 300px) 100vw, 300px\" \/>Una <strong>nueva victoria de Pe\u00f1arol en Futsal<\/strong>, pero esta vez, se dio en los escritorios luego de que el Tribunal de Contiendas fallara no haciendo lugar a la demanda presentada por el tradicional rival.<\/p>\n<p style=\"text-align: justify;\">A fines de la temporada pasada, el tradicional rival organiz\u00f3 una cena para despedir el a\u00f1o. En esa reuni\u00f3n, estuvieron presentes dirigentes, cuerpo t\u00e9cnico y jugadores del plantel de ellos. En la misma, el jugador <strong>Xavier Medina<\/strong> tom\u00f3 la palabra e inform\u00f3 que esa hab\u00eda sido su \u00faltima temporada como jugador de ese Club, y que a partir del a\u00f1o 2012, jugar\u00eda en Pe\u00f1arol.<\/p>\n<p style=\"text-align: justify;\">En los primeros d\u00edas de enero de este a\u00f1o, se integr\u00f3 a la delegaci\u00f3n de nuestra Instituci\u00f3n que <a href=\"https:\/\/www.padreydecano.com\/cms\/otras-disciplinas\/balance-de-la-gira-por-mar-del-plata\/\" target=\"_blank\">viaj\u00f3 a Mar del Plata<\/a> para disputar el torneo internacional amistoso \u00abDiez a\u00f1os del programa Futsal A.F.A.\u00bb que semanalmente se emite por el canal Fox Sports.<\/p>\n<p style=\"text-align: justify;\">En un entrenamiento previo al inicio del torneo, en una jugada absolutamente casual que lo tuvo como \u00fanico protagonista, <strong>sufri\u00f3 rotura de ligamentos de su pierna izquierda<\/strong>. Luego de varios estudios hechos por Pe\u00f1arol, fue operado en el mes de marzo y actualmente est\u00e1 en las etapas finales de su recuperaci\u00f3n.<\/p>\n<p style=\"text-align: justify;\">No obstante todos los hechos relatados, el tradicional rival present\u00f3 una denuncia en contra del Sr. Medina, solicitando que fuera <strong>inhabilitado por un a\u00f1o por haber incumplido lo dispuesto en el Art\u00edculo n\u00famero 24 \u00a0del Reglamento General de\u00a0F\u00fatbol Sala<\/strong>. Este art\u00edculo se refiere a que un jugador no puede jugar un partido o torneo internacional con otra instituci\u00f3n, sin antes haber pedido pase.<\/p>\n<p style=\"text-align: justify;\">En esta ocasi\u00f3n, los integrantes de la Comisi\u00f3n de Futsal en Pe\u00f1arol contaron con el invalorable apoyo profesional del Dr. Ricardo Rachetti, quien redact\u00f3 los descargos que fueron presentados en tiempo y forma. Adem\u00e1s, se le ofreci\u00f3 al Tribunal la posibilidad de realizar un careo entre el jugador y los dirigentes y miembros del cuerpo t\u00e9cnico presentes en la reuni\u00f3n mecionada.<\/p>\n<p style=\"text-align: justify;\">El Tribuna estableci\u00f3 que \u00aben este caso, el jugador no debi\u00f3 cumplir con los requisitos establecidos en el Reglamento General de F\u00fatbol Sala\u00bb, siendo su fallo <strong>no hacer lugar a la demanda por los argumentos expuestos.<\/strong><\/p>\n<p style=\"text-align: justify;\">\n","protected":false},"excerpt":{"rendered":"<p>Una nueva victoria de Pe\u00f1arol en Futsal, pero esta vez, se dio en los escritorios luego de que el Tribunal de Contiendas fallara no haciendo lugar a la demanda presentada por el tradicional rival. A fines de la temporada pasada, el tradicional rival organiz\u00f3 una cena para despedir el a\u00f1o. En esa reuni\u00f3n, estuvieron presentes [&hellip;]<\/p>\n","protected":false},"author":10,"featured_media":0,"comment_status":"open","ping_status":"closed","sticky":false,"template":"","format":"standard","meta":{"footnotes":""},"categories":[27],"tags":[34],"yoast_head":"<!-- This site is optimized with the Yoast SEO plugin v23.2 - https:\/\/yoast.com\/wordpress\/plugins\/seo\/ -->\n<title>Ganamos el Fallo en Futsal - Padre y Decano - El Sitio del Pueblo<\/title>\n<meta name=\"robots\" content=\"index, follow, max-snippet:-1, max-image-preview:large, max-video-preview:-1\" \/>\n<link rel=\"canonical\" href=\"https:\/\/www.padreydecano.com\/cms\/otras-disciplinas\/ganamos-el-fallo-en-futsal\/\" \/>\n<meta property=\"og:locale\" content=\"es_ES\" \/>\n<meta property=\"og:type\" content=\"article\" \/>\n<meta property=\"og:title\" content=\"Ganamos el Fallo en Futsal - Padre y Decano - El Sitio del Pueblo\" \/>\n<meta property=\"og:description\" content=\"Una nueva victoria de Pe\u00f1arol en Futsal, pero esta vez, se dio en los escritorios luego de que el Tribunal de Contiendas fallara no haciendo lugar a la demanda presentada por el tradicional rival. A fines de la temporada pasada, el tradicional rival organiz\u00f3 una cena para despedir el a\u00f1o. En esa reuni\u00f3n, estuvieron presentes [&hellip;]\" \/>\n<meta property=\"og:url\" content=\"https:\/\/www.padreydecano.com\/cms\/otras-disciplinas\/ganamos-el-fallo-en-futsal\/\" \/>\n<meta property=\"og:site_name\" content=\"Padre y Decano - El Sitio del Pueblo\" \/>\n<meta property=\"article:published_time\" content=\"2012-08-23T15:45:13+00:00\" \/>\n<meta property=\"article:modified_time\" content=\"2012-08-23T17:06:19+00:00\" \/>\n<meta property=\"og:image\" content=\"http:\/\/www.padreydecano.com\/cms\/wp-content\/uploads\/2012\/08\/AufQN-300x191.jpg\" \/>\n<meta name=\"author\" content=\"fishoapyd\" \/>\n<meta name=\"twitter:card\" content=\"summary_large_image\" \/>\n<meta name=\"twitter:label1\" content=\"Escrito por\" \/>\n\t<meta name=\"twitter:data1\" content=\"fishoapyd\" \/>\n\t<meta name=\"twitter:label2\" content=\"Tiempo de lectura\" \/>\n\t<meta name=\"twitter:data2\" content=\"2 minutos\" \/>\n<script type=\"application\/ld+json\" class=\"yoast-schema-graph\">{\"@context\":\"https:\/\/schema.org\",\"@graph\":[{\"@type\":\"Article\",\"@id\":\"https:\/\/www.padreydecano.com\/cms\/otras-disciplinas\/ganamos-el-fallo-en-futsal\/#article\",\"isPartOf\":{\"@id\":\"https:\/\/www.padreydecano.com\/cms\/otras-disciplinas\/ganamos-el-fallo-en-futsal\/\"},\"author\":{\"name\":\"fishoapyd\",\"@id\":\"https:\/\/www.padreydecano.com\/cms\/#\/schema\/person\/1376f1ec91158cca7aeef6d2109f929d\"},\"headline\":\"Ganamos el Fallo en Futsal\",\"datePublished\":\"2012-08-23T15:45:13+00:00\",\"dateModified\":\"2012-08-23T17:06:19+00:00\",\"mainEntityOfPage\":{\"@id\":\"https:\/\/www.padreydecano.com\/cms\/otras-disciplinas\/ganamos-el-fallo-en-futsal\/\"},\"wordCount\":387,\"commentCount\":7,\"publisher\":{\"@id\":\"https:\/\/www.padreydecano.com\/cms\/#organization\"},\"image\":{\"@id\":\"https:\/\/www.padreydecano.com\/cms\/otras-disciplinas\/ganamos-el-fallo-en-futsal\/#primaryimage\"},\"thumbnailUrl\":\"http:\/\/www.padreydecano.com\/cms\/wp-content\/uploads\/2012\/08\/AufQN-300x191.jpg\",\"keywords\":[\"Futsal\"],\"articleSection\":[\"Otras disciplinas\"],\"inLanguage\":\"es\",\"potentialAction\":[{\"@type\":\"CommentAction\",\"name\":\"Comment\",\"target\":[\"https:\/\/www.padreydecano.com\/cms\/otras-disciplinas\/ganamos-el-fallo-en-futsal\/#respond\"]}]},{\"@type\":\"WebPage\",\"@id\":\"https:\/\/www.padreydecano.com\/cms\/otras-disciplinas\/ganamos-el-fallo-en-futsal\/\",\"url\":\"https:\/\/www.padreydecano.com\/cms\/otras-disciplinas\/ganamos-el-fallo-en-futsal\/\",\"name\":\"Ganamos el Fallo en Futsal - Padre y Decano - El Sitio del Pueblo\",\"isPartOf\":{\"@id\":\"https:\/\/www.padreydecano.com\/cms\/#website\"},\"primaryImageOfPage\":{\"@id\":\"https:\/\/www.padreydecano.com\/cms\/otras-disciplinas\/ganamos-el-fallo-en-futsal\/#primaryimage\"},\"image\":{\"@id\":\"https:\/\/www.padreydecano.com\/cms\/otras-disciplinas\/ganamos-el-fallo-en-futsal\/#primaryimage\"},\"thumbnailUrl\":\"http:\/\/www.padreydecano.com\/cms\/wp-content\/uploads\/2012\/08\/AufQN-300x191.jpg\",\"datePublished\":\"2012-08-23T15:45:13+00:00\",\"dateModified\":\"2012-08-23T17:06:19+00:00\",\"breadcrumb\":{\"@id\":\"https:\/\/www.padreydecano.com\/cms\/otras-disciplinas\/ganamos-el-fallo-en-futsal\/#breadcrumb\"},\"inLanguage\":\"es\",\"potentialAction\":[{\"@type\":\"ReadAction\",\"target\":[\"https:\/\/www.padreydecano.com\/cms\/otras-disciplinas\/ganamos-el-fallo-en-futsal\/\"]}]},{\"@type\":\"ImageObject\",\"inLanguage\":\"es\",\"@id\":\"https:\/\/www.padreydecano.com\/cms\/otras-disciplinas\/ganamos-el-fallo-en-futsal\/#primaryimage\",\"url\":\"http:\/\/www.padreydecano.com\/cms\/wp-content\/uploads\/2012\/08\/AufQN-300x191.jpg\",\"contentUrl\":\"http:\/\/www.padreydecano.com\/cms\/wp-content\/uploads\/2012\/08\/AufQN-300x191.jpg\"},{\"@type\":\"BreadcrumbList\",\"@id\":\"https:\/\/www.padreydecano.com\/cms\/otras-disciplinas\/ganamos-el-fallo-en-futsal\/#breadcrumb\",\"itemListElement\":[{\"@type\":\"ListItem\",\"position\":1,\"name\":\"Portada\",\"item\":\"https:\/\/www.padreydecano.com\/cms\/\"},{\"@type\":\"ListItem\",\"position\":2,\"name\":\"Ganamos el Fallo en Futsal\"}]},{\"@type\":\"WebSite\",\"@id\":\"https:\/\/www.padreydecano.com\/cms\/#website\",\"url\":\"https:\/\/www.padreydecano.com\/cms\/\",\"name\":\"Padre y Decano - El Sitio del Pueblo\",\"description\":\"Club Atl\u00e9tico Pe\u00f1arol\",\"publisher\":{\"@id\":\"https:\/\/www.padreydecano.com\/cms\/#organization\"},\"potentialAction\":[{\"@type\":\"SearchAction\",\"target\":{\"@type\":\"EntryPoint\",\"urlTemplate\":\"https:\/\/www.padreydecano.com\/cms\/?s={search_term_string}\"},\"query-input\":\"required name=search_term_string\"}],\"inLanguage\":\"es\"},{\"@type\":\"Organization\",\"@id\":\"https:\/\/www.padreydecano.com\/cms\/#organization\",\"name\":\"Padre y Decano\",\"url\":\"https:\/\/www.padreydecano.com\/cms\/\",\"logo\":{\"@type\":\"ImageObject\",\"inLanguage\":\"es\",\"@id\":\"https:\/\/www.padreydecano.com\/cms\/#\/schema\/logo\/image\/\",\"url\":\"https:\/\/www.padreydecano.com\/cms\/wp-content\/uploads\/2022\/01\/avatar-square.png\",\"contentUrl\":\"https:\/\/www.padreydecano.com\/cms\/wp-content\/uploads\/2022\/01\/avatar-square.png\",\"width\":1500,\"height\":1500,\"caption\":\"Padre y Decano\"},\"image\":{\"@id\":\"https:\/\/www.padreydecano.com\/cms\/#\/schema\/logo\/image\/\"}},{\"@type\":\"Person\",\"@id\":\"https:\/\/www.padreydecano.com\/cms\/#\/schema\/person\/1376f1ec91158cca7aeef6d2109f929d\",\"name\":\"fishoapyd\",\"image\":{\"@type\":\"ImageObject\",\"inLanguage\":\"es\",\"@id\":\"https:\/\/www.padreydecano.com\/cms\/#\/schema\/person\/image\/\",\"url\":\"https:\/\/www.padreydecano.com\/cms\/wp-content\/uploads\/2022\/12\/avatar-square-1.png\",\"contentUrl\":\"https:\/\/www.padreydecano.com\/cms\/wp-content\/uploads\/2022\/12\/avatar-square-1.png\",\"caption\":\"fishoapyd\"},\"sameAs\":[\"http:\/\/www.padreydecano.com\"]}]}<\/script>\n<!-- \/ Yoast SEO plugin. -->","yoast_head_json":{"title":"Ganamos el Fallo en Futsal - Padre y Decano - El Sitio del Pueblo","robots":{"index":"index","follow":"follow","max-snippet":"max-snippet:-1","max-image-preview":"max-image-preview:large","max-video-preview":"max-video-preview:-1"},"canonical":"https:\/\/www.padreydecano.com\/cms\/otras-disciplinas\/ganamos-el-fallo-en-futsal\/","og_locale":"es_ES","og_type":"article","og_title":"Ganamos el Fallo en Futsal - Padre y Decano - El Sitio del Pueblo","og_description":"Una nueva victoria de Pe\u00f1arol en Futsal, pero esta vez, se dio en los escritorios luego de que el Tribunal de Contiendas fallara no haciendo lugar a la demanda presentada por el tradicional rival. A fines de la temporada pasada, el tradicional rival organiz\u00f3 una cena para despedir el a\u00f1o. En esa reuni\u00f3n, estuvieron presentes [&hellip;]","og_url":"https:\/\/www.padreydecano.com\/cms\/otras-disciplinas\/ganamos-el-fallo-en-futsal\/","og_site_name":"Padre y Decano - El Sitio del Pueblo","article_published_time":"2012-08-23T15:45:13+00:00","article_modified_time":"2012-08-23T17:06:19+00:00","og_image":[{"url":"http:\/\/www.padreydecano.com\/cms\/wp-content\/uploads\/2012\/08\/AufQN-300x191.jpg"}],"author":"fishoapyd","twitter_card":"summary_large_image","twitter_misc":{"Escrito por":"fishoapyd","Tiempo de lectura":"2 minutos"},"schema":{"@context":"https:\/\/schema.org","@graph":[{"@type":"Article","@id":"https:\/\/www.padreydecano.com\/cms\/otras-disciplinas\/ganamos-el-fallo-en-futsal\/#article","isPartOf":{"@id":"https:\/\/www.padreydecano.com\/cms\/otras-disciplinas\/ganamos-el-fallo-en-futsal\/"},"author":{"name":"fishoapyd","@id":"https:\/\/www.padreydecano.com\/cms\/#\/schema\/person\/1376f1ec91158cca7aeef6d2109f929d"},"headline":"Ganamos el Fallo en Futsal","datePublished":"2012-08-23T15:45:13+00:00","dateModified":"2012-08-23T17:06:19+00:00","mainEntityOfPage":{"@id":"https:\/\/www.padreydecano.com\/cms\/otras-disciplinas\/ganamos-el-fallo-en-futsal\/"},"wordCount":387,"commentCount":7,"publisher":{"@id":"https:\/\/www.padreydecano.com\/cms\/#organization"},"image":{"@id":"https:\/\/www.padreydecano.com\/cms\/otras-disciplinas\/ganamos-el-fallo-en-futsal\/#primaryimage"},"thumbnailUrl":"http:\/\/www.padreydecano.com\/cms\/wp-content\/uploads\/2012\/08\/AufQN-300x191.jpg","keywords":["Futsal"],"articleSection":["Otras disciplinas"],"inLanguage":"es","potentialAction":[{"@type":"CommentAction","name":"Comment","target":["https:\/\/www.padreydecano.com\/cms\/otras-disciplinas\/ganamos-el-fallo-en-futsal\/#respond"]}]},{"@type":"WebPage","@id":"https:\/\/www.padreydecano.com\/cms\/otras-disciplinas\/ganamos-el-fallo-en-futsal\/","url":"https:\/\/www.padreydecano.com\/cms\/otras-disciplinas\/ganamos-el-fallo-en-futsal\/","name":"Ganamos el Fallo en Futsal - Padre y Decano - El Sitio del Pueblo","isPartOf":{"@id":"https:\/\/www.padreydecano.com\/cms\/#website"},"primaryImageOfPage":{"@id":"https:\/\/www.padreydecano.com\/cms\/otras-disciplinas\/ganamos-el-fallo-en-futsal\/#primaryimage"},"image":{"@id":"https:\/\/www.padreydecano.com\/cms\/otras-disciplinas\/ganamos-el-fallo-en-futsal\/#primaryimage"},"thumbnailUrl":"http:\/\/www.padreydecano.com\/cms\/wp-content\/uploads\/2012\/08\/AufQN-300x191.jpg","datePublished":"2012-08-23T15:45:13+00:00","dateModified":"2012-08-23T17:06:19+00:00","breadcrumb":{"@id":"https:\/\/www.padreydecano.com\/cms\/otras-disciplinas\/ganamos-el-fallo-en-futsal\/#breadcrumb"},"inLanguage":"es","potentialAction":[{"@type":"ReadAction","target":["https:\/\/www.padreydecano.com\/cms\/otras-disciplinas\/ganamos-el-fallo-en-futsal\/"]}]},{"@type":"ImageObject","inLanguage":"es","@id":"https:\/\/www.padreydecano.com\/cms\/otras-disciplinas\/ganamos-el-fallo-en-futsal\/#primaryimage","url":"http:\/\/www.padreydecano.com\/cms\/wp-content\/uploads\/2012\/08\/AufQN-300x191.jpg","contentUrl":"http:\/\/www.padreydecano.com\/cms\/wp-content\/uploads\/2012\/08\/AufQN-300x191.jpg"},{"@type":"BreadcrumbList","@id":"https:\/\/www.padreydecano.com\/cms\/otras-disciplinas\/ganamos-el-fallo-en-futsal\/#breadcrumb","itemListElement":[{"@type":"ListItem","position":1,"name":"Portada","item":"https:\/\/www.padreydecano.com\/cms\/"},{"@type":"ListItem","position":2,"name":"Ganamos el Fallo en Futsal"}]},{"@type":"WebSite","@id":"https:\/\/www.padreydecano.com\/cms\/#website","url":"https:\/\/www.padreydecano.com\/cms\/","name":"Padre y Decano - El Sitio del Pueblo","description":"Club Atl\u00e9tico Pe\u00f1arol","publisher":{"@id":"https:\/\/www.padreydecano.com\/cms\/#organization"},"potentialAction":[{"@type":"SearchAction","target":{"@type":"EntryPoint","urlTemplate":"https:\/\/www.padreydecano.com\/cms\/?s={search_term_string}"},"query-input":"required name=search_term_string"}],"inLanguage":"es"},{"@type":"Organization","@id":"https:\/\/www.padreydecano.com\/cms\/#organization","name":"Padre y Decano","url":"https:\/\/www.padreydecano.com\/cms\/","logo":{"@type":"ImageObject","inLanguage":"es","@id":"https:\/\/www.padreydecano.com\/cms\/#\/schema\/logo\/image\/","url":"https:\/\/www.padreydecano.com\/cms\/wp-content\/uploads\/2022\/01\/avatar-square.png","contentUrl":"https:\/\/www.padreydecano.com\/cms\/wp-content\/uploads\/2022\/01\/avatar-square.png","width":1500,"height":1500,"caption":"Padre y Decano"},"image":{"@id":"https:\/\/www.padreydecano.com\/cms\/#\/schema\/logo\/image\/"}},{"@type":"Person","@id":"https:\/\/www.padreydecano.com\/cms\/#\/schema\/person\/1376f1ec91158cca7aeef6d2109f929d","name":"fishoapyd","image":{"@type":"ImageObject","inLanguage":"es","@id":"https:\/\/www.padreydecano.com\/cms\/#\/schema\/person\/image\/","url":"https:\/\/www.padreydecano.com\/cms\/wp-content\/uploads\/2022\/12\/avatar-square-1.png","contentUrl":"https:\/\/www.padreydecano.com\/cms\/wp-content\/uploads\/2022\/12\/avatar-square-1.png","caption":"fishoapyd"},"sameAs":["http:\/\/www.padreydecano.com"]}]}},"_links":{"self":[{"href":"https:\/\/www.padreydecano.com\/cms\/wp-json\/wp\/v2\/posts\/28890"}],"collection":[{"href":"https:\/\/www.padreydecano.com\/cms\/wp-json\/wp\/v2\/posts"}],"about":[{"href":"https:\/\/www.padreydecano.com\/cms\/wp-json\/wp\/v2\/types\/post"}],"author":[{"embeddable":true,"href":"https:\/\/www.padreydecano.com\/cms\/wp-json\/wp\/v2\/users\/10"}],"replies":[{"embeddable":true,"href":"https:\/\/www.padreydecano.com\/cms\/wp-json\/wp\/v2\/comments?post=28890"}],"version-history":[{"count":0,"href":"https:\/\/www.padreydecano.com\/cms\/wp-json\/wp\/v2\/posts\/28890\/revisions"}],"wp:attachment":[{"href":"https:\/\/www.padreydecano.com\/cms\/wp-json\/wp\/v2\/media?parent=28890"}],"wp:term":[{"taxonomy":"category","embeddable":true,"href":"https:\/\/www.padreydecano.com\/cms\/wp-json\/wp\/v2\/categories?post=28890"},{"taxonomy":"post_tag","embeddable":true,"href":"https:\/\/www.padreydecano.com\/cms\/wp-json\/wp\/v2\/tags?post=28890"}],"curies":[{"name":"wp","href":"https:\/\/api.w.org\/{rel}","templated":true}]}}