{"id":28873,"date":"2012-08-22T23:15:34","date_gmt":"2012-08-23T02:15:34","guid":{"rendered":"http:\/\/www.padreydecano.com\/cms\/?p=28873"},"modified":"2012-08-24T08:35:54","modified_gmt":"2012-08-24T11:35:54","slug":"se-probo-la-linea-de-3","status":"publish","type":"post","link":"https:\/\/www.padreydecano.com\/cms\/noticias\/se-probo-la-linea-de-3\/","title":{"rendered":"Se prob\u00f3 la l\u00ednea de 3"},"content":{"rendered":"<p style=\"text-align: justify;\"><a href=\"https:\/\/www.padreydecano.com\/cms\/wp-content\/uploads\/2012\/08\/escuela-naval.jpg\" rel=\"shadowbox[sbpost-28873];player=img;\"><img loading=\"lazy\" decoding=\"async\" class=\"alignright  wp-image-28875\" src=\"https:\/\/www.padreydecano.com\/cms\/wp-content\/uploads\/2012\/08\/escuela-naval-300x225.jpg\" alt=\"\" width=\"240\" height=\"180\" srcset=\"https:\/\/www.padreydecano.com\/cms\/wp-content\/uploads\/2012\/08\/escuela-naval-300x225.jpg 300w, https:\/\/www.padreydecano.com\/cms\/wp-content\/uploads\/2012\/08\/escuela-naval.jpg 628w\" sizes=\"(max-width: 240px) 100vw, 240px\" \/><\/a>Hoy por la tarde se realiz\u00f3 un nuevo entrenamiento en la Escuela Naval de cara al inicio del Apertura 2012. La noticia del d\u00eda fue el\u00a0<strong>primer entrenamiento de Carlos Grossm\u00fcller<\/strong>, quien se encuentra en perfecto estado\u00a0f\u00edsico\u00a0pero hoy entren\u00f3 diferenciado.<\/p>\n<p style=\"text-align: justify;\">En el partido de pr\u00e1ctica, <strong>los titulares derrotaron 2 a 1 a los suplentes con goles de Estoyanoff y Olivera<\/strong>. Para los suplentes marc\u00f3 el argentino Ram\u00edrez. Da Silva par\u00f3 un 3-4-3 teniendo en cuenta que Alejandro Gonz\u00e1lez presentaba un estado gripal y no particip\u00f3 del encuentro. De todas formas, el domingo ser\u00e1 titular y la defensa se parar\u00e1 con 4. Marcel Novick reapareci\u00f3 en el medio campo.<\/p>\n<p style=\"text-align: justify;\">Los titulares formaron con\u00a0<strong>Enrique Bologna, Dami\u00e1n Macaluso, Carlos Vald\u00e9z, Dar\u00edo Rodr\u00edguez, Marcel Novick, Sebasti\u00e1n Crist\u00f3foro, Fabi\u00e1n Estoyanoff, Aureliano Torres, Antonio Pacheco, Marcelo Zalayeta y Juan Manuel Olivera.\u00a0<\/strong>En el transcurso de la pr\u00e1ctica, Juan \u00c1lvez ingres\u00f3 por Sebasti\u00e1n Crist\u00f3foro, y ah\u00ed el equipo se volvi\u00f3 a parar con l\u00ednea de cuatro.<\/p>\n<p style=\"text-align: justify;\">El equipo alternativo form\u00f3 con <strong>Leandro Gelpi, Mat\u00edas Aguirregaray, Juan Alvez, Joaqu\u00edn Aguirre, Nicol\u00e1s Raguso, Sebasti\u00e1n V\u00e1zquez, Ignacio Nicolini, Jorge Zambrana, Rodrigo Viega, Alejandro Siles y Rodrigo Pastorini. Ingresaron Lerda y Ram\u00edrez.<\/strong><\/p>\n","protected":false},"excerpt":{"rendered":"<p>Hoy por la tarde se realiz\u00f3 un nuevo entrenamiento en la Escuela Naval de cara al inicio del Apertura 2012. La noticia del d\u00eda fue el\u00a0primer entrenamiento de Carlos Grossm\u00fcller, quien se encuentra en perfecto estado\u00a0f\u00edsico\u00a0pero hoy entren\u00f3 diferenciado. En el partido de pr\u00e1ctica, los titulares derrotaron 2 a 1 a los suplentes con goles [&hellip;]<\/p>\n","protected":false},"author":13,"featured_media":26990,"comment_status":"open","ping_status":"closed","sticky":false,"template":"","format":"standard","meta":{"footnotes":""},"categories":[1],"tags":[],"yoast_head":"<!-- This site is optimized with the Yoast SEO plugin v23.2 - https:\/\/yoast.com\/wordpress\/plugins\/seo\/ -->\n<title>Se prob\u00f3 la l\u00ednea de 3 - Padre y Decano - El Sitio del Pueblo<\/title>\n<meta name=\"robots\" content=\"index, follow, max-snippet:-1, max-image-preview:large, max-video-preview:-1\" \/>\n<link rel=\"canonical\" href=\"https:\/\/www.padreydecano.com\/cms\/noticias\/se-probo-la-linea-de-3\/\" \/>\n<meta property=\"og:locale\" content=\"es_ES\" \/>\n<meta property=\"og:type\" content=\"article\" \/>\n<meta property=\"og:title\" content=\"Se prob\u00f3 la l\u00ednea de 3 - Padre y Decano - El Sitio del Pueblo\" \/>\n<meta property=\"og:description\" content=\"Hoy por la tarde se realiz\u00f3 un nuevo entrenamiento en la Escuela Naval de cara al inicio del Apertura 2012. La noticia del d\u00eda fue el\u00a0primer entrenamiento de Carlos Grossm\u00fcller, quien se encuentra en perfecto estado\u00a0f\u00edsico\u00a0pero hoy entren\u00f3 diferenciado. En el partido de pr\u00e1ctica, los titulares derrotaron 2 a 1 a los suplentes con goles [&hellip;]\" \/>\n<meta property=\"og:url\" content=\"https:\/\/www.padreydecano.com\/cms\/noticias\/se-probo-la-linea-de-3\/\" \/>\n<meta property=\"og:site_name\" content=\"Padre y Decano - El Sitio del Pueblo\" \/>\n<meta property=\"article:published_time\" content=\"2012-08-23T02:15:34+00:00\" \/>\n<meta property=\"article:modified_time\" content=\"2012-08-24T11:35:54+00:00\" \/>\n<meta property=\"og:image\" content=\"https:\/\/www.padreydecano.com\/cms\/wp-content\/uploads\/2012\/07\/polilla-escuela-naval.jpg\" \/>\n\t<meta property=\"og:image:width\" content=\"800\" \/>\n\t<meta property=\"og:image:height\" content=\"532\" \/>\n\t<meta property=\"og:image:type\" content=\"image\/jpeg\" \/>\n<meta name=\"author\" content=\"Moderador\" \/>\n<meta name=\"twitter:card\" content=\"summary_large_image\" \/>\n<meta name=\"twitter:label1\" content=\"Escrito por\" \/>\n\t<meta name=\"twitter:data1\" content=\"Moderador\" \/>\n\t<meta name=\"twitter:label2\" content=\"Tiempo de lectura\" \/>\n\t<meta name=\"twitter:data2\" content=\"1 minuto\" \/>\n<script type=\"application\/ld+json\" class=\"yoast-schema-graph\">{\"@context\":\"https:\/\/schema.org\",\"@graph\":[{\"@type\":\"Article\",\"@id\":\"https:\/\/www.padreydecano.com\/cms\/noticias\/se-probo-la-linea-de-3\/#article\",\"isPartOf\":{\"@id\":\"https:\/\/www.padreydecano.com\/cms\/noticias\/se-probo-la-linea-de-3\/\"},\"author\":{\"name\":\"Moderador\",\"@id\":\"https:\/\/www.padreydecano.com\/cms\/#\/schema\/person\/d93e9e537230ae052c194251d9a1def2\"},\"headline\":\"Se prob\u00f3 la l\u00ednea de 3\",\"datePublished\":\"2012-08-23T02:15:34+00:00\",\"dateModified\":\"2012-08-24T11:35:54+00:00\",\"mainEntityOfPage\":{\"@id\":\"https:\/\/www.padreydecano.com\/cms\/noticias\/se-probo-la-linea-de-3\/\"},\"wordCount\":220,\"commentCount\":8,\"publisher\":{\"@id\":\"https:\/\/www.padreydecano.com\/cms\/#organization\"},\"image\":{\"@id\":\"https:\/\/www.padreydecano.com\/cms\/noticias\/se-probo-la-linea-de-3\/#primaryimage\"},\"thumbnailUrl\":\"https:\/\/www.padreydecano.com\/cms\/wp-content\/uploads\/2012\/07\/polilla-escuela-naval.jpg\",\"articleSection\":[\"Noticias\"],\"inLanguage\":\"es\",\"potentialAction\":[{\"@type\":\"CommentAction\",\"name\":\"Comment\",\"target\":[\"https:\/\/www.padreydecano.com\/cms\/noticias\/se-probo-la-linea-de-3\/#respond\"]}]},{\"@type\":\"WebPage\",\"@id\":\"https:\/\/www.padreydecano.com\/cms\/noticias\/se-probo-la-linea-de-3\/\",\"url\":\"https:\/\/www.padreydecano.com\/cms\/noticias\/se-probo-la-linea-de-3\/\",\"name\":\"Se prob\u00f3 la l\u00ednea de 3 - Padre y Decano - El Sitio del Pueblo\",\"isPartOf\":{\"@id\":\"https:\/\/www.padreydecano.com\/cms\/#website\"},\"primaryImageOfPage\":{\"@id\":\"https:\/\/www.padreydecano.com\/cms\/noticias\/se-probo-la-linea-de-3\/#primaryimage\"},\"image\":{\"@id\":\"https:\/\/www.padreydecano.com\/cms\/noticias\/se-probo-la-linea-de-3\/#primaryimage\"},\"thumbnailUrl\":\"https:\/\/www.padreydecano.com\/cms\/wp-content\/uploads\/2012\/07\/polilla-escuela-naval.jpg\",\"datePublished\":\"2012-08-23T02:15:34+00:00\",\"dateModified\":\"2012-08-24T11:35:54+00:00\",\"breadcrumb\":{\"@id\":\"https:\/\/www.padreydecano.com\/cms\/noticias\/se-probo-la-linea-de-3\/#breadcrumb\"},\"inLanguage\":\"es\",\"potentialAction\":[{\"@type\":\"ReadAction\",\"target\":[\"https:\/\/www.padreydecano.com\/cms\/noticias\/se-probo-la-linea-de-3\/\"]}]},{\"@type\":\"ImageObject\",\"inLanguage\":\"es\",\"@id\":\"https:\/\/www.padreydecano.com\/cms\/noticias\/se-probo-la-linea-de-3\/#primaryimage\",\"url\":\"https:\/\/www.padreydecano.com\/cms\/wp-content\/uploads\/2012\/07\/polilla-escuela-naval.jpg\",\"contentUrl\":\"https:\/\/www.padreydecano.com\/cms\/wp-content\/uploads\/2012\/07\/polilla-escuela-naval.jpg\",\"width\":\"800\",\"height\":\"532\"},{\"@type\":\"BreadcrumbList\",\"@id\":\"https:\/\/www.padreydecano.com\/cms\/noticias\/se-probo-la-linea-de-3\/#breadcrumb\",\"itemListElement\":[{\"@type\":\"ListItem\",\"position\":1,\"name\":\"Portada\",\"item\":\"https:\/\/www.padreydecano.com\/cms\/\"},{\"@type\":\"ListItem\",\"position\":2,\"name\":\"Se prob\u00f3 la l\u00ednea de 3\"}]},{\"@type\":\"WebSite\",\"@id\":\"https:\/\/www.padreydecano.com\/cms\/#website\",\"url\":\"https:\/\/www.padreydecano.com\/cms\/\",\"name\":\"Padre y Decano - El Sitio del Pueblo\",\"description\":\"Club Atl\u00e9tico Pe\u00f1arol\",\"publisher\":{\"@id\":\"https:\/\/www.padreydecano.com\/cms\/#organization\"},\"potentialAction\":[{\"@type\":\"SearchAction\",\"target\":{\"@type\":\"EntryPoint\",\"urlTemplate\":\"https:\/\/www.padreydecano.com\/cms\/?s={search_term_string}\"},\"query-input\":\"required name=search_term_string\"}],\"inLanguage\":\"es\"},{\"@type\":\"Organization\",\"@id\":\"https:\/\/www.padreydecano.com\/cms\/#organization\",\"name\":\"Padre y Decano\",\"url\":\"https:\/\/www.padreydecano.com\/cms\/\",\"logo\":{\"@type\":\"ImageObject\",\"inLanguage\":\"es\",\"@id\":\"https:\/\/www.padreydecano.com\/cms\/#\/schema\/logo\/image\/\",\"url\":\"https:\/\/www.padreydecano.com\/cms\/wp-content\/uploads\/2022\/01\/avatar-square.png\",\"contentUrl\":\"https:\/\/www.padreydecano.com\/cms\/wp-content\/uploads\/2022\/01\/avatar-square.png\",\"width\":1500,\"height\":1500,\"caption\":\"Padre y Decano\"},\"image\":{\"@id\":\"https:\/\/www.padreydecano.com\/cms\/#\/schema\/logo\/image\/\"}},{\"@type\":\"Person\",\"@id\":\"https:\/\/www.padreydecano.com\/cms\/#\/schema\/person\/d93e9e537230ae052c194251d9a1def2\",\"name\":\"Moderador\",\"image\":{\"@type\":\"ImageObject\",\"inLanguage\":\"es\",\"@id\":\"https:\/\/www.padreydecano.com\/cms\/#\/schema\/person\/image\/\",\"url\":\"https:\/\/secure.gravatar.com\/avatar\/2587727bf8a53bd3da4ec49f01bea66e?s=96&d=https%3A%2F%2Fpadreydecano.com%2Fcms%2Fwp-content%2Fthemes%2Fpyd-theme%2Fimg%2Fdefault-avatar.png&r=g\",\"contentUrl\":\"https:\/\/secure.gravatar.com\/avatar\/2587727bf8a53bd3da4ec49f01bea66e?s=96&d=https%3A%2F%2Fpadreydecano.com%2Fcms%2Fwp-content%2Fthemes%2Fpyd-theme%2Fimg%2Fdefault-avatar.png&r=g\",\"caption\":\"Moderador\"}}]}<\/script>\n<!-- \/ Yoast SEO plugin. -->","yoast_head_json":{"title":"Se prob\u00f3 la l\u00ednea de 3 - Padre y Decano - El Sitio del Pueblo","robots":{"index":"index","follow":"follow","max-snippet":"max-snippet:-1","max-image-preview":"max-image-preview:large","max-video-preview":"max-video-preview:-1"},"canonical":"https:\/\/www.padreydecano.com\/cms\/noticias\/se-probo-la-linea-de-3\/","og_locale":"es_ES","og_type":"article","og_title":"Se prob\u00f3 la l\u00ednea de 3 - Padre y Decano - El Sitio del Pueblo","og_description":"Hoy por la tarde se realiz\u00f3 un nuevo entrenamiento en la Escuela Naval de cara al inicio del Apertura 2012. La noticia del d\u00eda fue el\u00a0primer entrenamiento de Carlos Grossm\u00fcller, quien se encuentra en perfecto estado\u00a0f\u00edsico\u00a0pero hoy entren\u00f3 diferenciado. En el partido de pr\u00e1ctica, los titulares derrotaron 2 a 1 a los suplentes con goles [&hellip;]","og_url":"https:\/\/www.padreydecano.com\/cms\/noticias\/se-probo-la-linea-de-3\/","og_site_name":"Padre y Decano - El Sitio del Pueblo","article_published_time":"2012-08-23T02:15:34+00:00","article_modified_time":"2012-08-24T11:35:54+00:00","og_image":[{"width":800,"height":532,"url":"https:\/\/www.padreydecano.com\/cms\/wp-content\/uploads\/2012\/07\/polilla-escuela-naval.jpg","type":"image\/jpeg"}],"author":"Moderador","twitter_card":"summary_large_image","twitter_misc":{"Escrito por":"Moderador","Tiempo de lectura":"1 minuto"},"schema":{"@context":"https:\/\/schema.org","@graph":[{"@type":"Article","@id":"https:\/\/www.padreydecano.com\/cms\/noticias\/se-probo-la-linea-de-3\/#article","isPartOf":{"@id":"https:\/\/www.padreydecano.com\/cms\/noticias\/se-probo-la-linea-de-3\/"},"author":{"name":"Moderador","@id":"https:\/\/www.padreydecano.com\/cms\/#\/schema\/person\/d93e9e537230ae052c194251d9a1def2"},"headline":"Se prob\u00f3 la l\u00ednea de 3","datePublished":"2012-08-23T02:15:34+00:00","dateModified":"2012-08-24T11:35:54+00:00","mainEntityOfPage":{"@id":"https:\/\/www.padreydecano.com\/cms\/noticias\/se-probo-la-linea-de-3\/"},"wordCount":220,"commentCount":8,"publisher":{"@id":"https:\/\/www.padreydecano.com\/cms\/#organization"},"image":{"@id":"https:\/\/www.padreydecano.com\/cms\/noticias\/se-probo-la-linea-de-3\/#primaryimage"},"thumbnailUrl":"https:\/\/www.padreydecano.com\/cms\/wp-content\/uploads\/2012\/07\/polilla-escuela-naval.jpg","articleSection":["Noticias"],"inLanguage":"es","potentialAction":[{"@type":"CommentAction","name":"Comment","target":["https:\/\/www.padreydecano.com\/cms\/noticias\/se-probo-la-linea-de-3\/#respond"]}]},{"@type":"WebPage","@id":"https:\/\/www.padreydecano.com\/cms\/noticias\/se-probo-la-linea-de-3\/","url":"https:\/\/www.padreydecano.com\/cms\/noticias\/se-probo-la-linea-de-3\/","name":"Se prob\u00f3 la l\u00ednea de 3 - Padre y Decano - El Sitio del Pueblo","isPartOf":{"@id":"https:\/\/www.padreydecano.com\/cms\/#website"},"primaryImageOfPage":{"@id":"https:\/\/www.padreydecano.com\/cms\/noticias\/se-probo-la-linea-de-3\/#primaryimage"},"image":{"@id":"https:\/\/www.padreydecano.com\/cms\/noticias\/se-probo-la-linea-de-3\/#primaryimage"},"thumbnailUrl":"https:\/\/www.padreydecano.com\/cms\/wp-content\/uploads\/2012\/07\/polilla-escuela-naval.jpg","datePublished":"2012-08-23T02:15:34+00:00","dateModified":"2012-08-24T11:35:54+00:00","breadcrumb":{"@id":"https:\/\/www.padreydecano.com\/cms\/noticias\/se-probo-la-linea-de-3\/#breadcrumb"},"inLanguage":"es","potentialAction":[{"@type":"ReadAction","target":["https:\/\/www.padreydecano.com\/cms\/noticias\/se-probo-la-linea-de-3\/"]}]},{"@type":"ImageObject","inLanguage":"es","@id":"https:\/\/www.padreydecano.com\/cms\/noticias\/se-probo-la-linea-de-3\/#primaryimage","url":"https:\/\/www.padreydecano.com\/cms\/wp-content\/uploads\/2012\/07\/polilla-escuela-naval.jpg","contentUrl":"https:\/\/www.padreydecano.com\/cms\/wp-content\/uploads\/2012\/07\/polilla-escuela-naval.jpg","width":"800","height":"532"},{"@type":"BreadcrumbList","@id":"https:\/\/www.padreydecano.com\/cms\/noticias\/se-probo-la-linea-de-3\/#breadcrumb","itemListElement":[{"@type":"ListItem","position":1,"name":"Portada","item":"https:\/\/www.padreydecano.com\/cms\/"},{"@type":"ListItem","position":2,"name":"Se prob\u00f3 la l\u00ednea de 3"}]},{"@type":"WebSite","@id":"https:\/\/www.padreydecano.com\/cms\/#website","url":"https:\/\/www.padreydecano.com\/cms\/","name":"Padre y Decano - El Sitio del Pueblo","description":"Club Atl\u00e9tico Pe\u00f1arol","publisher":{"@id":"https:\/\/www.padreydecano.com\/cms\/#organization"},"potentialAction":[{"@type":"SearchAction","target":{"@type":"EntryPoint","urlTemplate":"https:\/\/www.padreydecano.com\/cms\/?s={search_term_string}"},"query-input":"required name=search_term_string"}],"inLanguage":"es"},{"@type":"Organization","@id":"https:\/\/www.padreydecano.com\/cms\/#organization","name":"Padre y Decano","url":"https:\/\/www.padreydecano.com\/cms\/","logo":{"@type":"ImageObject","inLanguage":"es","@id":"https:\/\/www.padreydecano.com\/cms\/#\/schema\/logo\/image\/","url":"https:\/\/www.padreydecano.com\/cms\/wp-content\/uploads\/2022\/01\/avatar-square.png","contentUrl":"https:\/\/www.padreydecano.com\/cms\/wp-content\/uploads\/2022\/01\/avatar-square.png","width":1500,"height":1500,"caption":"Padre y Decano"},"image":{"@id":"https:\/\/www.padreydecano.com\/cms\/#\/schema\/logo\/image\/"}},{"@type":"Person","@id":"https:\/\/www.padreydecano.com\/cms\/#\/schema\/person\/d93e9e537230ae052c194251d9a1def2","name":"Moderador","image":{"@type":"ImageObject","inLanguage":"es","@id":"https:\/\/www.padreydecano.com\/cms\/#\/schema\/person\/image\/","url":"https:\/\/secure.gravatar.com\/avatar\/2587727bf8a53bd3da4ec49f01bea66e?s=96&d=https%3A%2F%2Fpadreydecano.com%2Fcms%2Fwp-content%2Fthemes%2Fpyd-theme%2Fimg%2Fdefault-avatar.png&r=g","contentUrl":"https:\/\/secure.gravatar.com\/avatar\/2587727bf8a53bd3da4ec49f01bea66e?s=96&d=https%3A%2F%2Fpadreydecano.com%2Fcms%2Fwp-content%2Fthemes%2Fpyd-theme%2Fimg%2Fdefault-avatar.png&r=g","caption":"Moderador"}}]}},"_links":{"self":[{"href":"https:\/\/www.padreydecano.com\/cms\/wp-json\/wp\/v2\/posts\/28873"}],"collection":[{"href":"https:\/\/www.padreydecano.com\/cms\/wp-json\/wp\/v2\/posts"}],"about":[{"href":"https:\/\/www.padreydecano.com\/cms\/wp-json\/wp\/v2\/types\/post"}],"author":[{"embeddable":true,"href":"https:\/\/www.padreydecano.com\/cms\/wp-json\/wp\/v2\/users\/13"}],"replies":[{"embeddable":true,"href":"https:\/\/www.padreydecano.com\/cms\/wp-json\/wp\/v2\/comments?post=28873"}],"version-history":[{"count":0,"href":"https:\/\/www.padreydecano.com\/cms\/wp-json\/wp\/v2\/posts\/28873\/revisions"}],"wp:featuredmedia":[{"embeddable":true,"href":"https:\/\/www.padreydecano.com\/cms\/wp-json\/wp\/v2\/media\/26990"}],"wp:attachment":[{"href":"https:\/\/www.padreydecano.com\/cms\/wp-json\/wp\/v2\/media?parent=28873"}],"wp:term":[{"taxonomy":"category","embeddable":true,"href":"https:\/\/www.padreydecano.com\/cms\/wp-json\/wp\/v2\/categories?post=28873"},{"taxonomy":"post_tag","embeddable":true,"href":"https:\/\/www.padreydecano.com\/cms\/wp-json\/wp\/v2\/tags?post=28873"}],"curies":[{"name":"wp","href":"https:\/\/api.w.org\/{rel}","templated":true}]}}