{"id":28779,"date":"2012-08-22T16:07:46","date_gmt":"2012-08-22T19:07:46","guid":{"rendered":"http:\/\/www.padreydecano.com\/cms\/?p=28779"},"modified":"2012-08-22T17:56:00","modified_gmt":"2012-08-22T20:56:00","slug":"fc-brasov-el-aurinegro-rumano","status":"publish","type":"post","link":"https:\/\/www.padreydecano.com\/cms\/noticias\/fc-brasov-el-aurinegro-rumano\/","title":{"rendered":"FC Brasov, el aurinegro rumano"},"content":{"rendered":"<div id=\"attachment_28782\" style=\"width: 220px\" class=\"wp-caption alignleft\"><a href=\"https:\/\/www.padreydecano.com\/cms\/wp-content\/uploads\/2012\/08\/brasov-anitgua.jpeg\" rel=\"shadowbox[sbpost-28779];player=img;\"><img loading=\"lazy\" decoding=\"async\" aria-describedby=\"caption-attachment-28782\" class=\" wp-image-28782 \" src=\"https:\/\/www.padreydecano.com\/cms\/wp-content\/uploads\/2012\/08\/brasov-anitgua-300x200.jpeg\" alt=\"\" width=\"210\" height=\"140\" srcset=\"https:\/\/www.padreydecano.com\/cms\/wp-content\/uploads\/2012\/08\/brasov-anitgua-300x200.jpeg 300w, https:\/\/www.padreydecano.com\/cms\/wp-content\/uploads\/2012\/08\/brasov-anitgua.jpeg 600w\" sizes=\"(max-width: 210px) 100vw, 210px\" \/><\/a><p id=\"caption-attachment-28782\" class=\"wp-caption-text\">FC Brasov &#8211; Plantel 81\/82<\/p><\/div>\n<p style=\"text-align: justify;\">Muy pocos sabr\u00e1n de la existencia del <strong>FC Brasov<\/strong>, un club del f\u00fatbol rumano que lleva el mismo nombre de su ciudad de origen.\u00a0Brasov se ubica en el centro de Rumania, a 166 km de la capital Bucarest. <strong>El club fue fundado en 1936 y juega en la\u00a0Liga I (m\u00e1xima categor\u00eda del f\u00fatbol rumano).<\/strong><\/p>\n<p style=\"text-align: justify;\">Pocos entender\u00e1n porqu\u00e9 contamos \u00e9sta historia, a simple vista podemos\u00a0observar\u00a0que este equipo, usa los mismos <strong>colores que Pe\u00f1arol<\/strong>. Hasta aqu\u00ed puede ser pura casualidad, pero no lo es. <strong>El Brasov rumano usa su casaca\u00a0a rayas verticales copiada directamente de la gloriosa camiseta del club aurinegro de Montevideo.<\/strong><\/p>\n<p style=\"text-align: justify;\">La historia comienza a mediados de los sesenta del siglo pasado. La selecci\u00f3n ol\u00edmpica de Rumania hizo una gira por Am\u00e9rica Latina y una de sus paradas fue en Uruguay, <strong>donde\u00a0se\u00a0enfrent\u00f3 en dos oportunidades ante el famoso Pe\u00f1arol, que en ese entonces ya ostentaba <a href=\"https:\/\/www.padreydecano.com\/cms\/copas\/\" target=\"_blank\">dos t\u00edtulos de Am\u00e9rica<\/a> y <a href=\"https:\/\/www.padreydecano.com\/cms\/campanas-historicas\/copa-intercontinental-1961\/\" target=\"_blank\">uno del Mundo<\/a>.\u00a0<\/strong><\/p>\n<div align=\"center\">\n<table class=\"comun2\">\n<tbody>\n<tr>\n<td><a href=\"https:\/\/www.padreydecano.com\/cms\/wp-content\/uploads\/2012\/08\/fc-brasov.jpg\" rel=\"shadowbox[sbpost-28779];player=img;\"><img loading=\"lazy\" decoding=\"async\" class=\"alignright \u00a0wp-image-28785\" src=\"https:\/\/www.padreydecano.com\/cms\/wp-content\/uploads\/2012\/08\/fc-brasov-150x150.jpg\" alt=\"\" width=\"126\" height=\"126\" srcset=\"https:\/\/www.padreydecano.com\/cms\/wp-content\/uploads\/2012\/08\/fc-brasov-150x150.jpg 150w, https:\/\/www.padreydecano.com\/cms\/wp-content\/uploads\/2012\/08\/fc-brasov-36x36.jpg 36w, https:\/\/www.padreydecano.com\/cms\/wp-content\/uploads\/2012\/08\/fc-brasov-115x115.jpg 115w\" sizes=\"(max-width: 126px) 100vw, 126px\" \/><\/a><\/td>\n<td><a href=\"https:\/\/www.padreydecano.com\/cms\/wp-content\/uploads\/2012\/08\/fc_brasov_-_torpedo_kutaisi_21_25012012_20120126_1902259329.jpg\" rel=\"shadowbox[sbpost-28779];player=img;\"><img loading=\"lazy\" decoding=\"async\" class=\"alignright \u00a0wp-image-28784\" src=\"https:\/\/www.padreydecano.com\/cms\/wp-content\/uploads\/2012\/08\/fc_brasov_-_torpedo_kutaisi_21_25012012_20120126_1902259329-150x150.jpg\" alt=\"\" width=\"126\" height=\"126\" srcset=\"https:\/\/www.padreydecano.com\/cms\/wp-content\/uploads\/2012\/08\/fc_brasov_-_torpedo_kutaisi_21_25012012_20120126_1902259329-150x150.jpg 150w, https:\/\/www.padreydecano.com\/cms\/wp-content\/uploads\/2012\/08\/fc_brasov_-_torpedo_kutaisi_21_25012012_20120126_1902259329-36x36.jpg 36w, https:\/\/www.padreydecano.com\/cms\/wp-content\/uploads\/2012\/08\/fc_brasov_-_torpedo_kutaisi_21_25012012_20120126_1902259329-115x115.jpg 115w\" sizes=\"(max-width: 126px) 100vw, 126px\" \/><\/a><\/td>\n<td><a href=\"https:\/\/www.padreydecano.com\/cms\/wp-content\/uploads\/2012\/08\/fcbrasov-1986-juniori.jpg\" rel=\"shadowbox[sbpost-28779];player=img;\"><img loading=\"lazy\" decoding=\"async\" class=\"alignright \u00a0wp-image-28786\" src=\"https:\/\/www.padreydecano.com\/cms\/wp-content\/uploads\/2012\/08\/fcbrasov-1986-juniori-150x150.jpg\" alt=\"\" width=\"126\" height=\"126\" srcset=\"https:\/\/www.padreydecano.com\/cms\/wp-content\/uploads\/2012\/08\/fcbrasov-1986-juniori-150x150.jpg 150w, https:\/\/www.padreydecano.com\/cms\/wp-content\/uploads\/2012\/08\/fcbrasov-1986-juniori-36x36.jpg 36w, https:\/\/www.padreydecano.com\/cms\/wp-content\/uploads\/2012\/08\/fcbrasov-1986-juniori-115x115.jpg 115w\" sizes=\"(max-width: 126px) 100vw, 126px\" \/><\/a><\/td>\n<td><a href=\"https:\/\/www.padreydecano.com\/cms\/wp-content\/uploads\/2012\/08\/800px-Silviu_Ploe\u015fteanu_stadium.jpg\" rel=\"shadowbox[sbpost-28779];player=img;\"><img loading=\"lazy\" decoding=\"async\" class=\"alignright \u00a0wp-image-28780\" src=\"https:\/\/www.padreydecano.com\/cms\/wp-content\/uploads\/2012\/08\/800px-Silviu_Ploe\u015fteanu_stadium-150x150.jpg\" alt=\"\" width=\"126\" height=\"126\" srcset=\"https:\/\/www.padreydecano.com\/cms\/wp-content\/uploads\/2012\/08\/800px-Silviu_Ploe\u015fteanu_stadium-150x150.jpg 150w, https:\/\/www.padreydecano.com\/cms\/wp-content\/uploads\/2012\/08\/800px-Silviu_Ploe\u015fteanu_stadium-36x36.jpg 36w, https:\/\/www.padreydecano.com\/cms\/wp-content\/uploads\/2012\/08\/800px-Silviu_Ploe\u015fteanu_stadium-115x115.jpg 115w\" sizes=\"(max-width: 126px) 100vw, 126px\" \/><\/a><\/td>\n<\/tr>\n<\/tbody>\n<\/table>\n<\/div>\n<div id=\"attachment_28783\" style=\"width: 226px\" class=\"wp-caption alignright\"><a href=\"https:\/\/www.padreydecano.com\/cms\/wp-content\/uploads\/2012\/08\/Csaba.jpg\" rel=\"shadowbox[sbpost-28779];player=img;\"><img loading=\"lazy\" decoding=\"async\" aria-describedby=\"caption-attachment-28783\" class=\" wp-image-28783  \" src=\"https:\/\/www.padreydecano.com\/cms\/wp-content\/uploads\/2012\/08\/Csaba-300x225.jpg\" alt=\"\" width=\"216\" height=\"162\" srcset=\"https:\/\/www.padreydecano.com\/cms\/wp-content\/uploads\/2012\/08\/Csaba-300x225.jpg 300w, https:\/\/www.padreydecano.com\/cms\/wp-content\/uploads\/2012\/08\/Csaba.jpg 640w\" sizes=\"(max-width: 216px) 100vw, 216px\" \/><\/a><p id=\"caption-attachment-28783\" class=\"wp-caption-text\">Csaba Gy\u00f6rffi<\/p><\/div>\n<p style=\"text-align: justify;\">El primer encuentro amistoso termin\u00f3 <strong>con victoria para los rumanos en el Estadio Centenario ante 50.000 espectadores<\/strong>. Los aurinegros, enojados por la derrota y por no estar acostumbrados a perder, pidieron r\u00e1pidamente la revancha.<\/p>\n<p style=\"text-align: justify;\">En el partido revancha, la historia no iba a ser diferente, <strong>los rumanos lograron otra vez la victoria (0-2).\u00a0<\/strong> En el transcurso del encuentro, un jugador rumano le hizo dos ca\u00f1os a <a href=\"https:\/\/www.padreydecano.com\/cms\/idolos\/alberto-spencer\/\" target=\"_blank\">Alberto Spencer<\/a>, quien le respondi\u00f3 a la humillaci\u00f3n con una \u201cleve bofetada\u201d. <strong>Csaba Gy\u00f6rffi, jugador rumano del FC Brasov, fue quien intervino en la pelea para calmar los \u00e1nimos. Al finalizar el cotejo, el\u00a0legendario goleador <a href=\"https:\/\/www.padreydecano.com\/cms\/idolos\/alberto-spencer\/\" target=\"_blank\">Alberto Spencer\u00a0<\/a>le regal\u00f3 su camiseta a\u00a0 Gy\u00f6rffi.<\/strong><\/p>\n<p style=\"text-align: justify;\"><strong>Sobre aquel partido, Gy\u00f6rffi afirm\u00f3:<\/strong> <em>\u201cEn el primer partido contra los campeones de Uruguay, le ganamos. Nos quedamos all\u00ed, hasta que tuvi\u00e9ramos una revancha. En la revancha, uno de nuestros jugadores le pas\u00f3 el bal\u00f3n dos veces consecutivas entre las piernas a Spencer. Enojado, Spencer le dio una bofetada en la cabeza y mostr\u00f3 su mejilla. Salt\u00e9 para separarlos. Al final del juego, Spencer me trajo su camisa. Era de color amarillo con rayas verticales negras\u201d<\/em>.<\/p>\n<p style=\"text-align: justify;\"><a href=\"https:\/\/www.padreydecano.com\/cms\/wp-content\/uploads\/2012\/08\/brasov.jpg\" rel=\"shadowbox[sbpost-28779];player=img;\"><img loading=\"lazy\" decoding=\"async\" class=\" wp-image-28781 alignleft\" src=\"https:\/\/www.padreydecano.com\/cms\/wp-content\/uploads\/2012\/08\/brasov-300x214.jpg\" alt=\"\" width=\"192\" height=\"137\" srcset=\"https:\/\/www.padreydecano.com\/cms\/wp-content\/uploads\/2012\/08\/brasov-300x214.jpg 300w, https:\/\/www.padreydecano.com\/cms\/wp-content\/uploads\/2012\/08\/brasov.jpg 635w\" sizes=\"(max-width: 192px) 100vw, 192px\" \/><\/a>Gy\u00f6rffi, considerado el mejor jugador de la historia del FC Brasov, <strong>al volver a su pa\u00eds con la camiseta de Spencer, se la mostr\u00f3 a sus compa\u00f1eros de equipo y quedaron encantados con los colores de Pe\u00f1arol.<\/strong> Desde ese entonces y hasta el d\u00eda de hoy, con la aprobaci\u00f3n de <strong>Silviu Ploesteanu<\/strong>, entrenador del equipo en ese momento, <strong>este equipo nunca m\u00e1s se despeg\u00f3 del oro y carb\u00f3n de su indumentaria en homenaje a aquel Pe\u00f1arol mundialmente reconocido.<\/strong> \u00a0Hasta ese momento, los rumanos usaban franjas verticales blancas y azules.<\/p>\n<p style=\"text-align: justify;\">En el video de TerraTV, podr\u00e1n observar <strong>la ciudad de Brasov, el club y a Csaba Gy\u00f6rffi\u00a0comentando su visita en la gira con la selecci\u00f3n rumana.<\/strong><\/p>\n<div align=\"center\">\n<table class=\"video\">\n<tbody>\n<tr>\n<td><iframe loading=\"lazy\" src=\"http:\/\/www.youtube.com\/embed\/0T5XTcp87Fk\" frameborder=\"0\" width=\"560\" height=\"315\"><\/iframe><\/td>\n<\/tr>\n<\/tbody>\n<\/table>\n<\/div>\n","protected":false},"excerpt":{"rendered":"<p>Muy pocos sabr\u00e1n de la existencia del FC Brasov, un club del f\u00fatbol rumano que lleva el mismo nombre de su ciudad de origen.\u00a0Brasov se ubica en el centro de Rumania, a 166 km de la capital Bucarest. El club fue fundado en 1936 y juega en la\u00a0Liga I (m\u00e1xima categor\u00eda del f\u00fatbol rumano). Pocos [&hellip;]<\/p>\n","protected":false},"author":16,"featured_media":28786,"comment_status":"open","ping_status":"closed","sticky":false,"template":"","format":"standard","meta":{"footnotes":""},"categories":[1],"tags":[75],"yoast_head":"<!-- This site is optimized with the Yoast SEO plugin v23.2 - https:\/\/yoast.com\/wordpress\/plugins\/seo\/ -->\n<title>FC Brasov, el aurinegro rumano - Padre y Decano - El Sitio del Pueblo<\/title>\n<meta name=\"robots\" content=\"index, follow, max-snippet:-1, max-image-preview:large, max-video-preview:-1\" \/>\n<link rel=\"canonical\" href=\"https:\/\/www.padreydecano.com\/cms\/noticias\/fc-brasov-el-aurinegro-rumano\/\" \/>\n<meta property=\"og:locale\" content=\"es_ES\" \/>\n<meta property=\"og:type\" content=\"article\" \/>\n<meta property=\"og:title\" content=\"FC Brasov, el aurinegro rumano - Padre y Decano - El Sitio del Pueblo\" \/>\n<meta property=\"og:description\" content=\"Muy pocos sabr\u00e1n de la existencia del FC Brasov, un club del f\u00fatbol rumano que lleva el mismo nombre de su ciudad de origen.\u00a0Brasov se ubica en el centro de Rumania, a 166 km de la capital Bucarest. El club fue fundado en 1936 y juega en la\u00a0Liga I (m\u00e1xima categor\u00eda del f\u00fatbol rumano). Pocos [&hellip;]\" \/>\n<meta property=\"og:url\" content=\"https:\/\/www.padreydecano.com\/cms\/noticias\/fc-brasov-el-aurinegro-rumano\/\" \/>\n<meta property=\"og:site_name\" content=\"Padre y Decano - El Sitio del Pueblo\" \/>\n<meta property=\"article:published_time\" content=\"2012-08-22T19:07:46+00:00\" \/>\n<meta property=\"article:modified_time\" content=\"2012-08-22T20:56:00+00:00\" \/>\n<meta property=\"og:image\" content=\"https:\/\/www.padreydecano.com\/cms\/wp-content\/uploads\/2012\/08\/fcbrasov-1986-juniori.jpg\" \/>\n\t<meta property=\"og:image:width\" content=\"909\" \/>\n\t<meta property=\"og:image:height\" content=\"637\" \/>\n\t<meta property=\"og:image:type\" content=\"image\/jpeg\" \/>\n<meta name=\"author\" content=\"mariano\" \/>\n<meta name=\"twitter:card\" content=\"summary_large_image\" \/>\n<meta name=\"twitter:label1\" content=\"Escrito por\" \/>\n\t<meta name=\"twitter:data1\" content=\"mariano\" \/>\n\t<meta name=\"twitter:label2\" content=\"Tiempo de lectura\" \/>\n\t<meta name=\"twitter:data2\" content=\"3 minutos\" \/>\n<script type=\"application\/ld+json\" class=\"yoast-schema-graph\">{\"@context\":\"https:\/\/schema.org\",\"@graph\":[{\"@type\":\"Article\",\"@id\":\"https:\/\/www.padreydecano.com\/cms\/noticias\/fc-brasov-el-aurinegro-rumano\/#article\",\"isPartOf\":{\"@id\":\"https:\/\/www.padreydecano.com\/cms\/noticias\/fc-brasov-el-aurinegro-rumano\/\"},\"author\":{\"name\":\"mariano\",\"@id\":\"https:\/\/www.padreydecano.com\/cms\/#\/schema\/person\/da0f0e72c91242bc7c270c61c9798d01\"},\"headline\":\"FC Brasov, el aurinegro rumano\",\"datePublished\":\"2012-08-22T19:07:46+00:00\",\"dateModified\":\"2012-08-22T20:56:00+00:00\",\"mainEntityOfPage\":{\"@id\":\"https:\/\/www.padreydecano.com\/cms\/noticias\/fc-brasov-el-aurinegro-rumano\/\"},\"wordCount\":518,\"commentCount\":9,\"publisher\":{\"@id\":\"https:\/\/www.padreydecano.com\/cms\/#organization\"},\"image\":{\"@id\":\"https:\/\/www.padreydecano.com\/cms\/noticias\/fc-brasov-el-aurinegro-rumano\/#primaryimage\"},\"thumbnailUrl\":\"https:\/\/www.padreydecano.com\/cms\/wp-content\/uploads\/2012\/08\/fcbrasov-1986-juniori.jpg\",\"keywords\":[\"Curiosidades\"],\"articleSection\":[\"Noticias\"],\"inLanguage\":\"es\",\"potentialAction\":[{\"@type\":\"CommentAction\",\"name\":\"Comment\",\"target\":[\"https:\/\/www.padreydecano.com\/cms\/noticias\/fc-brasov-el-aurinegro-rumano\/#respond\"]}]},{\"@type\":\"WebPage\",\"@id\":\"https:\/\/www.padreydecano.com\/cms\/noticias\/fc-brasov-el-aurinegro-rumano\/\",\"url\":\"https:\/\/www.padreydecano.com\/cms\/noticias\/fc-brasov-el-aurinegro-rumano\/\",\"name\":\"FC Brasov, el aurinegro rumano - Padre y Decano - El Sitio del Pueblo\",\"isPartOf\":{\"@id\":\"https:\/\/www.padreydecano.com\/cms\/#website\"},\"primaryImageOfPage\":{\"@id\":\"https:\/\/www.padreydecano.com\/cms\/noticias\/fc-brasov-el-aurinegro-rumano\/#primaryimage\"},\"image\":{\"@id\":\"https:\/\/www.padreydecano.com\/cms\/noticias\/fc-brasov-el-aurinegro-rumano\/#primaryimage\"},\"thumbnailUrl\":\"https:\/\/www.padreydecano.com\/cms\/wp-content\/uploads\/2012\/08\/fcbrasov-1986-juniori.jpg\",\"datePublished\":\"2012-08-22T19:07:46+00:00\",\"dateModified\":\"2012-08-22T20:56:00+00:00\",\"breadcrumb\":{\"@id\":\"https:\/\/www.padreydecano.com\/cms\/noticias\/fc-brasov-el-aurinegro-rumano\/#breadcrumb\"},\"inLanguage\":\"es\",\"potentialAction\":[{\"@type\":\"ReadAction\",\"target\":[\"https:\/\/www.padreydecano.com\/cms\/noticias\/fc-brasov-el-aurinegro-rumano\/\"]}]},{\"@type\":\"ImageObject\",\"inLanguage\":\"es\",\"@id\":\"https:\/\/www.padreydecano.com\/cms\/noticias\/fc-brasov-el-aurinegro-rumano\/#primaryimage\",\"url\":\"https:\/\/www.padreydecano.com\/cms\/wp-content\/uploads\/2012\/08\/fcbrasov-1986-juniori.jpg\",\"contentUrl\":\"https:\/\/www.padreydecano.com\/cms\/wp-content\/uploads\/2012\/08\/fcbrasov-1986-juniori.jpg\",\"width\":\"909\",\"height\":\"637\"},{\"@type\":\"BreadcrumbList\",\"@id\":\"https:\/\/www.padreydecano.com\/cms\/noticias\/fc-brasov-el-aurinegro-rumano\/#breadcrumb\",\"itemListElement\":[{\"@type\":\"ListItem\",\"position\":1,\"name\":\"Portada\",\"item\":\"https:\/\/www.padreydecano.com\/cms\/\"},{\"@type\":\"ListItem\",\"position\":2,\"name\":\"FC Brasov, el aurinegro rumano\"}]},{\"@type\":\"WebSite\",\"@id\":\"https:\/\/www.padreydecano.com\/cms\/#website\",\"url\":\"https:\/\/www.padreydecano.com\/cms\/\",\"name\":\"Padre y Decano - El Sitio del Pueblo\",\"description\":\"Club Atl\u00e9tico Pe\u00f1arol\",\"publisher\":{\"@id\":\"https:\/\/www.padreydecano.com\/cms\/#organization\"},\"potentialAction\":[{\"@type\":\"SearchAction\",\"target\":{\"@type\":\"EntryPoint\",\"urlTemplate\":\"https:\/\/www.padreydecano.com\/cms\/?s={search_term_string}\"},\"query-input\":\"required name=search_term_string\"}],\"inLanguage\":\"es\"},{\"@type\":\"Organization\",\"@id\":\"https:\/\/www.padreydecano.com\/cms\/#organization\",\"name\":\"Padre y Decano\",\"url\":\"https:\/\/www.padreydecano.com\/cms\/\",\"logo\":{\"@type\":\"ImageObject\",\"inLanguage\":\"es\",\"@id\":\"https:\/\/www.padreydecano.com\/cms\/#\/schema\/logo\/image\/\",\"url\":\"https:\/\/www.padreydecano.com\/cms\/wp-content\/uploads\/2022\/01\/avatar-square.png\",\"contentUrl\":\"https:\/\/www.padreydecano.com\/cms\/wp-content\/uploads\/2022\/01\/avatar-square.png\",\"width\":1500,\"height\":1500,\"caption\":\"Padre y Decano\"},\"image\":{\"@id\":\"https:\/\/www.padreydecano.com\/cms\/#\/schema\/logo\/image\/\"}},{\"@type\":\"Person\",\"@id\":\"https:\/\/www.padreydecano.com\/cms\/#\/schema\/person\/da0f0e72c91242bc7c270c61c9798d01\",\"name\":\"mariano\",\"image\":{\"@type\":\"ImageObject\",\"inLanguage\":\"es\",\"@id\":\"https:\/\/www.padreydecano.com\/cms\/#\/schema\/person\/image\/\",\"url\":\"https:\/\/secure.gravatar.com\/avatar\/771335714915d00ec253a5e994c2f830?s=96&d=https%3A%2F%2Fpadreydecano.com%2Fcms%2Fwp-content%2Fthemes%2Fpyd-theme%2Fimg%2Fdefault-avatar.png&r=g\",\"contentUrl\":\"https:\/\/secure.gravatar.com\/avatar\/771335714915d00ec253a5e994c2f830?s=96&d=https%3A%2F%2Fpadreydecano.com%2Fcms%2Fwp-content%2Fthemes%2Fpyd-theme%2Fimg%2Fdefault-avatar.png&r=g\",\"caption\":\"mariano\"}}]}<\/script>\n<!-- \/ Yoast SEO plugin. -->","yoast_head_json":{"title":"FC Brasov, el aurinegro rumano - Padre y Decano - El Sitio del Pueblo","robots":{"index":"index","follow":"follow","max-snippet":"max-snippet:-1","max-image-preview":"max-image-preview:large","max-video-preview":"max-video-preview:-1"},"canonical":"https:\/\/www.padreydecano.com\/cms\/noticias\/fc-brasov-el-aurinegro-rumano\/","og_locale":"es_ES","og_type":"article","og_title":"FC Brasov, el aurinegro rumano - Padre y Decano - El Sitio del Pueblo","og_description":"Muy pocos sabr\u00e1n de la existencia del FC Brasov, un club del f\u00fatbol rumano que lleva el mismo nombre de su ciudad de origen.\u00a0Brasov se ubica en el centro de Rumania, a 166 km de la capital Bucarest. El club fue fundado en 1936 y juega en la\u00a0Liga I (m\u00e1xima categor\u00eda del f\u00fatbol rumano). Pocos [&hellip;]","og_url":"https:\/\/www.padreydecano.com\/cms\/noticias\/fc-brasov-el-aurinegro-rumano\/","og_site_name":"Padre y Decano - El Sitio del Pueblo","article_published_time":"2012-08-22T19:07:46+00:00","article_modified_time":"2012-08-22T20:56:00+00:00","og_image":[{"width":909,"height":637,"url":"https:\/\/www.padreydecano.com\/cms\/wp-content\/uploads\/2012\/08\/fcbrasov-1986-juniori.jpg","type":"image\/jpeg"}],"author":"mariano","twitter_card":"summary_large_image","twitter_misc":{"Escrito por":"mariano","Tiempo de lectura":"3 minutos"},"schema":{"@context":"https:\/\/schema.org","@graph":[{"@type":"Article","@id":"https:\/\/www.padreydecano.com\/cms\/noticias\/fc-brasov-el-aurinegro-rumano\/#article","isPartOf":{"@id":"https:\/\/www.padreydecano.com\/cms\/noticias\/fc-brasov-el-aurinegro-rumano\/"},"author":{"name":"mariano","@id":"https:\/\/www.padreydecano.com\/cms\/#\/schema\/person\/da0f0e72c91242bc7c270c61c9798d01"},"headline":"FC Brasov, el aurinegro rumano","datePublished":"2012-08-22T19:07:46+00:00","dateModified":"2012-08-22T20:56:00+00:00","mainEntityOfPage":{"@id":"https:\/\/www.padreydecano.com\/cms\/noticias\/fc-brasov-el-aurinegro-rumano\/"},"wordCount":518,"commentCount":9,"publisher":{"@id":"https:\/\/www.padreydecano.com\/cms\/#organization"},"image":{"@id":"https:\/\/www.padreydecano.com\/cms\/noticias\/fc-brasov-el-aurinegro-rumano\/#primaryimage"},"thumbnailUrl":"https:\/\/www.padreydecano.com\/cms\/wp-content\/uploads\/2012\/08\/fcbrasov-1986-juniori.jpg","keywords":["Curiosidades"],"articleSection":["Noticias"],"inLanguage":"es","potentialAction":[{"@type":"CommentAction","name":"Comment","target":["https:\/\/www.padreydecano.com\/cms\/noticias\/fc-brasov-el-aurinegro-rumano\/#respond"]}]},{"@type":"WebPage","@id":"https:\/\/www.padreydecano.com\/cms\/noticias\/fc-brasov-el-aurinegro-rumano\/","url":"https:\/\/www.padreydecano.com\/cms\/noticias\/fc-brasov-el-aurinegro-rumano\/","name":"FC Brasov, el aurinegro rumano - Padre y Decano - El Sitio del Pueblo","isPartOf":{"@id":"https:\/\/www.padreydecano.com\/cms\/#website"},"primaryImageOfPage":{"@id":"https:\/\/www.padreydecano.com\/cms\/noticias\/fc-brasov-el-aurinegro-rumano\/#primaryimage"},"image":{"@id":"https:\/\/www.padreydecano.com\/cms\/noticias\/fc-brasov-el-aurinegro-rumano\/#primaryimage"},"thumbnailUrl":"https:\/\/www.padreydecano.com\/cms\/wp-content\/uploads\/2012\/08\/fcbrasov-1986-juniori.jpg","datePublished":"2012-08-22T19:07:46+00:00","dateModified":"2012-08-22T20:56:00+00:00","breadcrumb":{"@id":"https:\/\/www.padreydecano.com\/cms\/noticias\/fc-brasov-el-aurinegro-rumano\/#breadcrumb"},"inLanguage":"es","potentialAction":[{"@type":"ReadAction","target":["https:\/\/www.padreydecano.com\/cms\/noticias\/fc-brasov-el-aurinegro-rumano\/"]}]},{"@type":"ImageObject","inLanguage":"es","@id":"https:\/\/www.padreydecano.com\/cms\/noticias\/fc-brasov-el-aurinegro-rumano\/#primaryimage","url":"https:\/\/www.padreydecano.com\/cms\/wp-content\/uploads\/2012\/08\/fcbrasov-1986-juniori.jpg","contentUrl":"https:\/\/www.padreydecano.com\/cms\/wp-content\/uploads\/2012\/08\/fcbrasov-1986-juniori.jpg","width":"909","height":"637"},{"@type":"BreadcrumbList","@id":"https:\/\/www.padreydecano.com\/cms\/noticias\/fc-brasov-el-aurinegro-rumano\/#breadcrumb","itemListElement":[{"@type":"ListItem","position":1,"name":"Portada","item":"https:\/\/www.padreydecano.com\/cms\/"},{"@type":"ListItem","position":2,"name":"FC Brasov, el aurinegro rumano"}]},{"@type":"WebSite","@id":"https:\/\/www.padreydecano.com\/cms\/#website","url":"https:\/\/www.padreydecano.com\/cms\/","name":"Padre y Decano - El Sitio del Pueblo","description":"Club Atl\u00e9tico Pe\u00f1arol","publisher":{"@id":"https:\/\/www.padreydecano.com\/cms\/#organization"},"potentialAction":[{"@type":"SearchAction","target":{"@type":"EntryPoint","urlTemplate":"https:\/\/www.padreydecano.com\/cms\/?s={search_term_string}"},"query-input":"required name=search_term_string"}],"inLanguage":"es"},{"@type":"Organization","@id":"https:\/\/www.padreydecano.com\/cms\/#organization","name":"Padre y Decano","url":"https:\/\/www.padreydecano.com\/cms\/","logo":{"@type":"ImageObject","inLanguage":"es","@id":"https:\/\/www.padreydecano.com\/cms\/#\/schema\/logo\/image\/","url":"https:\/\/www.padreydecano.com\/cms\/wp-content\/uploads\/2022\/01\/avatar-square.png","contentUrl":"https:\/\/www.padreydecano.com\/cms\/wp-content\/uploads\/2022\/01\/avatar-square.png","width":1500,"height":1500,"caption":"Padre y Decano"},"image":{"@id":"https:\/\/www.padreydecano.com\/cms\/#\/schema\/logo\/image\/"}},{"@type":"Person","@id":"https:\/\/www.padreydecano.com\/cms\/#\/schema\/person\/da0f0e72c91242bc7c270c61c9798d01","name":"mariano","image":{"@type":"ImageObject","inLanguage":"es","@id":"https:\/\/www.padreydecano.com\/cms\/#\/schema\/person\/image\/","url":"https:\/\/secure.gravatar.com\/avatar\/771335714915d00ec253a5e994c2f830?s=96&d=https%3A%2F%2Fpadreydecano.com%2Fcms%2Fwp-content%2Fthemes%2Fpyd-theme%2Fimg%2Fdefault-avatar.png&r=g","contentUrl":"https:\/\/secure.gravatar.com\/avatar\/771335714915d00ec253a5e994c2f830?s=96&d=https%3A%2F%2Fpadreydecano.com%2Fcms%2Fwp-content%2Fthemes%2Fpyd-theme%2Fimg%2Fdefault-avatar.png&r=g","caption":"mariano"}}]}},"_links":{"self":[{"href":"https:\/\/www.padreydecano.com\/cms\/wp-json\/wp\/v2\/posts\/28779"}],"collection":[{"href":"https:\/\/www.padreydecano.com\/cms\/wp-json\/wp\/v2\/posts"}],"about":[{"href":"https:\/\/www.padreydecano.com\/cms\/wp-json\/wp\/v2\/types\/post"}],"author":[{"embeddable":true,"href":"https:\/\/www.padreydecano.com\/cms\/wp-json\/wp\/v2\/users\/16"}],"replies":[{"embeddable":true,"href":"https:\/\/www.padreydecano.com\/cms\/wp-json\/wp\/v2\/comments?post=28779"}],"version-history":[{"count":0,"href":"https:\/\/www.padreydecano.com\/cms\/wp-json\/wp\/v2\/posts\/28779\/revisions"}],"wp:featuredmedia":[{"embeddable":true,"href":"https:\/\/www.padreydecano.com\/cms\/wp-json\/wp\/v2\/media\/28786"}],"wp:attachment":[{"href":"https:\/\/www.padreydecano.com\/cms\/wp-json\/wp\/v2\/media?parent=28779"}],"wp:term":[{"taxonomy":"category","embeddable":true,"href":"https:\/\/www.padreydecano.com\/cms\/wp-json\/wp\/v2\/categories?post=28779"},{"taxonomy":"post_tag","embeddable":true,"href":"https:\/\/www.padreydecano.com\/cms\/wp-json\/wp\/v2\/tags?post=28779"}],"curies":[{"name":"wp","href":"https:\/\/api.w.org\/{rel}","templated":true}]}}