{"id":28725,"date":"2012-08-21T13:06:54","date_gmt":"2012-08-21T16:06:54","guid":{"rendered":"http:\/\/www.padreydecano.com\/cms\/?p=28725"},"modified":"2012-08-21T14:00:26","modified_gmt":"2012-08-21T17:00:26","slug":"las-contrataciones-prometen","status":"publish","type":"post","link":"https:\/\/www.padreydecano.com\/cms\/columnas\/las-contrataciones-prometen\/","title":{"rendered":"Las contrataciones prometen"},"content":{"rendered":"<p style=\"text-align: justify;\"><a href=\"https:\/\/www.padreydecano.com\/cms\/wp-content\/uploads\/2012\/07\/DSC_0123-Copy.jpg\" rel=\"shadowbox[sbpost-28725];player=img;\"><img loading=\"lazy\" decoding=\"async\" class=\"alignright  wp-image-25970\" src=\"https:\/\/www.padreydecano.com\/cms\/wp-content\/uploads\/2012\/07\/DSC_0123-Copy-300x199.jpg\" alt=\"\" width=\"240\" height=\"159\" srcset=\"https:\/\/www.padreydecano.com\/cms\/wp-content\/uploads\/2012\/07\/DSC_0123-Copy-300x199.jpg 300w, https:\/\/www.padreydecano.com\/cms\/wp-content\/uploads\/2012\/07\/DSC_0123-Copy.jpg 720w\" sizes=\"(max-width: 240px) 100vw, 240px\" \/><\/a>Los nombres de las contrataciones carboneras son conocidos y si uno visita esta web, m\u00e1s todav\u00eda. En esta oportunidad, el per\u00edodo de pases nos deja una de cal y una de arena. Vamos por las buenas primero. Los dirigentes entendieron exactamente qu\u00e9 estaba precisando Pe\u00f1arol. Hombres con personalidad, tipos a los que no les pese la recta final de un campeonato o un cl\u00e1sico definitorio. En esta oportunidad, y a priori, estamos preparados para ver a un equipo que sabe plantarse en la cancha de f\u00fatbol desde el primer al \u00faltimo hombre.<\/p>\n<p style=\"text-align: justify;\">La parte negativa, qued\u00f3 bastante claro que no tenemos un juvenil que merezca la confianza de salir a jugar. Aquello de las cuatro o cinco incorporaciones y el resto con pibes de la casa no corri\u00f3. El CAR, el trabajo, la inversi\u00f3n en juveniles, todo eso sucumbi\u00f3 ante el peso demoledor de la realidad. Miremos n\u00fameros, miremos campeonatos juveniles, miremos cu\u00e1ntos j\u00f3venes nuestros emigran con \u00e9xito al f\u00fatbol europeo. Esa es la realidad y, francamente, el tiempo de trabajo ya no es poco. No es un proceso que se est\u00e9 iniciando. Las comparaciones, dicen, son odiosas. Yo no creo que sean odiosas, a lo sumo duelen.\u00a0 En el mejor de los casos, uno de los pibes va a entrar y nos va a tapar la boca a todos los que la vemos feucha, pero en ese caso tambi\u00e9n deberemos recordar aquello de que \u201cuna golondrina no hace verano\u201d.<\/p>\n<p style=\"text-align: justify;\">Miremos el vaso lleno. Con trabajo y profesionalismo, al final de la temporada estaremos preocupados por los refuerzos que puedan llegar y no temiendo que no se vayan algunos jugadores que inexplicablemente (o con explicaciones que nos dar\u00edan verg\u00fcenza y juicios) llegaron a ponerse la camiseta de Pe\u00f1arol.<\/p>\n<div align=\"center\"><div id=\"polls-15\" class=\"wp-polls\">\n\t\t<p style=\"text-align: center; margin-bottom:10px;\"><strong>\u00bfCre\u00e9s que Pe\u00f1arol es el equipo que se reforz\u00f3 mejor y que tiene el plantel m\u00e1s completo?<\/strong><\/p><div id=\"polls-15-ans\" class=\"wp-polls-ans\"><ul class=\"wp-polls-ul\">\n\t\t<li>S\u00ed <small>(91%, 936 votos)<\/small><div class=\"pollbar\" style=\"width: 91%;\" title=\"S\u00ed (91% | 936 votos)\"><\/div><\/li>\n\t\t<li>No <small>(9%, 93 votos)<\/small><div class=\"pollbar\" style=\"width: 9%;\" title=\"No (9% | 93 votos)\"><\/div><\/li>\n\t\t<\/ul><p style=\"text-align: center;\">Total de votantes: <strong>1.028<\/strong><\/p><\/div>\n\t\t<input type=\"hidden\" id=\"poll_15_nonce\" name=\"wp-polls-nonce\" value=\"ce3ab859d6\" \/>\n<\/div>\n<\/div>\n<p><a href=\"https:\/\/www.padreydecano.com\/cms\/tag\/amsterdam-agotada\/\"><img decoding=\"async\" class=\"alignright foto-sin-formato\" src=\"https:\/\/www.padreydecano.com\/cms\/wp-users-files\/autor-columna\/amsterdam-agotada.jpg\" alt=\"\" \/><\/a><\/p>\n","protected":false},"excerpt":{"rendered":"<p>Los nombres de las contrataciones carboneras son conocidos y si uno visita esta web, m\u00e1s todav\u00eda. En esta oportunidad, el per\u00edodo de pases nos deja una de cal y una de arena. Vamos por las buenas primero. Los dirigentes entendieron exactamente qu\u00e9 estaba precisando Pe\u00f1arol. Hombres con personalidad, tipos a los que no les pese [&hellip;]<\/p>\n","protected":false},"author":13,"featured_media":25971,"comment_status":"open","ping_status":"closed","sticky":false,"template":"","format":"standard","meta":{"footnotes":""},"categories":[28,74],"tags":[79],"yoast_head":"<!-- This site is optimized with the Yoast SEO plugin v23.2 - https:\/\/yoast.com\/wordpress\/plugins\/seo\/ -->\n<title>Las contrataciones prometen - Padre y Decano - El Sitio del Pueblo<\/title>\n<meta name=\"robots\" content=\"index, follow, max-snippet:-1, max-image-preview:large, max-video-preview:-1\" \/>\n<link rel=\"canonical\" href=\"https:\/\/www.padreydecano.com\/cms\/columnas\/las-contrataciones-prometen\/\" \/>\n<meta property=\"og:locale\" content=\"es_ES\" \/>\n<meta property=\"og:type\" content=\"article\" \/>\n<meta property=\"og:title\" content=\"Las contrataciones prometen - Padre y Decano - El Sitio del Pueblo\" \/>\n<meta property=\"og:description\" content=\"Los nombres de las contrataciones carboneras son conocidos y si uno visita esta web, m\u00e1s todav\u00eda. En esta oportunidad, el per\u00edodo de pases nos deja una de cal y una de arena. Vamos por las buenas primero. Los dirigentes entendieron exactamente qu\u00e9 estaba precisando Pe\u00f1arol. Hombres con personalidad, tipos a los que no les pese [&hellip;]\" \/>\n<meta property=\"og:url\" content=\"https:\/\/www.padreydecano.com\/cms\/columnas\/las-contrataciones-prometen\/\" \/>\n<meta property=\"og:site_name\" content=\"Padre y Decano - El Sitio del Pueblo\" \/>\n<meta property=\"article:published_time\" content=\"2012-08-21T16:06:54+00:00\" \/>\n<meta property=\"article:modified_time\" content=\"2012-08-21T17:00:26+00:00\" \/>\n<meta property=\"og:image\" content=\"https:\/\/www.padreydecano.com\/cms\/wp-content\/uploads\/2012\/07\/DSC_0127-Copy.jpg\" \/>\n\t<meta property=\"og:image:width\" content=\"720\" \/>\n\t<meta property=\"og:image:height\" content=\"479\" \/>\n\t<meta property=\"og:image:type\" content=\"image\/jpeg\" \/>\n<meta name=\"author\" content=\"Moderador\" \/>\n<meta name=\"twitter:card\" content=\"summary_large_image\" \/>\n<meta name=\"twitter:label1\" content=\"Escrito por\" \/>\n\t<meta name=\"twitter:data1\" content=\"Moderador\" \/>\n\t<meta name=\"twitter:label2\" content=\"Tiempo de lectura\" \/>\n\t<meta name=\"twitter:data2\" content=\"2 minutos\" \/>\n<script type=\"application\/ld+json\" class=\"yoast-schema-graph\">{\"@context\":\"https:\/\/schema.org\",\"@graph\":[{\"@type\":\"Article\",\"@id\":\"https:\/\/www.padreydecano.com\/cms\/columnas\/las-contrataciones-prometen\/#article\",\"isPartOf\":{\"@id\":\"https:\/\/www.padreydecano.com\/cms\/columnas\/las-contrataciones-prometen\/\"},\"author\":{\"name\":\"Moderador\",\"@id\":\"https:\/\/www.padreydecano.com\/cms\/#\/schema\/person\/d93e9e537230ae052c194251d9a1def2\"},\"headline\":\"Las contrataciones prometen\",\"datePublished\":\"2012-08-21T16:06:54+00:00\",\"dateModified\":\"2012-08-21T17:00:26+00:00\",\"mainEntityOfPage\":{\"@id\":\"https:\/\/www.padreydecano.com\/cms\/columnas\/las-contrataciones-prometen\/\"},\"wordCount\":308,\"commentCount\":20,\"publisher\":{\"@id\":\"https:\/\/www.padreydecano.com\/cms\/#organization\"},\"image\":{\"@id\":\"https:\/\/www.padreydecano.com\/cms\/columnas\/las-contrataciones-prometen\/#primaryimage\"},\"thumbnailUrl\":\"https:\/\/www.padreydecano.com\/cms\/wp-content\/uploads\/2012\/07\/DSC_0127-Copy.jpg\",\"keywords\":[\"Amsterdam Agotada\"],\"articleSection\":[\"Columnas\",\"Encuestas\"],\"inLanguage\":\"es\",\"potentialAction\":[{\"@type\":\"CommentAction\",\"name\":\"Comment\",\"target\":[\"https:\/\/www.padreydecano.com\/cms\/columnas\/las-contrataciones-prometen\/#respond\"]}]},{\"@type\":\"WebPage\",\"@id\":\"https:\/\/www.padreydecano.com\/cms\/columnas\/las-contrataciones-prometen\/\",\"url\":\"https:\/\/www.padreydecano.com\/cms\/columnas\/las-contrataciones-prometen\/\",\"name\":\"Las contrataciones prometen - Padre y Decano - El Sitio del Pueblo\",\"isPartOf\":{\"@id\":\"https:\/\/www.padreydecano.com\/cms\/#website\"},\"primaryImageOfPage\":{\"@id\":\"https:\/\/www.padreydecano.com\/cms\/columnas\/las-contrataciones-prometen\/#primaryimage\"},\"image\":{\"@id\":\"https:\/\/www.padreydecano.com\/cms\/columnas\/las-contrataciones-prometen\/#primaryimage\"},\"thumbnailUrl\":\"https:\/\/www.padreydecano.com\/cms\/wp-content\/uploads\/2012\/07\/DSC_0127-Copy.jpg\",\"datePublished\":\"2012-08-21T16:06:54+00:00\",\"dateModified\":\"2012-08-21T17:00:26+00:00\",\"breadcrumb\":{\"@id\":\"https:\/\/www.padreydecano.com\/cms\/columnas\/las-contrataciones-prometen\/#breadcrumb\"},\"inLanguage\":\"es\",\"potentialAction\":[{\"@type\":\"ReadAction\",\"target\":[\"https:\/\/www.padreydecano.com\/cms\/columnas\/las-contrataciones-prometen\/\"]}]},{\"@type\":\"ImageObject\",\"inLanguage\":\"es\",\"@id\":\"https:\/\/www.padreydecano.com\/cms\/columnas\/las-contrataciones-prometen\/#primaryimage\",\"url\":\"https:\/\/www.padreydecano.com\/cms\/wp-content\/uploads\/2012\/07\/DSC_0127-Copy.jpg\",\"contentUrl\":\"https:\/\/www.padreydecano.com\/cms\/wp-content\/uploads\/2012\/07\/DSC_0127-Copy.jpg\",\"width\":\"720\",\"height\":\"479\"},{\"@type\":\"BreadcrumbList\",\"@id\":\"https:\/\/www.padreydecano.com\/cms\/columnas\/las-contrataciones-prometen\/#breadcrumb\",\"itemListElement\":[{\"@type\":\"ListItem\",\"position\":1,\"name\":\"Portada\",\"item\":\"https:\/\/www.padreydecano.com\/cms\/\"},{\"@type\":\"ListItem\",\"position\":2,\"name\":\"Las contrataciones prometen\"}]},{\"@type\":\"WebSite\",\"@id\":\"https:\/\/www.padreydecano.com\/cms\/#website\",\"url\":\"https:\/\/www.padreydecano.com\/cms\/\",\"name\":\"Padre y Decano - El Sitio del Pueblo\",\"description\":\"Club Atl\u00e9tico Pe\u00f1arol\",\"publisher\":{\"@id\":\"https:\/\/www.padreydecano.com\/cms\/#organization\"},\"potentialAction\":[{\"@type\":\"SearchAction\",\"target\":{\"@type\":\"EntryPoint\",\"urlTemplate\":\"https:\/\/www.padreydecano.com\/cms\/?s={search_term_string}\"},\"query-input\":\"required name=search_term_string\"}],\"inLanguage\":\"es\"},{\"@type\":\"Organization\",\"@id\":\"https:\/\/www.padreydecano.com\/cms\/#organization\",\"name\":\"Padre y Decano\",\"url\":\"https:\/\/www.padreydecano.com\/cms\/\",\"logo\":{\"@type\":\"ImageObject\",\"inLanguage\":\"es\",\"@id\":\"https:\/\/www.padreydecano.com\/cms\/#\/schema\/logo\/image\/\",\"url\":\"https:\/\/www.padreydecano.com\/cms\/wp-content\/uploads\/2022\/01\/avatar-square.png\",\"contentUrl\":\"https:\/\/www.padreydecano.com\/cms\/wp-content\/uploads\/2022\/01\/avatar-square.png\",\"width\":1500,\"height\":1500,\"caption\":\"Padre y Decano\"},\"image\":{\"@id\":\"https:\/\/www.padreydecano.com\/cms\/#\/schema\/logo\/image\/\"}},{\"@type\":\"Person\",\"@id\":\"https:\/\/www.padreydecano.com\/cms\/#\/schema\/person\/d93e9e537230ae052c194251d9a1def2\",\"name\":\"Moderador\",\"image\":{\"@type\":\"ImageObject\",\"inLanguage\":\"es\",\"@id\":\"https:\/\/www.padreydecano.com\/cms\/#\/schema\/person\/image\/\",\"url\":\"https:\/\/secure.gravatar.com\/avatar\/2587727bf8a53bd3da4ec49f01bea66e?s=96&d=https%3A%2F%2Fpadreydecano.com%2Fcms%2Fwp-content%2Fthemes%2Fpyd-theme%2Fimg%2Fdefault-avatar.png&r=g\",\"contentUrl\":\"https:\/\/secure.gravatar.com\/avatar\/2587727bf8a53bd3da4ec49f01bea66e?s=96&d=https%3A%2F%2Fpadreydecano.com%2Fcms%2Fwp-content%2Fthemes%2Fpyd-theme%2Fimg%2Fdefault-avatar.png&r=g\",\"caption\":\"Moderador\"}}]}<\/script>\n<!-- \/ Yoast SEO plugin. -->","yoast_head_json":{"title":"Las contrataciones prometen - Padre y Decano - El Sitio del Pueblo","robots":{"index":"index","follow":"follow","max-snippet":"max-snippet:-1","max-image-preview":"max-image-preview:large","max-video-preview":"max-video-preview:-1"},"canonical":"https:\/\/www.padreydecano.com\/cms\/columnas\/las-contrataciones-prometen\/","og_locale":"es_ES","og_type":"article","og_title":"Las contrataciones prometen - Padre y Decano - El Sitio del Pueblo","og_description":"Los nombres de las contrataciones carboneras son conocidos y si uno visita esta web, m\u00e1s todav\u00eda. En esta oportunidad, el per\u00edodo de pases nos deja una de cal y una de arena. Vamos por las buenas primero. Los dirigentes entendieron exactamente qu\u00e9 estaba precisando Pe\u00f1arol. Hombres con personalidad, tipos a los que no les pese [&hellip;]","og_url":"https:\/\/www.padreydecano.com\/cms\/columnas\/las-contrataciones-prometen\/","og_site_name":"Padre y Decano - El Sitio del Pueblo","article_published_time":"2012-08-21T16:06:54+00:00","article_modified_time":"2012-08-21T17:00:26+00:00","og_image":[{"width":720,"height":479,"url":"https:\/\/www.padreydecano.com\/cms\/wp-content\/uploads\/2012\/07\/DSC_0127-Copy.jpg","type":"image\/jpeg"}],"author":"Moderador","twitter_card":"summary_large_image","twitter_misc":{"Escrito por":"Moderador","Tiempo de lectura":"2 minutos"},"schema":{"@context":"https:\/\/schema.org","@graph":[{"@type":"Article","@id":"https:\/\/www.padreydecano.com\/cms\/columnas\/las-contrataciones-prometen\/#article","isPartOf":{"@id":"https:\/\/www.padreydecano.com\/cms\/columnas\/las-contrataciones-prometen\/"},"author":{"name":"Moderador","@id":"https:\/\/www.padreydecano.com\/cms\/#\/schema\/person\/d93e9e537230ae052c194251d9a1def2"},"headline":"Las contrataciones prometen","datePublished":"2012-08-21T16:06:54+00:00","dateModified":"2012-08-21T17:00:26+00:00","mainEntityOfPage":{"@id":"https:\/\/www.padreydecano.com\/cms\/columnas\/las-contrataciones-prometen\/"},"wordCount":308,"commentCount":20,"publisher":{"@id":"https:\/\/www.padreydecano.com\/cms\/#organization"},"image":{"@id":"https:\/\/www.padreydecano.com\/cms\/columnas\/las-contrataciones-prometen\/#primaryimage"},"thumbnailUrl":"https:\/\/www.padreydecano.com\/cms\/wp-content\/uploads\/2012\/07\/DSC_0127-Copy.jpg","keywords":["Amsterdam Agotada"],"articleSection":["Columnas","Encuestas"],"inLanguage":"es","potentialAction":[{"@type":"CommentAction","name":"Comment","target":["https:\/\/www.padreydecano.com\/cms\/columnas\/las-contrataciones-prometen\/#respond"]}]},{"@type":"WebPage","@id":"https:\/\/www.padreydecano.com\/cms\/columnas\/las-contrataciones-prometen\/","url":"https:\/\/www.padreydecano.com\/cms\/columnas\/las-contrataciones-prometen\/","name":"Las contrataciones prometen - Padre y Decano - El Sitio del Pueblo","isPartOf":{"@id":"https:\/\/www.padreydecano.com\/cms\/#website"},"primaryImageOfPage":{"@id":"https:\/\/www.padreydecano.com\/cms\/columnas\/las-contrataciones-prometen\/#primaryimage"},"image":{"@id":"https:\/\/www.padreydecano.com\/cms\/columnas\/las-contrataciones-prometen\/#primaryimage"},"thumbnailUrl":"https:\/\/www.padreydecano.com\/cms\/wp-content\/uploads\/2012\/07\/DSC_0127-Copy.jpg","datePublished":"2012-08-21T16:06:54+00:00","dateModified":"2012-08-21T17:00:26+00:00","breadcrumb":{"@id":"https:\/\/www.padreydecano.com\/cms\/columnas\/las-contrataciones-prometen\/#breadcrumb"},"inLanguage":"es","potentialAction":[{"@type":"ReadAction","target":["https:\/\/www.padreydecano.com\/cms\/columnas\/las-contrataciones-prometen\/"]}]},{"@type":"ImageObject","inLanguage":"es","@id":"https:\/\/www.padreydecano.com\/cms\/columnas\/las-contrataciones-prometen\/#primaryimage","url":"https:\/\/www.padreydecano.com\/cms\/wp-content\/uploads\/2012\/07\/DSC_0127-Copy.jpg","contentUrl":"https:\/\/www.padreydecano.com\/cms\/wp-content\/uploads\/2012\/07\/DSC_0127-Copy.jpg","width":"720","height":"479"},{"@type":"BreadcrumbList","@id":"https:\/\/www.padreydecano.com\/cms\/columnas\/las-contrataciones-prometen\/#breadcrumb","itemListElement":[{"@type":"ListItem","position":1,"name":"Portada","item":"https:\/\/www.padreydecano.com\/cms\/"},{"@type":"ListItem","position":2,"name":"Las contrataciones prometen"}]},{"@type":"WebSite","@id":"https:\/\/www.padreydecano.com\/cms\/#website","url":"https:\/\/www.padreydecano.com\/cms\/","name":"Padre y Decano - El Sitio del Pueblo","description":"Club Atl\u00e9tico Pe\u00f1arol","publisher":{"@id":"https:\/\/www.padreydecano.com\/cms\/#organization"},"potentialAction":[{"@type":"SearchAction","target":{"@type":"EntryPoint","urlTemplate":"https:\/\/www.padreydecano.com\/cms\/?s={search_term_string}"},"query-input":"required name=search_term_string"}],"inLanguage":"es"},{"@type":"Organization","@id":"https:\/\/www.padreydecano.com\/cms\/#organization","name":"Padre y Decano","url":"https:\/\/www.padreydecano.com\/cms\/","logo":{"@type":"ImageObject","inLanguage":"es","@id":"https:\/\/www.padreydecano.com\/cms\/#\/schema\/logo\/image\/","url":"https:\/\/www.padreydecano.com\/cms\/wp-content\/uploads\/2022\/01\/avatar-square.png","contentUrl":"https:\/\/www.padreydecano.com\/cms\/wp-content\/uploads\/2022\/01\/avatar-square.png","width":1500,"height":1500,"caption":"Padre y Decano"},"image":{"@id":"https:\/\/www.padreydecano.com\/cms\/#\/schema\/logo\/image\/"}},{"@type":"Person","@id":"https:\/\/www.padreydecano.com\/cms\/#\/schema\/person\/d93e9e537230ae052c194251d9a1def2","name":"Moderador","image":{"@type":"ImageObject","inLanguage":"es","@id":"https:\/\/www.padreydecano.com\/cms\/#\/schema\/person\/image\/","url":"https:\/\/secure.gravatar.com\/avatar\/2587727bf8a53bd3da4ec49f01bea66e?s=96&d=https%3A%2F%2Fpadreydecano.com%2Fcms%2Fwp-content%2Fthemes%2Fpyd-theme%2Fimg%2Fdefault-avatar.png&r=g","contentUrl":"https:\/\/secure.gravatar.com\/avatar\/2587727bf8a53bd3da4ec49f01bea66e?s=96&d=https%3A%2F%2Fpadreydecano.com%2Fcms%2Fwp-content%2Fthemes%2Fpyd-theme%2Fimg%2Fdefault-avatar.png&r=g","caption":"Moderador"}}]}},"_links":{"self":[{"href":"https:\/\/www.padreydecano.com\/cms\/wp-json\/wp\/v2\/posts\/28725"}],"collection":[{"href":"https:\/\/www.padreydecano.com\/cms\/wp-json\/wp\/v2\/posts"}],"about":[{"href":"https:\/\/www.padreydecano.com\/cms\/wp-json\/wp\/v2\/types\/post"}],"author":[{"embeddable":true,"href":"https:\/\/www.padreydecano.com\/cms\/wp-json\/wp\/v2\/users\/13"}],"replies":[{"embeddable":true,"href":"https:\/\/www.padreydecano.com\/cms\/wp-json\/wp\/v2\/comments?post=28725"}],"version-history":[{"count":0,"href":"https:\/\/www.padreydecano.com\/cms\/wp-json\/wp\/v2\/posts\/28725\/revisions"}],"wp:featuredmedia":[{"embeddable":true,"href":"https:\/\/www.padreydecano.com\/cms\/wp-json\/wp\/v2\/media\/25971"}],"wp:attachment":[{"href":"https:\/\/www.padreydecano.com\/cms\/wp-json\/wp\/v2\/media?parent=28725"}],"wp:term":[{"taxonomy":"category","embeddable":true,"href":"https:\/\/www.padreydecano.com\/cms\/wp-json\/wp\/v2\/categories?post=28725"},{"taxonomy":"post_tag","embeddable":true,"href":"https:\/\/www.padreydecano.com\/cms\/wp-json\/wp\/v2\/tags?post=28725"}],"curies":[{"name":"wp","href":"https:\/\/api.w.org\/{rel}","templated":true}]}}