{"id":28720,"date":"2012-08-24T09:00:13","date_gmt":"2012-08-24T12:00:13","guid":{"rendered":"http:\/\/www.padreydecano.com\/cms\/?p=28720"},"modified":"2012-08-24T08:45:02","modified_gmt":"2012-08-24T11:45:02","slug":"con-la-ilusion-de-siempre","status":"publish","type":"post","link":"https:\/\/www.padreydecano.com\/cms\/columnas\/con-la-ilusion-de-siempre\/","title":{"rendered":"Con la ilusi\u00f3n de siempre"},"content":{"rendered":"<p style=\"text-align: justify;\"><a href=\"https:\/\/www.padreydecano.com\/cms\/wp-content\/uploads\/2012\/04\/DSC_0311-Copiar1.jpg\" rel=\"shadowbox[sbpost-28720];player=img;\"><img loading=\"lazy\" decoding=\"async\" class=\"alignright  wp-image-21753\" src=\"https:\/\/www.padreydecano.com\/cms\/wp-content\/uploads\/2012\/04\/DSC_0311-Copiar1-300x199.jpg\" alt=\"\" width=\"273\" height=\"181\" srcset=\"https:\/\/www.padreydecano.com\/cms\/wp-content\/uploads\/2012\/04\/DSC_0311-Copiar1-300x199.jpg 300w, https:\/\/www.padreydecano.com\/cms\/wp-content\/uploads\/2012\/04\/DSC_0311-Copiar1.jpg 797w\" sizes=\"(max-width: 273px) 100vw, 273px\" \/><\/a><strong>El domingo arranca un nuevo campeonato<\/strong>, una nueva oportunidad que se nos presenta para volver a lo m\u00e1s alto del pa\u00eds, lugar que conseguimos alcanzar s\u00f3lo dos veces en los \u00faltimos trece a\u00f1os; las dos con <a title=\"Diego Vicente Aguirre\" href=\"https:\/\/www.padreydecano.com\/cms\/idolos\/diego-vicente-aguirre\/\" target=\"_blank\">Diego Aguirre<\/a> al frente del equipo.<\/p>\n<p style=\"text-align: justify;\"><strong>El domingo comienza una nueva etapa<\/strong> para demostrar que no es casualidad que tenemos m\u00e1s campeonatos uruguayos que cualquier otro club del pa\u00eds y que tenemos la obligaci\u00f3n de salir campe\u00f3n porque la historia as\u00ed lo demanda.<\/p>\n<p style=\"text-align: justify;\"><strong>El domingo vuelven los precios de \u00f3pera,<\/strong> fijados por los cuadros chicos (aunque inicialmente pedidos por la actual dirigencia del club) que buscan salvar el a\u00f1o recaudando con la hinchada m\u00e1s numerosa de Uruguay, olvid\u00e1ndose que el f\u00fatbol es un deporte popular e impidiendo que la familia se acerque a ver el espect\u00e1culo.<\/p>\n<p style=\"text-align: justify;\"><strong>El domingo vuelve como todos los a\u00f1os, el constante discurso de la prensa<\/strong> de que a Pe\u00f1arol lo favorecen los arbitrajes, sin querer ver que a\u00f1o a a\u00f1o los beneficiados son otros, tanto en los cl\u00e1sicos como en los partidos definitorios.<\/p>\n<p style=\"text-align: justify;\"><strong>El domingo nace una nueva ilusi\u00f3n<\/strong> de ver estos dos colores mostr\u00e1ndole al mundo que Pe\u00f1arol es un gigante dormido, que busca despertarse de una siesta que se ha alargado m\u00e1s de la cuenta, responsabilidad de t\u00e9cnicos, jugadores, dirigentes y muchos otros culpables de la peor \u00e9poca de la historia del club.<\/p>\n<p style=\"text-align: justify;\"><strong>El domingo vuelve el f\u00fatbol uruguayo,<\/strong> con sus irregularidades, fechas atrasadas, cambios en la fijaci\u00f3n de las canchas, clubes que deben plata a los jugadores e igual son habilitados incumpliendo el reglamento y todas las cosas a las que estamos acostumbrados.<\/p>\n<p style=\"text-align: justify;\"><span style=\"color: #ffcc00;\"><strong>Pero por sobre todas las cosas, el domingo vuelve a jugar Pe\u00f1arol,<\/strong><\/span> y ah\u00ed vamos a estar con la ilusi\u00f3n de siempre, como cada fin de semana, como cada partido, como cada vez que la amarilla y negra se asoma por el t\u00fanel; transform\u00e1ndose en una tradici\u00f3n interminable, donde los dem\u00e1s fieles se transforman en nuestra familia, donde pas\u00e9 los momentos m\u00e1s emocionantes de mi vida, donde llor\u00e9 y me alegr\u00e9 al mismo tiempo, donde sufr\u00ed y donde me volv\u00ed loco de alegr\u00eda. Porque a pesar de los resultados y malos momentos de los \u00faltimos tiempos, lo \u00fanico que nunca falt\u00f3 fue el apoyo de la gente, que en la buenas y en las malas siempre est\u00e1 con Pe\u00f1arol.<\/p>\n<p style=\"text-align: justify;\"><span style=\"color: #ffcc00;\"><strong>Volver\u00e9 siempre a verte, por amor, y porque as\u00ed lo siento.<\/strong><\/span><\/p>\n<p><a href=\"https:\/\/www.padreydecano.com\/cms\/tag\/dr-curcc\/\"><img decoding=\"async\" class=\"alignright foto-sin-formato\" src=\"https:\/\/www.padreydecano.com\/cms\/wp-users-files\/autor-columna\/drcurcc.jpg\" alt=\"\" \/><\/a><\/p>\n","protected":false},"excerpt":{"rendered":"<p>El domingo arranca un nuevo campeonato, una nueva oportunidad que se nos presenta para volver a lo m\u00e1s alto del pa\u00eds, lugar que conseguimos alcanzar s\u00f3lo dos veces en los \u00faltimos trece a\u00f1os; las dos con Diego Aguirre al frente del equipo. El domingo comienza una nueva etapa para demostrar que no es casualidad que [&hellip;]<\/p>\n","protected":false},"author":3,"featured_media":28917,"comment_status":"open","ping_status":"closed","sticky":false,"template":"","format":"standard","meta":{"footnotes":""},"categories":[28],"tags":[78],"yoast_head":"<!-- This site is optimized with the Yoast SEO plugin v23.2 - https:\/\/yoast.com\/wordpress\/plugins\/seo\/ -->\n<title>Con la ilusi\u00f3n de siempre - Padre y Decano - El Sitio del Pueblo<\/title>\n<meta name=\"robots\" content=\"index, follow, max-snippet:-1, max-image-preview:large, max-video-preview:-1\" \/>\n<link rel=\"canonical\" href=\"https:\/\/www.padreydecano.com\/cms\/columnas\/con-la-ilusion-de-siempre\/\" \/>\n<meta property=\"og:locale\" content=\"es_ES\" \/>\n<meta property=\"og:type\" content=\"article\" \/>\n<meta property=\"og:title\" content=\"Con la ilusi\u00f3n de siempre - Padre y Decano - El Sitio del Pueblo\" \/>\n<meta property=\"og:description\" content=\"El domingo arranca un nuevo campeonato, una nueva oportunidad que se nos presenta para volver a lo m\u00e1s alto del pa\u00eds, lugar que conseguimos alcanzar s\u00f3lo dos veces en los \u00faltimos trece a\u00f1os; las dos con Diego Aguirre al frente del equipo. El domingo comienza una nueva etapa para demostrar que no es casualidad que [&hellip;]\" \/>\n<meta property=\"og:url\" content=\"https:\/\/www.padreydecano.com\/cms\/columnas\/con-la-ilusion-de-siempre\/\" \/>\n<meta property=\"og:site_name\" content=\"Padre y Decano - El Sitio del Pueblo\" \/>\n<meta property=\"article:published_time\" content=\"2012-08-24T12:00:13+00:00\" \/>\n<meta property=\"article:modified_time\" content=\"2012-08-24T11:45:02+00:00\" \/>\n<meta property=\"og:image\" content=\"https:\/\/www.padreydecano.com\/cms\/wp-content\/uploads\/2012\/08\/100_6189-1024x768.jpg\" \/>\n\t<meta property=\"og:image:width\" content=\"1024\" \/>\n\t<meta property=\"og:image:height\" content=\"768\" \/>\n\t<meta property=\"og:image:type\" content=\"image\/jpeg\" \/>\n<meta name=\"author\" content=\"1891\" \/>\n<meta name=\"twitter:card\" content=\"summary_large_image\" \/>\n<meta name=\"twitter:label1\" content=\"Escrito por\" \/>\n\t<meta name=\"twitter:data1\" content=\"1891\" \/>\n\t<meta name=\"twitter:label2\" content=\"Tiempo de lectura\" \/>\n\t<meta name=\"twitter:data2\" content=\"2 minutos\" \/>\n<script type=\"application\/ld+json\" class=\"yoast-schema-graph\">{\"@context\":\"https:\/\/schema.org\",\"@graph\":[{\"@type\":\"Article\",\"@id\":\"https:\/\/www.padreydecano.com\/cms\/columnas\/con-la-ilusion-de-siempre\/#article\",\"isPartOf\":{\"@id\":\"https:\/\/www.padreydecano.com\/cms\/columnas\/con-la-ilusion-de-siempre\/\"},\"author\":{\"name\":\"1891\",\"@id\":\"https:\/\/www.padreydecano.com\/cms\/#\/schema\/person\/5607c72c38a1537a151b24d1e67535e0\"},\"headline\":\"Con la ilusi\u00f3n de siempre\",\"datePublished\":\"2012-08-24T12:00:13+00:00\",\"dateModified\":\"2012-08-24T11:45:02+00:00\",\"mainEntityOfPage\":{\"@id\":\"https:\/\/www.padreydecano.com\/cms\/columnas\/con-la-ilusion-de-siempre\/\"},\"wordCount\":436,\"commentCount\":9,\"publisher\":{\"@id\":\"https:\/\/www.padreydecano.com\/cms\/#organization\"},\"image\":{\"@id\":\"https:\/\/www.padreydecano.com\/cms\/columnas\/con-la-ilusion-de-siempre\/#primaryimage\"},\"thumbnailUrl\":\"https:\/\/www.padreydecano.com\/cms\/wp-content\/uploads\/2012\/08\/100_6189.jpg\",\"keywords\":[\"Dr. CURCC\"],\"articleSection\":[\"Columnas\"],\"inLanguage\":\"es\",\"potentialAction\":[{\"@type\":\"CommentAction\",\"name\":\"Comment\",\"target\":[\"https:\/\/www.padreydecano.com\/cms\/columnas\/con-la-ilusion-de-siempre\/#respond\"]}]},{\"@type\":\"WebPage\",\"@id\":\"https:\/\/www.padreydecano.com\/cms\/columnas\/con-la-ilusion-de-siempre\/\",\"url\":\"https:\/\/www.padreydecano.com\/cms\/columnas\/con-la-ilusion-de-siempre\/\",\"name\":\"Con la ilusi\u00f3n de siempre - Padre y Decano - El Sitio del Pueblo\",\"isPartOf\":{\"@id\":\"https:\/\/www.padreydecano.com\/cms\/#website\"},\"primaryImageOfPage\":{\"@id\":\"https:\/\/www.padreydecano.com\/cms\/columnas\/con-la-ilusion-de-siempre\/#primaryimage\"},\"image\":{\"@id\":\"https:\/\/www.padreydecano.com\/cms\/columnas\/con-la-ilusion-de-siempre\/#primaryimage\"},\"thumbnailUrl\":\"https:\/\/www.padreydecano.com\/cms\/wp-content\/uploads\/2012\/08\/100_6189.jpg\",\"datePublished\":\"2012-08-24T12:00:13+00:00\",\"dateModified\":\"2012-08-24T11:45:02+00:00\",\"breadcrumb\":{\"@id\":\"https:\/\/www.padreydecano.com\/cms\/columnas\/con-la-ilusion-de-siempre\/#breadcrumb\"},\"inLanguage\":\"es\",\"potentialAction\":[{\"@type\":\"ReadAction\",\"target\":[\"https:\/\/www.padreydecano.com\/cms\/columnas\/con-la-ilusion-de-siempre\/\"]}]},{\"@type\":\"ImageObject\",\"inLanguage\":\"es\",\"@id\":\"https:\/\/www.padreydecano.com\/cms\/columnas\/con-la-ilusion-de-siempre\/#primaryimage\",\"url\":\"https:\/\/www.padreydecano.com\/cms\/wp-content\/uploads\/2012\/08\/100_6189.jpg\",\"contentUrl\":\"https:\/\/www.padreydecano.com\/cms\/wp-content\/uploads\/2012\/08\/100_6189.jpg\",\"width\":\"2048\",\"height\":\"1536\"},{\"@type\":\"BreadcrumbList\",\"@id\":\"https:\/\/www.padreydecano.com\/cms\/columnas\/con-la-ilusion-de-siempre\/#breadcrumb\",\"itemListElement\":[{\"@type\":\"ListItem\",\"position\":1,\"name\":\"Portada\",\"item\":\"https:\/\/www.padreydecano.com\/cms\/\"},{\"@type\":\"ListItem\",\"position\":2,\"name\":\"Con la ilusi\u00f3n de siempre\"}]},{\"@type\":\"WebSite\",\"@id\":\"https:\/\/www.padreydecano.com\/cms\/#website\",\"url\":\"https:\/\/www.padreydecano.com\/cms\/\",\"name\":\"Padre y Decano - El Sitio del Pueblo\",\"description\":\"Club Atl\u00e9tico Pe\u00f1arol\",\"publisher\":{\"@id\":\"https:\/\/www.padreydecano.com\/cms\/#organization\"},\"potentialAction\":[{\"@type\":\"SearchAction\",\"target\":{\"@type\":\"EntryPoint\",\"urlTemplate\":\"https:\/\/www.padreydecano.com\/cms\/?s={search_term_string}\"},\"query-input\":\"required name=search_term_string\"}],\"inLanguage\":\"es\"},{\"@type\":\"Organization\",\"@id\":\"https:\/\/www.padreydecano.com\/cms\/#organization\",\"name\":\"Padre y Decano\",\"url\":\"https:\/\/www.padreydecano.com\/cms\/\",\"logo\":{\"@type\":\"ImageObject\",\"inLanguage\":\"es\",\"@id\":\"https:\/\/www.padreydecano.com\/cms\/#\/schema\/logo\/image\/\",\"url\":\"https:\/\/www.padreydecano.com\/cms\/wp-content\/uploads\/2022\/01\/avatar-square.png\",\"contentUrl\":\"https:\/\/www.padreydecano.com\/cms\/wp-content\/uploads\/2022\/01\/avatar-square.png\",\"width\":1500,\"height\":1500,\"caption\":\"Padre y Decano\"},\"image\":{\"@id\":\"https:\/\/www.padreydecano.com\/cms\/#\/schema\/logo\/image\/\"}},{\"@type\":\"Person\",\"@id\":\"https:\/\/www.padreydecano.com\/cms\/#\/schema\/person\/5607c72c38a1537a151b24d1e67535e0\",\"name\":\"1891\",\"image\":{\"@type\":\"ImageObject\",\"inLanguage\":\"es\",\"@id\":\"https:\/\/www.padreydecano.com\/cms\/#\/schema\/person\/image\/\",\"url\":\"https:\/\/secure.gravatar.com\/avatar\/29d4d1b0d523a21898e8cf9585d259d3?s=96&d=https%3A%2F%2Fpadreydecano.com%2Fcms%2Fwp-content%2Fthemes%2Fpyd-theme%2Fimg%2Fdefault-avatar.png&r=g\",\"contentUrl\":\"https:\/\/secure.gravatar.com\/avatar\/29d4d1b0d523a21898e8cf9585d259d3?s=96&d=https%3A%2F%2Fpadreydecano.com%2Fcms%2Fwp-content%2Fthemes%2Fpyd-theme%2Fimg%2Fdefault-avatar.png&r=g\",\"caption\":\"1891\"}}]}<\/script>\n<!-- \/ Yoast SEO plugin. -->","yoast_head_json":{"title":"Con la ilusi\u00f3n de siempre - Padre y Decano - El Sitio del Pueblo","robots":{"index":"index","follow":"follow","max-snippet":"max-snippet:-1","max-image-preview":"max-image-preview:large","max-video-preview":"max-video-preview:-1"},"canonical":"https:\/\/www.padreydecano.com\/cms\/columnas\/con-la-ilusion-de-siempre\/","og_locale":"es_ES","og_type":"article","og_title":"Con la ilusi\u00f3n de siempre - Padre y Decano - El Sitio del Pueblo","og_description":"El domingo arranca un nuevo campeonato, una nueva oportunidad que se nos presenta para volver a lo m\u00e1s alto del pa\u00eds, lugar que conseguimos alcanzar s\u00f3lo dos veces en los \u00faltimos trece a\u00f1os; las dos con Diego Aguirre al frente del equipo. El domingo comienza una nueva etapa para demostrar que no es casualidad que [&hellip;]","og_url":"https:\/\/www.padreydecano.com\/cms\/columnas\/con-la-ilusion-de-siempre\/","og_site_name":"Padre y Decano - El Sitio del Pueblo","article_published_time":"2012-08-24T12:00:13+00:00","article_modified_time":"2012-08-24T11:45:02+00:00","og_image":[{"width":1024,"height":768,"url":"https:\/\/www.padreydecano.com\/cms\/wp-content\/uploads\/2012\/08\/100_6189-1024x768.jpg","type":"image\/jpeg"}],"author":"1891","twitter_card":"summary_large_image","twitter_misc":{"Escrito por":"1891","Tiempo de lectura":"2 minutos"},"schema":{"@context":"https:\/\/schema.org","@graph":[{"@type":"Article","@id":"https:\/\/www.padreydecano.com\/cms\/columnas\/con-la-ilusion-de-siempre\/#article","isPartOf":{"@id":"https:\/\/www.padreydecano.com\/cms\/columnas\/con-la-ilusion-de-siempre\/"},"author":{"name":"1891","@id":"https:\/\/www.padreydecano.com\/cms\/#\/schema\/person\/5607c72c38a1537a151b24d1e67535e0"},"headline":"Con la ilusi\u00f3n de siempre","datePublished":"2012-08-24T12:00:13+00:00","dateModified":"2012-08-24T11:45:02+00:00","mainEntityOfPage":{"@id":"https:\/\/www.padreydecano.com\/cms\/columnas\/con-la-ilusion-de-siempre\/"},"wordCount":436,"commentCount":9,"publisher":{"@id":"https:\/\/www.padreydecano.com\/cms\/#organization"},"image":{"@id":"https:\/\/www.padreydecano.com\/cms\/columnas\/con-la-ilusion-de-siempre\/#primaryimage"},"thumbnailUrl":"https:\/\/www.padreydecano.com\/cms\/wp-content\/uploads\/2012\/08\/100_6189.jpg","keywords":["Dr. CURCC"],"articleSection":["Columnas"],"inLanguage":"es","potentialAction":[{"@type":"CommentAction","name":"Comment","target":["https:\/\/www.padreydecano.com\/cms\/columnas\/con-la-ilusion-de-siempre\/#respond"]}]},{"@type":"WebPage","@id":"https:\/\/www.padreydecano.com\/cms\/columnas\/con-la-ilusion-de-siempre\/","url":"https:\/\/www.padreydecano.com\/cms\/columnas\/con-la-ilusion-de-siempre\/","name":"Con la ilusi\u00f3n de siempre - Padre y Decano - El Sitio del Pueblo","isPartOf":{"@id":"https:\/\/www.padreydecano.com\/cms\/#website"},"primaryImageOfPage":{"@id":"https:\/\/www.padreydecano.com\/cms\/columnas\/con-la-ilusion-de-siempre\/#primaryimage"},"image":{"@id":"https:\/\/www.padreydecano.com\/cms\/columnas\/con-la-ilusion-de-siempre\/#primaryimage"},"thumbnailUrl":"https:\/\/www.padreydecano.com\/cms\/wp-content\/uploads\/2012\/08\/100_6189.jpg","datePublished":"2012-08-24T12:00:13+00:00","dateModified":"2012-08-24T11:45:02+00:00","breadcrumb":{"@id":"https:\/\/www.padreydecano.com\/cms\/columnas\/con-la-ilusion-de-siempre\/#breadcrumb"},"inLanguage":"es","potentialAction":[{"@type":"ReadAction","target":["https:\/\/www.padreydecano.com\/cms\/columnas\/con-la-ilusion-de-siempre\/"]}]},{"@type":"ImageObject","inLanguage":"es","@id":"https:\/\/www.padreydecano.com\/cms\/columnas\/con-la-ilusion-de-siempre\/#primaryimage","url":"https:\/\/www.padreydecano.com\/cms\/wp-content\/uploads\/2012\/08\/100_6189.jpg","contentUrl":"https:\/\/www.padreydecano.com\/cms\/wp-content\/uploads\/2012\/08\/100_6189.jpg","width":"2048","height":"1536"},{"@type":"BreadcrumbList","@id":"https:\/\/www.padreydecano.com\/cms\/columnas\/con-la-ilusion-de-siempre\/#breadcrumb","itemListElement":[{"@type":"ListItem","position":1,"name":"Portada","item":"https:\/\/www.padreydecano.com\/cms\/"},{"@type":"ListItem","position":2,"name":"Con la ilusi\u00f3n de siempre"}]},{"@type":"WebSite","@id":"https:\/\/www.padreydecano.com\/cms\/#website","url":"https:\/\/www.padreydecano.com\/cms\/","name":"Padre y Decano - El Sitio del Pueblo","description":"Club Atl\u00e9tico Pe\u00f1arol","publisher":{"@id":"https:\/\/www.padreydecano.com\/cms\/#organization"},"potentialAction":[{"@type":"SearchAction","target":{"@type":"EntryPoint","urlTemplate":"https:\/\/www.padreydecano.com\/cms\/?s={search_term_string}"},"query-input":"required name=search_term_string"}],"inLanguage":"es"},{"@type":"Organization","@id":"https:\/\/www.padreydecano.com\/cms\/#organization","name":"Padre y Decano","url":"https:\/\/www.padreydecano.com\/cms\/","logo":{"@type":"ImageObject","inLanguage":"es","@id":"https:\/\/www.padreydecano.com\/cms\/#\/schema\/logo\/image\/","url":"https:\/\/www.padreydecano.com\/cms\/wp-content\/uploads\/2022\/01\/avatar-square.png","contentUrl":"https:\/\/www.padreydecano.com\/cms\/wp-content\/uploads\/2022\/01\/avatar-square.png","width":1500,"height":1500,"caption":"Padre y Decano"},"image":{"@id":"https:\/\/www.padreydecano.com\/cms\/#\/schema\/logo\/image\/"}},{"@type":"Person","@id":"https:\/\/www.padreydecano.com\/cms\/#\/schema\/person\/5607c72c38a1537a151b24d1e67535e0","name":"1891","image":{"@type":"ImageObject","inLanguage":"es","@id":"https:\/\/www.padreydecano.com\/cms\/#\/schema\/person\/image\/","url":"https:\/\/secure.gravatar.com\/avatar\/29d4d1b0d523a21898e8cf9585d259d3?s=96&d=https%3A%2F%2Fpadreydecano.com%2Fcms%2Fwp-content%2Fthemes%2Fpyd-theme%2Fimg%2Fdefault-avatar.png&r=g","contentUrl":"https:\/\/secure.gravatar.com\/avatar\/29d4d1b0d523a21898e8cf9585d259d3?s=96&d=https%3A%2F%2Fpadreydecano.com%2Fcms%2Fwp-content%2Fthemes%2Fpyd-theme%2Fimg%2Fdefault-avatar.png&r=g","caption":"1891"}}]}},"_links":{"self":[{"href":"https:\/\/www.padreydecano.com\/cms\/wp-json\/wp\/v2\/posts\/28720"}],"collection":[{"href":"https:\/\/www.padreydecano.com\/cms\/wp-json\/wp\/v2\/posts"}],"about":[{"href":"https:\/\/www.padreydecano.com\/cms\/wp-json\/wp\/v2\/types\/post"}],"author":[{"embeddable":true,"href":"https:\/\/www.padreydecano.com\/cms\/wp-json\/wp\/v2\/users\/3"}],"replies":[{"embeddable":true,"href":"https:\/\/www.padreydecano.com\/cms\/wp-json\/wp\/v2\/comments?post=28720"}],"version-history":[{"count":0,"href":"https:\/\/www.padreydecano.com\/cms\/wp-json\/wp\/v2\/posts\/28720\/revisions"}],"wp:featuredmedia":[{"embeddable":true,"href":"https:\/\/www.padreydecano.com\/cms\/wp-json\/wp\/v2\/media\/28917"}],"wp:attachment":[{"href":"https:\/\/www.padreydecano.com\/cms\/wp-json\/wp\/v2\/media?parent=28720"}],"wp:term":[{"taxonomy":"category","embeddable":true,"href":"https:\/\/www.padreydecano.com\/cms\/wp-json\/wp\/v2\/categories?post=28720"},{"taxonomy":"post_tag","embeddable":true,"href":"https:\/\/www.padreydecano.com\/cms\/wp-json\/wp\/v2\/tags?post=28720"}],"curies":[{"name":"wp","href":"https:\/\/api.w.org\/{rel}","templated":true}]}}