{"id":28708,"date":"2012-08-20T18:07:56","date_gmt":"2012-08-20T21:07:56","guid":{"rendered":"http:\/\/www.padreydecano.com\/cms\/?p=28708"},"modified":"2012-08-22T18:40:28","modified_gmt":"2012-08-22T21:40:28","slug":"meritorio-segundo-puesto-en-argentina","status":"publish","type":"post","link":"https:\/\/www.padreydecano.com\/cms\/otras-disciplinas\/meritorio-segundo-puesto-en-argentina\/","title":{"rendered":"Meritorio segundo puesto en Argentina"},"content":{"rendered":"<div id=\"attachment_28710\" style=\"width: 250px\" class=\"wp-caption alignright\"><a href=\"https:\/\/www.padreydecano.com\/cms\/wp-content\/uploads\/2012\/08\/futsal-segundo-puesto-copamatchpoint.jpg\" rel=\"shadowbox[sbpost-28708];player=img;\"><img loading=\"lazy\" decoding=\"async\" aria-describedby=\"caption-attachment-28710\" class=\" wp-image-28710\" src=\"https:\/\/www.padreydecano.com\/cms\/wp-content\/uploads\/2012\/08\/futsal-segundo-puesto-copamatchpoint-300x225.jpg\" alt=\"\" width=\"240\" height=\"180\" srcset=\"https:\/\/www.padreydecano.com\/cms\/wp-content\/uploads\/2012\/08\/futsal-segundo-puesto-copamatchpoint-300x225.jpg 300w, https:\/\/www.padreydecano.com\/cms\/wp-content\/uploads\/2012\/08\/futsal-segundo-puesto-copamatchpoint.jpg 960w\" sizes=\"(max-width: 240px) 100vw, 240px\" \/><\/a><p id=\"caption-attachment-28710\" class=\"wp-caption-text\">Foto: La Voz del Futsal v\u00eda El Show del Futbol Sala<\/p><\/div>\n<p style=\"text-align: justify;\">El primer equipo de futsal obtuvo el segundo puesto de la Copa Match Point en Buenos Aires tras lamentablemente caer 5 a 4 ante Villa La \u00d1ata en la apasionante final. Los carboneros, que <a title=\"Futsal: Empate en el debut\" href=\"https:\/\/www.padreydecano.com\/cms\/otras-disciplinas\/futsal-empate-en-el-debut\/\" target=\"_blank\">hab\u00edan empatado ante Fisiomedia Manacor<\/a> y <a title=\"Pe\u00f1arol le gan\u00f3 al juvenil Pinocho\" href=\"https:\/\/www.padreydecano.com\/cms\/otras-disciplinas\/penarol-le-gano-al-juvenil-pinocho\/\" target=\"_blank\">derrotado a Pinocho<\/a>, ganaron su grupo.<\/p>\n<p style=\"text-align: justify;\">El reglamento indicaba que cada equipo deb\u00eda presentar un mayor de 45 a\u00f1os en la final, por lo que los argentinos incluyeron al \u00a0gobernador Daniel Scioli y Pe\u00f1arol altern\u00f3 a Gabriel Dist\u00e9fano y Horacio Ataida.<\/p>\n<p style=\"text-align: justify;\">El partido arranc\u00f3 desfavorable para nosotros, ya que a los 2 minutos los argentinos abrieron el tanteador. Diez minutos despu\u00e9s, Villa La \u00d1ata ampli\u00f3 la ventaja y se puso 2 a 0. Pero Pe\u00f1arol no se rend\u00eda, y el Nico Ordoqui descont\u00f3 dos minutos despu\u00e9s.<\/p>\n<p style=\"text-align: justify;\">El partido era din\u00e1mico y no daba respiro. Un minuto despu\u00e9s, nuevamente los argentinos anotaron, y marcaron el 3 a 1 pero Ordoqui volvi\u00f3 a hacerse presente en el marcador y anot\u00f3 el 2-3 con el que nos fuimos al descanso.<\/p>\n<p style=\"text-align: justify;\">Villa La \u00d1ata sac\u00f3 otra vez ventaja de dos en la mitad del complemento, pero con goles de Maxi Silveira y Diego Arjona logramos llegar al trabajoso empate. El partido se nos escap\u00f3 en los \u00faltimos segundos y los argentinos se quedaron con el t\u00edtulo.<\/p>\n<p style=\"text-align: justify;\">M\u00e1s all\u00e1 de haber perdido el t\u00edtulo, es importante destacar la actuaci\u00f3n del equipo dirigido por Anibal Roba, que obtuvo un empate ante el equipo profesional espa\u00f1ol y una victoria ante el multicampe\u00f3n Pinocho. El <a title=\"Pe\u00f1arol campe\u00f3n del Torneo Metropolitano\" href=\"https:\/\/www.padreydecano.com\/cms\/otras-disciplinas\/penarol-campeon-del-torneo-metropolitano\/\" target=\"_blank\">campe\u00f3n invicto del futsal uruguayo<\/a> sigue creciendo d\u00eda a d\u00eda, y este tipo de giras contribuyen para seguir mejorando el nivel futbol\u00edstico que en nuestro medio es pr\u00e1cticamente imbatible. Felicitaciones a todo el plantel.<\/p>\n<p style=\"text-align: justify;\">\n","protected":false},"excerpt":{"rendered":"<p>El primer equipo de futsal obtuvo el segundo puesto de la Copa Match Point en Buenos Aires tras lamentablemente caer 5 a 4 ante Villa La \u00d1ata en la apasionante final. Los carboneros, que hab\u00edan empatado ante Fisiomedia Manacor y derrotado a Pinocho, ganaron su grupo. El reglamento indicaba que cada equipo deb\u00eda presentar un [&hellip;]<\/p>\n","protected":false},"author":13,"featured_media":0,"comment_status":"open","ping_status":"closed","sticky":false,"template":"","format":"standard","meta":{"footnotes":""},"categories":[27],"tags":[34],"yoast_head":"<!-- This site is optimized with the Yoast SEO plugin v23.2 - https:\/\/yoast.com\/wordpress\/plugins\/seo\/ -->\n<title>Meritorio segundo puesto en Argentina - Padre y Decano - El Sitio del Pueblo<\/title>\n<meta name=\"robots\" content=\"index, follow, max-snippet:-1, max-image-preview:large, max-video-preview:-1\" \/>\n<link rel=\"canonical\" href=\"https:\/\/www.padreydecano.com\/cms\/otras-disciplinas\/meritorio-segundo-puesto-en-argentina\/\" \/>\n<meta property=\"og:locale\" content=\"es_ES\" \/>\n<meta property=\"og:type\" content=\"article\" \/>\n<meta property=\"og:title\" content=\"Meritorio segundo puesto en Argentina - Padre y Decano - El Sitio del Pueblo\" \/>\n<meta property=\"og:description\" content=\"El primer equipo de futsal obtuvo el segundo puesto de la Copa Match Point en Buenos Aires tras lamentablemente caer 5 a 4 ante Villa La \u00d1ata en la apasionante final. Los carboneros, que hab\u00edan empatado ante Fisiomedia Manacor y derrotado a Pinocho, ganaron su grupo. El reglamento indicaba que cada equipo deb\u00eda presentar un [&hellip;]\" \/>\n<meta property=\"og:url\" content=\"https:\/\/www.padreydecano.com\/cms\/otras-disciplinas\/meritorio-segundo-puesto-en-argentina\/\" \/>\n<meta property=\"og:site_name\" content=\"Padre y Decano - El Sitio del Pueblo\" \/>\n<meta property=\"article:published_time\" content=\"2012-08-20T21:07:56+00:00\" \/>\n<meta property=\"article:modified_time\" content=\"2012-08-22T21:40:28+00:00\" \/>\n<meta property=\"og:image\" content=\"http:\/\/www.padreydecano.com\/cms\/wp-content\/uploads\/2012\/08\/futsal-segundo-puesto-copamatchpoint-300x225.jpg\" \/>\n<meta name=\"author\" content=\"Moderador\" \/>\n<meta name=\"twitter:card\" content=\"summary_large_image\" \/>\n<meta name=\"twitter:label1\" content=\"Escrito por\" \/>\n\t<meta name=\"twitter:data1\" content=\"Moderador\" \/>\n\t<meta name=\"twitter:label2\" content=\"Tiempo de lectura\" \/>\n\t<meta name=\"twitter:data2\" content=\"2 minutos\" \/>\n<script type=\"application\/ld+json\" class=\"yoast-schema-graph\">{\"@context\":\"https:\/\/schema.org\",\"@graph\":[{\"@type\":\"Article\",\"@id\":\"https:\/\/www.padreydecano.com\/cms\/otras-disciplinas\/meritorio-segundo-puesto-en-argentina\/#article\",\"isPartOf\":{\"@id\":\"https:\/\/www.padreydecano.com\/cms\/otras-disciplinas\/meritorio-segundo-puesto-en-argentina\/\"},\"author\":{\"name\":\"Moderador\",\"@id\":\"https:\/\/www.padreydecano.com\/cms\/#\/schema\/person\/d93e9e537230ae052c194251d9a1def2\"},\"headline\":\"Meritorio segundo puesto en Argentina\",\"datePublished\":\"2012-08-20T21:07:56+00:00\",\"dateModified\":\"2012-08-22T21:40:28+00:00\",\"mainEntityOfPage\":{\"@id\":\"https:\/\/www.padreydecano.com\/cms\/otras-disciplinas\/meritorio-segundo-puesto-en-argentina\/\"},\"wordCount\":319,\"commentCount\":3,\"publisher\":{\"@id\":\"https:\/\/www.padreydecano.com\/cms\/#organization\"},\"image\":{\"@id\":\"https:\/\/www.padreydecano.com\/cms\/otras-disciplinas\/meritorio-segundo-puesto-en-argentina\/#primaryimage\"},\"thumbnailUrl\":\"http:\/\/www.padreydecano.com\/cms\/wp-content\/uploads\/2012\/08\/futsal-segundo-puesto-copamatchpoint-300x225.jpg\",\"keywords\":[\"Futsal\"],\"articleSection\":[\"Otras disciplinas\"],\"inLanguage\":\"es\",\"potentialAction\":[{\"@type\":\"CommentAction\",\"name\":\"Comment\",\"target\":[\"https:\/\/www.padreydecano.com\/cms\/otras-disciplinas\/meritorio-segundo-puesto-en-argentina\/#respond\"]}]},{\"@type\":\"WebPage\",\"@id\":\"https:\/\/www.padreydecano.com\/cms\/otras-disciplinas\/meritorio-segundo-puesto-en-argentina\/\",\"url\":\"https:\/\/www.padreydecano.com\/cms\/otras-disciplinas\/meritorio-segundo-puesto-en-argentina\/\",\"name\":\"Meritorio segundo puesto en Argentina - Padre y Decano - El Sitio del Pueblo\",\"isPartOf\":{\"@id\":\"https:\/\/www.padreydecano.com\/cms\/#website\"},\"primaryImageOfPage\":{\"@id\":\"https:\/\/www.padreydecano.com\/cms\/otras-disciplinas\/meritorio-segundo-puesto-en-argentina\/#primaryimage\"},\"image\":{\"@id\":\"https:\/\/www.padreydecano.com\/cms\/otras-disciplinas\/meritorio-segundo-puesto-en-argentina\/#primaryimage\"},\"thumbnailUrl\":\"http:\/\/www.padreydecano.com\/cms\/wp-content\/uploads\/2012\/08\/futsal-segundo-puesto-copamatchpoint-300x225.jpg\",\"datePublished\":\"2012-08-20T21:07:56+00:00\",\"dateModified\":\"2012-08-22T21:40:28+00:00\",\"breadcrumb\":{\"@id\":\"https:\/\/www.padreydecano.com\/cms\/otras-disciplinas\/meritorio-segundo-puesto-en-argentina\/#breadcrumb\"},\"inLanguage\":\"es\",\"potentialAction\":[{\"@type\":\"ReadAction\",\"target\":[\"https:\/\/www.padreydecano.com\/cms\/otras-disciplinas\/meritorio-segundo-puesto-en-argentina\/\"]}]},{\"@type\":\"ImageObject\",\"inLanguage\":\"es\",\"@id\":\"https:\/\/www.padreydecano.com\/cms\/otras-disciplinas\/meritorio-segundo-puesto-en-argentina\/#primaryimage\",\"url\":\"http:\/\/www.padreydecano.com\/cms\/wp-content\/uploads\/2012\/08\/futsal-segundo-puesto-copamatchpoint-300x225.jpg\",\"contentUrl\":\"http:\/\/www.padreydecano.com\/cms\/wp-content\/uploads\/2012\/08\/futsal-segundo-puesto-copamatchpoint-300x225.jpg\"},{\"@type\":\"BreadcrumbList\",\"@id\":\"https:\/\/www.padreydecano.com\/cms\/otras-disciplinas\/meritorio-segundo-puesto-en-argentina\/#breadcrumb\",\"itemListElement\":[{\"@type\":\"ListItem\",\"position\":1,\"name\":\"Portada\",\"item\":\"https:\/\/www.padreydecano.com\/cms\/\"},{\"@type\":\"ListItem\",\"position\":2,\"name\":\"Meritorio segundo puesto en Argentina\"}]},{\"@type\":\"WebSite\",\"@id\":\"https:\/\/www.padreydecano.com\/cms\/#website\",\"url\":\"https:\/\/www.padreydecano.com\/cms\/\",\"name\":\"Padre y Decano - El Sitio del Pueblo\",\"description\":\"Club Atl\u00e9tico Pe\u00f1arol\",\"publisher\":{\"@id\":\"https:\/\/www.padreydecano.com\/cms\/#organization\"},\"potentialAction\":[{\"@type\":\"SearchAction\",\"target\":{\"@type\":\"EntryPoint\",\"urlTemplate\":\"https:\/\/www.padreydecano.com\/cms\/?s={search_term_string}\"},\"query-input\":\"required name=search_term_string\"}],\"inLanguage\":\"es\"},{\"@type\":\"Organization\",\"@id\":\"https:\/\/www.padreydecano.com\/cms\/#organization\",\"name\":\"Padre y Decano\",\"url\":\"https:\/\/www.padreydecano.com\/cms\/\",\"logo\":{\"@type\":\"ImageObject\",\"inLanguage\":\"es\",\"@id\":\"https:\/\/www.padreydecano.com\/cms\/#\/schema\/logo\/image\/\",\"url\":\"https:\/\/www.padreydecano.com\/cms\/wp-content\/uploads\/2022\/01\/avatar-square.png\",\"contentUrl\":\"https:\/\/www.padreydecano.com\/cms\/wp-content\/uploads\/2022\/01\/avatar-square.png\",\"width\":1500,\"height\":1500,\"caption\":\"Padre y Decano\"},\"image\":{\"@id\":\"https:\/\/www.padreydecano.com\/cms\/#\/schema\/logo\/image\/\"}},{\"@type\":\"Person\",\"@id\":\"https:\/\/www.padreydecano.com\/cms\/#\/schema\/person\/d93e9e537230ae052c194251d9a1def2\",\"name\":\"Moderador\",\"image\":{\"@type\":\"ImageObject\",\"inLanguage\":\"es\",\"@id\":\"https:\/\/www.padreydecano.com\/cms\/#\/schema\/person\/image\/\",\"url\":\"https:\/\/secure.gravatar.com\/avatar\/2587727bf8a53bd3da4ec49f01bea66e?s=96&d=https%3A%2F%2Fpadreydecano.com%2Fcms%2Fwp-content%2Fthemes%2Fpyd-theme%2Fimg%2Fdefault-avatar.png&r=g\",\"contentUrl\":\"https:\/\/secure.gravatar.com\/avatar\/2587727bf8a53bd3da4ec49f01bea66e?s=96&d=https%3A%2F%2Fpadreydecano.com%2Fcms%2Fwp-content%2Fthemes%2Fpyd-theme%2Fimg%2Fdefault-avatar.png&r=g\",\"caption\":\"Moderador\"}}]}<\/script>\n<!-- \/ Yoast SEO plugin. -->","yoast_head_json":{"title":"Meritorio segundo puesto en Argentina - Padre y Decano - El Sitio del Pueblo","robots":{"index":"index","follow":"follow","max-snippet":"max-snippet:-1","max-image-preview":"max-image-preview:large","max-video-preview":"max-video-preview:-1"},"canonical":"https:\/\/www.padreydecano.com\/cms\/otras-disciplinas\/meritorio-segundo-puesto-en-argentina\/","og_locale":"es_ES","og_type":"article","og_title":"Meritorio segundo puesto en Argentina - Padre y Decano - El Sitio del Pueblo","og_description":"El primer equipo de futsal obtuvo el segundo puesto de la Copa Match Point en Buenos Aires tras lamentablemente caer 5 a 4 ante Villa La \u00d1ata en la apasionante final. Los carboneros, que hab\u00edan empatado ante Fisiomedia Manacor y derrotado a Pinocho, ganaron su grupo. El reglamento indicaba que cada equipo deb\u00eda presentar un [&hellip;]","og_url":"https:\/\/www.padreydecano.com\/cms\/otras-disciplinas\/meritorio-segundo-puesto-en-argentina\/","og_site_name":"Padre y Decano - El Sitio del Pueblo","article_published_time":"2012-08-20T21:07:56+00:00","article_modified_time":"2012-08-22T21:40:28+00:00","og_image":[{"url":"http:\/\/www.padreydecano.com\/cms\/wp-content\/uploads\/2012\/08\/futsal-segundo-puesto-copamatchpoint-300x225.jpg"}],"author":"Moderador","twitter_card":"summary_large_image","twitter_misc":{"Escrito por":"Moderador","Tiempo de lectura":"2 minutos"},"schema":{"@context":"https:\/\/schema.org","@graph":[{"@type":"Article","@id":"https:\/\/www.padreydecano.com\/cms\/otras-disciplinas\/meritorio-segundo-puesto-en-argentina\/#article","isPartOf":{"@id":"https:\/\/www.padreydecano.com\/cms\/otras-disciplinas\/meritorio-segundo-puesto-en-argentina\/"},"author":{"name":"Moderador","@id":"https:\/\/www.padreydecano.com\/cms\/#\/schema\/person\/d93e9e537230ae052c194251d9a1def2"},"headline":"Meritorio segundo puesto en Argentina","datePublished":"2012-08-20T21:07:56+00:00","dateModified":"2012-08-22T21:40:28+00:00","mainEntityOfPage":{"@id":"https:\/\/www.padreydecano.com\/cms\/otras-disciplinas\/meritorio-segundo-puesto-en-argentina\/"},"wordCount":319,"commentCount":3,"publisher":{"@id":"https:\/\/www.padreydecano.com\/cms\/#organization"},"image":{"@id":"https:\/\/www.padreydecano.com\/cms\/otras-disciplinas\/meritorio-segundo-puesto-en-argentina\/#primaryimage"},"thumbnailUrl":"http:\/\/www.padreydecano.com\/cms\/wp-content\/uploads\/2012\/08\/futsal-segundo-puesto-copamatchpoint-300x225.jpg","keywords":["Futsal"],"articleSection":["Otras disciplinas"],"inLanguage":"es","potentialAction":[{"@type":"CommentAction","name":"Comment","target":["https:\/\/www.padreydecano.com\/cms\/otras-disciplinas\/meritorio-segundo-puesto-en-argentina\/#respond"]}]},{"@type":"WebPage","@id":"https:\/\/www.padreydecano.com\/cms\/otras-disciplinas\/meritorio-segundo-puesto-en-argentina\/","url":"https:\/\/www.padreydecano.com\/cms\/otras-disciplinas\/meritorio-segundo-puesto-en-argentina\/","name":"Meritorio segundo puesto en Argentina - Padre y Decano - El Sitio del Pueblo","isPartOf":{"@id":"https:\/\/www.padreydecano.com\/cms\/#website"},"primaryImageOfPage":{"@id":"https:\/\/www.padreydecano.com\/cms\/otras-disciplinas\/meritorio-segundo-puesto-en-argentina\/#primaryimage"},"image":{"@id":"https:\/\/www.padreydecano.com\/cms\/otras-disciplinas\/meritorio-segundo-puesto-en-argentina\/#primaryimage"},"thumbnailUrl":"http:\/\/www.padreydecano.com\/cms\/wp-content\/uploads\/2012\/08\/futsal-segundo-puesto-copamatchpoint-300x225.jpg","datePublished":"2012-08-20T21:07:56+00:00","dateModified":"2012-08-22T21:40:28+00:00","breadcrumb":{"@id":"https:\/\/www.padreydecano.com\/cms\/otras-disciplinas\/meritorio-segundo-puesto-en-argentina\/#breadcrumb"},"inLanguage":"es","potentialAction":[{"@type":"ReadAction","target":["https:\/\/www.padreydecano.com\/cms\/otras-disciplinas\/meritorio-segundo-puesto-en-argentina\/"]}]},{"@type":"ImageObject","inLanguage":"es","@id":"https:\/\/www.padreydecano.com\/cms\/otras-disciplinas\/meritorio-segundo-puesto-en-argentina\/#primaryimage","url":"http:\/\/www.padreydecano.com\/cms\/wp-content\/uploads\/2012\/08\/futsal-segundo-puesto-copamatchpoint-300x225.jpg","contentUrl":"http:\/\/www.padreydecano.com\/cms\/wp-content\/uploads\/2012\/08\/futsal-segundo-puesto-copamatchpoint-300x225.jpg"},{"@type":"BreadcrumbList","@id":"https:\/\/www.padreydecano.com\/cms\/otras-disciplinas\/meritorio-segundo-puesto-en-argentina\/#breadcrumb","itemListElement":[{"@type":"ListItem","position":1,"name":"Portada","item":"https:\/\/www.padreydecano.com\/cms\/"},{"@type":"ListItem","position":2,"name":"Meritorio segundo puesto en Argentina"}]},{"@type":"WebSite","@id":"https:\/\/www.padreydecano.com\/cms\/#website","url":"https:\/\/www.padreydecano.com\/cms\/","name":"Padre y Decano - El Sitio del Pueblo","description":"Club Atl\u00e9tico Pe\u00f1arol","publisher":{"@id":"https:\/\/www.padreydecano.com\/cms\/#organization"},"potentialAction":[{"@type":"SearchAction","target":{"@type":"EntryPoint","urlTemplate":"https:\/\/www.padreydecano.com\/cms\/?s={search_term_string}"},"query-input":"required name=search_term_string"}],"inLanguage":"es"},{"@type":"Organization","@id":"https:\/\/www.padreydecano.com\/cms\/#organization","name":"Padre y Decano","url":"https:\/\/www.padreydecano.com\/cms\/","logo":{"@type":"ImageObject","inLanguage":"es","@id":"https:\/\/www.padreydecano.com\/cms\/#\/schema\/logo\/image\/","url":"https:\/\/www.padreydecano.com\/cms\/wp-content\/uploads\/2022\/01\/avatar-square.png","contentUrl":"https:\/\/www.padreydecano.com\/cms\/wp-content\/uploads\/2022\/01\/avatar-square.png","width":1500,"height":1500,"caption":"Padre y Decano"},"image":{"@id":"https:\/\/www.padreydecano.com\/cms\/#\/schema\/logo\/image\/"}},{"@type":"Person","@id":"https:\/\/www.padreydecano.com\/cms\/#\/schema\/person\/d93e9e537230ae052c194251d9a1def2","name":"Moderador","image":{"@type":"ImageObject","inLanguage":"es","@id":"https:\/\/www.padreydecano.com\/cms\/#\/schema\/person\/image\/","url":"https:\/\/secure.gravatar.com\/avatar\/2587727bf8a53bd3da4ec49f01bea66e?s=96&d=https%3A%2F%2Fpadreydecano.com%2Fcms%2Fwp-content%2Fthemes%2Fpyd-theme%2Fimg%2Fdefault-avatar.png&r=g","contentUrl":"https:\/\/secure.gravatar.com\/avatar\/2587727bf8a53bd3da4ec49f01bea66e?s=96&d=https%3A%2F%2Fpadreydecano.com%2Fcms%2Fwp-content%2Fthemes%2Fpyd-theme%2Fimg%2Fdefault-avatar.png&r=g","caption":"Moderador"}}]}},"_links":{"self":[{"href":"https:\/\/www.padreydecano.com\/cms\/wp-json\/wp\/v2\/posts\/28708"}],"collection":[{"href":"https:\/\/www.padreydecano.com\/cms\/wp-json\/wp\/v2\/posts"}],"about":[{"href":"https:\/\/www.padreydecano.com\/cms\/wp-json\/wp\/v2\/types\/post"}],"author":[{"embeddable":true,"href":"https:\/\/www.padreydecano.com\/cms\/wp-json\/wp\/v2\/users\/13"}],"replies":[{"embeddable":true,"href":"https:\/\/www.padreydecano.com\/cms\/wp-json\/wp\/v2\/comments?post=28708"}],"version-history":[{"count":0,"href":"https:\/\/www.padreydecano.com\/cms\/wp-json\/wp\/v2\/posts\/28708\/revisions"}],"wp:attachment":[{"href":"https:\/\/www.padreydecano.com\/cms\/wp-json\/wp\/v2\/media?parent=28708"}],"wp:term":[{"taxonomy":"category","embeddable":true,"href":"https:\/\/www.padreydecano.com\/cms\/wp-json\/wp\/v2\/categories?post=28708"},{"taxonomy":"post_tag","embeddable":true,"href":"https:\/\/www.padreydecano.com\/cms\/wp-json\/wp\/v2\/tags?post=28708"}],"curies":[{"name":"wp","href":"https:\/\/api.w.org\/{rel}","templated":true}]}}