{"id":28642,"date":"2012-08-20T14:12:58","date_gmt":"2012-08-20T17:12:58","guid":{"rendered":"http:\/\/www.padreydecano.com\/cms\/?p=28642"},"modified":"2016-03-27T00:10:23","modified_gmt":"2016-03-27T03:10:23","slug":"medios-de-prensa-o-de-presion","status":"publish","type":"post","link":"https:\/\/www.padreydecano.com\/cms\/columnas\/medios-de-prensa-o-de-presion\/","title":{"rendered":"\u00bfMedios de prensa o de presi\u00f3n?"},"content":{"rendered":"<p><a href=\"https:\/\/www.padreydecano.com\/cms\/wp-content\/uploads\/2012\/08\/sembrar.jpg\" rel=\"shadowbox[sbpost-28642];player=img;\"><img loading=\"lazy\" decoding=\"async\" class=\" wp-image-28700 alignright\" src=\"https:\/\/www.padreydecano.com\/cms\/wp-content\/uploads\/2012\/08\/sembrar.jpg\" alt=\"\" width=\"224\" height=\"168\" srcset=\"https:\/\/www.padreydecano.com\/cms\/wp-content\/uploads\/2012\/08\/sembrar.jpg 533w, https:\/\/www.padreydecano.com\/cms\/wp-content\/uploads\/2012\/08\/sembrar-300x225.jpg 300w\" sizes=\"(max-width: 224px) 100vw, 224px\" \/><\/a><\/p>\n<p style=\"text-align: justify;\">Uno se hace esa pregunta cuando ve notas que tienen como objetivo destruir el crecimiento del Club Atl\u00e9tico Pe\u00f1arol y del pa\u00eds.\u00a0Cada vez que queremos construir el estadio, aparece gente que intenta <strong>sembrar miedo o ejercer presi\u00f3n<\/strong> para trancar la construcci\u00f3n sin mirar para adelante.<\/p>\n<p style=\"text-align: justify;\">Lo mismo hicieron cuando se quiso construir el estadio en el Parque Roosevelt. La zona est\u00e1 abandonada; hace a\u00f1os hab\u00eda reclamos de los vecinos por la inseguridad porque es tierra de nadie. Aparece Pe\u00f1arol con un proyecto que no solo era construir el Estadio sino iluminar toda la zona, encargarse del cuidado del parque y sin embargo nada import\u00f3, no se habl\u00f3 m\u00e1s de la inseguridad dentro del parque, la inseguridad pas\u00f3 a generarse si iba la gente de Pe\u00f1arol.<\/p>\n<p style=\"text-align: justify;\">En medio de la disputa, hubo m\u00e1s de 2 asesinatos en el parque pero no fueron noticia relevante ya que no serv\u00eda que se hable de inseguridad porque la idea es transmitir lo de siempre:<strong>\u00a0la gente de Pe\u00f1arol es la que genera la inseguridad<\/strong>.<\/p>\n<p style=\"text-align: justify;\">Luego de tantas idas y vueltas, Pe\u00f1arol no construy\u00f3 su estadio en el Parque Roosevelt y las presiones pol\u00edticas fueron m\u00e1s importantes que la posibilidad de crecimiento y de tener un estadio mundialista para los vecinos de Paso Carrasco.<\/p>\n<p style=\"text-align: justify;\">El jueves pasado la Junta Departamental de Montevideo aprob\u00f3 de forma un\u00e1nime <a href=\"https:\/\/www.padreydecano.com\/cms\/noticias\/la-junta-departamental-dijo-si-al-estadio\/\" target=\"_blank\">el pasaje de zona rural a zona urbana<\/a> del terreno de la Ruta 102 en el que construir\u00edamos el estadio. Enseguida que se aprob\u00f3 el cambio ya empezaron algunos medios a presionar para que el Estadio no se construya armando notas en contra del mismo.<\/p>\n<p style=\"text-align: justify;\">Es todo muy contradictorio, por un lado somos un pa\u00eds que dice querer hacer un Mundial en el 2030 pero no dejamos que un club como Pe\u00f1arol haga <strong>el primer estadio modelo FIFA del pa\u00eds.<\/strong>\u00a0Son pocos los que no quieren eso pero tienen mucho poder, sobre todo en los medios. Esta gente nos trancar\u00eda hasta una remodelaci\u00f3n de Las Acacias.<\/p>\n<p style=\"text-align: justify;\">Hacer un estadio conlleva una generaci\u00f3n importante de fuentes de trabajo y una cancha de primer nivel para el f\u00fatbol uruguayo, pero parece que eso no importa y para El Pa\u00eds es m\u00e1s importante <a href=\"http:\/\/www.elpais.com.uy\/120817\/pciuda-658190\/ciudades\/Junta-aprobo-estadio-de-Penarol-vecinos-y-productores-se-quejan\/\" target=\"_blank\">lo que opina un peque\u00f1o grupo de vecinos<\/a>. La construcci\u00f3n del Estadio de Pe\u00f1arol cuenta con el apoyo de Zona Am\u00e9rica pero parece que es tan importante lo que opinan 4 vecinos que lo que opinan los encargados de uno de los centros econ\u00f3micos m\u00e1s grandes del pa\u00eds, como tambi\u00e9n lo publica el mismo diario <a href=\"http:\/\/www.ovaciondigital.com.uy\/120818\/futnac-658397\/futbolnacional\/Los-dirigentes-de-Penarol-invitados-a-visitar-Zonamerica\/\" target=\"_blank\">en otra nota<\/a>.<\/p>\n<p style=\"text-align: justify;\">En seguida que se supo la noticia del voto positivo de la junta, El Observador <a href=\"http:\/\/www.elobservador.com.uy\/noticia\/230608\/el-estadio-de-la-discordia\/\" target=\"_blank\">hizo una nota<\/a> donde publican lo siguiente:\u00a0<strong>Paola, otra vecina, no ocult\u00f3 su indignaci\u00f3n. \u201cLa gente no est\u00e1 de acuerdo. Ese estadio no va a traer crecimiento para nosotros. Va a denigrar la zona. Ya sabemos c\u00f3mo es la hinchada de Pe\u00f1arol. Va a venir la negrada\u201d, manifest\u00f3.<\/strong><\/p>\n<p style=\"text-align: justify;\">Les aseguro que si se tomaran el trabajo de consultar a los vecinos de La Blanqueada o de los barrios de los otros escenarios deportivos, surgir\u00edan los mismos comentarios y los mismos reclamos, pero claro, como esas canchas ya est\u00e1n construidas, no aporta nada la opini\u00f3n de los vecinos. Pero tambi\u00e9n,\u00a0si hacemos una encuesta real donde se quiere construir el nuevo estadio, va a haber gente que est\u00e9 a favor del estadio, solo que no encajar\u00edan con esos tendenciosos art\u00edculos. Por eso, preferimos poner a Paola hablando de la negrada.<\/p>\n<p style=\"text-align: justify;\"><a href=\"https:\/\/www.padreydecano.com\/cms\/tag\/alergico-a-las-plumas\/\"><img decoding=\"async\" class=\"alignright foto-sin-formato\" src=\"https:\/\/www.padreydecano.com\/cms\/wp-users-files\/autor-columna\/alergico.jpg\" alt=\"\" \/><\/a><\/p>\n","protected":false},"excerpt":{"rendered":"<p>Uno se hace esa pregunta cuando ve notas que tienen como objetivo destruir el crecimiento del Club Atl\u00e9tico Pe\u00f1arol y del pa\u00eds.\u00a0Cada vez que queremos construir el estadio, aparece gente que intenta sembrar miedo o ejercer presi\u00f3n para trancar la construcci\u00f3n sin mirar para adelante. Lo mismo hicieron cuando se quiso construir el estadio en [&hellip;]<\/p>\n","protected":false},"author":2,"featured_media":28700,"comment_status":"open","ping_status":"closed","sticky":false,"template":"","format":"standard","meta":{"footnotes":""},"categories":[28],"tags":[61,115],"yoast_head":"<!-- This site is optimized with the Yoast SEO plugin v23.2 - https:\/\/yoast.com\/wordpress\/plugins\/seo\/ -->\n<title>\u00bfMedios de prensa o de presi\u00f3n? - Padre y Decano - El Sitio del Pueblo<\/title>\n<meta name=\"robots\" content=\"index, follow, max-snippet:-1, max-image-preview:large, max-video-preview:-1\" \/>\n<link rel=\"canonical\" href=\"https:\/\/www.padreydecano.com\/cms\/columnas\/medios-de-prensa-o-de-presion\/\" \/>\n<meta property=\"og:locale\" content=\"es_ES\" \/>\n<meta property=\"og:type\" content=\"article\" \/>\n<meta property=\"og:title\" content=\"\u00bfMedios de prensa o de presi\u00f3n? - Padre y Decano - El Sitio del Pueblo\" \/>\n<meta property=\"og:description\" content=\"Uno se hace esa pregunta cuando ve notas que tienen como objetivo destruir el crecimiento del Club Atl\u00e9tico Pe\u00f1arol y del pa\u00eds.\u00a0Cada vez que queremos construir el estadio, aparece gente que intenta sembrar miedo o ejercer presi\u00f3n para trancar la construcci\u00f3n sin mirar para adelante. Lo mismo hicieron cuando se quiso construir el estadio en [&hellip;]\" \/>\n<meta property=\"og:url\" content=\"https:\/\/www.padreydecano.com\/cms\/columnas\/medios-de-prensa-o-de-presion\/\" \/>\n<meta property=\"og:site_name\" content=\"Padre y Decano - El Sitio del Pueblo\" \/>\n<meta property=\"article:published_time\" content=\"2012-08-20T17:12:58+00:00\" \/>\n<meta property=\"article:modified_time\" content=\"2016-03-27T03:10:23+00:00\" \/>\n<meta property=\"og:image\" content=\"https:\/\/www.padreydecano.com\/cms\/wp-content\/uploads\/2012\/08\/sembrar.jpg\" \/>\n\t<meta property=\"og:image:width\" content=\"533\" \/>\n\t<meta property=\"og:image:height\" content=\"400\" \/>\n\t<meta property=\"og:image:type\" content=\"image\/jpeg\" \/>\n<meta name=\"author\" content=\"Gonzalo16\" \/>\n<meta name=\"twitter:card\" content=\"summary_large_image\" \/>\n<meta name=\"twitter:label1\" content=\"Escrito por\" \/>\n\t<meta name=\"twitter:data1\" content=\"Gonzalo16\" \/>\n\t<meta name=\"twitter:label2\" content=\"Tiempo de lectura\" \/>\n\t<meta name=\"twitter:data2\" content=\"3 minutos\" \/>\n<script type=\"application\/ld+json\" class=\"yoast-schema-graph\">{\"@context\":\"https:\/\/schema.org\",\"@graph\":[{\"@type\":\"Article\",\"@id\":\"https:\/\/www.padreydecano.com\/cms\/columnas\/medios-de-prensa-o-de-presion\/#article\",\"isPartOf\":{\"@id\":\"https:\/\/www.padreydecano.com\/cms\/columnas\/medios-de-prensa-o-de-presion\/\"},\"author\":{\"name\":\"Gonzalo16\",\"@id\":\"https:\/\/www.padreydecano.com\/cms\/#\/schema\/person\/7fe41e3e335700ebd387196df2f9a8d4\"},\"headline\":\"\u00bfMedios de prensa o de presi\u00f3n?\",\"datePublished\":\"2012-08-20T17:12:58+00:00\",\"dateModified\":\"2016-03-27T03:10:23+00:00\",\"mainEntityOfPage\":{\"@id\":\"https:\/\/www.padreydecano.com\/cms\/columnas\/medios-de-prensa-o-de-presion\/\"},\"wordCount\":621,\"commentCount\":43,\"publisher\":{\"@id\":\"https:\/\/www.padreydecano.com\/cms\/#organization\"},\"image\":{\"@id\":\"https:\/\/www.padreydecano.com\/cms\/columnas\/medios-de-prensa-o-de-presion\/#primaryimage\"},\"thumbnailUrl\":\"https:\/\/www.padreydecano.com\/cms\/wp-content\/uploads\/2012\/08\/sembrar.jpg\",\"keywords\":[\"Al\u00e9rgico a las plumas\",\"Estadio\"],\"articleSection\":[\"Columnas\"],\"inLanguage\":\"es\",\"potentialAction\":[{\"@type\":\"CommentAction\",\"name\":\"Comment\",\"target\":[\"https:\/\/www.padreydecano.com\/cms\/columnas\/medios-de-prensa-o-de-presion\/#respond\"]}]},{\"@type\":\"WebPage\",\"@id\":\"https:\/\/www.padreydecano.com\/cms\/columnas\/medios-de-prensa-o-de-presion\/\",\"url\":\"https:\/\/www.padreydecano.com\/cms\/columnas\/medios-de-prensa-o-de-presion\/\",\"name\":\"\u00bfMedios de prensa o de presi\u00f3n? - Padre y Decano - El Sitio del Pueblo\",\"isPartOf\":{\"@id\":\"https:\/\/www.padreydecano.com\/cms\/#website\"},\"primaryImageOfPage\":{\"@id\":\"https:\/\/www.padreydecano.com\/cms\/columnas\/medios-de-prensa-o-de-presion\/#primaryimage\"},\"image\":{\"@id\":\"https:\/\/www.padreydecano.com\/cms\/columnas\/medios-de-prensa-o-de-presion\/#primaryimage\"},\"thumbnailUrl\":\"https:\/\/www.padreydecano.com\/cms\/wp-content\/uploads\/2012\/08\/sembrar.jpg\",\"datePublished\":\"2012-08-20T17:12:58+00:00\",\"dateModified\":\"2016-03-27T03:10:23+00:00\",\"breadcrumb\":{\"@id\":\"https:\/\/www.padreydecano.com\/cms\/columnas\/medios-de-prensa-o-de-presion\/#breadcrumb\"},\"inLanguage\":\"es\",\"potentialAction\":[{\"@type\":\"ReadAction\",\"target\":[\"https:\/\/www.padreydecano.com\/cms\/columnas\/medios-de-prensa-o-de-presion\/\"]}]},{\"@type\":\"ImageObject\",\"inLanguage\":\"es\",\"@id\":\"https:\/\/www.padreydecano.com\/cms\/columnas\/medios-de-prensa-o-de-presion\/#primaryimage\",\"url\":\"https:\/\/www.padreydecano.com\/cms\/wp-content\/uploads\/2012\/08\/sembrar.jpg\",\"contentUrl\":\"https:\/\/www.padreydecano.com\/cms\/wp-content\/uploads\/2012\/08\/sembrar.jpg\",\"width\":\"533\",\"height\":\"400\"},{\"@type\":\"BreadcrumbList\",\"@id\":\"https:\/\/www.padreydecano.com\/cms\/columnas\/medios-de-prensa-o-de-presion\/#breadcrumb\",\"itemListElement\":[{\"@type\":\"ListItem\",\"position\":1,\"name\":\"Portada\",\"item\":\"https:\/\/www.padreydecano.com\/cms\/\"},{\"@type\":\"ListItem\",\"position\":2,\"name\":\"\u00bfMedios de prensa o de presi\u00f3n?\"}]},{\"@type\":\"WebSite\",\"@id\":\"https:\/\/www.padreydecano.com\/cms\/#website\",\"url\":\"https:\/\/www.padreydecano.com\/cms\/\",\"name\":\"Padre y Decano - El Sitio del Pueblo\",\"description\":\"Club Atl\u00e9tico Pe\u00f1arol\",\"publisher\":{\"@id\":\"https:\/\/www.padreydecano.com\/cms\/#organization\"},\"potentialAction\":[{\"@type\":\"SearchAction\",\"target\":{\"@type\":\"EntryPoint\",\"urlTemplate\":\"https:\/\/www.padreydecano.com\/cms\/?s={search_term_string}\"},\"query-input\":\"required name=search_term_string\"}],\"inLanguage\":\"es\"},{\"@type\":\"Organization\",\"@id\":\"https:\/\/www.padreydecano.com\/cms\/#organization\",\"name\":\"Padre y Decano\",\"url\":\"https:\/\/www.padreydecano.com\/cms\/\",\"logo\":{\"@type\":\"ImageObject\",\"inLanguage\":\"es\",\"@id\":\"https:\/\/www.padreydecano.com\/cms\/#\/schema\/logo\/image\/\",\"url\":\"https:\/\/www.padreydecano.com\/cms\/wp-content\/uploads\/2022\/01\/avatar-square.png\",\"contentUrl\":\"https:\/\/www.padreydecano.com\/cms\/wp-content\/uploads\/2022\/01\/avatar-square.png\",\"width\":1500,\"height\":1500,\"caption\":\"Padre y Decano\"},\"image\":{\"@id\":\"https:\/\/www.padreydecano.com\/cms\/#\/schema\/logo\/image\/\"}},{\"@type\":\"Person\",\"@id\":\"https:\/\/www.padreydecano.com\/cms\/#\/schema\/person\/7fe41e3e335700ebd387196df2f9a8d4\",\"name\":\"Gonzalo16\",\"image\":{\"@type\":\"ImageObject\",\"inLanguage\":\"es\",\"@id\":\"https:\/\/www.padreydecano.com\/cms\/#\/schema\/person\/image\/\",\"url\":\"https:\/\/secure.gravatar.com\/avatar\/4d5cdd49803a2313c01f77e3dfc05d81?s=96&d=https%3A%2F%2Fpadreydecano.com%2Fcms%2Fwp-content%2Fthemes%2Fpyd-theme%2Fimg%2Fdefault-avatar.png&r=g\",\"contentUrl\":\"https:\/\/secure.gravatar.com\/avatar\/4d5cdd49803a2313c01f77e3dfc05d81?s=96&d=https%3A%2F%2Fpadreydecano.com%2Fcms%2Fwp-content%2Fthemes%2Fpyd-theme%2Fimg%2Fdefault-avatar.png&r=g\",\"caption\":\"Gonzalo16\"}}]}<\/script>\n<!-- \/ Yoast SEO plugin. -->","yoast_head_json":{"title":"\u00bfMedios de prensa o de presi\u00f3n? - Padre y Decano - El Sitio del Pueblo","robots":{"index":"index","follow":"follow","max-snippet":"max-snippet:-1","max-image-preview":"max-image-preview:large","max-video-preview":"max-video-preview:-1"},"canonical":"https:\/\/www.padreydecano.com\/cms\/columnas\/medios-de-prensa-o-de-presion\/","og_locale":"es_ES","og_type":"article","og_title":"\u00bfMedios de prensa o de presi\u00f3n? - Padre y Decano - El Sitio del Pueblo","og_description":"Uno se hace esa pregunta cuando ve notas que tienen como objetivo destruir el crecimiento del Club Atl\u00e9tico Pe\u00f1arol y del pa\u00eds.\u00a0Cada vez que queremos construir el estadio, aparece gente que intenta sembrar miedo o ejercer presi\u00f3n para trancar la construcci\u00f3n sin mirar para adelante. Lo mismo hicieron cuando se quiso construir el estadio en [&hellip;]","og_url":"https:\/\/www.padreydecano.com\/cms\/columnas\/medios-de-prensa-o-de-presion\/","og_site_name":"Padre y Decano - El Sitio del Pueblo","article_published_time":"2012-08-20T17:12:58+00:00","article_modified_time":"2016-03-27T03:10:23+00:00","og_image":[{"width":533,"height":400,"url":"https:\/\/www.padreydecano.com\/cms\/wp-content\/uploads\/2012\/08\/sembrar.jpg","type":"image\/jpeg"}],"author":"Gonzalo16","twitter_card":"summary_large_image","twitter_misc":{"Escrito por":"Gonzalo16","Tiempo de lectura":"3 minutos"},"schema":{"@context":"https:\/\/schema.org","@graph":[{"@type":"Article","@id":"https:\/\/www.padreydecano.com\/cms\/columnas\/medios-de-prensa-o-de-presion\/#article","isPartOf":{"@id":"https:\/\/www.padreydecano.com\/cms\/columnas\/medios-de-prensa-o-de-presion\/"},"author":{"name":"Gonzalo16","@id":"https:\/\/www.padreydecano.com\/cms\/#\/schema\/person\/7fe41e3e335700ebd387196df2f9a8d4"},"headline":"\u00bfMedios de prensa o de presi\u00f3n?","datePublished":"2012-08-20T17:12:58+00:00","dateModified":"2016-03-27T03:10:23+00:00","mainEntityOfPage":{"@id":"https:\/\/www.padreydecano.com\/cms\/columnas\/medios-de-prensa-o-de-presion\/"},"wordCount":621,"commentCount":43,"publisher":{"@id":"https:\/\/www.padreydecano.com\/cms\/#organization"},"image":{"@id":"https:\/\/www.padreydecano.com\/cms\/columnas\/medios-de-prensa-o-de-presion\/#primaryimage"},"thumbnailUrl":"https:\/\/www.padreydecano.com\/cms\/wp-content\/uploads\/2012\/08\/sembrar.jpg","keywords":["Al\u00e9rgico a las plumas","Estadio"],"articleSection":["Columnas"],"inLanguage":"es","potentialAction":[{"@type":"CommentAction","name":"Comment","target":["https:\/\/www.padreydecano.com\/cms\/columnas\/medios-de-prensa-o-de-presion\/#respond"]}]},{"@type":"WebPage","@id":"https:\/\/www.padreydecano.com\/cms\/columnas\/medios-de-prensa-o-de-presion\/","url":"https:\/\/www.padreydecano.com\/cms\/columnas\/medios-de-prensa-o-de-presion\/","name":"\u00bfMedios de prensa o de presi\u00f3n? - Padre y Decano - El Sitio del Pueblo","isPartOf":{"@id":"https:\/\/www.padreydecano.com\/cms\/#website"},"primaryImageOfPage":{"@id":"https:\/\/www.padreydecano.com\/cms\/columnas\/medios-de-prensa-o-de-presion\/#primaryimage"},"image":{"@id":"https:\/\/www.padreydecano.com\/cms\/columnas\/medios-de-prensa-o-de-presion\/#primaryimage"},"thumbnailUrl":"https:\/\/www.padreydecano.com\/cms\/wp-content\/uploads\/2012\/08\/sembrar.jpg","datePublished":"2012-08-20T17:12:58+00:00","dateModified":"2016-03-27T03:10:23+00:00","breadcrumb":{"@id":"https:\/\/www.padreydecano.com\/cms\/columnas\/medios-de-prensa-o-de-presion\/#breadcrumb"},"inLanguage":"es","potentialAction":[{"@type":"ReadAction","target":["https:\/\/www.padreydecano.com\/cms\/columnas\/medios-de-prensa-o-de-presion\/"]}]},{"@type":"ImageObject","inLanguage":"es","@id":"https:\/\/www.padreydecano.com\/cms\/columnas\/medios-de-prensa-o-de-presion\/#primaryimage","url":"https:\/\/www.padreydecano.com\/cms\/wp-content\/uploads\/2012\/08\/sembrar.jpg","contentUrl":"https:\/\/www.padreydecano.com\/cms\/wp-content\/uploads\/2012\/08\/sembrar.jpg","width":"533","height":"400"},{"@type":"BreadcrumbList","@id":"https:\/\/www.padreydecano.com\/cms\/columnas\/medios-de-prensa-o-de-presion\/#breadcrumb","itemListElement":[{"@type":"ListItem","position":1,"name":"Portada","item":"https:\/\/www.padreydecano.com\/cms\/"},{"@type":"ListItem","position":2,"name":"\u00bfMedios de prensa o de presi\u00f3n?"}]},{"@type":"WebSite","@id":"https:\/\/www.padreydecano.com\/cms\/#website","url":"https:\/\/www.padreydecano.com\/cms\/","name":"Padre y Decano - El Sitio del Pueblo","description":"Club Atl\u00e9tico Pe\u00f1arol","publisher":{"@id":"https:\/\/www.padreydecano.com\/cms\/#organization"},"potentialAction":[{"@type":"SearchAction","target":{"@type":"EntryPoint","urlTemplate":"https:\/\/www.padreydecano.com\/cms\/?s={search_term_string}"},"query-input":"required name=search_term_string"}],"inLanguage":"es"},{"@type":"Organization","@id":"https:\/\/www.padreydecano.com\/cms\/#organization","name":"Padre y Decano","url":"https:\/\/www.padreydecano.com\/cms\/","logo":{"@type":"ImageObject","inLanguage":"es","@id":"https:\/\/www.padreydecano.com\/cms\/#\/schema\/logo\/image\/","url":"https:\/\/www.padreydecano.com\/cms\/wp-content\/uploads\/2022\/01\/avatar-square.png","contentUrl":"https:\/\/www.padreydecano.com\/cms\/wp-content\/uploads\/2022\/01\/avatar-square.png","width":1500,"height":1500,"caption":"Padre y Decano"},"image":{"@id":"https:\/\/www.padreydecano.com\/cms\/#\/schema\/logo\/image\/"}},{"@type":"Person","@id":"https:\/\/www.padreydecano.com\/cms\/#\/schema\/person\/7fe41e3e335700ebd387196df2f9a8d4","name":"Gonzalo16","image":{"@type":"ImageObject","inLanguage":"es","@id":"https:\/\/www.padreydecano.com\/cms\/#\/schema\/person\/image\/","url":"https:\/\/secure.gravatar.com\/avatar\/4d5cdd49803a2313c01f77e3dfc05d81?s=96&d=https%3A%2F%2Fpadreydecano.com%2Fcms%2Fwp-content%2Fthemes%2Fpyd-theme%2Fimg%2Fdefault-avatar.png&r=g","contentUrl":"https:\/\/secure.gravatar.com\/avatar\/4d5cdd49803a2313c01f77e3dfc05d81?s=96&d=https%3A%2F%2Fpadreydecano.com%2Fcms%2Fwp-content%2Fthemes%2Fpyd-theme%2Fimg%2Fdefault-avatar.png&r=g","caption":"Gonzalo16"}}]}},"_links":{"self":[{"href":"https:\/\/www.padreydecano.com\/cms\/wp-json\/wp\/v2\/posts\/28642"}],"collection":[{"href":"https:\/\/www.padreydecano.com\/cms\/wp-json\/wp\/v2\/posts"}],"about":[{"href":"https:\/\/www.padreydecano.com\/cms\/wp-json\/wp\/v2\/types\/post"}],"author":[{"embeddable":true,"href":"https:\/\/www.padreydecano.com\/cms\/wp-json\/wp\/v2\/users\/2"}],"replies":[{"embeddable":true,"href":"https:\/\/www.padreydecano.com\/cms\/wp-json\/wp\/v2\/comments?post=28642"}],"version-history":[{"count":0,"href":"https:\/\/www.padreydecano.com\/cms\/wp-json\/wp\/v2\/posts\/28642\/revisions"}],"wp:featuredmedia":[{"embeddable":true,"href":"https:\/\/www.padreydecano.com\/cms\/wp-json\/wp\/v2\/media\/28700"}],"wp:attachment":[{"href":"https:\/\/www.padreydecano.com\/cms\/wp-json\/wp\/v2\/media?parent=28642"}],"wp:term":[{"taxonomy":"category","embeddable":true,"href":"https:\/\/www.padreydecano.com\/cms\/wp-json\/wp\/v2\/categories?post=28642"},{"taxonomy":"post_tag","embeddable":true,"href":"https:\/\/www.padreydecano.com\/cms\/wp-json\/wp\/v2\/tags?post=28642"}],"curies":[{"name":"wp","href":"https:\/\/api.w.org\/{rel}","templated":true}]}}