{"id":28621,"date":"2012-08-18T10:30:30","date_gmt":"2012-08-18T13:30:30","guid":{"rendered":"http:\/\/www.padreydecano.com\/cms\/?p=28621"},"modified":"2012-08-18T22:27:02","modified_gmt":"2012-08-19T01:27:02","slug":"penarol-le-gano-al-juvenil-pinocho","status":"publish","type":"post","link":"https:\/\/www.padreydecano.com\/cms\/otras-disciplinas\/penarol-le-gano-al-juvenil-pinocho\/","title":{"rendered":"Pe\u00f1arol le gan\u00f3 al juvenil Pinocho"},"content":{"rendered":"<p style=\"text-align: justify;\"><a href=\"https:\/\/www.padreydecano.com\/cms\/wp-content\/uploads\/2012\/08\/pe\u00f1arol-pinocho.jpg\" rel=\"shadowbox[sbpost-28621];player=img;\"><img loading=\"lazy\" decoding=\"async\" class=\"alignright  wp-image-28622\" src=\"https:\/\/www.padreydecano.com\/cms\/wp-content\/uploads\/2012\/08\/pe\u00f1arol-pinocho-300x239.jpg\" alt=\"\" width=\"240\" height=\"191\" srcset=\"https:\/\/www.padreydecano.com\/cms\/wp-content\/uploads\/2012\/08\/pe\u00f1arol-pinocho-300x239.jpg 300w, https:\/\/www.padreydecano.com\/cms\/wp-content\/uploads\/2012\/08\/pe\u00f1arol-pinocho.jpg 421w\" sizes=\"(max-width: 240px) 100vw, 240px\" \/><\/a>El equipo dirigido por Anibal Roba <strong>derrot\u00f3 6 a 2 a Pinocho en la Copa Match Point<\/strong> que se disputa en Buenos Aires, y se mantiene con chances de clasificar a la gran final. El multicampe\u00f3n argentino present\u00f3 un plantel conformado en su mayor\u00eda por jugadores de 3era divisi\u00f3n debido al calendario apretado que tienen que afrontar. Eso no nos import\u00f3 a nosotros, y nos llevamos una merecida victoria.<\/p>\n<p style=\"text-align: justify;\">El cinco inicial estuvo conformado por <strong>Emiliano Sotelo, Gabriel Debat, Diego Arjona, Daniel Badanian y Nicol\u00e1s Ordoqui<\/strong>.\u00a0La figura de la cancha fue Nico Ordoqui, que anot\u00f3 4 goles para el equipo carbonero.<\/p>\n<p style=\"text-align: justify;\">En la primera etapa, Ordoqui en dos oportunidades y Arjona, marcaron los tantos carboneros para irnos al descanso 3 a 1. Nico Ordoqui volvi\u00f3 a marcar el cuarto pero Pinocho se puso en partido nuevamente al descontar y anotar el 2-4. Luego de pasar algunos momentos dif\u00edciles y aguantar el sofoc\u00f3n, el golero Emiliano Sotelo anot\u00f3 de arco a arco para poner la loter\u00eda y otra vez, la figura Ordoqui anot\u00f3 el gol de la media docena.<\/p>\n<p style=\"text-align: justify;\">Ma\u00f1ana se enfrentar\u00e1n Pinocho y Fisiomedia Manacor de Espa\u00f1a por la \u00faltima fecha del grupo. Hasta el momento <strong>somos l\u00edderes con 4 unidades y (+4) de saldo<\/strong> mientras que Fisiomedia Manacor tiene 1 punto y Pinocho 0 unidades. Si el conjunto espa\u00f1ol empata o pierde ante los argentinos, clasificaremos autom\u00e1ticamente a la final. De ganar los espa\u00f1oles, deber\u00e1 hacerlo por menos de 4 goles para que vayamos al encuentro decisivo. El dato a tener en cuenta es que se especula con que Pinocho ponga los titulares para este \u00faltimo encuentro, lo cual seguramente nos favorezca. En la otra serie, pelean por un pasaje a la final Almirante Brown, Villa La \u00d1ata y Palestino de Chile.<\/p>\n<p style=\"text-align: justify;\"><strong>Fuente: Pasi\u00f3n Futsal<\/strong><\/p>\n<p style=\"text-align: justify;\"><span style=\"color: #ffcc02;\"><strong>Actualizaci\u00f3n 18\/08: Pinocho derrot\u00f3 3 a 2 al equipo espa\u00f1ol y por ende clasificamos a la final del torneo que se jugar\u00e1 el domingo 19 a las 19 horas.<\/strong><\/span><\/p>\n","protected":false},"excerpt":{"rendered":"<p>El equipo dirigido por Anibal Roba derrot\u00f3 6 a 2 a Pinocho en la Copa Match Point que se disputa en Buenos Aires, y se mantiene con chances de clasificar a la gran final. El multicampe\u00f3n argentino present\u00f3 un plantel conformado en su mayor\u00eda por jugadores de 3era divisi\u00f3n debido al calendario apretado que tienen [&hellip;]<\/p>\n","protected":false},"author":13,"featured_media":0,"comment_status":"open","ping_status":"closed","sticky":false,"template":"","format":"standard","meta":{"footnotes":""},"categories":[27],"tags":[34],"yoast_head":"<!-- This site is optimized with the Yoast SEO plugin v23.2 - https:\/\/yoast.com\/wordpress\/plugins\/seo\/ -->\n<title>Pe\u00f1arol le gan\u00f3 al juvenil Pinocho - Padre y Decano - El Sitio del Pueblo<\/title>\n<meta name=\"robots\" content=\"index, follow, max-snippet:-1, max-image-preview:large, max-video-preview:-1\" \/>\n<link rel=\"canonical\" href=\"https:\/\/www.padreydecano.com\/cms\/otras-disciplinas\/penarol-le-gano-al-juvenil-pinocho\/\" \/>\n<meta property=\"og:locale\" content=\"es_ES\" \/>\n<meta property=\"og:type\" content=\"article\" \/>\n<meta property=\"og:title\" content=\"Pe\u00f1arol le gan\u00f3 al juvenil Pinocho - Padre y Decano - El Sitio del Pueblo\" \/>\n<meta property=\"og:description\" content=\"El equipo dirigido por Anibal Roba derrot\u00f3 6 a 2 a Pinocho en la Copa Match Point que se disputa en Buenos Aires, y se mantiene con chances de clasificar a la gran final. El multicampe\u00f3n argentino present\u00f3 un plantel conformado en su mayor\u00eda por jugadores de 3era divisi\u00f3n debido al calendario apretado que tienen [&hellip;]\" \/>\n<meta property=\"og:url\" content=\"https:\/\/www.padreydecano.com\/cms\/otras-disciplinas\/penarol-le-gano-al-juvenil-pinocho\/\" \/>\n<meta property=\"og:site_name\" content=\"Padre y Decano - El Sitio del Pueblo\" \/>\n<meta property=\"article:published_time\" content=\"2012-08-18T13:30:30+00:00\" \/>\n<meta property=\"article:modified_time\" content=\"2012-08-19T01:27:02+00:00\" \/>\n<meta property=\"og:image\" content=\"http:\/\/www.padreydecano.com\/cms\/wp-content\/uploads\/2012\/08\/pe\u00f1arol-pinocho-300x239.jpg\" \/>\n<meta name=\"author\" content=\"Moderador\" \/>\n<meta name=\"twitter:card\" content=\"summary_large_image\" \/>\n<meta name=\"twitter:label1\" content=\"Escrito por\" \/>\n\t<meta name=\"twitter:data1\" content=\"Moderador\" \/>\n\t<meta name=\"twitter:label2\" content=\"Tiempo de lectura\" \/>\n\t<meta name=\"twitter:data2\" content=\"2 minutos\" \/>\n<script type=\"application\/ld+json\" class=\"yoast-schema-graph\">{\"@context\":\"https:\/\/schema.org\",\"@graph\":[{\"@type\":\"Article\",\"@id\":\"https:\/\/www.padreydecano.com\/cms\/otras-disciplinas\/penarol-le-gano-al-juvenil-pinocho\/#article\",\"isPartOf\":{\"@id\":\"https:\/\/www.padreydecano.com\/cms\/otras-disciplinas\/penarol-le-gano-al-juvenil-pinocho\/\"},\"author\":{\"name\":\"Moderador\",\"@id\":\"https:\/\/www.padreydecano.com\/cms\/#\/schema\/person\/d93e9e537230ae052c194251d9a1def2\"},\"headline\":\"Pe\u00f1arol le gan\u00f3 al juvenil Pinocho\",\"datePublished\":\"2012-08-18T13:30:30+00:00\",\"dateModified\":\"2012-08-19T01:27:02+00:00\",\"mainEntityOfPage\":{\"@id\":\"https:\/\/www.padreydecano.com\/cms\/otras-disciplinas\/penarol-le-gano-al-juvenil-pinocho\/\"},\"wordCount\":335,\"commentCount\":2,\"publisher\":{\"@id\":\"https:\/\/www.padreydecano.com\/cms\/#organization\"},\"keywords\":[\"Futsal\"],\"articleSection\":[\"Otras disciplinas\"],\"inLanguage\":\"es\",\"potentialAction\":[{\"@type\":\"CommentAction\",\"name\":\"Comment\",\"target\":[\"https:\/\/www.padreydecano.com\/cms\/otras-disciplinas\/penarol-le-gano-al-juvenil-pinocho\/#respond\"]}]},{\"@type\":\"WebPage\",\"@id\":\"https:\/\/www.padreydecano.com\/cms\/otras-disciplinas\/penarol-le-gano-al-juvenil-pinocho\/\",\"url\":\"https:\/\/www.padreydecano.com\/cms\/otras-disciplinas\/penarol-le-gano-al-juvenil-pinocho\/\",\"name\":\"Pe\u00f1arol le gan\u00f3 al juvenil Pinocho - Padre y Decano - El Sitio del Pueblo\",\"isPartOf\":{\"@id\":\"https:\/\/www.padreydecano.com\/cms\/#website\"},\"datePublished\":\"2012-08-18T13:30:30+00:00\",\"dateModified\":\"2012-08-19T01:27:02+00:00\",\"breadcrumb\":{\"@id\":\"https:\/\/www.padreydecano.com\/cms\/otras-disciplinas\/penarol-le-gano-al-juvenil-pinocho\/#breadcrumb\"},\"inLanguage\":\"es\",\"potentialAction\":[{\"@type\":\"ReadAction\",\"target\":[\"https:\/\/www.padreydecano.com\/cms\/otras-disciplinas\/penarol-le-gano-al-juvenil-pinocho\/\"]}]},{\"@type\":\"BreadcrumbList\",\"@id\":\"https:\/\/www.padreydecano.com\/cms\/otras-disciplinas\/penarol-le-gano-al-juvenil-pinocho\/#breadcrumb\",\"itemListElement\":[{\"@type\":\"ListItem\",\"position\":1,\"name\":\"Portada\",\"item\":\"https:\/\/www.padreydecano.com\/cms\/\"},{\"@type\":\"ListItem\",\"position\":2,\"name\":\"Pe\u00f1arol le gan\u00f3 al juvenil Pinocho\"}]},{\"@type\":\"WebSite\",\"@id\":\"https:\/\/www.padreydecano.com\/cms\/#website\",\"url\":\"https:\/\/www.padreydecano.com\/cms\/\",\"name\":\"Padre y Decano - El Sitio del Pueblo\",\"description\":\"Club Atl\u00e9tico Pe\u00f1arol\",\"publisher\":{\"@id\":\"https:\/\/www.padreydecano.com\/cms\/#organization\"},\"potentialAction\":[{\"@type\":\"SearchAction\",\"target\":{\"@type\":\"EntryPoint\",\"urlTemplate\":\"https:\/\/www.padreydecano.com\/cms\/?s={search_term_string}\"},\"query-input\":\"required name=search_term_string\"}],\"inLanguage\":\"es\"},{\"@type\":\"Organization\",\"@id\":\"https:\/\/www.padreydecano.com\/cms\/#organization\",\"name\":\"Padre y Decano\",\"url\":\"https:\/\/www.padreydecano.com\/cms\/\",\"logo\":{\"@type\":\"ImageObject\",\"inLanguage\":\"es\",\"@id\":\"https:\/\/www.padreydecano.com\/cms\/#\/schema\/logo\/image\/\",\"url\":\"https:\/\/www.padreydecano.com\/cms\/wp-content\/uploads\/2022\/01\/avatar-square.png\",\"contentUrl\":\"https:\/\/www.padreydecano.com\/cms\/wp-content\/uploads\/2022\/01\/avatar-square.png\",\"width\":1500,\"height\":1500,\"caption\":\"Padre y Decano\"},\"image\":{\"@id\":\"https:\/\/www.padreydecano.com\/cms\/#\/schema\/logo\/image\/\"}},{\"@type\":\"Person\",\"@id\":\"https:\/\/www.padreydecano.com\/cms\/#\/schema\/person\/d93e9e537230ae052c194251d9a1def2\",\"name\":\"Moderador\",\"image\":{\"@type\":\"ImageObject\",\"inLanguage\":\"es\",\"@id\":\"https:\/\/www.padreydecano.com\/cms\/#\/schema\/person\/image\/\",\"url\":\"https:\/\/secure.gravatar.com\/avatar\/2587727bf8a53bd3da4ec49f01bea66e?s=96&d=https%3A%2F%2Fpadreydecano.com%2Fcms%2Fwp-content%2Fthemes%2Fpyd-theme%2Fimg%2Fdefault-avatar.png&r=g\",\"contentUrl\":\"https:\/\/secure.gravatar.com\/avatar\/2587727bf8a53bd3da4ec49f01bea66e?s=96&d=https%3A%2F%2Fpadreydecano.com%2Fcms%2Fwp-content%2Fthemes%2Fpyd-theme%2Fimg%2Fdefault-avatar.png&r=g\",\"caption\":\"Moderador\"}}]}<\/script>\n<!-- \/ Yoast SEO plugin. -->","yoast_head_json":{"title":"Pe\u00f1arol le gan\u00f3 al juvenil Pinocho - Padre y Decano - El Sitio del Pueblo","robots":{"index":"index","follow":"follow","max-snippet":"max-snippet:-1","max-image-preview":"max-image-preview:large","max-video-preview":"max-video-preview:-1"},"canonical":"https:\/\/www.padreydecano.com\/cms\/otras-disciplinas\/penarol-le-gano-al-juvenil-pinocho\/","og_locale":"es_ES","og_type":"article","og_title":"Pe\u00f1arol le gan\u00f3 al juvenil Pinocho - Padre y Decano - El Sitio del Pueblo","og_description":"El equipo dirigido por Anibal Roba derrot\u00f3 6 a 2 a Pinocho en la Copa Match Point que se disputa en Buenos Aires, y se mantiene con chances de clasificar a la gran final. El multicampe\u00f3n argentino present\u00f3 un plantel conformado en su mayor\u00eda por jugadores de 3era divisi\u00f3n debido al calendario apretado que tienen [&hellip;]","og_url":"https:\/\/www.padreydecano.com\/cms\/otras-disciplinas\/penarol-le-gano-al-juvenil-pinocho\/","og_site_name":"Padre y Decano - El Sitio del Pueblo","article_published_time":"2012-08-18T13:30:30+00:00","article_modified_time":"2012-08-19T01:27:02+00:00","og_image":[{"url":"http:\/\/www.padreydecano.com\/cms\/wp-content\/uploads\/2012\/08\/pe\u00f1arol-pinocho-300x239.jpg"}],"author":"Moderador","twitter_card":"summary_large_image","twitter_misc":{"Escrito por":"Moderador","Tiempo de lectura":"2 minutos"},"schema":{"@context":"https:\/\/schema.org","@graph":[{"@type":"Article","@id":"https:\/\/www.padreydecano.com\/cms\/otras-disciplinas\/penarol-le-gano-al-juvenil-pinocho\/#article","isPartOf":{"@id":"https:\/\/www.padreydecano.com\/cms\/otras-disciplinas\/penarol-le-gano-al-juvenil-pinocho\/"},"author":{"name":"Moderador","@id":"https:\/\/www.padreydecano.com\/cms\/#\/schema\/person\/d93e9e537230ae052c194251d9a1def2"},"headline":"Pe\u00f1arol le gan\u00f3 al juvenil Pinocho","datePublished":"2012-08-18T13:30:30+00:00","dateModified":"2012-08-19T01:27:02+00:00","mainEntityOfPage":{"@id":"https:\/\/www.padreydecano.com\/cms\/otras-disciplinas\/penarol-le-gano-al-juvenil-pinocho\/"},"wordCount":335,"commentCount":2,"publisher":{"@id":"https:\/\/www.padreydecano.com\/cms\/#organization"},"keywords":["Futsal"],"articleSection":["Otras disciplinas"],"inLanguage":"es","potentialAction":[{"@type":"CommentAction","name":"Comment","target":["https:\/\/www.padreydecano.com\/cms\/otras-disciplinas\/penarol-le-gano-al-juvenil-pinocho\/#respond"]}]},{"@type":"WebPage","@id":"https:\/\/www.padreydecano.com\/cms\/otras-disciplinas\/penarol-le-gano-al-juvenil-pinocho\/","url":"https:\/\/www.padreydecano.com\/cms\/otras-disciplinas\/penarol-le-gano-al-juvenil-pinocho\/","name":"Pe\u00f1arol le gan\u00f3 al juvenil Pinocho - Padre y Decano - El Sitio del Pueblo","isPartOf":{"@id":"https:\/\/www.padreydecano.com\/cms\/#website"},"datePublished":"2012-08-18T13:30:30+00:00","dateModified":"2012-08-19T01:27:02+00:00","breadcrumb":{"@id":"https:\/\/www.padreydecano.com\/cms\/otras-disciplinas\/penarol-le-gano-al-juvenil-pinocho\/#breadcrumb"},"inLanguage":"es","potentialAction":[{"@type":"ReadAction","target":["https:\/\/www.padreydecano.com\/cms\/otras-disciplinas\/penarol-le-gano-al-juvenil-pinocho\/"]}]},{"@type":"BreadcrumbList","@id":"https:\/\/www.padreydecano.com\/cms\/otras-disciplinas\/penarol-le-gano-al-juvenil-pinocho\/#breadcrumb","itemListElement":[{"@type":"ListItem","position":1,"name":"Portada","item":"https:\/\/www.padreydecano.com\/cms\/"},{"@type":"ListItem","position":2,"name":"Pe\u00f1arol le gan\u00f3 al juvenil Pinocho"}]},{"@type":"WebSite","@id":"https:\/\/www.padreydecano.com\/cms\/#website","url":"https:\/\/www.padreydecano.com\/cms\/","name":"Padre y Decano - El Sitio del Pueblo","description":"Club Atl\u00e9tico Pe\u00f1arol","publisher":{"@id":"https:\/\/www.padreydecano.com\/cms\/#organization"},"potentialAction":[{"@type":"SearchAction","target":{"@type":"EntryPoint","urlTemplate":"https:\/\/www.padreydecano.com\/cms\/?s={search_term_string}"},"query-input":"required name=search_term_string"}],"inLanguage":"es"},{"@type":"Organization","@id":"https:\/\/www.padreydecano.com\/cms\/#organization","name":"Padre y Decano","url":"https:\/\/www.padreydecano.com\/cms\/","logo":{"@type":"ImageObject","inLanguage":"es","@id":"https:\/\/www.padreydecano.com\/cms\/#\/schema\/logo\/image\/","url":"https:\/\/www.padreydecano.com\/cms\/wp-content\/uploads\/2022\/01\/avatar-square.png","contentUrl":"https:\/\/www.padreydecano.com\/cms\/wp-content\/uploads\/2022\/01\/avatar-square.png","width":1500,"height":1500,"caption":"Padre y Decano"},"image":{"@id":"https:\/\/www.padreydecano.com\/cms\/#\/schema\/logo\/image\/"}},{"@type":"Person","@id":"https:\/\/www.padreydecano.com\/cms\/#\/schema\/person\/d93e9e537230ae052c194251d9a1def2","name":"Moderador","image":{"@type":"ImageObject","inLanguage":"es","@id":"https:\/\/www.padreydecano.com\/cms\/#\/schema\/person\/image\/","url":"https:\/\/secure.gravatar.com\/avatar\/2587727bf8a53bd3da4ec49f01bea66e?s=96&d=https%3A%2F%2Fpadreydecano.com%2Fcms%2Fwp-content%2Fthemes%2Fpyd-theme%2Fimg%2Fdefault-avatar.png&r=g","contentUrl":"https:\/\/secure.gravatar.com\/avatar\/2587727bf8a53bd3da4ec49f01bea66e?s=96&d=https%3A%2F%2Fpadreydecano.com%2Fcms%2Fwp-content%2Fthemes%2Fpyd-theme%2Fimg%2Fdefault-avatar.png&r=g","caption":"Moderador"}}]}},"_links":{"self":[{"href":"https:\/\/www.padreydecano.com\/cms\/wp-json\/wp\/v2\/posts\/28621"}],"collection":[{"href":"https:\/\/www.padreydecano.com\/cms\/wp-json\/wp\/v2\/posts"}],"about":[{"href":"https:\/\/www.padreydecano.com\/cms\/wp-json\/wp\/v2\/types\/post"}],"author":[{"embeddable":true,"href":"https:\/\/www.padreydecano.com\/cms\/wp-json\/wp\/v2\/users\/13"}],"replies":[{"embeddable":true,"href":"https:\/\/www.padreydecano.com\/cms\/wp-json\/wp\/v2\/comments?post=28621"}],"version-history":[{"count":0,"href":"https:\/\/www.padreydecano.com\/cms\/wp-json\/wp\/v2\/posts\/28621\/revisions"}],"wp:attachment":[{"href":"https:\/\/www.padreydecano.com\/cms\/wp-json\/wp\/v2\/media?parent=28621"}],"wp:term":[{"taxonomy":"category","embeddable":true,"href":"https:\/\/www.padreydecano.com\/cms\/wp-json\/wp\/v2\/categories?post=28621"},{"taxonomy":"post_tag","embeddable":true,"href":"https:\/\/www.padreydecano.com\/cms\/wp-json\/wp\/v2\/tags?post=28621"}],"curies":[{"name":"wp","href":"https:\/\/api.w.org\/{rel}","templated":true}]}}