{"id":28436,"date":"2012-08-15T12:32:39","date_gmt":"2012-08-15T15:32:39","guid":{"rendered":"http:\/\/www.padreydecano.com\/cms\/?p=28436"},"modified":"2012-08-15T12:48:32","modified_gmt":"2012-08-15T15:48:32","slug":"lanzamiento-de-la-pena-de-pan-de-azucar","status":"publish","type":"post","link":"https:\/\/www.padreydecano.com\/cms\/penas\/lanzamiento-de-la-pena-de-pan-de-azucar\/","title":{"rendered":"Lanzamiento de la Pe\u00f1a de Pan de Az\u00facar"},"content":{"rendered":"<p style=\"text-align: justify;\"><span style=\"text-align: justify;\"><img loading=\"lazy\" decoding=\"async\" class=\"alignright  wp-image-28438\" src=\"https:\/\/www.padreydecano.com\/cms\/wp-content\/uploads\/2012\/08\/logo-300x300.jpg\" alt=\"\" width=\"210\" height=\"210\" srcset=\"https:\/\/www.padreydecano.com\/cms\/wp-content\/uploads\/2012\/08\/logo-300x300.jpg 300w, https:\/\/www.padreydecano.com\/cms\/wp-content\/uploads\/2012\/08\/logo-150x150.jpg 150w, https:\/\/www.padreydecano.com\/cms\/wp-content\/uploads\/2012\/08\/logo-36x36.jpg 36w, https:\/\/www.padreydecano.com\/cms\/wp-content\/uploads\/2012\/08\/logo-115x115.jpg 115w, https:\/\/www.padreydecano.com\/cms\/wp-content\/uploads\/2012\/08\/logo.jpg 438w\" sizes=\"(max-width: 210px) 100vw, 210px\" \/>La Pe\u00f1a de Pan de Az\u00facar, que\u00a0lleva el nombre de nuestro\u00a0actual \u00eddolo y capit\u00e1n:\u00a0<a href=\"https:\/\/www.padreydecano.com\/cms\/idolos\/antonio-pacheco\/\" target=\"_blank\">Antonio Pacheco<\/a>, tendr\u00e1 su lanzamiento ma\u00f1ana<\/span><strong style=\"text-align: justify;\">\u00a0jueves 16 a las 19 horas.<\/strong><span style=\"text-align: justify;\">\u00a0Esta Pe\u00f1a hab\u00eda sido<\/span><span>\u00a0<\/span><a href=\"https:\/\/www.padreydecano.com\/cms\/penas\/hay-pena-en-pan-de-azucar\/\" target=\"_blank\">oficializada<\/a><span> por la <\/span><a href=\"https:\/\/www.padreydecano.com\/cms\/comision\/\" target=\"_blank\">Comisi\u00f3n de Pe\u00f1as<\/a><span> el 15 de junio del presente a\u00f1o y desde su oficializaci\u00f3n comenzaron a trabajar en la <\/span><a href=\"https:\/\/www.padreydecano.com\/cms\/penas\/penas-dia-del-nino-2da-parte\/\" target=\"_blank\">campa\u00f1a del d\u00eda del ni\u00f1o<\/a>.<\/p>\n<p style=\"text-align: justify;\"><span style=\"color: #ffcc00;\"><strong>Padre y Decano<\/strong><\/span>\u00a0dialog\u00f3 con <strong>\u00a0Santiago Hern\u00e1ndez<\/strong>, integrante de la Pe\u00f1a, qui\u00e9n nos cont\u00f3 algunos detalles del espectacular lanzamiento que est\u00e1n organizando, el cual empezar\u00e1<span style=\"text-align: justify;\">\u00a0a las 19 horas; aunque aquellos que quieran acercarse antes tambi\u00e9n podr\u00e1n hacerlo. El lugar elegido para su realizaci\u00f3n es el <strong>Polideportivo de la ciudad de Pan de Az\u00facar<\/strong> y es<\/span>tar\u00e1n presentes jugadores del plantel actual, ex jugadores Campeones de Am\u00e9rica, Campeones Uruguayos y del <a href=\"https:\/\/www.padreydecano.com\/cms\/campanas-historicas\/el-segundo-quinquenio-de-oro\/\" target=\"_blank\">\u00faltimo Quinquenio<\/a>, gente allegada a Pe\u00f1arol como es el caso de la se\u00f1ora <strong>Tita Picarelli<\/strong> y, obviamente, el homenajeado Antonio Pacheco.<\/p>\n<p style=\"text-align: justify;\">La entrada ser\u00e1 <strong>un alimento no perecedero<\/strong> &#8211; luego ser\u00e1n entregados al CAIF de la ciudad local -, por lo que se espera una gran asistencia de p\u00fablico para acompa\u00f1ar a la Pe\u00f1a en su lanzamiento y para ver de cerca al \u00abgenio\u00bb.<\/p>\n<p style=\"text-align: justify;\">En el evento estar\u00e1n integrantes de \u00a0la Pe\u00f1a vendiendo remeras, pegotines y rifas para recaudar fondos, y tambi\u00e9n habr\u00e1 un puesto de comida. A su vez habr\u00e1 un stand para todos aquellos que quieren hacerse socio del <a href=\"https:\/\/www.padreydecano.com\/cms\/editoriales\/el-club-del-siglo-xx-de-america-del-sur\/\" target=\"_blank\">Campe\u00f3n del Siglo<\/a>\u00a0y\u00a0Santiago nos cont\u00f3 tambi\u00e9n que <em><strong>\u201chabr\u00e1 muchas sorpresas m\u00e1s\u00bb, \u00a0<\/strong><\/em><strong><\/strong>por lo que promete ser un evento imperdible.<\/p>\n<p><span style=\"color: #ffcc02;\"><strong> Padre y Decano<\/strong><\/span><span style=\"text-align: justify;\"> le desea mucho \u00e9xito a la Pe\u00f1a en el evento de lanzamiento y estar\u00e1 presente apoyando el mismo.<\/span><\/p>\n<div id=\"attachment_28439\" style=\"width: 310px\" class=\"wp-caption aligncenter\"><a href=\"https:\/\/www.padreydecano.com\/cms\/wp-content\/uploads\/2012\/08\/direcci\u00f3n.jpg\" rel=\"shadowbox[sbpost-28436];player=img;\"><img loading=\"lazy\" decoding=\"async\" aria-describedby=\"caption-attachment-28439\" class=\"size-medium wp-image-28439  \" src=\"https:\/\/www.padreydecano.com\/cms\/wp-content\/uploads\/2012\/08\/direcci\u00f3n-300x150.jpg\" alt=\"\" width=\"300\" height=\"150\" srcset=\"https:\/\/www.padreydecano.com\/cms\/wp-content\/uploads\/2012\/08\/direcci\u00f3n-300x150.jpg 300w, https:\/\/www.padreydecano.com\/cms\/wp-content\/uploads\/2012\/08\/direcci\u00f3n.jpg 960w\" sizes=\"(max-width: 300px) 100vw, 300px\" \/><\/a><p id=\"caption-attachment-28439\" class=\"wp-caption-text\">Ubicaci\u00f3n del Polideportivo donde se llevar\u00e1 a cabo el lanzamiento<\/p><\/div>\n","protected":false},"excerpt":{"rendered":"<p>La Pe\u00f1a de Pan de Az\u00facar, que\u00a0lleva el nombre de nuestro\u00a0actual \u00eddolo y capit\u00e1n:\u00a0Antonio Pacheco, tendr\u00e1 su lanzamiento ma\u00f1ana\u00a0jueves 16 a las 19 horas.\u00a0Esta Pe\u00f1a hab\u00eda sido\u00a0oficializada por la Comisi\u00f3n de Pe\u00f1as el 15 de junio del presente a\u00f1o y desde su oficializaci\u00f3n comenzaron a trabajar en la campa\u00f1a del d\u00eda del ni\u00f1o. Padre y [&hellip;]<\/p>\n","protected":false},"author":10,"featured_media":28438,"comment_status":"open","ping_status":"closed","sticky":false,"template":"","format":"standard","meta":{"footnotes":""},"categories":[42],"tags":[],"yoast_head":"<!-- This site is optimized with the Yoast SEO plugin v23.2 - https:\/\/yoast.com\/wordpress\/plugins\/seo\/ -->\n<title>Lanzamiento de la Pe\u00f1a de Pan de Az\u00facar - Padre y Decano - El Sitio del Pueblo<\/title>\n<meta name=\"robots\" content=\"index, follow, max-snippet:-1, max-image-preview:large, max-video-preview:-1\" \/>\n<link rel=\"canonical\" href=\"https:\/\/www.padreydecano.com\/cms\/penas\/lanzamiento-de-la-pena-de-pan-de-azucar\/\" \/>\n<meta property=\"og:locale\" content=\"es_ES\" \/>\n<meta property=\"og:type\" content=\"article\" \/>\n<meta property=\"og:title\" content=\"Lanzamiento de la Pe\u00f1a de Pan de Az\u00facar - Padre y Decano - El Sitio del Pueblo\" \/>\n<meta property=\"og:description\" content=\"La Pe\u00f1a de Pan de Az\u00facar, que\u00a0lleva el nombre de nuestro\u00a0actual \u00eddolo y capit\u00e1n:\u00a0Antonio Pacheco, tendr\u00e1 su lanzamiento ma\u00f1ana\u00a0jueves 16 a las 19 horas.\u00a0Esta Pe\u00f1a hab\u00eda sido\u00a0oficializada por la Comisi\u00f3n de Pe\u00f1as el 15 de junio del presente a\u00f1o y desde su oficializaci\u00f3n comenzaron a trabajar en la campa\u00f1a del d\u00eda del ni\u00f1o. Padre y [&hellip;]\" \/>\n<meta property=\"og:url\" content=\"https:\/\/www.padreydecano.com\/cms\/penas\/lanzamiento-de-la-pena-de-pan-de-azucar\/\" \/>\n<meta property=\"og:site_name\" content=\"Padre y Decano - El Sitio del Pueblo\" \/>\n<meta property=\"article:published_time\" content=\"2012-08-15T15:32:39+00:00\" \/>\n<meta property=\"article:modified_time\" content=\"2012-08-15T15:48:32+00:00\" \/>\n<meta property=\"og:image\" content=\"https:\/\/www.padreydecano.com\/cms\/wp-content\/uploads\/2012\/08\/logo.jpg\" \/>\n\t<meta property=\"og:image:width\" content=\"438\" \/>\n\t<meta property=\"og:image:height\" content=\"438\" \/>\n\t<meta property=\"og:image:type\" content=\"image\/jpeg\" \/>\n<meta name=\"author\" content=\"fishoapyd\" \/>\n<meta name=\"twitter:card\" content=\"summary_large_image\" \/>\n<meta name=\"twitter:label1\" content=\"Escrito por\" \/>\n\t<meta name=\"twitter:data1\" content=\"fishoapyd\" \/>\n\t<meta name=\"twitter:label2\" content=\"Tiempo de lectura\" \/>\n\t<meta name=\"twitter:data2\" content=\"2 minutos\" \/>\n<script type=\"application\/ld+json\" class=\"yoast-schema-graph\">{\"@context\":\"https:\/\/schema.org\",\"@graph\":[{\"@type\":\"Article\",\"@id\":\"https:\/\/www.padreydecano.com\/cms\/penas\/lanzamiento-de-la-pena-de-pan-de-azucar\/#article\",\"isPartOf\":{\"@id\":\"https:\/\/www.padreydecano.com\/cms\/penas\/lanzamiento-de-la-pena-de-pan-de-azucar\/\"},\"author\":{\"name\":\"fishoapyd\",\"@id\":\"https:\/\/www.padreydecano.com\/cms\/#\/schema\/person\/1376f1ec91158cca7aeef6d2109f929d\"},\"headline\":\"Lanzamiento de la Pe\u00f1a de Pan de Az\u00facar\",\"datePublished\":\"2012-08-15T15:32:39+00:00\",\"dateModified\":\"2012-08-15T15:48:32+00:00\",\"mainEntityOfPage\":{\"@id\":\"https:\/\/www.padreydecano.com\/cms\/penas\/lanzamiento-de-la-pena-de-pan-de-azucar\/\"},\"wordCount\":332,\"commentCount\":5,\"publisher\":{\"@id\":\"https:\/\/www.padreydecano.com\/cms\/#organization\"},\"image\":{\"@id\":\"https:\/\/www.padreydecano.com\/cms\/penas\/lanzamiento-de-la-pena-de-pan-de-azucar\/#primaryimage\"},\"thumbnailUrl\":\"https:\/\/www.padreydecano.com\/cms\/wp-content\/uploads\/2012\/08\/logo.jpg\",\"articleSection\":[\"Pe\u00f1as\"],\"inLanguage\":\"es\",\"potentialAction\":[{\"@type\":\"CommentAction\",\"name\":\"Comment\",\"target\":[\"https:\/\/www.padreydecano.com\/cms\/penas\/lanzamiento-de-la-pena-de-pan-de-azucar\/#respond\"]}]},{\"@type\":\"WebPage\",\"@id\":\"https:\/\/www.padreydecano.com\/cms\/penas\/lanzamiento-de-la-pena-de-pan-de-azucar\/\",\"url\":\"https:\/\/www.padreydecano.com\/cms\/penas\/lanzamiento-de-la-pena-de-pan-de-azucar\/\",\"name\":\"Lanzamiento de la Pe\u00f1a de Pan de Az\u00facar - Padre y Decano - El Sitio del Pueblo\",\"isPartOf\":{\"@id\":\"https:\/\/www.padreydecano.com\/cms\/#website\"},\"primaryImageOfPage\":{\"@id\":\"https:\/\/www.padreydecano.com\/cms\/penas\/lanzamiento-de-la-pena-de-pan-de-azucar\/#primaryimage\"},\"image\":{\"@id\":\"https:\/\/www.padreydecano.com\/cms\/penas\/lanzamiento-de-la-pena-de-pan-de-azucar\/#primaryimage\"},\"thumbnailUrl\":\"https:\/\/www.padreydecano.com\/cms\/wp-content\/uploads\/2012\/08\/logo.jpg\",\"datePublished\":\"2012-08-15T15:32:39+00:00\",\"dateModified\":\"2012-08-15T15:48:32+00:00\",\"breadcrumb\":{\"@id\":\"https:\/\/www.padreydecano.com\/cms\/penas\/lanzamiento-de-la-pena-de-pan-de-azucar\/#breadcrumb\"},\"inLanguage\":\"es\",\"potentialAction\":[{\"@type\":\"ReadAction\",\"target\":[\"https:\/\/www.padreydecano.com\/cms\/penas\/lanzamiento-de-la-pena-de-pan-de-azucar\/\"]}]},{\"@type\":\"ImageObject\",\"inLanguage\":\"es\",\"@id\":\"https:\/\/www.padreydecano.com\/cms\/penas\/lanzamiento-de-la-pena-de-pan-de-azucar\/#primaryimage\",\"url\":\"https:\/\/www.padreydecano.com\/cms\/wp-content\/uploads\/2012\/08\/logo.jpg\",\"contentUrl\":\"https:\/\/www.padreydecano.com\/cms\/wp-content\/uploads\/2012\/08\/logo.jpg\",\"width\":\"438\",\"height\":\"438\"},{\"@type\":\"BreadcrumbList\",\"@id\":\"https:\/\/www.padreydecano.com\/cms\/penas\/lanzamiento-de-la-pena-de-pan-de-azucar\/#breadcrumb\",\"itemListElement\":[{\"@type\":\"ListItem\",\"position\":1,\"name\":\"Portada\",\"item\":\"https:\/\/www.padreydecano.com\/cms\/\"},{\"@type\":\"ListItem\",\"position\":2,\"name\":\"Lanzamiento de la Pe\u00f1a de Pan de Az\u00facar\"}]},{\"@type\":\"WebSite\",\"@id\":\"https:\/\/www.padreydecano.com\/cms\/#website\",\"url\":\"https:\/\/www.padreydecano.com\/cms\/\",\"name\":\"Padre y Decano - El Sitio del Pueblo\",\"description\":\"Club Atl\u00e9tico Pe\u00f1arol\",\"publisher\":{\"@id\":\"https:\/\/www.padreydecano.com\/cms\/#organization\"},\"potentialAction\":[{\"@type\":\"SearchAction\",\"target\":{\"@type\":\"EntryPoint\",\"urlTemplate\":\"https:\/\/www.padreydecano.com\/cms\/?s={search_term_string}\"},\"query-input\":\"required name=search_term_string\"}],\"inLanguage\":\"es\"},{\"@type\":\"Organization\",\"@id\":\"https:\/\/www.padreydecano.com\/cms\/#organization\",\"name\":\"Padre y Decano\",\"url\":\"https:\/\/www.padreydecano.com\/cms\/\",\"logo\":{\"@type\":\"ImageObject\",\"inLanguage\":\"es\",\"@id\":\"https:\/\/www.padreydecano.com\/cms\/#\/schema\/logo\/image\/\",\"url\":\"https:\/\/www.padreydecano.com\/cms\/wp-content\/uploads\/2022\/01\/avatar-square.png\",\"contentUrl\":\"https:\/\/www.padreydecano.com\/cms\/wp-content\/uploads\/2022\/01\/avatar-square.png\",\"width\":1500,\"height\":1500,\"caption\":\"Padre y Decano\"},\"image\":{\"@id\":\"https:\/\/www.padreydecano.com\/cms\/#\/schema\/logo\/image\/\"}},{\"@type\":\"Person\",\"@id\":\"https:\/\/www.padreydecano.com\/cms\/#\/schema\/person\/1376f1ec91158cca7aeef6d2109f929d\",\"name\":\"fishoapyd\",\"image\":{\"@type\":\"ImageObject\",\"inLanguage\":\"es\",\"@id\":\"https:\/\/www.padreydecano.com\/cms\/#\/schema\/person\/image\/\",\"url\":\"https:\/\/www.padreydecano.com\/cms\/wp-content\/uploads\/2022\/12\/avatar-square-1.png\",\"contentUrl\":\"https:\/\/www.padreydecano.com\/cms\/wp-content\/uploads\/2022\/12\/avatar-square-1.png\",\"caption\":\"fishoapyd\"},\"sameAs\":[\"http:\/\/www.padreydecano.com\"]}]}<\/script>\n<!-- \/ Yoast SEO plugin. -->","yoast_head_json":{"title":"Lanzamiento de la Pe\u00f1a de Pan de Az\u00facar - Padre y Decano - El Sitio del Pueblo","robots":{"index":"index","follow":"follow","max-snippet":"max-snippet:-1","max-image-preview":"max-image-preview:large","max-video-preview":"max-video-preview:-1"},"canonical":"https:\/\/www.padreydecano.com\/cms\/penas\/lanzamiento-de-la-pena-de-pan-de-azucar\/","og_locale":"es_ES","og_type":"article","og_title":"Lanzamiento de la Pe\u00f1a de Pan de Az\u00facar - Padre y Decano - El Sitio del Pueblo","og_description":"La Pe\u00f1a de Pan de Az\u00facar, que\u00a0lleva el nombre de nuestro\u00a0actual \u00eddolo y capit\u00e1n:\u00a0Antonio Pacheco, tendr\u00e1 su lanzamiento ma\u00f1ana\u00a0jueves 16 a las 19 horas.\u00a0Esta Pe\u00f1a hab\u00eda sido\u00a0oficializada por la Comisi\u00f3n de Pe\u00f1as el 15 de junio del presente a\u00f1o y desde su oficializaci\u00f3n comenzaron a trabajar en la campa\u00f1a del d\u00eda del ni\u00f1o. Padre y [&hellip;]","og_url":"https:\/\/www.padreydecano.com\/cms\/penas\/lanzamiento-de-la-pena-de-pan-de-azucar\/","og_site_name":"Padre y Decano - El Sitio del Pueblo","article_published_time":"2012-08-15T15:32:39+00:00","article_modified_time":"2012-08-15T15:48:32+00:00","og_image":[{"width":438,"height":438,"url":"https:\/\/www.padreydecano.com\/cms\/wp-content\/uploads\/2012\/08\/logo.jpg","type":"image\/jpeg"}],"author":"fishoapyd","twitter_card":"summary_large_image","twitter_misc":{"Escrito por":"fishoapyd","Tiempo de lectura":"2 minutos"},"schema":{"@context":"https:\/\/schema.org","@graph":[{"@type":"Article","@id":"https:\/\/www.padreydecano.com\/cms\/penas\/lanzamiento-de-la-pena-de-pan-de-azucar\/#article","isPartOf":{"@id":"https:\/\/www.padreydecano.com\/cms\/penas\/lanzamiento-de-la-pena-de-pan-de-azucar\/"},"author":{"name":"fishoapyd","@id":"https:\/\/www.padreydecano.com\/cms\/#\/schema\/person\/1376f1ec91158cca7aeef6d2109f929d"},"headline":"Lanzamiento de la Pe\u00f1a de Pan de Az\u00facar","datePublished":"2012-08-15T15:32:39+00:00","dateModified":"2012-08-15T15:48:32+00:00","mainEntityOfPage":{"@id":"https:\/\/www.padreydecano.com\/cms\/penas\/lanzamiento-de-la-pena-de-pan-de-azucar\/"},"wordCount":332,"commentCount":5,"publisher":{"@id":"https:\/\/www.padreydecano.com\/cms\/#organization"},"image":{"@id":"https:\/\/www.padreydecano.com\/cms\/penas\/lanzamiento-de-la-pena-de-pan-de-azucar\/#primaryimage"},"thumbnailUrl":"https:\/\/www.padreydecano.com\/cms\/wp-content\/uploads\/2012\/08\/logo.jpg","articleSection":["Pe\u00f1as"],"inLanguage":"es","potentialAction":[{"@type":"CommentAction","name":"Comment","target":["https:\/\/www.padreydecano.com\/cms\/penas\/lanzamiento-de-la-pena-de-pan-de-azucar\/#respond"]}]},{"@type":"WebPage","@id":"https:\/\/www.padreydecano.com\/cms\/penas\/lanzamiento-de-la-pena-de-pan-de-azucar\/","url":"https:\/\/www.padreydecano.com\/cms\/penas\/lanzamiento-de-la-pena-de-pan-de-azucar\/","name":"Lanzamiento de la Pe\u00f1a de Pan de Az\u00facar - Padre y Decano - El Sitio del Pueblo","isPartOf":{"@id":"https:\/\/www.padreydecano.com\/cms\/#website"},"primaryImageOfPage":{"@id":"https:\/\/www.padreydecano.com\/cms\/penas\/lanzamiento-de-la-pena-de-pan-de-azucar\/#primaryimage"},"image":{"@id":"https:\/\/www.padreydecano.com\/cms\/penas\/lanzamiento-de-la-pena-de-pan-de-azucar\/#primaryimage"},"thumbnailUrl":"https:\/\/www.padreydecano.com\/cms\/wp-content\/uploads\/2012\/08\/logo.jpg","datePublished":"2012-08-15T15:32:39+00:00","dateModified":"2012-08-15T15:48:32+00:00","breadcrumb":{"@id":"https:\/\/www.padreydecano.com\/cms\/penas\/lanzamiento-de-la-pena-de-pan-de-azucar\/#breadcrumb"},"inLanguage":"es","potentialAction":[{"@type":"ReadAction","target":["https:\/\/www.padreydecano.com\/cms\/penas\/lanzamiento-de-la-pena-de-pan-de-azucar\/"]}]},{"@type":"ImageObject","inLanguage":"es","@id":"https:\/\/www.padreydecano.com\/cms\/penas\/lanzamiento-de-la-pena-de-pan-de-azucar\/#primaryimage","url":"https:\/\/www.padreydecano.com\/cms\/wp-content\/uploads\/2012\/08\/logo.jpg","contentUrl":"https:\/\/www.padreydecano.com\/cms\/wp-content\/uploads\/2012\/08\/logo.jpg","width":"438","height":"438"},{"@type":"BreadcrumbList","@id":"https:\/\/www.padreydecano.com\/cms\/penas\/lanzamiento-de-la-pena-de-pan-de-azucar\/#breadcrumb","itemListElement":[{"@type":"ListItem","position":1,"name":"Portada","item":"https:\/\/www.padreydecano.com\/cms\/"},{"@type":"ListItem","position":2,"name":"Lanzamiento de la Pe\u00f1a de Pan de Az\u00facar"}]},{"@type":"WebSite","@id":"https:\/\/www.padreydecano.com\/cms\/#website","url":"https:\/\/www.padreydecano.com\/cms\/","name":"Padre y Decano - El Sitio del Pueblo","description":"Club Atl\u00e9tico Pe\u00f1arol","publisher":{"@id":"https:\/\/www.padreydecano.com\/cms\/#organization"},"potentialAction":[{"@type":"SearchAction","target":{"@type":"EntryPoint","urlTemplate":"https:\/\/www.padreydecano.com\/cms\/?s={search_term_string}"},"query-input":"required name=search_term_string"}],"inLanguage":"es"},{"@type":"Organization","@id":"https:\/\/www.padreydecano.com\/cms\/#organization","name":"Padre y Decano","url":"https:\/\/www.padreydecano.com\/cms\/","logo":{"@type":"ImageObject","inLanguage":"es","@id":"https:\/\/www.padreydecano.com\/cms\/#\/schema\/logo\/image\/","url":"https:\/\/www.padreydecano.com\/cms\/wp-content\/uploads\/2022\/01\/avatar-square.png","contentUrl":"https:\/\/www.padreydecano.com\/cms\/wp-content\/uploads\/2022\/01\/avatar-square.png","width":1500,"height":1500,"caption":"Padre y Decano"},"image":{"@id":"https:\/\/www.padreydecano.com\/cms\/#\/schema\/logo\/image\/"}},{"@type":"Person","@id":"https:\/\/www.padreydecano.com\/cms\/#\/schema\/person\/1376f1ec91158cca7aeef6d2109f929d","name":"fishoapyd","image":{"@type":"ImageObject","inLanguage":"es","@id":"https:\/\/www.padreydecano.com\/cms\/#\/schema\/person\/image\/","url":"https:\/\/www.padreydecano.com\/cms\/wp-content\/uploads\/2022\/12\/avatar-square-1.png","contentUrl":"https:\/\/www.padreydecano.com\/cms\/wp-content\/uploads\/2022\/12\/avatar-square-1.png","caption":"fishoapyd"},"sameAs":["http:\/\/www.padreydecano.com"]}]}},"_links":{"self":[{"href":"https:\/\/www.padreydecano.com\/cms\/wp-json\/wp\/v2\/posts\/28436"}],"collection":[{"href":"https:\/\/www.padreydecano.com\/cms\/wp-json\/wp\/v2\/posts"}],"about":[{"href":"https:\/\/www.padreydecano.com\/cms\/wp-json\/wp\/v2\/types\/post"}],"author":[{"embeddable":true,"href":"https:\/\/www.padreydecano.com\/cms\/wp-json\/wp\/v2\/users\/10"}],"replies":[{"embeddable":true,"href":"https:\/\/www.padreydecano.com\/cms\/wp-json\/wp\/v2\/comments?post=28436"}],"version-history":[{"count":0,"href":"https:\/\/www.padreydecano.com\/cms\/wp-json\/wp\/v2\/posts\/28436\/revisions"}],"wp:featuredmedia":[{"embeddable":true,"href":"https:\/\/www.padreydecano.com\/cms\/wp-json\/wp\/v2\/media\/28438"}],"wp:attachment":[{"href":"https:\/\/www.padreydecano.com\/cms\/wp-json\/wp\/v2\/media?parent=28436"}],"wp:term":[{"taxonomy":"category","embeddable":true,"href":"https:\/\/www.padreydecano.com\/cms\/wp-json\/wp\/v2\/categories?post=28436"},{"taxonomy":"post_tag","embeddable":true,"href":"https:\/\/www.padreydecano.com\/cms\/wp-json\/wp\/v2\/tags?post=28436"}],"curies":[{"name":"wp","href":"https:\/\/api.w.org\/{rel}","templated":true}]}}