{"id":28323,"date":"2012-08-14T20:14:56","date_gmt":"2012-08-14T23:14:56","guid":{"rendered":"http:\/\/www.padreydecano.com\/cms\/?p=28323"},"modified":"2012-08-15T15:38:10","modified_gmt":"2012-08-15T18:38:10","slug":"dos-podios-carboneros-en-la-novena-fecha","status":"publish","type":"post","link":"https:\/\/www.padreydecano.com\/cms\/otras-disciplinas\/dos-podios-carboneros-en-la-novena-fecha\/","title":{"rendered":"Dos podios carboneros en la novena fecha"},"content":{"rendered":"<p style=\"text-align: justify;\"><strong><img loading=\"lazy\" decoding=\"async\" class=\"alignleft  wp-image-28432\" src=\"https:\/\/www.padreydecano.com\/cms\/wp-content\/uploads\/2012\/08\/atletismo-300x225.jpg\" alt=\"\" width=\"240\" height=\"180\" srcset=\"https:\/\/www.padreydecano.com\/cms\/wp-content\/uploads\/2012\/08\/atletismo-300x225.jpg 300w, https:\/\/www.padreydecano.com\/cms\/wp-content\/uploads\/2012\/08\/atletismo.jpg 720w\" sizes=\"(max-width: 240px) 100vw, 240px\" \/>El conjunto carbonero de atletismo logr\u00f3 dos podios en el campeonato de ruta.<\/strong><\/p>\n<p style=\"text-align: justify;\">Ma\u00f1ana fresca, calles mojadas, la multitud de siempre recorriendo el variado relieve del Prado; fue el marco que tuvo la novena fecha del campeonato de ruta de atletismo.<\/p>\n<p style=\"text-align: justify;\">En la categor\u00eda de varones Mayores B, Mauricio Ramiz defendi\u00f3 a muerte el primer lugar que estaba cerca de perder y se qued\u00f3 con la etapa, con el tr\u00edo Ram\u00edrez &#8211; Tom\u00e9s &#8211; Carbonero.<\/p>\n<p style=\"text-align: justify;\">En Mayores A, coneguimos un cuarto de la mano de R\u00faben Quind;\u00a0puesto que nos deja terceros en la general.<\/p>\n<p style=\"text-align: justify;\">Felicitaciones a Bel\u00e9n Cabrera que como nos tiene acostumbrados obtuvo el primer puesto en menores damas; y a Mauricio Ramiz que se qued\u00f3 con el tercer puesto en la general de mayores.<\/p>\n<p style=\"text-align: justify;\">Resultados por equipos: al t\u00e9rmino de la novena fecha el equipo se encuentra tercero en varones 17-34, primero en varones 35-49, cuarto varones +50 y primero en damas categor\u00eda \u00fanica.<\/p>\n","protected":false},"excerpt":{"rendered":"<p>El conjunto carbonero de atletismo logr\u00f3 dos podios en el campeonato de ruta. Ma\u00f1ana fresca, calles mojadas, la multitud de siempre recorriendo el variado relieve del Prado; fue el marco que tuvo la novena fecha del campeonato de ruta de atletismo. En la categor\u00eda de varones Mayores B, Mauricio Ramiz defendi\u00f3 a muerte el primer [&hellip;]<\/p>\n","protected":false},"author":5,"featured_media":0,"comment_status":"open","ping_status":"closed","sticky":false,"template":"","format":"standard","meta":{"footnotes":""},"categories":[27],"tags":[37],"yoast_head":"<!-- This site is optimized with the Yoast SEO plugin v23.2 - https:\/\/yoast.com\/wordpress\/plugins\/seo\/ -->\n<title>Dos podios carboneros en la novena fecha - Padre y Decano - El Sitio del Pueblo<\/title>\n<meta name=\"robots\" content=\"index, follow, max-snippet:-1, max-image-preview:large, max-video-preview:-1\" \/>\n<link rel=\"canonical\" href=\"https:\/\/www.padreydecano.com\/cms\/otras-disciplinas\/dos-podios-carboneros-en-la-novena-fecha\/\" \/>\n<meta property=\"og:locale\" content=\"es_ES\" \/>\n<meta property=\"og:type\" content=\"article\" \/>\n<meta property=\"og:title\" content=\"Dos podios carboneros en la novena fecha - Padre y Decano - El Sitio del Pueblo\" \/>\n<meta property=\"og:description\" content=\"El conjunto carbonero de atletismo logr\u00f3 dos podios en el campeonato de ruta. Ma\u00f1ana fresca, calles mojadas, la multitud de siempre recorriendo el variado relieve del Prado; fue el marco que tuvo la novena fecha del campeonato de ruta de atletismo. En la categor\u00eda de varones Mayores B, Mauricio Ramiz defendi\u00f3 a muerte el primer [&hellip;]\" \/>\n<meta property=\"og:url\" content=\"https:\/\/www.padreydecano.com\/cms\/otras-disciplinas\/dos-podios-carboneros-en-la-novena-fecha\/\" \/>\n<meta property=\"og:site_name\" content=\"Padre y Decano - El Sitio del Pueblo\" \/>\n<meta property=\"article:published_time\" content=\"2012-08-14T23:14:56+00:00\" \/>\n<meta property=\"article:modified_time\" content=\"2012-08-15T18:38:10+00:00\" \/>\n<meta property=\"og:image\" content=\"http:\/\/www.padreydecano.com\/cms\/wp-content\/uploads\/2012\/08\/atletismo-300x225.jpg\" \/>\n<meta name=\"author\" content=\"Emirona07\" \/>\n<meta name=\"twitter:card\" content=\"summary_large_image\" \/>\n<meta name=\"twitter:label1\" content=\"Escrito por\" \/>\n\t<meta name=\"twitter:data1\" content=\"Emirona07\" \/>\n\t<meta name=\"twitter:label2\" content=\"Tiempo de lectura\" \/>\n\t<meta name=\"twitter:data2\" content=\"1 minuto\" \/>\n<script type=\"application\/ld+json\" class=\"yoast-schema-graph\">{\"@context\":\"https:\/\/schema.org\",\"@graph\":[{\"@type\":\"Article\",\"@id\":\"https:\/\/www.padreydecano.com\/cms\/otras-disciplinas\/dos-podios-carboneros-en-la-novena-fecha\/#article\",\"isPartOf\":{\"@id\":\"https:\/\/www.padreydecano.com\/cms\/otras-disciplinas\/dos-podios-carboneros-en-la-novena-fecha\/\"},\"author\":{\"name\":\"Emirona07\",\"@id\":\"https:\/\/www.padreydecano.com\/cms\/#\/schema\/person\/51e0214db654d9624824b37c2838bb65\"},\"headline\":\"Dos podios carboneros en la novena fecha\",\"datePublished\":\"2012-08-14T23:14:56+00:00\",\"dateModified\":\"2012-08-15T18:38:10+00:00\",\"mainEntityOfPage\":{\"@id\":\"https:\/\/www.padreydecano.com\/cms\/otras-disciplinas\/dos-podios-carboneros-en-la-novena-fecha\/\"},\"wordCount\":172,\"commentCount\":1,\"publisher\":{\"@id\":\"https:\/\/www.padreydecano.com\/cms\/#organization\"},\"image\":{\"@id\":\"https:\/\/www.padreydecano.com\/cms\/otras-disciplinas\/dos-podios-carboneros-en-la-novena-fecha\/#primaryimage\"},\"thumbnailUrl\":\"http:\/\/www.padreydecano.com\/cms\/wp-content\/uploads\/2012\/08\/atletismo-300x225.jpg\",\"keywords\":[\"Atletismo\"],\"articleSection\":[\"Otras disciplinas\"],\"inLanguage\":\"es\",\"potentialAction\":[{\"@type\":\"CommentAction\",\"name\":\"Comment\",\"target\":[\"https:\/\/www.padreydecano.com\/cms\/otras-disciplinas\/dos-podios-carboneros-en-la-novena-fecha\/#respond\"]}]},{\"@type\":\"WebPage\",\"@id\":\"https:\/\/www.padreydecano.com\/cms\/otras-disciplinas\/dos-podios-carboneros-en-la-novena-fecha\/\",\"url\":\"https:\/\/www.padreydecano.com\/cms\/otras-disciplinas\/dos-podios-carboneros-en-la-novena-fecha\/\",\"name\":\"Dos podios carboneros en la novena fecha - Padre y Decano - El Sitio del Pueblo\",\"isPartOf\":{\"@id\":\"https:\/\/www.padreydecano.com\/cms\/#website\"},\"primaryImageOfPage\":{\"@id\":\"https:\/\/www.padreydecano.com\/cms\/otras-disciplinas\/dos-podios-carboneros-en-la-novena-fecha\/#primaryimage\"},\"image\":{\"@id\":\"https:\/\/www.padreydecano.com\/cms\/otras-disciplinas\/dos-podios-carboneros-en-la-novena-fecha\/#primaryimage\"},\"thumbnailUrl\":\"http:\/\/www.padreydecano.com\/cms\/wp-content\/uploads\/2012\/08\/atletismo-300x225.jpg\",\"datePublished\":\"2012-08-14T23:14:56+00:00\",\"dateModified\":\"2012-08-15T18:38:10+00:00\",\"breadcrumb\":{\"@id\":\"https:\/\/www.padreydecano.com\/cms\/otras-disciplinas\/dos-podios-carboneros-en-la-novena-fecha\/#breadcrumb\"},\"inLanguage\":\"es\",\"potentialAction\":[{\"@type\":\"ReadAction\",\"target\":[\"https:\/\/www.padreydecano.com\/cms\/otras-disciplinas\/dos-podios-carboneros-en-la-novena-fecha\/\"]}]},{\"@type\":\"ImageObject\",\"inLanguage\":\"es\",\"@id\":\"https:\/\/www.padreydecano.com\/cms\/otras-disciplinas\/dos-podios-carboneros-en-la-novena-fecha\/#primaryimage\",\"url\":\"http:\/\/www.padreydecano.com\/cms\/wp-content\/uploads\/2012\/08\/atletismo-300x225.jpg\",\"contentUrl\":\"http:\/\/www.padreydecano.com\/cms\/wp-content\/uploads\/2012\/08\/atletismo-300x225.jpg\"},{\"@type\":\"BreadcrumbList\",\"@id\":\"https:\/\/www.padreydecano.com\/cms\/otras-disciplinas\/dos-podios-carboneros-en-la-novena-fecha\/#breadcrumb\",\"itemListElement\":[{\"@type\":\"ListItem\",\"position\":1,\"name\":\"Portada\",\"item\":\"https:\/\/www.padreydecano.com\/cms\/\"},{\"@type\":\"ListItem\",\"position\":2,\"name\":\"Dos podios carboneros en la novena fecha\"}]},{\"@type\":\"WebSite\",\"@id\":\"https:\/\/www.padreydecano.com\/cms\/#website\",\"url\":\"https:\/\/www.padreydecano.com\/cms\/\",\"name\":\"Padre y Decano - El Sitio del Pueblo\",\"description\":\"Club Atl\u00e9tico Pe\u00f1arol\",\"publisher\":{\"@id\":\"https:\/\/www.padreydecano.com\/cms\/#organization\"},\"potentialAction\":[{\"@type\":\"SearchAction\",\"target\":{\"@type\":\"EntryPoint\",\"urlTemplate\":\"https:\/\/www.padreydecano.com\/cms\/?s={search_term_string}\"},\"query-input\":\"required name=search_term_string\"}],\"inLanguage\":\"es\"},{\"@type\":\"Organization\",\"@id\":\"https:\/\/www.padreydecano.com\/cms\/#organization\",\"name\":\"Padre y Decano\",\"url\":\"https:\/\/www.padreydecano.com\/cms\/\",\"logo\":{\"@type\":\"ImageObject\",\"inLanguage\":\"es\",\"@id\":\"https:\/\/www.padreydecano.com\/cms\/#\/schema\/logo\/image\/\",\"url\":\"https:\/\/www.padreydecano.com\/cms\/wp-content\/uploads\/2022\/01\/avatar-square.png\",\"contentUrl\":\"https:\/\/www.padreydecano.com\/cms\/wp-content\/uploads\/2022\/01\/avatar-square.png\",\"width\":1500,\"height\":1500,\"caption\":\"Padre y Decano\"},\"image\":{\"@id\":\"https:\/\/www.padreydecano.com\/cms\/#\/schema\/logo\/image\/\"}},{\"@type\":\"Person\",\"@id\":\"https:\/\/www.padreydecano.com\/cms\/#\/schema\/person\/51e0214db654d9624824b37c2838bb65\",\"name\":\"Emirona07\",\"image\":{\"@type\":\"ImageObject\",\"inLanguage\":\"es\",\"@id\":\"https:\/\/www.padreydecano.com\/cms\/#\/schema\/person\/image\/\",\"url\":\"https:\/\/secure.gravatar.com\/avatar\/93c9118dbd5373a8a065bb5cdddde6bf?s=96&d=https%3A%2F%2Fpadreydecano.com%2Fcms%2Fwp-content%2Fthemes%2Fpyd-theme%2Fimg%2Fdefault-avatar.png&r=g\",\"contentUrl\":\"https:\/\/secure.gravatar.com\/avatar\/93c9118dbd5373a8a065bb5cdddde6bf?s=96&d=https%3A%2F%2Fpadreydecano.com%2Fcms%2Fwp-content%2Fthemes%2Fpyd-theme%2Fimg%2Fdefault-avatar.png&r=g\",\"caption\":\"Emirona07\"}}]}<\/script>\n<!-- \/ Yoast SEO plugin. -->","yoast_head_json":{"title":"Dos podios carboneros en la novena fecha - Padre y Decano - El Sitio del Pueblo","robots":{"index":"index","follow":"follow","max-snippet":"max-snippet:-1","max-image-preview":"max-image-preview:large","max-video-preview":"max-video-preview:-1"},"canonical":"https:\/\/www.padreydecano.com\/cms\/otras-disciplinas\/dos-podios-carboneros-en-la-novena-fecha\/","og_locale":"es_ES","og_type":"article","og_title":"Dos podios carboneros en la novena fecha - Padre y Decano - El Sitio del Pueblo","og_description":"El conjunto carbonero de atletismo logr\u00f3 dos podios en el campeonato de ruta. Ma\u00f1ana fresca, calles mojadas, la multitud de siempre recorriendo el variado relieve del Prado; fue el marco que tuvo la novena fecha del campeonato de ruta de atletismo. En la categor\u00eda de varones Mayores B, Mauricio Ramiz defendi\u00f3 a muerte el primer [&hellip;]","og_url":"https:\/\/www.padreydecano.com\/cms\/otras-disciplinas\/dos-podios-carboneros-en-la-novena-fecha\/","og_site_name":"Padre y Decano - El Sitio del Pueblo","article_published_time":"2012-08-14T23:14:56+00:00","article_modified_time":"2012-08-15T18:38:10+00:00","og_image":[{"url":"http:\/\/www.padreydecano.com\/cms\/wp-content\/uploads\/2012\/08\/atletismo-300x225.jpg"}],"author":"Emirona07","twitter_card":"summary_large_image","twitter_misc":{"Escrito por":"Emirona07","Tiempo de lectura":"1 minuto"},"schema":{"@context":"https:\/\/schema.org","@graph":[{"@type":"Article","@id":"https:\/\/www.padreydecano.com\/cms\/otras-disciplinas\/dos-podios-carboneros-en-la-novena-fecha\/#article","isPartOf":{"@id":"https:\/\/www.padreydecano.com\/cms\/otras-disciplinas\/dos-podios-carboneros-en-la-novena-fecha\/"},"author":{"name":"Emirona07","@id":"https:\/\/www.padreydecano.com\/cms\/#\/schema\/person\/51e0214db654d9624824b37c2838bb65"},"headline":"Dos podios carboneros en la novena fecha","datePublished":"2012-08-14T23:14:56+00:00","dateModified":"2012-08-15T18:38:10+00:00","mainEntityOfPage":{"@id":"https:\/\/www.padreydecano.com\/cms\/otras-disciplinas\/dos-podios-carboneros-en-la-novena-fecha\/"},"wordCount":172,"commentCount":1,"publisher":{"@id":"https:\/\/www.padreydecano.com\/cms\/#organization"},"image":{"@id":"https:\/\/www.padreydecano.com\/cms\/otras-disciplinas\/dos-podios-carboneros-en-la-novena-fecha\/#primaryimage"},"thumbnailUrl":"http:\/\/www.padreydecano.com\/cms\/wp-content\/uploads\/2012\/08\/atletismo-300x225.jpg","keywords":["Atletismo"],"articleSection":["Otras disciplinas"],"inLanguage":"es","potentialAction":[{"@type":"CommentAction","name":"Comment","target":["https:\/\/www.padreydecano.com\/cms\/otras-disciplinas\/dos-podios-carboneros-en-la-novena-fecha\/#respond"]}]},{"@type":"WebPage","@id":"https:\/\/www.padreydecano.com\/cms\/otras-disciplinas\/dos-podios-carboneros-en-la-novena-fecha\/","url":"https:\/\/www.padreydecano.com\/cms\/otras-disciplinas\/dos-podios-carboneros-en-la-novena-fecha\/","name":"Dos podios carboneros en la novena fecha - Padre y Decano - El Sitio del Pueblo","isPartOf":{"@id":"https:\/\/www.padreydecano.com\/cms\/#website"},"primaryImageOfPage":{"@id":"https:\/\/www.padreydecano.com\/cms\/otras-disciplinas\/dos-podios-carboneros-en-la-novena-fecha\/#primaryimage"},"image":{"@id":"https:\/\/www.padreydecano.com\/cms\/otras-disciplinas\/dos-podios-carboneros-en-la-novena-fecha\/#primaryimage"},"thumbnailUrl":"http:\/\/www.padreydecano.com\/cms\/wp-content\/uploads\/2012\/08\/atletismo-300x225.jpg","datePublished":"2012-08-14T23:14:56+00:00","dateModified":"2012-08-15T18:38:10+00:00","breadcrumb":{"@id":"https:\/\/www.padreydecano.com\/cms\/otras-disciplinas\/dos-podios-carboneros-en-la-novena-fecha\/#breadcrumb"},"inLanguage":"es","potentialAction":[{"@type":"ReadAction","target":["https:\/\/www.padreydecano.com\/cms\/otras-disciplinas\/dos-podios-carboneros-en-la-novena-fecha\/"]}]},{"@type":"ImageObject","inLanguage":"es","@id":"https:\/\/www.padreydecano.com\/cms\/otras-disciplinas\/dos-podios-carboneros-en-la-novena-fecha\/#primaryimage","url":"http:\/\/www.padreydecano.com\/cms\/wp-content\/uploads\/2012\/08\/atletismo-300x225.jpg","contentUrl":"http:\/\/www.padreydecano.com\/cms\/wp-content\/uploads\/2012\/08\/atletismo-300x225.jpg"},{"@type":"BreadcrumbList","@id":"https:\/\/www.padreydecano.com\/cms\/otras-disciplinas\/dos-podios-carboneros-en-la-novena-fecha\/#breadcrumb","itemListElement":[{"@type":"ListItem","position":1,"name":"Portada","item":"https:\/\/www.padreydecano.com\/cms\/"},{"@type":"ListItem","position":2,"name":"Dos podios carboneros en la novena fecha"}]},{"@type":"WebSite","@id":"https:\/\/www.padreydecano.com\/cms\/#website","url":"https:\/\/www.padreydecano.com\/cms\/","name":"Padre y Decano - El Sitio del Pueblo","description":"Club Atl\u00e9tico Pe\u00f1arol","publisher":{"@id":"https:\/\/www.padreydecano.com\/cms\/#organization"},"potentialAction":[{"@type":"SearchAction","target":{"@type":"EntryPoint","urlTemplate":"https:\/\/www.padreydecano.com\/cms\/?s={search_term_string}"},"query-input":"required name=search_term_string"}],"inLanguage":"es"},{"@type":"Organization","@id":"https:\/\/www.padreydecano.com\/cms\/#organization","name":"Padre y Decano","url":"https:\/\/www.padreydecano.com\/cms\/","logo":{"@type":"ImageObject","inLanguage":"es","@id":"https:\/\/www.padreydecano.com\/cms\/#\/schema\/logo\/image\/","url":"https:\/\/www.padreydecano.com\/cms\/wp-content\/uploads\/2022\/01\/avatar-square.png","contentUrl":"https:\/\/www.padreydecano.com\/cms\/wp-content\/uploads\/2022\/01\/avatar-square.png","width":1500,"height":1500,"caption":"Padre y Decano"},"image":{"@id":"https:\/\/www.padreydecano.com\/cms\/#\/schema\/logo\/image\/"}},{"@type":"Person","@id":"https:\/\/www.padreydecano.com\/cms\/#\/schema\/person\/51e0214db654d9624824b37c2838bb65","name":"Emirona07","image":{"@type":"ImageObject","inLanguage":"es","@id":"https:\/\/www.padreydecano.com\/cms\/#\/schema\/person\/image\/","url":"https:\/\/secure.gravatar.com\/avatar\/93c9118dbd5373a8a065bb5cdddde6bf?s=96&d=https%3A%2F%2Fpadreydecano.com%2Fcms%2Fwp-content%2Fthemes%2Fpyd-theme%2Fimg%2Fdefault-avatar.png&r=g","contentUrl":"https:\/\/secure.gravatar.com\/avatar\/93c9118dbd5373a8a065bb5cdddde6bf?s=96&d=https%3A%2F%2Fpadreydecano.com%2Fcms%2Fwp-content%2Fthemes%2Fpyd-theme%2Fimg%2Fdefault-avatar.png&r=g","caption":"Emirona07"}}]}},"_links":{"self":[{"href":"https:\/\/www.padreydecano.com\/cms\/wp-json\/wp\/v2\/posts\/28323"}],"collection":[{"href":"https:\/\/www.padreydecano.com\/cms\/wp-json\/wp\/v2\/posts"}],"about":[{"href":"https:\/\/www.padreydecano.com\/cms\/wp-json\/wp\/v2\/types\/post"}],"author":[{"embeddable":true,"href":"https:\/\/www.padreydecano.com\/cms\/wp-json\/wp\/v2\/users\/5"}],"replies":[{"embeddable":true,"href":"https:\/\/www.padreydecano.com\/cms\/wp-json\/wp\/v2\/comments?post=28323"}],"version-history":[{"count":0,"href":"https:\/\/www.padreydecano.com\/cms\/wp-json\/wp\/v2\/posts\/28323\/revisions"}],"wp:attachment":[{"href":"https:\/\/www.padreydecano.com\/cms\/wp-json\/wp\/v2\/media?parent=28323"}],"wp:term":[{"taxonomy":"category","embeddable":true,"href":"https:\/\/www.padreydecano.com\/cms\/wp-json\/wp\/v2\/categories?post=28323"},{"taxonomy":"post_tag","embeddable":true,"href":"https:\/\/www.padreydecano.com\/cms\/wp-json\/wp\/v2\/tags?post=28323"}],"curies":[{"name":"wp","href":"https:\/\/api.w.org\/{rel}","templated":true}]}}