{"id":28317,"date":"2012-08-14T10:47:07","date_gmt":"2012-08-14T13:47:07","guid":{"rendered":"http:\/\/www.padreydecano.com\/cms\/?p=28317"},"modified":"2012-08-16T12:03:53","modified_gmt":"2012-08-16T15:03:53","slug":"ultima-prueba-antes-de-arrancar","status":"publish","type":"post","link":"https:\/\/www.padreydecano.com\/cms\/noticias\/ultima-prueba-antes-de-arrancar\/","title":{"rendered":"\u00daltima prueba antes de arrancar"},"content":{"rendered":"<p style=\"text-align: justify;\"><a href=\"https:\/\/www.padreydecano.com\/cms\/noticias\/el-apertura-comienza-el-25-de-agosto\/\" target=\"_blank\"><img loading=\"lazy\" decoding=\"async\" class=\"alignright  wp-image-27944\" src=\"https:\/\/www.padreydecano.com\/cms\/wp-content\/uploads\/2012\/08\/6-300x225.jpg\" alt=\"\" width=\"240\" height=\"180\" srcset=\"https:\/\/www.padreydecano.com\/cms\/wp-content\/uploads\/2012\/08\/6-300x225.jpg 300w, https:\/\/www.padreydecano.com\/cms\/wp-content\/uploads\/2012\/08\/6.jpg 800w\" sizes=\"(max-width: 240px) 100vw, 240px\" \/>Con las fechas de comienzo del campeonato ya definidas<\/a> para el 25 y 26 de agosto, Pe\u00f1arol se prepara para jugar el \u00faltimo partido de preparaci\u00f3n antes del arranque. Nuevamente el escenario ser\u00e1 una ciudad del interior, y esta vez es el turno de Rivera de recibir al <a title=\"El Cuadro del Pueblo\" href=\"https:\/\/www.padreydecano.com\/cms\/el-cuadro-del-pueblo\/\" target=\"_blank\">equipo m\u00e1s popular del Uruguay<\/a>, luego de que los departamentos de <a href=\"https:\/\/www.padreydecano.com\/cms\/partidos\/aparecio-juan-manuel-en-flores\/\" target=\"_blank\">Flores<\/a>, <a href=\"https:\/\/www.padreydecano.com\/cms\/partidos\/seguimos-ganando-en-los-amistosos\/\" target=\"_blank\">R\u00edo Negro<\/a> y <a title=\"Lluvia de goles en Paysand\u00fa\" href=\"https:\/\/www.padreydecano.com\/cms\/partidos\/lluvia-de-goles-en-paysandu\/\" target=\"_blank\">Paysand\u00fa<\/a> se revolucionaran con la visita del <a title=\"El Club del Siglo XX de Am\u00e9rica del Sur\" href=\"https:\/\/www.padreydecano.com\/cms\/editoriales\/el-club-del-siglo-xx-de-america-del-sur\/\" target=\"_blank\">Campe\u00f3n del Siglo.<\/a><\/p>\n<p style=\"text-align: justify;\">El rival ser\u00e1 el <strong>14 de Julho de Santana do Livramento<\/strong>, ciudad brasilera de la frontera que limita con el departamento de Rivera. El encuentro ser\u00e1 el s\u00e1bado en el Atilio Paiva Olivera y se disputar\u00e1n dos partidos (a las 15 hs. los suplentes ante selecci\u00f3n local y a las 17 hs. los titulares frente al mencionado equipo brasilero), en lo que ser\u00e1 la vuelta de Pe\u00f1arol a Rivera luego de la disputa del <a href=\"https:\/\/www.padreydecano.com\/cms\/tag\/torneo-preparacion-2012\/\" target=\"_blank\">Torneo Preparaci\u00f3n<\/a> realizado en enero y febrero de este a\u00f1o, donde jugamos los partidos frente a <a href=\"https:\/\/www.padreydecano.com\/cms\/partidos\/los-pibes-golearon-a-rentistas\/\" target=\"_blank\">Rentistas<\/a> y <a href=\"https:\/\/www.padreydecano.com\/cms\/partidos\/los-pibes-dejaron-la-vida\/\" target=\"_blank\">River Plate.<\/a><\/p>\n<p style=\"text-align: justify;\"><span style=\"color: #ffcc02;\"><strong>Venta de entradas<\/strong><\/span><\/p>\n<p style=\"text-align: justify;\">La venta previa comienza hoy en los locales de Redpagos y habr\u00e1 diferencias de precio dependiendo el d\u00eda de compra de la entrada. Para la cabecera el precio es de $80 hasta el jueves y $120 luego, para las laterales $120 y $170 y para los palcos $250 y $300. Esperemos que la gente del norte del pa\u00eds se arrime en buen n\u00famero para seguir demostrando que <a href=\"https:\/\/www.padreydecano.com\/cms\/columnas\/uruguay-es-penarol\/\" target=\"_blank\">Pe\u00f1arol es Uruguay; y Uruguay es Pe\u00f1arol.<\/a><\/p>\n","protected":false},"excerpt":{"rendered":"<p>Con las fechas de comienzo del campeonato ya definidas para el 25 y 26 de agosto, Pe\u00f1arol se prepara para jugar el \u00faltimo partido de preparaci\u00f3n antes del arranque. Nuevamente el escenario ser\u00e1 una ciudad del interior, y esta vez es el turno de Rivera de recibir al equipo m\u00e1s popular del Uruguay, luego de [&hellip;]<\/p>\n","protected":false},"author":3,"featured_media":27944,"comment_status":"open","ping_status":"closed","sticky":false,"template":"","format":"standard","meta":{"footnotes":""},"categories":[1],"tags":[],"yoast_head":"<!-- This site is optimized with the Yoast SEO plugin v23.2 - https:\/\/yoast.com\/wordpress\/plugins\/seo\/ -->\n<title>\u00daltima prueba antes de arrancar - Padre y Decano - El Sitio del Pueblo<\/title>\n<meta name=\"robots\" content=\"index, follow, max-snippet:-1, max-image-preview:large, max-video-preview:-1\" \/>\n<link rel=\"canonical\" href=\"https:\/\/www.padreydecano.com\/cms\/noticias\/ultima-prueba-antes-de-arrancar\/\" \/>\n<meta property=\"og:locale\" content=\"es_ES\" \/>\n<meta property=\"og:type\" content=\"article\" \/>\n<meta property=\"og:title\" content=\"\u00daltima prueba antes de arrancar - Padre y Decano - El Sitio del Pueblo\" \/>\n<meta property=\"og:description\" content=\"Con las fechas de comienzo del campeonato ya definidas para el 25 y 26 de agosto, Pe\u00f1arol se prepara para jugar el \u00faltimo partido de preparaci\u00f3n antes del arranque. Nuevamente el escenario ser\u00e1 una ciudad del interior, y esta vez es el turno de Rivera de recibir al equipo m\u00e1s popular del Uruguay, luego de [&hellip;]\" \/>\n<meta property=\"og:url\" content=\"https:\/\/www.padreydecano.com\/cms\/noticias\/ultima-prueba-antes-de-arrancar\/\" \/>\n<meta property=\"og:site_name\" content=\"Padre y Decano - El Sitio del Pueblo\" \/>\n<meta property=\"article:published_time\" content=\"2012-08-14T13:47:07+00:00\" \/>\n<meta property=\"article:modified_time\" content=\"2012-08-16T15:03:53+00:00\" \/>\n<meta property=\"og:image\" content=\"https:\/\/www.padreydecano.com\/cms\/wp-content\/uploads\/2012\/08\/6.jpg\" \/>\n\t<meta property=\"og:image:width\" content=\"800\" \/>\n\t<meta property=\"og:image:height\" content=\"600\" \/>\n\t<meta property=\"og:image:type\" content=\"image\/jpeg\" \/>\n<meta name=\"author\" content=\"1891\" \/>\n<meta name=\"twitter:card\" content=\"summary_large_image\" \/>\n<meta name=\"twitter:label1\" content=\"Escrito por\" \/>\n\t<meta name=\"twitter:data1\" content=\"1891\" \/>\n\t<meta name=\"twitter:label2\" content=\"Tiempo de lectura\" \/>\n\t<meta name=\"twitter:data2\" content=\"1 minuto\" \/>\n<script type=\"application\/ld+json\" class=\"yoast-schema-graph\">{\"@context\":\"https:\/\/schema.org\",\"@graph\":[{\"@type\":\"Article\",\"@id\":\"https:\/\/www.padreydecano.com\/cms\/noticias\/ultima-prueba-antes-de-arrancar\/#article\",\"isPartOf\":{\"@id\":\"https:\/\/www.padreydecano.com\/cms\/noticias\/ultima-prueba-antes-de-arrancar\/\"},\"author\":{\"name\":\"1891\",\"@id\":\"https:\/\/www.padreydecano.com\/cms\/#\/schema\/person\/5607c72c38a1537a151b24d1e67535e0\"},\"headline\":\"\u00daltima prueba antes de arrancar\",\"datePublished\":\"2012-08-14T13:47:07+00:00\",\"dateModified\":\"2012-08-16T15:03:53+00:00\",\"mainEntityOfPage\":{\"@id\":\"https:\/\/www.padreydecano.com\/cms\/noticias\/ultima-prueba-antes-de-arrancar\/\"},\"wordCount\":254,\"commentCount\":10,\"publisher\":{\"@id\":\"https:\/\/www.padreydecano.com\/cms\/#organization\"},\"image\":{\"@id\":\"https:\/\/www.padreydecano.com\/cms\/noticias\/ultima-prueba-antes-de-arrancar\/#primaryimage\"},\"thumbnailUrl\":\"https:\/\/www.padreydecano.com\/cms\/wp-content\/uploads\/2012\/08\/6.jpg\",\"articleSection\":[\"Noticias\"],\"inLanguage\":\"es\",\"potentialAction\":[{\"@type\":\"CommentAction\",\"name\":\"Comment\",\"target\":[\"https:\/\/www.padreydecano.com\/cms\/noticias\/ultima-prueba-antes-de-arrancar\/#respond\"]}]},{\"@type\":\"WebPage\",\"@id\":\"https:\/\/www.padreydecano.com\/cms\/noticias\/ultima-prueba-antes-de-arrancar\/\",\"url\":\"https:\/\/www.padreydecano.com\/cms\/noticias\/ultima-prueba-antes-de-arrancar\/\",\"name\":\"\u00daltima prueba antes de arrancar - Padre y Decano - El Sitio del Pueblo\",\"isPartOf\":{\"@id\":\"https:\/\/www.padreydecano.com\/cms\/#website\"},\"primaryImageOfPage\":{\"@id\":\"https:\/\/www.padreydecano.com\/cms\/noticias\/ultima-prueba-antes-de-arrancar\/#primaryimage\"},\"image\":{\"@id\":\"https:\/\/www.padreydecano.com\/cms\/noticias\/ultima-prueba-antes-de-arrancar\/#primaryimage\"},\"thumbnailUrl\":\"https:\/\/www.padreydecano.com\/cms\/wp-content\/uploads\/2012\/08\/6.jpg\",\"datePublished\":\"2012-08-14T13:47:07+00:00\",\"dateModified\":\"2012-08-16T15:03:53+00:00\",\"breadcrumb\":{\"@id\":\"https:\/\/www.padreydecano.com\/cms\/noticias\/ultima-prueba-antes-de-arrancar\/#breadcrumb\"},\"inLanguage\":\"es\",\"potentialAction\":[{\"@type\":\"ReadAction\",\"target\":[\"https:\/\/www.padreydecano.com\/cms\/noticias\/ultima-prueba-antes-de-arrancar\/\"]}]},{\"@type\":\"ImageObject\",\"inLanguage\":\"es\",\"@id\":\"https:\/\/www.padreydecano.com\/cms\/noticias\/ultima-prueba-antes-de-arrancar\/#primaryimage\",\"url\":\"https:\/\/www.padreydecano.com\/cms\/wp-content\/uploads\/2012\/08\/6.jpg\",\"contentUrl\":\"https:\/\/www.padreydecano.com\/cms\/wp-content\/uploads\/2012\/08\/6.jpg\",\"width\":\"800\",\"height\":\"600\"},{\"@type\":\"BreadcrumbList\",\"@id\":\"https:\/\/www.padreydecano.com\/cms\/noticias\/ultima-prueba-antes-de-arrancar\/#breadcrumb\",\"itemListElement\":[{\"@type\":\"ListItem\",\"position\":1,\"name\":\"Portada\",\"item\":\"https:\/\/www.padreydecano.com\/cms\/\"},{\"@type\":\"ListItem\",\"position\":2,\"name\":\"\u00daltima prueba antes de arrancar\"}]},{\"@type\":\"WebSite\",\"@id\":\"https:\/\/www.padreydecano.com\/cms\/#website\",\"url\":\"https:\/\/www.padreydecano.com\/cms\/\",\"name\":\"Padre y Decano - El Sitio del Pueblo\",\"description\":\"Club Atl\u00e9tico Pe\u00f1arol\",\"publisher\":{\"@id\":\"https:\/\/www.padreydecano.com\/cms\/#organization\"},\"potentialAction\":[{\"@type\":\"SearchAction\",\"target\":{\"@type\":\"EntryPoint\",\"urlTemplate\":\"https:\/\/www.padreydecano.com\/cms\/?s={search_term_string}\"},\"query-input\":\"required name=search_term_string\"}],\"inLanguage\":\"es\"},{\"@type\":\"Organization\",\"@id\":\"https:\/\/www.padreydecano.com\/cms\/#organization\",\"name\":\"Padre y Decano\",\"url\":\"https:\/\/www.padreydecano.com\/cms\/\",\"logo\":{\"@type\":\"ImageObject\",\"inLanguage\":\"es\",\"@id\":\"https:\/\/www.padreydecano.com\/cms\/#\/schema\/logo\/image\/\",\"url\":\"https:\/\/www.padreydecano.com\/cms\/wp-content\/uploads\/2022\/01\/avatar-square.png\",\"contentUrl\":\"https:\/\/www.padreydecano.com\/cms\/wp-content\/uploads\/2022\/01\/avatar-square.png\",\"width\":1500,\"height\":1500,\"caption\":\"Padre y Decano\"},\"image\":{\"@id\":\"https:\/\/www.padreydecano.com\/cms\/#\/schema\/logo\/image\/\"}},{\"@type\":\"Person\",\"@id\":\"https:\/\/www.padreydecano.com\/cms\/#\/schema\/person\/5607c72c38a1537a151b24d1e67535e0\",\"name\":\"1891\",\"image\":{\"@type\":\"ImageObject\",\"inLanguage\":\"es\",\"@id\":\"https:\/\/www.padreydecano.com\/cms\/#\/schema\/person\/image\/\",\"url\":\"https:\/\/secure.gravatar.com\/avatar\/29d4d1b0d523a21898e8cf9585d259d3?s=96&d=https%3A%2F%2Fpadreydecano.com%2Fcms%2Fwp-content%2Fthemes%2Fpyd-theme%2Fimg%2Fdefault-avatar.png&r=g\",\"contentUrl\":\"https:\/\/secure.gravatar.com\/avatar\/29d4d1b0d523a21898e8cf9585d259d3?s=96&d=https%3A%2F%2Fpadreydecano.com%2Fcms%2Fwp-content%2Fthemes%2Fpyd-theme%2Fimg%2Fdefault-avatar.png&r=g\",\"caption\":\"1891\"}}]}<\/script>\n<!-- \/ Yoast SEO plugin. -->","yoast_head_json":{"title":"\u00daltima prueba antes de arrancar - Padre y Decano - El Sitio del Pueblo","robots":{"index":"index","follow":"follow","max-snippet":"max-snippet:-1","max-image-preview":"max-image-preview:large","max-video-preview":"max-video-preview:-1"},"canonical":"https:\/\/www.padreydecano.com\/cms\/noticias\/ultima-prueba-antes-de-arrancar\/","og_locale":"es_ES","og_type":"article","og_title":"\u00daltima prueba antes de arrancar - Padre y Decano - El Sitio del Pueblo","og_description":"Con las fechas de comienzo del campeonato ya definidas para el 25 y 26 de agosto, Pe\u00f1arol se prepara para jugar el \u00faltimo partido de preparaci\u00f3n antes del arranque. Nuevamente el escenario ser\u00e1 una ciudad del interior, y esta vez es el turno de Rivera de recibir al equipo m\u00e1s popular del Uruguay, luego de [&hellip;]","og_url":"https:\/\/www.padreydecano.com\/cms\/noticias\/ultima-prueba-antes-de-arrancar\/","og_site_name":"Padre y Decano - El Sitio del Pueblo","article_published_time":"2012-08-14T13:47:07+00:00","article_modified_time":"2012-08-16T15:03:53+00:00","og_image":[{"width":800,"height":600,"url":"https:\/\/www.padreydecano.com\/cms\/wp-content\/uploads\/2012\/08\/6.jpg","type":"image\/jpeg"}],"author":"1891","twitter_card":"summary_large_image","twitter_misc":{"Escrito por":"1891","Tiempo de lectura":"1 minuto"},"schema":{"@context":"https:\/\/schema.org","@graph":[{"@type":"Article","@id":"https:\/\/www.padreydecano.com\/cms\/noticias\/ultima-prueba-antes-de-arrancar\/#article","isPartOf":{"@id":"https:\/\/www.padreydecano.com\/cms\/noticias\/ultima-prueba-antes-de-arrancar\/"},"author":{"name":"1891","@id":"https:\/\/www.padreydecano.com\/cms\/#\/schema\/person\/5607c72c38a1537a151b24d1e67535e0"},"headline":"\u00daltima prueba antes de arrancar","datePublished":"2012-08-14T13:47:07+00:00","dateModified":"2012-08-16T15:03:53+00:00","mainEntityOfPage":{"@id":"https:\/\/www.padreydecano.com\/cms\/noticias\/ultima-prueba-antes-de-arrancar\/"},"wordCount":254,"commentCount":10,"publisher":{"@id":"https:\/\/www.padreydecano.com\/cms\/#organization"},"image":{"@id":"https:\/\/www.padreydecano.com\/cms\/noticias\/ultima-prueba-antes-de-arrancar\/#primaryimage"},"thumbnailUrl":"https:\/\/www.padreydecano.com\/cms\/wp-content\/uploads\/2012\/08\/6.jpg","articleSection":["Noticias"],"inLanguage":"es","potentialAction":[{"@type":"CommentAction","name":"Comment","target":["https:\/\/www.padreydecano.com\/cms\/noticias\/ultima-prueba-antes-de-arrancar\/#respond"]}]},{"@type":"WebPage","@id":"https:\/\/www.padreydecano.com\/cms\/noticias\/ultima-prueba-antes-de-arrancar\/","url":"https:\/\/www.padreydecano.com\/cms\/noticias\/ultima-prueba-antes-de-arrancar\/","name":"\u00daltima prueba antes de arrancar - Padre y Decano - El Sitio del Pueblo","isPartOf":{"@id":"https:\/\/www.padreydecano.com\/cms\/#website"},"primaryImageOfPage":{"@id":"https:\/\/www.padreydecano.com\/cms\/noticias\/ultima-prueba-antes-de-arrancar\/#primaryimage"},"image":{"@id":"https:\/\/www.padreydecano.com\/cms\/noticias\/ultima-prueba-antes-de-arrancar\/#primaryimage"},"thumbnailUrl":"https:\/\/www.padreydecano.com\/cms\/wp-content\/uploads\/2012\/08\/6.jpg","datePublished":"2012-08-14T13:47:07+00:00","dateModified":"2012-08-16T15:03:53+00:00","breadcrumb":{"@id":"https:\/\/www.padreydecano.com\/cms\/noticias\/ultima-prueba-antes-de-arrancar\/#breadcrumb"},"inLanguage":"es","potentialAction":[{"@type":"ReadAction","target":["https:\/\/www.padreydecano.com\/cms\/noticias\/ultima-prueba-antes-de-arrancar\/"]}]},{"@type":"ImageObject","inLanguage":"es","@id":"https:\/\/www.padreydecano.com\/cms\/noticias\/ultima-prueba-antes-de-arrancar\/#primaryimage","url":"https:\/\/www.padreydecano.com\/cms\/wp-content\/uploads\/2012\/08\/6.jpg","contentUrl":"https:\/\/www.padreydecano.com\/cms\/wp-content\/uploads\/2012\/08\/6.jpg","width":"800","height":"600"},{"@type":"BreadcrumbList","@id":"https:\/\/www.padreydecano.com\/cms\/noticias\/ultima-prueba-antes-de-arrancar\/#breadcrumb","itemListElement":[{"@type":"ListItem","position":1,"name":"Portada","item":"https:\/\/www.padreydecano.com\/cms\/"},{"@type":"ListItem","position":2,"name":"\u00daltima prueba antes de arrancar"}]},{"@type":"WebSite","@id":"https:\/\/www.padreydecano.com\/cms\/#website","url":"https:\/\/www.padreydecano.com\/cms\/","name":"Padre y Decano - El Sitio del Pueblo","description":"Club Atl\u00e9tico Pe\u00f1arol","publisher":{"@id":"https:\/\/www.padreydecano.com\/cms\/#organization"},"potentialAction":[{"@type":"SearchAction","target":{"@type":"EntryPoint","urlTemplate":"https:\/\/www.padreydecano.com\/cms\/?s={search_term_string}"},"query-input":"required name=search_term_string"}],"inLanguage":"es"},{"@type":"Organization","@id":"https:\/\/www.padreydecano.com\/cms\/#organization","name":"Padre y Decano","url":"https:\/\/www.padreydecano.com\/cms\/","logo":{"@type":"ImageObject","inLanguage":"es","@id":"https:\/\/www.padreydecano.com\/cms\/#\/schema\/logo\/image\/","url":"https:\/\/www.padreydecano.com\/cms\/wp-content\/uploads\/2022\/01\/avatar-square.png","contentUrl":"https:\/\/www.padreydecano.com\/cms\/wp-content\/uploads\/2022\/01\/avatar-square.png","width":1500,"height":1500,"caption":"Padre y Decano"},"image":{"@id":"https:\/\/www.padreydecano.com\/cms\/#\/schema\/logo\/image\/"}},{"@type":"Person","@id":"https:\/\/www.padreydecano.com\/cms\/#\/schema\/person\/5607c72c38a1537a151b24d1e67535e0","name":"1891","image":{"@type":"ImageObject","inLanguage":"es","@id":"https:\/\/www.padreydecano.com\/cms\/#\/schema\/person\/image\/","url":"https:\/\/secure.gravatar.com\/avatar\/29d4d1b0d523a21898e8cf9585d259d3?s=96&d=https%3A%2F%2Fpadreydecano.com%2Fcms%2Fwp-content%2Fthemes%2Fpyd-theme%2Fimg%2Fdefault-avatar.png&r=g","contentUrl":"https:\/\/secure.gravatar.com\/avatar\/29d4d1b0d523a21898e8cf9585d259d3?s=96&d=https%3A%2F%2Fpadreydecano.com%2Fcms%2Fwp-content%2Fthemes%2Fpyd-theme%2Fimg%2Fdefault-avatar.png&r=g","caption":"1891"}}]}},"_links":{"self":[{"href":"https:\/\/www.padreydecano.com\/cms\/wp-json\/wp\/v2\/posts\/28317"}],"collection":[{"href":"https:\/\/www.padreydecano.com\/cms\/wp-json\/wp\/v2\/posts"}],"about":[{"href":"https:\/\/www.padreydecano.com\/cms\/wp-json\/wp\/v2\/types\/post"}],"author":[{"embeddable":true,"href":"https:\/\/www.padreydecano.com\/cms\/wp-json\/wp\/v2\/users\/3"}],"replies":[{"embeddable":true,"href":"https:\/\/www.padreydecano.com\/cms\/wp-json\/wp\/v2\/comments?post=28317"}],"version-history":[{"count":0,"href":"https:\/\/www.padreydecano.com\/cms\/wp-json\/wp\/v2\/posts\/28317\/revisions"}],"wp:featuredmedia":[{"embeddable":true,"href":"https:\/\/www.padreydecano.com\/cms\/wp-json\/wp\/v2\/media\/27944"}],"wp:attachment":[{"href":"https:\/\/www.padreydecano.com\/cms\/wp-json\/wp\/v2\/media?parent=28317"}],"wp:term":[{"taxonomy":"category","embeddable":true,"href":"https:\/\/www.padreydecano.com\/cms\/wp-json\/wp\/v2\/categories?post=28317"},{"taxonomy":"post_tag","embeddable":true,"href":"https:\/\/www.padreydecano.com\/cms\/wp-json\/wp\/v2\/tags?post=28317"}],"curies":[{"name":"wp","href":"https:\/\/api.w.org\/{rel}","templated":true}]}}