{"id":28304,"date":"2012-08-13T19:43:24","date_gmt":"2012-08-13T22:43:24","guid":{"rendered":"http:\/\/www.padreydecano.com\/cms\/?p=28304"},"modified":"2012-08-16T21:56:11","modified_gmt":"2012-08-17T00:56:11","slug":"se-gano-pero-no-se-consiguio-el-objetivo","status":"publish","type":"post","link":"https:\/\/www.padreydecano.com\/cms\/3era-division\/se-gano-pero-no-se-consiguio-el-objetivo\/","title":{"rendered":"Se gan\u00f3, pero no se consigui\u00f3 el objetivo"},"content":{"rendered":"<p style=\"text-align: justify;\"><strong><a href=\"https:\/\/www.padreydecano.com\/cms\/wp-content\/uploads\/2012\/08\/DSC_03501.jpg\" rel=\"shadowbox[sbpost-28304];player=img;\"><img loading=\"lazy\" decoding=\"async\" class=\"alignleft  wp-image-28308\" src=\"https:\/\/www.padreydecano.com\/cms\/wp-content\/uploads\/2012\/08\/DSC_03501-300x199.jpg\" alt=\"\" width=\"240\" height=\"159\" srcset=\"https:\/\/www.padreydecano.com\/cms\/wp-content\/uploads\/2012\/08\/DSC_03501-300x199.jpg 300w, https:\/\/www.padreydecano.com\/cms\/wp-content\/uploads\/2012\/08\/DSC_03501.jpg 800w\" sizes=\"(max-width: 240px) 100vw, 240px\" \/><\/a>Pe\u00f1arol derrot\u00f3 3 a 1 a Defensor Sporting en la \u00faltima final, s<\/strong>in embargo, la diferencia no alcanz\u00f3 para lograr el campeonato uruguayo de tercera divisi\u00f3n.<\/p>\n<p style=\"text-align: justify;\">El equipo del \u00abTito\u00bb sali\u00f3 a la cancha con<strong>\u00a0Washington Aguerre<\/strong> en el arco, <strong>Guillermo Varela<\/strong> en el lateral derecho, \u00a0<strong>Fabrizio Buschiazzo<\/strong> junto a <strong>Germ\u00e1n Ferreira<\/strong> en la zaga, y el capit\u00e1n <strong>Joaqu\u00edn Aguirre<\/strong> en el lateral izquierdo. En el doble cinco estuvieron <strong>Andr\u00e9s Pereyra<\/strong> y <strong>Jim Morrison Varela;<\/strong>\u00a0<strong>Rodrigo Viega<\/strong> por derecha y\u00a0<strong>Emiliano Fern\u00e1ndez<\/strong> por izquierda. Por su parte, arriba jugaron <strong>Franco Milano<\/strong> y <strong>Agust\u00edn Bar\u00e1n<\/strong>.<\/p>\n<p style=\"text-align: justify;\">El partido fue en su totalidad trabado, pero Pe\u00f1arol en todo momento busc\u00f3 el arco contrario, a diferencia de Defensor, que conocedor de su ventaja en el partido anterior, busc\u00f3 defenderse lo m\u00e1ximo posible.<\/p>\n<p><a href=\"https:\/\/www.padreydecano.com\/cms\/wp-content\/uploads\/2012\/08\/DSC_03061.jpg\" rel=\"shadowbox[sbpost-28304];player=img;\"><img loading=\"lazy\" decoding=\"async\" class=\"alignright  wp-image-28307\" src=\"https:\/\/www.padreydecano.com\/cms\/wp-content\/uploads\/2012\/08\/DSC_03061-300x199.jpg\" alt=\"\" width=\"240\" height=\"159\" srcset=\"https:\/\/www.padreydecano.com\/cms\/wp-content\/uploads\/2012\/08\/DSC_03061-300x199.jpg 300w, https:\/\/www.padreydecano.com\/cms\/wp-content\/uploads\/2012\/08\/DSC_03061.jpg 800w\" sizes=\"(max-width: 240px) 100vw, 240px\" \/><\/a><\/p>\n<p style=\"text-align: justify;\"><strong>Un muy buen circuito se arm\u00f3 por la banda derecha del conjunto carbonero<\/strong>, por donde una de las figuras Guillermo Varela, junto a Rodrigo Viega y Agust\u00edn Bar\u00e1n lograron desbordar en reiteradas oportunidades y aproximarse al arco rival.<\/p>\n<p style=\"text-align: justify;\">Pe\u00f1arol buscaba constantemente, pero Defensor se defend\u00eda y contraatacaba muy bien.<\/p>\n<p style=\"text-align: justify;\">Luego de un tiro de esquina y tras un buen pase que deriva en Joaqu\u00edn Aguirre, <strong>el capit\u00e1n aurinegro define de pierna derecha cambi\u00e1ndole el palo al arquero violeta<\/strong>, para decretar el 1 a 0 parcial. Merecida ventaja para el carbonero.<\/p>\n<p style=\"text-align: justify;\"><a href=\"https:\/\/www.padreydecano.com\/cms\/wp-content\/uploads\/2012\/08\/DSC_01311.jpg\" rel=\"shadowbox[sbpost-28304];player=img;\"><img loading=\"lazy\" decoding=\"async\" class=\"alignleft  wp-image-28305\" src=\"https:\/\/www.padreydecano.com\/cms\/wp-content\/uploads\/2012\/08\/DSC_01311-300x199.jpg\" alt=\"\" width=\"240\" height=\"159\" srcset=\"https:\/\/www.padreydecano.com\/cms\/wp-content\/uploads\/2012\/08\/DSC_01311-300x199.jpg 300w, https:\/\/www.padreydecano.com\/cms\/wp-content\/uploads\/2012\/08\/DSC_01311.jpg 800w\" sizes=\"(max-width: 240px) 100vw, 240px\" \/><\/a>El partido continu\u00f3 con similares caracter\u00edsticas, aunque luego del tanto Defensor se tir\u00f3 un poco m\u00e1s arriba. Fue all\u00ed que tras un error del arquero mirasol, en la continuaci\u00f3n de la jugada Defensor llega al empate a escasos segundos del final del primero tiempo. As\u00ed culminaron los primeros 45 minutos.<\/p>\n<p style=\"text-align: justify;\"><strong>En el segundo tiempo Jorge \u201cTito\u201d Gonc\u00e1lvez comenz\u00f3 a mover el banco,<\/strong> mandando a la cancha a Alejandro Furia y a Ignacio Vel\u00e1zquez, para que se retiren Agust\u00edn Bar\u00e1n y Andr\u00e9s Pereyra. <strong>Ser\u00eda finalmente el \u201cNacho\u201d Vel\u00e1zquez quien tras un tiro libre y una muy buena asistencia de Guillermo Varela, remate de zurda para marcar el 2 a 1.<\/strong> Nuevamente Pe\u00f1arol se pon\u00eda en ventaja, y nuevamente por el transcurso del encuentro esa diferencia era merecida. Dos minutos despu\u00e9s, Rodrigo Viega fue expulsado por doble amarilla.<\/p>\n<p style=\"text-align: justify;\"><a href=\"https:\/\/www.padreydecano.com\/cms\/wp-content\/uploads\/2012\/08\/DSC_02901.jpg\" rel=\"shadowbox[sbpost-28304];player=img;\"><img loading=\"lazy\" decoding=\"async\" class=\"alignright  wp-image-28306\" src=\"https:\/\/www.padreydecano.com\/cms\/wp-content\/uploads\/2012\/08\/DSC_02901-300x199.jpg\" alt=\"\" width=\"270\" height=\"179\" srcset=\"https:\/\/www.padreydecano.com\/cms\/wp-content\/uploads\/2012\/08\/DSC_02901-300x199.jpg 300w, https:\/\/www.padreydecano.com\/cms\/wp-content\/uploads\/2012\/08\/DSC_02901.jpg 800w\" sizes=\"(max-width: 270px) 100vw, 270px\" \/><\/a>Un nuevo cambio surtir\u00eda efecto, ya que Alejandro Siles entr\u00f3 por Emiliano Fern\u00e1ndez, y tan solo unos 15 minutos\u00a0<span>despu\u00e9s de ingresar a la cancha, <\/span><strong>tom\u00f3 la pelota por la zona izquierda, realiz\u00f3 una diagonal hacia el centro de la cancha para terminar con un potente disparo que se col\u00f3 por encima del arquero rival<\/strong><span>, clav\u00e1ndose en el \u00e1ngulo. Faltaban 5 minutos y Pe\u00f1arol se pon\u00eda 3 a 1, pero era consciente de que el milagro a\u00fan se encontraba muy lejos.<\/span><\/p>\n<p style=\"text-align: justify;\">Sobre el final del partido <strong>creci\u00f3 la figura de Washington Aguerre, quien tap\u00f3 varios remates del conjunto violeta con espectaculares atajadas.<\/strong><\/p>\n<p style=\"text-align: justify;\">As\u00ed se termin\u00f3 la historia. No se le pudo dar el campeonato a este gran grupo dirigido por el \u201cTito\u201d Gonc\u00e1lvez, pero sin dudas que se revirti\u00f3 la imagen del \u00faltimo partido, y se fue con la frente en alto. Estos chicos merecieron m\u00e1s, pero no se les puede esquivar el aplauso; han dejado todo a lo largo del a\u00f1o, y estuvieron a un partido de lograr el justo premio.<\/p>\n","protected":false},"excerpt":{"rendered":"<p>Pe\u00f1arol derrot\u00f3 3 a 1 a Defensor Sporting en la \u00faltima final, sin embargo, la diferencia no alcanz\u00f3 para lograr el campeonato uruguayo de tercera divisi\u00f3n. El equipo del \u00abTito\u00bb sali\u00f3 a la cancha con\u00a0Washington Aguerre en el arco, Guillermo Varela en el lateral derecho, \u00a0Fabrizio Buschiazzo junto a Germ\u00e1n Ferreira en la zaga, y [&hellip;]<\/p>\n","protected":false},"author":5,"featured_media":28309,"comment_status":"open","ping_status":"closed","sticky":false,"template":"","format":"standard","meta":{"footnotes":""},"categories":[51],"tags":[],"yoast_head":"<!-- This site is optimized with the Yoast SEO plugin v23.2 - https:\/\/yoast.com\/wordpress\/plugins\/seo\/ -->\n<title>Se gan\u00f3, pero no se consigui\u00f3 el objetivo - Padre y Decano - El Sitio del Pueblo<\/title>\n<meta name=\"robots\" content=\"index, follow, max-snippet:-1, max-image-preview:large, max-video-preview:-1\" \/>\n<link rel=\"canonical\" href=\"https:\/\/www.padreydecano.com\/cms\/3era-division\/se-gano-pero-no-se-consiguio-el-objetivo\/\" \/>\n<meta property=\"og:locale\" content=\"es_ES\" \/>\n<meta property=\"og:type\" content=\"article\" \/>\n<meta property=\"og:title\" content=\"Se gan\u00f3, pero no se consigui\u00f3 el objetivo - Padre y Decano - El Sitio del Pueblo\" \/>\n<meta property=\"og:description\" content=\"Pe\u00f1arol derrot\u00f3 3 a 1 a Defensor Sporting en la \u00faltima final, sin embargo, la diferencia no alcanz\u00f3 para lograr el campeonato uruguayo de tercera divisi\u00f3n. El equipo del \u00abTito\u00bb sali\u00f3 a la cancha con\u00a0Washington Aguerre en el arco, Guillermo Varela en el lateral derecho, \u00a0Fabrizio Buschiazzo junto a Germ\u00e1n Ferreira en la zaga, y [&hellip;]\" \/>\n<meta property=\"og:url\" content=\"https:\/\/www.padreydecano.com\/cms\/3era-division\/se-gano-pero-no-se-consiguio-el-objetivo\/\" \/>\n<meta property=\"og:site_name\" content=\"Padre y Decano - El Sitio del Pueblo\" \/>\n<meta property=\"article:published_time\" content=\"2012-08-13T22:43:24+00:00\" \/>\n<meta property=\"article:modified_time\" content=\"2012-08-17T00:56:11+00:00\" \/>\n<meta property=\"og:image\" content=\"https:\/\/www.padreydecano.com\/cms\/wp-content\/uploads\/2012\/08\/slider_3radivision_final_defensor.jpg\" \/>\n\t<meta property=\"og:image:width\" content=\"640\" \/>\n\t<meta property=\"og:image:height\" content=\"250\" \/>\n\t<meta property=\"og:image:type\" content=\"image\/jpeg\" \/>\n<meta name=\"author\" content=\"Emirona07\" \/>\n<meta name=\"twitter:card\" content=\"summary_large_image\" \/>\n<meta name=\"twitter:label1\" content=\"Escrito por\" \/>\n\t<meta name=\"twitter:data1\" content=\"Emirona07\" \/>\n\t<meta name=\"twitter:label2\" content=\"Tiempo de lectura\" \/>\n\t<meta name=\"twitter:data2\" content=\"3 minutos\" \/>\n<script type=\"application\/ld+json\" class=\"yoast-schema-graph\">{\"@context\":\"https:\/\/schema.org\",\"@graph\":[{\"@type\":\"Article\",\"@id\":\"https:\/\/www.padreydecano.com\/cms\/3era-division\/se-gano-pero-no-se-consiguio-el-objetivo\/#article\",\"isPartOf\":{\"@id\":\"https:\/\/www.padreydecano.com\/cms\/3era-division\/se-gano-pero-no-se-consiguio-el-objetivo\/\"},\"author\":{\"name\":\"Emirona07\",\"@id\":\"https:\/\/www.padreydecano.com\/cms\/#\/schema\/person\/51e0214db654d9624824b37c2838bb65\"},\"headline\":\"Se gan\u00f3, pero no se consigui\u00f3 el objetivo\",\"datePublished\":\"2012-08-13T22:43:24+00:00\",\"dateModified\":\"2012-08-17T00:56:11+00:00\",\"mainEntityOfPage\":{\"@id\":\"https:\/\/www.padreydecano.com\/cms\/3era-division\/se-gano-pero-no-se-consiguio-el-objetivo\/\"},\"wordCount\":564,\"commentCount\":8,\"publisher\":{\"@id\":\"https:\/\/www.padreydecano.com\/cms\/#organization\"},\"image\":{\"@id\":\"https:\/\/www.padreydecano.com\/cms\/3era-division\/se-gano-pero-no-se-consiguio-el-objetivo\/#primaryimage\"},\"thumbnailUrl\":\"https:\/\/www.padreydecano.com\/cms\/wp-content\/uploads\/2012\/08\/slider_3radivision_final_defensor.jpg\",\"articleSection\":[\"3era Divisi\u00f3n\"],\"inLanguage\":\"es\",\"potentialAction\":[{\"@type\":\"CommentAction\",\"name\":\"Comment\",\"target\":[\"https:\/\/www.padreydecano.com\/cms\/3era-division\/se-gano-pero-no-se-consiguio-el-objetivo\/#respond\"]}]},{\"@type\":\"WebPage\",\"@id\":\"https:\/\/www.padreydecano.com\/cms\/3era-division\/se-gano-pero-no-se-consiguio-el-objetivo\/\",\"url\":\"https:\/\/www.padreydecano.com\/cms\/3era-division\/se-gano-pero-no-se-consiguio-el-objetivo\/\",\"name\":\"Se gan\u00f3, pero no se consigui\u00f3 el objetivo - Padre y Decano - El Sitio del Pueblo\",\"isPartOf\":{\"@id\":\"https:\/\/www.padreydecano.com\/cms\/#website\"},\"primaryImageOfPage\":{\"@id\":\"https:\/\/www.padreydecano.com\/cms\/3era-division\/se-gano-pero-no-se-consiguio-el-objetivo\/#primaryimage\"},\"image\":{\"@id\":\"https:\/\/www.padreydecano.com\/cms\/3era-division\/se-gano-pero-no-se-consiguio-el-objetivo\/#primaryimage\"},\"thumbnailUrl\":\"https:\/\/www.padreydecano.com\/cms\/wp-content\/uploads\/2012\/08\/slider_3radivision_final_defensor.jpg\",\"datePublished\":\"2012-08-13T22:43:24+00:00\",\"dateModified\":\"2012-08-17T00:56:11+00:00\",\"breadcrumb\":{\"@id\":\"https:\/\/www.padreydecano.com\/cms\/3era-division\/se-gano-pero-no-se-consiguio-el-objetivo\/#breadcrumb\"},\"inLanguage\":\"es\",\"potentialAction\":[{\"@type\":\"ReadAction\",\"target\":[\"https:\/\/www.padreydecano.com\/cms\/3era-division\/se-gano-pero-no-se-consiguio-el-objetivo\/\"]}]},{\"@type\":\"ImageObject\",\"inLanguage\":\"es\",\"@id\":\"https:\/\/www.padreydecano.com\/cms\/3era-division\/se-gano-pero-no-se-consiguio-el-objetivo\/#primaryimage\",\"url\":\"https:\/\/www.padreydecano.com\/cms\/wp-content\/uploads\/2012\/08\/slider_3radivision_final_defensor.jpg\",\"contentUrl\":\"https:\/\/www.padreydecano.com\/cms\/wp-content\/uploads\/2012\/08\/slider_3radivision_final_defensor.jpg\",\"width\":\"640\",\"height\":\"250\"},{\"@type\":\"BreadcrumbList\",\"@id\":\"https:\/\/www.padreydecano.com\/cms\/3era-division\/se-gano-pero-no-se-consiguio-el-objetivo\/#breadcrumb\",\"itemListElement\":[{\"@type\":\"ListItem\",\"position\":1,\"name\":\"Portada\",\"item\":\"https:\/\/www.padreydecano.com\/cms\/\"},{\"@type\":\"ListItem\",\"position\":2,\"name\":\"Se gan\u00f3, pero no se consigui\u00f3 el objetivo\"}]},{\"@type\":\"WebSite\",\"@id\":\"https:\/\/www.padreydecano.com\/cms\/#website\",\"url\":\"https:\/\/www.padreydecano.com\/cms\/\",\"name\":\"Padre y Decano - El Sitio del Pueblo\",\"description\":\"Club Atl\u00e9tico Pe\u00f1arol\",\"publisher\":{\"@id\":\"https:\/\/www.padreydecano.com\/cms\/#organization\"},\"potentialAction\":[{\"@type\":\"SearchAction\",\"target\":{\"@type\":\"EntryPoint\",\"urlTemplate\":\"https:\/\/www.padreydecano.com\/cms\/?s={search_term_string}\"},\"query-input\":\"required name=search_term_string\"}],\"inLanguage\":\"es\"},{\"@type\":\"Organization\",\"@id\":\"https:\/\/www.padreydecano.com\/cms\/#organization\",\"name\":\"Padre y Decano\",\"url\":\"https:\/\/www.padreydecano.com\/cms\/\",\"logo\":{\"@type\":\"ImageObject\",\"inLanguage\":\"es\",\"@id\":\"https:\/\/www.padreydecano.com\/cms\/#\/schema\/logo\/image\/\",\"url\":\"https:\/\/www.padreydecano.com\/cms\/wp-content\/uploads\/2022\/01\/avatar-square.png\",\"contentUrl\":\"https:\/\/www.padreydecano.com\/cms\/wp-content\/uploads\/2022\/01\/avatar-square.png\",\"width\":1500,\"height\":1500,\"caption\":\"Padre y Decano\"},\"image\":{\"@id\":\"https:\/\/www.padreydecano.com\/cms\/#\/schema\/logo\/image\/\"}},{\"@type\":\"Person\",\"@id\":\"https:\/\/www.padreydecano.com\/cms\/#\/schema\/person\/51e0214db654d9624824b37c2838bb65\",\"name\":\"Emirona07\",\"image\":{\"@type\":\"ImageObject\",\"inLanguage\":\"es\",\"@id\":\"https:\/\/www.padreydecano.com\/cms\/#\/schema\/person\/image\/\",\"url\":\"https:\/\/secure.gravatar.com\/avatar\/93c9118dbd5373a8a065bb5cdddde6bf?s=96&d=https%3A%2F%2Fpadreydecano.com%2Fcms%2Fwp-content%2Fthemes%2Fpyd-theme%2Fimg%2Fdefault-avatar.png&r=g\",\"contentUrl\":\"https:\/\/secure.gravatar.com\/avatar\/93c9118dbd5373a8a065bb5cdddde6bf?s=96&d=https%3A%2F%2Fpadreydecano.com%2Fcms%2Fwp-content%2Fthemes%2Fpyd-theme%2Fimg%2Fdefault-avatar.png&r=g\",\"caption\":\"Emirona07\"}}]}<\/script>\n<!-- \/ Yoast SEO plugin. -->","yoast_head_json":{"title":"Se gan\u00f3, pero no se consigui\u00f3 el objetivo - Padre y Decano - El Sitio del Pueblo","robots":{"index":"index","follow":"follow","max-snippet":"max-snippet:-1","max-image-preview":"max-image-preview:large","max-video-preview":"max-video-preview:-1"},"canonical":"https:\/\/www.padreydecano.com\/cms\/3era-division\/se-gano-pero-no-se-consiguio-el-objetivo\/","og_locale":"es_ES","og_type":"article","og_title":"Se gan\u00f3, pero no se consigui\u00f3 el objetivo - Padre y Decano - El Sitio del Pueblo","og_description":"Pe\u00f1arol derrot\u00f3 3 a 1 a Defensor Sporting en la \u00faltima final, sin embargo, la diferencia no alcanz\u00f3 para lograr el campeonato uruguayo de tercera divisi\u00f3n. El equipo del \u00abTito\u00bb sali\u00f3 a la cancha con\u00a0Washington Aguerre en el arco, Guillermo Varela en el lateral derecho, \u00a0Fabrizio Buschiazzo junto a Germ\u00e1n Ferreira en la zaga, y [&hellip;]","og_url":"https:\/\/www.padreydecano.com\/cms\/3era-division\/se-gano-pero-no-se-consiguio-el-objetivo\/","og_site_name":"Padre y Decano - El Sitio del Pueblo","article_published_time":"2012-08-13T22:43:24+00:00","article_modified_time":"2012-08-17T00:56:11+00:00","og_image":[{"width":640,"height":250,"url":"https:\/\/www.padreydecano.com\/cms\/wp-content\/uploads\/2012\/08\/slider_3radivision_final_defensor.jpg","type":"image\/jpeg"}],"author":"Emirona07","twitter_card":"summary_large_image","twitter_misc":{"Escrito por":"Emirona07","Tiempo de lectura":"3 minutos"},"schema":{"@context":"https:\/\/schema.org","@graph":[{"@type":"Article","@id":"https:\/\/www.padreydecano.com\/cms\/3era-division\/se-gano-pero-no-se-consiguio-el-objetivo\/#article","isPartOf":{"@id":"https:\/\/www.padreydecano.com\/cms\/3era-division\/se-gano-pero-no-se-consiguio-el-objetivo\/"},"author":{"name":"Emirona07","@id":"https:\/\/www.padreydecano.com\/cms\/#\/schema\/person\/51e0214db654d9624824b37c2838bb65"},"headline":"Se gan\u00f3, pero no se consigui\u00f3 el objetivo","datePublished":"2012-08-13T22:43:24+00:00","dateModified":"2012-08-17T00:56:11+00:00","mainEntityOfPage":{"@id":"https:\/\/www.padreydecano.com\/cms\/3era-division\/se-gano-pero-no-se-consiguio-el-objetivo\/"},"wordCount":564,"commentCount":8,"publisher":{"@id":"https:\/\/www.padreydecano.com\/cms\/#organization"},"image":{"@id":"https:\/\/www.padreydecano.com\/cms\/3era-division\/se-gano-pero-no-se-consiguio-el-objetivo\/#primaryimage"},"thumbnailUrl":"https:\/\/www.padreydecano.com\/cms\/wp-content\/uploads\/2012\/08\/slider_3radivision_final_defensor.jpg","articleSection":["3era Divisi\u00f3n"],"inLanguage":"es","potentialAction":[{"@type":"CommentAction","name":"Comment","target":["https:\/\/www.padreydecano.com\/cms\/3era-division\/se-gano-pero-no-se-consiguio-el-objetivo\/#respond"]}]},{"@type":"WebPage","@id":"https:\/\/www.padreydecano.com\/cms\/3era-division\/se-gano-pero-no-se-consiguio-el-objetivo\/","url":"https:\/\/www.padreydecano.com\/cms\/3era-division\/se-gano-pero-no-se-consiguio-el-objetivo\/","name":"Se gan\u00f3, pero no se consigui\u00f3 el objetivo - Padre y Decano - El Sitio del Pueblo","isPartOf":{"@id":"https:\/\/www.padreydecano.com\/cms\/#website"},"primaryImageOfPage":{"@id":"https:\/\/www.padreydecano.com\/cms\/3era-division\/se-gano-pero-no-se-consiguio-el-objetivo\/#primaryimage"},"image":{"@id":"https:\/\/www.padreydecano.com\/cms\/3era-division\/se-gano-pero-no-se-consiguio-el-objetivo\/#primaryimage"},"thumbnailUrl":"https:\/\/www.padreydecano.com\/cms\/wp-content\/uploads\/2012\/08\/slider_3radivision_final_defensor.jpg","datePublished":"2012-08-13T22:43:24+00:00","dateModified":"2012-08-17T00:56:11+00:00","breadcrumb":{"@id":"https:\/\/www.padreydecano.com\/cms\/3era-division\/se-gano-pero-no-se-consiguio-el-objetivo\/#breadcrumb"},"inLanguage":"es","potentialAction":[{"@type":"ReadAction","target":["https:\/\/www.padreydecano.com\/cms\/3era-division\/se-gano-pero-no-se-consiguio-el-objetivo\/"]}]},{"@type":"ImageObject","inLanguage":"es","@id":"https:\/\/www.padreydecano.com\/cms\/3era-division\/se-gano-pero-no-se-consiguio-el-objetivo\/#primaryimage","url":"https:\/\/www.padreydecano.com\/cms\/wp-content\/uploads\/2012\/08\/slider_3radivision_final_defensor.jpg","contentUrl":"https:\/\/www.padreydecano.com\/cms\/wp-content\/uploads\/2012\/08\/slider_3radivision_final_defensor.jpg","width":"640","height":"250"},{"@type":"BreadcrumbList","@id":"https:\/\/www.padreydecano.com\/cms\/3era-division\/se-gano-pero-no-se-consiguio-el-objetivo\/#breadcrumb","itemListElement":[{"@type":"ListItem","position":1,"name":"Portada","item":"https:\/\/www.padreydecano.com\/cms\/"},{"@type":"ListItem","position":2,"name":"Se gan\u00f3, pero no se consigui\u00f3 el objetivo"}]},{"@type":"WebSite","@id":"https:\/\/www.padreydecano.com\/cms\/#website","url":"https:\/\/www.padreydecano.com\/cms\/","name":"Padre y Decano - El Sitio del Pueblo","description":"Club Atl\u00e9tico Pe\u00f1arol","publisher":{"@id":"https:\/\/www.padreydecano.com\/cms\/#organization"},"potentialAction":[{"@type":"SearchAction","target":{"@type":"EntryPoint","urlTemplate":"https:\/\/www.padreydecano.com\/cms\/?s={search_term_string}"},"query-input":"required name=search_term_string"}],"inLanguage":"es"},{"@type":"Organization","@id":"https:\/\/www.padreydecano.com\/cms\/#organization","name":"Padre y Decano","url":"https:\/\/www.padreydecano.com\/cms\/","logo":{"@type":"ImageObject","inLanguage":"es","@id":"https:\/\/www.padreydecano.com\/cms\/#\/schema\/logo\/image\/","url":"https:\/\/www.padreydecano.com\/cms\/wp-content\/uploads\/2022\/01\/avatar-square.png","contentUrl":"https:\/\/www.padreydecano.com\/cms\/wp-content\/uploads\/2022\/01\/avatar-square.png","width":1500,"height":1500,"caption":"Padre y Decano"},"image":{"@id":"https:\/\/www.padreydecano.com\/cms\/#\/schema\/logo\/image\/"}},{"@type":"Person","@id":"https:\/\/www.padreydecano.com\/cms\/#\/schema\/person\/51e0214db654d9624824b37c2838bb65","name":"Emirona07","image":{"@type":"ImageObject","inLanguage":"es","@id":"https:\/\/www.padreydecano.com\/cms\/#\/schema\/person\/image\/","url":"https:\/\/secure.gravatar.com\/avatar\/93c9118dbd5373a8a065bb5cdddde6bf?s=96&d=https%3A%2F%2Fpadreydecano.com%2Fcms%2Fwp-content%2Fthemes%2Fpyd-theme%2Fimg%2Fdefault-avatar.png&r=g","contentUrl":"https:\/\/secure.gravatar.com\/avatar\/93c9118dbd5373a8a065bb5cdddde6bf?s=96&d=https%3A%2F%2Fpadreydecano.com%2Fcms%2Fwp-content%2Fthemes%2Fpyd-theme%2Fimg%2Fdefault-avatar.png&r=g","caption":"Emirona07"}}]}},"_links":{"self":[{"href":"https:\/\/www.padreydecano.com\/cms\/wp-json\/wp\/v2\/posts\/28304"}],"collection":[{"href":"https:\/\/www.padreydecano.com\/cms\/wp-json\/wp\/v2\/posts"}],"about":[{"href":"https:\/\/www.padreydecano.com\/cms\/wp-json\/wp\/v2\/types\/post"}],"author":[{"embeddable":true,"href":"https:\/\/www.padreydecano.com\/cms\/wp-json\/wp\/v2\/users\/5"}],"replies":[{"embeddable":true,"href":"https:\/\/www.padreydecano.com\/cms\/wp-json\/wp\/v2\/comments?post=28304"}],"version-history":[{"count":0,"href":"https:\/\/www.padreydecano.com\/cms\/wp-json\/wp\/v2\/posts\/28304\/revisions"}],"wp:featuredmedia":[{"embeddable":true,"href":"https:\/\/www.padreydecano.com\/cms\/wp-json\/wp\/v2\/media\/28309"}],"wp:attachment":[{"href":"https:\/\/www.padreydecano.com\/cms\/wp-json\/wp\/v2\/media?parent=28304"}],"wp:term":[{"taxonomy":"category","embeddable":true,"href":"https:\/\/www.padreydecano.com\/cms\/wp-json\/wp\/v2\/categories?post=28304"},{"taxonomy":"post_tag","embeddable":true,"href":"https:\/\/www.padreydecano.com\/cms\/wp-json\/wp\/v2\/tags?post=28304"}],"curies":[{"name":"wp","href":"https:\/\/api.w.org\/{rel}","templated":true}]}}