{"id":28303,"date":"2012-08-14T09:00:54","date_gmt":"2012-08-14T12:00:54","guid":{"rendered":"http:\/\/www.padreydecano.com\/cms\/?p=28303"},"modified":"2012-08-21T13:13:01","modified_gmt":"2012-08-21T16:13:01","slug":"otro-rayo-en-carpeta-menseguez","status":"publish","type":"post","link":"https:\/\/www.padreydecano.com\/cms\/encuestas\/otro-rayo-en-carpeta-menseguez\/","title":{"rendered":"Otro \u00abrayo\u00bb en carpeta: Menseguez"},"content":{"rendered":"<p style=\"text-align: justify;\"><a href=\"https:\/\/www.padreydecano.com\/cms\/wp-content\/uploads\/2012\/08\/MENSEGUEZ2.jpg\" rel=\"shadowbox[sbpost-28303];player=img;\"><img loading=\"lazy\" decoding=\"async\" class=\"alignright  wp-image-28313\" src=\"https:\/\/www.padreydecano.com\/cms\/wp-content\/uploads\/2012\/08\/MENSEGUEZ2-300x180.jpg\" alt=\"\" width=\"240\" height=\"144\" srcset=\"https:\/\/www.padreydecano.com\/cms\/wp-content\/uploads\/2012\/08\/MENSEGUEZ2-300x180.jpg 300w, https:\/\/www.padreydecano.com\/cms\/wp-content\/uploads\/2012\/08\/MENSEGUEZ2.jpg 460w\" sizes=\"(max-width: 240px) 100vw, 240px\" \/><\/a>Luego de <a href=\"https:\/\/www.padreydecano.com\/cms\/noticias\/bologna-ya-entrena-y-se-acerca-campana\/\" target=\"_blank\">la llegada de Enrique Bologna<\/a> para ocupar el arco, que era la prioridad de las \u00faltimas semanas para el <strong>Polilla Da Silva,<\/strong> ahora se busca incorporar un delantero por afuera que se complemente con Zalayeta y Olivera en al ataque. Varios nombres han sonado desde el inicio del per\u00edodo de pases, como <strong>Sebasti\u00e1n Gallegos<\/strong>, el peruano <strong>Christian Cueva,\u00a0Jonathan\u00a0Urretaviscaya, Gaona Lugo<\/strong> y alg\u00fan otro, pero hasta ahora ninguno pas\u00f3 de un rumor.<\/p>\n<p style=\"text-align: justify;\">En las redes sociales se maneja la informaci\u00f3n que se est\u00e1 buscando un futbolista argentino para ocupar ese cupo, y en las \u00faltimas horas son\u00f3 con fuerza el nombre de <strong>Juan Carlos Menseguez, apodado \u00abel Rayo\u00bb<\/strong> que actualmente forma parte del plantel del Club Atl\u00e9tico San Lorenzo de Almagro de la vecina orilla.<\/p>\n<p style=\"text-align: justify;\">El jugador, nacido en C\u00f3rdoba el 18 de febrero de 1984 &#8211; 28 a\u00f1os-, comenz\u00f3 a jugar al f\u00fatbol a los 5 a\u00f1os en Racing de C\u00f3rdoba para luego pasar a Instituto de la misma ciudad. A los 15 a\u00f1os se destac\u00f3 en un torneo organizado por la multinacional Nike y fue fichado por River para jugar en sus divisiones inferiores. En 2003, sin ni siquiera debutar en primera, pasa al Wolfsburgo de Alemania, incluido en la negociacion entre el club alem\u00e1n y River por el pase de Andr\u00e9s D&#8217;Alessandro. Tras jugar 5 a\u00f1os en Alemania, regres\u00f3 a sus pa\u00eds natal para jugar en San Lorenzo, club que pag\u00f3 U$S 1.000.000 por la mitad de su ficha. Jug\u00f3 un a\u00f1o y medio en San Lorenzo y fue a pr\u00e9stamo al West Bromwich Albion de Inglaterra por seis meses, en febrero de 2009.<\/p>\n<p style=\"text-align: justify;\">A mediados de 2009 retorn\u00f3 a San Lorenzo, club donde se mantiene hasta el d\u00eda de hoy &#8211; a pesar de no haber jugado el \u00faltimo semestre por una lesi\u00f3n-. Consultamos a un hincha de ese club para que nos diera su opini\u00f3n y destac\u00f3 que <strong>es un buen jugador &#8211; en su opini\u00f3n m\u00e1s que Juan Manuel Salgueiro -, pero que es muy propenso a las lesiones y le ganan f\u00e1cilmente en el cuerpo a cuerpo. <\/strong>Por otro lado, las estad\u00edsticas marcan que<strong> convirti\u00f3 23 goles en 211<\/strong> partidos jugados en su carrera.<\/p>\n<p style=\"text-align: justify;\"><span style=\"color: #ffcc00;\"><strong>\u00bfVos que opin\u00e1s? \u00bfEs lo que precisamos en este momento?<\/strong><\/span><\/p>\n<div align=\"center\"><div id=\"polls-14\" class=\"wp-polls\">\n\t\t<p style=\"text-align: center; margin-bottom:10px;\"><strong>En la recta final del per\u00edodo de pases, \u00bfqu\u00e9 puesto te parece que hay que reforzar con mayor urgencia?<\/strong><\/p><div id=\"polls-14-ans\" class=\"wp-polls-ans\"><ul class=\"wp-polls-ul\">\n\t\t<li>Punta por afuera <small>(43%, 322 votos)<\/small><div class=\"pollbar\" style=\"width: 43%;\" title=\"Punta por afuera (43% | 322 votos)\"><\/div><\/li>\n\t\t<li>Volante de contenci\u00f3n <small>(13%, 99 votos)<\/small><div class=\"pollbar\" style=\"width: 13%;\" title=\"Volante de contenci\u00f3n (13% | 99 votos)\"><\/div><\/li>\n\t\t<li>Lateral derecho <small>(10%, 73 votos)<\/small><div class=\"pollbar\" style=\"width: 10%;\" title=\"Lateral derecho (10% | 73 votos)\"><\/div><\/li>\n\t\t<li>Zaguero <small>(7%, 49 votos)<\/small><div class=\"pollbar\" style=\"width: 7%;\" title=\"Zaguero (7% | 49 votos)\"><\/div><\/li>\n\t\t<li>Lateral izquierdo <small>(7%, 49 votos)<\/small><div class=\"pollbar\" style=\"width: 7%;\" title=\"Lateral izquierdo (7% | 49 votos)\"><\/div><\/li>\n\t\t<li>Volante por derecha <small>(5%, 37 votos)<\/small><div class=\"pollbar\" style=\"width: 5%;\" title=\"Volante por derecha (5% | 37 votos)\"><\/div><\/li>\n\t\t<li>El plantel est\u00e1 completo <small>(5%, 36 votos)<\/small><div class=\"pollbar\" style=\"width: 5%;\" title=\"El plantel est\u00e1 completo (5% | 36 votos)\"><\/div><\/li>\n\t\t<li>Volante por izquierda <small>(5%, 35 votos)<\/small><div class=\"pollbar\" style=\"width: 5%;\" title=\"Volante por izquierda (5% | 35 votos)\"><\/div><\/li>\n\t\t<li>Golero <small>(4%, 33 votos)<\/small><div class=\"pollbar\" style=\"width: 4%;\" title=\"Golero (4% | 33 votos)\"><\/div><\/li>\n\t\t<li>Delantero de \u00e1rea <small>(1%, 10 votos)<\/small><div class=\"pollbar\" style=\"width: 1%;\" title=\"Delantero de \u00e1rea (1% | 10 votos)\"><\/div><\/li>\n\t\t<\/ul><p style=\"text-align: center;\">Total de votantes: <strong>743<\/strong><\/p><\/div>\n\t\t<input type=\"hidden\" id=\"poll_14_nonce\" name=\"wp-polls-nonce\" value=\"e69c53f254\" \/>\n<\/div>\n<\/div>\n","protected":false},"excerpt":{"rendered":"<p>Luego de la llegada de Enrique Bologna para ocupar el arco, que era la prioridad de las \u00faltimas semanas para el Polilla Da Silva, ahora se busca incorporar un delantero por afuera que se complemente con Zalayeta y Olivera en al ataque. Varios nombres han sonado desde el inicio del per\u00edodo de pases, como Sebasti\u00e1n [&hellip;]<\/p>\n","protected":false},"author":3,"featured_media":0,"comment_status":"open","ping_status":"closed","sticky":false,"template":"","format":"standard","meta":{"footnotes":""},"categories":[74],"tags":[26],"yoast_head":"<!-- This site is optimized with the Yoast SEO plugin v23.2 - https:\/\/yoast.com\/wordpress\/plugins\/seo\/ -->\n<title>Otro &quot;rayo&quot; en carpeta: Menseguez - Padre y Decano - El Sitio del Pueblo<\/title>\n<meta name=\"robots\" content=\"index, follow, max-snippet:-1, max-image-preview:large, max-video-preview:-1\" \/>\n<link rel=\"canonical\" href=\"https:\/\/www.padreydecano.com\/cms\/encuestas\/otro-rayo-en-carpeta-menseguez\/\" \/>\n<meta property=\"og:locale\" content=\"es_ES\" \/>\n<meta property=\"og:type\" content=\"article\" \/>\n<meta property=\"og:title\" content=\"Otro &quot;rayo&quot; en carpeta: Menseguez - Padre y Decano - El Sitio del Pueblo\" \/>\n<meta property=\"og:description\" content=\"Luego de la llegada de Enrique Bologna para ocupar el arco, que era la prioridad de las \u00faltimas semanas para el Polilla Da Silva, ahora se busca incorporar un delantero por afuera que se complemente con Zalayeta y Olivera en al ataque. Varios nombres han sonado desde el inicio del per\u00edodo de pases, como Sebasti\u00e1n [&hellip;]\" \/>\n<meta property=\"og:url\" content=\"https:\/\/www.padreydecano.com\/cms\/encuestas\/otro-rayo-en-carpeta-menseguez\/\" \/>\n<meta property=\"og:site_name\" content=\"Padre y Decano - El Sitio del Pueblo\" \/>\n<meta property=\"article:published_time\" content=\"2012-08-14T12:00:54+00:00\" \/>\n<meta property=\"article:modified_time\" content=\"2012-08-21T16:13:01+00:00\" \/>\n<meta property=\"og:image\" content=\"http:\/\/www.padreydecano.com\/cms\/wp-content\/uploads\/2012\/08\/MENSEGUEZ2-300x180.jpg\" \/>\n<meta name=\"author\" content=\"1891\" \/>\n<meta name=\"twitter:card\" content=\"summary_large_image\" \/>\n<meta name=\"twitter:label1\" content=\"Escrito por\" \/>\n\t<meta name=\"twitter:data1\" content=\"1891\" \/>\n\t<meta name=\"twitter:label2\" content=\"Tiempo de lectura\" \/>\n\t<meta name=\"twitter:data2\" content=\"2 minutos\" \/>\n<script type=\"application\/ld+json\" class=\"yoast-schema-graph\">{\"@context\":\"https:\/\/schema.org\",\"@graph\":[{\"@type\":\"Article\",\"@id\":\"https:\/\/www.padreydecano.com\/cms\/encuestas\/otro-rayo-en-carpeta-menseguez\/#article\",\"isPartOf\":{\"@id\":\"https:\/\/www.padreydecano.com\/cms\/encuestas\/otro-rayo-en-carpeta-menseguez\/\"},\"author\":{\"name\":\"1891\",\"@id\":\"https:\/\/www.padreydecano.com\/cms\/#\/schema\/person\/5607c72c38a1537a151b24d1e67535e0\"},\"headline\":\"Otro \u00abrayo\u00bb en carpeta: Menseguez\",\"datePublished\":\"2012-08-14T12:00:54+00:00\",\"dateModified\":\"2012-08-21T16:13:01+00:00\",\"mainEntityOfPage\":{\"@id\":\"https:\/\/www.padreydecano.com\/cms\/encuestas\/otro-rayo-en-carpeta-menseguez\/\"},\"wordCount\":396,\"commentCount\":11,\"publisher\":{\"@id\":\"https:\/\/www.padreydecano.com\/cms\/#organization\"},\"image\":{\"@id\":\"https:\/\/www.padreydecano.com\/cms\/encuestas\/otro-rayo-en-carpeta-menseguez\/#primaryimage\"},\"thumbnailUrl\":\"http:\/\/www.padreydecano.com\/cms\/wp-content\/uploads\/2012\/08\/MENSEGUEZ2-300x180.jpg\",\"keywords\":[\"Mercado de pases\"],\"articleSection\":[\"Encuestas\"],\"inLanguage\":\"es\",\"potentialAction\":[{\"@type\":\"CommentAction\",\"name\":\"Comment\",\"target\":[\"https:\/\/www.padreydecano.com\/cms\/encuestas\/otro-rayo-en-carpeta-menseguez\/#respond\"]}]},{\"@type\":\"WebPage\",\"@id\":\"https:\/\/www.padreydecano.com\/cms\/encuestas\/otro-rayo-en-carpeta-menseguez\/\",\"url\":\"https:\/\/www.padreydecano.com\/cms\/encuestas\/otro-rayo-en-carpeta-menseguez\/\",\"name\":\"Otro \\\"rayo\\\" en carpeta: Menseguez - Padre y Decano - El Sitio del Pueblo\",\"isPartOf\":{\"@id\":\"https:\/\/www.padreydecano.com\/cms\/#website\"},\"primaryImageOfPage\":{\"@id\":\"https:\/\/www.padreydecano.com\/cms\/encuestas\/otro-rayo-en-carpeta-menseguez\/#primaryimage\"},\"image\":{\"@id\":\"https:\/\/www.padreydecano.com\/cms\/encuestas\/otro-rayo-en-carpeta-menseguez\/#primaryimage\"},\"thumbnailUrl\":\"http:\/\/www.padreydecano.com\/cms\/wp-content\/uploads\/2012\/08\/MENSEGUEZ2-300x180.jpg\",\"datePublished\":\"2012-08-14T12:00:54+00:00\",\"dateModified\":\"2012-08-21T16:13:01+00:00\",\"breadcrumb\":{\"@id\":\"https:\/\/www.padreydecano.com\/cms\/encuestas\/otro-rayo-en-carpeta-menseguez\/#breadcrumb\"},\"inLanguage\":\"es\",\"potentialAction\":[{\"@type\":\"ReadAction\",\"target\":[\"https:\/\/www.padreydecano.com\/cms\/encuestas\/otro-rayo-en-carpeta-menseguez\/\"]}]},{\"@type\":\"ImageObject\",\"inLanguage\":\"es\",\"@id\":\"https:\/\/www.padreydecano.com\/cms\/encuestas\/otro-rayo-en-carpeta-menseguez\/#primaryimage\",\"url\":\"http:\/\/www.padreydecano.com\/cms\/wp-content\/uploads\/2012\/08\/MENSEGUEZ2-300x180.jpg\",\"contentUrl\":\"http:\/\/www.padreydecano.com\/cms\/wp-content\/uploads\/2012\/08\/MENSEGUEZ2-300x180.jpg\"},{\"@type\":\"BreadcrumbList\",\"@id\":\"https:\/\/www.padreydecano.com\/cms\/encuestas\/otro-rayo-en-carpeta-menseguez\/#breadcrumb\",\"itemListElement\":[{\"@type\":\"ListItem\",\"position\":1,\"name\":\"Portada\",\"item\":\"https:\/\/www.padreydecano.com\/cms\/\"},{\"@type\":\"ListItem\",\"position\":2,\"name\":\"Otro \u00abrayo\u00bb en carpeta: Menseguez\"}]},{\"@type\":\"WebSite\",\"@id\":\"https:\/\/www.padreydecano.com\/cms\/#website\",\"url\":\"https:\/\/www.padreydecano.com\/cms\/\",\"name\":\"Padre y Decano - El Sitio del Pueblo\",\"description\":\"Club Atl\u00e9tico Pe\u00f1arol\",\"publisher\":{\"@id\":\"https:\/\/www.padreydecano.com\/cms\/#organization\"},\"potentialAction\":[{\"@type\":\"SearchAction\",\"target\":{\"@type\":\"EntryPoint\",\"urlTemplate\":\"https:\/\/www.padreydecano.com\/cms\/?s={search_term_string}\"},\"query-input\":\"required name=search_term_string\"}],\"inLanguage\":\"es\"},{\"@type\":\"Organization\",\"@id\":\"https:\/\/www.padreydecano.com\/cms\/#organization\",\"name\":\"Padre y Decano\",\"url\":\"https:\/\/www.padreydecano.com\/cms\/\",\"logo\":{\"@type\":\"ImageObject\",\"inLanguage\":\"es\",\"@id\":\"https:\/\/www.padreydecano.com\/cms\/#\/schema\/logo\/image\/\",\"url\":\"https:\/\/www.padreydecano.com\/cms\/wp-content\/uploads\/2022\/01\/avatar-square.png\",\"contentUrl\":\"https:\/\/www.padreydecano.com\/cms\/wp-content\/uploads\/2022\/01\/avatar-square.png\",\"width\":1500,\"height\":1500,\"caption\":\"Padre y Decano\"},\"image\":{\"@id\":\"https:\/\/www.padreydecano.com\/cms\/#\/schema\/logo\/image\/\"}},{\"@type\":\"Person\",\"@id\":\"https:\/\/www.padreydecano.com\/cms\/#\/schema\/person\/5607c72c38a1537a151b24d1e67535e0\",\"name\":\"1891\",\"image\":{\"@type\":\"ImageObject\",\"inLanguage\":\"es\",\"@id\":\"https:\/\/www.padreydecano.com\/cms\/#\/schema\/person\/image\/\",\"url\":\"https:\/\/secure.gravatar.com\/avatar\/29d4d1b0d523a21898e8cf9585d259d3?s=96&d=https%3A%2F%2Fpadreydecano.com%2Fcms%2Fwp-content%2Fthemes%2Fpyd-theme%2Fimg%2Fdefault-avatar.png&r=g\",\"contentUrl\":\"https:\/\/secure.gravatar.com\/avatar\/29d4d1b0d523a21898e8cf9585d259d3?s=96&d=https%3A%2F%2Fpadreydecano.com%2Fcms%2Fwp-content%2Fthemes%2Fpyd-theme%2Fimg%2Fdefault-avatar.png&r=g\",\"caption\":\"1891\"}}]}<\/script>\n<!-- \/ Yoast SEO plugin. -->","yoast_head_json":{"title":"Otro \"rayo\" en carpeta: Menseguez - Padre y Decano - El Sitio del Pueblo","robots":{"index":"index","follow":"follow","max-snippet":"max-snippet:-1","max-image-preview":"max-image-preview:large","max-video-preview":"max-video-preview:-1"},"canonical":"https:\/\/www.padreydecano.com\/cms\/encuestas\/otro-rayo-en-carpeta-menseguez\/","og_locale":"es_ES","og_type":"article","og_title":"Otro \"rayo\" en carpeta: Menseguez - Padre y Decano - El Sitio del Pueblo","og_description":"Luego de la llegada de Enrique Bologna para ocupar el arco, que era la prioridad de las \u00faltimas semanas para el Polilla Da Silva, ahora se busca incorporar un delantero por afuera que se complemente con Zalayeta y Olivera en al ataque. Varios nombres han sonado desde el inicio del per\u00edodo de pases, como Sebasti\u00e1n [&hellip;]","og_url":"https:\/\/www.padreydecano.com\/cms\/encuestas\/otro-rayo-en-carpeta-menseguez\/","og_site_name":"Padre y Decano - El Sitio del Pueblo","article_published_time":"2012-08-14T12:00:54+00:00","article_modified_time":"2012-08-21T16:13:01+00:00","og_image":[{"url":"http:\/\/www.padreydecano.com\/cms\/wp-content\/uploads\/2012\/08\/MENSEGUEZ2-300x180.jpg"}],"author":"1891","twitter_card":"summary_large_image","twitter_misc":{"Escrito por":"1891","Tiempo de lectura":"2 minutos"},"schema":{"@context":"https:\/\/schema.org","@graph":[{"@type":"Article","@id":"https:\/\/www.padreydecano.com\/cms\/encuestas\/otro-rayo-en-carpeta-menseguez\/#article","isPartOf":{"@id":"https:\/\/www.padreydecano.com\/cms\/encuestas\/otro-rayo-en-carpeta-menseguez\/"},"author":{"name":"1891","@id":"https:\/\/www.padreydecano.com\/cms\/#\/schema\/person\/5607c72c38a1537a151b24d1e67535e0"},"headline":"Otro \u00abrayo\u00bb en carpeta: Menseguez","datePublished":"2012-08-14T12:00:54+00:00","dateModified":"2012-08-21T16:13:01+00:00","mainEntityOfPage":{"@id":"https:\/\/www.padreydecano.com\/cms\/encuestas\/otro-rayo-en-carpeta-menseguez\/"},"wordCount":396,"commentCount":11,"publisher":{"@id":"https:\/\/www.padreydecano.com\/cms\/#organization"},"image":{"@id":"https:\/\/www.padreydecano.com\/cms\/encuestas\/otro-rayo-en-carpeta-menseguez\/#primaryimage"},"thumbnailUrl":"http:\/\/www.padreydecano.com\/cms\/wp-content\/uploads\/2012\/08\/MENSEGUEZ2-300x180.jpg","keywords":["Mercado de pases"],"articleSection":["Encuestas"],"inLanguage":"es","potentialAction":[{"@type":"CommentAction","name":"Comment","target":["https:\/\/www.padreydecano.com\/cms\/encuestas\/otro-rayo-en-carpeta-menseguez\/#respond"]}]},{"@type":"WebPage","@id":"https:\/\/www.padreydecano.com\/cms\/encuestas\/otro-rayo-en-carpeta-menseguez\/","url":"https:\/\/www.padreydecano.com\/cms\/encuestas\/otro-rayo-en-carpeta-menseguez\/","name":"Otro \"rayo\" en carpeta: Menseguez - Padre y Decano - El Sitio del Pueblo","isPartOf":{"@id":"https:\/\/www.padreydecano.com\/cms\/#website"},"primaryImageOfPage":{"@id":"https:\/\/www.padreydecano.com\/cms\/encuestas\/otro-rayo-en-carpeta-menseguez\/#primaryimage"},"image":{"@id":"https:\/\/www.padreydecano.com\/cms\/encuestas\/otro-rayo-en-carpeta-menseguez\/#primaryimage"},"thumbnailUrl":"http:\/\/www.padreydecano.com\/cms\/wp-content\/uploads\/2012\/08\/MENSEGUEZ2-300x180.jpg","datePublished":"2012-08-14T12:00:54+00:00","dateModified":"2012-08-21T16:13:01+00:00","breadcrumb":{"@id":"https:\/\/www.padreydecano.com\/cms\/encuestas\/otro-rayo-en-carpeta-menseguez\/#breadcrumb"},"inLanguage":"es","potentialAction":[{"@type":"ReadAction","target":["https:\/\/www.padreydecano.com\/cms\/encuestas\/otro-rayo-en-carpeta-menseguez\/"]}]},{"@type":"ImageObject","inLanguage":"es","@id":"https:\/\/www.padreydecano.com\/cms\/encuestas\/otro-rayo-en-carpeta-menseguez\/#primaryimage","url":"http:\/\/www.padreydecano.com\/cms\/wp-content\/uploads\/2012\/08\/MENSEGUEZ2-300x180.jpg","contentUrl":"http:\/\/www.padreydecano.com\/cms\/wp-content\/uploads\/2012\/08\/MENSEGUEZ2-300x180.jpg"},{"@type":"BreadcrumbList","@id":"https:\/\/www.padreydecano.com\/cms\/encuestas\/otro-rayo-en-carpeta-menseguez\/#breadcrumb","itemListElement":[{"@type":"ListItem","position":1,"name":"Portada","item":"https:\/\/www.padreydecano.com\/cms\/"},{"@type":"ListItem","position":2,"name":"Otro \u00abrayo\u00bb en carpeta: Menseguez"}]},{"@type":"WebSite","@id":"https:\/\/www.padreydecano.com\/cms\/#website","url":"https:\/\/www.padreydecano.com\/cms\/","name":"Padre y Decano - El Sitio del Pueblo","description":"Club Atl\u00e9tico Pe\u00f1arol","publisher":{"@id":"https:\/\/www.padreydecano.com\/cms\/#organization"},"potentialAction":[{"@type":"SearchAction","target":{"@type":"EntryPoint","urlTemplate":"https:\/\/www.padreydecano.com\/cms\/?s={search_term_string}"},"query-input":"required name=search_term_string"}],"inLanguage":"es"},{"@type":"Organization","@id":"https:\/\/www.padreydecano.com\/cms\/#organization","name":"Padre y Decano","url":"https:\/\/www.padreydecano.com\/cms\/","logo":{"@type":"ImageObject","inLanguage":"es","@id":"https:\/\/www.padreydecano.com\/cms\/#\/schema\/logo\/image\/","url":"https:\/\/www.padreydecano.com\/cms\/wp-content\/uploads\/2022\/01\/avatar-square.png","contentUrl":"https:\/\/www.padreydecano.com\/cms\/wp-content\/uploads\/2022\/01\/avatar-square.png","width":1500,"height":1500,"caption":"Padre y Decano"},"image":{"@id":"https:\/\/www.padreydecano.com\/cms\/#\/schema\/logo\/image\/"}},{"@type":"Person","@id":"https:\/\/www.padreydecano.com\/cms\/#\/schema\/person\/5607c72c38a1537a151b24d1e67535e0","name":"1891","image":{"@type":"ImageObject","inLanguage":"es","@id":"https:\/\/www.padreydecano.com\/cms\/#\/schema\/person\/image\/","url":"https:\/\/secure.gravatar.com\/avatar\/29d4d1b0d523a21898e8cf9585d259d3?s=96&d=https%3A%2F%2Fpadreydecano.com%2Fcms%2Fwp-content%2Fthemes%2Fpyd-theme%2Fimg%2Fdefault-avatar.png&r=g","contentUrl":"https:\/\/secure.gravatar.com\/avatar\/29d4d1b0d523a21898e8cf9585d259d3?s=96&d=https%3A%2F%2Fpadreydecano.com%2Fcms%2Fwp-content%2Fthemes%2Fpyd-theme%2Fimg%2Fdefault-avatar.png&r=g","caption":"1891"}}]}},"_links":{"self":[{"href":"https:\/\/www.padreydecano.com\/cms\/wp-json\/wp\/v2\/posts\/28303"}],"collection":[{"href":"https:\/\/www.padreydecano.com\/cms\/wp-json\/wp\/v2\/posts"}],"about":[{"href":"https:\/\/www.padreydecano.com\/cms\/wp-json\/wp\/v2\/types\/post"}],"author":[{"embeddable":true,"href":"https:\/\/www.padreydecano.com\/cms\/wp-json\/wp\/v2\/users\/3"}],"replies":[{"embeddable":true,"href":"https:\/\/www.padreydecano.com\/cms\/wp-json\/wp\/v2\/comments?post=28303"}],"version-history":[{"count":0,"href":"https:\/\/www.padreydecano.com\/cms\/wp-json\/wp\/v2\/posts\/28303\/revisions"}],"wp:attachment":[{"href":"https:\/\/www.padreydecano.com\/cms\/wp-json\/wp\/v2\/media?parent=28303"}],"wp:term":[{"taxonomy":"category","embeddable":true,"href":"https:\/\/www.padreydecano.com\/cms\/wp-json\/wp\/v2\/categories?post=28303"},{"taxonomy":"post_tag","embeddable":true,"href":"https:\/\/www.padreydecano.com\/cms\/wp-json\/wp\/v2\/tags?post=28303"}],"curies":[{"name":"wp","href":"https:\/\/api.w.org\/{rel}","templated":true}]}}