{"id":27781,"date":"2012-08-09T16:00:48","date_gmt":"2012-08-09T19:00:48","guid":{"rendered":"http:\/\/www.padreydecano.com\/cms\/?p=27781"},"modified":"2012-08-09T18:20:11","modified_gmt":"2012-08-09T21:20:11","slug":"jorge-da-silva-estamos-bien-armados","status":"publish","type":"post","link":"https:\/\/www.padreydecano.com\/cms\/noticias\/jorge-da-silva-estamos-bien-armados\/","title":{"rendered":"Jorge Da Silva: \u00abEstamos bien armados\u00bb"},"content":{"rendered":"<p><a href=\"https:\/\/www.padreydecano.com\/cms\/wp-content\/uploads\/2012\/08\/da-silva.jpg\" rel=\"shadowbox[sbpost-27781];player=img;\"><img loading=\"lazy\" decoding=\"async\" class=\"size-medium wp-image-27800 alignright\" src=\"https:\/\/www.padreydecano.com\/cms\/wp-content\/uploads\/2012\/08\/da-silva-300x223.jpg\" alt=\"\" width=\"300\" height=\"223\" srcset=\"https:\/\/www.padreydecano.com\/cms\/wp-content\/uploads\/2012\/08\/da-silva-300x223.jpg 300w, https:\/\/www.padreydecano.com\/cms\/wp-content\/uploads\/2012\/08\/da-silva.jpg 800w\" sizes=\"(max-width: 300px) 100vw, 300px\" \/><\/a><\/p>\n<p style=\"text-align: justify;\">El comienzo del campeonato se acerca y el per\u00edodo de pases se encuentra en la recta final. Con la <a href=\"https:\/\/www.padreydecano.com\/cms\/noticias\/bologna-ya-entrena-y-se-acerca-campana\/\" target=\"_blank\">llegada de Enrique Bologna<\/a>, solo quedan algunos detalles para terminar de definir el plantel que afrontar\u00e1 el Torneo Apertura, y sobre esto fue entrevistado \u00abel Polilla\u00bb Jorge Orosman Da Silva en Teledoce.<\/p>\n<p style=\"text-align: justify;\">El actual director t\u00e9cnico del club declar\u00f3:<em>\u00a0\u00abcreo que en l\u00edneas generales estamos bien armados en todas las l\u00edneas\u00bb<\/em>. Con respecto a la <a title=\"De exportaci\u00f3n\" href=\"https:\/\/www.padreydecano.com\/cms\/noticias\/de-exportacion\/\" target=\"_blank\">posible partida de <strong>Alejandro Gonz\u00e1lez y Emiliano Alb\u00edn<\/strong><\/a> hacia el exterior dijo que<em> \u00abestamos a la expectativa de lo que pase (&#8230;), tienen posibilidades de irse\u00bb<\/em> y culmin\u00f3 la entrevista mencionando la posible llegada de <em>\u00abun punta r\u00e1pido y un zaguero para completar el plantel. Hay algunas gestiones\u00bb<\/em>.<\/p>\n<p style=\"text-align: justify;\">El ex director t\u00e9cnico de Banfield tambi\u00e9n descart\u00f3 el rumor que se hab\u00eda manejado de una <a href=\"https:\/\/www.padreydecano.com\/cms\/noticias\/polilla-telefono-de-arabia\/\" target=\"_blank\">posible partida a Arabia<\/a>\u00a0y declar\u00f3 en La Oral Deportiva: <em>\u00abExisti\u00f3 una llamada que no es la primera; al trascender se gener\u00f3 una expectativa a nivel de prensa pero yo estaba muy tranquilo, ya ten\u00eda decidido que <strong>no hab\u00eda nada que me hiciera cambiar mi continuidad en Pe\u00f1arol.<\/strong> Yo cuando acept\u00e9 venir a Pe\u00f1arol lo hice por un deseo personal, un desaf\u00edo, no por un aspecto econ\u00f3mico. Yo ten\u00eda un mejor contrato en Banfield que en Pe\u00f1arol, vine a cumplir un sue\u00f1o de dirigir a uno de los mejores equipos de Am\u00e9rica, y no hay nada que lo haga cambiar, ojal\u00e1 pueda estar mucho tiempo pero para eso se necesitan resultados\u00bb.<\/em><\/p>\n<p style=\"text-align: justify;\">Por otra parte, se dice que Mart\u00edn Campa\u00f1a no llegar\u00eda a <strong>Pe\u00f1arol<\/strong> &#8211; a pesar de <a href=\"https:\/\/www.padreydecano.com\/cms\/noticias\/bologna-ya-entrena-y-se-acerca-campana\/\" target=\"_blank\">los rumores manejados ayer<\/a>\u00a0&#8211; debido a que con su llegada ser\u00edan cinco los goleros del plantel principal y desajustar\u00eda innecesariamente el presupuesto que manejan desde la dirigencia.<\/p>\n<p style=\"text-align: justify;\">Se especula tambi\u00e9n con el posible retorno de<strong> Mat\u00edas Aguirregaray<\/strong> desde el f\u00fatbol italiano. El futbolista, recientemente citado a la selecci\u00f3n por el maestro \u00d3scar Washington Tab\u00e1rez para el amistoso frente a Francia del pr\u00f3ximo mi\u00e9rcoles, tendr\u00eda la voluntad de quedarse en el club seg\u00fan lo manejado en el<a href=\"https:\/\/twitter.com\/HerreraDamian\/status\/233599441247031296\" target=\"_blank\"> twitter del periodista deportivo Dami\u00e1n Herrera.<\/a><\/p>\n","protected":false},"excerpt":{"rendered":"<p>El comienzo del campeonato se acerca y el per\u00edodo de pases se encuentra en la recta final. Con la llegada de Enrique Bologna, solo quedan algunos detalles para terminar de definir el plantel que afrontar\u00e1 el Torneo Apertura, y sobre esto fue entrevistado \u00abel Polilla\u00bb Jorge Orosman Da Silva en Teledoce. El actual director t\u00e9cnico [&hellip;]<\/p>\n","protected":false},"author":3,"featured_media":27798,"comment_status":"open","ping_status":"closed","sticky":false,"template":"","format":"standard","meta":{"footnotes":""},"categories":[1],"tags":[26],"yoast_head":"<!-- This site is optimized with the Yoast SEO plugin v23.2 - https:\/\/yoast.com\/wordpress\/plugins\/seo\/ -->\n<title>Jorge Da Silva: &quot;Estamos bien armados&quot; - Padre y Decano - El Sitio del Pueblo<\/title>\n<meta name=\"robots\" content=\"index, follow, max-snippet:-1, max-image-preview:large, max-video-preview:-1\" \/>\n<link rel=\"canonical\" href=\"https:\/\/www.padreydecano.com\/cms\/noticias\/jorge-da-silva-estamos-bien-armados\/\" \/>\n<meta property=\"og:locale\" content=\"es_ES\" \/>\n<meta property=\"og:type\" content=\"article\" \/>\n<meta property=\"og:title\" content=\"Jorge Da Silva: &quot;Estamos bien armados&quot; - Padre y Decano - El Sitio del Pueblo\" \/>\n<meta property=\"og:description\" content=\"El comienzo del campeonato se acerca y el per\u00edodo de pases se encuentra en la recta final. Con la llegada de Enrique Bologna, solo quedan algunos detalles para terminar de definir el plantel que afrontar\u00e1 el Torneo Apertura, y sobre esto fue entrevistado \u00abel Polilla\u00bb Jorge Orosman Da Silva en Teledoce. El actual director t\u00e9cnico [&hellip;]\" \/>\n<meta property=\"og:url\" content=\"https:\/\/www.padreydecano.com\/cms\/noticias\/jorge-da-silva-estamos-bien-armados\/\" \/>\n<meta property=\"og:site_name\" content=\"Padre y Decano - El Sitio del Pueblo\" \/>\n<meta property=\"article:published_time\" content=\"2012-08-09T19:00:48+00:00\" \/>\n<meta property=\"article:modified_time\" content=\"2012-08-09T21:20:11+00:00\" \/>\n<meta property=\"og:image\" content=\"https:\/\/www.padreydecano.com\/cms\/wp-content\/uploads\/2012\/08\/DSC_0353.jpg\" \/>\n\t<meta property=\"og:image:width\" content=\"800\" \/>\n\t<meta property=\"og:image:height\" content=\"532\" \/>\n\t<meta property=\"og:image:type\" content=\"image\/jpeg\" \/>\n<meta name=\"author\" content=\"1891\" \/>\n<meta name=\"twitter:card\" content=\"summary_large_image\" \/>\n<meta name=\"twitter:label1\" content=\"Escrito por\" \/>\n\t<meta name=\"twitter:data1\" content=\"1891\" \/>\n\t<meta name=\"twitter:label2\" content=\"Tiempo de lectura\" \/>\n\t<meta name=\"twitter:data2\" content=\"2 minutos\" \/>\n<script type=\"application\/ld+json\" class=\"yoast-schema-graph\">{\"@context\":\"https:\/\/schema.org\",\"@graph\":[{\"@type\":\"Article\",\"@id\":\"https:\/\/www.padreydecano.com\/cms\/noticias\/jorge-da-silva-estamos-bien-armados\/#article\",\"isPartOf\":{\"@id\":\"https:\/\/www.padreydecano.com\/cms\/noticias\/jorge-da-silva-estamos-bien-armados\/\"},\"author\":{\"name\":\"1891\",\"@id\":\"https:\/\/www.padreydecano.com\/cms\/#\/schema\/person\/5607c72c38a1537a151b24d1e67535e0\"},\"headline\":\"Jorge Da Silva: \u00abEstamos bien armados\u00bb\",\"datePublished\":\"2012-08-09T19:00:48+00:00\",\"dateModified\":\"2012-08-09T21:20:11+00:00\",\"mainEntityOfPage\":{\"@id\":\"https:\/\/www.padreydecano.com\/cms\/noticias\/jorge-da-silva-estamos-bien-armados\/\"},\"wordCount\":389,\"commentCount\":5,\"publisher\":{\"@id\":\"https:\/\/www.padreydecano.com\/cms\/#organization\"},\"image\":{\"@id\":\"https:\/\/www.padreydecano.com\/cms\/noticias\/jorge-da-silva-estamos-bien-armados\/#primaryimage\"},\"thumbnailUrl\":\"https:\/\/www.padreydecano.com\/cms\/wp-content\/uploads\/2012\/08\/DSC_0353.jpg\",\"keywords\":[\"Mercado de pases\"],\"articleSection\":[\"Noticias\"],\"inLanguage\":\"es\",\"potentialAction\":[{\"@type\":\"CommentAction\",\"name\":\"Comment\",\"target\":[\"https:\/\/www.padreydecano.com\/cms\/noticias\/jorge-da-silva-estamos-bien-armados\/#respond\"]}]},{\"@type\":\"WebPage\",\"@id\":\"https:\/\/www.padreydecano.com\/cms\/noticias\/jorge-da-silva-estamos-bien-armados\/\",\"url\":\"https:\/\/www.padreydecano.com\/cms\/noticias\/jorge-da-silva-estamos-bien-armados\/\",\"name\":\"Jorge Da Silva: \\\"Estamos bien armados\\\" - Padre y Decano - El Sitio del Pueblo\",\"isPartOf\":{\"@id\":\"https:\/\/www.padreydecano.com\/cms\/#website\"},\"primaryImageOfPage\":{\"@id\":\"https:\/\/www.padreydecano.com\/cms\/noticias\/jorge-da-silva-estamos-bien-armados\/#primaryimage\"},\"image\":{\"@id\":\"https:\/\/www.padreydecano.com\/cms\/noticias\/jorge-da-silva-estamos-bien-armados\/#primaryimage\"},\"thumbnailUrl\":\"https:\/\/www.padreydecano.com\/cms\/wp-content\/uploads\/2012\/08\/DSC_0353.jpg\",\"datePublished\":\"2012-08-09T19:00:48+00:00\",\"dateModified\":\"2012-08-09T21:20:11+00:00\",\"breadcrumb\":{\"@id\":\"https:\/\/www.padreydecano.com\/cms\/noticias\/jorge-da-silva-estamos-bien-armados\/#breadcrumb\"},\"inLanguage\":\"es\",\"potentialAction\":[{\"@type\":\"ReadAction\",\"target\":[\"https:\/\/www.padreydecano.com\/cms\/noticias\/jorge-da-silva-estamos-bien-armados\/\"]}]},{\"@type\":\"ImageObject\",\"inLanguage\":\"es\",\"@id\":\"https:\/\/www.padreydecano.com\/cms\/noticias\/jorge-da-silva-estamos-bien-armados\/#primaryimage\",\"url\":\"https:\/\/www.padreydecano.com\/cms\/wp-content\/uploads\/2012\/08\/DSC_0353.jpg\",\"contentUrl\":\"https:\/\/www.padreydecano.com\/cms\/wp-content\/uploads\/2012\/08\/DSC_0353.jpg\",\"width\":\"800\",\"height\":\"532\"},{\"@type\":\"BreadcrumbList\",\"@id\":\"https:\/\/www.padreydecano.com\/cms\/noticias\/jorge-da-silva-estamos-bien-armados\/#breadcrumb\",\"itemListElement\":[{\"@type\":\"ListItem\",\"position\":1,\"name\":\"Portada\",\"item\":\"https:\/\/www.padreydecano.com\/cms\/\"},{\"@type\":\"ListItem\",\"position\":2,\"name\":\"Jorge Da Silva: \u00abEstamos bien armados\u00bb\"}]},{\"@type\":\"WebSite\",\"@id\":\"https:\/\/www.padreydecano.com\/cms\/#website\",\"url\":\"https:\/\/www.padreydecano.com\/cms\/\",\"name\":\"Padre y Decano - El Sitio del Pueblo\",\"description\":\"Club Atl\u00e9tico Pe\u00f1arol\",\"publisher\":{\"@id\":\"https:\/\/www.padreydecano.com\/cms\/#organization\"},\"potentialAction\":[{\"@type\":\"SearchAction\",\"target\":{\"@type\":\"EntryPoint\",\"urlTemplate\":\"https:\/\/www.padreydecano.com\/cms\/?s={search_term_string}\"},\"query-input\":\"required name=search_term_string\"}],\"inLanguage\":\"es\"},{\"@type\":\"Organization\",\"@id\":\"https:\/\/www.padreydecano.com\/cms\/#organization\",\"name\":\"Padre y Decano\",\"url\":\"https:\/\/www.padreydecano.com\/cms\/\",\"logo\":{\"@type\":\"ImageObject\",\"inLanguage\":\"es\",\"@id\":\"https:\/\/www.padreydecano.com\/cms\/#\/schema\/logo\/image\/\",\"url\":\"https:\/\/www.padreydecano.com\/cms\/wp-content\/uploads\/2022\/01\/avatar-square.png\",\"contentUrl\":\"https:\/\/www.padreydecano.com\/cms\/wp-content\/uploads\/2022\/01\/avatar-square.png\",\"width\":1500,\"height\":1500,\"caption\":\"Padre y Decano\"},\"image\":{\"@id\":\"https:\/\/www.padreydecano.com\/cms\/#\/schema\/logo\/image\/\"}},{\"@type\":\"Person\",\"@id\":\"https:\/\/www.padreydecano.com\/cms\/#\/schema\/person\/5607c72c38a1537a151b24d1e67535e0\",\"name\":\"1891\",\"image\":{\"@type\":\"ImageObject\",\"inLanguage\":\"es\",\"@id\":\"https:\/\/www.padreydecano.com\/cms\/#\/schema\/person\/image\/\",\"url\":\"https:\/\/secure.gravatar.com\/avatar\/29d4d1b0d523a21898e8cf9585d259d3?s=96&d=https%3A%2F%2Fpadreydecano.com%2Fcms%2Fwp-content%2Fthemes%2Fpyd-theme%2Fimg%2Fdefault-avatar.png&r=g\",\"contentUrl\":\"https:\/\/secure.gravatar.com\/avatar\/29d4d1b0d523a21898e8cf9585d259d3?s=96&d=https%3A%2F%2Fpadreydecano.com%2Fcms%2Fwp-content%2Fthemes%2Fpyd-theme%2Fimg%2Fdefault-avatar.png&r=g\",\"caption\":\"1891\"}}]}<\/script>\n<!-- \/ Yoast SEO plugin. -->","yoast_head_json":{"title":"Jorge Da Silva: \"Estamos bien armados\" - Padre y Decano - El Sitio del Pueblo","robots":{"index":"index","follow":"follow","max-snippet":"max-snippet:-1","max-image-preview":"max-image-preview:large","max-video-preview":"max-video-preview:-1"},"canonical":"https:\/\/www.padreydecano.com\/cms\/noticias\/jorge-da-silva-estamos-bien-armados\/","og_locale":"es_ES","og_type":"article","og_title":"Jorge Da Silva: \"Estamos bien armados\" - Padre y Decano - El Sitio del Pueblo","og_description":"El comienzo del campeonato se acerca y el per\u00edodo de pases se encuentra en la recta final. Con la llegada de Enrique Bologna, solo quedan algunos detalles para terminar de definir el plantel que afrontar\u00e1 el Torneo Apertura, y sobre esto fue entrevistado \u00abel Polilla\u00bb Jorge Orosman Da Silva en Teledoce. El actual director t\u00e9cnico [&hellip;]","og_url":"https:\/\/www.padreydecano.com\/cms\/noticias\/jorge-da-silva-estamos-bien-armados\/","og_site_name":"Padre y Decano - El Sitio del Pueblo","article_published_time":"2012-08-09T19:00:48+00:00","article_modified_time":"2012-08-09T21:20:11+00:00","og_image":[{"width":800,"height":532,"url":"https:\/\/www.padreydecano.com\/cms\/wp-content\/uploads\/2012\/08\/DSC_0353.jpg","type":"image\/jpeg"}],"author":"1891","twitter_card":"summary_large_image","twitter_misc":{"Escrito por":"1891","Tiempo de lectura":"2 minutos"},"schema":{"@context":"https:\/\/schema.org","@graph":[{"@type":"Article","@id":"https:\/\/www.padreydecano.com\/cms\/noticias\/jorge-da-silva-estamos-bien-armados\/#article","isPartOf":{"@id":"https:\/\/www.padreydecano.com\/cms\/noticias\/jorge-da-silva-estamos-bien-armados\/"},"author":{"name":"1891","@id":"https:\/\/www.padreydecano.com\/cms\/#\/schema\/person\/5607c72c38a1537a151b24d1e67535e0"},"headline":"Jorge Da Silva: \u00abEstamos bien armados\u00bb","datePublished":"2012-08-09T19:00:48+00:00","dateModified":"2012-08-09T21:20:11+00:00","mainEntityOfPage":{"@id":"https:\/\/www.padreydecano.com\/cms\/noticias\/jorge-da-silva-estamos-bien-armados\/"},"wordCount":389,"commentCount":5,"publisher":{"@id":"https:\/\/www.padreydecano.com\/cms\/#organization"},"image":{"@id":"https:\/\/www.padreydecano.com\/cms\/noticias\/jorge-da-silva-estamos-bien-armados\/#primaryimage"},"thumbnailUrl":"https:\/\/www.padreydecano.com\/cms\/wp-content\/uploads\/2012\/08\/DSC_0353.jpg","keywords":["Mercado de pases"],"articleSection":["Noticias"],"inLanguage":"es","potentialAction":[{"@type":"CommentAction","name":"Comment","target":["https:\/\/www.padreydecano.com\/cms\/noticias\/jorge-da-silva-estamos-bien-armados\/#respond"]}]},{"@type":"WebPage","@id":"https:\/\/www.padreydecano.com\/cms\/noticias\/jorge-da-silva-estamos-bien-armados\/","url":"https:\/\/www.padreydecano.com\/cms\/noticias\/jorge-da-silva-estamos-bien-armados\/","name":"Jorge Da Silva: \"Estamos bien armados\" - Padre y Decano - El Sitio del Pueblo","isPartOf":{"@id":"https:\/\/www.padreydecano.com\/cms\/#website"},"primaryImageOfPage":{"@id":"https:\/\/www.padreydecano.com\/cms\/noticias\/jorge-da-silva-estamos-bien-armados\/#primaryimage"},"image":{"@id":"https:\/\/www.padreydecano.com\/cms\/noticias\/jorge-da-silva-estamos-bien-armados\/#primaryimage"},"thumbnailUrl":"https:\/\/www.padreydecano.com\/cms\/wp-content\/uploads\/2012\/08\/DSC_0353.jpg","datePublished":"2012-08-09T19:00:48+00:00","dateModified":"2012-08-09T21:20:11+00:00","breadcrumb":{"@id":"https:\/\/www.padreydecano.com\/cms\/noticias\/jorge-da-silva-estamos-bien-armados\/#breadcrumb"},"inLanguage":"es","potentialAction":[{"@type":"ReadAction","target":["https:\/\/www.padreydecano.com\/cms\/noticias\/jorge-da-silva-estamos-bien-armados\/"]}]},{"@type":"ImageObject","inLanguage":"es","@id":"https:\/\/www.padreydecano.com\/cms\/noticias\/jorge-da-silva-estamos-bien-armados\/#primaryimage","url":"https:\/\/www.padreydecano.com\/cms\/wp-content\/uploads\/2012\/08\/DSC_0353.jpg","contentUrl":"https:\/\/www.padreydecano.com\/cms\/wp-content\/uploads\/2012\/08\/DSC_0353.jpg","width":"800","height":"532"},{"@type":"BreadcrumbList","@id":"https:\/\/www.padreydecano.com\/cms\/noticias\/jorge-da-silva-estamos-bien-armados\/#breadcrumb","itemListElement":[{"@type":"ListItem","position":1,"name":"Portada","item":"https:\/\/www.padreydecano.com\/cms\/"},{"@type":"ListItem","position":2,"name":"Jorge Da Silva: \u00abEstamos bien armados\u00bb"}]},{"@type":"WebSite","@id":"https:\/\/www.padreydecano.com\/cms\/#website","url":"https:\/\/www.padreydecano.com\/cms\/","name":"Padre y Decano - El Sitio del Pueblo","description":"Club Atl\u00e9tico Pe\u00f1arol","publisher":{"@id":"https:\/\/www.padreydecano.com\/cms\/#organization"},"potentialAction":[{"@type":"SearchAction","target":{"@type":"EntryPoint","urlTemplate":"https:\/\/www.padreydecano.com\/cms\/?s={search_term_string}"},"query-input":"required name=search_term_string"}],"inLanguage":"es"},{"@type":"Organization","@id":"https:\/\/www.padreydecano.com\/cms\/#organization","name":"Padre y Decano","url":"https:\/\/www.padreydecano.com\/cms\/","logo":{"@type":"ImageObject","inLanguage":"es","@id":"https:\/\/www.padreydecano.com\/cms\/#\/schema\/logo\/image\/","url":"https:\/\/www.padreydecano.com\/cms\/wp-content\/uploads\/2022\/01\/avatar-square.png","contentUrl":"https:\/\/www.padreydecano.com\/cms\/wp-content\/uploads\/2022\/01\/avatar-square.png","width":1500,"height":1500,"caption":"Padre y Decano"},"image":{"@id":"https:\/\/www.padreydecano.com\/cms\/#\/schema\/logo\/image\/"}},{"@type":"Person","@id":"https:\/\/www.padreydecano.com\/cms\/#\/schema\/person\/5607c72c38a1537a151b24d1e67535e0","name":"1891","image":{"@type":"ImageObject","inLanguage":"es","@id":"https:\/\/www.padreydecano.com\/cms\/#\/schema\/person\/image\/","url":"https:\/\/secure.gravatar.com\/avatar\/29d4d1b0d523a21898e8cf9585d259d3?s=96&d=https%3A%2F%2Fpadreydecano.com%2Fcms%2Fwp-content%2Fthemes%2Fpyd-theme%2Fimg%2Fdefault-avatar.png&r=g","contentUrl":"https:\/\/secure.gravatar.com\/avatar\/29d4d1b0d523a21898e8cf9585d259d3?s=96&d=https%3A%2F%2Fpadreydecano.com%2Fcms%2Fwp-content%2Fthemes%2Fpyd-theme%2Fimg%2Fdefault-avatar.png&r=g","caption":"1891"}}]}},"_links":{"self":[{"href":"https:\/\/www.padreydecano.com\/cms\/wp-json\/wp\/v2\/posts\/27781"}],"collection":[{"href":"https:\/\/www.padreydecano.com\/cms\/wp-json\/wp\/v2\/posts"}],"about":[{"href":"https:\/\/www.padreydecano.com\/cms\/wp-json\/wp\/v2\/types\/post"}],"author":[{"embeddable":true,"href":"https:\/\/www.padreydecano.com\/cms\/wp-json\/wp\/v2\/users\/3"}],"replies":[{"embeddable":true,"href":"https:\/\/www.padreydecano.com\/cms\/wp-json\/wp\/v2\/comments?post=27781"}],"version-history":[{"count":0,"href":"https:\/\/www.padreydecano.com\/cms\/wp-json\/wp\/v2\/posts\/27781\/revisions"}],"wp:featuredmedia":[{"embeddable":true,"href":"https:\/\/www.padreydecano.com\/cms\/wp-json\/wp\/v2\/media\/27798"}],"wp:attachment":[{"href":"https:\/\/www.padreydecano.com\/cms\/wp-json\/wp\/v2\/media?parent=27781"}],"wp:term":[{"taxonomy":"category","embeddable":true,"href":"https:\/\/www.padreydecano.com\/cms\/wp-json\/wp\/v2\/categories?post=27781"},{"taxonomy":"post_tag","embeddable":true,"href":"https:\/\/www.padreydecano.com\/cms\/wp-json\/wp\/v2\/tags?post=27781"}],"curies":[{"name":"wp","href":"https:\/\/api.w.org\/{rel}","templated":true}]}}