{"id":27777,"date":"2012-08-09T13:18:35","date_gmt":"2012-08-09T16:18:35","guid":{"rendered":"http:\/\/www.padreydecano.com\/cms\/?p=27777"},"modified":"2012-08-09T14:16:09","modified_gmt":"2012-08-09T17:16:09","slug":"sancho-gracia-actor-espanol-simpatizante-de-penarol","status":"publish","type":"post","link":"https:\/\/www.padreydecano.com\/cms\/noticias\/sancho-gracia-actor-espanol-simpatizante-de-penarol\/","title":{"rendered":"Sancho Gracia, espa\u00f1ol simpatizante de Pe\u00f1arol"},"content":{"rendered":"<p style=\"text-align: justify;\"><img loading=\"lazy\" decoding=\"async\" class=\"alignright size-medium wp-image-27778\" src=\"https:\/\/www.padreydecano.com\/cms\/wp-content\/uploads\/2012\/08\/sanchogracia-231x300.jpg\" alt=\"\" width=\"231\" height=\"300\" srcset=\"https:\/\/www.padreydecano.com\/cms\/wp-content\/uploads\/2012\/08\/sanchogracia-231x300.jpg 231w, https:\/\/www.padreydecano.com\/cms\/wp-content\/uploads\/2012\/08\/sanchogracia.jpg 700w\" sizes=\"(max-width: 231px) 100vw, 231px\" \/>A primera hora de la ma\u00f1ana, <a href=\"http:\/\/www.losandes.com.ar\/notas\/2012\/8\/9\/fallecio-actor-espanol-sancho-gracia-recordado-como-bandolero-curro-jimenez-659850.asp\" target=\"_blank\">nos encontramos con la triste noticia<\/a> del fallecimiento del actor espa\u00f1ol Sancho Gracia, recordado como el bandolero &#8216;Curro Jim\u00e9nez&#8217;.\u00a0Muri\u00f3 a los 75 a\u00f1os tras una larga lucha contra el c\u00e1ncer.\u00a0Nacido en Madrid en 1936, Sancho Gracia hab\u00eda emigrado durante la posguerra civil espa\u00f1ola con su familia a Uruguay, donde creci\u00f3 y aprendi\u00f3 el oficio de actor con Margarita Xirg\u00fa en Montevideo.<\/p>\n<p style=\"text-align: justify;\">Ustedes se preguntaran: \u00bfcu\u00e1l es el motivo de la existencia de esta noticia en una p\u00e1gina de Pe\u00f1arol? Resulta que Sancho Gracia, durante su estad\u00eda en Montevideo &#8211; que dur\u00f3 hasta 1963 &#8211; se hizo hincha de Pe\u00f1arol; y por ese motivo, el diario espa\u00f1ol AS en agosto de 2010 le realiz\u00f3 <a href=\"http:\/\/www.as.com\/futbol\/articulo\/di-stefano-decidio-jugase-montevideo\/20100823dasdaiftb_19\/Tes\" target=\"_blank\">una entrevista<\/a>\u00a0con motivo de la disputa del Trofeo Santiago Bernabeu, que enfrent\u00f3 al Real Madrid (Campe\u00f3n del Siglo XX de Europa) y a Pe\u00f1arol <span style=\"color: #ffcc00;\"><a href=\"https:\/\/www.padreydecano.com\/cms\/editoriales\/el-club-del-siglo-xx-de-america-del-sur\/\" target=\"_blank\">(Club del Siglo XX de Am\u00e9rica del Sur)<\/a>.<\/span><\/p>\n<p style=\"text-align: justify;\">En ella cont\u00f3 &#8211; entre otras cosas &#8211; que \u00abeste<em>\u00a0actor vocacional se tuvo que ir de Madrid con su familia a Montevideo porque la Guerra Civil nos exili\u00f3 hasta all\u00ed. La parte buena del drama fue que cuando el Madrid de Puskas, Di St\u00e9fano y Gento jug\u00f3 la ida de la Intercontinental en Uruguay en 1960 pude ir al campo a ver el partido. <span style=\"color: #ffcc00;\"><strong>Yo me hice y soy aurinegro, muy hincha del Pe\u00f1arol..<\/strong>.<\/span> \u00a1Pero, por supuesto, tambi\u00e9n del Real Madrid!\u00bb.\u00a0<\/em>Tambi\u00e9n dijo que en 1966, Pe\u00f1arol se tom\u00f3 la revancha de la final perdida en 1960 y<em> \u00ab<strong>dieron un baile al Madrid all\u00ed y aqu\u00ed.<\/strong> Jugaba el padre de Forl\u00e1n. Pero su hijo es mejor todav\u00eda. Qu\u00e9 goles mete&#8230;\u00bb<\/em><\/p>\n<p style=\"text-align: justify;\">Como todo inmigrante que llega a tierras uruguayas, Sancho Gracia se enamor\u00f3 del\u00a0<strong><a href=\"https:\/\/www.padreydecano.com\/cms\/editoriales\/el-cuadro-del-pueblo\/\" target=\"_blank\">cuadro del pueblo<\/a>\u00a0<\/strong>y mantuvo ese sentimiento hasta el fin de sus d\u00edas. El mundo pierde un gran actor, pero el cielo gana una leyenda, que como agregado, tuvo el honor de llevar el amarillo y negro en su coraz\u00f3n.<\/p>\n<p style=\"text-align: justify;\">Q.E.P.D<\/p>\n","protected":false},"excerpt":{"rendered":"<p>A primera hora de la ma\u00f1ana, nos encontramos con la triste noticia del fallecimiento del actor espa\u00f1ol Sancho Gracia, recordado como el bandolero &#8216;Curro Jim\u00e9nez&#8217;.\u00a0Muri\u00f3 a los 75 a\u00f1os tras una larga lucha contra el c\u00e1ncer.\u00a0Nacido en Madrid en 1936, Sancho Gracia hab\u00eda emigrado durante la posguerra civil espa\u00f1ola con su familia a Uruguay, donde [&hellip;]<\/p>\n","protected":false},"author":3,"featured_media":27780,"comment_status":"open","ping_status":"closed","sticky":false,"template":"","format":"standard","meta":{"footnotes":""},"categories":[1],"tags":[75],"yoast_head":"<!-- This site is optimized with the Yoast SEO plugin v23.2 - https:\/\/yoast.com\/wordpress\/plugins\/seo\/ -->\n<title>Sancho Gracia, espa\u00f1ol simpatizante de Pe\u00f1arol - Padre y Decano - El Sitio del Pueblo<\/title>\n<meta name=\"robots\" content=\"index, follow, max-snippet:-1, max-image-preview:large, max-video-preview:-1\" \/>\n<link rel=\"canonical\" href=\"https:\/\/www.padreydecano.com\/cms\/noticias\/sancho-gracia-actor-espanol-simpatizante-de-penarol\/\" \/>\n<meta property=\"og:locale\" content=\"es_ES\" \/>\n<meta property=\"og:type\" content=\"article\" \/>\n<meta property=\"og:title\" content=\"Sancho Gracia, espa\u00f1ol simpatizante de Pe\u00f1arol - Padre y Decano - El Sitio del Pueblo\" \/>\n<meta property=\"og:description\" content=\"A primera hora de la ma\u00f1ana, nos encontramos con la triste noticia del fallecimiento del actor espa\u00f1ol Sancho Gracia, recordado como el bandolero &#8216;Curro Jim\u00e9nez&#8217;.\u00a0Muri\u00f3 a los 75 a\u00f1os tras una larga lucha contra el c\u00e1ncer.\u00a0Nacido en Madrid en 1936, Sancho Gracia hab\u00eda emigrado durante la posguerra civil espa\u00f1ola con su familia a Uruguay, donde [&hellip;]\" \/>\n<meta property=\"og:url\" content=\"https:\/\/www.padreydecano.com\/cms\/noticias\/sancho-gracia-actor-espanol-simpatizante-de-penarol\/\" \/>\n<meta property=\"og:site_name\" content=\"Padre y Decano - El Sitio del Pueblo\" \/>\n<meta property=\"article:published_time\" content=\"2012-08-09T16:18:35+00:00\" \/>\n<meta property=\"article:modified_time\" content=\"2012-08-09T17:16:09+00:00\" \/>\n<meta property=\"og:image\" content=\"https:\/\/www.padreydecano.com\/cms\/wp-content\/uploads\/2012\/08\/sancho.jpg\" \/>\n\t<meta property=\"og:image:width\" content=\"768\" \/>\n\t<meta property=\"og:image:height\" content=\"432\" \/>\n\t<meta property=\"og:image:type\" content=\"image\/jpeg\" \/>\n<meta name=\"author\" content=\"1891\" \/>\n<meta name=\"twitter:card\" content=\"summary_large_image\" \/>\n<meta name=\"twitter:label1\" content=\"Escrito por\" \/>\n\t<meta name=\"twitter:data1\" content=\"1891\" \/>\n\t<meta name=\"twitter:label2\" content=\"Tiempo de lectura\" \/>\n\t<meta name=\"twitter:data2\" content=\"2 minutos\" \/>\n<script type=\"application\/ld+json\" class=\"yoast-schema-graph\">{\"@context\":\"https:\/\/schema.org\",\"@graph\":[{\"@type\":\"Article\",\"@id\":\"https:\/\/www.padreydecano.com\/cms\/noticias\/sancho-gracia-actor-espanol-simpatizante-de-penarol\/#article\",\"isPartOf\":{\"@id\":\"https:\/\/www.padreydecano.com\/cms\/noticias\/sancho-gracia-actor-espanol-simpatizante-de-penarol\/\"},\"author\":{\"name\":\"1891\",\"@id\":\"https:\/\/www.padreydecano.com\/cms\/#\/schema\/person\/5607c72c38a1537a151b24d1e67535e0\"},\"headline\":\"Sancho Gracia, espa\u00f1ol simpatizante de Pe\u00f1arol\",\"datePublished\":\"2012-08-09T16:18:35+00:00\",\"dateModified\":\"2012-08-09T17:16:09+00:00\",\"mainEntityOfPage\":{\"@id\":\"https:\/\/www.padreydecano.com\/cms\/noticias\/sancho-gracia-actor-espanol-simpatizante-de-penarol\/\"},\"wordCount\":358,\"commentCount\":4,\"publisher\":{\"@id\":\"https:\/\/www.padreydecano.com\/cms\/#organization\"},\"image\":{\"@id\":\"https:\/\/www.padreydecano.com\/cms\/noticias\/sancho-gracia-actor-espanol-simpatizante-de-penarol\/#primaryimage\"},\"thumbnailUrl\":\"https:\/\/www.padreydecano.com\/cms\/wp-content\/uploads\/2012\/08\/sancho.jpg\",\"keywords\":[\"Curiosidades\"],\"articleSection\":[\"Noticias\"],\"inLanguage\":\"es\",\"potentialAction\":[{\"@type\":\"CommentAction\",\"name\":\"Comment\",\"target\":[\"https:\/\/www.padreydecano.com\/cms\/noticias\/sancho-gracia-actor-espanol-simpatizante-de-penarol\/#respond\"]}]},{\"@type\":\"WebPage\",\"@id\":\"https:\/\/www.padreydecano.com\/cms\/noticias\/sancho-gracia-actor-espanol-simpatizante-de-penarol\/\",\"url\":\"https:\/\/www.padreydecano.com\/cms\/noticias\/sancho-gracia-actor-espanol-simpatizante-de-penarol\/\",\"name\":\"Sancho Gracia, espa\u00f1ol simpatizante de Pe\u00f1arol - Padre y Decano - El Sitio del Pueblo\",\"isPartOf\":{\"@id\":\"https:\/\/www.padreydecano.com\/cms\/#website\"},\"primaryImageOfPage\":{\"@id\":\"https:\/\/www.padreydecano.com\/cms\/noticias\/sancho-gracia-actor-espanol-simpatizante-de-penarol\/#primaryimage\"},\"image\":{\"@id\":\"https:\/\/www.padreydecano.com\/cms\/noticias\/sancho-gracia-actor-espanol-simpatizante-de-penarol\/#primaryimage\"},\"thumbnailUrl\":\"https:\/\/www.padreydecano.com\/cms\/wp-content\/uploads\/2012\/08\/sancho.jpg\",\"datePublished\":\"2012-08-09T16:18:35+00:00\",\"dateModified\":\"2012-08-09T17:16:09+00:00\",\"breadcrumb\":{\"@id\":\"https:\/\/www.padreydecano.com\/cms\/noticias\/sancho-gracia-actor-espanol-simpatizante-de-penarol\/#breadcrumb\"},\"inLanguage\":\"es\",\"potentialAction\":[{\"@type\":\"ReadAction\",\"target\":[\"https:\/\/www.padreydecano.com\/cms\/noticias\/sancho-gracia-actor-espanol-simpatizante-de-penarol\/\"]}]},{\"@type\":\"ImageObject\",\"inLanguage\":\"es\",\"@id\":\"https:\/\/www.padreydecano.com\/cms\/noticias\/sancho-gracia-actor-espanol-simpatizante-de-penarol\/#primaryimage\",\"url\":\"https:\/\/www.padreydecano.com\/cms\/wp-content\/uploads\/2012\/08\/sancho.jpg\",\"contentUrl\":\"https:\/\/www.padreydecano.com\/cms\/wp-content\/uploads\/2012\/08\/sancho.jpg\",\"width\":\"768\",\"height\":\"432\"},{\"@type\":\"BreadcrumbList\",\"@id\":\"https:\/\/www.padreydecano.com\/cms\/noticias\/sancho-gracia-actor-espanol-simpatizante-de-penarol\/#breadcrumb\",\"itemListElement\":[{\"@type\":\"ListItem\",\"position\":1,\"name\":\"Portada\",\"item\":\"https:\/\/www.padreydecano.com\/cms\/\"},{\"@type\":\"ListItem\",\"position\":2,\"name\":\"Sancho Gracia, espa\u00f1ol simpatizante de Pe\u00f1arol\"}]},{\"@type\":\"WebSite\",\"@id\":\"https:\/\/www.padreydecano.com\/cms\/#website\",\"url\":\"https:\/\/www.padreydecano.com\/cms\/\",\"name\":\"Padre y Decano - El Sitio del Pueblo\",\"description\":\"Club Atl\u00e9tico Pe\u00f1arol\",\"publisher\":{\"@id\":\"https:\/\/www.padreydecano.com\/cms\/#organization\"},\"potentialAction\":[{\"@type\":\"SearchAction\",\"target\":{\"@type\":\"EntryPoint\",\"urlTemplate\":\"https:\/\/www.padreydecano.com\/cms\/?s={search_term_string}\"},\"query-input\":\"required name=search_term_string\"}],\"inLanguage\":\"es\"},{\"@type\":\"Organization\",\"@id\":\"https:\/\/www.padreydecano.com\/cms\/#organization\",\"name\":\"Padre y Decano\",\"url\":\"https:\/\/www.padreydecano.com\/cms\/\",\"logo\":{\"@type\":\"ImageObject\",\"inLanguage\":\"es\",\"@id\":\"https:\/\/www.padreydecano.com\/cms\/#\/schema\/logo\/image\/\",\"url\":\"https:\/\/www.padreydecano.com\/cms\/wp-content\/uploads\/2022\/01\/avatar-square.png\",\"contentUrl\":\"https:\/\/www.padreydecano.com\/cms\/wp-content\/uploads\/2022\/01\/avatar-square.png\",\"width\":1500,\"height\":1500,\"caption\":\"Padre y Decano\"},\"image\":{\"@id\":\"https:\/\/www.padreydecano.com\/cms\/#\/schema\/logo\/image\/\"}},{\"@type\":\"Person\",\"@id\":\"https:\/\/www.padreydecano.com\/cms\/#\/schema\/person\/5607c72c38a1537a151b24d1e67535e0\",\"name\":\"1891\",\"image\":{\"@type\":\"ImageObject\",\"inLanguage\":\"es\",\"@id\":\"https:\/\/www.padreydecano.com\/cms\/#\/schema\/person\/image\/\",\"url\":\"https:\/\/secure.gravatar.com\/avatar\/29d4d1b0d523a21898e8cf9585d259d3?s=96&d=https%3A%2F%2Fpadreydecano.com%2Fcms%2Fwp-content%2Fthemes%2Fpyd-theme%2Fimg%2Fdefault-avatar.png&r=g\",\"contentUrl\":\"https:\/\/secure.gravatar.com\/avatar\/29d4d1b0d523a21898e8cf9585d259d3?s=96&d=https%3A%2F%2Fpadreydecano.com%2Fcms%2Fwp-content%2Fthemes%2Fpyd-theme%2Fimg%2Fdefault-avatar.png&r=g\",\"caption\":\"1891\"}}]}<\/script>\n<!-- \/ Yoast SEO plugin. -->","yoast_head_json":{"title":"Sancho Gracia, espa\u00f1ol simpatizante de Pe\u00f1arol - Padre y Decano - El Sitio del Pueblo","robots":{"index":"index","follow":"follow","max-snippet":"max-snippet:-1","max-image-preview":"max-image-preview:large","max-video-preview":"max-video-preview:-1"},"canonical":"https:\/\/www.padreydecano.com\/cms\/noticias\/sancho-gracia-actor-espanol-simpatizante-de-penarol\/","og_locale":"es_ES","og_type":"article","og_title":"Sancho Gracia, espa\u00f1ol simpatizante de Pe\u00f1arol - Padre y Decano - El Sitio del Pueblo","og_description":"A primera hora de la ma\u00f1ana, nos encontramos con la triste noticia del fallecimiento del actor espa\u00f1ol Sancho Gracia, recordado como el bandolero &#8216;Curro Jim\u00e9nez&#8217;.\u00a0Muri\u00f3 a los 75 a\u00f1os tras una larga lucha contra el c\u00e1ncer.\u00a0Nacido en Madrid en 1936, Sancho Gracia hab\u00eda emigrado durante la posguerra civil espa\u00f1ola con su familia a Uruguay, donde [&hellip;]","og_url":"https:\/\/www.padreydecano.com\/cms\/noticias\/sancho-gracia-actor-espanol-simpatizante-de-penarol\/","og_site_name":"Padre y Decano - El Sitio del Pueblo","article_published_time":"2012-08-09T16:18:35+00:00","article_modified_time":"2012-08-09T17:16:09+00:00","og_image":[{"width":768,"height":432,"url":"https:\/\/www.padreydecano.com\/cms\/wp-content\/uploads\/2012\/08\/sancho.jpg","type":"image\/jpeg"}],"author":"1891","twitter_card":"summary_large_image","twitter_misc":{"Escrito por":"1891","Tiempo de lectura":"2 minutos"},"schema":{"@context":"https:\/\/schema.org","@graph":[{"@type":"Article","@id":"https:\/\/www.padreydecano.com\/cms\/noticias\/sancho-gracia-actor-espanol-simpatizante-de-penarol\/#article","isPartOf":{"@id":"https:\/\/www.padreydecano.com\/cms\/noticias\/sancho-gracia-actor-espanol-simpatizante-de-penarol\/"},"author":{"name":"1891","@id":"https:\/\/www.padreydecano.com\/cms\/#\/schema\/person\/5607c72c38a1537a151b24d1e67535e0"},"headline":"Sancho Gracia, espa\u00f1ol simpatizante de Pe\u00f1arol","datePublished":"2012-08-09T16:18:35+00:00","dateModified":"2012-08-09T17:16:09+00:00","mainEntityOfPage":{"@id":"https:\/\/www.padreydecano.com\/cms\/noticias\/sancho-gracia-actor-espanol-simpatizante-de-penarol\/"},"wordCount":358,"commentCount":4,"publisher":{"@id":"https:\/\/www.padreydecano.com\/cms\/#organization"},"image":{"@id":"https:\/\/www.padreydecano.com\/cms\/noticias\/sancho-gracia-actor-espanol-simpatizante-de-penarol\/#primaryimage"},"thumbnailUrl":"https:\/\/www.padreydecano.com\/cms\/wp-content\/uploads\/2012\/08\/sancho.jpg","keywords":["Curiosidades"],"articleSection":["Noticias"],"inLanguage":"es","potentialAction":[{"@type":"CommentAction","name":"Comment","target":["https:\/\/www.padreydecano.com\/cms\/noticias\/sancho-gracia-actor-espanol-simpatizante-de-penarol\/#respond"]}]},{"@type":"WebPage","@id":"https:\/\/www.padreydecano.com\/cms\/noticias\/sancho-gracia-actor-espanol-simpatizante-de-penarol\/","url":"https:\/\/www.padreydecano.com\/cms\/noticias\/sancho-gracia-actor-espanol-simpatizante-de-penarol\/","name":"Sancho Gracia, espa\u00f1ol simpatizante de Pe\u00f1arol - Padre y Decano - El Sitio del Pueblo","isPartOf":{"@id":"https:\/\/www.padreydecano.com\/cms\/#website"},"primaryImageOfPage":{"@id":"https:\/\/www.padreydecano.com\/cms\/noticias\/sancho-gracia-actor-espanol-simpatizante-de-penarol\/#primaryimage"},"image":{"@id":"https:\/\/www.padreydecano.com\/cms\/noticias\/sancho-gracia-actor-espanol-simpatizante-de-penarol\/#primaryimage"},"thumbnailUrl":"https:\/\/www.padreydecano.com\/cms\/wp-content\/uploads\/2012\/08\/sancho.jpg","datePublished":"2012-08-09T16:18:35+00:00","dateModified":"2012-08-09T17:16:09+00:00","breadcrumb":{"@id":"https:\/\/www.padreydecano.com\/cms\/noticias\/sancho-gracia-actor-espanol-simpatizante-de-penarol\/#breadcrumb"},"inLanguage":"es","potentialAction":[{"@type":"ReadAction","target":["https:\/\/www.padreydecano.com\/cms\/noticias\/sancho-gracia-actor-espanol-simpatizante-de-penarol\/"]}]},{"@type":"ImageObject","inLanguage":"es","@id":"https:\/\/www.padreydecano.com\/cms\/noticias\/sancho-gracia-actor-espanol-simpatizante-de-penarol\/#primaryimage","url":"https:\/\/www.padreydecano.com\/cms\/wp-content\/uploads\/2012\/08\/sancho.jpg","contentUrl":"https:\/\/www.padreydecano.com\/cms\/wp-content\/uploads\/2012\/08\/sancho.jpg","width":"768","height":"432"},{"@type":"BreadcrumbList","@id":"https:\/\/www.padreydecano.com\/cms\/noticias\/sancho-gracia-actor-espanol-simpatizante-de-penarol\/#breadcrumb","itemListElement":[{"@type":"ListItem","position":1,"name":"Portada","item":"https:\/\/www.padreydecano.com\/cms\/"},{"@type":"ListItem","position":2,"name":"Sancho Gracia, espa\u00f1ol simpatizante de Pe\u00f1arol"}]},{"@type":"WebSite","@id":"https:\/\/www.padreydecano.com\/cms\/#website","url":"https:\/\/www.padreydecano.com\/cms\/","name":"Padre y Decano - El Sitio del Pueblo","description":"Club Atl\u00e9tico Pe\u00f1arol","publisher":{"@id":"https:\/\/www.padreydecano.com\/cms\/#organization"},"potentialAction":[{"@type":"SearchAction","target":{"@type":"EntryPoint","urlTemplate":"https:\/\/www.padreydecano.com\/cms\/?s={search_term_string}"},"query-input":"required name=search_term_string"}],"inLanguage":"es"},{"@type":"Organization","@id":"https:\/\/www.padreydecano.com\/cms\/#organization","name":"Padre y Decano","url":"https:\/\/www.padreydecano.com\/cms\/","logo":{"@type":"ImageObject","inLanguage":"es","@id":"https:\/\/www.padreydecano.com\/cms\/#\/schema\/logo\/image\/","url":"https:\/\/www.padreydecano.com\/cms\/wp-content\/uploads\/2022\/01\/avatar-square.png","contentUrl":"https:\/\/www.padreydecano.com\/cms\/wp-content\/uploads\/2022\/01\/avatar-square.png","width":1500,"height":1500,"caption":"Padre y Decano"},"image":{"@id":"https:\/\/www.padreydecano.com\/cms\/#\/schema\/logo\/image\/"}},{"@type":"Person","@id":"https:\/\/www.padreydecano.com\/cms\/#\/schema\/person\/5607c72c38a1537a151b24d1e67535e0","name":"1891","image":{"@type":"ImageObject","inLanguage":"es","@id":"https:\/\/www.padreydecano.com\/cms\/#\/schema\/person\/image\/","url":"https:\/\/secure.gravatar.com\/avatar\/29d4d1b0d523a21898e8cf9585d259d3?s=96&d=https%3A%2F%2Fpadreydecano.com%2Fcms%2Fwp-content%2Fthemes%2Fpyd-theme%2Fimg%2Fdefault-avatar.png&r=g","contentUrl":"https:\/\/secure.gravatar.com\/avatar\/29d4d1b0d523a21898e8cf9585d259d3?s=96&d=https%3A%2F%2Fpadreydecano.com%2Fcms%2Fwp-content%2Fthemes%2Fpyd-theme%2Fimg%2Fdefault-avatar.png&r=g","caption":"1891"}}]}},"_links":{"self":[{"href":"https:\/\/www.padreydecano.com\/cms\/wp-json\/wp\/v2\/posts\/27777"}],"collection":[{"href":"https:\/\/www.padreydecano.com\/cms\/wp-json\/wp\/v2\/posts"}],"about":[{"href":"https:\/\/www.padreydecano.com\/cms\/wp-json\/wp\/v2\/types\/post"}],"author":[{"embeddable":true,"href":"https:\/\/www.padreydecano.com\/cms\/wp-json\/wp\/v2\/users\/3"}],"replies":[{"embeddable":true,"href":"https:\/\/www.padreydecano.com\/cms\/wp-json\/wp\/v2\/comments?post=27777"}],"version-history":[{"count":0,"href":"https:\/\/www.padreydecano.com\/cms\/wp-json\/wp\/v2\/posts\/27777\/revisions"}],"wp:featuredmedia":[{"embeddable":true,"href":"https:\/\/www.padreydecano.com\/cms\/wp-json\/wp\/v2\/media\/27780"}],"wp:attachment":[{"href":"https:\/\/www.padreydecano.com\/cms\/wp-json\/wp\/v2\/media?parent=27777"}],"wp:term":[{"taxonomy":"category","embeddable":true,"href":"https:\/\/www.padreydecano.com\/cms\/wp-json\/wp\/v2\/categories?post=27777"},{"taxonomy":"post_tag","embeddable":true,"href":"https:\/\/www.padreydecano.com\/cms\/wp-json\/wp\/v2\/tags?post=27777"}],"curies":[{"name":"wp","href":"https:\/\/api.w.org\/{rel}","templated":true}]}}