{"id":27755,"date":"2012-08-08T17:55:16","date_gmt":"2012-08-08T20:55:16","guid":{"rendered":"http:\/\/www.padreydecano.com\/cms\/?p=27755"},"modified":"2012-08-09T22:36:26","modified_gmt":"2012-08-10T01:36:26","slug":"derrota-catastrofica-en-tercera","status":"publish","type":"post","link":"https:\/\/www.padreydecano.com\/cms\/3era-division\/derrota-catastrofica-en-tercera\/","title":{"rendered":"Derrota catastr\u00f3fica en Tercera"},"content":{"rendered":"<p style=\"text-align: justify;\"><a href=\"https:\/\/www.padreydecano.com\/cms\/wp-content\/uploads\/2012\/08\/SAM_0927-Copy.jpg\" rel=\"shadowbox[sbpost-27755];player=img;\"><img loading=\"lazy\" decoding=\"async\" class=\"alignright  wp-image-27757\" src=\"https:\/\/www.padreydecano.com\/cms\/wp-content\/uploads\/2012\/08\/SAM_0927-Copy-300x225.jpg\" alt=\"\" width=\"240\" height=\"180\" srcset=\"https:\/\/www.padreydecano.com\/cms\/wp-content\/uploads\/2012\/08\/SAM_0927-Copy-300x225.jpg 300w, https:\/\/www.padreydecano.com\/cms\/wp-content\/uploads\/2012\/08\/SAM_0927-Copy.jpg 800w\" sizes=\"(max-width: 240px) 100vw, 240px\" \/><\/a>Ca\u00edmos derrotados 5 a 0 por la primera final del Campeonato Uruguayo de Tercera Divisi\u00f3n disputada en Las Acacias. El resultado refleja lo que fue el partido y hay muy poco para agregar al respecto. Hubo un solo equipo en la cancha que se llev\u00f3 m\u00e1s que merecida la victoria y a menos que pase algo descomunal, ser\u00e1 el campe\u00f3n en esta divisional.<\/p>\n<p style=\"text-align: justify;\">Un muy buen marco de p\u00fablico se arrim\u00f3 hasta nuestro escenario para acompa\u00f1ar a los pibes en esta instancia decisiva. A pesar de ser un mi\u00e9rcoles a las 15:00 hs, la hinchada se acerc\u00f3 con varios trapos para hacerle el aguante a la 3era divisi\u00f3n dirigida por el Tito Goncalves. Los once que salieron a la cancha fueron <strong>Washington Aguerre, Guillermo Varela, Germ\u00e1n Ferreira, Joaqu\u00edn Aguirre,\u00a0Nicol\u00e1s Raguso, Jim Morrison Varela, Rodrigo Viega, Emiliano\u00a0\u00a0Fern\u00e1ndez, Alejandro Siles, Jonathan Rodr\u00edguez y Juan San Mart\u00edn.<\/strong><\/p>\n<p style=\"text-align: justify;\">De arranque, a los 6 minutos del primer tiempo nos marcaron y el partido se hizo cuesta arriba. Pe\u00f1arol no encontr\u00f3 por ning\u00fan lado el juego en el primer tiempo y Defensor fue el amplio dominador. Sobre los 28 minutos lleg\u00f3 el segundo tras un tiro libre que logra conectar uno de los zagueros violetas. Pe\u00f1arol no gener\u00f3 peligro en la primera mitad a no ser por un tiro libre de Guillermo Varela que dio en la parte superior del travesa\u00f1o.<\/p>\n<p style=\"text-align: justify;\"><a href=\"https:\/\/www.padreydecano.com\/cms\/wp-content\/uploads\/2012\/08\/SAM_0918-Copy.jpg\" rel=\"shadowbox[sbpost-27755];player=img;\"><img loading=\"lazy\" decoding=\"async\" class=\"alignleft  wp-image-27758\" src=\"https:\/\/www.padreydecano.com\/cms\/wp-content\/uploads\/2012\/08\/SAM_0918-Copy-300x225.jpg\" alt=\"\" width=\"240\" height=\"180\" srcset=\"https:\/\/www.padreydecano.com\/cms\/wp-content\/uploads\/2012\/08\/SAM_0918-Copy-300x225.jpg 300w, https:\/\/www.padreydecano.com\/cms\/wp-content\/uploads\/2012\/08\/SAM_0918-Copy.jpg 800w\" sizes=\"(max-width: 240px) 100vw, 240px\" \/><\/a>En el complemento el equipo sali\u00f3 con otra actitud. Si bien no acertaba en el \u00faltimo toque, intent\u00f3 desbordar por las puntas y llegar al \u00e1rea violeta. La m\u00e1s clara fue de Jonathan Rodr\u00edguez que qued\u00f3 mano a mano con el golero tras un saque de aire del portero Aguerre pero fue bien atorado por el portero violeta. En el corner subsiguiente, la pelota atraviesa toda el \u00e1rea y un par de cabezas carboneras no pueden conectar para el descuento. Como dice la famosa frase, goles errados son goles en contra y Defensor lo liquid\u00f3 en la jugada siguiente.<\/p>\n<p style=\"text-align: justify;\">Pe\u00f1arol sigui\u00f3 buscando, sabiendo que quedaban todav\u00eda otros 90 minutos para dar vuelta la historia. En un gran contragolpe, el 9 deja por el camino al portero y anota el descuento pero el l\u00ednea levant\u00f3 la bandera y anul\u00f3 la jugada. Desde nuestra posici\u00f3n quedaron muchas dudas. Tambi\u00e9n perdimos un hombre, ya que luego de un tiro de esquina y un entrevero en el \u00e1rea donde nadie la puede empujar a la red, Rodr\u00edguez intenta agredir a un rival con un pu\u00f1etazo. La acci\u00f3n es percibida por la jueza que lo expulsa correctamente.<\/p>\n<p style=\"text-align: justify;\"><a href=\"https:\/\/www.padreydecano.com\/cms\/wp-content\/uploads\/2012\/08\/SAM_0921-Copy.jpg\" rel=\"shadowbox[sbpost-27755];player=img;\"><img loading=\"lazy\" decoding=\"async\" class=\"alignright  wp-image-27759\" src=\"https:\/\/www.padreydecano.com\/cms\/wp-content\/uploads\/2012\/08\/SAM_0921-Copy-300x225.jpg\" alt=\"\" width=\"240\" height=\"180\" srcset=\"https:\/\/www.padreydecano.com\/cms\/wp-content\/uploads\/2012\/08\/SAM_0921-Copy-300x225.jpg 300w, https:\/\/www.padreydecano.com\/cms\/wp-content\/uploads\/2012\/08\/SAM_0921-Copy.jpg 800w\" sizes=\"(max-width: 240px) 100vw, 240px\" \/><\/a>En los minutos finales, Pe\u00f1arol se desdibuj\u00f3 completamente y en dos contragolpes marcaron los dos goles finales. Tambi\u00e9n tuvieron otra jugada que se estrell\u00f3 en el ca\u00f1o, lo cual demuestra que el equipo desapareci\u00f3 completamente.<\/p>\n<p style=\"text-align: justify;\">El domingo que viene se jugar\u00e1 la segunda final, y para poder forzar un alargue, habr\u00e1 que ganar por 5 goles en el Franzini. Est\u00e1 muy dif\u00edcil.<\/p>\n<p style=\"text-align: justify;\"><strong><span style=\"color: #ffcc02;\">Ficha del partido<\/span><\/strong><\/p>\n<p style=\"text-align: justify;\"><strong>TERCERA DIVISION<\/strong><\/p>\n<p style=\"text-align: justify;\"><strong>CAMPEONATO URUGUAYO 2011-2012<\/strong><\/p>\n<p style=\"text-align: justify;\"><strong>PRIMERA FINAL<\/strong><\/p>\n<p style=\"text-align: justify;\"><strong>PE\u00d1AROL 0:5 DEFENSOR SPORTING<\/strong><\/p>\n<p style=\"text-align: justify;\">Cancha:\u00a0Estadio Jos\u00e9 Pedro Damiani (Las Acacias).\u00a0\u00a0Jueces:\u00a0Claudia Umpi\u00e9rrez, Hebert Bogao y Andr\u00e9s Olivera.<\/p>\n<p style=\"text-align: justify;\">PE\u00d1AROL:\u00a0Washington Aguerre;\u00a0\u00a0Guillermo Varela, Germ\u00e1n Ferreira, Joaqu\u00edn Aguirre,\u00a0Nicol\u00e1s Raguso; Jim Varela, Rodrigo Viega, Emiliano\u00a0\u00a0Fern\u00e1ndez; Alejandro Siles, Jonathan Rodr\u00edguez y Juan San Mart\u00edn (45\u2019 Agust\u00edn Bar\u00e1n).\u00a0Director T\u00e9cnico:\u00a0Jorge Goncalvez.<\/p>\n<p style=\"text-align: justify;\">DEFENSOR SPORTING:\u00a0Dar\u00edo Silva, Juan Fern\u00e1ndez, Mart\u00edn Varini, Agust\u00edn Curbelo, Pedro Costa, Angel Rodr\u00edguez, Federico Gino, Giorgian Arrascaeta, Christian Guti\u00e9rrez, Jordan Mosquera y Diego Laxalt.\u00a0Director T\u00e9cnico:\u00a0Fernando Curuchet.<\/p>\n<p style=\"text-align: justify;\">Goles:\u00a05&#8242; Angel Rodr\u00edguez (DS) y 28&#8242; Mart\u00edn Varini (DS), 57&#8242; y 75&#8242; Christian Guti\u00e9rrez (DS), 90&#8242; Federico Gino (DS).<\/p>\n<p style=\"text-align: center;\"><img loading=\"lazy\" decoding=\"async\" class=\"aligncenter size-full wp-image-27816\" title=\"\" src=\"https:\/\/www.padreydecano.com\/cms\/wp-content\/uploads\/2012\/08\/final-tercera1.jpg\" alt=\"\" width=\"610\" height=\"400\" srcset=\"https:\/\/www.padreydecano.com\/cms\/wp-content\/uploads\/2012\/08\/final-tercera1.jpg 610w, https:\/\/www.padreydecano.com\/cms\/wp-content\/uploads\/2012\/08\/final-tercera1-300x196.jpg 300w\" sizes=\"(max-width: 610px) 100vw, 610px\" \/><\/p>\n<p style=\"text-align: justify;\"><span style=\"color: #ffcc00;\"><strong>Segunda final<\/strong><\/span>:\u00a0el domingo a las 14:00 horas en el Estadio Luis Franzini. El empate y la derrota hasta por cuatro goles consagran a los violetas con el t\u00edtulo de Campe\u00f3n Uruguayo 2011-2012 en la Copa Dr. Ariel Delbono.<\/p>\n","protected":false},"excerpt":{"rendered":"<p>Ca\u00edmos derrotados 5 a 0 por la primera final del Campeonato Uruguayo de Tercera Divisi\u00f3n disputada en Las Acacias. El resultado refleja lo que fue el partido y hay muy poco para agregar al respecto. Hubo un solo equipo en la cancha que se llev\u00f3 m\u00e1s que merecida la victoria y a menos que pase [&hellip;]<\/p>\n","protected":false},"author":13,"featured_media":27756,"comment_status":"open","ping_status":"closed","sticky":false,"template":"","format":"standard","meta":{"footnotes":""},"categories":[51],"tags":[],"yoast_head":"<!-- This site is optimized with the Yoast SEO plugin v23.2 - https:\/\/yoast.com\/wordpress\/plugins\/seo\/ -->\n<title>Derrota catastr\u00f3fica en Tercera - Padre y Decano - El Sitio del Pueblo<\/title>\n<meta name=\"robots\" content=\"index, follow, max-snippet:-1, max-image-preview:large, max-video-preview:-1\" \/>\n<link rel=\"canonical\" href=\"https:\/\/www.padreydecano.com\/cms\/3era-division\/derrota-catastrofica-en-tercera\/\" \/>\n<meta property=\"og:locale\" content=\"es_ES\" \/>\n<meta property=\"og:type\" content=\"article\" \/>\n<meta property=\"og:title\" content=\"Derrota catastr\u00f3fica en Tercera - Padre y Decano - El Sitio del Pueblo\" \/>\n<meta property=\"og:description\" content=\"Ca\u00edmos derrotados 5 a 0 por la primera final del Campeonato Uruguayo de Tercera Divisi\u00f3n disputada en Las Acacias. El resultado refleja lo que fue el partido y hay muy poco para agregar al respecto. Hubo un solo equipo en la cancha que se llev\u00f3 m\u00e1s que merecida la victoria y a menos que pase [&hellip;]\" \/>\n<meta property=\"og:url\" content=\"https:\/\/www.padreydecano.com\/cms\/3era-division\/derrota-catastrofica-en-tercera\/\" \/>\n<meta property=\"og:site_name\" content=\"Padre y Decano - El Sitio del Pueblo\" \/>\n<meta property=\"article:published_time\" content=\"2012-08-08T20:55:16+00:00\" \/>\n<meta property=\"article:modified_time\" content=\"2012-08-10T01:36:26+00:00\" \/>\n<meta property=\"og:image\" content=\"https:\/\/www.padreydecano.com\/cms\/wp-content\/uploads\/2012\/08\/slider-final-tercera.jpg\" \/>\n\t<meta property=\"og:image:width\" content=\"646\" \/>\n\t<meta property=\"og:image:height\" content=\"259\" \/>\n\t<meta property=\"og:image:type\" content=\"image\/jpeg\" \/>\n<meta name=\"author\" content=\"Moderador\" \/>\n<meta name=\"twitter:card\" content=\"summary_large_image\" \/>\n<meta name=\"twitter:label1\" content=\"Escrito por\" \/>\n\t<meta name=\"twitter:data1\" content=\"Moderador\" \/>\n\t<meta name=\"twitter:label2\" content=\"Tiempo de lectura\" \/>\n\t<meta name=\"twitter:data2\" content=\"3 minutos\" \/>\n<script type=\"application\/ld+json\" class=\"yoast-schema-graph\">{\"@context\":\"https:\/\/schema.org\",\"@graph\":[{\"@type\":\"Article\",\"@id\":\"https:\/\/www.padreydecano.com\/cms\/3era-division\/derrota-catastrofica-en-tercera\/#article\",\"isPartOf\":{\"@id\":\"https:\/\/www.padreydecano.com\/cms\/3era-division\/derrota-catastrofica-en-tercera\/\"},\"author\":{\"name\":\"Moderador\",\"@id\":\"https:\/\/www.padreydecano.com\/cms\/#\/schema\/person\/d93e9e537230ae052c194251d9a1def2\"},\"headline\":\"Derrota catastr\u00f3fica en Tercera\",\"datePublished\":\"2012-08-08T20:55:16+00:00\",\"dateModified\":\"2012-08-10T01:36:26+00:00\",\"mainEntityOfPage\":{\"@id\":\"https:\/\/www.padreydecano.com\/cms\/3era-division\/derrota-catastrofica-en-tercera\/\"},\"wordCount\":676,\"commentCount\":14,\"publisher\":{\"@id\":\"https:\/\/www.padreydecano.com\/cms\/#organization\"},\"image\":{\"@id\":\"https:\/\/www.padreydecano.com\/cms\/3era-division\/derrota-catastrofica-en-tercera\/#primaryimage\"},\"thumbnailUrl\":\"https:\/\/www.padreydecano.com\/cms\/wp-content\/uploads\/2012\/08\/slider-final-tercera.jpg\",\"articleSection\":[\"3era Divisi\u00f3n\"],\"inLanguage\":\"es\",\"potentialAction\":[{\"@type\":\"CommentAction\",\"name\":\"Comment\",\"target\":[\"https:\/\/www.padreydecano.com\/cms\/3era-division\/derrota-catastrofica-en-tercera\/#respond\"]}]},{\"@type\":\"WebPage\",\"@id\":\"https:\/\/www.padreydecano.com\/cms\/3era-division\/derrota-catastrofica-en-tercera\/\",\"url\":\"https:\/\/www.padreydecano.com\/cms\/3era-division\/derrota-catastrofica-en-tercera\/\",\"name\":\"Derrota catastr\u00f3fica en Tercera - Padre y Decano - El Sitio del Pueblo\",\"isPartOf\":{\"@id\":\"https:\/\/www.padreydecano.com\/cms\/#website\"},\"primaryImageOfPage\":{\"@id\":\"https:\/\/www.padreydecano.com\/cms\/3era-division\/derrota-catastrofica-en-tercera\/#primaryimage\"},\"image\":{\"@id\":\"https:\/\/www.padreydecano.com\/cms\/3era-division\/derrota-catastrofica-en-tercera\/#primaryimage\"},\"thumbnailUrl\":\"https:\/\/www.padreydecano.com\/cms\/wp-content\/uploads\/2012\/08\/slider-final-tercera.jpg\",\"datePublished\":\"2012-08-08T20:55:16+00:00\",\"dateModified\":\"2012-08-10T01:36:26+00:00\",\"breadcrumb\":{\"@id\":\"https:\/\/www.padreydecano.com\/cms\/3era-division\/derrota-catastrofica-en-tercera\/#breadcrumb\"},\"inLanguage\":\"es\",\"potentialAction\":[{\"@type\":\"ReadAction\",\"target\":[\"https:\/\/www.padreydecano.com\/cms\/3era-division\/derrota-catastrofica-en-tercera\/\"]}]},{\"@type\":\"ImageObject\",\"inLanguage\":\"es\",\"@id\":\"https:\/\/www.padreydecano.com\/cms\/3era-division\/derrota-catastrofica-en-tercera\/#primaryimage\",\"url\":\"https:\/\/www.padreydecano.com\/cms\/wp-content\/uploads\/2012\/08\/slider-final-tercera.jpg\",\"contentUrl\":\"https:\/\/www.padreydecano.com\/cms\/wp-content\/uploads\/2012\/08\/slider-final-tercera.jpg\",\"width\":\"646\",\"height\":\"259\"},{\"@type\":\"BreadcrumbList\",\"@id\":\"https:\/\/www.padreydecano.com\/cms\/3era-division\/derrota-catastrofica-en-tercera\/#breadcrumb\",\"itemListElement\":[{\"@type\":\"ListItem\",\"position\":1,\"name\":\"Portada\",\"item\":\"https:\/\/www.padreydecano.com\/cms\/\"},{\"@type\":\"ListItem\",\"position\":2,\"name\":\"Derrota catastr\u00f3fica en Tercera\"}]},{\"@type\":\"WebSite\",\"@id\":\"https:\/\/www.padreydecano.com\/cms\/#website\",\"url\":\"https:\/\/www.padreydecano.com\/cms\/\",\"name\":\"Padre y Decano - El Sitio del Pueblo\",\"description\":\"Club Atl\u00e9tico Pe\u00f1arol\",\"publisher\":{\"@id\":\"https:\/\/www.padreydecano.com\/cms\/#organization\"},\"potentialAction\":[{\"@type\":\"SearchAction\",\"target\":{\"@type\":\"EntryPoint\",\"urlTemplate\":\"https:\/\/www.padreydecano.com\/cms\/?s={search_term_string}\"},\"query-input\":\"required name=search_term_string\"}],\"inLanguage\":\"es\"},{\"@type\":\"Organization\",\"@id\":\"https:\/\/www.padreydecano.com\/cms\/#organization\",\"name\":\"Padre y Decano\",\"url\":\"https:\/\/www.padreydecano.com\/cms\/\",\"logo\":{\"@type\":\"ImageObject\",\"inLanguage\":\"es\",\"@id\":\"https:\/\/www.padreydecano.com\/cms\/#\/schema\/logo\/image\/\",\"url\":\"https:\/\/www.padreydecano.com\/cms\/wp-content\/uploads\/2022\/01\/avatar-square.png\",\"contentUrl\":\"https:\/\/www.padreydecano.com\/cms\/wp-content\/uploads\/2022\/01\/avatar-square.png\",\"width\":1500,\"height\":1500,\"caption\":\"Padre y Decano\"},\"image\":{\"@id\":\"https:\/\/www.padreydecano.com\/cms\/#\/schema\/logo\/image\/\"}},{\"@type\":\"Person\",\"@id\":\"https:\/\/www.padreydecano.com\/cms\/#\/schema\/person\/d93e9e537230ae052c194251d9a1def2\",\"name\":\"Moderador\",\"image\":{\"@type\":\"ImageObject\",\"inLanguage\":\"es\",\"@id\":\"https:\/\/www.padreydecano.com\/cms\/#\/schema\/person\/image\/\",\"url\":\"https:\/\/secure.gravatar.com\/avatar\/2587727bf8a53bd3da4ec49f01bea66e?s=96&d=https%3A%2F%2Fpadreydecano.com%2Fcms%2Fwp-content%2Fthemes%2Fpyd-theme%2Fimg%2Fdefault-avatar.png&r=g\",\"contentUrl\":\"https:\/\/secure.gravatar.com\/avatar\/2587727bf8a53bd3da4ec49f01bea66e?s=96&d=https%3A%2F%2Fpadreydecano.com%2Fcms%2Fwp-content%2Fthemes%2Fpyd-theme%2Fimg%2Fdefault-avatar.png&r=g\",\"caption\":\"Moderador\"}}]}<\/script>\n<!-- \/ Yoast SEO plugin. -->","yoast_head_json":{"title":"Derrota catastr\u00f3fica en Tercera - Padre y Decano - El Sitio del Pueblo","robots":{"index":"index","follow":"follow","max-snippet":"max-snippet:-1","max-image-preview":"max-image-preview:large","max-video-preview":"max-video-preview:-1"},"canonical":"https:\/\/www.padreydecano.com\/cms\/3era-division\/derrota-catastrofica-en-tercera\/","og_locale":"es_ES","og_type":"article","og_title":"Derrota catastr\u00f3fica en Tercera - Padre y Decano - El Sitio del Pueblo","og_description":"Ca\u00edmos derrotados 5 a 0 por la primera final del Campeonato Uruguayo de Tercera Divisi\u00f3n disputada en Las Acacias. El resultado refleja lo que fue el partido y hay muy poco para agregar al respecto. Hubo un solo equipo en la cancha que se llev\u00f3 m\u00e1s que merecida la victoria y a menos que pase [&hellip;]","og_url":"https:\/\/www.padreydecano.com\/cms\/3era-division\/derrota-catastrofica-en-tercera\/","og_site_name":"Padre y Decano - El Sitio del Pueblo","article_published_time":"2012-08-08T20:55:16+00:00","article_modified_time":"2012-08-10T01:36:26+00:00","og_image":[{"width":646,"height":259,"url":"https:\/\/www.padreydecano.com\/cms\/wp-content\/uploads\/2012\/08\/slider-final-tercera.jpg","type":"image\/jpeg"}],"author":"Moderador","twitter_card":"summary_large_image","twitter_misc":{"Escrito por":"Moderador","Tiempo de lectura":"3 minutos"},"schema":{"@context":"https:\/\/schema.org","@graph":[{"@type":"Article","@id":"https:\/\/www.padreydecano.com\/cms\/3era-division\/derrota-catastrofica-en-tercera\/#article","isPartOf":{"@id":"https:\/\/www.padreydecano.com\/cms\/3era-division\/derrota-catastrofica-en-tercera\/"},"author":{"name":"Moderador","@id":"https:\/\/www.padreydecano.com\/cms\/#\/schema\/person\/d93e9e537230ae052c194251d9a1def2"},"headline":"Derrota catastr\u00f3fica en Tercera","datePublished":"2012-08-08T20:55:16+00:00","dateModified":"2012-08-10T01:36:26+00:00","mainEntityOfPage":{"@id":"https:\/\/www.padreydecano.com\/cms\/3era-division\/derrota-catastrofica-en-tercera\/"},"wordCount":676,"commentCount":14,"publisher":{"@id":"https:\/\/www.padreydecano.com\/cms\/#organization"},"image":{"@id":"https:\/\/www.padreydecano.com\/cms\/3era-division\/derrota-catastrofica-en-tercera\/#primaryimage"},"thumbnailUrl":"https:\/\/www.padreydecano.com\/cms\/wp-content\/uploads\/2012\/08\/slider-final-tercera.jpg","articleSection":["3era Divisi\u00f3n"],"inLanguage":"es","potentialAction":[{"@type":"CommentAction","name":"Comment","target":["https:\/\/www.padreydecano.com\/cms\/3era-division\/derrota-catastrofica-en-tercera\/#respond"]}]},{"@type":"WebPage","@id":"https:\/\/www.padreydecano.com\/cms\/3era-division\/derrota-catastrofica-en-tercera\/","url":"https:\/\/www.padreydecano.com\/cms\/3era-division\/derrota-catastrofica-en-tercera\/","name":"Derrota catastr\u00f3fica en Tercera - Padre y Decano - El Sitio del Pueblo","isPartOf":{"@id":"https:\/\/www.padreydecano.com\/cms\/#website"},"primaryImageOfPage":{"@id":"https:\/\/www.padreydecano.com\/cms\/3era-division\/derrota-catastrofica-en-tercera\/#primaryimage"},"image":{"@id":"https:\/\/www.padreydecano.com\/cms\/3era-division\/derrota-catastrofica-en-tercera\/#primaryimage"},"thumbnailUrl":"https:\/\/www.padreydecano.com\/cms\/wp-content\/uploads\/2012\/08\/slider-final-tercera.jpg","datePublished":"2012-08-08T20:55:16+00:00","dateModified":"2012-08-10T01:36:26+00:00","breadcrumb":{"@id":"https:\/\/www.padreydecano.com\/cms\/3era-division\/derrota-catastrofica-en-tercera\/#breadcrumb"},"inLanguage":"es","potentialAction":[{"@type":"ReadAction","target":["https:\/\/www.padreydecano.com\/cms\/3era-division\/derrota-catastrofica-en-tercera\/"]}]},{"@type":"ImageObject","inLanguage":"es","@id":"https:\/\/www.padreydecano.com\/cms\/3era-division\/derrota-catastrofica-en-tercera\/#primaryimage","url":"https:\/\/www.padreydecano.com\/cms\/wp-content\/uploads\/2012\/08\/slider-final-tercera.jpg","contentUrl":"https:\/\/www.padreydecano.com\/cms\/wp-content\/uploads\/2012\/08\/slider-final-tercera.jpg","width":"646","height":"259"},{"@type":"BreadcrumbList","@id":"https:\/\/www.padreydecano.com\/cms\/3era-division\/derrota-catastrofica-en-tercera\/#breadcrumb","itemListElement":[{"@type":"ListItem","position":1,"name":"Portada","item":"https:\/\/www.padreydecano.com\/cms\/"},{"@type":"ListItem","position":2,"name":"Derrota catastr\u00f3fica en Tercera"}]},{"@type":"WebSite","@id":"https:\/\/www.padreydecano.com\/cms\/#website","url":"https:\/\/www.padreydecano.com\/cms\/","name":"Padre y Decano - El Sitio del Pueblo","description":"Club Atl\u00e9tico Pe\u00f1arol","publisher":{"@id":"https:\/\/www.padreydecano.com\/cms\/#organization"},"potentialAction":[{"@type":"SearchAction","target":{"@type":"EntryPoint","urlTemplate":"https:\/\/www.padreydecano.com\/cms\/?s={search_term_string}"},"query-input":"required name=search_term_string"}],"inLanguage":"es"},{"@type":"Organization","@id":"https:\/\/www.padreydecano.com\/cms\/#organization","name":"Padre y Decano","url":"https:\/\/www.padreydecano.com\/cms\/","logo":{"@type":"ImageObject","inLanguage":"es","@id":"https:\/\/www.padreydecano.com\/cms\/#\/schema\/logo\/image\/","url":"https:\/\/www.padreydecano.com\/cms\/wp-content\/uploads\/2022\/01\/avatar-square.png","contentUrl":"https:\/\/www.padreydecano.com\/cms\/wp-content\/uploads\/2022\/01\/avatar-square.png","width":1500,"height":1500,"caption":"Padre y Decano"},"image":{"@id":"https:\/\/www.padreydecano.com\/cms\/#\/schema\/logo\/image\/"}},{"@type":"Person","@id":"https:\/\/www.padreydecano.com\/cms\/#\/schema\/person\/d93e9e537230ae052c194251d9a1def2","name":"Moderador","image":{"@type":"ImageObject","inLanguage":"es","@id":"https:\/\/www.padreydecano.com\/cms\/#\/schema\/person\/image\/","url":"https:\/\/secure.gravatar.com\/avatar\/2587727bf8a53bd3da4ec49f01bea66e?s=96&d=https%3A%2F%2Fpadreydecano.com%2Fcms%2Fwp-content%2Fthemes%2Fpyd-theme%2Fimg%2Fdefault-avatar.png&r=g","contentUrl":"https:\/\/secure.gravatar.com\/avatar\/2587727bf8a53bd3da4ec49f01bea66e?s=96&d=https%3A%2F%2Fpadreydecano.com%2Fcms%2Fwp-content%2Fthemes%2Fpyd-theme%2Fimg%2Fdefault-avatar.png&r=g","caption":"Moderador"}}]}},"_links":{"self":[{"href":"https:\/\/www.padreydecano.com\/cms\/wp-json\/wp\/v2\/posts\/27755"}],"collection":[{"href":"https:\/\/www.padreydecano.com\/cms\/wp-json\/wp\/v2\/posts"}],"about":[{"href":"https:\/\/www.padreydecano.com\/cms\/wp-json\/wp\/v2\/types\/post"}],"author":[{"embeddable":true,"href":"https:\/\/www.padreydecano.com\/cms\/wp-json\/wp\/v2\/users\/13"}],"replies":[{"embeddable":true,"href":"https:\/\/www.padreydecano.com\/cms\/wp-json\/wp\/v2\/comments?post=27755"}],"version-history":[{"count":0,"href":"https:\/\/www.padreydecano.com\/cms\/wp-json\/wp\/v2\/posts\/27755\/revisions"}],"wp:featuredmedia":[{"embeddable":true,"href":"https:\/\/www.padreydecano.com\/cms\/wp-json\/wp\/v2\/media\/27756"}],"wp:attachment":[{"href":"https:\/\/www.padreydecano.com\/cms\/wp-json\/wp\/v2\/media?parent=27755"}],"wp:term":[{"taxonomy":"category","embeddable":true,"href":"https:\/\/www.padreydecano.com\/cms\/wp-json\/wp\/v2\/categories?post=27755"},{"taxonomy":"post_tag","embeddable":true,"href":"https:\/\/www.padreydecano.com\/cms\/wp-json\/wp\/v2\/tags?post=27755"}],"curies":[{"name":"wp","href":"https:\/\/api.w.org\/{rel}","templated":true}]}}