{"id":27680,"date":"2012-08-07T14:17:51","date_gmt":"2012-08-07T17:17:51","guid":{"rendered":"http:\/\/www.padreydecano.com\/cms\/?p=27680"},"modified":"2012-08-07T17:29:14","modified_gmt":"2012-08-07T20:29:14","slug":"no-hable-con-nadie-de-boca","status":"publish","type":"post","link":"https:\/\/www.padreydecano.com\/cms\/noticias\/no-hable-con-nadie-de-boca\/","title":{"rendered":"\u00abNo habl\u00e9 con nadie de Boca\u00bb"},"content":{"rendered":"<p style=\"text-align: justify;\"><strong><a href=\"https:\/\/www.padreydecano.com\/cms\/wp-content\/uploads\/2012\/01\/IMG_3361-Copiar.jpg\" rel=\"shadowbox[sbpost-27680];player=img;\"><img loading=\"lazy\" decoding=\"async\" class=\"wp-image-12425 alignright\" src=\"https:\/\/www.padreydecano.com\/cms\/wp-content\/uploads\/2012\/01\/IMG_3361-Copiar-300x199.jpg\" alt=\"\" width=\"252\" height=\"167\" srcset=\"https:\/\/www.padreydecano.com\/cms\/wp-content\/uploads\/2012\/01\/IMG_3361-Copiar-300x199.jpg 300w, https:\/\/www.padreydecano.com\/cms\/wp-content\/uploads\/2012\/01\/IMG_3361-Copiar.jpg 800w\" sizes=\"(max-width: 252px) 100vw, 252px\" \/><\/a><span style=\"color: #ffcc00;\">Emiliano Alb\u00edn<\/span><\/strong>, lateral\/volante surgido de las inferiores que est\u00e1 hace tres temporadas en el plantel principal, regres\u00f3 hace unos d\u00edas de Londres tras jugar los Juegos Ol\u00edmpicos con la selecci\u00f3n uruguaya y parece tener un pie en Los Aromos y otro en Boca, seg\u00fan lo manejado en Teledoce hace unos minutos. <a href=\"https:\/\/www.padreydecano.com\/cms\/noticias\/de-exportacion\/\" target=\"_blank\">Como hab\u00edamos dicho d\u00edas anteriores,<\/a> el jugador nacido en Sauce, que lleg\u00f3 en 2009 para jugar en la cuarta divisi\u00f3n, no es el \u00fanico que cuenta con chances de emigrar, ya que <strong>Alejandro Gonz\u00e1lez y Sebasti\u00e1n Crist\u00f3foro<\/strong> tambi\u00e9n tienen ofertas del exterior.<\/p>\n<p style=\"text-align: justify;\">El jugador fue entrevistado por\u00a0Mart\u00edn\u00a0Kesman en el resumen deportivo de canal 12 y declar\u00f3: <em>\u00abEst\u00e1 bueno despu\u00e9s de determinada cantidad de a\u00f1os cambiar un poco de aire. Es un club grande que siempre pelea cosas importantes y eso da ganas de ir a jugar y cambiar un poco. Tambi\u00e9n manejo la posibilidad de quedarme porque se est\u00e1 armando un gran plantel en Pe\u00f1arol\u00bb.\u00a0<\/em><\/p>\n<p style=\"text-align: justify;\">Por otra parte aclar\u00f3 que <em>\u00ab<strong>personalmente no habl\u00e9 con nadie de Boca.<\/strong> El que maneja todo es mi representante Bentancur y tambi\u00e9n han hablado entre los clubes. La opci\u00f3n est\u00e1 y la oferta\u00a0tambi\u00e9n, la resoluci\u00f3n final depende de los clubes\u00bb.<\/em><\/p>\n","protected":false},"excerpt":{"rendered":"<p>Emiliano Alb\u00edn, lateral\/volante surgido de las inferiores que est\u00e1 hace tres temporadas en el plantel principal, regres\u00f3 hace unos d\u00edas de Londres tras jugar los Juegos Ol\u00edmpicos con la selecci\u00f3n uruguaya y parece tener un pie en Los Aromos y otro en Boca, seg\u00fan lo manejado en Teledoce hace unos minutos. Como hab\u00edamos dicho d\u00edas [&hellip;]<\/p>\n","protected":false},"author":3,"featured_media":12492,"comment_status":"open","ping_status":"closed","sticky":false,"template":"","format":"standard","meta":{"footnotes":""},"categories":[1],"tags":[26],"yoast_head":"<!-- This site is optimized with the Yoast SEO plugin v23.2 - https:\/\/yoast.com\/wordpress\/plugins\/seo\/ -->\n<title>&quot;No habl\u00e9 con nadie de Boca&quot; - Padre y Decano - El Sitio del Pueblo<\/title>\n<meta name=\"robots\" content=\"index, follow, max-snippet:-1, max-image-preview:large, max-video-preview:-1\" \/>\n<link rel=\"canonical\" href=\"https:\/\/www.padreydecano.com\/cms\/noticias\/no-hable-con-nadie-de-boca\/\" \/>\n<meta property=\"og:locale\" content=\"es_ES\" \/>\n<meta property=\"og:type\" content=\"article\" \/>\n<meta property=\"og:title\" content=\"&quot;No habl\u00e9 con nadie de Boca&quot; - Padre y Decano - El Sitio del Pueblo\" \/>\n<meta property=\"og:description\" content=\"Emiliano Alb\u00edn, lateral\/volante surgido de las inferiores que est\u00e1 hace tres temporadas en el plantel principal, regres\u00f3 hace unos d\u00edas de Londres tras jugar los Juegos Ol\u00edmpicos con la selecci\u00f3n uruguaya y parece tener un pie en Los Aromos y otro en Boca, seg\u00fan lo manejado en Teledoce hace unos minutos. Como hab\u00edamos dicho d\u00edas [&hellip;]\" \/>\n<meta property=\"og:url\" content=\"https:\/\/www.padreydecano.com\/cms\/noticias\/no-hable-con-nadie-de-boca\/\" \/>\n<meta property=\"og:site_name\" content=\"Padre y Decano - El Sitio del Pueblo\" \/>\n<meta property=\"article:published_time\" content=\"2012-08-07T17:17:51+00:00\" \/>\n<meta property=\"article:modified_time\" content=\"2012-08-07T20:29:14+00:00\" \/>\n<meta property=\"og:image\" content=\"https:\/\/www.padreydecano.com\/cms\/wp-content\/uploads\/2012\/01\/IMG_3730-Copiar.jpg\" \/>\n\t<meta property=\"og:image:width\" content=\"800\" \/>\n\t<meta property=\"og:image:height\" content=\"533\" \/>\n\t<meta property=\"og:image:type\" content=\"image\/jpeg\" \/>\n<meta name=\"author\" content=\"1891\" \/>\n<meta name=\"twitter:card\" content=\"summary_large_image\" \/>\n<meta name=\"twitter:label1\" content=\"Escrito por\" \/>\n\t<meta name=\"twitter:data1\" content=\"1891\" \/>\n\t<meta name=\"twitter:label2\" content=\"Tiempo de lectura\" \/>\n\t<meta name=\"twitter:data2\" content=\"1 minuto\" \/>\n<script type=\"application\/ld+json\" class=\"yoast-schema-graph\">{\"@context\":\"https:\/\/schema.org\",\"@graph\":[{\"@type\":\"Article\",\"@id\":\"https:\/\/www.padreydecano.com\/cms\/noticias\/no-hable-con-nadie-de-boca\/#article\",\"isPartOf\":{\"@id\":\"https:\/\/www.padreydecano.com\/cms\/noticias\/no-hable-con-nadie-de-boca\/\"},\"author\":{\"name\":\"1891\",\"@id\":\"https:\/\/www.padreydecano.com\/cms\/#\/schema\/person\/5607c72c38a1537a151b24d1e67535e0\"},\"headline\":\"\u00abNo habl\u00e9 con nadie de Boca\u00bb\",\"datePublished\":\"2012-08-07T17:17:51+00:00\",\"dateModified\":\"2012-08-07T20:29:14+00:00\",\"mainEntityOfPage\":{\"@id\":\"https:\/\/www.padreydecano.com\/cms\/noticias\/no-hable-con-nadie-de-boca\/\"},\"wordCount\":225,\"commentCount\":6,\"publisher\":{\"@id\":\"https:\/\/www.padreydecano.com\/cms\/#organization\"},\"image\":{\"@id\":\"https:\/\/www.padreydecano.com\/cms\/noticias\/no-hable-con-nadie-de-boca\/#primaryimage\"},\"thumbnailUrl\":\"https:\/\/www.padreydecano.com\/cms\/wp-content\/uploads\/2012\/01\/IMG_3730-Copiar.jpg\",\"keywords\":[\"Mercado de pases\"],\"articleSection\":[\"Noticias\"],\"inLanguage\":\"es\",\"potentialAction\":[{\"@type\":\"CommentAction\",\"name\":\"Comment\",\"target\":[\"https:\/\/www.padreydecano.com\/cms\/noticias\/no-hable-con-nadie-de-boca\/#respond\"]}]},{\"@type\":\"WebPage\",\"@id\":\"https:\/\/www.padreydecano.com\/cms\/noticias\/no-hable-con-nadie-de-boca\/\",\"url\":\"https:\/\/www.padreydecano.com\/cms\/noticias\/no-hable-con-nadie-de-boca\/\",\"name\":\"\\\"No habl\u00e9 con nadie de Boca\\\" - Padre y Decano - El Sitio del Pueblo\",\"isPartOf\":{\"@id\":\"https:\/\/www.padreydecano.com\/cms\/#website\"},\"primaryImageOfPage\":{\"@id\":\"https:\/\/www.padreydecano.com\/cms\/noticias\/no-hable-con-nadie-de-boca\/#primaryimage\"},\"image\":{\"@id\":\"https:\/\/www.padreydecano.com\/cms\/noticias\/no-hable-con-nadie-de-boca\/#primaryimage\"},\"thumbnailUrl\":\"https:\/\/www.padreydecano.com\/cms\/wp-content\/uploads\/2012\/01\/IMG_3730-Copiar.jpg\",\"datePublished\":\"2012-08-07T17:17:51+00:00\",\"dateModified\":\"2012-08-07T20:29:14+00:00\",\"breadcrumb\":{\"@id\":\"https:\/\/www.padreydecano.com\/cms\/noticias\/no-hable-con-nadie-de-boca\/#breadcrumb\"},\"inLanguage\":\"es\",\"potentialAction\":[{\"@type\":\"ReadAction\",\"target\":[\"https:\/\/www.padreydecano.com\/cms\/noticias\/no-hable-con-nadie-de-boca\/\"]}]},{\"@type\":\"ImageObject\",\"inLanguage\":\"es\",\"@id\":\"https:\/\/www.padreydecano.com\/cms\/noticias\/no-hable-con-nadie-de-boca\/#primaryimage\",\"url\":\"https:\/\/www.padreydecano.com\/cms\/wp-content\/uploads\/2012\/01\/IMG_3730-Copiar.jpg\",\"contentUrl\":\"https:\/\/www.padreydecano.com\/cms\/wp-content\/uploads\/2012\/01\/IMG_3730-Copiar.jpg\",\"width\":\"800\",\"height\":\"533\"},{\"@type\":\"BreadcrumbList\",\"@id\":\"https:\/\/www.padreydecano.com\/cms\/noticias\/no-hable-con-nadie-de-boca\/#breadcrumb\",\"itemListElement\":[{\"@type\":\"ListItem\",\"position\":1,\"name\":\"Portada\",\"item\":\"https:\/\/www.padreydecano.com\/cms\/\"},{\"@type\":\"ListItem\",\"position\":2,\"name\":\"\u00abNo habl\u00e9 con nadie de Boca\u00bb\"}]},{\"@type\":\"WebSite\",\"@id\":\"https:\/\/www.padreydecano.com\/cms\/#website\",\"url\":\"https:\/\/www.padreydecano.com\/cms\/\",\"name\":\"Padre y Decano - El Sitio del Pueblo\",\"description\":\"Club Atl\u00e9tico Pe\u00f1arol\",\"publisher\":{\"@id\":\"https:\/\/www.padreydecano.com\/cms\/#organization\"},\"potentialAction\":[{\"@type\":\"SearchAction\",\"target\":{\"@type\":\"EntryPoint\",\"urlTemplate\":\"https:\/\/www.padreydecano.com\/cms\/?s={search_term_string}\"},\"query-input\":\"required name=search_term_string\"}],\"inLanguage\":\"es\"},{\"@type\":\"Organization\",\"@id\":\"https:\/\/www.padreydecano.com\/cms\/#organization\",\"name\":\"Padre y Decano\",\"url\":\"https:\/\/www.padreydecano.com\/cms\/\",\"logo\":{\"@type\":\"ImageObject\",\"inLanguage\":\"es\",\"@id\":\"https:\/\/www.padreydecano.com\/cms\/#\/schema\/logo\/image\/\",\"url\":\"https:\/\/www.padreydecano.com\/cms\/wp-content\/uploads\/2022\/01\/avatar-square.png\",\"contentUrl\":\"https:\/\/www.padreydecano.com\/cms\/wp-content\/uploads\/2022\/01\/avatar-square.png\",\"width\":1500,\"height\":1500,\"caption\":\"Padre y Decano\"},\"image\":{\"@id\":\"https:\/\/www.padreydecano.com\/cms\/#\/schema\/logo\/image\/\"}},{\"@type\":\"Person\",\"@id\":\"https:\/\/www.padreydecano.com\/cms\/#\/schema\/person\/5607c72c38a1537a151b24d1e67535e0\",\"name\":\"1891\",\"image\":{\"@type\":\"ImageObject\",\"inLanguage\":\"es\",\"@id\":\"https:\/\/www.padreydecano.com\/cms\/#\/schema\/person\/image\/\",\"url\":\"https:\/\/secure.gravatar.com\/avatar\/29d4d1b0d523a21898e8cf9585d259d3?s=96&d=https%3A%2F%2Fpadreydecano.com%2Fcms%2Fwp-content%2Fthemes%2Fpyd-theme%2Fimg%2Fdefault-avatar.png&r=g\",\"contentUrl\":\"https:\/\/secure.gravatar.com\/avatar\/29d4d1b0d523a21898e8cf9585d259d3?s=96&d=https%3A%2F%2Fpadreydecano.com%2Fcms%2Fwp-content%2Fthemes%2Fpyd-theme%2Fimg%2Fdefault-avatar.png&r=g\",\"caption\":\"1891\"}}]}<\/script>\n<!-- \/ Yoast SEO plugin. -->","yoast_head_json":{"title":"\"No habl\u00e9 con nadie de Boca\" - Padre y Decano - El Sitio del Pueblo","robots":{"index":"index","follow":"follow","max-snippet":"max-snippet:-1","max-image-preview":"max-image-preview:large","max-video-preview":"max-video-preview:-1"},"canonical":"https:\/\/www.padreydecano.com\/cms\/noticias\/no-hable-con-nadie-de-boca\/","og_locale":"es_ES","og_type":"article","og_title":"\"No habl\u00e9 con nadie de Boca\" - Padre y Decano - El Sitio del Pueblo","og_description":"Emiliano Alb\u00edn, lateral\/volante surgido de las inferiores que est\u00e1 hace tres temporadas en el plantel principal, regres\u00f3 hace unos d\u00edas de Londres tras jugar los Juegos Ol\u00edmpicos con la selecci\u00f3n uruguaya y parece tener un pie en Los Aromos y otro en Boca, seg\u00fan lo manejado en Teledoce hace unos minutos. Como hab\u00edamos dicho d\u00edas [&hellip;]","og_url":"https:\/\/www.padreydecano.com\/cms\/noticias\/no-hable-con-nadie-de-boca\/","og_site_name":"Padre y Decano - El Sitio del Pueblo","article_published_time":"2012-08-07T17:17:51+00:00","article_modified_time":"2012-08-07T20:29:14+00:00","og_image":[{"width":800,"height":533,"url":"https:\/\/www.padreydecano.com\/cms\/wp-content\/uploads\/2012\/01\/IMG_3730-Copiar.jpg","type":"image\/jpeg"}],"author":"1891","twitter_card":"summary_large_image","twitter_misc":{"Escrito por":"1891","Tiempo de lectura":"1 minuto"},"schema":{"@context":"https:\/\/schema.org","@graph":[{"@type":"Article","@id":"https:\/\/www.padreydecano.com\/cms\/noticias\/no-hable-con-nadie-de-boca\/#article","isPartOf":{"@id":"https:\/\/www.padreydecano.com\/cms\/noticias\/no-hable-con-nadie-de-boca\/"},"author":{"name":"1891","@id":"https:\/\/www.padreydecano.com\/cms\/#\/schema\/person\/5607c72c38a1537a151b24d1e67535e0"},"headline":"\u00abNo habl\u00e9 con nadie de Boca\u00bb","datePublished":"2012-08-07T17:17:51+00:00","dateModified":"2012-08-07T20:29:14+00:00","mainEntityOfPage":{"@id":"https:\/\/www.padreydecano.com\/cms\/noticias\/no-hable-con-nadie-de-boca\/"},"wordCount":225,"commentCount":6,"publisher":{"@id":"https:\/\/www.padreydecano.com\/cms\/#organization"},"image":{"@id":"https:\/\/www.padreydecano.com\/cms\/noticias\/no-hable-con-nadie-de-boca\/#primaryimage"},"thumbnailUrl":"https:\/\/www.padreydecano.com\/cms\/wp-content\/uploads\/2012\/01\/IMG_3730-Copiar.jpg","keywords":["Mercado de pases"],"articleSection":["Noticias"],"inLanguage":"es","potentialAction":[{"@type":"CommentAction","name":"Comment","target":["https:\/\/www.padreydecano.com\/cms\/noticias\/no-hable-con-nadie-de-boca\/#respond"]}]},{"@type":"WebPage","@id":"https:\/\/www.padreydecano.com\/cms\/noticias\/no-hable-con-nadie-de-boca\/","url":"https:\/\/www.padreydecano.com\/cms\/noticias\/no-hable-con-nadie-de-boca\/","name":"\"No habl\u00e9 con nadie de Boca\" - Padre y Decano - El Sitio del Pueblo","isPartOf":{"@id":"https:\/\/www.padreydecano.com\/cms\/#website"},"primaryImageOfPage":{"@id":"https:\/\/www.padreydecano.com\/cms\/noticias\/no-hable-con-nadie-de-boca\/#primaryimage"},"image":{"@id":"https:\/\/www.padreydecano.com\/cms\/noticias\/no-hable-con-nadie-de-boca\/#primaryimage"},"thumbnailUrl":"https:\/\/www.padreydecano.com\/cms\/wp-content\/uploads\/2012\/01\/IMG_3730-Copiar.jpg","datePublished":"2012-08-07T17:17:51+00:00","dateModified":"2012-08-07T20:29:14+00:00","breadcrumb":{"@id":"https:\/\/www.padreydecano.com\/cms\/noticias\/no-hable-con-nadie-de-boca\/#breadcrumb"},"inLanguage":"es","potentialAction":[{"@type":"ReadAction","target":["https:\/\/www.padreydecano.com\/cms\/noticias\/no-hable-con-nadie-de-boca\/"]}]},{"@type":"ImageObject","inLanguage":"es","@id":"https:\/\/www.padreydecano.com\/cms\/noticias\/no-hable-con-nadie-de-boca\/#primaryimage","url":"https:\/\/www.padreydecano.com\/cms\/wp-content\/uploads\/2012\/01\/IMG_3730-Copiar.jpg","contentUrl":"https:\/\/www.padreydecano.com\/cms\/wp-content\/uploads\/2012\/01\/IMG_3730-Copiar.jpg","width":"800","height":"533"},{"@type":"BreadcrumbList","@id":"https:\/\/www.padreydecano.com\/cms\/noticias\/no-hable-con-nadie-de-boca\/#breadcrumb","itemListElement":[{"@type":"ListItem","position":1,"name":"Portada","item":"https:\/\/www.padreydecano.com\/cms\/"},{"@type":"ListItem","position":2,"name":"\u00abNo habl\u00e9 con nadie de Boca\u00bb"}]},{"@type":"WebSite","@id":"https:\/\/www.padreydecano.com\/cms\/#website","url":"https:\/\/www.padreydecano.com\/cms\/","name":"Padre y Decano - El Sitio del Pueblo","description":"Club Atl\u00e9tico Pe\u00f1arol","publisher":{"@id":"https:\/\/www.padreydecano.com\/cms\/#organization"},"potentialAction":[{"@type":"SearchAction","target":{"@type":"EntryPoint","urlTemplate":"https:\/\/www.padreydecano.com\/cms\/?s={search_term_string}"},"query-input":"required name=search_term_string"}],"inLanguage":"es"},{"@type":"Organization","@id":"https:\/\/www.padreydecano.com\/cms\/#organization","name":"Padre y Decano","url":"https:\/\/www.padreydecano.com\/cms\/","logo":{"@type":"ImageObject","inLanguage":"es","@id":"https:\/\/www.padreydecano.com\/cms\/#\/schema\/logo\/image\/","url":"https:\/\/www.padreydecano.com\/cms\/wp-content\/uploads\/2022\/01\/avatar-square.png","contentUrl":"https:\/\/www.padreydecano.com\/cms\/wp-content\/uploads\/2022\/01\/avatar-square.png","width":1500,"height":1500,"caption":"Padre y Decano"},"image":{"@id":"https:\/\/www.padreydecano.com\/cms\/#\/schema\/logo\/image\/"}},{"@type":"Person","@id":"https:\/\/www.padreydecano.com\/cms\/#\/schema\/person\/5607c72c38a1537a151b24d1e67535e0","name":"1891","image":{"@type":"ImageObject","inLanguage":"es","@id":"https:\/\/www.padreydecano.com\/cms\/#\/schema\/person\/image\/","url":"https:\/\/secure.gravatar.com\/avatar\/29d4d1b0d523a21898e8cf9585d259d3?s=96&d=https%3A%2F%2Fpadreydecano.com%2Fcms%2Fwp-content%2Fthemes%2Fpyd-theme%2Fimg%2Fdefault-avatar.png&r=g","contentUrl":"https:\/\/secure.gravatar.com\/avatar\/29d4d1b0d523a21898e8cf9585d259d3?s=96&d=https%3A%2F%2Fpadreydecano.com%2Fcms%2Fwp-content%2Fthemes%2Fpyd-theme%2Fimg%2Fdefault-avatar.png&r=g","caption":"1891"}}]}},"_links":{"self":[{"href":"https:\/\/www.padreydecano.com\/cms\/wp-json\/wp\/v2\/posts\/27680"}],"collection":[{"href":"https:\/\/www.padreydecano.com\/cms\/wp-json\/wp\/v2\/posts"}],"about":[{"href":"https:\/\/www.padreydecano.com\/cms\/wp-json\/wp\/v2\/types\/post"}],"author":[{"embeddable":true,"href":"https:\/\/www.padreydecano.com\/cms\/wp-json\/wp\/v2\/users\/3"}],"replies":[{"embeddable":true,"href":"https:\/\/www.padreydecano.com\/cms\/wp-json\/wp\/v2\/comments?post=27680"}],"version-history":[{"count":0,"href":"https:\/\/www.padreydecano.com\/cms\/wp-json\/wp\/v2\/posts\/27680\/revisions"}],"wp:featuredmedia":[{"embeddable":true,"href":"https:\/\/www.padreydecano.com\/cms\/wp-json\/wp\/v2\/media\/12492"}],"wp:attachment":[{"href":"https:\/\/www.padreydecano.com\/cms\/wp-json\/wp\/v2\/media?parent=27680"}],"wp:term":[{"taxonomy":"category","embeddable":true,"href":"https:\/\/www.padreydecano.com\/cms\/wp-json\/wp\/v2\/categories?post=27680"},{"taxonomy":"post_tag","embeddable":true,"href":"https:\/\/www.padreydecano.com\/cms\/wp-json\/wp\/v2\/tags?post=27680"}],"curies":[{"name":"wp","href":"https:\/\/api.w.org\/{rel}","templated":true}]}}