{"id":27648,"date":"2012-08-06T19:25:57","date_gmt":"2012-08-06T22:25:57","guid":{"rendered":"http:\/\/www.padreydecano.com\/cms\/?p=27648"},"modified":"2012-08-08T16:48:26","modified_gmt":"2012-08-08T19:48:26","slug":"se-fijaron-las-finales-de-tercera-division","status":"publish","type":"post","link":"https:\/\/www.padreydecano.com\/cms\/3era-division\/se-fijaron-las-finales-de-tercera-division\/","title":{"rendered":"Se fijaron las finales de Tercera Divisi\u00f3n"},"content":{"rendered":"<p style=\"text-align: justify;\"><a href=\"https:\/\/www.padreydecano.com\/cms\/wp-content\/uploads\/2012\/08\/final-tercera3.jpg\" rel=\"shadowbox[sbpost-27648];player=img;\"><img loading=\"lazy\" decoding=\"async\" class=\"alignright  wp-image-27523\" src=\"https:\/\/www.padreydecano.com\/cms\/wp-content\/uploads\/2012\/08\/final-tercera3-300x199.jpg\" alt=\"\" width=\"240\" height=\"159\" srcset=\"https:\/\/www.padreydecano.com\/cms\/wp-content\/uploads\/2012\/08\/final-tercera3-300x199.jpg 300w, https:\/\/www.padreydecano.com\/cms\/wp-content\/uploads\/2012\/08\/final-tercera3.jpg 800w\" sizes=\"(max-width: 240px) 100vw, 240px\" \/><\/a>La definici\u00f3n de Tercera Divisi\u00f3n tiene fecha, hora y lugar. Este <strong>mi\u00e9rcoles<\/strong> seremos locales y estaremos recibiendo a Defensor Sporting en <strong>Las Acacias desde las 15:00<\/strong> hs mientras que <strong>el domingo estaremos visitando a los violetas en el Estadio Franzini desde las 14:00 hs<\/strong>.<\/p>\n<p style=\"text-align: justify;\">Recordamos que al haber <a title=\"Se desperdici\u00f3 la primera chance en 3ra\" href=\"https:\/\/www.padreydecano.com\/cms\/3era-division\/se-desperdicio-la-primera-chance-en-3ra\/\" target=\"_blank\">perdido la primera final\/semifinal<\/a>, se perdi\u00f3 tambi\u00e9n la ventaja, por lo que ahora se definir\u00e1 al mejor en puntos.\u00a0En caso de igualdad en puntos se definir\u00e1 por diferencia de goles y si persiste la igualdad se definir\u00e1 por alaregu y penales.<\/p>\n<p style=\"text-align: justify;\">\n","protected":false},"excerpt":{"rendered":"<p>La definici\u00f3n de Tercera Divisi\u00f3n tiene fecha, hora y lugar. Este mi\u00e9rcoles seremos locales y estaremos recibiendo a Defensor Sporting en Las Acacias desde las 15:00 hs mientras que el domingo estaremos visitando a los violetas en el Estadio Franzini desde las 14:00 hs. Recordamos que al haber perdido la primera final\/semifinal, se perdi\u00f3 tambi\u00e9n [&hellip;]<\/p>\n","protected":false},"author":13,"featured_media":27526,"comment_status":"open","ping_status":"closed","sticky":false,"template":"","format":"standard","meta":{"footnotes":""},"categories":[51],"tags":[],"yoast_head":"<!-- This site is optimized with the Yoast SEO plugin v23.2 - https:\/\/yoast.com\/wordpress\/plugins\/seo\/ -->\n<title>Se fijaron las finales de Tercera Divisi\u00f3n - Padre y Decano - El Sitio del Pueblo<\/title>\n<meta name=\"robots\" content=\"index, follow, max-snippet:-1, max-image-preview:large, max-video-preview:-1\" \/>\n<link rel=\"canonical\" href=\"https:\/\/www.padreydecano.com\/cms\/3era-division\/se-fijaron-las-finales-de-tercera-division\/\" \/>\n<meta property=\"og:locale\" content=\"es_ES\" \/>\n<meta property=\"og:type\" content=\"article\" \/>\n<meta property=\"og:title\" content=\"Se fijaron las finales de Tercera Divisi\u00f3n - Padre y Decano - El Sitio del Pueblo\" \/>\n<meta property=\"og:description\" content=\"La definici\u00f3n de Tercera Divisi\u00f3n tiene fecha, hora y lugar. Este mi\u00e9rcoles seremos locales y estaremos recibiendo a Defensor Sporting en Las Acacias desde las 15:00 hs mientras que el domingo estaremos visitando a los violetas en el Estadio Franzini desde las 14:00 hs. Recordamos que al haber perdido la primera final\/semifinal, se perdi\u00f3 tambi\u00e9n [&hellip;]\" \/>\n<meta property=\"og:url\" content=\"https:\/\/www.padreydecano.com\/cms\/3era-division\/se-fijaron-las-finales-de-tercera-division\/\" \/>\n<meta property=\"og:site_name\" content=\"Padre y Decano - El Sitio del Pueblo\" \/>\n<meta property=\"article:published_time\" content=\"2012-08-06T22:25:57+00:00\" \/>\n<meta property=\"article:modified_time\" content=\"2012-08-08T19:48:26+00:00\" \/>\n<meta property=\"og:image\" content=\"https:\/\/www.padreydecano.com\/cms\/wp-content\/uploads\/2012\/08\/fonal-tercera2.jpg\" \/>\n\t<meta property=\"og:image:width\" content=\"800\" \/>\n\t<meta property=\"og:image:height\" content=\"532\" \/>\n\t<meta property=\"og:image:type\" content=\"image\/jpeg\" \/>\n<meta name=\"author\" content=\"Moderador\" \/>\n<meta name=\"twitter:card\" content=\"summary_large_image\" \/>\n<meta name=\"twitter:label1\" content=\"Escrito por\" \/>\n\t<meta name=\"twitter:data1\" content=\"Moderador\" \/>\n<script type=\"application\/ld+json\" class=\"yoast-schema-graph\">{\"@context\":\"https:\/\/schema.org\",\"@graph\":[{\"@type\":\"Article\",\"@id\":\"https:\/\/www.padreydecano.com\/cms\/3era-division\/se-fijaron-las-finales-de-tercera-division\/#article\",\"isPartOf\":{\"@id\":\"https:\/\/www.padreydecano.com\/cms\/3era-division\/se-fijaron-las-finales-de-tercera-division\/\"},\"author\":{\"name\":\"Moderador\",\"@id\":\"https:\/\/www.padreydecano.com\/cms\/#\/schema\/person\/d93e9e537230ae052c194251d9a1def2\"},\"headline\":\"Se fijaron las finales de Tercera Divisi\u00f3n\",\"datePublished\":\"2012-08-06T22:25:57+00:00\",\"dateModified\":\"2012-08-08T19:48:26+00:00\",\"mainEntityOfPage\":{\"@id\":\"https:\/\/www.padreydecano.com\/cms\/3era-division\/se-fijaron-las-finales-de-tercera-division\/\"},\"wordCount\":101,\"commentCount\":7,\"publisher\":{\"@id\":\"https:\/\/www.padreydecano.com\/cms\/#organization\"},\"image\":{\"@id\":\"https:\/\/www.padreydecano.com\/cms\/3era-division\/se-fijaron-las-finales-de-tercera-division\/#primaryimage\"},\"thumbnailUrl\":\"https:\/\/www.padreydecano.com\/cms\/wp-content\/uploads\/2012\/08\/fonal-tercera2.jpg\",\"articleSection\":[\"3era Divisi\u00f3n\"],\"inLanguage\":\"es\",\"potentialAction\":[{\"@type\":\"CommentAction\",\"name\":\"Comment\",\"target\":[\"https:\/\/www.padreydecano.com\/cms\/3era-division\/se-fijaron-las-finales-de-tercera-division\/#respond\"]}]},{\"@type\":\"WebPage\",\"@id\":\"https:\/\/www.padreydecano.com\/cms\/3era-division\/se-fijaron-las-finales-de-tercera-division\/\",\"url\":\"https:\/\/www.padreydecano.com\/cms\/3era-division\/se-fijaron-las-finales-de-tercera-division\/\",\"name\":\"Se fijaron las finales de Tercera Divisi\u00f3n - Padre y Decano - El Sitio del Pueblo\",\"isPartOf\":{\"@id\":\"https:\/\/www.padreydecano.com\/cms\/#website\"},\"primaryImageOfPage\":{\"@id\":\"https:\/\/www.padreydecano.com\/cms\/3era-division\/se-fijaron-las-finales-de-tercera-division\/#primaryimage\"},\"image\":{\"@id\":\"https:\/\/www.padreydecano.com\/cms\/3era-division\/se-fijaron-las-finales-de-tercera-division\/#primaryimage\"},\"thumbnailUrl\":\"https:\/\/www.padreydecano.com\/cms\/wp-content\/uploads\/2012\/08\/fonal-tercera2.jpg\",\"datePublished\":\"2012-08-06T22:25:57+00:00\",\"dateModified\":\"2012-08-08T19:48:26+00:00\",\"breadcrumb\":{\"@id\":\"https:\/\/www.padreydecano.com\/cms\/3era-division\/se-fijaron-las-finales-de-tercera-division\/#breadcrumb\"},\"inLanguage\":\"es\",\"potentialAction\":[{\"@type\":\"ReadAction\",\"target\":[\"https:\/\/www.padreydecano.com\/cms\/3era-division\/se-fijaron-las-finales-de-tercera-division\/\"]}]},{\"@type\":\"ImageObject\",\"inLanguage\":\"es\",\"@id\":\"https:\/\/www.padreydecano.com\/cms\/3era-division\/se-fijaron-las-finales-de-tercera-division\/#primaryimage\",\"url\":\"https:\/\/www.padreydecano.com\/cms\/wp-content\/uploads\/2012\/08\/fonal-tercera2.jpg\",\"contentUrl\":\"https:\/\/www.padreydecano.com\/cms\/wp-content\/uploads\/2012\/08\/fonal-tercera2.jpg\",\"width\":\"800\",\"height\":\"532\"},{\"@type\":\"BreadcrumbList\",\"@id\":\"https:\/\/www.padreydecano.com\/cms\/3era-division\/se-fijaron-las-finales-de-tercera-division\/#breadcrumb\",\"itemListElement\":[{\"@type\":\"ListItem\",\"position\":1,\"name\":\"Portada\",\"item\":\"https:\/\/www.padreydecano.com\/cms\/\"},{\"@type\":\"ListItem\",\"position\":2,\"name\":\"Se fijaron las finales de Tercera Divisi\u00f3n\"}]},{\"@type\":\"WebSite\",\"@id\":\"https:\/\/www.padreydecano.com\/cms\/#website\",\"url\":\"https:\/\/www.padreydecano.com\/cms\/\",\"name\":\"Padre y Decano - El Sitio del Pueblo\",\"description\":\"Club Atl\u00e9tico Pe\u00f1arol\",\"publisher\":{\"@id\":\"https:\/\/www.padreydecano.com\/cms\/#organization\"},\"potentialAction\":[{\"@type\":\"SearchAction\",\"target\":{\"@type\":\"EntryPoint\",\"urlTemplate\":\"https:\/\/www.padreydecano.com\/cms\/?s={search_term_string}\"},\"query-input\":\"required name=search_term_string\"}],\"inLanguage\":\"es\"},{\"@type\":\"Organization\",\"@id\":\"https:\/\/www.padreydecano.com\/cms\/#organization\",\"name\":\"Padre y Decano\",\"url\":\"https:\/\/www.padreydecano.com\/cms\/\",\"logo\":{\"@type\":\"ImageObject\",\"inLanguage\":\"es\",\"@id\":\"https:\/\/www.padreydecano.com\/cms\/#\/schema\/logo\/image\/\",\"url\":\"https:\/\/www.padreydecano.com\/cms\/wp-content\/uploads\/2022\/01\/avatar-square.png\",\"contentUrl\":\"https:\/\/www.padreydecano.com\/cms\/wp-content\/uploads\/2022\/01\/avatar-square.png\",\"width\":1500,\"height\":1500,\"caption\":\"Padre y Decano\"},\"image\":{\"@id\":\"https:\/\/www.padreydecano.com\/cms\/#\/schema\/logo\/image\/\"}},{\"@type\":\"Person\",\"@id\":\"https:\/\/www.padreydecano.com\/cms\/#\/schema\/person\/d93e9e537230ae052c194251d9a1def2\",\"name\":\"Moderador\",\"image\":{\"@type\":\"ImageObject\",\"inLanguage\":\"es\",\"@id\":\"https:\/\/www.padreydecano.com\/cms\/#\/schema\/person\/image\/\",\"url\":\"https:\/\/secure.gravatar.com\/avatar\/2587727bf8a53bd3da4ec49f01bea66e?s=96&d=https%3A%2F%2Fpadreydecano.com%2Fcms%2Fwp-content%2Fthemes%2Fpyd-theme%2Fimg%2Fdefault-avatar.png&r=g\",\"contentUrl\":\"https:\/\/secure.gravatar.com\/avatar\/2587727bf8a53bd3da4ec49f01bea66e?s=96&d=https%3A%2F%2Fpadreydecano.com%2Fcms%2Fwp-content%2Fthemes%2Fpyd-theme%2Fimg%2Fdefault-avatar.png&r=g\",\"caption\":\"Moderador\"}}]}<\/script>\n<!-- \/ Yoast SEO plugin. -->","yoast_head_json":{"title":"Se fijaron las finales de Tercera Divisi\u00f3n - Padre y Decano - El Sitio del Pueblo","robots":{"index":"index","follow":"follow","max-snippet":"max-snippet:-1","max-image-preview":"max-image-preview:large","max-video-preview":"max-video-preview:-1"},"canonical":"https:\/\/www.padreydecano.com\/cms\/3era-division\/se-fijaron-las-finales-de-tercera-division\/","og_locale":"es_ES","og_type":"article","og_title":"Se fijaron las finales de Tercera Divisi\u00f3n - Padre y Decano - El Sitio del Pueblo","og_description":"La definici\u00f3n de Tercera Divisi\u00f3n tiene fecha, hora y lugar. Este mi\u00e9rcoles seremos locales y estaremos recibiendo a Defensor Sporting en Las Acacias desde las 15:00 hs mientras que el domingo estaremos visitando a los violetas en el Estadio Franzini desde las 14:00 hs. Recordamos que al haber perdido la primera final\/semifinal, se perdi\u00f3 tambi\u00e9n [&hellip;]","og_url":"https:\/\/www.padreydecano.com\/cms\/3era-division\/se-fijaron-las-finales-de-tercera-division\/","og_site_name":"Padre y Decano - El Sitio del Pueblo","article_published_time":"2012-08-06T22:25:57+00:00","article_modified_time":"2012-08-08T19:48:26+00:00","og_image":[{"width":800,"height":532,"url":"https:\/\/www.padreydecano.com\/cms\/wp-content\/uploads\/2012\/08\/fonal-tercera2.jpg","type":"image\/jpeg"}],"author":"Moderador","twitter_card":"summary_large_image","twitter_misc":{"Escrito por":"Moderador"},"schema":{"@context":"https:\/\/schema.org","@graph":[{"@type":"Article","@id":"https:\/\/www.padreydecano.com\/cms\/3era-division\/se-fijaron-las-finales-de-tercera-division\/#article","isPartOf":{"@id":"https:\/\/www.padreydecano.com\/cms\/3era-division\/se-fijaron-las-finales-de-tercera-division\/"},"author":{"name":"Moderador","@id":"https:\/\/www.padreydecano.com\/cms\/#\/schema\/person\/d93e9e537230ae052c194251d9a1def2"},"headline":"Se fijaron las finales de Tercera Divisi\u00f3n","datePublished":"2012-08-06T22:25:57+00:00","dateModified":"2012-08-08T19:48:26+00:00","mainEntityOfPage":{"@id":"https:\/\/www.padreydecano.com\/cms\/3era-division\/se-fijaron-las-finales-de-tercera-division\/"},"wordCount":101,"commentCount":7,"publisher":{"@id":"https:\/\/www.padreydecano.com\/cms\/#organization"},"image":{"@id":"https:\/\/www.padreydecano.com\/cms\/3era-division\/se-fijaron-las-finales-de-tercera-division\/#primaryimage"},"thumbnailUrl":"https:\/\/www.padreydecano.com\/cms\/wp-content\/uploads\/2012\/08\/fonal-tercera2.jpg","articleSection":["3era Divisi\u00f3n"],"inLanguage":"es","potentialAction":[{"@type":"CommentAction","name":"Comment","target":["https:\/\/www.padreydecano.com\/cms\/3era-division\/se-fijaron-las-finales-de-tercera-division\/#respond"]}]},{"@type":"WebPage","@id":"https:\/\/www.padreydecano.com\/cms\/3era-division\/se-fijaron-las-finales-de-tercera-division\/","url":"https:\/\/www.padreydecano.com\/cms\/3era-division\/se-fijaron-las-finales-de-tercera-division\/","name":"Se fijaron las finales de Tercera Divisi\u00f3n - Padre y Decano - El Sitio del Pueblo","isPartOf":{"@id":"https:\/\/www.padreydecano.com\/cms\/#website"},"primaryImageOfPage":{"@id":"https:\/\/www.padreydecano.com\/cms\/3era-division\/se-fijaron-las-finales-de-tercera-division\/#primaryimage"},"image":{"@id":"https:\/\/www.padreydecano.com\/cms\/3era-division\/se-fijaron-las-finales-de-tercera-division\/#primaryimage"},"thumbnailUrl":"https:\/\/www.padreydecano.com\/cms\/wp-content\/uploads\/2012\/08\/fonal-tercera2.jpg","datePublished":"2012-08-06T22:25:57+00:00","dateModified":"2012-08-08T19:48:26+00:00","breadcrumb":{"@id":"https:\/\/www.padreydecano.com\/cms\/3era-division\/se-fijaron-las-finales-de-tercera-division\/#breadcrumb"},"inLanguage":"es","potentialAction":[{"@type":"ReadAction","target":["https:\/\/www.padreydecano.com\/cms\/3era-division\/se-fijaron-las-finales-de-tercera-division\/"]}]},{"@type":"ImageObject","inLanguage":"es","@id":"https:\/\/www.padreydecano.com\/cms\/3era-division\/se-fijaron-las-finales-de-tercera-division\/#primaryimage","url":"https:\/\/www.padreydecano.com\/cms\/wp-content\/uploads\/2012\/08\/fonal-tercera2.jpg","contentUrl":"https:\/\/www.padreydecano.com\/cms\/wp-content\/uploads\/2012\/08\/fonal-tercera2.jpg","width":"800","height":"532"},{"@type":"BreadcrumbList","@id":"https:\/\/www.padreydecano.com\/cms\/3era-division\/se-fijaron-las-finales-de-tercera-division\/#breadcrumb","itemListElement":[{"@type":"ListItem","position":1,"name":"Portada","item":"https:\/\/www.padreydecano.com\/cms\/"},{"@type":"ListItem","position":2,"name":"Se fijaron las finales de Tercera Divisi\u00f3n"}]},{"@type":"WebSite","@id":"https:\/\/www.padreydecano.com\/cms\/#website","url":"https:\/\/www.padreydecano.com\/cms\/","name":"Padre y Decano - El Sitio del Pueblo","description":"Club Atl\u00e9tico Pe\u00f1arol","publisher":{"@id":"https:\/\/www.padreydecano.com\/cms\/#organization"},"potentialAction":[{"@type":"SearchAction","target":{"@type":"EntryPoint","urlTemplate":"https:\/\/www.padreydecano.com\/cms\/?s={search_term_string}"},"query-input":"required name=search_term_string"}],"inLanguage":"es"},{"@type":"Organization","@id":"https:\/\/www.padreydecano.com\/cms\/#organization","name":"Padre y Decano","url":"https:\/\/www.padreydecano.com\/cms\/","logo":{"@type":"ImageObject","inLanguage":"es","@id":"https:\/\/www.padreydecano.com\/cms\/#\/schema\/logo\/image\/","url":"https:\/\/www.padreydecano.com\/cms\/wp-content\/uploads\/2022\/01\/avatar-square.png","contentUrl":"https:\/\/www.padreydecano.com\/cms\/wp-content\/uploads\/2022\/01\/avatar-square.png","width":1500,"height":1500,"caption":"Padre y Decano"},"image":{"@id":"https:\/\/www.padreydecano.com\/cms\/#\/schema\/logo\/image\/"}},{"@type":"Person","@id":"https:\/\/www.padreydecano.com\/cms\/#\/schema\/person\/d93e9e537230ae052c194251d9a1def2","name":"Moderador","image":{"@type":"ImageObject","inLanguage":"es","@id":"https:\/\/www.padreydecano.com\/cms\/#\/schema\/person\/image\/","url":"https:\/\/secure.gravatar.com\/avatar\/2587727bf8a53bd3da4ec49f01bea66e?s=96&d=https%3A%2F%2Fpadreydecano.com%2Fcms%2Fwp-content%2Fthemes%2Fpyd-theme%2Fimg%2Fdefault-avatar.png&r=g","contentUrl":"https:\/\/secure.gravatar.com\/avatar\/2587727bf8a53bd3da4ec49f01bea66e?s=96&d=https%3A%2F%2Fpadreydecano.com%2Fcms%2Fwp-content%2Fthemes%2Fpyd-theme%2Fimg%2Fdefault-avatar.png&r=g","caption":"Moderador"}}]}},"_links":{"self":[{"href":"https:\/\/www.padreydecano.com\/cms\/wp-json\/wp\/v2\/posts\/27648"}],"collection":[{"href":"https:\/\/www.padreydecano.com\/cms\/wp-json\/wp\/v2\/posts"}],"about":[{"href":"https:\/\/www.padreydecano.com\/cms\/wp-json\/wp\/v2\/types\/post"}],"author":[{"embeddable":true,"href":"https:\/\/www.padreydecano.com\/cms\/wp-json\/wp\/v2\/users\/13"}],"replies":[{"embeddable":true,"href":"https:\/\/www.padreydecano.com\/cms\/wp-json\/wp\/v2\/comments?post=27648"}],"version-history":[{"count":0,"href":"https:\/\/www.padreydecano.com\/cms\/wp-json\/wp\/v2\/posts\/27648\/revisions"}],"wp:featuredmedia":[{"embeddable":true,"href":"https:\/\/www.padreydecano.com\/cms\/wp-json\/wp\/v2\/media\/27526"}],"wp:attachment":[{"href":"https:\/\/www.padreydecano.com\/cms\/wp-json\/wp\/v2\/media?parent=27648"}],"wp:term":[{"taxonomy":"category","embeddable":true,"href":"https:\/\/www.padreydecano.com\/cms\/wp-json\/wp\/v2\/categories?post=27648"},{"taxonomy":"post_tag","embeddable":true,"href":"https:\/\/www.padreydecano.com\/cms\/wp-json\/wp\/v2\/tags?post=27648"}],"curies":[{"name":"wp","href":"https:\/\/api.w.org\/{rel}","templated":true}]}}