{"id":27638,"date":"2012-08-06T15:42:44","date_gmt":"2012-08-06T18:42:44","guid":{"rendered":"http:\/\/www.padreydecano.com\/cms\/?p=27638"},"modified":"2012-08-06T15:55:24","modified_gmt":"2012-08-06T18:55:24","slug":"de-exportacion","status":"publish","type":"post","link":"https:\/\/www.padreydecano.com\/cms\/noticias\/de-exportacion\/","title":{"rendered":"De exportaci\u00f3n"},"content":{"rendered":"<p style=\"text-align: justify;\">Mientras se espera por la llegada de un golero y un puntero para terminar de cerrar el tema de las incorporaciones, tres jugadores del plantel surgidos de las inferiores tienen chances de emigrar. Ellos son <strong>Alejandro Gonz\u00e1lez, Emiliano Alb\u00edn y Sebasti\u00e1n Crist\u00f3foro<\/strong> quienes tienen ofertas del futbol franc\u00e9s, argentino e italiano respectivamente.<\/p>\n<p style=\"text-align: justify;\"><strong><img loading=\"lazy\" decoding=\"async\" class=\"alignright  wp-image-24545\" src=\"https:\/\/www.padreydecano.com\/cms\/wp-content\/uploads\/2012\/06\/DSC_0322-Copiar-300x199.jpg\" alt=\"\" width=\"240\" height=\"158\" \/><span style=\"color: #ffcc00;\">Alejandro Gonz\u00e1lez<\/span><\/strong> fue ascendido en la temporada 2006\/2007 por Gregorio P\u00e9rez integrando el banco de suplentes por primera vez el 8\/10\/2006 en el empate a 3 con River por la s\u00e9ptima fecha del Apertura y finalmente <strong>debutando oficialmente el 18\/2\/2007, frente a Defensor Sporting en el Franzini.<\/strong> Para el Clausura 2008, al no tener lugar en Pe\u00f1arol, fue cedido a pr\u00e9stamo a Tacuaremb\u00f3 para adquirir experiencia y luego de hacer un buen campeonato en el conjunto del norte, Sporting Cristal de Per\u00fa se interes\u00f3 en \u00e9l y las tierras incaicas fueron su nuevo destino, a donde fue cedido a pr\u00e9stamo por un a\u00f1o y medio. Volvi\u00f3 al club para el Clausura 2010, donde fue fundamental ingresando como titular en las dos finales en reemplazo de Gerardo Alcoba para conquistar el t\u00edtulo de campe\u00f3n. Al a\u00f1o siguiente logr\u00f3 el vicecampeonato de Am\u00e9rica con una excelente actuaci\u00f3n por el lateral derecho. Hoy, con 24 a\u00f1os, es uno de los referentes del plantel.<\/p>\n<p style=\"text-align: justify;\"><strong><img loading=\"lazy\" decoding=\"async\" class=\"alignleft  wp-image-19874\" src=\"https:\/\/www.padreydecano.com\/cms\/wp-content\/uploads\/2012\/03\/010-Copiar-225x300.jpg\" alt=\"\" width=\"144\" height=\"192\" srcset=\"https:\/\/www.padreydecano.com\/cms\/wp-content\/uploads\/2012\/03\/010-Copiar-225x300.jpg 225w, https:\/\/www.padreydecano.com\/cms\/wp-content\/uploads\/2012\/03\/010-Copiar.jpg 600w\" sizes=\"(max-width: 144px) 100vw, 144px\" \/><span style=\"color: #ffcc00;\">Emiliano Alb\u00edn<\/span><\/strong> hizo su debut con la camiseta aurinegra el 23\/8\/2009 en la victoria ante Wanderers por 2 a 0, en uno de los \u00faltimos partidos de Julio Ribas como director t\u00e9cnico de Pe\u00f1arol con un \u00abalentador debut del joven punta de 20 a\u00f1os, recostado como volante a la izquierda. Trabaj\u00f3 con aplicaci\u00f3n y din\u00e1mica\u00bb\u00a0seg\u00fan\u00a0<a href=\"http:\/\/www.tenfieldigital.com.uy\/TenfielDigital\/servlet\/hntdide?0,5,5,3797,60120,1,1,0\" target=\"_blank\">la cr\u00f3nica del partido de Tenfield.<\/a>\u00a0En estos tres a\u00f1os que lleva en la primera del decano, se ha destacado por su polifuncionalidad ya que, aunque arranc\u00f3 su carrera como delantero, en la primera de Pe\u00f1arol jug\u00f3 de lateral y de volante por las dos puntas, de doble 5, hasta formando una l\u00ednea de 3 en pasajes de algunos partidos. Sus mejores actuaciones se vieron en los primeros partidos del Apertura 2011 cuando Diego Aguirre lo utiliz\u00f3 en la posici\u00f3n en la que se siente m\u00e1s c\u00f3modo: volante. En esa serie de cuatro encuentros antes de la partida del t\u00e9cnico a Qatar, logr\u00f3 su primer, y hasta ahora \u00fanico, gol en primera frente a Bella Vista y los medios de prensa lo elogiaron cont\u00ednuamente por su gran rendimiento. Esas buenas actuaciones lo llevaron a ser convocado a los Panamericanos de Brasil 2011 y a los recientes Juegos Ol\u00edmpicos de Londres.<\/p>\n<p style=\"text-align: justify;\"><strong><img loading=\"lazy\" decoding=\"async\" class=\"alignright  wp-image-12441\" src=\"https:\/\/www.padreydecano.com\/cms\/wp-content\/uploads\/2012\/01\/IMG_3427-Copiar-300x199.jpg\" alt=\"\" width=\"231\" height=\"153\" srcset=\"https:\/\/www.padreydecano.com\/cms\/wp-content\/uploads\/2012\/01\/IMG_3427-Copiar-300x199.jpg 300w, https:\/\/www.padreydecano.com\/cms\/wp-content\/uploads\/2012\/01\/IMG_3427-Copiar.jpg 800w\" sizes=\"(max-width: 231px) 100vw, 231px\" \/><span style=\"color: #ffcc00;\">Sebasti\u00e1n Crist\u00f3foro<\/span><\/strong> tuvo sus primeros minutos en el regreso de Gregorio P\u00e9rez a la direcci\u00f3n t\u00e9cnica de Pe\u00f1arol frente a Racing el 11 de setiembre del a\u00f1o pasado, y ya desde el comienzo se destac\u00f3 por su \u00f3rden t\u00e1ctico y su precisi\u00f3n en los pases, gan\u00e1ndose la titularidad r\u00e1pidamente en la mitad de la cancha y convirti\u00e9ndose en uno de los puntos m\u00e1s altos del equipo en la \u00faltima temporada. Con tan s\u00f3lo 18 a\u00f1os, es considerado por muchos como el juvenil con m\u00e1s futuro que tiene Pe\u00f1arol en sus filas, lo que lo ha llevado a ser titular en el seleccionado sub 20 que se prepara para el sudamericano de esa categor\u00eda. En los amistosos de pretemporada fue incluido como titular por el Polilla Da Silva junto a Sebasti\u00e1n V\u00e1zquez por lo que se puede notar que va a ser tomando en cuenta a la hora de definir el once inicial para el campeonato que se viene.<\/p>\n<p style=\"text-align: justify;\">En este momento, los tres son fundamentales en el equipo y su partida generar\u00eda la b\u00fasqueda de nuevas incorporaciones para ocupar su lugar; pero a la vez, ser\u00eda un buen ingreso de dinero para las arcas del club, que no se ha caracterizado por la cantidad de juveniles transferidos al exterior en los \u00faltimos tiempos con las excepciones de Mat\u00edas Aguirregaray, Gast\u00f3n Ramirez y la reciente partida de Emilio Mac Eachen al Parma.<\/p>\n<p style=\"text-align: justify;\"><strong><span style=\"color: #ffcc00;\">\u00bfQue\u00a0opin\u00e1s\u00a0de estos tres jugadores? \u00bfHay que venderlos ahora o retenerlos? \u00bfQu\u00e9 precio fijar\u00edas para cada jugador?<\/span><\/strong><\/p>\n","protected":false},"excerpt":{"rendered":"<p>Mientras se espera por la llegada de un golero y un puntero para terminar de cerrar el tema de las incorporaciones, tres jugadores del plantel surgidos de las inferiores tienen chances de emigrar. Ellos son Alejandro Gonz\u00e1lez, Emiliano Alb\u00edn y Sebasti\u00e1n Crist\u00f3foro quienes tienen ofertas del futbol franc\u00e9s, argentino e italiano respectivamente. Alejandro Gonz\u00e1lez fue [&hellip;]<\/p>\n","protected":false},"author":3,"featured_media":24545,"comment_status":"open","ping_status":"closed","sticky":false,"template":"","format":"standard","meta":{"footnotes":""},"categories":[1],"tags":[26],"yoast_head":"<!-- This site is optimized with the Yoast SEO plugin v23.2 - https:\/\/yoast.com\/wordpress\/plugins\/seo\/ -->\n<title>De exportaci\u00f3n - Padre y Decano - El Sitio del Pueblo<\/title>\n<meta name=\"robots\" content=\"index, follow, max-snippet:-1, max-image-preview:large, max-video-preview:-1\" \/>\n<link rel=\"canonical\" href=\"https:\/\/www.padreydecano.com\/cms\/noticias\/de-exportacion\/\" \/>\n<meta property=\"og:locale\" content=\"es_ES\" \/>\n<meta property=\"og:type\" content=\"article\" \/>\n<meta property=\"og:title\" content=\"De exportaci\u00f3n - Padre y Decano - El Sitio del Pueblo\" \/>\n<meta property=\"og:description\" content=\"Mientras se espera por la llegada de un golero y un puntero para terminar de cerrar el tema de las incorporaciones, tres jugadores del plantel surgidos de las inferiores tienen chances de emigrar. Ellos son Alejandro Gonz\u00e1lez, Emiliano Alb\u00edn y Sebasti\u00e1n Crist\u00f3foro quienes tienen ofertas del futbol franc\u00e9s, argentino e italiano respectivamente. Alejandro Gonz\u00e1lez fue [&hellip;]\" \/>\n<meta property=\"og:url\" content=\"https:\/\/www.padreydecano.com\/cms\/noticias\/de-exportacion\/\" \/>\n<meta property=\"og:site_name\" content=\"Padre y Decano - El Sitio del Pueblo\" \/>\n<meta property=\"article:published_time\" content=\"2012-08-06T18:42:44+00:00\" \/>\n<meta property=\"article:modified_time\" content=\"2012-08-06T18:55:24+00:00\" \/>\n<meta property=\"og:image\" content=\"https:\/\/www.padreydecano.com\/cms\/wp-content\/uploads\/2012\/06\/DSC_0322-Copiar.jpg\" \/>\n\t<meta property=\"og:image:width\" content=\"800\" \/>\n\t<meta property=\"og:image:height\" content=\"532\" \/>\n\t<meta property=\"og:image:type\" content=\"image\/jpeg\" \/>\n<meta name=\"author\" content=\"1891\" \/>\n<meta name=\"twitter:card\" content=\"summary_large_image\" \/>\n<meta name=\"twitter:label1\" content=\"Escrito por\" \/>\n\t<meta name=\"twitter:data1\" content=\"1891\" \/>\n\t<meta name=\"twitter:label2\" content=\"Tiempo de lectura\" \/>\n\t<meta name=\"twitter:data2\" content=\"4 minutos\" \/>\n<script type=\"application\/ld+json\" class=\"yoast-schema-graph\">{\"@context\":\"https:\/\/schema.org\",\"@graph\":[{\"@type\":\"Article\",\"@id\":\"https:\/\/www.padreydecano.com\/cms\/noticias\/de-exportacion\/#article\",\"isPartOf\":{\"@id\":\"https:\/\/www.padreydecano.com\/cms\/noticias\/de-exportacion\/\"},\"author\":{\"name\":\"1891\",\"@id\":\"https:\/\/www.padreydecano.com\/cms\/#\/schema\/person\/5607c72c38a1537a151b24d1e67535e0\"},\"headline\":\"De exportaci\u00f3n\",\"datePublished\":\"2012-08-06T18:42:44+00:00\",\"dateModified\":\"2012-08-06T18:55:24+00:00\",\"mainEntityOfPage\":{\"@id\":\"https:\/\/www.padreydecano.com\/cms\/noticias\/de-exportacion\/\"},\"wordCount\":714,\"commentCount\":26,\"publisher\":{\"@id\":\"https:\/\/www.padreydecano.com\/cms\/#organization\"},\"image\":{\"@id\":\"https:\/\/www.padreydecano.com\/cms\/noticias\/de-exportacion\/#primaryimage\"},\"thumbnailUrl\":\"https:\/\/www.padreydecano.com\/cms\/wp-content\/uploads\/2012\/06\/DSC_0322-Copiar.jpg\",\"keywords\":[\"Mercado de pases\"],\"articleSection\":[\"Noticias\"],\"inLanguage\":\"es\",\"potentialAction\":[{\"@type\":\"CommentAction\",\"name\":\"Comment\",\"target\":[\"https:\/\/www.padreydecano.com\/cms\/noticias\/de-exportacion\/#respond\"]}]},{\"@type\":\"WebPage\",\"@id\":\"https:\/\/www.padreydecano.com\/cms\/noticias\/de-exportacion\/\",\"url\":\"https:\/\/www.padreydecano.com\/cms\/noticias\/de-exportacion\/\",\"name\":\"De exportaci\u00f3n - Padre y Decano - El Sitio del Pueblo\",\"isPartOf\":{\"@id\":\"https:\/\/www.padreydecano.com\/cms\/#website\"},\"primaryImageOfPage\":{\"@id\":\"https:\/\/www.padreydecano.com\/cms\/noticias\/de-exportacion\/#primaryimage\"},\"image\":{\"@id\":\"https:\/\/www.padreydecano.com\/cms\/noticias\/de-exportacion\/#primaryimage\"},\"thumbnailUrl\":\"https:\/\/www.padreydecano.com\/cms\/wp-content\/uploads\/2012\/06\/DSC_0322-Copiar.jpg\",\"datePublished\":\"2012-08-06T18:42:44+00:00\",\"dateModified\":\"2012-08-06T18:55:24+00:00\",\"breadcrumb\":{\"@id\":\"https:\/\/www.padreydecano.com\/cms\/noticias\/de-exportacion\/#breadcrumb\"},\"inLanguage\":\"es\",\"potentialAction\":[{\"@type\":\"ReadAction\",\"target\":[\"https:\/\/www.padreydecano.com\/cms\/noticias\/de-exportacion\/\"]}]},{\"@type\":\"ImageObject\",\"inLanguage\":\"es\",\"@id\":\"https:\/\/www.padreydecano.com\/cms\/noticias\/de-exportacion\/#primaryimage\",\"url\":\"https:\/\/www.padreydecano.com\/cms\/wp-content\/uploads\/2012\/06\/DSC_0322-Copiar.jpg\",\"contentUrl\":\"https:\/\/www.padreydecano.com\/cms\/wp-content\/uploads\/2012\/06\/DSC_0322-Copiar.jpg\",\"width\":\"800\",\"height\":\"532\"},{\"@type\":\"BreadcrumbList\",\"@id\":\"https:\/\/www.padreydecano.com\/cms\/noticias\/de-exportacion\/#breadcrumb\",\"itemListElement\":[{\"@type\":\"ListItem\",\"position\":1,\"name\":\"Portada\",\"item\":\"https:\/\/www.padreydecano.com\/cms\/\"},{\"@type\":\"ListItem\",\"position\":2,\"name\":\"De exportaci\u00f3n\"}]},{\"@type\":\"WebSite\",\"@id\":\"https:\/\/www.padreydecano.com\/cms\/#website\",\"url\":\"https:\/\/www.padreydecano.com\/cms\/\",\"name\":\"Padre y Decano - El Sitio del Pueblo\",\"description\":\"Club Atl\u00e9tico Pe\u00f1arol\",\"publisher\":{\"@id\":\"https:\/\/www.padreydecano.com\/cms\/#organization\"},\"potentialAction\":[{\"@type\":\"SearchAction\",\"target\":{\"@type\":\"EntryPoint\",\"urlTemplate\":\"https:\/\/www.padreydecano.com\/cms\/?s={search_term_string}\"},\"query-input\":\"required name=search_term_string\"}],\"inLanguage\":\"es\"},{\"@type\":\"Organization\",\"@id\":\"https:\/\/www.padreydecano.com\/cms\/#organization\",\"name\":\"Padre y Decano\",\"url\":\"https:\/\/www.padreydecano.com\/cms\/\",\"logo\":{\"@type\":\"ImageObject\",\"inLanguage\":\"es\",\"@id\":\"https:\/\/www.padreydecano.com\/cms\/#\/schema\/logo\/image\/\",\"url\":\"https:\/\/www.padreydecano.com\/cms\/wp-content\/uploads\/2022\/01\/avatar-square.png\",\"contentUrl\":\"https:\/\/www.padreydecano.com\/cms\/wp-content\/uploads\/2022\/01\/avatar-square.png\",\"width\":1500,\"height\":1500,\"caption\":\"Padre y Decano\"},\"image\":{\"@id\":\"https:\/\/www.padreydecano.com\/cms\/#\/schema\/logo\/image\/\"}},{\"@type\":\"Person\",\"@id\":\"https:\/\/www.padreydecano.com\/cms\/#\/schema\/person\/5607c72c38a1537a151b24d1e67535e0\",\"name\":\"1891\",\"image\":{\"@type\":\"ImageObject\",\"inLanguage\":\"es\",\"@id\":\"https:\/\/www.padreydecano.com\/cms\/#\/schema\/person\/image\/\",\"url\":\"https:\/\/secure.gravatar.com\/avatar\/29d4d1b0d523a21898e8cf9585d259d3?s=96&d=https%3A%2F%2Fpadreydecano.com%2Fcms%2Fwp-content%2Fthemes%2Fpyd-theme%2Fimg%2Fdefault-avatar.png&r=g\",\"contentUrl\":\"https:\/\/secure.gravatar.com\/avatar\/29d4d1b0d523a21898e8cf9585d259d3?s=96&d=https%3A%2F%2Fpadreydecano.com%2Fcms%2Fwp-content%2Fthemes%2Fpyd-theme%2Fimg%2Fdefault-avatar.png&r=g\",\"caption\":\"1891\"}}]}<\/script>\n<!-- \/ Yoast SEO plugin. -->","yoast_head_json":{"title":"De exportaci\u00f3n - Padre y Decano - El Sitio del Pueblo","robots":{"index":"index","follow":"follow","max-snippet":"max-snippet:-1","max-image-preview":"max-image-preview:large","max-video-preview":"max-video-preview:-1"},"canonical":"https:\/\/www.padreydecano.com\/cms\/noticias\/de-exportacion\/","og_locale":"es_ES","og_type":"article","og_title":"De exportaci\u00f3n - Padre y Decano - El Sitio del Pueblo","og_description":"Mientras se espera por la llegada de un golero y un puntero para terminar de cerrar el tema de las incorporaciones, tres jugadores del plantel surgidos de las inferiores tienen chances de emigrar. Ellos son Alejandro Gonz\u00e1lez, Emiliano Alb\u00edn y Sebasti\u00e1n Crist\u00f3foro quienes tienen ofertas del futbol franc\u00e9s, argentino e italiano respectivamente. Alejandro Gonz\u00e1lez fue [&hellip;]","og_url":"https:\/\/www.padreydecano.com\/cms\/noticias\/de-exportacion\/","og_site_name":"Padre y Decano - El Sitio del Pueblo","article_published_time":"2012-08-06T18:42:44+00:00","article_modified_time":"2012-08-06T18:55:24+00:00","og_image":[{"width":800,"height":532,"url":"https:\/\/www.padreydecano.com\/cms\/wp-content\/uploads\/2012\/06\/DSC_0322-Copiar.jpg","type":"image\/jpeg"}],"author":"1891","twitter_card":"summary_large_image","twitter_misc":{"Escrito por":"1891","Tiempo de lectura":"4 minutos"},"schema":{"@context":"https:\/\/schema.org","@graph":[{"@type":"Article","@id":"https:\/\/www.padreydecano.com\/cms\/noticias\/de-exportacion\/#article","isPartOf":{"@id":"https:\/\/www.padreydecano.com\/cms\/noticias\/de-exportacion\/"},"author":{"name":"1891","@id":"https:\/\/www.padreydecano.com\/cms\/#\/schema\/person\/5607c72c38a1537a151b24d1e67535e0"},"headline":"De exportaci\u00f3n","datePublished":"2012-08-06T18:42:44+00:00","dateModified":"2012-08-06T18:55:24+00:00","mainEntityOfPage":{"@id":"https:\/\/www.padreydecano.com\/cms\/noticias\/de-exportacion\/"},"wordCount":714,"commentCount":26,"publisher":{"@id":"https:\/\/www.padreydecano.com\/cms\/#organization"},"image":{"@id":"https:\/\/www.padreydecano.com\/cms\/noticias\/de-exportacion\/#primaryimage"},"thumbnailUrl":"https:\/\/www.padreydecano.com\/cms\/wp-content\/uploads\/2012\/06\/DSC_0322-Copiar.jpg","keywords":["Mercado de pases"],"articleSection":["Noticias"],"inLanguage":"es","potentialAction":[{"@type":"CommentAction","name":"Comment","target":["https:\/\/www.padreydecano.com\/cms\/noticias\/de-exportacion\/#respond"]}]},{"@type":"WebPage","@id":"https:\/\/www.padreydecano.com\/cms\/noticias\/de-exportacion\/","url":"https:\/\/www.padreydecano.com\/cms\/noticias\/de-exportacion\/","name":"De exportaci\u00f3n - Padre y Decano - El Sitio del Pueblo","isPartOf":{"@id":"https:\/\/www.padreydecano.com\/cms\/#website"},"primaryImageOfPage":{"@id":"https:\/\/www.padreydecano.com\/cms\/noticias\/de-exportacion\/#primaryimage"},"image":{"@id":"https:\/\/www.padreydecano.com\/cms\/noticias\/de-exportacion\/#primaryimage"},"thumbnailUrl":"https:\/\/www.padreydecano.com\/cms\/wp-content\/uploads\/2012\/06\/DSC_0322-Copiar.jpg","datePublished":"2012-08-06T18:42:44+00:00","dateModified":"2012-08-06T18:55:24+00:00","breadcrumb":{"@id":"https:\/\/www.padreydecano.com\/cms\/noticias\/de-exportacion\/#breadcrumb"},"inLanguage":"es","potentialAction":[{"@type":"ReadAction","target":["https:\/\/www.padreydecano.com\/cms\/noticias\/de-exportacion\/"]}]},{"@type":"ImageObject","inLanguage":"es","@id":"https:\/\/www.padreydecano.com\/cms\/noticias\/de-exportacion\/#primaryimage","url":"https:\/\/www.padreydecano.com\/cms\/wp-content\/uploads\/2012\/06\/DSC_0322-Copiar.jpg","contentUrl":"https:\/\/www.padreydecano.com\/cms\/wp-content\/uploads\/2012\/06\/DSC_0322-Copiar.jpg","width":"800","height":"532"},{"@type":"BreadcrumbList","@id":"https:\/\/www.padreydecano.com\/cms\/noticias\/de-exportacion\/#breadcrumb","itemListElement":[{"@type":"ListItem","position":1,"name":"Portada","item":"https:\/\/www.padreydecano.com\/cms\/"},{"@type":"ListItem","position":2,"name":"De exportaci\u00f3n"}]},{"@type":"WebSite","@id":"https:\/\/www.padreydecano.com\/cms\/#website","url":"https:\/\/www.padreydecano.com\/cms\/","name":"Padre y Decano - El Sitio del Pueblo","description":"Club Atl\u00e9tico Pe\u00f1arol","publisher":{"@id":"https:\/\/www.padreydecano.com\/cms\/#organization"},"potentialAction":[{"@type":"SearchAction","target":{"@type":"EntryPoint","urlTemplate":"https:\/\/www.padreydecano.com\/cms\/?s={search_term_string}"},"query-input":"required name=search_term_string"}],"inLanguage":"es"},{"@type":"Organization","@id":"https:\/\/www.padreydecano.com\/cms\/#organization","name":"Padre y Decano","url":"https:\/\/www.padreydecano.com\/cms\/","logo":{"@type":"ImageObject","inLanguage":"es","@id":"https:\/\/www.padreydecano.com\/cms\/#\/schema\/logo\/image\/","url":"https:\/\/www.padreydecano.com\/cms\/wp-content\/uploads\/2022\/01\/avatar-square.png","contentUrl":"https:\/\/www.padreydecano.com\/cms\/wp-content\/uploads\/2022\/01\/avatar-square.png","width":1500,"height":1500,"caption":"Padre y Decano"},"image":{"@id":"https:\/\/www.padreydecano.com\/cms\/#\/schema\/logo\/image\/"}},{"@type":"Person","@id":"https:\/\/www.padreydecano.com\/cms\/#\/schema\/person\/5607c72c38a1537a151b24d1e67535e0","name":"1891","image":{"@type":"ImageObject","inLanguage":"es","@id":"https:\/\/www.padreydecano.com\/cms\/#\/schema\/person\/image\/","url":"https:\/\/secure.gravatar.com\/avatar\/29d4d1b0d523a21898e8cf9585d259d3?s=96&d=https%3A%2F%2Fpadreydecano.com%2Fcms%2Fwp-content%2Fthemes%2Fpyd-theme%2Fimg%2Fdefault-avatar.png&r=g","contentUrl":"https:\/\/secure.gravatar.com\/avatar\/29d4d1b0d523a21898e8cf9585d259d3?s=96&d=https%3A%2F%2Fpadreydecano.com%2Fcms%2Fwp-content%2Fthemes%2Fpyd-theme%2Fimg%2Fdefault-avatar.png&r=g","caption":"1891"}}]}},"_links":{"self":[{"href":"https:\/\/www.padreydecano.com\/cms\/wp-json\/wp\/v2\/posts\/27638"}],"collection":[{"href":"https:\/\/www.padreydecano.com\/cms\/wp-json\/wp\/v2\/posts"}],"about":[{"href":"https:\/\/www.padreydecano.com\/cms\/wp-json\/wp\/v2\/types\/post"}],"author":[{"embeddable":true,"href":"https:\/\/www.padreydecano.com\/cms\/wp-json\/wp\/v2\/users\/3"}],"replies":[{"embeddable":true,"href":"https:\/\/www.padreydecano.com\/cms\/wp-json\/wp\/v2\/comments?post=27638"}],"version-history":[{"count":0,"href":"https:\/\/www.padreydecano.com\/cms\/wp-json\/wp\/v2\/posts\/27638\/revisions"}],"wp:featuredmedia":[{"embeddable":true,"href":"https:\/\/www.padreydecano.com\/cms\/wp-json\/wp\/v2\/media\/24545"}],"wp:attachment":[{"href":"https:\/\/www.padreydecano.com\/cms\/wp-json\/wp\/v2\/media?parent=27638"}],"wp:term":[{"taxonomy":"category","embeddable":true,"href":"https:\/\/www.padreydecano.com\/cms\/wp-json\/wp\/v2\/categories?post=27638"},{"taxonomy":"post_tag","embeddable":true,"href":"https:\/\/www.padreydecano.com\/cms\/wp-json\/wp\/v2\/tags?post=27638"}],"curies":[{"name":"wp","href":"https:\/\/api.w.org\/{rel}","templated":true}]}}