{"id":27630,"date":"2012-08-06T12:46:16","date_gmt":"2012-08-06T15:46:16","guid":{"rendered":"http:\/\/www.padreydecano.com\/cms\/?p=27630"},"modified":"2012-08-08T10:20:07","modified_gmt":"2012-08-08T13:20:07","slug":"caimos-en-semifinales-en-el-futbol-7","status":"publish","type":"post","link":"https:\/\/www.padreydecano.com\/cms\/noticias\/caimos-en-semifinales-en-el-futbol-7\/","title":{"rendered":"Ca\u00edmos en semifinales en el F\u00fatbol 7"},"content":{"rendered":"<p style=\"text-align: justify;\"><a href=\"https:\/\/www.padreydecano.com\/cms\/wp-content\/uploads\/2012\/08\/pampero.jpg\" rel=\"shadowbox[sbpost-27630];player=img;\"><img loading=\"lazy\" decoding=\"async\" class=\"alignright  wp-image-27632\" src=\"https:\/\/www.padreydecano.com\/cms\/wp-content\/uploads\/2012\/08\/pampero-300x200.jpg\" alt=\"\" width=\"240\" height=\"160\" srcset=\"https:\/\/www.padreydecano.com\/cms\/wp-content\/uploads\/2012\/08\/pampero-300x200.jpg 300w, https:\/\/www.padreydecano.com\/cms\/wp-content\/uploads\/2012\/08\/pampero.jpg 448w\" sizes=\"(max-width: 240px) 100vw, 240px\" \/><\/a>Ca\u00edmos por 6 a 1 contra el Botafogo en semifinales por el\u00a0 Mundialito de Clubes 2012 de F\u00fatbol 7 que se disput\u00f3 en Rio de Janeiro.<\/p>\n<p style=\"text-align: justify;\">Comenzamos perdiendo desde el inicio del partido tras un zapatazo tremendo de Helcinho que entr\u00f3 en el \u00e1ngulo.<br \/>\nSufrimos mucho los errores propios perdiendo demasiadas pelotas en la salida. Botafogo hizo dos goles m\u00e1s, haciendo cuesta arriba la reacci\u00f3n de Pe\u00f1arol. Pudimos descontar a trav\u00e9s de Pampero, pero luego el rival hizo 3 goles m\u00e1s, liquidando el partido y la ilusi\u00f3n. Resultado final derrota por 6 a 1.<\/p>\n<p style=\"text-align: justify;\">Recordamos que el plantel estuvo integrado por\u00a0<strong>Gianni Barros, Jorge Luis Sena, Ignacio Buggiano, Walter Skurko, Sarandi Sobral (Pampero), Pablo Lamanna, German Parrillo, Fabi\u00e1n Canaveris, Ricardo Mart\u00ednez, Mart\u00edn Hern\u00e1ndez, Mart\u00edn Borloco, V\u00edctor Rodr\u00edguez, Luis Alonso, Nicol\u00e1s Salaberry, Gabriel De Simone y Marcelo Tejera<\/strong>.<\/p>\n<p><strong>\u00a1Buen regreso para todos!<\/strong><\/p>\n","protected":false},"excerpt":{"rendered":"<p>Ca\u00edmos por 6 a 1 contra el Botafogo en semifinales por el\u00a0 Mundialito de Clubes 2012 de F\u00fatbol 7 que se disput\u00f3 en Rio de Janeiro. Comenzamos perdiendo desde el inicio del partido tras un zapatazo tremendo de Helcinho que entr\u00f3 en el \u00e1ngulo. Sufrimos mucho los errores propios perdiendo demasiadas pelotas en la salida. [&hellip;]<\/p>\n","protected":false},"author":10,"featured_media":0,"comment_status":"open","ping_status":"closed","sticky":false,"template":"","format":"standard","meta":{"footnotes":""},"categories":[1],"tags":[],"yoast_head":"<!-- This site is optimized with the Yoast SEO plugin v23.2 - https:\/\/yoast.com\/wordpress\/plugins\/seo\/ -->\n<title>Ca\u00edmos en semifinales en el F\u00fatbol 7 - Padre y Decano - El Sitio del Pueblo<\/title>\n<meta name=\"robots\" content=\"index, follow, max-snippet:-1, max-image-preview:large, max-video-preview:-1\" \/>\n<link rel=\"canonical\" href=\"https:\/\/www.padreydecano.com\/cms\/noticias\/caimos-en-semifinales-en-el-futbol-7\/\" \/>\n<meta property=\"og:locale\" content=\"es_ES\" \/>\n<meta property=\"og:type\" content=\"article\" \/>\n<meta property=\"og:title\" content=\"Ca\u00edmos en semifinales en el F\u00fatbol 7 - Padre y Decano - El Sitio del Pueblo\" \/>\n<meta property=\"og:description\" content=\"Ca\u00edmos por 6 a 1 contra el Botafogo en semifinales por el\u00a0 Mundialito de Clubes 2012 de F\u00fatbol 7 que se disput\u00f3 en Rio de Janeiro. Comenzamos perdiendo desde el inicio del partido tras un zapatazo tremendo de Helcinho que entr\u00f3 en el \u00e1ngulo. Sufrimos mucho los errores propios perdiendo demasiadas pelotas en la salida. [&hellip;]\" \/>\n<meta property=\"og:url\" content=\"https:\/\/www.padreydecano.com\/cms\/noticias\/caimos-en-semifinales-en-el-futbol-7\/\" \/>\n<meta property=\"og:site_name\" content=\"Padre y Decano - El Sitio del Pueblo\" \/>\n<meta property=\"article:published_time\" content=\"2012-08-06T15:46:16+00:00\" \/>\n<meta property=\"article:modified_time\" content=\"2012-08-08T13:20:07+00:00\" \/>\n<meta property=\"og:image\" content=\"http:\/\/www.padreydecano.com\/cms\/wp-content\/uploads\/2012\/08\/pampero-300x200.jpg\" \/>\n<meta name=\"author\" content=\"fishoapyd\" \/>\n<meta name=\"twitter:card\" content=\"summary_large_image\" \/>\n<meta name=\"twitter:label1\" content=\"Escrito por\" \/>\n\t<meta name=\"twitter:data1\" content=\"fishoapyd\" \/>\n\t<meta name=\"twitter:label2\" content=\"Tiempo de lectura\" \/>\n\t<meta name=\"twitter:data2\" content=\"1 minuto\" \/>\n<script type=\"application\/ld+json\" class=\"yoast-schema-graph\">{\"@context\":\"https:\/\/schema.org\",\"@graph\":[{\"@type\":\"Article\",\"@id\":\"https:\/\/www.padreydecano.com\/cms\/noticias\/caimos-en-semifinales-en-el-futbol-7\/#article\",\"isPartOf\":{\"@id\":\"https:\/\/www.padreydecano.com\/cms\/noticias\/caimos-en-semifinales-en-el-futbol-7\/\"},\"author\":{\"name\":\"fishoapyd\",\"@id\":\"https:\/\/www.padreydecano.com\/cms\/#\/schema\/person\/1376f1ec91158cca7aeef6d2109f929d\"},\"headline\":\"Ca\u00edmos en semifinales en el F\u00fatbol 7\",\"datePublished\":\"2012-08-06T15:46:16+00:00\",\"dateModified\":\"2012-08-08T13:20:07+00:00\",\"mainEntityOfPage\":{\"@id\":\"https:\/\/www.padreydecano.com\/cms\/noticias\/caimos-en-semifinales-en-el-futbol-7\/\"},\"wordCount\":158,\"commentCount\":4,\"publisher\":{\"@id\":\"https:\/\/www.padreydecano.com\/cms\/#organization\"},\"image\":{\"@id\":\"https:\/\/www.padreydecano.com\/cms\/noticias\/caimos-en-semifinales-en-el-futbol-7\/#primaryimage\"},\"thumbnailUrl\":\"http:\/\/www.padreydecano.com\/cms\/wp-content\/uploads\/2012\/08\/pampero-300x200.jpg\",\"articleSection\":[\"Noticias\"],\"inLanguage\":\"es\",\"potentialAction\":[{\"@type\":\"CommentAction\",\"name\":\"Comment\",\"target\":[\"https:\/\/www.padreydecano.com\/cms\/noticias\/caimos-en-semifinales-en-el-futbol-7\/#respond\"]}]},{\"@type\":\"WebPage\",\"@id\":\"https:\/\/www.padreydecano.com\/cms\/noticias\/caimos-en-semifinales-en-el-futbol-7\/\",\"url\":\"https:\/\/www.padreydecano.com\/cms\/noticias\/caimos-en-semifinales-en-el-futbol-7\/\",\"name\":\"Ca\u00edmos en semifinales en el F\u00fatbol 7 - Padre y Decano - El Sitio del Pueblo\",\"isPartOf\":{\"@id\":\"https:\/\/www.padreydecano.com\/cms\/#website\"},\"primaryImageOfPage\":{\"@id\":\"https:\/\/www.padreydecano.com\/cms\/noticias\/caimos-en-semifinales-en-el-futbol-7\/#primaryimage\"},\"image\":{\"@id\":\"https:\/\/www.padreydecano.com\/cms\/noticias\/caimos-en-semifinales-en-el-futbol-7\/#primaryimage\"},\"thumbnailUrl\":\"http:\/\/www.padreydecano.com\/cms\/wp-content\/uploads\/2012\/08\/pampero-300x200.jpg\",\"datePublished\":\"2012-08-06T15:46:16+00:00\",\"dateModified\":\"2012-08-08T13:20:07+00:00\",\"breadcrumb\":{\"@id\":\"https:\/\/www.padreydecano.com\/cms\/noticias\/caimos-en-semifinales-en-el-futbol-7\/#breadcrumb\"},\"inLanguage\":\"es\",\"potentialAction\":[{\"@type\":\"ReadAction\",\"target\":[\"https:\/\/www.padreydecano.com\/cms\/noticias\/caimos-en-semifinales-en-el-futbol-7\/\"]}]},{\"@type\":\"ImageObject\",\"inLanguage\":\"es\",\"@id\":\"https:\/\/www.padreydecano.com\/cms\/noticias\/caimos-en-semifinales-en-el-futbol-7\/#primaryimage\",\"url\":\"http:\/\/www.padreydecano.com\/cms\/wp-content\/uploads\/2012\/08\/pampero-300x200.jpg\",\"contentUrl\":\"http:\/\/www.padreydecano.com\/cms\/wp-content\/uploads\/2012\/08\/pampero-300x200.jpg\"},{\"@type\":\"BreadcrumbList\",\"@id\":\"https:\/\/www.padreydecano.com\/cms\/noticias\/caimos-en-semifinales-en-el-futbol-7\/#breadcrumb\",\"itemListElement\":[{\"@type\":\"ListItem\",\"position\":1,\"name\":\"Portada\",\"item\":\"https:\/\/www.padreydecano.com\/cms\/\"},{\"@type\":\"ListItem\",\"position\":2,\"name\":\"Ca\u00edmos en semifinales en el F\u00fatbol 7\"}]},{\"@type\":\"WebSite\",\"@id\":\"https:\/\/www.padreydecano.com\/cms\/#website\",\"url\":\"https:\/\/www.padreydecano.com\/cms\/\",\"name\":\"Padre y Decano - El Sitio del Pueblo\",\"description\":\"Club Atl\u00e9tico Pe\u00f1arol\",\"publisher\":{\"@id\":\"https:\/\/www.padreydecano.com\/cms\/#organization\"},\"potentialAction\":[{\"@type\":\"SearchAction\",\"target\":{\"@type\":\"EntryPoint\",\"urlTemplate\":\"https:\/\/www.padreydecano.com\/cms\/?s={search_term_string}\"},\"query-input\":\"required name=search_term_string\"}],\"inLanguage\":\"es\"},{\"@type\":\"Organization\",\"@id\":\"https:\/\/www.padreydecano.com\/cms\/#organization\",\"name\":\"Padre y Decano\",\"url\":\"https:\/\/www.padreydecano.com\/cms\/\",\"logo\":{\"@type\":\"ImageObject\",\"inLanguage\":\"es\",\"@id\":\"https:\/\/www.padreydecano.com\/cms\/#\/schema\/logo\/image\/\",\"url\":\"https:\/\/www.padreydecano.com\/cms\/wp-content\/uploads\/2022\/01\/avatar-square.png\",\"contentUrl\":\"https:\/\/www.padreydecano.com\/cms\/wp-content\/uploads\/2022\/01\/avatar-square.png\",\"width\":1500,\"height\":1500,\"caption\":\"Padre y Decano\"},\"image\":{\"@id\":\"https:\/\/www.padreydecano.com\/cms\/#\/schema\/logo\/image\/\"}},{\"@type\":\"Person\",\"@id\":\"https:\/\/www.padreydecano.com\/cms\/#\/schema\/person\/1376f1ec91158cca7aeef6d2109f929d\",\"name\":\"fishoapyd\",\"image\":{\"@type\":\"ImageObject\",\"inLanguage\":\"es\",\"@id\":\"https:\/\/www.padreydecano.com\/cms\/#\/schema\/person\/image\/\",\"url\":\"https:\/\/www.padreydecano.com\/cms\/wp-content\/uploads\/2022\/12\/avatar-square-1.png\",\"contentUrl\":\"https:\/\/www.padreydecano.com\/cms\/wp-content\/uploads\/2022\/12\/avatar-square-1.png\",\"caption\":\"fishoapyd\"},\"sameAs\":[\"http:\/\/www.padreydecano.com\"]}]}<\/script>\n<!-- \/ Yoast SEO plugin. -->","yoast_head_json":{"title":"Ca\u00edmos en semifinales en el F\u00fatbol 7 - Padre y Decano - El Sitio del Pueblo","robots":{"index":"index","follow":"follow","max-snippet":"max-snippet:-1","max-image-preview":"max-image-preview:large","max-video-preview":"max-video-preview:-1"},"canonical":"https:\/\/www.padreydecano.com\/cms\/noticias\/caimos-en-semifinales-en-el-futbol-7\/","og_locale":"es_ES","og_type":"article","og_title":"Ca\u00edmos en semifinales en el F\u00fatbol 7 - Padre y Decano - El Sitio del Pueblo","og_description":"Ca\u00edmos por 6 a 1 contra el Botafogo en semifinales por el\u00a0 Mundialito de Clubes 2012 de F\u00fatbol 7 que se disput\u00f3 en Rio de Janeiro. Comenzamos perdiendo desde el inicio del partido tras un zapatazo tremendo de Helcinho que entr\u00f3 en el \u00e1ngulo. Sufrimos mucho los errores propios perdiendo demasiadas pelotas en la salida. [&hellip;]","og_url":"https:\/\/www.padreydecano.com\/cms\/noticias\/caimos-en-semifinales-en-el-futbol-7\/","og_site_name":"Padre y Decano - El Sitio del Pueblo","article_published_time":"2012-08-06T15:46:16+00:00","article_modified_time":"2012-08-08T13:20:07+00:00","og_image":[{"url":"http:\/\/www.padreydecano.com\/cms\/wp-content\/uploads\/2012\/08\/pampero-300x200.jpg"}],"author":"fishoapyd","twitter_card":"summary_large_image","twitter_misc":{"Escrito por":"fishoapyd","Tiempo de lectura":"1 minuto"},"schema":{"@context":"https:\/\/schema.org","@graph":[{"@type":"Article","@id":"https:\/\/www.padreydecano.com\/cms\/noticias\/caimos-en-semifinales-en-el-futbol-7\/#article","isPartOf":{"@id":"https:\/\/www.padreydecano.com\/cms\/noticias\/caimos-en-semifinales-en-el-futbol-7\/"},"author":{"name":"fishoapyd","@id":"https:\/\/www.padreydecano.com\/cms\/#\/schema\/person\/1376f1ec91158cca7aeef6d2109f929d"},"headline":"Ca\u00edmos en semifinales en el F\u00fatbol 7","datePublished":"2012-08-06T15:46:16+00:00","dateModified":"2012-08-08T13:20:07+00:00","mainEntityOfPage":{"@id":"https:\/\/www.padreydecano.com\/cms\/noticias\/caimos-en-semifinales-en-el-futbol-7\/"},"wordCount":158,"commentCount":4,"publisher":{"@id":"https:\/\/www.padreydecano.com\/cms\/#organization"},"image":{"@id":"https:\/\/www.padreydecano.com\/cms\/noticias\/caimos-en-semifinales-en-el-futbol-7\/#primaryimage"},"thumbnailUrl":"http:\/\/www.padreydecano.com\/cms\/wp-content\/uploads\/2012\/08\/pampero-300x200.jpg","articleSection":["Noticias"],"inLanguage":"es","potentialAction":[{"@type":"CommentAction","name":"Comment","target":["https:\/\/www.padreydecano.com\/cms\/noticias\/caimos-en-semifinales-en-el-futbol-7\/#respond"]}]},{"@type":"WebPage","@id":"https:\/\/www.padreydecano.com\/cms\/noticias\/caimos-en-semifinales-en-el-futbol-7\/","url":"https:\/\/www.padreydecano.com\/cms\/noticias\/caimos-en-semifinales-en-el-futbol-7\/","name":"Ca\u00edmos en semifinales en el F\u00fatbol 7 - Padre y Decano - El Sitio del Pueblo","isPartOf":{"@id":"https:\/\/www.padreydecano.com\/cms\/#website"},"primaryImageOfPage":{"@id":"https:\/\/www.padreydecano.com\/cms\/noticias\/caimos-en-semifinales-en-el-futbol-7\/#primaryimage"},"image":{"@id":"https:\/\/www.padreydecano.com\/cms\/noticias\/caimos-en-semifinales-en-el-futbol-7\/#primaryimage"},"thumbnailUrl":"http:\/\/www.padreydecano.com\/cms\/wp-content\/uploads\/2012\/08\/pampero-300x200.jpg","datePublished":"2012-08-06T15:46:16+00:00","dateModified":"2012-08-08T13:20:07+00:00","breadcrumb":{"@id":"https:\/\/www.padreydecano.com\/cms\/noticias\/caimos-en-semifinales-en-el-futbol-7\/#breadcrumb"},"inLanguage":"es","potentialAction":[{"@type":"ReadAction","target":["https:\/\/www.padreydecano.com\/cms\/noticias\/caimos-en-semifinales-en-el-futbol-7\/"]}]},{"@type":"ImageObject","inLanguage":"es","@id":"https:\/\/www.padreydecano.com\/cms\/noticias\/caimos-en-semifinales-en-el-futbol-7\/#primaryimage","url":"http:\/\/www.padreydecano.com\/cms\/wp-content\/uploads\/2012\/08\/pampero-300x200.jpg","contentUrl":"http:\/\/www.padreydecano.com\/cms\/wp-content\/uploads\/2012\/08\/pampero-300x200.jpg"},{"@type":"BreadcrumbList","@id":"https:\/\/www.padreydecano.com\/cms\/noticias\/caimos-en-semifinales-en-el-futbol-7\/#breadcrumb","itemListElement":[{"@type":"ListItem","position":1,"name":"Portada","item":"https:\/\/www.padreydecano.com\/cms\/"},{"@type":"ListItem","position":2,"name":"Ca\u00edmos en semifinales en el F\u00fatbol 7"}]},{"@type":"WebSite","@id":"https:\/\/www.padreydecano.com\/cms\/#website","url":"https:\/\/www.padreydecano.com\/cms\/","name":"Padre y Decano - El Sitio del Pueblo","description":"Club Atl\u00e9tico Pe\u00f1arol","publisher":{"@id":"https:\/\/www.padreydecano.com\/cms\/#organization"},"potentialAction":[{"@type":"SearchAction","target":{"@type":"EntryPoint","urlTemplate":"https:\/\/www.padreydecano.com\/cms\/?s={search_term_string}"},"query-input":"required name=search_term_string"}],"inLanguage":"es"},{"@type":"Organization","@id":"https:\/\/www.padreydecano.com\/cms\/#organization","name":"Padre y Decano","url":"https:\/\/www.padreydecano.com\/cms\/","logo":{"@type":"ImageObject","inLanguage":"es","@id":"https:\/\/www.padreydecano.com\/cms\/#\/schema\/logo\/image\/","url":"https:\/\/www.padreydecano.com\/cms\/wp-content\/uploads\/2022\/01\/avatar-square.png","contentUrl":"https:\/\/www.padreydecano.com\/cms\/wp-content\/uploads\/2022\/01\/avatar-square.png","width":1500,"height":1500,"caption":"Padre y Decano"},"image":{"@id":"https:\/\/www.padreydecano.com\/cms\/#\/schema\/logo\/image\/"}},{"@type":"Person","@id":"https:\/\/www.padreydecano.com\/cms\/#\/schema\/person\/1376f1ec91158cca7aeef6d2109f929d","name":"fishoapyd","image":{"@type":"ImageObject","inLanguage":"es","@id":"https:\/\/www.padreydecano.com\/cms\/#\/schema\/person\/image\/","url":"https:\/\/www.padreydecano.com\/cms\/wp-content\/uploads\/2022\/12\/avatar-square-1.png","contentUrl":"https:\/\/www.padreydecano.com\/cms\/wp-content\/uploads\/2022\/12\/avatar-square-1.png","caption":"fishoapyd"},"sameAs":["http:\/\/www.padreydecano.com"]}]}},"_links":{"self":[{"href":"https:\/\/www.padreydecano.com\/cms\/wp-json\/wp\/v2\/posts\/27630"}],"collection":[{"href":"https:\/\/www.padreydecano.com\/cms\/wp-json\/wp\/v2\/posts"}],"about":[{"href":"https:\/\/www.padreydecano.com\/cms\/wp-json\/wp\/v2\/types\/post"}],"author":[{"embeddable":true,"href":"https:\/\/www.padreydecano.com\/cms\/wp-json\/wp\/v2\/users\/10"}],"replies":[{"embeddable":true,"href":"https:\/\/www.padreydecano.com\/cms\/wp-json\/wp\/v2\/comments?post=27630"}],"version-history":[{"count":0,"href":"https:\/\/www.padreydecano.com\/cms\/wp-json\/wp\/v2\/posts\/27630\/revisions"}],"wp:attachment":[{"href":"https:\/\/www.padreydecano.com\/cms\/wp-json\/wp\/v2\/media?parent=27630"}],"wp:term":[{"taxonomy":"category","embeddable":true,"href":"https:\/\/www.padreydecano.com\/cms\/wp-json\/wp\/v2\/categories?post=27630"},{"taxonomy":"post_tag","embeddable":true,"href":"https:\/\/www.padreydecano.com\/cms\/wp-json\/wp\/v2\/tags?post=27630"}],"curies":[{"name":"wp","href":"https:\/\/api.w.org\/{rel}","templated":true}]}}