{"id":27484,"date":"2012-08-03T19:15:35","date_gmt":"2012-08-03T22:15:35","guid":{"rendered":"http:\/\/www.padreydecano.com\/cms\/?p=27484"},"modified":"2012-08-04T00:36:53","modified_gmt":"2012-08-04T03:36:53","slug":"la-lista-se-sigue-alargando","status":"publish","type":"post","link":"https:\/\/www.padreydecano.com\/cms\/noticias\/la-lista-se-sigue-alargando\/","title":{"rendered":"La lista se sigue alargando"},"content":{"rendered":"<p style=\"text-align: justify;\"><img loading=\"lazy\" decoding=\"async\" class=\"alignleft  wp-image-27485\" src=\"https:\/\/www.padreydecano.com\/cms\/wp-content\/uploads\/2012\/08\/peratta-300x220.jpg\" alt=\"\" width=\"210\" height=\"154\" srcset=\"https:\/\/www.padreydecano.com\/cms\/wp-content\/uploads\/2012\/08\/peratta-300x220.jpg 300w, https:\/\/www.padreydecano.com\/cms\/wp-content\/uploads\/2012\/08\/peratta.jpg 500w\" sizes=\"(max-width: 210px) 100vw, 210px\" \/>Cuando parec\u00eda que la incorporaci\u00f3n del <strong><span style=\"color: #ffcc00;\"><a href=\"https:\/\/www.padreydecano.com\/cms\/noticias\/el-arco-tiene-dueno-argentino\/\" target=\"_blank\"><span style=\"color: #ffcc00;\">golero argentino Enrique Bologna<\/span><\/a><\/span><\/strong> estaba cerrada, surgieron nuevos rumores en twitter de que el que llegar\u00eda a Pe\u00f1arol en su lugar ser\u00eda Sebasti\u00e1n Peratta, actual arquero de Newell&#8217;s Old Boys de Rosario.<\/p>\n<p style=\"text-align: justify;\">Para agregarle credibilidad a esos rumores, el diario \u00abLa Capital\u00bb de la ciudad rosarina, anunci\u00f3 en <span style=\"color: #ffcc00;\"><a href=\"http:\/\/www.lacapital.com.ar\/ovacion\/Con-Guzman-y-Sperduti-Newells-ya-tiene-el-equipo-y-los-concentrados-20120802-0073.html\" target=\"_blank\"><span style=\"color: #ffcc00;\">una nota del d\u00eda de ayer<\/span><\/a><\/span> que\u00a0<em>\u00abtras la conferencia de prensa de hoy <\/em>(ayer)<em> y los dichos del entrenador se puede confirmar que Nahuel Guzm\u00e1n estar\u00e1 en el arco\u00bb <\/em>y por lo tanto\u00a0Peratta no ser\u00e1 titular en el debut en el campeonato frente a Independiente.<\/p>\n<p style=\"text-align: justify;\">Por otra parte, m\u00e1s abajo la misma nota agrega que Peratta <em>\u00abpodr\u00eda emigrar si es que el cuerpo t\u00e9cnico y la dirigencia lo consideran oportuno, teniendo en cuenta la inmediatez del inicio del torneo. <span style=\"color: #ffcc00;\"><strong>Pe\u00f1arol de Montevideo<\/strong><\/span>, ser\u00eda quien estar\u00eda tras los servicios del experimentado arquero rojinegro\u00bb.\u00a0<\/em>La noticia tambi\u00e9n fue comentada por <strong>Hern\u00e1n Castillo<\/strong>, periodista argentino del canal TN, que en su <span style=\"color: #ffcc00;\"><a href=\"https:\/\/twitter.com\/HernanSCastillo\/status\/231164005090213890\" target=\"_blank\"><span style=\"color: #ffcc00;\">cuenta de twitter<\/span><\/a><\/span> dijo que el experimentado portero estar\u00eda cerca de llegar al decano del f\u00fatbol uruguayo.<\/p>\n<p style=\"text-align: justify;\">Evidentemente la llegada de Bologna no estaba cerrada del todo por lo que resta esperar la definici\u00f3n de esta novela referida al arco de<strong> Pe\u00f1arol<\/strong>, en la que se ha nombrado a casi todos los goleros del f\u00fatbol argentino.\u00a0<strong>Barovero, Sosa, Chiarini, Lucchetti, Garc\u00eda, Migliore, Caranta, Pozo, Bologna, Peratta, Chichizola y Torrico, sonaron alguna vez en este per\u00edodo de pases para llegar a Pe\u00f1arol<\/strong> (y quiz\u00e1s me est\u00e9 olvidando de alguno) en un tema que parece de nunca acabar, pero que debe definirse con urgencia en los proximos d\u00edas debido a que el arranque del campeonato se acerca.<\/p>\n<p style=\"text-align: justify;\">En minutos <span style=\"color: #ffcc00;\"><a href=\"https:\/\/www.padreydecano.com\/cms\/noticias\/penarol-vuelve-a-paysandu\/\" target=\"_blank\"><span style=\"color: #ffcc00;\">Pe\u00f1arol se enfrentar\u00e1 en Paysand\u00fa a la selecci\u00f3n local<\/span><\/a><\/span> y el arco ser\u00e1 ocupado por Danilo Lerda, ya que Leandro Gelpi reci\u00e9n retorn\u00f3 de los Juegos Ol\u00edmpicos y Fabi\u00e1n Carini fue notificado que no viajar\u00eda por decisi\u00f3n del cuerpo t\u00e9cnico.<\/p>\n<p style=\"text-align: justify;\">La incertidumbre contin\u00faa&#8230;<\/p>\n","protected":false},"excerpt":{"rendered":"<p>Cuando parec\u00eda que la incorporaci\u00f3n del golero argentino Enrique Bologna estaba cerrada, surgieron nuevos rumores en twitter de que el que llegar\u00eda a Pe\u00f1arol en su lugar ser\u00eda Sebasti\u00e1n Peratta, actual arquero de Newell&#8217;s Old Boys de Rosario. Para agregarle credibilidad a esos rumores, el diario \u00abLa Capital\u00bb de la ciudad rosarina, anunci\u00f3 en una [&hellip;]<\/p>\n","protected":false},"author":3,"featured_media":0,"comment_status":"open","ping_status":"closed","sticky":false,"template":"","format":"standard","meta":{"footnotes":""},"categories":[1],"tags":[26],"yoast_head":"<!-- This site is optimized with the Yoast SEO plugin v23.2 - https:\/\/yoast.com\/wordpress\/plugins\/seo\/ -->\n<title>La lista se sigue alargando - Padre y Decano - El Sitio del Pueblo<\/title>\n<meta name=\"robots\" content=\"index, follow, max-snippet:-1, max-image-preview:large, max-video-preview:-1\" \/>\n<link rel=\"canonical\" href=\"https:\/\/www.padreydecano.com\/cms\/noticias\/la-lista-se-sigue-alargando\/\" \/>\n<meta property=\"og:locale\" content=\"es_ES\" \/>\n<meta property=\"og:type\" content=\"article\" \/>\n<meta property=\"og:title\" content=\"La lista se sigue alargando - Padre y Decano - El Sitio del Pueblo\" \/>\n<meta property=\"og:description\" content=\"Cuando parec\u00eda que la incorporaci\u00f3n del golero argentino Enrique Bologna estaba cerrada, surgieron nuevos rumores en twitter de que el que llegar\u00eda a Pe\u00f1arol en su lugar ser\u00eda Sebasti\u00e1n Peratta, actual arquero de Newell&#8217;s Old Boys de Rosario. Para agregarle credibilidad a esos rumores, el diario \u00abLa Capital\u00bb de la ciudad rosarina, anunci\u00f3 en una [&hellip;]\" \/>\n<meta property=\"og:url\" content=\"https:\/\/www.padreydecano.com\/cms\/noticias\/la-lista-se-sigue-alargando\/\" \/>\n<meta property=\"og:site_name\" content=\"Padre y Decano - El Sitio del Pueblo\" \/>\n<meta property=\"article:published_time\" content=\"2012-08-03T22:15:35+00:00\" \/>\n<meta property=\"article:modified_time\" content=\"2012-08-04T03:36:53+00:00\" \/>\n<meta property=\"og:image\" content=\"http:\/\/www.padreydecano.com\/cms\/wp-content\/uploads\/2012\/08\/peratta-300x220.jpg\" \/>\n<meta name=\"author\" content=\"1891\" \/>\n<meta name=\"twitter:card\" content=\"summary_large_image\" \/>\n<meta name=\"twitter:label1\" content=\"Escrito por\" \/>\n\t<meta name=\"twitter:data1\" content=\"1891\" \/>\n\t<meta name=\"twitter:label2\" content=\"Tiempo de lectura\" \/>\n\t<meta name=\"twitter:data2\" content=\"2 minutos\" \/>\n<script type=\"application\/ld+json\" class=\"yoast-schema-graph\">{\"@context\":\"https:\/\/schema.org\",\"@graph\":[{\"@type\":\"Article\",\"@id\":\"https:\/\/www.padreydecano.com\/cms\/noticias\/la-lista-se-sigue-alargando\/#article\",\"isPartOf\":{\"@id\":\"https:\/\/www.padreydecano.com\/cms\/noticias\/la-lista-se-sigue-alargando\/\"},\"author\":{\"name\":\"1891\",\"@id\":\"https:\/\/www.padreydecano.com\/cms\/#\/schema\/person\/5607c72c38a1537a151b24d1e67535e0\"},\"headline\":\"La lista se sigue alargando\",\"datePublished\":\"2012-08-03T22:15:35+00:00\",\"dateModified\":\"2012-08-04T03:36:53+00:00\",\"mainEntityOfPage\":{\"@id\":\"https:\/\/www.padreydecano.com\/cms\/noticias\/la-lista-se-sigue-alargando\/\"},\"wordCount\":365,\"commentCount\":13,\"publisher\":{\"@id\":\"https:\/\/www.padreydecano.com\/cms\/#organization\"},\"image\":{\"@id\":\"https:\/\/www.padreydecano.com\/cms\/noticias\/la-lista-se-sigue-alargando\/#primaryimage\"},\"thumbnailUrl\":\"http:\/\/www.padreydecano.com\/cms\/wp-content\/uploads\/2012\/08\/peratta-300x220.jpg\",\"keywords\":[\"Mercado de pases\"],\"articleSection\":[\"Noticias\"],\"inLanguage\":\"es\",\"potentialAction\":[{\"@type\":\"CommentAction\",\"name\":\"Comment\",\"target\":[\"https:\/\/www.padreydecano.com\/cms\/noticias\/la-lista-se-sigue-alargando\/#respond\"]}]},{\"@type\":\"WebPage\",\"@id\":\"https:\/\/www.padreydecano.com\/cms\/noticias\/la-lista-se-sigue-alargando\/\",\"url\":\"https:\/\/www.padreydecano.com\/cms\/noticias\/la-lista-se-sigue-alargando\/\",\"name\":\"La lista se sigue alargando - Padre y Decano - El Sitio del Pueblo\",\"isPartOf\":{\"@id\":\"https:\/\/www.padreydecano.com\/cms\/#website\"},\"primaryImageOfPage\":{\"@id\":\"https:\/\/www.padreydecano.com\/cms\/noticias\/la-lista-se-sigue-alargando\/#primaryimage\"},\"image\":{\"@id\":\"https:\/\/www.padreydecano.com\/cms\/noticias\/la-lista-se-sigue-alargando\/#primaryimage\"},\"thumbnailUrl\":\"http:\/\/www.padreydecano.com\/cms\/wp-content\/uploads\/2012\/08\/peratta-300x220.jpg\",\"datePublished\":\"2012-08-03T22:15:35+00:00\",\"dateModified\":\"2012-08-04T03:36:53+00:00\",\"breadcrumb\":{\"@id\":\"https:\/\/www.padreydecano.com\/cms\/noticias\/la-lista-se-sigue-alargando\/#breadcrumb\"},\"inLanguage\":\"es\",\"potentialAction\":[{\"@type\":\"ReadAction\",\"target\":[\"https:\/\/www.padreydecano.com\/cms\/noticias\/la-lista-se-sigue-alargando\/\"]}]},{\"@type\":\"ImageObject\",\"inLanguage\":\"es\",\"@id\":\"https:\/\/www.padreydecano.com\/cms\/noticias\/la-lista-se-sigue-alargando\/#primaryimage\",\"url\":\"http:\/\/www.padreydecano.com\/cms\/wp-content\/uploads\/2012\/08\/peratta-300x220.jpg\",\"contentUrl\":\"http:\/\/www.padreydecano.com\/cms\/wp-content\/uploads\/2012\/08\/peratta-300x220.jpg\"},{\"@type\":\"BreadcrumbList\",\"@id\":\"https:\/\/www.padreydecano.com\/cms\/noticias\/la-lista-se-sigue-alargando\/#breadcrumb\",\"itemListElement\":[{\"@type\":\"ListItem\",\"position\":1,\"name\":\"Portada\",\"item\":\"https:\/\/www.padreydecano.com\/cms\/\"},{\"@type\":\"ListItem\",\"position\":2,\"name\":\"La lista se sigue alargando\"}]},{\"@type\":\"WebSite\",\"@id\":\"https:\/\/www.padreydecano.com\/cms\/#website\",\"url\":\"https:\/\/www.padreydecano.com\/cms\/\",\"name\":\"Padre y Decano - El Sitio del Pueblo\",\"description\":\"Club Atl\u00e9tico Pe\u00f1arol\",\"publisher\":{\"@id\":\"https:\/\/www.padreydecano.com\/cms\/#organization\"},\"potentialAction\":[{\"@type\":\"SearchAction\",\"target\":{\"@type\":\"EntryPoint\",\"urlTemplate\":\"https:\/\/www.padreydecano.com\/cms\/?s={search_term_string}\"},\"query-input\":\"required name=search_term_string\"}],\"inLanguage\":\"es\"},{\"@type\":\"Organization\",\"@id\":\"https:\/\/www.padreydecano.com\/cms\/#organization\",\"name\":\"Padre y Decano\",\"url\":\"https:\/\/www.padreydecano.com\/cms\/\",\"logo\":{\"@type\":\"ImageObject\",\"inLanguage\":\"es\",\"@id\":\"https:\/\/www.padreydecano.com\/cms\/#\/schema\/logo\/image\/\",\"url\":\"https:\/\/www.padreydecano.com\/cms\/wp-content\/uploads\/2022\/01\/avatar-square.png\",\"contentUrl\":\"https:\/\/www.padreydecano.com\/cms\/wp-content\/uploads\/2022\/01\/avatar-square.png\",\"width\":1500,\"height\":1500,\"caption\":\"Padre y Decano\"},\"image\":{\"@id\":\"https:\/\/www.padreydecano.com\/cms\/#\/schema\/logo\/image\/\"}},{\"@type\":\"Person\",\"@id\":\"https:\/\/www.padreydecano.com\/cms\/#\/schema\/person\/5607c72c38a1537a151b24d1e67535e0\",\"name\":\"1891\",\"image\":{\"@type\":\"ImageObject\",\"inLanguage\":\"es\",\"@id\":\"https:\/\/www.padreydecano.com\/cms\/#\/schema\/person\/image\/\",\"url\":\"https:\/\/secure.gravatar.com\/avatar\/29d4d1b0d523a21898e8cf9585d259d3?s=96&d=https%3A%2F%2Fpadreydecano.com%2Fcms%2Fwp-content%2Fthemes%2Fpyd-theme%2Fimg%2Fdefault-avatar.png&r=g\",\"contentUrl\":\"https:\/\/secure.gravatar.com\/avatar\/29d4d1b0d523a21898e8cf9585d259d3?s=96&d=https%3A%2F%2Fpadreydecano.com%2Fcms%2Fwp-content%2Fthemes%2Fpyd-theme%2Fimg%2Fdefault-avatar.png&r=g\",\"caption\":\"1891\"}}]}<\/script>\n<!-- \/ Yoast SEO plugin. -->","yoast_head_json":{"title":"La lista se sigue alargando - Padre y Decano - El Sitio del Pueblo","robots":{"index":"index","follow":"follow","max-snippet":"max-snippet:-1","max-image-preview":"max-image-preview:large","max-video-preview":"max-video-preview:-1"},"canonical":"https:\/\/www.padreydecano.com\/cms\/noticias\/la-lista-se-sigue-alargando\/","og_locale":"es_ES","og_type":"article","og_title":"La lista se sigue alargando - Padre y Decano - El Sitio del Pueblo","og_description":"Cuando parec\u00eda que la incorporaci\u00f3n del golero argentino Enrique Bologna estaba cerrada, surgieron nuevos rumores en twitter de que el que llegar\u00eda a Pe\u00f1arol en su lugar ser\u00eda Sebasti\u00e1n Peratta, actual arquero de Newell&#8217;s Old Boys de Rosario. Para agregarle credibilidad a esos rumores, el diario \u00abLa Capital\u00bb de la ciudad rosarina, anunci\u00f3 en una [&hellip;]","og_url":"https:\/\/www.padreydecano.com\/cms\/noticias\/la-lista-se-sigue-alargando\/","og_site_name":"Padre y Decano - El Sitio del Pueblo","article_published_time":"2012-08-03T22:15:35+00:00","article_modified_time":"2012-08-04T03:36:53+00:00","og_image":[{"url":"http:\/\/www.padreydecano.com\/cms\/wp-content\/uploads\/2012\/08\/peratta-300x220.jpg"}],"author":"1891","twitter_card":"summary_large_image","twitter_misc":{"Escrito por":"1891","Tiempo de lectura":"2 minutos"},"schema":{"@context":"https:\/\/schema.org","@graph":[{"@type":"Article","@id":"https:\/\/www.padreydecano.com\/cms\/noticias\/la-lista-se-sigue-alargando\/#article","isPartOf":{"@id":"https:\/\/www.padreydecano.com\/cms\/noticias\/la-lista-se-sigue-alargando\/"},"author":{"name":"1891","@id":"https:\/\/www.padreydecano.com\/cms\/#\/schema\/person\/5607c72c38a1537a151b24d1e67535e0"},"headline":"La lista se sigue alargando","datePublished":"2012-08-03T22:15:35+00:00","dateModified":"2012-08-04T03:36:53+00:00","mainEntityOfPage":{"@id":"https:\/\/www.padreydecano.com\/cms\/noticias\/la-lista-se-sigue-alargando\/"},"wordCount":365,"commentCount":13,"publisher":{"@id":"https:\/\/www.padreydecano.com\/cms\/#organization"},"image":{"@id":"https:\/\/www.padreydecano.com\/cms\/noticias\/la-lista-se-sigue-alargando\/#primaryimage"},"thumbnailUrl":"http:\/\/www.padreydecano.com\/cms\/wp-content\/uploads\/2012\/08\/peratta-300x220.jpg","keywords":["Mercado de pases"],"articleSection":["Noticias"],"inLanguage":"es","potentialAction":[{"@type":"CommentAction","name":"Comment","target":["https:\/\/www.padreydecano.com\/cms\/noticias\/la-lista-se-sigue-alargando\/#respond"]}]},{"@type":"WebPage","@id":"https:\/\/www.padreydecano.com\/cms\/noticias\/la-lista-se-sigue-alargando\/","url":"https:\/\/www.padreydecano.com\/cms\/noticias\/la-lista-se-sigue-alargando\/","name":"La lista se sigue alargando - Padre y Decano - El Sitio del Pueblo","isPartOf":{"@id":"https:\/\/www.padreydecano.com\/cms\/#website"},"primaryImageOfPage":{"@id":"https:\/\/www.padreydecano.com\/cms\/noticias\/la-lista-se-sigue-alargando\/#primaryimage"},"image":{"@id":"https:\/\/www.padreydecano.com\/cms\/noticias\/la-lista-se-sigue-alargando\/#primaryimage"},"thumbnailUrl":"http:\/\/www.padreydecano.com\/cms\/wp-content\/uploads\/2012\/08\/peratta-300x220.jpg","datePublished":"2012-08-03T22:15:35+00:00","dateModified":"2012-08-04T03:36:53+00:00","breadcrumb":{"@id":"https:\/\/www.padreydecano.com\/cms\/noticias\/la-lista-se-sigue-alargando\/#breadcrumb"},"inLanguage":"es","potentialAction":[{"@type":"ReadAction","target":["https:\/\/www.padreydecano.com\/cms\/noticias\/la-lista-se-sigue-alargando\/"]}]},{"@type":"ImageObject","inLanguage":"es","@id":"https:\/\/www.padreydecano.com\/cms\/noticias\/la-lista-se-sigue-alargando\/#primaryimage","url":"http:\/\/www.padreydecano.com\/cms\/wp-content\/uploads\/2012\/08\/peratta-300x220.jpg","contentUrl":"http:\/\/www.padreydecano.com\/cms\/wp-content\/uploads\/2012\/08\/peratta-300x220.jpg"},{"@type":"BreadcrumbList","@id":"https:\/\/www.padreydecano.com\/cms\/noticias\/la-lista-se-sigue-alargando\/#breadcrumb","itemListElement":[{"@type":"ListItem","position":1,"name":"Portada","item":"https:\/\/www.padreydecano.com\/cms\/"},{"@type":"ListItem","position":2,"name":"La lista se sigue alargando"}]},{"@type":"WebSite","@id":"https:\/\/www.padreydecano.com\/cms\/#website","url":"https:\/\/www.padreydecano.com\/cms\/","name":"Padre y Decano - El Sitio del Pueblo","description":"Club Atl\u00e9tico Pe\u00f1arol","publisher":{"@id":"https:\/\/www.padreydecano.com\/cms\/#organization"},"potentialAction":[{"@type":"SearchAction","target":{"@type":"EntryPoint","urlTemplate":"https:\/\/www.padreydecano.com\/cms\/?s={search_term_string}"},"query-input":"required name=search_term_string"}],"inLanguage":"es"},{"@type":"Organization","@id":"https:\/\/www.padreydecano.com\/cms\/#organization","name":"Padre y Decano","url":"https:\/\/www.padreydecano.com\/cms\/","logo":{"@type":"ImageObject","inLanguage":"es","@id":"https:\/\/www.padreydecano.com\/cms\/#\/schema\/logo\/image\/","url":"https:\/\/www.padreydecano.com\/cms\/wp-content\/uploads\/2022\/01\/avatar-square.png","contentUrl":"https:\/\/www.padreydecano.com\/cms\/wp-content\/uploads\/2022\/01\/avatar-square.png","width":1500,"height":1500,"caption":"Padre y Decano"},"image":{"@id":"https:\/\/www.padreydecano.com\/cms\/#\/schema\/logo\/image\/"}},{"@type":"Person","@id":"https:\/\/www.padreydecano.com\/cms\/#\/schema\/person\/5607c72c38a1537a151b24d1e67535e0","name":"1891","image":{"@type":"ImageObject","inLanguage":"es","@id":"https:\/\/www.padreydecano.com\/cms\/#\/schema\/person\/image\/","url":"https:\/\/secure.gravatar.com\/avatar\/29d4d1b0d523a21898e8cf9585d259d3?s=96&d=https%3A%2F%2Fpadreydecano.com%2Fcms%2Fwp-content%2Fthemes%2Fpyd-theme%2Fimg%2Fdefault-avatar.png&r=g","contentUrl":"https:\/\/secure.gravatar.com\/avatar\/29d4d1b0d523a21898e8cf9585d259d3?s=96&d=https%3A%2F%2Fpadreydecano.com%2Fcms%2Fwp-content%2Fthemes%2Fpyd-theme%2Fimg%2Fdefault-avatar.png&r=g","caption":"1891"}}]}},"_links":{"self":[{"href":"https:\/\/www.padreydecano.com\/cms\/wp-json\/wp\/v2\/posts\/27484"}],"collection":[{"href":"https:\/\/www.padreydecano.com\/cms\/wp-json\/wp\/v2\/posts"}],"about":[{"href":"https:\/\/www.padreydecano.com\/cms\/wp-json\/wp\/v2\/types\/post"}],"author":[{"embeddable":true,"href":"https:\/\/www.padreydecano.com\/cms\/wp-json\/wp\/v2\/users\/3"}],"replies":[{"embeddable":true,"href":"https:\/\/www.padreydecano.com\/cms\/wp-json\/wp\/v2\/comments?post=27484"}],"version-history":[{"count":0,"href":"https:\/\/www.padreydecano.com\/cms\/wp-json\/wp\/v2\/posts\/27484\/revisions"}],"wp:attachment":[{"href":"https:\/\/www.padreydecano.com\/cms\/wp-json\/wp\/v2\/media?parent=27484"}],"wp:term":[{"taxonomy":"category","embeddable":true,"href":"https:\/\/www.padreydecano.com\/cms\/wp-json\/wp\/v2\/categories?post=27484"},{"taxonomy":"post_tag","embeddable":true,"href":"https:\/\/www.padreydecano.com\/cms\/wp-json\/wp\/v2\/tags?post=27484"}],"curies":[{"name":"wp","href":"https:\/\/api.w.org\/{rel}","templated":true}]}}