{"id":27479,"date":"2012-08-03T17:31:24","date_gmt":"2012-08-03T20:31:24","guid":{"rendered":"http:\/\/www.padreydecano.com\/cms\/?p=27479"},"modified":"2012-08-03T17:32:28","modified_gmt":"2012-08-03T20:32:28","slug":"jugaremos-la-semifinal-ante-botafogo-en-futbol-7","status":"publish","type":"post","link":"https:\/\/www.padreydecano.com\/cms\/noticias\/jugaremos-la-semifinal-ante-botafogo-en-futbol-7\/","title":{"rendered":"Jugaremos la semifinal ante Botafogo en F\u00fatbol 7"},"content":{"rendered":"<p style=\"text-align: justify;\"><strong><a href=\"https:\/\/www.padreydecano.com\/cms\/wp-content\/uploads\/2012\/08\/flamengo-futbol7.jpg\" rel=\"shadowbox[sbpost-27479];player=img;\"><img loading=\"lazy\" decoding=\"async\" class=\"alignright  wp-image-27480\" src=\"https:\/\/www.padreydecano.com\/cms\/wp-content\/uploads\/2012\/08\/flamengo-futbol7-300x190.jpg\" alt=\"\" width=\"240\" height=\"152\" srcset=\"https:\/\/www.padreydecano.com\/cms\/wp-content\/uploads\/2012\/08\/flamengo-futbol7-300x190.jpg 300w, https:\/\/www.padreydecano.com\/cms\/wp-content\/uploads\/2012\/08\/flamengo-futbol7.jpg 448w\" sizes=\"(max-width: 240px) 100vw, 240px\" \/><\/a>Ca\u00edmos derrotados 5 a 1 ante el Flamengo<\/strong> por la segunda fecha de la fase de grupos del <strong>Mundialito de Clubes 2012 de F\u00fatbol 7<\/strong> que se disputa en R\u00edo de Janeiro. Ambos equipos ven\u00edan de derrotar a Argentinos Juniors por lo que <strong>ya estab\u00e1bamos clasificados<\/strong> y en este encuentro estaba en juego el primer lugar del grupo.<\/p>\n<p>Al igual que en el <a title=\"Debut con victoria en el F\u00fatbol 7\" href=\"https:\/\/www.padreydecano.com\/cms\/otras-disciplinas\/debut-con-victoria-en-el-futbol-7\/\" target=\"_blank\">partido de ayer<\/a>, comenzamos perdiendo, ya que Wesley abri\u00f3 el marcador para el \u201cMeng\u00e3o\u201d. El conjunto norte\u00f1o sigui\u00f3 de largo y Daniel marc\u00f3 el segundo luego de un remate de pelota quieta. Boleta anot\u00f3 el tercer tanto con el que nos fuimos al descanso con un duro 0-3.\u00a0En el complemento, Cristovam anot\u00f3 el cuarto para Flamengo y <strong>Sena logr\u00f3 marcar el gol del honor para nosotros<\/strong>. Sin embargo, sobre el final Esteves anot\u00f3 el quinto.<\/p>\n<div id=\"attachment_27481\" style=\"width: 250px\" class=\"wp-caption alignleft\"><a href=\"https:\/\/www.padreydecano.com\/cms\/wp-content\/uploads\/2012\/08\/sena-futbol-7.jpg\" rel=\"shadowbox[sbpost-27479];player=img;\"><img loading=\"lazy\" decoding=\"async\" aria-describedby=\"caption-attachment-27481\" class=\" wp-image-27481\" src=\"https:\/\/www.padreydecano.com\/cms\/wp-content\/uploads\/2012\/08\/sena-futbol-7-300x212.jpg\" alt=\"\" width=\"240\" height=\"170\" srcset=\"https:\/\/www.padreydecano.com\/cms\/wp-content\/uploads\/2012\/08\/sena-futbol-7-300x212.jpg 300w, https:\/\/www.padreydecano.com\/cms\/wp-content\/uploads\/2012\/08\/sena-futbol-7.jpg 448w\" sizes=\"(max-width: 240px) 100vw, 240px\" \/><\/a><p id=\"caption-attachment-27481\" class=\"wp-caption-text\">Sena fue el autor del \u00fanico gol carbonero<\/p><\/div>\n<p style=\"text-align: justify;\">Con una victoria y una derrota, nos quedamos con el <strong>segundo puesto del grupo<\/strong> (primero Flamengo) y nos enfrentaremos al Botafogo, ganador de la otra serie, por las semifinales del torneo. Seg\u00fan la organizaci\u00f3n, el partido ser\u00eda televisado por Fox Sports a las 19.30 hs. La otra llave semifinal ser\u00e1 Flamengo ante Lazio.<\/p>\n<p style=\"text-align: justify;\">Recordamos que el plantel est\u00e1 integrado por <strong>Gianni Barros, Jorge Luis Sena, Ignacio Buggiano, Walter Skurko, Sarandi Sobral (Pampero), Pablo Lamanna, German Parrillo, Fabi\u00e1n Canaveris, Ricardo Mart\u00ednez, Mart\u00edn Hern\u00e1ndez, Mart\u00edn Borloco, V\u00edctor Rodr\u00edguez, Luis Alonso, Nicol\u00e1s Salaberry, Gabriel De Simone y Marcelo Tejera<\/strong>.<\/p>\n","protected":false},"excerpt":{"rendered":"<p>Ca\u00edmos derrotados 5 a 1 ante el Flamengo por la segunda fecha de la fase de grupos del Mundialito de Clubes 2012 de F\u00fatbol 7 que se disputa en R\u00edo de Janeiro. Ambos equipos ven\u00edan de derrotar a Argentinos Juniors por lo que ya estab\u00e1bamos clasificados y en este encuentro estaba en juego el primer [&hellip;]<\/p>\n","protected":false},"author":13,"featured_media":0,"comment_status":"open","ping_status":"closed","sticky":false,"template":"","format":"standard","meta":{"footnotes":""},"categories":[1],"tags":[],"yoast_head":"<!-- This site is optimized with the Yoast SEO plugin v23.2 - https:\/\/yoast.com\/wordpress\/plugins\/seo\/ -->\n<title>Jugaremos la semifinal ante Botafogo en F\u00fatbol 7 - Padre y Decano - El Sitio del Pueblo<\/title>\n<meta name=\"robots\" content=\"index, follow, max-snippet:-1, max-image-preview:large, max-video-preview:-1\" \/>\n<link rel=\"canonical\" href=\"https:\/\/www.padreydecano.com\/cms\/noticias\/jugaremos-la-semifinal-ante-botafogo-en-futbol-7\/\" \/>\n<meta property=\"og:locale\" content=\"es_ES\" \/>\n<meta property=\"og:type\" content=\"article\" \/>\n<meta property=\"og:title\" content=\"Jugaremos la semifinal ante Botafogo en F\u00fatbol 7 - Padre y Decano - El Sitio del Pueblo\" \/>\n<meta property=\"og:description\" content=\"Ca\u00edmos derrotados 5 a 1 ante el Flamengo por la segunda fecha de la fase de grupos del Mundialito de Clubes 2012 de F\u00fatbol 7 que se disputa en R\u00edo de Janeiro. Ambos equipos ven\u00edan de derrotar a Argentinos Juniors por lo que ya estab\u00e1bamos clasificados y en este encuentro estaba en juego el primer [&hellip;]\" \/>\n<meta property=\"og:url\" content=\"https:\/\/www.padreydecano.com\/cms\/noticias\/jugaremos-la-semifinal-ante-botafogo-en-futbol-7\/\" \/>\n<meta property=\"og:site_name\" content=\"Padre y Decano - El Sitio del Pueblo\" \/>\n<meta property=\"article:published_time\" content=\"2012-08-03T20:31:24+00:00\" \/>\n<meta property=\"article:modified_time\" content=\"2012-08-03T20:32:28+00:00\" \/>\n<meta property=\"og:image\" content=\"http:\/\/www.padreydecano.com\/cms\/wp-content\/uploads\/2012\/08\/flamengo-futbol7-300x190.jpg\" \/>\n<meta name=\"author\" content=\"Moderador\" \/>\n<meta name=\"twitter:card\" content=\"summary_large_image\" \/>\n<meta name=\"twitter:label1\" content=\"Escrito por\" \/>\n\t<meta name=\"twitter:data1\" content=\"Moderador\" \/>\n\t<meta name=\"twitter:label2\" content=\"Tiempo de lectura\" \/>\n\t<meta name=\"twitter:data2\" content=\"1 minuto\" \/>\n<script type=\"application\/ld+json\" class=\"yoast-schema-graph\">{\"@context\":\"https:\/\/schema.org\",\"@graph\":[{\"@type\":\"Article\",\"@id\":\"https:\/\/www.padreydecano.com\/cms\/noticias\/jugaremos-la-semifinal-ante-botafogo-en-futbol-7\/#article\",\"isPartOf\":{\"@id\":\"https:\/\/www.padreydecano.com\/cms\/noticias\/jugaremos-la-semifinal-ante-botafogo-en-futbol-7\/\"},\"author\":{\"name\":\"Moderador\",\"@id\":\"https:\/\/www.padreydecano.com\/cms\/#\/schema\/person\/d93e9e537230ae052c194251d9a1def2\"},\"headline\":\"Jugaremos la semifinal ante Botafogo en F\u00fatbol 7\",\"datePublished\":\"2012-08-03T20:31:24+00:00\",\"dateModified\":\"2012-08-03T20:32:28+00:00\",\"mainEntityOfPage\":{\"@id\":\"https:\/\/www.padreydecano.com\/cms\/noticias\/jugaremos-la-semifinal-ante-botafogo-en-futbol-7\/\"},\"wordCount\":271,\"commentCount\":3,\"publisher\":{\"@id\":\"https:\/\/www.padreydecano.com\/cms\/#organization\"},\"image\":{\"@id\":\"https:\/\/www.padreydecano.com\/cms\/noticias\/jugaremos-la-semifinal-ante-botafogo-en-futbol-7\/#primaryimage\"},\"thumbnailUrl\":\"http:\/\/www.padreydecano.com\/cms\/wp-content\/uploads\/2012\/08\/flamengo-futbol7-300x190.jpg\",\"articleSection\":[\"Noticias\"],\"inLanguage\":\"es\",\"potentialAction\":[{\"@type\":\"CommentAction\",\"name\":\"Comment\",\"target\":[\"https:\/\/www.padreydecano.com\/cms\/noticias\/jugaremos-la-semifinal-ante-botafogo-en-futbol-7\/#respond\"]}]},{\"@type\":\"WebPage\",\"@id\":\"https:\/\/www.padreydecano.com\/cms\/noticias\/jugaremos-la-semifinal-ante-botafogo-en-futbol-7\/\",\"url\":\"https:\/\/www.padreydecano.com\/cms\/noticias\/jugaremos-la-semifinal-ante-botafogo-en-futbol-7\/\",\"name\":\"Jugaremos la semifinal ante Botafogo en F\u00fatbol 7 - Padre y Decano - El Sitio del Pueblo\",\"isPartOf\":{\"@id\":\"https:\/\/www.padreydecano.com\/cms\/#website\"},\"primaryImageOfPage\":{\"@id\":\"https:\/\/www.padreydecano.com\/cms\/noticias\/jugaremos-la-semifinal-ante-botafogo-en-futbol-7\/#primaryimage\"},\"image\":{\"@id\":\"https:\/\/www.padreydecano.com\/cms\/noticias\/jugaremos-la-semifinal-ante-botafogo-en-futbol-7\/#primaryimage\"},\"thumbnailUrl\":\"http:\/\/www.padreydecano.com\/cms\/wp-content\/uploads\/2012\/08\/flamengo-futbol7-300x190.jpg\",\"datePublished\":\"2012-08-03T20:31:24+00:00\",\"dateModified\":\"2012-08-03T20:32:28+00:00\",\"breadcrumb\":{\"@id\":\"https:\/\/www.padreydecano.com\/cms\/noticias\/jugaremos-la-semifinal-ante-botafogo-en-futbol-7\/#breadcrumb\"},\"inLanguage\":\"es\",\"potentialAction\":[{\"@type\":\"ReadAction\",\"target\":[\"https:\/\/www.padreydecano.com\/cms\/noticias\/jugaremos-la-semifinal-ante-botafogo-en-futbol-7\/\"]}]},{\"@type\":\"ImageObject\",\"inLanguage\":\"es\",\"@id\":\"https:\/\/www.padreydecano.com\/cms\/noticias\/jugaremos-la-semifinal-ante-botafogo-en-futbol-7\/#primaryimage\",\"url\":\"http:\/\/www.padreydecano.com\/cms\/wp-content\/uploads\/2012\/08\/flamengo-futbol7-300x190.jpg\",\"contentUrl\":\"http:\/\/www.padreydecano.com\/cms\/wp-content\/uploads\/2012\/08\/flamengo-futbol7-300x190.jpg\"},{\"@type\":\"BreadcrumbList\",\"@id\":\"https:\/\/www.padreydecano.com\/cms\/noticias\/jugaremos-la-semifinal-ante-botafogo-en-futbol-7\/#breadcrumb\",\"itemListElement\":[{\"@type\":\"ListItem\",\"position\":1,\"name\":\"Portada\",\"item\":\"https:\/\/www.padreydecano.com\/cms\/\"},{\"@type\":\"ListItem\",\"position\":2,\"name\":\"Jugaremos la semifinal ante Botafogo en F\u00fatbol 7\"}]},{\"@type\":\"WebSite\",\"@id\":\"https:\/\/www.padreydecano.com\/cms\/#website\",\"url\":\"https:\/\/www.padreydecano.com\/cms\/\",\"name\":\"Padre y Decano - El Sitio del Pueblo\",\"description\":\"Club Atl\u00e9tico Pe\u00f1arol\",\"publisher\":{\"@id\":\"https:\/\/www.padreydecano.com\/cms\/#organization\"},\"potentialAction\":[{\"@type\":\"SearchAction\",\"target\":{\"@type\":\"EntryPoint\",\"urlTemplate\":\"https:\/\/www.padreydecano.com\/cms\/?s={search_term_string}\"},\"query-input\":\"required name=search_term_string\"}],\"inLanguage\":\"es\"},{\"@type\":\"Organization\",\"@id\":\"https:\/\/www.padreydecano.com\/cms\/#organization\",\"name\":\"Padre y Decano\",\"url\":\"https:\/\/www.padreydecano.com\/cms\/\",\"logo\":{\"@type\":\"ImageObject\",\"inLanguage\":\"es\",\"@id\":\"https:\/\/www.padreydecano.com\/cms\/#\/schema\/logo\/image\/\",\"url\":\"https:\/\/www.padreydecano.com\/cms\/wp-content\/uploads\/2022\/01\/avatar-square.png\",\"contentUrl\":\"https:\/\/www.padreydecano.com\/cms\/wp-content\/uploads\/2022\/01\/avatar-square.png\",\"width\":1500,\"height\":1500,\"caption\":\"Padre y Decano\"},\"image\":{\"@id\":\"https:\/\/www.padreydecano.com\/cms\/#\/schema\/logo\/image\/\"}},{\"@type\":\"Person\",\"@id\":\"https:\/\/www.padreydecano.com\/cms\/#\/schema\/person\/d93e9e537230ae052c194251d9a1def2\",\"name\":\"Moderador\",\"image\":{\"@type\":\"ImageObject\",\"inLanguage\":\"es\",\"@id\":\"https:\/\/www.padreydecano.com\/cms\/#\/schema\/person\/image\/\",\"url\":\"https:\/\/secure.gravatar.com\/avatar\/2587727bf8a53bd3da4ec49f01bea66e?s=96&d=https%3A%2F%2Fpadreydecano.com%2Fcms%2Fwp-content%2Fthemes%2Fpyd-theme%2Fimg%2Fdefault-avatar.png&r=g\",\"contentUrl\":\"https:\/\/secure.gravatar.com\/avatar\/2587727bf8a53bd3da4ec49f01bea66e?s=96&d=https%3A%2F%2Fpadreydecano.com%2Fcms%2Fwp-content%2Fthemes%2Fpyd-theme%2Fimg%2Fdefault-avatar.png&r=g\",\"caption\":\"Moderador\"}}]}<\/script>\n<!-- \/ Yoast SEO plugin. -->","yoast_head_json":{"title":"Jugaremos la semifinal ante Botafogo en F\u00fatbol 7 - Padre y Decano - El Sitio del Pueblo","robots":{"index":"index","follow":"follow","max-snippet":"max-snippet:-1","max-image-preview":"max-image-preview:large","max-video-preview":"max-video-preview:-1"},"canonical":"https:\/\/www.padreydecano.com\/cms\/noticias\/jugaremos-la-semifinal-ante-botafogo-en-futbol-7\/","og_locale":"es_ES","og_type":"article","og_title":"Jugaremos la semifinal ante Botafogo en F\u00fatbol 7 - Padre y Decano - El Sitio del Pueblo","og_description":"Ca\u00edmos derrotados 5 a 1 ante el Flamengo por la segunda fecha de la fase de grupos del Mundialito de Clubes 2012 de F\u00fatbol 7 que se disputa en R\u00edo de Janeiro. Ambos equipos ven\u00edan de derrotar a Argentinos Juniors por lo que ya estab\u00e1bamos clasificados y en este encuentro estaba en juego el primer [&hellip;]","og_url":"https:\/\/www.padreydecano.com\/cms\/noticias\/jugaremos-la-semifinal-ante-botafogo-en-futbol-7\/","og_site_name":"Padre y Decano - El Sitio del Pueblo","article_published_time":"2012-08-03T20:31:24+00:00","article_modified_time":"2012-08-03T20:32:28+00:00","og_image":[{"url":"http:\/\/www.padreydecano.com\/cms\/wp-content\/uploads\/2012\/08\/flamengo-futbol7-300x190.jpg"}],"author":"Moderador","twitter_card":"summary_large_image","twitter_misc":{"Escrito por":"Moderador","Tiempo de lectura":"1 minuto"},"schema":{"@context":"https:\/\/schema.org","@graph":[{"@type":"Article","@id":"https:\/\/www.padreydecano.com\/cms\/noticias\/jugaremos-la-semifinal-ante-botafogo-en-futbol-7\/#article","isPartOf":{"@id":"https:\/\/www.padreydecano.com\/cms\/noticias\/jugaremos-la-semifinal-ante-botafogo-en-futbol-7\/"},"author":{"name":"Moderador","@id":"https:\/\/www.padreydecano.com\/cms\/#\/schema\/person\/d93e9e537230ae052c194251d9a1def2"},"headline":"Jugaremos la semifinal ante Botafogo en F\u00fatbol 7","datePublished":"2012-08-03T20:31:24+00:00","dateModified":"2012-08-03T20:32:28+00:00","mainEntityOfPage":{"@id":"https:\/\/www.padreydecano.com\/cms\/noticias\/jugaremos-la-semifinal-ante-botafogo-en-futbol-7\/"},"wordCount":271,"commentCount":3,"publisher":{"@id":"https:\/\/www.padreydecano.com\/cms\/#organization"},"image":{"@id":"https:\/\/www.padreydecano.com\/cms\/noticias\/jugaremos-la-semifinal-ante-botafogo-en-futbol-7\/#primaryimage"},"thumbnailUrl":"http:\/\/www.padreydecano.com\/cms\/wp-content\/uploads\/2012\/08\/flamengo-futbol7-300x190.jpg","articleSection":["Noticias"],"inLanguage":"es","potentialAction":[{"@type":"CommentAction","name":"Comment","target":["https:\/\/www.padreydecano.com\/cms\/noticias\/jugaremos-la-semifinal-ante-botafogo-en-futbol-7\/#respond"]}]},{"@type":"WebPage","@id":"https:\/\/www.padreydecano.com\/cms\/noticias\/jugaremos-la-semifinal-ante-botafogo-en-futbol-7\/","url":"https:\/\/www.padreydecano.com\/cms\/noticias\/jugaremos-la-semifinal-ante-botafogo-en-futbol-7\/","name":"Jugaremos la semifinal ante Botafogo en F\u00fatbol 7 - Padre y Decano - El Sitio del Pueblo","isPartOf":{"@id":"https:\/\/www.padreydecano.com\/cms\/#website"},"primaryImageOfPage":{"@id":"https:\/\/www.padreydecano.com\/cms\/noticias\/jugaremos-la-semifinal-ante-botafogo-en-futbol-7\/#primaryimage"},"image":{"@id":"https:\/\/www.padreydecano.com\/cms\/noticias\/jugaremos-la-semifinal-ante-botafogo-en-futbol-7\/#primaryimage"},"thumbnailUrl":"http:\/\/www.padreydecano.com\/cms\/wp-content\/uploads\/2012\/08\/flamengo-futbol7-300x190.jpg","datePublished":"2012-08-03T20:31:24+00:00","dateModified":"2012-08-03T20:32:28+00:00","breadcrumb":{"@id":"https:\/\/www.padreydecano.com\/cms\/noticias\/jugaremos-la-semifinal-ante-botafogo-en-futbol-7\/#breadcrumb"},"inLanguage":"es","potentialAction":[{"@type":"ReadAction","target":["https:\/\/www.padreydecano.com\/cms\/noticias\/jugaremos-la-semifinal-ante-botafogo-en-futbol-7\/"]}]},{"@type":"ImageObject","inLanguage":"es","@id":"https:\/\/www.padreydecano.com\/cms\/noticias\/jugaremos-la-semifinal-ante-botafogo-en-futbol-7\/#primaryimage","url":"http:\/\/www.padreydecano.com\/cms\/wp-content\/uploads\/2012\/08\/flamengo-futbol7-300x190.jpg","contentUrl":"http:\/\/www.padreydecano.com\/cms\/wp-content\/uploads\/2012\/08\/flamengo-futbol7-300x190.jpg"},{"@type":"BreadcrumbList","@id":"https:\/\/www.padreydecano.com\/cms\/noticias\/jugaremos-la-semifinal-ante-botafogo-en-futbol-7\/#breadcrumb","itemListElement":[{"@type":"ListItem","position":1,"name":"Portada","item":"https:\/\/www.padreydecano.com\/cms\/"},{"@type":"ListItem","position":2,"name":"Jugaremos la semifinal ante Botafogo en F\u00fatbol 7"}]},{"@type":"WebSite","@id":"https:\/\/www.padreydecano.com\/cms\/#website","url":"https:\/\/www.padreydecano.com\/cms\/","name":"Padre y Decano - El Sitio del Pueblo","description":"Club Atl\u00e9tico Pe\u00f1arol","publisher":{"@id":"https:\/\/www.padreydecano.com\/cms\/#organization"},"potentialAction":[{"@type":"SearchAction","target":{"@type":"EntryPoint","urlTemplate":"https:\/\/www.padreydecano.com\/cms\/?s={search_term_string}"},"query-input":"required name=search_term_string"}],"inLanguage":"es"},{"@type":"Organization","@id":"https:\/\/www.padreydecano.com\/cms\/#organization","name":"Padre y Decano","url":"https:\/\/www.padreydecano.com\/cms\/","logo":{"@type":"ImageObject","inLanguage":"es","@id":"https:\/\/www.padreydecano.com\/cms\/#\/schema\/logo\/image\/","url":"https:\/\/www.padreydecano.com\/cms\/wp-content\/uploads\/2022\/01\/avatar-square.png","contentUrl":"https:\/\/www.padreydecano.com\/cms\/wp-content\/uploads\/2022\/01\/avatar-square.png","width":1500,"height":1500,"caption":"Padre y Decano"},"image":{"@id":"https:\/\/www.padreydecano.com\/cms\/#\/schema\/logo\/image\/"}},{"@type":"Person","@id":"https:\/\/www.padreydecano.com\/cms\/#\/schema\/person\/d93e9e537230ae052c194251d9a1def2","name":"Moderador","image":{"@type":"ImageObject","inLanguage":"es","@id":"https:\/\/www.padreydecano.com\/cms\/#\/schema\/person\/image\/","url":"https:\/\/secure.gravatar.com\/avatar\/2587727bf8a53bd3da4ec49f01bea66e?s=96&d=https%3A%2F%2Fpadreydecano.com%2Fcms%2Fwp-content%2Fthemes%2Fpyd-theme%2Fimg%2Fdefault-avatar.png&r=g","contentUrl":"https:\/\/secure.gravatar.com\/avatar\/2587727bf8a53bd3da4ec49f01bea66e?s=96&d=https%3A%2F%2Fpadreydecano.com%2Fcms%2Fwp-content%2Fthemes%2Fpyd-theme%2Fimg%2Fdefault-avatar.png&r=g","caption":"Moderador"}}]}},"_links":{"self":[{"href":"https:\/\/www.padreydecano.com\/cms\/wp-json\/wp\/v2\/posts\/27479"}],"collection":[{"href":"https:\/\/www.padreydecano.com\/cms\/wp-json\/wp\/v2\/posts"}],"about":[{"href":"https:\/\/www.padreydecano.com\/cms\/wp-json\/wp\/v2\/types\/post"}],"author":[{"embeddable":true,"href":"https:\/\/www.padreydecano.com\/cms\/wp-json\/wp\/v2\/users\/13"}],"replies":[{"embeddable":true,"href":"https:\/\/www.padreydecano.com\/cms\/wp-json\/wp\/v2\/comments?post=27479"}],"version-history":[{"count":0,"href":"https:\/\/www.padreydecano.com\/cms\/wp-json\/wp\/v2\/posts\/27479\/revisions"}],"wp:attachment":[{"href":"https:\/\/www.padreydecano.com\/cms\/wp-json\/wp\/v2\/media?parent=27479"}],"wp:term":[{"taxonomy":"category","embeddable":true,"href":"https:\/\/www.padreydecano.com\/cms\/wp-json\/wp\/v2\/categories?post=27479"},{"taxonomy":"post_tag","embeddable":true,"href":"https:\/\/www.padreydecano.com\/cms\/wp-json\/wp\/v2\/tags?post=27479"}],"curies":[{"name":"wp","href":"https:\/\/api.w.org\/{rel}","templated":true}]}}