{"id":27456,"date":"2012-08-03T17:53:36","date_gmt":"2012-08-03T20:53:36","guid":{"rendered":"http:\/\/www.padreydecano.com\/cms\/?p=27456"},"modified":"2012-08-11T16:30:49","modified_gmt":"2012-08-11T19:30:49","slug":"lo-mas-leido-de-la-semana-1","status":"publish","type":"post","link":"https:\/\/www.padreydecano.com\/cms\/noticias\/lo-mas-leido-de-la-semana-1\/","title":{"rendered":"Lo m\u00e1s le\u00eddo de la semana (1)"},"content":{"rendered":"<p style=\"text-align: justify;\"><strong>Finaliza otra semana de pre-temporada de cara a la pr\u00f3xima campa\u00f1a y te invitamos a repasar lo m\u00e1s relevante de la semana en Padre y Decano.<\/strong><\/p>\n<table class=\"comun\">\n<tbody>\n<tr>\n<td style=\"text-align: justify; padding: 10px;\"><strong><span style=\"color: #ffcc02;\">Noticias: Lo \u00faltimo del estadio<br \/>\n<\/span><br \/>\n<\/strong>La novela de nunca acabar escribi\u00f3 un nuevo cap\u00edtulo en estos d\u00edas. Transcribimos en esta nota los fragmentos m\u00e1s importantes de los art\u00edculos de prensa con las negritas por <strong>Padre y Decano<\/strong>. <strong>Notas extra\u00eddas de El Observador y Subrayado.<br \/>\n<a href=\"https:\/\/www.padreydecano.com\/cms\/noticias\/lo-ultimo-del-estadio\/\" target=\"_blank\">Leer nota completa\u00a0\u00bb<\/a><\/strong><\/td>\n<td><a href=\"https:\/\/www.padreydecano.com\/cms\/noticias\/informe-de-nuestro-futuro-estadio\/attachment\/estadio_penarol\/\" rel=\"attachment wp-att-11597\"><img loading=\"lazy\" decoding=\"async\" class=\"aligncenter size-thumbnail wp-image-11597\" src=\"https:\/\/www.padreydecano.com\/cms\/wp-content\/uploads\/2011\/12\/estadio_pe\u00f1arol-150x150.jpg\" alt=\"\" width=\"150\" height=\"150\" srcset=\"https:\/\/www.padreydecano.com\/cms\/wp-content\/uploads\/2011\/12\/estadio_pe\u00f1arol-150x150.jpg 150w, https:\/\/www.padreydecano.com\/cms\/wp-content\/uploads\/2011\/12\/estadio_pe\u00f1arol-36x36.jpg 36w, https:\/\/www.padreydecano.com\/cms\/wp-content\/uploads\/2011\/12\/estadio_pe\u00f1arol-115x115.jpg 115w\" sizes=\"(max-width: 150px) 100vw, 150px\" \/><\/a><\/td>\n<\/tr>\n<\/tbody>\n<\/table>\n<table class=\"presidentes\">\n<tbody>\n<tr>\n<td style=\"text-align: justify; padding: 10px;\"><strong><span style=\"color: #ffcc02;\">Curiosidades: El Pe\u00f1arol Wien de Austria<br \/>\n<\/span><br \/>\n<\/strong>El <strong>Club Pe\u00f1arol Wien de Austria<\/strong> es un peque\u00f1o club amateur constituido por estudiantes de entre 20 y 35 a\u00f1os. \u00a0Wien es el nombre alem\u00e1n para Viena, capital de Austria. Cuentan con dos equipos, una formaci\u00f3n titular y la reserva, conformando un plantel de aproximadamente 30 jugadores, <strong><strong>todos de nacionalidad austriaca.<br \/>\n<\/strong><a href=\"https:\/\/www.padreydecano.com\/cms\/noticias\/el-penarol-wien-de-austria\/\" target=\"_blank\">Leer nota completa\u00a0\u00bb<\/a><\/strong><\/td>\n<td><a href=\"https:\/\/www.padreydecano.com\/cms\/noticias\/el-penarol-wien-de-austria\/\" rel=\"attachment wp-att-27253\"><img loading=\"lazy\" decoding=\"async\" class=\"aligncenter size-thumbnail wp-image-27253\" src=\"https:\/\/www.padreydecano.com\/cms\/wp-content\/uploads\/2012\/07\/Image_14-150x150.jpg\" alt=\"\" width=\"150\" height=\"150\" srcset=\"https:\/\/www.padreydecano.com\/cms\/wp-content\/uploads\/2012\/07\/Image_14-150x150.jpg 150w, https:\/\/www.padreydecano.com\/cms\/wp-content\/uploads\/2012\/07\/Image_14-36x36.jpg 36w, https:\/\/www.padreydecano.com\/cms\/wp-content\/uploads\/2012\/07\/Image_14-115x115.jpg 115w\" sizes=\"(max-width: 150px) 100vw, 150px\" \/><\/a><\/td>\n<\/tr>\n<\/tbody>\n<\/table>\n<table class=\"presidentes\">\n<tbody>\n<tr>\n<td style=\"text-align: justify; padding: 10px;\"><strong><span style=\"color: #ffcc02;\">Noticias: El arco tiene due\u00f1o argentino: Enrique Bologna<br \/>\n<\/span><br \/>\n<\/strong>Se da como confirmada la llegada de <strong>Enrique Bologna<\/strong>, arquero de 30 a\u00f1os (13 de febrero de 1982), que viene de jugar la \u00faltima temporada en Uni\u00f3n de Santa F\u00e9 recibiendo 20 goles en 19 partidos en el \u00faltimo Clausura, donde el equipo rojiblanco logr\u00f3 su objetivo de evitar el descenso al empatar con Estudiantes de local en la \u00faltima fecha.<br \/>\n<strong><a href=\"https:\/\/www.padreydecano.com\/cms\/noticias\/el-arco-tiene-dueno-argentino\/\" target=\"_blank\">Leer nota completa\u00a0\u00bb<\/a><\/strong><\/td>\n<td><a href=\"https:\/\/www.padreydecano.com\/cms\/noticias\/el-arco-tiene-dueno-argentino\/attachment\/bologna\/\" rel=\"attachment wp-att-27403\"><img loading=\"lazy\" decoding=\"async\" class=\"aligncenter size-thumbnail wp-image-27403\" title=\"bologna\" src=\"https:\/\/www.padreydecano.com\/cms\/wp-content\/uploads\/2012\/08\/bologna-150x150.jpg\" alt=\"\" width=\"150\" height=\"150\" srcset=\"https:\/\/www.padreydecano.com\/cms\/wp-content\/uploads\/2012\/08\/bologna-150x150.jpg 150w, https:\/\/www.padreydecano.com\/cms\/wp-content\/uploads\/2012\/08\/bologna-36x36.jpg 36w, https:\/\/www.padreydecano.com\/cms\/wp-content\/uploads\/2012\/08\/bologna-115x115.jpg 115w\" sizes=\"(max-width: 150px) 100vw, 150px\" \/><\/a><\/td>\n<\/tr>\n<\/tbody>\n<\/table>\n<table class=\"presidentes\">\n<tbody>\n<tr>\n<td style=\"text-align: justify; padding: 10px;\"><strong><strong><strong><span style=\"color: #ffcc02;\">Noticias: Victoria con goles en todas las l\u00edneas<\/p>\n<p><\/span><\/strong><\/strong><\/strong>Pe\u00f1arol derrot\u00f3 3 a 0 a Miramar Misiones con goles de Zalayeta, V\u00e1zquez y Macaluso en una gris y h\u00fameda ma\u00f1ana en el<a title=\"Centro de Alto Rendimiento (CAR)\" href=\"https:\/\/www.padreydecano.com\/cms\/centro-de-alto-rendimiento-car\/\" target=\"_blank\"> CAR<\/a>. A diferencia del sistema que se ven\u00eda implementando en los anteriores amistosos de pr\u00e1ctica, esta vez se jug\u00f3 un solo partido con la posibilidad para algunos jugadores de volver a ingresar luego de haber salido.<br \/>\n<a href=\"https:\/\/www.padreydecano.com\/cms\/partido-a-partido\/fotos-vs-miramar-misiones-amistoso-01-08-2012\/\" target=\"_blank\"><strong>Galer\u00eda de fotos\u00a0\u00bb<\/strong><br \/>\n<\/a><strong><a href=\"https:\/\/www.padreydecano.com\/cms\/partidos\/victoria-con-goles-en-todas-las-lineas\" target=\"_blank\">Leer nota completa\u00a0\u00bb<\/a><\/strong><\/td>\n<td><a href=\"https:\/\/www.padreydecano.com\/cms\/noticias\/el-arco-tiene-dueno-argentino\/attachment\/bologna\/\" rel=\"attachment wp-att-27393\"><img loading=\"lazy\" decoding=\"async\" class=\"aligncenter size-thumbnail wp-image-27393\" src=\"https:\/\/www.padreydecano.com\/cms\/wp-content\/uploads\/2012\/08\/DSC_0257-150x150.jpg\" alt=\"\" width=\"150\" height=\"150\" srcset=\"https:\/\/www.padreydecano.com\/cms\/wp-content\/uploads\/2012\/08\/DSC_0257-150x150.jpg 150w, https:\/\/www.padreydecano.com\/cms\/wp-content\/uploads\/2012\/08\/DSC_0257-36x36.jpg 36w, https:\/\/www.padreydecano.com\/cms\/wp-content\/uploads\/2012\/08\/DSC_0257-115x115.jpg 115w\" sizes=\"(max-width: 150px) 100vw, 150px\" \/><\/a><\/td>\n<\/tr>\n<\/tbody>\n<\/table>\n<table class=\"presidentes\">\n<tbody>\n<tr>\n<td style=\"text-align: justify; padding: 10px;\"><strong><strong><strong><span style=\"color: #ffcc02;\">Columna: \u00bfUn nuevo beneficio para los socios?<\/p>\n<p><\/span><\/strong><\/strong><\/strong>Probablemente esto se podr\u00eda resumir en un tweet pero me niego a expresar mis ideas en t\u00e9rminos de 140 caracteres. Por lo menos a hacerlo siempre.<strong> Nueva columna de \u00ab\u00c1msterdam Agotada\u00bb<\/strong>.<br \/>\n<strong><a href=\"https:\/\/www.padreydecano.com\/cms\/columnas\/un-nuevo-beneficio-para-los-socios\/\" target=\"_blank\">Leer columna completa\u00a0\u00bb<\/a><\/strong><\/td>\n<td><a href=\"https:\/\/www.padreydecano.com\/cms\/columnas\/un-nuevo-beneficio-para-los-socios\/\" rel=\"attachment wp-att-27468\"><img loading=\"lazy\" decoding=\"async\" class=\"aligncenter size-thumbnail wp-image-27468\" src=\"https:\/\/www.padreydecano.com\/cms\/wp-content\/uploads\/2012\/08\/Clasico_Buscate-11-Copiar-150x150.jpg\" alt=\"\" width=\"150\" height=\"150\" srcset=\"https:\/\/www.padreydecano.com\/cms\/wp-content\/uploads\/2012\/08\/Clasico_Buscate-11-Copiar-150x150.jpg 150w, https:\/\/www.padreydecano.com\/cms\/wp-content\/uploads\/2012\/08\/Clasico_Buscate-11-Copiar-36x36.jpg 36w, https:\/\/www.padreydecano.com\/cms\/wp-content\/uploads\/2012\/08\/Clasico_Buscate-11-Copiar-115x115.jpg 115w\" sizes=\"(max-width: 150px) 100vw, 150px\" \/><\/a><\/td>\n<\/tr>\n<\/tbody>\n<\/table>\n<table class=\"presidentes\">\n<tbody>\n<tr>\n<td style=\"text-align: justify; padding: 10px;\"><strong><strong><strong><strong><strong><strong><span style=\"color: #ffcc02;\">Noticias: Finaliz\u00f3 la campa\u00f1a del abrigo 2012 de las Pe\u00f1as<\/span><\/strong><\/strong><\/strong><\/p>\n<p><strong>La <a href=\"https:\/\/www.padreydecano.com\/cms\/comision\/\" target=\"_blank\">Comisi\u00f3n de Pe\u00f1as<\/a> del Club Atl\u00e9tico Pe\u00f1arol dio por finalizada la <strong>Campa\u00f1a del Abrigo 2012<\/strong>que hab\u00eda comenzado en marzo. La respuesta de las Pe\u00f1as fue muy positiva ya que se sumaron 15 a esta\u00a0iniciativa. Fue impresionante todo lo que recolect\u00f3 cada Pe\u00f1a en su ciudad. Hubo muchos d\u00edas de intenso trabajo para poder recolectar la mayor cantidad de prendas posible y de esa forma ayudar a los m\u00e1s necesitados; los resultados est\u00e1n a la vista.<br \/>\n<strong><a href=\"https:\/\/www.padreydecano.com\/cms\/penas\/finalizo-campana-del-abrigo-2012-de-la-penas\/\" target=\"_blank\">Leer nota completa\u00a0\u00bb<\/a><\/strong><\/strong><\/strong><\/strong><\/strong><\/td>\n<td><a href=\"https:\/\/www.padreydecano.com\/cms\/penas\/finalizo-campana-del-abrigo-2012-de-la-penas\/\" rel=\"attachment wp-att-25653\"><img loading=\"lazy\" decoding=\"async\" class=\"aligncenter size-thumbnail wp-image-25653\" src=\"https:\/\/www.padreydecano.com\/cms\/wp-content\/uploads\/2012\/07\/foto-311-150x150.jpg\" alt=\"\" width=\"150\" height=\"150\" srcset=\"https:\/\/www.padreydecano.com\/cms\/wp-content\/uploads\/2012\/07\/foto-311-150x150.jpg 150w, https:\/\/www.padreydecano.com\/cms\/wp-content\/uploads\/2012\/07\/foto-311-36x36.jpg 36w, https:\/\/www.padreydecano.com\/cms\/wp-content\/uploads\/2012\/07\/foto-311-115x115.jpg 115w\" sizes=\"(max-width: 150px) 100vw, 150px\" \/><\/a><\/td>\n<\/tr>\n<\/tbody>\n<\/table>\n","protected":false},"excerpt":{"rendered":"<p>Finaliza otra semana de pre-temporada de cara a la pr\u00f3xima campa\u00f1a y te invitamos a repasar lo m\u00e1s relevante de la semana en Padre y Decano.<\/p>\n","protected":false},"author":16,"featured_media":27474,"comment_status":"open","ping_status":"closed","sticky":false,"template":"","format":"standard","meta":{"footnotes":""},"categories":[1],"tags":[],"yoast_head":"<!-- This site is optimized with the Yoast SEO plugin v23.2 - https:\/\/yoast.com\/wordpress\/plugins\/seo\/ -->\n<title>Lo m\u00e1s le\u00eddo de la semana (1) - Padre y Decano - El Sitio del Pueblo<\/title>\n<meta name=\"robots\" content=\"index, follow, max-snippet:-1, max-image-preview:large, max-video-preview:-1\" \/>\n<link rel=\"canonical\" href=\"https:\/\/www.padreydecano.com\/cms\/noticias\/lo-mas-leido-de-la-semana-1\/\" \/>\n<meta property=\"og:locale\" content=\"es_ES\" \/>\n<meta property=\"og:type\" content=\"article\" \/>\n<meta property=\"og:title\" content=\"Lo m\u00e1s le\u00eddo de la semana (1) - Padre y Decano - El Sitio del Pueblo\" \/>\n<meta property=\"og:description\" content=\"Finaliza otra semana de pre-temporada de cara a la pr\u00f3xima campa\u00f1a y te invitamos a repasar lo m\u00e1s relevante de la semana en Padre y Decano.\" \/>\n<meta property=\"og:url\" content=\"https:\/\/www.padreydecano.com\/cms\/noticias\/lo-mas-leido-de-la-semana-1\/\" \/>\n<meta property=\"og:site_name\" content=\"Padre y Decano - El Sitio del Pueblo\" \/>\n<meta property=\"article:published_time\" content=\"2012-08-03T20:53:36+00:00\" \/>\n<meta property=\"article:modified_time\" content=\"2012-08-11T19:30:49+00:00\" \/>\n<meta property=\"og:image\" content=\"https:\/\/www.padreydecano.com\/cms\/wp-content\/uploads\/2012\/08\/lo-mas-leido.jpg\" \/>\n\t<meta property=\"og:image:width\" content=\"640\" \/>\n\t<meta property=\"og:image:height\" content=\"250\" \/>\n\t<meta property=\"og:image:type\" content=\"image\/jpeg\" \/>\n<meta name=\"author\" content=\"mariano\" \/>\n<meta name=\"twitter:card\" content=\"summary_large_image\" \/>\n<meta name=\"twitter:label1\" content=\"Escrito por\" \/>\n\t<meta name=\"twitter:data1\" content=\"mariano\" \/>\n\t<meta name=\"twitter:label2\" content=\"Tiempo de lectura\" \/>\n\t<meta name=\"twitter:data2\" content=\"2 minutos\" \/>\n<script type=\"application\/ld+json\" class=\"yoast-schema-graph\">{\"@context\":\"https:\/\/schema.org\",\"@graph\":[{\"@type\":\"Article\",\"@id\":\"https:\/\/www.padreydecano.com\/cms\/noticias\/lo-mas-leido-de-la-semana-1\/#article\",\"isPartOf\":{\"@id\":\"https:\/\/www.padreydecano.com\/cms\/noticias\/lo-mas-leido-de-la-semana-1\/\"},\"author\":{\"name\":\"mariano\",\"@id\":\"https:\/\/www.padreydecano.com\/cms\/#\/schema\/person\/da0f0e72c91242bc7c270c61c9798d01\"},\"headline\":\"Lo m\u00e1s le\u00eddo de la semana (1)\",\"datePublished\":\"2012-08-03T20:53:36+00:00\",\"dateModified\":\"2012-08-11T19:30:49+00:00\",\"mainEntityOfPage\":{\"@id\":\"https:\/\/www.padreydecano.com\/cms\/noticias\/lo-mas-leido-de-la-semana-1\/\"},\"wordCount\":444,\"commentCount\":1,\"publisher\":{\"@id\":\"https:\/\/www.padreydecano.com\/cms\/#organization\"},\"image\":{\"@id\":\"https:\/\/www.padreydecano.com\/cms\/noticias\/lo-mas-leido-de-la-semana-1\/#primaryimage\"},\"thumbnailUrl\":\"https:\/\/www.padreydecano.com\/cms\/wp-content\/uploads\/2012\/08\/lo-mas-leido.jpg\",\"articleSection\":[\"Noticias\"],\"inLanguage\":\"es\",\"potentialAction\":[{\"@type\":\"CommentAction\",\"name\":\"Comment\",\"target\":[\"https:\/\/www.padreydecano.com\/cms\/noticias\/lo-mas-leido-de-la-semana-1\/#respond\"]}]},{\"@type\":\"WebPage\",\"@id\":\"https:\/\/www.padreydecano.com\/cms\/noticias\/lo-mas-leido-de-la-semana-1\/\",\"url\":\"https:\/\/www.padreydecano.com\/cms\/noticias\/lo-mas-leido-de-la-semana-1\/\",\"name\":\"Lo m\u00e1s le\u00eddo de la semana (1) - Padre y Decano - El Sitio del Pueblo\",\"isPartOf\":{\"@id\":\"https:\/\/www.padreydecano.com\/cms\/#website\"},\"primaryImageOfPage\":{\"@id\":\"https:\/\/www.padreydecano.com\/cms\/noticias\/lo-mas-leido-de-la-semana-1\/#primaryimage\"},\"image\":{\"@id\":\"https:\/\/www.padreydecano.com\/cms\/noticias\/lo-mas-leido-de-la-semana-1\/#primaryimage\"},\"thumbnailUrl\":\"https:\/\/www.padreydecano.com\/cms\/wp-content\/uploads\/2012\/08\/lo-mas-leido.jpg\",\"datePublished\":\"2012-08-03T20:53:36+00:00\",\"dateModified\":\"2012-08-11T19:30:49+00:00\",\"breadcrumb\":{\"@id\":\"https:\/\/www.padreydecano.com\/cms\/noticias\/lo-mas-leido-de-la-semana-1\/#breadcrumb\"},\"inLanguage\":\"es\",\"potentialAction\":[{\"@type\":\"ReadAction\",\"target\":[\"https:\/\/www.padreydecano.com\/cms\/noticias\/lo-mas-leido-de-la-semana-1\/\"]}]},{\"@type\":\"ImageObject\",\"inLanguage\":\"es\",\"@id\":\"https:\/\/www.padreydecano.com\/cms\/noticias\/lo-mas-leido-de-la-semana-1\/#primaryimage\",\"url\":\"https:\/\/www.padreydecano.com\/cms\/wp-content\/uploads\/2012\/08\/lo-mas-leido.jpg\",\"contentUrl\":\"https:\/\/www.padreydecano.com\/cms\/wp-content\/uploads\/2012\/08\/lo-mas-leido.jpg\",\"width\":\"640\",\"height\":\"250\"},{\"@type\":\"BreadcrumbList\",\"@id\":\"https:\/\/www.padreydecano.com\/cms\/noticias\/lo-mas-leido-de-la-semana-1\/#breadcrumb\",\"itemListElement\":[{\"@type\":\"ListItem\",\"position\":1,\"name\":\"Portada\",\"item\":\"https:\/\/www.padreydecano.com\/cms\/\"},{\"@type\":\"ListItem\",\"position\":2,\"name\":\"Lo m\u00e1s le\u00eddo de la semana (1)\"}]},{\"@type\":\"WebSite\",\"@id\":\"https:\/\/www.padreydecano.com\/cms\/#website\",\"url\":\"https:\/\/www.padreydecano.com\/cms\/\",\"name\":\"Padre y Decano - El Sitio del Pueblo\",\"description\":\"Club Atl\u00e9tico Pe\u00f1arol\",\"publisher\":{\"@id\":\"https:\/\/www.padreydecano.com\/cms\/#organization\"},\"potentialAction\":[{\"@type\":\"SearchAction\",\"target\":{\"@type\":\"EntryPoint\",\"urlTemplate\":\"https:\/\/www.padreydecano.com\/cms\/?s={search_term_string}\"},\"query-input\":\"required name=search_term_string\"}],\"inLanguage\":\"es\"},{\"@type\":\"Organization\",\"@id\":\"https:\/\/www.padreydecano.com\/cms\/#organization\",\"name\":\"Padre y Decano\",\"url\":\"https:\/\/www.padreydecano.com\/cms\/\",\"logo\":{\"@type\":\"ImageObject\",\"inLanguage\":\"es\",\"@id\":\"https:\/\/www.padreydecano.com\/cms\/#\/schema\/logo\/image\/\",\"url\":\"https:\/\/www.padreydecano.com\/cms\/wp-content\/uploads\/2022\/01\/avatar-square.png\",\"contentUrl\":\"https:\/\/www.padreydecano.com\/cms\/wp-content\/uploads\/2022\/01\/avatar-square.png\",\"width\":1500,\"height\":1500,\"caption\":\"Padre y Decano\"},\"image\":{\"@id\":\"https:\/\/www.padreydecano.com\/cms\/#\/schema\/logo\/image\/\"}},{\"@type\":\"Person\",\"@id\":\"https:\/\/www.padreydecano.com\/cms\/#\/schema\/person\/da0f0e72c91242bc7c270c61c9798d01\",\"name\":\"mariano\",\"image\":{\"@type\":\"ImageObject\",\"inLanguage\":\"es\",\"@id\":\"https:\/\/www.padreydecano.com\/cms\/#\/schema\/person\/image\/\",\"url\":\"https:\/\/secure.gravatar.com\/avatar\/771335714915d00ec253a5e994c2f830?s=96&d=https%3A%2F%2Fpadreydecano.com%2Fcms%2Fwp-content%2Fthemes%2Fpyd-theme%2Fimg%2Fdefault-avatar.png&r=g\",\"contentUrl\":\"https:\/\/secure.gravatar.com\/avatar\/771335714915d00ec253a5e994c2f830?s=96&d=https%3A%2F%2Fpadreydecano.com%2Fcms%2Fwp-content%2Fthemes%2Fpyd-theme%2Fimg%2Fdefault-avatar.png&r=g\",\"caption\":\"mariano\"}}]}<\/script>\n<!-- \/ Yoast SEO plugin. -->","yoast_head_json":{"title":"Lo m\u00e1s le\u00eddo de la semana (1) - Padre y Decano - El Sitio del Pueblo","robots":{"index":"index","follow":"follow","max-snippet":"max-snippet:-1","max-image-preview":"max-image-preview:large","max-video-preview":"max-video-preview:-1"},"canonical":"https:\/\/www.padreydecano.com\/cms\/noticias\/lo-mas-leido-de-la-semana-1\/","og_locale":"es_ES","og_type":"article","og_title":"Lo m\u00e1s le\u00eddo de la semana (1) - Padre y Decano - El Sitio del Pueblo","og_description":"Finaliza otra semana de pre-temporada de cara a la pr\u00f3xima campa\u00f1a y te invitamos a repasar lo m\u00e1s relevante de la semana en Padre y Decano.","og_url":"https:\/\/www.padreydecano.com\/cms\/noticias\/lo-mas-leido-de-la-semana-1\/","og_site_name":"Padre y Decano - El Sitio del Pueblo","article_published_time":"2012-08-03T20:53:36+00:00","article_modified_time":"2012-08-11T19:30:49+00:00","og_image":[{"width":640,"height":250,"url":"https:\/\/www.padreydecano.com\/cms\/wp-content\/uploads\/2012\/08\/lo-mas-leido.jpg","type":"image\/jpeg"}],"author":"mariano","twitter_card":"summary_large_image","twitter_misc":{"Escrito por":"mariano","Tiempo de lectura":"2 minutos"},"schema":{"@context":"https:\/\/schema.org","@graph":[{"@type":"Article","@id":"https:\/\/www.padreydecano.com\/cms\/noticias\/lo-mas-leido-de-la-semana-1\/#article","isPartOf":{"@id":"https:\/\/www.padreydecano.com\/cms\/noticias\/lo-mas-leido-de-la-semana-1\/"},"author":{"name":"mariano","@id":"https:\/\/www.padreydecano.com\/cms\/#\/schema\/person\/da0f0e72c91242bc7c270c61c9798d01"},"headline":"Lo m\u00e1s le\u00eddo de la semana (1)","datePublished":"2012-08-03T20:53:36+00:00","dateModified":"2012-08-11T19:30:49+00:00","mainEntityOfPage":{"@id":"https:\/\/www.padreydecano.com\/cms\/noticias\/lo-mas-leido-de-la-semana-1\/"},"wordCount":444,"commentCount":1,"publisher":{"@id":"https:\/\/www.padreydecano.com\/cms\/#organization"},"image":{"@id":"https:\/\/www.padreydecano.com\/cms\/noticias\/lo-mas-leido-de-la-semana-1\/#primaryimage"},"thumbnailUrl":"https:\/\/www.padreydecano.com\/cms\/wp-content\/uploads\/2012\/08\/lo-mas-leido.jpg","articleSection":["Noticias"],"inLanguage":"es","potentialAction":[{"@type":"CommentAction","name":"Comment","target":["https:\/\/www.padreydecano.com\/cms\/noticias\/lo-mas-leido-de-la-semana-1\/#respond"]}]},{"@type":"WebPage","@id":"https:\/\/www.padreydecano.com\/cms\/noticias\/lo-mas-leido-de-la-semana-1\/","url":"https:\/\/www.padreydecano.com\/cms\/noticias\/lo-mas-leido-de-la-semana-1\/","name":"Lo m\u00e1s le\u00eddo de la semana (1) - Padre y Decano - El Sitio del Pueblo","isPartOf":{"@id":"https:\/\/www.padreydecano.com\/cms\/#website"},"primaryImageOfPage":{"@id":"https:\/\/www.padreydecano.com\/cms\/noticias\/lo-mas-leido-de-la-semana-1\/#primaryimage"},"image":{"@id":"https:\/\/www.padreydecano.com\/cms\/noticias\/lo-mas-leido-de-la-semana-1\/#primaryimage"},"thumbnailUrl":"https:\/\/www.padreydecano.com\/cms\/wp-content\/uploads\/2012\/08\/lo-mas-leido.jpg","datePublished":"2012-08-03T20:53:36+00:00","dateModified":"2012-08-11T19:30:49+00:00","breadcrumb":{"@id":"https:\/\/www.padreydecano.com\/cms\/noticias\/lo-mas-leido-de-la-semana-1\/#breadcrumb"},"inLanguage":"es","potentialAction":[{"@type":"ReadAction","target":["https:\/\/www.padreydecano.com\/cms\/noticias\/lo-mas-leido-de-la-semana-1\/"]}]},{"@type":"ImageObject","inLanguage":"es","@id":"https:\/\/www.padreydecano.com\/cms\/noticias\/lo-mas-leido-de-la-semana-1\/#primaryimage","url":"https:\/\/www.padreydecano.com\/cms\/wp-content\/uploads\/2012\/08\/lo-mas-leido.jpg","contentUrl":"https:\/\/www.padreydecano.com\/cms\/wp-content\/uploads\/2012\/08\/lo-mas-leido.jpg","width":"640","height":"250"},{"@type":"BreadcrumbList","@id":"https:\/\/www.padreydecano.com\/cms\/noticias\/lo-mas-leido-de-la-semana-1\/#breadcrumb","itemListElement":[{"@type":"ListItem","position":1,"name":"Portada","item":"https:\/\/www.padreydecano.com\/cms\/"},{"@type":"ListItem","position":2,"name":"Lo m\u00e1s le\u00eddo de la semana (1)"}]},{"@type":"WebSite","@id":"https:\/\/www.padreydecano.com\/cms\/#website","url":"https:\/\/www.padreydecano.com\/cms\/","name":"Padre y Decano - El Sitio del Pueblo","description":"Club Atl\u00e9tico Pe\u00f1arol","publisher":{"@id":"https:\/\/www.padreydecano.com\/cms\/#organization"},"potentialAction":[{"@type":"SearchAction","target":{"@type":"EntryPoint","urlTemplate":"https:\/\/www.padreydecano.com\/cms\/?s={search_term_string}"},"query-input":"required name=search_term_string"}],"inLanguage":"es"},{"@type":"Organization","@id":"https:\/\/www.padreydecano.com\/cms\/#organization","name":"Padre y Decano","url":"https:\/\/www.padreydecano.com\/cms\/","logo":{"@type":"ImageObject","inLanguage":"es","@id":"https:\/\/www.padreydecano.com\/cms\/#\/schema\/logo\/image\/","url":"https:\/\/www.padreydecano.com\/cms\/wp-content\/uploads\/2022\/01\/avatar-square.png","contentUrl":"https:\/\/www.padreydecano.com\/cms\/wp-content\/uploads\/2022\/01\/avatar-square.png","width":1500,"height":1500,"caption":"Padre y Decano"},"image":{"@id":"https:\/\/www.padreydecano.com\/cms\/#\/schema\/logo\/image\/"}},{"@type":"Person","@id":"https:\/\/www.padreydecano.com\/cms\/#\/schema\/person\/da0f0e72c91242bc7c270c61c9798d01","name":"mariano","image":{"@type":"ImageObject","inLanguage":"es","@id":"https:\/\/www.padreydecano.com\/cms\/#\/schema\/person\/image\/","url":"https:\/\/secure.gravatar.com\/avatar\/771335714915d00ec253a5e994c2f830?s=96&d=https%3A%2F%2Fpadreydecano.com%2Fcms%2Fwp-content%2Fthemes%2Fpyd-theme%2Fimg%2Fdefault-avatar.png&r=g","contentUrl":"https:\/\/secure.gravatar.com\/avatar\/771335714915d00ec253a5e994c2f830?s=96&d=https%3A%2F%2Fpadreydecano.com%2Fcms%2Fwp-content%2Fthemes%2Fpyd-theme%2Fimg%2Fdefault-avatar.png&r=g","caption":"mariano"}}]}},"_links":{"self":[{"href":"https:\/\/www.padreydecano.com\/cms\/wp-json\/wp\/v2\/posts\/27456"}],"collection":[{"href":"https:\/\/www.padreydecano.com\/cms\/wp-json\/wp\/v2\/posts"}],"about":[{"href":"https:\/\/www.padreydecano.com\/cms\/wp-json\/wp\/v2\/types\/post"}],"author":[{"embeddable":true,"href":"https:\/\/www.padreydecano.com\/cms\/wp-json\/wp\/v2\/users\/16"}],"replies":[{"embeddable":true,"href":"https:\/\/www.padreydecano.com\/cms\/wp-json\/wp\/v2\/comments?post=27456"}],"version-history":[{"count":0,"href":"https:\/\/www.padreydecano.com\/cms\/wp-json\/wp\/v2\/posts\/27456\/revisions"}],"wp:featuredmedia":[{"embeddable":true,"href":"https:\/\/www.padreydecano.com\/cms\/wp-json\/wp\/v2\/media\/27474"}],"wp:attachment":[{"href":"https:\/\/www.padreydecano.com\/cms\/wp-json\/wp\/v2\/media?parent=27456"}],"wp:term":[{"taxonomy":"category","embeddable":true,"href":"https:\/\/www.padreydecano.com\/cms\/wp-json\/wp\/v2\/categories?post=27456"},{"taxonomy":"post_tag","embeddable":true,"href":"https:\/\/www.padreydecano.com\/cms\/wp-json\/wp\/v2\/tags?post=27456"}],"curies":[{"name":"wp","href":"https:\/\/api.w.org\/{rel}","templated":true}]}}