{"id":27406,"date":"2012-08-02T08:09:35","date_gmt":"2012-08-02T11:09:35","guid":{"rendered":"http:\/\/www.padreydecano.com\/cms\/?p=27406"},"modified":"2012-08-02T01:14:10","modified_gmt":"2012-08-02T04:14:10","slug":"penarol-disputo-la-media-maraton-de-durazno","status":"publish","type":"post","link":"https:\/\/www.padreydecano.com\/cms\/otras-disciplinas\/penarol-disputo-la-media-maraton-de-durazno\/","title":{"rendered":"Pe\u00f1arol disput\u00f3 la Media Marat\u00f3n de Durazno"},"content":{"rendered":"<p style=\"text-align: justify;\"><img loading=\"lazy\" decoding=\"async\" class=\"alignleft  wp-image-27407\" src=\"https:\/\/www.padreydecano.com\/cms\/wp-content\/uploads\/2012\/08\/536838_4160919296...-copiar-36cea29-266x300.jpg\" alt=\"\" width=\"172\" height=\"194\" srcset=\"https:\/\/www.padreydecano.com\/cms\/wp-content\/uploads\/2012\/08\/536838_4160919296...-copiar-36cea29-266x300.jpg 266w, https:\/\/www.padreydecano.com\/cms\/wp-content\/uploads\/2012\/08\/536838_4160919296...-copiar-36cea29.jpg 518w\" sizes=\"(max-width: 172px) 100vw, 172px\" \/><\/p>\n<p style=\"text-align: justify;\">Este domingo 29 de julio se\u00a0corri\u00f3\u00a0la Media Marat\u00f3n de Durazno, por <strong>la segunda fecha del campeonato clasificatorio<\/strong> a la media\u00a0Marat\u00f3n\u00a0de\u00a0Asunci\u00f3n\u00a0(campeonato sudamericano).<\/p>\n<p style=\"text-align: justify;\">El equipo aurinegro\u00a0estuvo\u00a0representado por: <strong>Natalia Fern\u00e1ndez<\/strong> que obtuvo el primer puesto en su\u00a0categor\u00eda, <strong>Marisol Porto<\/strong> que conquist\u00f3 el tercer puesto en su\u00a0categor\u00eda, <strong>Marcelo Cukierman<\/strong> que acab\u00f3 s\u00e9ptimo en su\u00a0categor\u00eda, <strong>Adri\u00e1n S\u00e1nchez<\/strong> que concluy\u00f3 la carrera en el s\u00e9ptimo puesto en su\u00a0categor\u00eda y <strong>Miguel Fern\u00e1ndez<\/strong> que logr\u00f3 el quinto lugar en su\u00a0categor\u00eda.\u00a0Felicitamos a todos los corredores carboneros.<\/p>\n<p style=\"text-align: justify;\">El\u00a0pr\u00f3ximo\u00a0fin de semana del 4 y 5 de agosto el equipo\u00a0competir\u00e1 por <strong>el campeonato nacional de pista sub 20<\/strong> en la pista oficial de atletismo.\u00a0Invitamos a todos a los carboneros a concurrir a la pista de atletismo a apoyar a nuestro equipo a partir del\u00a0s\u00e1bado\u00a0a las 13 horas.<\/p>\n","protected":false},"excerpt":{"rendered":"<p>Este domingo 29 de julio se\u00a0corri\u00f3\u00a0la Media Marat\u00f3n de Durazno, por la segunda fecha del campeonato clasificatorio a la media\u00a0Marat\u00f3n\u00a0de\u00a0Asunci\u00f3n\u00a0(campeonato sudamericano). El equipo aurinegro\u00a0estuvo\u00a0representado por: Natalia Fern\u00e1ndez que obtuvo el primer puesto en su\u00a0categor\u00eda, Marisol Porto que conquist\u00f3 el tercer puesto en su\u00a0categor\u00eda, Marcelo Cukierman que acab\u00f3 s\u00e9ptimo en su\u00a0categor\u00eda, Adri\u00e1n S\u00e1nchez que concluy\u00f3 la [&hellip;]<\/p>\n","protected":false},"author":5,"featured_media":0,"comment_status":"open","ping_status":"closed","sticky":false,"template":"","format":"standard","meta":{"footnotes":""},"categories":[27],"tags":[37],"yoast_head":"<!-- This site is optimized with the Yoast SEO plugin v23.2 - https:\/\/yoast.com\/wordpress\/plugins\/seo\/ -->\n<title>Pe\u00f1arol disput\u00f3 la Media Marat\u00f3n de Durazno - Padre y Decano - El Sitio del Pueblo<\/title>\n<meta name=\"robots\" content=\"index, follow, max-snippet:-1, max-image-preview:large, max-video-preview:-1\" \/>\n<link rel=\"canonical\" href=\"https:\/\/www.padreydecano.com\/cms\/otras-disciplinas\/penarol-disputo-la-media-maraton-de-durazno\/\" \/>\n<meta property=\"og:locale\" content=\"es_ES\" \/>\n<meta property=\"og:type\" content=\"article\" \/>\n<meta property=\"og:title\" content=\"Pe\u00f1arol disput\u00f3 la Media Marat\u00f3n de Durazno - Padre y Decano - El Sitio del Pueblo\" \/>\n<meta property=\"og:description\" content=\"Este domingo 29 de julio se\u00a0corri\u00f3\u00a0la Media Marat\u00f3n de Durazno, por la segunda fecha del campeonato clasificatorio a la media\u00a0Marat\u00f3n\u00a0de\u00a0Asunci\u00f3n\u00a0(campeonato sudamericano). El equipo aurinegro\u00a0estuvo\u00a0representado por: Natalia Fern\u00e1ndez que obtuvo el primer puesto en su\u00a0categor\u00eda, Marisol Porto que conquist\u00f3 el tercer puesto en su\u00a0categor\u00eda, Marcelo Cukierman que acab\u00f3 s\u00e9ptimo en su\u00a0categor\u00eda, Adri\u00e1n S\u00e1nchez que concluy\u00f3 la [&hellip;]\" \/>\n<meta property=\"og:url\" content=\"https:\/\/www.padreydecano.com\/cms\/otras-disciplinas\/penarol-disputo-la-media-maraton-de-durazno\/\" \/>\n<meta property=\"og:site_name\" content=\"Padre y Decano - El Sitio del Pueblo\" \/>\n<meta property=\"article:published_time\" content=\"2012-08-02T11:09:35+00:00\" \/>\n<meta property=\"article:modified_time\" content=\"2012-08-02T04:14:10+00:00\" \/>\n<meta property=\"og:image\" content=\"http:\/\/www.padreydecano.com\/cms\/wp-content\/uploads\/2012\/08\/536838_4160919296...-copiar-36cea29-266x300.jpg\" \/>\n<meta name=\"author\" content=\"Emirona07\" \/>\n<meta name=\"twitter:card\" content=\"summary_large_image\" \/>\n<meta name=\"twitter:label1\" content=\"Escrito por\" \/>\n\t<meta name=\"twitter:data1\" content=\"Emirona07\" \/>\n\t<meta name=\"twitter:label2\" content=\"Tiempo de lectura\" \/>\n\t<meta name=\"twitter:data2\" content=\"1 minuto\" \/>\n<script type=\"application\/ld+json\" class=\"yoast-schema-graph\">{\"@context\":\"https:\/\/schema.org\",\"@graph\":[{\"@type\":\"Article\",\"@id\":\"https:\/\/www.padreydecano.com\/cms\/otras-disciplinas\/penarol-disputo-la-media-maraton-de-durazno\/#article\",\"isPartOf\":{\"@id\":\"https:\/\/www.padreydecano.com\/cms\/otras-disciplinas\/penarol-disputo-la-media-maraton-de-durazno\/\"},\"author\":{\"name\":\"Emirona07\",\"@id\":\"https:\/\/www.padreydecano.com\/cms\/#\/schema\/person\/51e0214db654d9624824b37c2838bb65\"},\"headline\":\"Pe\u00f1arol disput\u00f3 la Media Marat\u00f3n de Durazno\",\"datePublished\":\"2012-08-02T11:09:35+00:00\",\"dateModified\":\"2012-08-02T04:14:10+00:00\",\"mainEntityOfPage\":{\"@id\":\"https:\/\/www.padreydecano.com\/cms\/otras-disciplinas\/penarol-disputo-la-media-maraton-de-durazno\/\"},\"wordCount\":165,\"commentCount\":1,\"publisher\":{\"@id\":\"https:\/\/www.padreydecano.com\/cms\/#organization\"},\"image\":{\"@id\":\"https:\/\/www.padreydecano.com\/cms\/otras-disciplinas\/penarol-disputo-la-media-maraton-de-durazno\/#primaryimage\"},\"thumbnailUrl\":\"http:\/\/www.padreydecano.com\/cms\/wp-content\/uploads\/2012\/08\/536838_4160919296...-copiar-36cea29-266x300.jpg\",\"keywords\":[\"Atletismo\"],\"articleSection\":[\"Otras disciplinas\"],\"inLanguage\":\"es\",\"potentialAction\":[{\"@type\":\"CommentAction\",\"name\":\"Comment\",\"target\":[\"https:\/\/www.padreydecano.com\/cms\/otras-disciplinas\/penarol-disputo-la-media-maraton-de-durazno\/#respond\"]}]},{\"@type\":\"WebPage\",\"@id\":\"https:\/\/www.padreydecano.com\/cms\/otras-disciplinas\/penarol-disputo-la-media-maraton-de-durazno\/\",\"url\":\"https:\/\/www.padreydecano.com\/cms\/otras-disciplinas\/penarol-disputo-la-media-maraton-de-durazno\/\",\"name\":\"Pe\u00f1arol disput\u00f3 la Media Marat\u00f3n de Durazno - Padre y Decano - El Sitio del Pueblo\",\"isPartOf\":{\"@id\":\"https:\/\/www.padreydecano.com\/cms\/#website\"},\"primaryImageOfPage\":{\"@id\":\"https:\/\/www.padreydecano.com\/cms\/otras-disciplinas\/penarol-disputo-la-media-maraton-de-durazno\/#primaryimage\"},\"image\":{\"@id\":\"https:\/\/www.padreydecano.com\/cms\/otras-disciplinas\/penarol-disputo-la-media-maraton-de-durazno\/#primaryimage\"},\"thumbnailUrl\":\"http:\/\/www.padreydecano.com\/cms\/wp-content\/uploads\/2012\/08\/536838_4160919296...-copiar-36cea29-266x300.jpg\",\"datePublished\":\"2012-08-02T11:09:35+00:00\",\"dateModified\":\"2012-08-02T04:14:10+00:00\",\"breadcrumb\":{\"@id\":\"https:\/\/www.padreydecano.com\/cms\/otras-disciplinas\/penarol-disputo-la-media-maraton-de-durazno\/#breadcrumb\"},\"inLanguage\":\"es\",\"potentialAction\":[{\"@type\":\"ReadAction\",\"target\":[\"https:\/\/www.padreydecano.com\/cms\/otras-disciplinas\/penarol-disputo-la-media-maraton-de-durazno\/\"]}]},{\"@type\":\"ImageObject\",\"inLanguage\":\"es\",\"@id\":\"https:\/\/www.padreydecano.com\/cms\/otras-disciplinas\/penarol-disputo-la-media-maraton-de-durazno\/#primaryimage\",\"url\":\"http:\/\/www.padreydecano.com\/cms\/wp-content\/uploads\/2012\/08\/536838_4160919296...-copiar-36cea29-266x300.jpg\",\"contentUrl\":\"http:\/\/www.padreydecano.com\/cms\/wp-content\/uploads\/2012\/08\/536838_4160919296...-copiar-36cea29-266x300.jpg\"},{\"@type\":\"BreadcrumbList\",\"@id\":\"https:\/\/www.padreydecano.com\/cms\/otras-disciplinas\/penarol-disputo-la-media-maraton-de-durazno\/#breadcrumb\",\"itemListElement\":[{\"@type\":\"ListItem\",\"position\":1,\"name\":\"Portada\",\"item\":\"https:\/\/www.padreydecano.com\/cms\/\"},{\"@type\":\"ListItem\",\"position\":2,\"name\":\"Pe\u00f1arol disput\u00f3 la Media Marat\u00f3n de Durazno\"}]},{\"@type\":\"WebSite\",\"@id\":\"https:\/\/www.padreydecano.com\/cms\/#website\",\"url\":\"https:\/\/www.padreydecano.com\/cms\/\",\"name\":\"Padre y Decano - El Sitio del Pueblo\",\"description\":\"Club Atl\u00e9tico Pe\u00f1arol\",\"publisher\":{\"@id\":\"https:\/\/www.padreydecano.com\/cms\/#organization\"},\"potentialAction\":[{\"@type\":\"SearchAction\",\"target\":{\"@type\":\"EntryPoint\",\"urlTemplate\":\"https:\/\/www.padreydecano.com\/cms\/?s={search_term_string}\"},\"query-input\":\"required name=search_term_string\"}],\"inLanguage\":\"es\"},{\"@type\":\"Organization\",\"@id\":\"https:\/\/www.padreydecano.com\/cms\/#organization\",\"name\":\"Padre y Decano\",\"url\":\"https:\/\/www.padreydecano.com\/cms\/\",\"logo\":{\"@type\":\"ImageObject\",\"inLanguage\":\"es\",\"@id\":\"https:\/\/www.padreydecano.com\/cms\/#\/schema\/logo\/image\/\",\"url\":\"https:\/\/www.padreydecano.com\/cms\/wp-content\/uploads\/2022\/01\/avatar-square.png\",\"contentUrl\":\"https:\/\/www.padreydecano.com\/cms\/wp-content\/uploads\/2022\/01\/avatar-square.png\",\"width\":1500,\"height\":1500,\"caption\":\"Padre y Decano\"},\"image\":{\"@id\":\"https:\/\/www.padreydecano.com\/cms\/#\/schema\/logo\/image\/\"}},{\"@type\":\"Person\",\"@id\":\"https:\/\/www.padreydecano.com\/cms\/#\/schema\/person\/51e0214db654d9624824b37c2838bb65\",\"name\":\"Emirona07\",\"image\":{\"@type\":\"ImageObject\",\"inLanguage\":\"es\",\"@id\":\"https:\/\/www.padreydecano.com\/cms\/#\/schema\/person\/image\/\",\"url\":\"https:\/\/secure.gravatar.com\/avatar\/93c9118dbd5373a8a065bb5cdddde6bf?s=96&d=https%3A%2F%2Fpadreydecano.com%2Fcms%2Fwp-content%2Fthemes%2Fpyd-theme%2Fimg%2Fdefault-avatar.png&r=g\",\"contentUrl\":\"https:\/\/secure.gravatar.com\/avatar\/93c9118dbd5373a8a065bb5cdddde6bf?s=96&d=https%3A%2F%2Fpadreydecano.com%2Fcms%2Fwp-content%2Fthemes%2Fpyd-theme%2Fimg%2Fdefault-avatar.png&r=g\",\"caption\":\"Emirona07\"}}]}<\/script>\n<!-- \/ Yoast SEO plugin. -->","yoast_head_json":{"title":"Pe\u00f1arol disput\u00f3 la Media Marat\u00f3n de Durazno - Padre y Decano - El Sitio del Pueblo","robots":{"index":"index","follow":"follow","max-snippet":"max-snippet:-1","max-image-preview":"max-image-preview:large","max-video-preview":"max-video-preview:-1"},"canonical":"https:\/\/www.padreydecano.com\/cms\/otras-disciplinas\/penarol-disputo-la-media-maraton-de-durazno\/","og_locale":"es_ES","og_type":"article","og_title":"Pe\u00f1arol disput\u00f3 la Media Marat\u00f3n de Durazno - Padre y Decano - El Sitio del Pueblo","og_description":"Este domingo 29 de julio se\u00a0corri\u00f3\u00a0la Media Marat\u00f3n de Durazno, por la segunda fecha del campeonato clasificatorio a la media\u00a0Marat\u00f3n\u00a0de\u00a0Asunci\u00f3n\u00a0(campeonato sudamericano). El equipo aurinegro\u00a0estuvo\u00a0representado por: Natalia Fern\u00e1ndez que obtuvo el primer puesto en su\u00a0categor\u00eda, Marisol Porto que conquist\u00f3 el tercer puesto en su\u00a0categor\u00eda, Marcelo Cukierman que acab\u00f3 s\u00e9ptimo en su\u00a0categor\u00eda, Adri\u00e1n S\u00e1nchez que concluy\u00f3 la [&hellip;]","og_url":"https:\/\/www.padreydecano.com\/cms\/otras-disciplinas\/penarol-disputo-la-media-maraton-de-durazno\/","og_site_name":"Padre y Decano - El Sitio del Pueblo","article_published_time":"2012-08-02T11:09:35+00:00","article_modified_time":"2012-08-02T04:14:10+00:00","og_image":[{"url":"http:\/\/www.padreydecano.com\/cms\/wp-content\/uploads\/2012\/08\/536838_4160919296...-copiar-36cea29-266x300.jpg"}],"author":"Emirona07","twitter_card":"summary_large_image","twitter_misc":{"Escrito por":"Emirona07","Tiempo de lectura":"1 minuto"},"schema":{"@context":"https:\/\/schema.org","@graph":[{"@type":"Article","@id":"https:\/\/www.padreydecano.com\/cms\/otras-disciplinas\/penarol-disputo-la-media-maraton-de-durazno\/#article","isPartOf":{"@id":"https:\/\/www.padreydecano.com\/cms\/otras-disciplinas\/penarol-disputo-la-media-maraton-de-durazno\/"},"author":{"name":"Emirona07","@id":"https:\/\/www.padreydecano.com\/cms\/#\/schema\/person\/51e0214db654d9624824b37c2838bb65"},"headline":"Pe\u00f1arol disput\u00f3 la Media Marat\u00f3n de Durazno","datePublished":"2012-08-02T11:09:35+00:00","dateModified":"2012-08-02T04:14:10+00:00","mainEntityOfPage":{"@id":"https:\/\/www.padreydecano.com\/cms\/otras-disciplinas\/penarol-disputo-la-media-maraton-de-durazno\/"},"wordCount":165,"commentCount":1,"publisher":{"@id":"https:\/\/www.padreydecano.com\/cms\/#organization"},"image":{"@id":"https:\/\/www.padreydecano.com\/cms\/otras-disciplinas\/penarol-disputo-la-media-maraton-de-durazno\/#primaryimage"},"thumbnailUrl":"http:\/\/www.padreydecano.com\/cms\/wp-content\/uploads\/2012\/08\/536838_4160919296...-copiar-36cea29-266x300.jpg","keywords":["Atletismo"],"articleSection":["Otras disciplinas"],"inLanguage":"es","potentialAction":[{"@type":"CommentAction","name":"Comment","target":["https:\/\/www.padreydecano.com\/cms\/otras-disciplinas\/penarol-disputo-la-media-maraton-de-durazno\/#respond"]}]},{"@type":"WebPage","@id":"https:\/\/www.padreydecano.com\/cms\/otras-disciplinas\/penarol-disputo-la-media-maraton-de-durazno\/","url":"https:\/\/www.padreydecano.com\/cms\/otras-disciplinas\/penarol-disputo-la-media-maraton-de-durazno\/","name":"Pe\u00f1arol disput\u00f3 la Media Marat\u00f3n de Durazno - Padre y Decano - El Sitio del Pueblo","isPartOf":{"@id":"https:\/\/www.padreydecano.com\/cms\/#website"},"primaryImageOfPage":{"@id":"https:\/\/www.padreydecano.com\/cms\/otras-disciplinas\/penarol-disputo-la-media-maraton-de-durazno\/#primaryimage"},"image":{"@id":"https:\/\/www.padreydecano.com\/cms\/otras-disciplinas\/penarol-disputo-la-media-maraton-de-durazno\/#primaryimage"},"thumbnailUrl":"http:\/\/www.padreydecano.com\/cms\/wp-content\/uploads\/2012\/08\/536838_4160919296...-copiar-36cea29-266x300.jpg","datePublished":"2012-08-02T11:09:35+00:00","dateModified":"2012-08-02T04:14:10+00:00","breadcrumb":{"@id":"https:\/\/www.padreydecano.com\/cms\/otras-disciplinas\/penarol-disputo-la-media-maraton-de-durazno\/#breadcrumb"},"inLanguage":"es","potentialAction":[{"@type":"ReadAction","target":["https:\/\/www.padreydecano.com\/cms\/otras-disciplinas\/penarol-disputo-la-media-maraton-de-durazno\/"]}]},{"@type":"ImageObject","inLanguage":"es","@id":"https:\/\/www.padreydecano.com\/cms\/otras-disciplinas\/penarol-disputo-la-media-maraton-de-durazno\/#primaryimage","url":"http:\/\/www.padreydecano.com\/cms\/wp-content\/uploads\/2012\/08\/536838_4160919296...-copiar-36cea29-266x300.jpg","contentUrl":"http:\/\/www.padreydecano.com\/cms\/wp-content\/uploads\/2012\/08\/536838_4160919296...-copiar-36cea29-266x300.jpg"},{"@type":"BreadcrumbList","@id":"https:\/\/www.padreydecano.com\/cms\/otras-disciplinas\/penarol-disputo-la-media-maraton-de-durazno\/#breadcrumb","itemListElement":[{"@type":"ListItem","position":1,"name":"Portada","item":"https:\/\/www.padreydecano.com\/cms\/"},{"@type":"ListItem","position":2,"name":"Pe\u00f1arol disput\u00f3 la Media Marat\u00f3n de Durazno"}]},{"@type":"WebSite","@id":"https:\/\/www.padreydecano.com\/cms\/#website","url":"https:\/\/www.padreydecano.com\/cms\/","name":"Padre y Decano - El Sitio del Pueblo","description":"Club Atl\u00e9tico Pe\u00f1arol","publisher":{"@id":"https:\/\/www.padreydecano.com\/cms\/#organization"},"potentialAction":[{"@type":"SearchAction","target":{"@type":"EntryPoint","urlTemplate":"https:\/\/www.padreydecano.com\/cms\/?s={search_term_string}"},"query-input":"required name=search_term_string"}],"inLanguage":"es"},{"@type":"Organization","@id":"https:\/\/www.padreydecano.com\/cms\/#organization","name":"Padre y Decano","url":"https:\/\/www.padreydecano.com\/cms\/","logo":{"@type":"ImageObject","inLanguage":"es","@id":"https:\/\/www.padreydecano.com\/cms\/#\/schema\/logo\/image\/","url":"https:\/\/www.padreydecano.com\/cms\/wp-content\/uploads\/2022\/01\/avatar-square.png","contentUrl":"https:\/\/www.padreydecano.com\/cms\/wp-content\/uploads\/2022\/01\/avatar-square.png","width":1500,"height":1500,"caption":"Padre y Decano"},"image":{"@id":"https:\/\/www.padreydecano.com\/cms\/#\/schema\/logo\/image\/"}},{"@type":"Person","@id":"https:\/\/www.padreydecano.com\/cms\/#\/schema\/person\/51e0214db654d9624824b37c2838bb65","name":"Emirona07","image":{"@type":"ImageObject","inLanguage":"es","@id":"https:\/\/www.padreydecano.com\/cms\/#\/schema\/person\/image\/","url":"https:\/\/secure.gravatar.com\/avatar\/93c9118dbd5373a8a065bb5cdddde6bf?s=96&d=https%3A%2F%2Fpadreydecano.com%2Fcms%2Fwp-content%2Fthemes%2Fpyd-theme%2Fimg%2Fdefault-avatar.png&r=g","contentUrl":"https:\/\/secure.gravatar.com\/avatar\/93c9118dbd5373a8a065bb5cdddde6bf?s=96&d=https%3A%2F%2Fpadreydecano.com%2Fcms%2Fwp-content%2Fthemes%2Fpyd-theme%2Fimg%2Fdefault-avatar.png&r=g","caption":"Emirona07"}}]}},"_links":{"self":[{"href":"https:\/\/www.padreydecano.com\/cms\/wp-json\/wp\/v2\/posts\/27406"}],"collection":[{"href":"https:\/\/www.padreydecano.com\/cms\/wp-json\/wp\/v2\/posts"}],"about":[{"href":"https:\/\/www.padreydecano.com\/cms\/wp-json\/wp\/v2\/types\/post"}],"author":[{"embeddable":true,"href":"https:\/\/www.padreydecano.com\/cms\/wp-json\/wp\/v2\/users\/5"}],"replies":[{"embeddable":true,"href":"https:\/\/www.padreydecano.com\/cms\/wp-json\/wp\/v2\/comments?post=27406"}],"version-history":[{"count":0,"href":"https:\/\/www.padreydecano.com\/cms\/wp-json\/wp\/v2\/posts\/27406\/revisions"}],"wp:attachment":[{"href":"https:\/\/www.padreydecano.com\/cms\/wp-json\/wp\/v2\/media?parent=27406"}],"wp:term":[{"taxonomy":"category","embeddable":true,"href":"https:\/\/www.padreydecano.com\/cms\/wp-json\/wp\/v2\/categories?post=27406"},{"taxonomy":"post_tag","embeddable":true,"href":"https:\/\/www.padreydecano.com\/cms\/wp-json\/wp\/v2\/tags?post=27406"}],"curies":[{"name":"wp","href":"https:\/\/api.w.org\/{rel}","templated":true}]}}