{"id":27332,"date":"2012-07-31T20:44:22","date_gmt":"2012-07-31T23:44:22","guid":{"rendered":"http:\/\/www.padreydecano.com\/cms\/?p=27332"},"modified":"2012-08-01T14:03:51","modified_gmt":"2012-08-01T17:03:51","slug":"se-cambio-el-amistoso-para-el-c-a-r","status":"publish","type":"post","link":"https:\/\/www.padreydecano.com\/cms\/noticias\/se-cambio-el-amistoso-para-el-c-a-r\/","title":{"rendered":"Se cambi\u00f3 el amistoso para el C.A.R."},"content":{"rendered":"<div id=\"attachment_27333\" style=\"width: 250px\" class=\"wp-caption alignright\"><a href=\"https:\/\/www.padreydecano.com\/cms\/wp-content\/uploads\/2012\/07\/amistoso-car.jpg\" rel=\"shadowbox[sbpost-27332];player=img;\"><img loading=\"lazy\" decoding=\"async\" aria-describedby=\"caption-attachment-27333\" class=\" wp-image-27333\" src=\"https:\/\/www.padreydecano.com\/cms\/wp-content\/uploads\/2012\/07\/amistoso-car-300x225.jpg\" alt=\"\" width=\"240\" height=\"180\" srcset=\"https:\/\/www.padreydecano.com\/cms\/wp-content\/uploads\/2012\/07\/amistoso-car-300x225.jpg 300w, https:\/\/www.padreydecano.com\/cms\/wp-content\/uploads\/2012\/07\/amistoso-car.jpg 834w\" sizes=\"(max-width: 240px) 100vw, 240px\" \/><\/a><p id=\"caption-attachment-27333\" class=\"wp-caption-text\">Imagen de archivo: Amistoso vs Racing en el CAR<\/p><\/div>\n<p style=\"text-align: justify;\">El amistoso ante Miramar Misiones se jugar\u00e1 en el Centro de Alto Rendimiento y no en la Escuela Naval como estaba previsto. El resto de los detalles ser\u00e1n los mismos: se disputar\u00e1 a las 10 de la ma\u00f1ana y ser\u00e1 a puertas cerradas para el p\u00fablico.\u00a0\u00a0El plantel principal saldr\u00e1 desde Los Aromos a la hora 09.00 y el partido no se suspende por lluvia.<\/p>\n<p style=\"text-align: justify;\">Ser\u00e1 un nuevo partido de pr\u00e1ctica donde el \u201cPolilla\u201d Da Silva seguir\u00e1 ajustando los detalles del equipo titular que debutar\u00e1 en el campeonato uruguayo, supuestamente el 18 de agosto.\u00a0El equipo que se viene parando \u00faltimamente es con\u00a0<strong>Fabi\u00e1n Carini, Alejandro Gonz\u00e1lez, Dami\u00e1n Macaluso, Carlos Valdez, Dar\u00edo Rodr\u00edguez, Rodrigo V\u00e1zquez, Sebasti\u00e1n Crist\u00f3foro, Aureliano Torres, Fabi\u00e1n Estoyanoff, Juan Manuel Olivera y Marcelo Zalayeta<\/strong>. \u00bfTe gusta? Har\u00edas algun cambio?<\/p>\n","protected":false},"excerpt":{"rendered":"<p>El amistoso ante Miramar Misiones se jugar\u00e1 en el Centro de Alto Rendimiento y no en la Escuela Naval como estaba previsto. El resto de los detalles ser\u00e1n los mismos: se disputar\u00e1 a las 10 de la ma\u00f1ana y ser\u00e1 a puertas cerradas para el p\u00fablico.\u00a0\u00a0El plantel principal saldr\u00e1 desde Los Aromos a la hora [&hellip;]<\/p>\n","protected":false},"author":13,"featured_media":27336,"comment_status":"open","ping_status":"closed","sticky":false,"template":"","format":"standard","meta":{"footnotes":""},"categories":[1],"tags":[],"yoast_head":"<!-- This site is optimized with the Yoast SEO plugin v23.2 - https:\/\/yoast.com\/wordpress\/plugins\/seo\/ -->\n<title>Se cambi\u00f3 el amistoso para el C.A.R. - Padre y Decano - El Sitio del Pueblo<\/title>\n<meta name=\"robots\" content=\"index, follow, max-snippet:-1, max-image-preview:large, max-video-preview:-1\" \/>\n<link rel=\"canonical\" href=\"https:\/\/www.padreydecano.com\/cms\/noticias\/se-cambio-el-amistoso-para-el-c-a-r\/\" \/>\n<meta property=\"og:locale\" content=\"es_ES\" \/>\n<meta property=\"og:type\" content=\"article\" \/>\n<meta property=\"og:title\" content=\"Se cambi\u00f3 el amistoso para el C.A.R. - Padre y Decano - El Sitio del Pueblo\" \/>\n<meta property=\"og:description\" content=\"El amistoso ante Miramar Misiones se jugar\u00e1 en el Centro de Alto Rendimiento y no en la Escuela Naval como estaba previsto. El resto de los detalles ser\u00e1n los mismos: se disputar\u00e1 a las 10 de la ma\u00f1ana y ser\u00e1 a puertas cerradas para el p\u00fablico.\u00a0\u00a0El plantel principal saldr\u00e1 desde Los Aromos a la hora [&hellip;]\" \/>\n<meta property=\"og:url\" content=\"https:\/\/www.padreydecano.com\/cms\/noticias\/se-cambio-el-amistoso-para-el-c-a-r\/\" \/>\n<meta property=\"og:site_name\" content=\"Padre y Decano - El Sitio del Pueblo\" \/>\n<meta property=\"article:published_time\" content=\"2012-07-31T23:44:22+00:00\" \/>\n<meta property=\"article:modified_time\" content=\"2012-08-01T17:03:51+00:00\" \/>\n<meta property=\"og:image\" content=\"https:\/\/www.padreydecano.com\/cms\/wp-content\/uploads\/2012\/07\/car-centro-alto-rendimiento-slider.jpg\" \/>\n\t<meta property=\"og:image:width\" content=\"646\" \/>\n\t<meta property=\"og:image:height\" content=\"259\" \/>\n\t<meta property=\"og:image:type\" content=\"image\/jpeg\" \/>\n<meta name=\"author\" content=\"Moderador\" \/>\n<meta name=\"twitter:card\" content=\"summary_large_image\" \/>\n<meta name=\"twitter:label1\" content=\"Escrito por\" \/>\n\t<meta name=\"twitter:data1\" content=\"Moderador\" \/>\n\t<meta name=\"twitter:label2\" content=\"Tiempo de lectura\" \/>\n\t<meta name=\"twitter:data2\" content=\"1 minuto\" \/>\n<script type=\"application\/ld+json\" class=\"yoast-schema-graph\">{\"@context\":\"https:\/\/schema.org\",\"@graph\":[{\"@type\":\"Article\",\"@id\":\"https:\/\/www.padreydecano.com\/cms\/noticias\/se-cambio-el-amistoso-para-el-c-a-r\/#article\",\"isPartOf\":{\"@id\":\"https:\/\/www.padreydecano.com\/cms\/noticias\/se-cambio-el-amistoso-para-el-c-a-r\/\"},\"author\":{\"name\":\"Moderador\",\"@id\":\"https:\/\/www.padreydecano.com\/cms\/#\/schema\/person\/d93e9e537230ae052c194251d9a1def2\"},\"headline\":\"Se cambi\u00f3 el amistoso para el C.A.R.\",\"datePublished\":\"2012-07-31T23:44:22+00:00\",\"dateModified\":\"2012-08-01T17:03:51+00:00\",\"mainEntityOfPage\":{\"@id\":\"https:\/\/www.padreydecano.com\/cms\/noticias\/se-cambio-el-amistoso-para-el-c-a-r\/\"},\"wordCount\":168,\"commentCount\":3,\"publisher\":{\"@id\":\"https:\/\/www.padreydecano.com\/cms\/#organization\"},\"image\":{\"@id\":\"https:\/\/www.padreydecano.com\/cms\/noticias\/se-cambio-el-amistoso-para-el-c-a-r\/#primaryimage\"},\"thumbnailUrl\":\"https:\/\/www.padreydecano.com\/cms\/wp-content\/uploads\/2012\/07\/car-centro-alto-rendimiento-slider.jpg\",\"articleSection\":[\"Noticias\"],\"inLanguage\":\"es\",\"potentialAction\":[{\"@type\":\"CommentAction\",\"name\":\"Comment\",\"target\":[\"https:\/\/www.padreydecano.com\/cms\/noticias\/se-cambio-el-amistoso-para-el-c-a-r\/#respond\"]}]},{\"@type\":\"WebPage\",\"@id\":\"https:\/\/www.padreydecano.com\/cms\/noticias\/se-cambio-el-amistoso-para-el-c-a-r\/\",\"url\":\"https:\/\/www.padreydecano.com\/cms\/noticias\/se-cambio-el-amistoso-para-el-c-a-r\/\",\"name\":\"Se cambi\u00f3 el amistoso para el C.A.R. - Padre y Decano - El Sitio del Pueblo\",\"isPartOf\":{\"@id\":\"https:\/\/www.padreydecano.com\/cms\/#website\"},\"primaryImageOfPage\":{\"@id\":\"https:\/\/www.padreydecano.com\/cms\/noticias\/se-cambio-el-amistoso-para-el-c-a-r\/#primaryimage\"},\"image\":{\"@id\":\"https:\/\/www.padreydecano.com\/cms\/noticias\/se-cambio-el-amistoso-para-el-c-a-r\/#primaryimage\"},\"thumbnailUrl\":\"https:\/\/www.padreydecano.com\/cms\/wp-content\/uploads\/2012\/07\/car-centro-alto-rendimiento-slider.jpg\",\"datePublished\":\"2012-07-31T23:44:22+00:00\",\"dateModified\":\"2012-08-01T17:03:51+00:00\",\"breadcrumb\":{\"@id\":\"https:\/\/www.padreydecano.com\/cms\/noticias\/se-cambio-el-amistoso-para-el-c-a-r\/#breadcrumb\"},\"inLanguage\":\"es\",\"potentialAction\":[{\"@type\":\"ReadAction\",\"target\":[\"https:\/\/www.padreydecano.com\/cms\/noticias\/se-cambio-el-amistoso-para-el-c-a-r\/\"]}]},{\"@type\":\"ImageObject\",\"inLanguage\":\"es\",\"@id\":\"https:\/\/www.padreydecano.com\/cms\/noticias\/se-cambio-el-amistoso-para-el-c-a-r\/#primaryimage\",\"url\":\"https:\/\/www.padreydecano.com\/cms\/wp-content\/uploads\/2012\/07\/car-centro-alto-rendimiento-slider.jpg\",\"contentUrl\":\"https:\/\/www.padreydecano.com\/cms\/wp-content\/uploads\/2012\/07\/car-centro-alto-rendimiento-slider.jpg\",\"width\":\"646\",\"height\":\"259\"},{\"@type\":\"BreadcrumbList\",\"@id\":\"https:\/\/www.padreydecano.com\/cms\/noticias\/se-cambio-el-amistoso-para-el-c-a-r\/#breadcrumb\",\"itemListElement\":[{\"@type\":\"ListItem\",\"position\":1,\"name\":\"Portada\",\"item\":\"https:\/\/www.padreydecano.com\/cms\/\"},{\"@type\":\"ListItem\",\"position\":2,\"name\":\"Se cambi\u00f3 el amistoso para el C.A.R.\"}]},{\"@type\":\"WebSite\",\"@id\":\"https:\/\/www.padreydecano.com\/cms\/#website\",\"url\":\"https:\/\/www.padreydecano.com\/cms\/\",\"name\":\"Padre y Decano - El Sitio del Pueblo\",\"description\":\"Club Atl\u00e9tico Pe\u00f1arol\",\"publisher\":{\"@id\":\"https:\/\/www.padreydecano.com\/cms\/#organization\"},\"potentialAction\":[{\"@type\":\"SearchAction\",\"target\":{\"@type\":\"EntryPoint\",\"urlTemplate\":\"https:\/\/www.padreydecano.com\/cms\/?s={search_term_string}\"},\"query-input\":\"required name=search_term_string\"}],\"inLanguage\":\"es\"},{\"@type\":\"Organization\",\"@id\":\"https:\/\/www.padreydecano.com\/cms\/#organization\",\"name\":\"Padre y Decano\",\"url\":\"https:\/\/www.padreydecano.com\/cms\/\",\"logo\":{\"@type\":\"ImageObject\",\"inLanguage\":\"es\",\"@id\":\"https:\/\/www.padreydecano.com\/cms\/#\/schema\/logo\/image\/\",\"url\":\"https:\/\/www.padreydecano.com\/cms\/wp-content\/uploads\/2022\/01\/avatar-square.png\",\"contentUrl\":\"https:\/\/www.padreydecano.com\/cms\/wp-content\/uploads\/2022\/01\/avatar-square.png\",\"width\":1500,\"height\":1500,\"caption\":\"Padre y Decano\"},\"image\":{\"@id\":\"https:\/\/www.padreydecano.com\/cms\/#\/schema\/logo\/image\/\"}},{\"@type\":\"Person\",\"@id\":\"https:\/\/www.padreydecano.com\/cms\/#\/schema\/person\/d93e9e537230ae052c194251d9a1def2\",\"name\":\"Moderador\",\"image\":{\"@type\":\"ImageObject\",\"inLanguage\":\"es\",\"@id\":\"https:\/\/www.padreydecano.com\/cms\/#\/schema\/person\/image\/\",\"url\":\"https:\/\/secure.gravatar.com\/avatar\/2587727bf8a53bd3da4ec49f01bea66e?s=96&d=https%3A%2F%2Fpadreydecano.com%2Fcms%2Fwp-content%2Fthemes%2Fpyd-theme%2Fimg%2Fdefault-avatar.png&r=g\",\"contentUrl\":\"https:\/\/secure.gravatar.com\/avatar\/2587727bf8a53bd3da4ec49f01bea66e?s=96&d=https%3A%2F%2Fpadreydecano.com%2Fcms%2Fwp-content%2Fthemes%2Fpyd-theme%2Fimg%2Fdefault-avatar.png&r=g\",\"caption\":\"Moderador\"}}]}<\/script>\n<!-- \/ Yoast SEO plugin. -->","yoast_head_json":{"title":"Se cambi\u00f3 el amistoso para el C.A.R. - Padre y Decano - El Sitio del Pueblo","robots":{"index":"index","follow":"follow","max-snippet":"max-snippet:-1","max-image-preview":"max-image-preview:large","max-video-preview":"max-video-preview:-1"},"canonical":"https:\/\/www.padreydecano.com\/cms\/noticias\/se-cambio-el-amistoso-para-el-c-a-r\/","og_locale":"es_ES","og_type":"article","og_title":"Se cambi\u00f3 el amistoso para el C.A.R. - Padre y Decano - El Sitio del Pueblo","og_description":"El amistoso ante Miramar Misiones se jugar\u00e1 en el Centro de Alto Rendimiento y no en la Escuela Naval como estaba previsto. El resto de los detalles ser\u00e1n los mismos: se disputar\u00e1 a las 10 de la ma\u00f1ana y ser\u00e1 a puertas cerradas para el p\u00fablico.\u00a0\u00a0El plantel principal saldr\u00e1 desde Los Aromos a la hora [&hellip;]","og_url":"https:\/\/www.padreydecano.com\/cms\/noticias\/se-cambio-el-amistoso-para-el-c-a-r\/","og_site_name":"Padre y Decano - El Sitio del Pueblo","article_published_time":"2012-07-31T23:44:22+00:00","article_modified_time":"2012-08-01T17:03:51+00:00","og_image":[{"width":646,"height":259,"url":"https:\/\/www.padreydecano.com\/cms\/wp-content\/uploads\/2012\/07\/car-centro-alto-rendimiento-slider.jpg","type":"image\/jpeg"}],"author":"Moderador","twitter_card":"summary_large_image","twitter_misc":{"Escrito por":"Moderador","Tiempo de lectura":"1 minuto"},"schema":{"@context":"https:\/\/schema.org","@graph":[{"@type":"Article","@id":"https:\/\/www.padreydecano.com\/cms\/noticias\/se-cambio-el-amistoso-para-el-c-a-r\/#article","isPartOf":{"@id":"https:\/\/www.padreydecano.com\/cms\/noticias\/se-cambio-el-amistoso-para-el-c-a-r\/"},"author":{"name":"Moderador","@id":"https:\/\/www.padreydecano.com\/cms\/#\/schema\/person\/d93e9e537230ae052c194251d9a1def2"},"headline":"Se cambi\u00f3 el amistoso para el C.A.R.","datePublished":"2012-07-31T23:44:22+00:00","dateModified":"2012-08-01T17:03:51+00:00","mainEntityOfPage":{"@id":"https:\/\/www.padreydecano.com\/cms\/noticias\/se-cambio-el-amistoso-para-el-c-a-r\/"},"wordCount":168,"commentCount":3,"publisher":{"@id":"https:\/\/www.padreydecano.com\/cms\/#organization"},"image":{"@id":"https:\/\/www.padreydecano.com\/cms\/noticias\/se-cambio-el-amistoso-para-el-c-a-r\/#primaryimage"},"thumbnailUrl":"https:\/\/www.padreydecano.com\/cms\/wp-content\/uploads\/2012\/07\/car-centro-alto-rendimiento-slider.jpg","articleSection":["Noticias"],"inLanguage":"es","potentialAction":[{"@type":"CommentAction","name":"Comment","target":["https:\/\/www.padreydecano.com\/cms\/noticias\/se-cambio-el-amistoso-para-el-c-a-r\/#respond"]}]},{"@type":"WebPage","@id":"https:\/\/www.padreydecano.com\/cms\/noticias\/se-cambio-el-amistoso-para-el-c-a-r\/","url":"https:\/\/www.padreydecano.com\/cms\/noticias\/se-cambio-el-amistoso-para-el-c-a-r\/","name":"Se cambi\u00f3 el amistoso para el C.A.R. - Padre y Decano - El Sitio del Pueblo","isPartOf":{"@id":"https:\/\/www.padreydecano.com\/cms\/#website"},"primaryImageOfPage":{"@id":"https:\/\/www.padreydecano.com\/cms\/noticias\/se-cambio-el-amistoso-para-el-c-a-r\/#primaryimage"},"image":{"@id":"https:\/\/www.padreydecano.com\/cms\/noticias\/se-cambio-el-amistoso-para-el-c-a-r\/#primaryimage"},"thumbnailUrl":"https:\/\/www.padreydecano.com\/cms\/wp-content\/uploads\/2012\/07\/car-centro-alto-rendimiento-slider.jpg","datePublished":"2012-07-31T23:44:22+00:00","dateModified":"2012-08-01T17:03:51+00:00","breadcrumb":{"@id":"https:\/\/www.padreydecano.com\/cms\/noticias\/se-cambio-el-amistoso-para-el-c-a-r\/#breadcrumb"},"inLanguage":"es","potentialAction":[{"@type":"ReadAction","target":["https:\/\/www.padreydecano.com\/cms\/noticias\/se-cambio-el-amistoso-para-el-c-a-r\/"]}]},{"@type":"ImageObject","inLanguage":"es","@id":"https:\/\/www.padreydecano.com\/cms\/noticias\/se-cambio-el-amistoso-para-el-c-a-r\/#primaryimage","url":"https:\/\/www.padreydecano.com\/cms\/wp-content\/uploads\/2012\/07\/car-centro-alto-rendimiento-slider.jpg","contentUrl":"https:\/\/www.padreydecano.com\/cms\/wp-content\/uploads\/2012\/07\/car-centro-alto-rendimiento-slider.jpg","width":"646","height":"259"},{"@type":"BreadcrumbList","@id":"https:\/\/www.padreydecano.com\/cms\/noticias\/se-cambio-el-amistoso-para-el-c-a-r\/#breadcrumb","itemListElement":[{"@type":"ListItem","position":1,"name":"Portada","item":"https:\/\/www.padreydecano.com\/cms\/"},{"@type":"ListItem","position":2,"name":"Se cambi\u00f3 el amistoso para el C.A.R."}]},{"@type":"WebSite","@id":"https:\/\/www.padreydecano.com\/cms\/#website","url":"https:\/\/www.padreydecano.com\/cms\/","name":"Padre y Decano - El Sitio del Pueblo","description":"Club Atl\u00e9tico Pe\u00f1arol","publisher":{"@id":"https:\/\/www.padreydecano.com\/cms\/#organization"},"potentialAction":[{"@type":"SearchAction","target":{"@type":"EntryPoint","urlTemplate":"https:\/\/www.padreydecano.com\/cms\/?s={search_term_string}"},"query-input":"required name=search_term_string"}],"inLanguage":"es"},{"@type":"Organization","@id":"https:\/\/www.padreydecano.com\/cms\/#organization","name":"Padre y Decano","url":"https:\/\/www.padreydecano.com\/cms\/","logo":{"@type":"ImageObject","inLanguage":"es","@id":"https:\/\/www.padreydecano.com\/cms\/#\/schema\/logo\/image\/","url":"https:\/\/www.padreydecano.com\/cms\/wp-content\/uploads\/2022\/01\/avatar-square.png","contentUrl":"https:\/\/www.padreydecano.com\/cms\/wp-content\/uploads\/2022\/01\/avatar-square.png","width":1500,"height":1500,"caption":"Padre y Decano"},"image":{"@id":"https:\/\/www.padreydecano.com\/cms\/#\/schema\/logo\/image\/"}},{"@type":"Person","@id":"https:\/\/www.padreydecano.com\/cms\/#\/schema\/person\/d93e9e537230ae052c194251d9a1def2","name":"Moderador","image":{"@type":"ImageObject","inLanguage":"es","@id":"https:\/\/www.padreydecano.com\/cms\/#\/schema\/person\/image\/","url":"https:\/\/secure.gravatar.com\/avatar\/2587727bf8a53bd3da4ec49f01bea66e?s=96&d=https%3A%2F%2Fpadreydecano.com%2Fcms%2Fwp-content%2Fthemes%2Fpyd-theme%2Fimg%2Fdefault-avatar.png&r=g","contentUrl":"https:\/\/secure.gravatar.com\/avatar\/2587727bf8a53bd3da4ec49f01bea66e?s=96&d=https%3A%2F%2Fpadreydecano.com%2Fcms%2Fwp-content%2Fthemes%2Fpyd-theme%2Fimg%2Fdefault-avatar.png&r=g","caption":"Moderador"}}]}},"_links":{"self":[{"href":"https:\/\/www.padreydecano.com\/cms\/wp-json\/wp\/v2\/posts\/27332"}],"collection":[{"href":"https:\/\/www.padreydecano.com\/cms\/wp-json\/wp\/v2\/posts"}],"about":[{"href":"https:\/\/www.padreydecano.com\/cms\/wp-json\/wp\/v2\/types\/post"}],"author":[{"embeddable":true,"href":"https:\/\/www.padreydecano.com\/cms\/wp-json\/wp\/v2\/users\/13"}],"replies":[{"embeddable":true,"href":"https:\/\/www.padreydecano.com\/cms\/wp-json\/wp\/v2\/comments?post=27332"}],"version-history":[{"count":0,"href":"https:\/\/www.padreydecano.com\/cms\/wp-json\/wp\/v2\/posts\/27332\/revisions"}],"wp:featuredmedia":[{"embeddable":true,"href":"https:\/\/www.padreydecano.com\/cms\/wp-json\/wp\/v2\/media\/27336"}],"wp:attachment":[{"href":"https:\/\/www.padreydecano.com\/cms\/wp-json\/wp\/v2\/media?parent=27332"}],"wp:term":[{"taxonomy":"category","embeddable":true,"href":"https:\/\/www.padreydecano.com\/cms\/wp-json\/wp\/v2\/categories?post=27332"},{"taxonomy":"post_tag","embeddable":true,"href":"https:\/\/www.padreydecano.com\/cms\/wp-json\/wp\/v2\/tags?post=27332"}],"curies":[{"name":"wp","href":"https:\/\/api.w.org\/{rel}","templated":true}]}}