{"id":27261,"date":"2012-07-31T09:00:39","date_gmt":"2012-07-31T12:00:39","guid":{"rendered":"http:\/\/www.padreydecano.com\/cms\/?p=27261"},"modified":"2012-07-31T21:40:52","modified_gmt":"2012-08-01T00:40:52","slug":"con-miramar-en-la-escuela-naval","status":"publish","type":"post","link":"https:\/\/www.padreydecano.com\/cms\/noticias\/con-miramar-en-la-escuela-naval\/","title":{"rendered":"Con Miramar en la Escuela Naval"},"content":{"rendered":"<div id=\"attachment_26947\" style=\"width: 250px\" class=\"wp-caption alignright\"><a href=\"https:\/\/www.padreydecano.com\/cms\/wp-content\/uploads\/2012\/07\/DSC_0125.jpg\" rel=\"shadowbox[sbpost-27261];player=img;\"><img loading=\"lazy\" decoding=\"async\" aria-describedby=\"caption-attachment-26947\" class=\" wp-image-26947 \" src=\"https:\/\/www.padreydecano.com\/cms\/wp-content\/uploads\/2012\/07\/DSC_0125-300x199.jpg\" alt=\"\" width=\"240\" height=\"159\" srcset=\"https:\/\/www.padreydecano.com\/cms\/wp-content\/uploads\/2012\/07\/DSC_0125-300x199.jpg 300w, https:\/\/www.padreydecano.com\/cms\/wp-content\/uploads\/2012\/07\/DSC_0125.jpg 800w\" sizes=\"(max-width: 240px) 100vw, 240px\" \/><\/a><p id=\"caption-attachment-26947\" class=\"wp-caption-text\">Incidencia el partido ante El Tanque en la Escuela Naval<\/p><\/div>\n<p style=\"text-align: justify;\"><span style=\"color: #ffcc02;\"><strong>Actualizaci\u00f3n 31\/07\/12:<\/strong><\/span> El partido se disputar\u00e1 en el Centro de Alto Rendimiento finalmente<\/p>\n<p style=\"text-align: justify;\">Ma\u00f1ana mi\u00e9rcoles 1 de agosto estaremos enfrentando a Miramar Misiones desde las 10 horas en la Escuela Naval. Ser\u00e1 un nuevo partido de pr\u00e1ctica donde el \u00abPolilla\u00bb Da Silva seguir\u00e1 ajustando los detalles del equipo titular que debutar\u00e1 en el campeonato uruguayo, supuestamente el 18 de agosto.<\/p>\n<p style=\"text-align: justify;\">El equipo que se viene parando \u00faltimamente es con\u00a0<strong>Fabi\u00e1n Carini, Alejandro Gonz\u00e1lez, Dami\u00e1n Macaluso, Carlos Valdez, Dar\u00edo Rodr\u00edguez, Rodrigo V\u00e1zquez, Sebasti\u00e1n Crist\u00f3foro, Aureliano Torres, Fabi\u00e1n Estoyanoff, Juan Manuel Olivera y Marcelo Zalayeta<\/strong>. \u00bfTe gusta? Har\u00edas algun cambio?<\/p>\n<p>&nbsp;<\/p>\n","protected":false},"excerpt":{"rendered":"<p>Actualizaci\u00f3n 31\/07\/12: El partido se disputar\u00e1 en el Centro de Alto Rendimiento finalmente Ma\u00f1ana mi\u00e9rcoles 1 de agosto estaremos enfrentando a Miramar Misiones desde las 10 horas en la Escuela Naval. Ser\u00e1 un nuevo partido de pr\u00e1ctica donde el \u00abPolilla\u00bb Da Silva seguir\u00e1 ajustando los detalles del equipo titular que debutar\u00e1 en el campeonato uruguayo, [&hellip;]<\/p>\n","protected":false},"author":13,"featured_media":26930,"comment_status":"open","ping_status":"closed","sticky":false,"template":"","format":"standard","meta":{"footnotes":""},"categories":[1],"tags":[],"yoast_head":"<!-- This site is optimized with the Yoast SEO plugin v23.2 - https:\/\/yoast.com\/wordpress\/plugins\/seo\/ -->\n<title>Con Miramar en la Escuela Naval - Padre y Decano - El Sitio del Pueblo<\/title>\n<meta name=\"robots\" content=\"index, follow, max-snippet:-1, max-image-preview:large, max-video-preview:-1\" \/>\n<link rel=\"canonical\" href=\"https:\/\/www.padreydecano.com\/cms\/noticias\/con-miramar-en-la-escuela-naval\/\" \/>\n<meta property=\"og:locale\" content=\"es_ES\" \/>\n<meta property=\"og:type\" content=\"article\" \/>\n<meta property=\"og:title\" content=\"Con Miramar en la Escuela Naval - Padre y Decano - El Sitio del Pueblo\" \/>\n<meta property=\"og:description\" content=\"Actualizaci\u00f3n 31\/07\/12: El partido se disputar\u00e1 en el Centro de Alto Rendimiento finalmente Ma\u00f1ana mi\u00e9rcoles 1 de agosto estaremos enfrentando a Miramar Misiones desde las 10 horas en la Escuela Naval. Ser\u00e1 un nuevo partido de pr\u00e1ctica donde el \u00abPolilla\u00bb Da Silva seguir\u00e1 ajustando los detalles del equipo titular que debutar\u00e1 en el campeonato uruguayo, [&hellip;]\" \/>\n<meta property=\"og:url\" content=\"https:\/\/www.padreydecano.com\/cms\/noticias\/con-miramar-en-la-escuela-naval\/\" \/>\n<meta property=\"og:site_name\" content=\"Padre y Decano - El Sitio del Pueblo\" \/>\n<meta property=\"article:published_time\" content=\"2012-07-31T12:00:39+00:00\" \/>\n<meta property=\"article:modified_time\" content=\"2012-08-01T00:40:52+00:00\" \/>\n<meta property=\"og:image\" content=\"https:\/\/www.padreydecano.com\/cms\/wp-content\/uploads\/2012\/07\/DSC_0043.jpg\" \/>\n\t<meta property=\"og:image:width\" content=\"800\" \/>\n\t<meta property=\"og:image:height\" content=\"532\" \/>\n\t<meta property=\"og:image:type\" content=\"image\/jpeg\" \/>\n<meta name=\"author\" content=\"Moderador\" \/>\n<meta name=\"twitter:card\" content=\"summary_large_image\" \/>\n<meta name=\"twitter:label1\" content=\"Escrito por\" \/>\n\t<meta name=\"twitter:data1\" content=\"Moderador\" \/>\n\t<meta name=\"twitter:label2\" content=\"Tiempo de lectura\" \/>\n\t<meta name=\"twitter:data2\" content=\"1 minuto\" \/>\n<script type=\"application\/ld+json\" class=\"yoast-schema-graph\">{\"@context\":\"https:\/\/schema.org\",\"@graph\":[{\"@type\":\"Article\",\"@id\":\"https:\/\/www.padreydecano.com\/cms\/noticias\/con-miramar-en-la-escuela-naval\/#article\",\"isPartOf\":{\"@id\":\"https:\/\/www.padreydecano.com\/cms\/noticias\/con-miramar-en-la-escuela-naval\/\"},\"author\":{\"name\":\"Moderador\",\"@id\":\"https:\/\/www.padreydecano.com\/cms\/#\/schema\/person\/d93e9e537230ae052c194251d9a1def2\"},\"headline\":\"Con Miramar en la Escuela Naval\",\"datePublished\":\"2012-07-31T12:00:39+00:00\",\"dateModified\":\"2012-08-01T00:40:52+00:00\",\"mainEntityOfPage\":{\"@id\":\"https:\/\/www.padreydecano.com\/cms\/noticias\/con-miramar-en-la-escuela-naval\/\"},\"wordCount\":132,\"commentCount\":7,\"publisher\":{\"@id\":\"https:\/\/www.padreydecano.com\/cms\/#organization\"},\"image\":{\"@id\":\"https:\/\/www.padreydecano.com\/cms\/noticias\/con-miramar-en-la-escuela-naval\/#primaryimage\"},\"thumbnailUrl\":\"https:\/\/www.padreydecano.com\/cms\/wp-content\/uploads\/2012\/07\/DSC_0043.jpg\",\"articleSection\":[\"Noticias\"],\"inLanguage\":\"es\",\"potentialAction\":[{\"@type\":\"CommentAction\",\"name\":\"Comment\",\"target\":[\"https:\/\/www.padreydecano.com\/cms\/noticias\/con-miramar-en-la-escuela-naval\/#respond\"]}]},{\"@type\":\"WebPage\",\"@id\":\"https:\/\/www.padreydecano.com\/cms\/noticias\/con-miramar-en-la-escuela-naval\/\",\"url\":\"https:\/\/www.padreydecano.com\/cms\/noticias\/con-miramar-en-la-escuela-naval\/\",\"name\":\"Con Miramar en la Escuela Naval - Padre y Decano - El Sitio del Pueblo\",\"isPartOf\":{\"@id\":\"https:\/\/www.padreydecano.com\/cms\/#website\"},\"primaryImageOfPage\":{\"@id\":\"https:\/\/www.padreydecano.com\/cms\/noticias\/con-miramar-en-la-escuela-naval\/#primaryimage\"},\"image\":{\"@id\":\"https:\/\/www.padreydecano.com\/cms\/noticias\/con-miramar-en-la-escuela-naval\/#primaryimage\"},\"thumbnailUrl\":\"https:\/\/www.padreydecano.com\/cms\/wp-content\/uploads\/2012\/07\/DSC_0043.jpg\",\"datePublished\":\"2012-07-31T12:00:39+00:00\",\"dateModified\":\"2012-08-01T00:40:52+00:00\",\"breadcrumb\":{\"@id\":\"https:\/\/www.padreydecano.com\/cms\/noticias\/con-miramar-en-la-escuela-naval\/#breadcrumb\"},\"inLanguage\":\"es\",\"potentialAction\":[{\"@type\":\"ReadAction\",\"target\":[\"https:\/\/www.padreydecano.com\/cms\/noticias\/con-miramar-en-la-escuela-naval\/\"]}]},{\"@type\":\"ImageObject\",\"inLanguage\":\"es\",\"@id\":\"https:\/\/www.padreydecano.com\/cms\/noticias\/con-miramar-en-la-escuela-naval\/#primaryimage\",\"url\":\"https:\/\/www.padreydecano.com\/cms\/wp-content\/uploads\/2012\/07\/DSC_0043.jpg\",\"contentUrl\":\"https:\/\/www.padreydecano.com\/cms\/wp-content\/uploads\/2012\/07\/DSC_0043.jpg\",\"width\":\"800\",\"height\":\"532\"},{\"@type\":\"BreadcrumbList\",\"@id\":\"https:\/\/www.padreydecano.com\/cms\/noticias\/con-miramar-en-la-escuela-naval\/#breadcrumb\",\"itemListElement\":[{\"@type\":\"ListItem\",\"position\":1,\"name\":\"Portada\",\"item\":\"https:\/\/www.padreydecano.com\/cms\/\"},{\"@type\":\"ListItem\",\"position\":2,\"name\":\"Con Miramar en la Escuela Naval\"}]},{\"@type\":\"WebSite\",\"@id\":\"https:\/\/www.padreydecano.com\/cms\/#website\",\"url\":\"https:\/\/www.padreydecano.com\/cms\/\",\"name\":\"Padre y Decano - El Sitio del Pueblo\",\"description\":\"Club Atl\u00e9tico Pe\u00f1arol\",\"publisher\":{\"@id\":\"https:\/\/www.padreydecano.com\/cms\/#organization\"},\"potentialAction\":[{\"@type\":\"SearchAction\",\"target\":{\"@type\":\"EntryPoint\",\"urlTemplate\":\"https:\/\/www.padreydecano.com\/cms\/?s={search_term_string}\"},\"query-input\":\"required name=search_term_string\"}],\"inLanguage\":\"es\"},{\"@type\":\"Organization\",\"@id\":\"https:\/\/www.padreydecano.com\/cms\/#organization\",\"name\":\"Padre y Decano\",\"url\":\"https:\/\/www.padreydecano.com\/cms\/\",\"logo\":{\"@type\":\"ImageObject\",\"inLanguage\":\"es\",\"@id\":\"https:\/\/www.padreydecano.com\/cms\/#\/schema\/logo\/image\/\",\"url\":\"https:\/\/www.padreydecano.com\/cms\/wp-content\/uploads\/2022\/01\/avatar-square.png\",\"contentUrl\":\"https:\/\/www.padreydecano.com\/cms\/wp-content\/uploads\/2022\/01\/avatar-square.png\",\"width\":1500,\"height\":1500,\"caption\":\"Padre y Decano\"},\"image\":{\"@id\":\"https:\/\/www.padreydecano.com\/cms\/#\/schema\/logo\/image\/\"}},{\"@type\":\"Person\",\"@id\":\"https:\/\/www.padreydecano.com\/cms\/#\/schema\/person\/d93e9e537230ae052c194251d9a1def2\",\"name\":\"Moderador\",\"image\":{\"@type\":\"ImageObject\",\"inLanguage\":\"es\",\"@id\":\"https:\/\/www.padreydecano.com\/cms\/#\/schema\/person\/image\/\",\"url\":\"https:\/\/secure.gravatar.com\/avatar\/2587727bf8a53bd3da4ec49f01bea66e?s=96&d=https%3A%2F%2Fpadreydecano.com%2Fcms%2Fwp-content%2Fthemes%2Fpyd-theme%2Fimg%2Fdefault-avatar.png&r=g\",\"contentUrl\":\"https:\/\/secure.gravatar.com\/avatar\/2587727bf8a53bd3da4ec49f01bea66e?s=96&d=https%3A%2F%2Fpadreydecano.com%2Fcms%2Fwp-content%2Fthemes%2Fpyd-theme%2Fimg%2Fdefault-avatar.png&r=g\",\"caption\":\"Moderador\"}}]}<\/script>\n<!-- \/ Yoast SEO plugin. -->","yoast_head_json":{"title":"Con Miramar en la Escuela Naval - Padre y Decano - El Sitio del Pueblo","robots":{"index":"index","follow":"follow","max-snippet":"max-snippet:-1","max-image-preview":"max-image-preview:large","max-video-preview":"max-video-preview:-1"},"canonical":"https:\/\/www.padreydecano.com\/cms\/noticias\/con-miramar-en-la-escuela-naval\/","og_locale":"es_ES","og_type":"article","og_title":"Con Miramar en la Escuela Naval - Padre y Decano - El Sitio del Pueblo","og_description":"Actualizaci\u00f3n 31\/07\/12: El partido se disputar\u00e1 en el Centro de Alto Rendimiento finalmente Ma\u00f1ana mi\u00e9rcoles 1 de agosto estaremos enfrentando a Miramar Misiones desde las 10 horas en la Escuela Naval. Ser\u00e1 un nuevo partido de pr\u00e1ctica donde el \u00abPolilla\u00bb Da Silva seguir\u00e1 ajustando los detalles del equipo titular que debutar\u00e1 en el campeonato uruguayo, [&hellip;]","og_url":"https:\/\/www.padreydecano.com\/cms\/noticias\/con-miramar-en-la-escuela-naval\/","og_site_name":"Padre y Decano - El Sitio del Pueblo","article_published_time":"2012-07-31T12:00:39+00:00","article_modified_time":"2012-08-01T00:40:52+00:00","og_image":[{"width":800,"height":532,"url":"https:\/\/www.padreydecano.com\/cms\/wp-content\/uploads\/2012\/07\/DSC_0043.jpg","type":"image\/jpeg"}],"author":"Moderador","twitter_card":"summary_large_image","twitter_misc":{"Escrito por":"Moderador","Tiempo de lectura":"1 minuto"},"schema":{"@context":"https:\/\/schema.org","@graph":[{"@type":"Article","@id":"https:\/\/www.padreydecano.com\/cms\/noticias\/con-miramar-en-la-escuela-naval\/#article","isPartOf":{"@id":"https:\/\/www.padreydecano.com\/cms\/noticias\/con-miramar-en-la-escuela-naval\/"},"author":{"name":"Moderador","@id":"https:\/\/www.padreydecano.com\/cms\/#\/schema\/person\/d93e9e537230ae052c194251d9a1def2"},"headline":"Con Miramar en la Escuela Naval","datePublished":"2012-07-31T12:00:39+00:00","dateModified":"2012-08-01T00:40:52+00:00","mainEntityOfPage":{"@id":"https:\/\/www.padreydecano.com\/cms\/noticias\/con-miramar-en-la-escuela-naval\/"},"wordCount":132,"commentCount":7,"publisher":{"@id":"https:\/\/www.padreydecano.com\/cms\/#organization"},"image":{"@id":"https:\/\/www.padreydecano.com\/cms\/noticias\/con-miramar-en-la-escuela-naval\/#primaryimage"},"thumbnailUrl":"https:\/\/www.padreydecano.com\/cms\/wp-content\/uploads\/2012\/07\/DSC_0043.jpg","articleSection":["Noticias"],"inLanguage":"es","potentialAction":[{"@type":"CommentAction","name":"Comment","target":["https:\/\/www.padreydecano.com\/cms\/noticias\/con-miramar-en-la-escuela-naval\/#respond"]}]},{"@type":"WebPage","@id":"https:\/\/www.padreydecano.com\/cms\/noticias\/con-miramar-en-la-escuela-naval\/","url":"https:\/\/www.padreydecano.com\/cms\/noticias\/con-miramar-en-la-escuela-naval\/","name":"Con Miramar en la Escuela Naval - Padre y Decano - El Sitio del Pueblo","isPartOf":{"@id":"https:\/\/www.padreydecano.com\/cms\/#website"},"primaryImageOfPage":{"@id":"https:\/\/www.padreydecano.com\/cms\/noticias\/con-miramar-en-la-escuela-naval\/#primaryimage"},"image":{"@id":"https:\/\/www.padreydecano.com\/cms\/noticias\/con-miramar-en-la-escuela-naval\/#primaryimage"},"thumbnailUrl":"https:\/\/www.padreydecano.com\/cms\/wp-content\/uploads\/2012\/07\/DSC_0043.jpg","datePublished":"2012-07-31T12:00:39+00:00","dateModified":"2012-08-01T00:40:52+00:00","breadcrumb":{"@id":"https:\/\/www.padreydecano.com\/cms\/noticias\/con-miramar-en-la-escuela-naval\/#breadcrumb"},"inLanguage":"es","potentialAction":[{"@type":"ReadAction","target":["https:\/\/www.padreydecano.com\/cms\/noticias\/con-miramar-en-la-escuela-naval\/"]}]},{"@type":"ImageObject","inLanguage":"es","@id":"https:\/\/www.padreydecano.com\/cms\/noticias\/con-miramar-en-la-escuela-naval\/#primaryimage","url":"https:\/\/www.padreydecano.com\/cms\/wp-content\/uploads\/2012\/07\/DSC_0043.jpg","contentUrl":"https:\/\/www.padreydecano.com\/cms\/wp-content\/uploads\/2012\/07\/DSC_0043.jpg","width":"800","height":"532"},{"@type":"BreadcrumbList","@id":"https:\/\/www.padreydecano.com\/cms\/noticias\/con-miramar-en-la-escuela-naval\/#breadcrumb","itemListElement":[{"@type":"ListItem","position":1,"name":"Portada","item":"https:\/\/www.padreydecano.com\/cms\/"},{"@type":"ListItem","position":2,"name":"Con Miramar en la Escuela Naval"}]},{"@type":"WebSite","@id":"https:\/\/www.padreydecano.com\/cms\/#website","url":"https:\/\/www.padreydecano.com\/cms\/","name":"Padre y Decano - El Sitio del Pueblo","description":"Club Atl\u00e9tico Pe\u00f1arol","publisher":{"@id":"https:\/\/www.padreydecano.com\/cms\/#organization"},"potentialAction":[{"@type":"SearchAction","target":{"@type":"EntryPoint","urlTemplate":"https:\/\/www.padreydecano.com\/cms\/?s={search_term_string}"},"query-input":"required name=search_term_string"}],"inLanguage":"es"},{"@type":"Organization","@id":"https:\/\/www.padreydecano.com\/cms\/#organization","name":"Padre y Decano","url":"https:\/\/www.padreydecano.com\/cms\/","logo":{"@type":"ImageObject","inLanguage":"es","@id":"https:\/\/www.padreydecano.com\/cms\/#\/schema\/logo\/image\/","url":"https:\/\/www.padreydecano.com\/cms\/wp-content\/uploads\/2022\/01\/avatar-square.png","contentUrl":"https:\/\/www.padreydecano.com\/cms\/wp-content\/uploads\/2022\/01\/avatar-square.png","width":1500,"height":1500,"caption":"Padre y Decano"},"image":{"@id":"https:\/\/www.padreydecano.com\/cms\/#\/schema\/logo\/image\/"}},{"@type":"Person","@id":"https:\/\/www.padreydecano.com\/cms\/#\/schema\/person\/d93e9e537230ae052c194251d9a1def2","name":"Moderador","image":{"@type":"ImageObject","inLanguage":"es","@id":"https:\/\/www.padreydecano.com\/cms\/#\/schema\/person\/image\/","url":"https:\/\/secure.gravatar.com\/avatar\/2587727bf8a53bd3da4ec49f01bea66e?s=96&d=https%3A%2F%2Fpadreydecano.com%2Fcms%2Fwp-content%2Fthemes%2Fpyd-theme%2Fimg%2Fdefault-avatar.png&r=g","contentUrl":"https:\/\/secure.gravatar.com\/avatar\/2587727bf8a53bd3da4ec49f01bea66e?s=96&d=https%3A%2F%2Fpadreydecano.com%2Fcms%2Fwp-content%2Fthemes%2Fpyd-theme%2Fimg%2Fdefault-avatar.png&r=g","caption":"Moderador"}}]}},"_links":{"self":[{"href":"https:\/\/www.padreydecano.com\/cms\/wp-json\/wp\/v2\/posts\/27261"}],"collection":[{"href":"https:\/\/www.padreydecano.com\/cms\/wp-json\/wp\/v2\/posts"}],"about":[{"href":"https:\/\/www.padreydecano.com\/cms\/wp-json\/wp\/v2\/types\/post"}],"author":[{"embeddable":true,"href":"https:\/\/www.padreydecano.com\/cms\/wp-json\/wp\/v2\/users\/13"}],"replies":[{"embeddable":true,"href":"https:\/\/www.padreydecano.com\/cms\/wp-json\/wp\/v2\/comments?post=27261"}],"version-history":[{"count":0,"href":"https:\/\/www.padreydecano.com\/cms\/wp-json\/wp\/v2\/posts\/27261\/revisions"}],"wp:featuredmedia":[{"embeddable":true,"href":"https:\/\/www.padreydecano.com\/cms\/wp-json\/wp\/v2\/media\/26930"}],"wp:attachment":[{"href":"https:\/\/www.padreydecano.com\/cms\/wp-json\/wp\/v2\/media?parent=27261"}],"wp:term":[{"taxonomy":"category","embeddable":true,"href":"https:\/\/www.padreydecano.com\/cms\/wp-json\/wp\/v2\/categories?post=27261"},{"taxonomy":"post_tag","embeddable":true,"href":"https:\/\/www.padreydecano.com\/cms\/wp-json\/wp\/v2\/tags?post=27261"}],"curies":[{"name":"wp","href":"https:\/\/api.w.org\/{rel}","templated":true}]}}