{"id":27215,"date":"2012-07-30T14:08:31","date_gmt":"2012-07-30T17:08:31","guid":{"rendered":"http:\/\/www.padreydecano.com\/cms\/?p=27215"},"modified":"2012-07-30T14:08:31","modified_gmt":"2012-07-30T17:08:31","slug":"los-juveniles-recibieron-los-gorros","status":"publish","type":"post","link":"https:\/\/www.padreydecano.com\/cms\/formativas\/los-juveniles-recibieron-los-gorros\/","title":{"rendered":"Los juveniles recibieron los gorros"},"content":{"rendered":"<p style=\"text-align: justify;\">\n<div id=\"attachment_27217\" style=\"width: 310px\" class=\"wp-caption alignright\"><a href=\"https:\/\/www.padreydecano.com\/cms\/wp-content\/uploads\/2012\/07\/7ma-Divisi\u00f3n.jpg\" rel=\"shadowbox[sbpost-27215];player=img;\"><img loading=\"lazy\" decoding=\"async\" aria-describedby=\"caption-attachment-27217\" class=\"size-medium wp-image-27217\" title=\"7ma Divisi\u00f3n con sus gorros y sus guantes\" src=\"https:\/\/www.padreydecano.com\/cms\/wp-content\/uploads\/2012\/07\/7ma-Divisi\u00f3n-300x225.jpg\" alt=\"\" width=\"300\" height=\"225\" srcset=\"https:\/\/www.padreydecano.com\/cms\/wp-content\/uploads\/2012\/07\/7ma-Divisi\u00f3n-300x225.jpg 300w, https:\/\/www.padreydecano.com\/cms\/wp-content\/uploads\/2012\/07\/7ma-Divisi\u00f3n.jpg 720w\" sizes=\"(max-width: 300px) 100vw, 300px\" \/><\/a><p id=\"caption-attachment-27217\" class=\"wp-caption-text\">7ma Divisi\u00f3n con sus gorros y sus guantes<\/p><\/div>\n<p style=\"text-align: justify;\"><span style=\"color: #ffcc02;\">Padre y Decano<\/span> realiz\u00f3 una<a title=\"Subasta de la camiseta de Freitas\" href=\"https:\/\/www.padreydecano.com\/cms\/formativas\/subasta-de-la-camiseta-de-freitas\/\" target=\"_blank\"> subasta de la camiseta de Nicol\u00e1s Freitas<\/a> para poder comprarle a cada juvenil un gorro de lana. Nuestra idea inicial era comprar 100 gorros y entregar 20 por categor\u00eda.\u00a0Confi\u00e1bamos\u00a0en que la gente iba a apoyar esta iniciativa y as\u00ed fue que logramos venderla a $4800, lo cual nos permiti\u00f3 comprar 160 gorros y poder entregarle uno a cada integrante de cada plantel ya que todos los planteles est\u00e1n integrados por 30 chicos o algunos hasta por 35.<\/p>\n<p style=\"text-align: justify;\">Como los partidos de 6ta y 7ma se jugaban el domingo por la ma\u00f1ana muy temprano y el fr\u00edo a esa hora era impresionante (la 6ta jug\u00f3 8:30) decidimos poner nosotros dinero y poder comprarles guantes. Entregamos 40 guantes entre las dos categor\u00edas.<\/p>\n<p style=\"text-align: justify;\">Cabe destacar que no todos los juveniles van los fines de semana a los partidos, algunos porque est\u00e1n lesionados, otros porque est\u00e1n expulsados y tambi\u00e9n est\u00e1n los que no fueron citados. Por lo tanto no pudimos entregar todos. \u00a0El s\u00e1bado entregamos 80 gorros y el domingo 50. Los restantes 30 ser\u00e1n entregados en los entrenamientos correspondientes a esta semana.<\/p>\n<p style=\"text-align: justify;\">Queremos agradecer a todos los que nos han enviado sus ofertas, tambi\u00e9n a Nicol\u00e1s Freitas que\u00a0gentilmente\u00a0don\u00f3 la camiseta y especialmente al comprador de la misma ya que su oferta fue important\u00edsima para lograr el objetivo.<\/p>\n\n\t\t<style type=\"text\/css\">\n\t\t\t#gallery-1 {\n\t\t\t\tmargin: auto;\n\t\t\t}\n\t\t\t#gallery-1 .gallery-item {\n\t\t\t\tfloat: left;\n\t\t\t\tmargin-top: 10px;\n\t\t\t\ttext-align: center;\n\t\t\t\twidth: 33%;\n\t\t\t}\n\t\t\t#gallery-1 img {\n\t\t\t\tborder: 2px solid #cfcfcf;\n\t\t\t}\n\t\t\t#gallery-1 .gallery-caption {\n\t\t\t\tmargin-left: 0;\n\t\t\t}\n\t\t\t\/* see gallery_shortcode() in wp-includes\/media.php *\/\n\t\t<\/style>\n\t\t<div id='gallery-1' class='gallery galleryid-27215 gallery-columns-3 gallery-size-thumbnail'><dl class='gallery-item'>\n\t\t\t<dt class='gallery-icon landscape'>\n\t\t\t\t<a href='https:\/\/www.padreydecano.com\/cms\/wp-content\/uploads\/2012\/07\/6ta-Divisi\u00f3n.jpg' rel='shadowbox[sbalbum-27215];player=img;'><img loading=\"lazy\" decoding=\"async\" width=\"150\" height=\"150\" src=\"https:\/\/www.padreydecano.com\/cms\/wp-content\/uploads\/2012\/07\/6ta-Divisi\u00f3n-150x150.jpg\" class=\"attachment-thumbnail size-thumbnail\" alt=\"\" aria-describedby=\"gallery-1-27216\" srcset=\"https:\/\/www.padreydecano.com\/cms\/wp-content\/uploads\/2012\/07\/6ta-Divisi\u00f3n-150x150.jpg 150w, https:\/\/www.padreydecano.com\/cms\/wp-content\/uploads\/2012\/07\/6ta-Divisi\u00f3n-36x36.jpg 36w, https:\/\/www.padreydecano.com\/cms\/wp-content\/uploads\/2012\/07\/6ta-Divisi\u00f3n-115x115.jpg 115w\" sizes=\"(max-width: 150px) 100vw, 150px\" \/><\/a>\n\t\t\t<\/dt>\n\t\t\t\t<dd class='wp-caption-text gallery-caption' id='gallery-1-27216'>\n\t\t\t\t6ta Divisi\u00f3n con sus gorros y sus guantes\n\t\t\t\t<\/dd><\/dl><dl class='gallery-item'>\n\t\t\t<dt class='gallery-icon landscape'>\n\t\t\t\t<a href='https:\/\/www.padreydecano.com\/cms\/wp-content\/uploads\/2012\/07\/7ma-Divisi\u00f3n.jpg' rel='shadowbox[sbalbum-27215];player=img;'><img loading=\"lazy\" decoding=\"async\" width=\"150\" height=\"150\" src=\"https:\/\/www.padreydecano.com\/cms\/wp-content\/uploads\/2012\/07\/7ma-Divisi\u00f3n-150x150.jpg\" class=\"attachment-thumbnail size-thumbnail\" alt=\"\" aria-describedby=\"gallery-1-27217\" srcset=\"https:\/\/www.padreydecano.com\/cms\/wp-content\/uploads\/2012\/07\/7ma-Divisi\u00f3n-150x150.jpg 150w, https:\/\/www.padreydecano.com\/cms\/wp-content\/uploads\/2012\/07\/7ma-Divisi\u00f3n-36x36.jpg 36w, https:\/\/www.padreydecano.com\/cms\/wp-content\/uploads\/2012\/07\/7ma-Divisi\u00f3n-115x115.jpg 115w\" sizes=\"(max-width: 150px) 100vw, 150px\" \/><\/a>\n\t\t\t<\/dt>\n\t\t\t\t<dd class='wp-caption-text gallery-caption' id='gallery-1-27217'>\n\t\t\t\t7ma Divisi\u00f3n con sus gorros y sus guantes\n\t\t\t\t<\/dd><\/dl><dl class='gallery-item'>\n\t\t\t<dt class='gallery-icon portrait'>\n\t\t\t\t<a href='https:\/\/www.padreydecano.com\/cms\/wp-content\/uploads\/2012\/07\/Comprador.jpg' rel='shadowbox[sbalbum-27215];player=img;'><img loading=\"lazy\" decoding=\"async\" width=\"150\" height=\"150\" src=\"https:\/\/www.padreydecano.com\/cms\/wp-content\/uploads\/2012\/07\/Comprador-150x150.jpg\" class=\"attachment-thumbnail size-thumbnail\" alt=\"\" aria-describedby=\"gallery-1-27218\" srcset=\"https:\/\/www.padreydecano.com\/cms\/wp-content\/uploads\/2012\/07\/Comprador-150x150.jpg 150w, https:\/\/www.padreydecano.com\/cms\/wp-content\/uploads\/2012\/07\/Comprador-36x36.jpg 36w, https:\/\/www.padreydecano.com\/cms\/wp-content\/uploads\/2012\/07\/Comprador-115x115.jpg 115w\" sizes=\"(max-width: 150px) 100vw, 150px\" \/><\/a>\n\t\t\t<\/dt>\n\t\t\t\t<dd class='wp-caption-text gallery-caption' id='gallery-1-27218'>\n\t\t\t\tComprador de la camiseta\n\t\t\t\t<\/dd><\/dl><br style=\"clear: both\" \/><dl class='gallery-item'>\n\t\t\t<dt class='gallery-icon landscape'>\n\t\t\t\t<a href='https:\/\/www.padreydecano.com\/cms\/wp-content\/uploads\/2012\/07\/Divisi\u00f3n-sub16.jpg' rel='shadowbox[sbalbum-27215];player=img;'><img loading=\"lazy\" decoding=\"async\" width=\"150\" height=\"150\" src=\"https:\/\/www.padreydecano.com\/cms\/wp-content\/uploads\/2012\/07\/Divisi\u00f3n-sub16-150x150.jpg\" class=\"attachment-thumbnail size-thumbnail\" alt=\"\" aria-describedby=\"gallery-1-27219\" srcset=\"https:\/\/www.padreydecano.com\/cms\/wp-content\/uploads\/2012\/07\/Divisi\u00f3n-sub16-150x150.jpg 150w, https:\/\/www.padreydecano.com\/cms\/wp-content\/uploads\/2012\/07\/Divisi\u00f3n-sub16-36x36.jpg 36w, https:\/\/www.padreydecano.com\/cms\/wp-content\/uploads\/2012\/07\/Divisi\u00f3n-sub16-115x115.jpg 115w\" sizes=\"(max-width: 150px) 100vw, 150px\" \/><\/a>\n\t\t\t<\/dt>\n\t\t\t\t<dd class='wp-caption-text gallery-caption' id='gallery-1-27219'>\n\t\t\t\tSub16 con sus gorros\n\t\t\t\t<\/dd><\/dl><dl class='gallery-item'>\n\t\t\t<dt class='gallery-icon landscape'>\n\t\t\t\t<a href='https:\/\/www.padreydecano.com\/cms\/wp-content\/uploads\/2012\/07\/4ta-Divisi\u00f3n.jpg' rel='shadowbox[sbalbum-27215];player=img;'><img loading=\"lazy\" decoding=\"async\" width=\"150\" height=\"150\" src=\"https:\/\/www.padreydecano.com\/cms\/wp-content\/uploads\/2012\/07\/4ta-Divisi\u00f3n-150x150.jpg\" class=\"attachment-thumbnail size-thumbnail\" alt=\"\" aria-describedby=\"gallery-1-27220\" srcset=\"https:\/\/www.padreydecano.com\/cms\/wp-content\/uploads\/2012\/07\/4ta-Divisi\u00f3n-150x150.jpg 150w, https:\/\/www.padreydecano.com\/cms\/wp-content\/uploads\/2012\/07\/4ta-Divisi\u00f3n-36x36.jpg 36w, https:\/\/www.padreydecano.com\/cms\/wp-content\/uploads\/2012\/07\/4ta-Divisi\u00f3n-115x115.jpg 115w\" sizes=\"(max-width: 150px) 100vw, 150px\" \/><\/a>\n\t\t\t<\/dt>\n\t\t\t\t<dd class='wp-caption-text gallery-caption' id='gallery-1-27220'>\n\t\t\t\t4ta Divisi\u00f3n con sus gorros\n\t\t\t\t<\/dd><\/dl><dl class='gallery-item'>\n\t\t\t<dt class='gallery-icon landscape'>\n\t\t\t\t<a href='https:\/\/www.padreydecano.com\/cms\/wp-content\/uploads\/2012\/07\/5ta-Divisi\u00f3n.jpg' rel='shadowbox[sbalbum-27215];player=img;'><img loading=\"lazy\" decoding=\"async\" width=\"150\" height=\"150\" src=\"https:\/\/www.padreydecano.com\/cms\/wp-content\/uploads\/2012\/07\/5ta-Divisi\u00f3n-150x150.jpg\" class=\"attachment-thumbnail size-thumbnail\" alt=\"\" aria-describedby=\"gallery-1-27221\" srcset=\"https:\/\/www.padreydecano.com\/cms\/wp-content\/uploads\/2012\/07\/5ta-Divisi\u00f3n-150x150.jpg 150w, https:\/\/www.padreydecano.com\/cms\/wp-content\/uploads\/2012\/07\/5ta-Divisi\u00f3n-36x36.jpg 36w, https:\/\/www.padreydecano.com\/cms\/wp-content\/uploads\/2012\/07\/5ta-Divisi\u00f3n-115x115.jpg 115w\" sizes=\"(max-width: 150px) 100vw, 150px\" \/><\/a>\n\t\t\t<\/dt>\n\t\t\t\t<dd class='wp-caption-text gallery-caption' id='gallery-1-27221'>\n\t\t\t\t5ta Divisi\u00f3n con sus gorros\n\t\t\t\t<\/dd><\/dl><br style=\"clear: both\" \/>\n\t\t<\/div>\n\n","protected":false},"excerpt":{"rendered":"<p>Padre y Decano realiz\u00f3 una subasta de la camiseta de Nicol\u00e1s Freitas para poder comprarle a cada juvenil un gorro de lana. Nuestra idea inicial era comprar 100 gorros y entregar 20 por categor\u00eda.\u00a0Confi\u00e1bamos\u00a0en que la gente iba a apoyar esta iniciativa y as\u00ed fue que logramos venderla a $4800, lo cual nos permiti\u00f3 comprar [&hellip;]<\/p>\n","protected":false},"author":10,"featured_media":27220,"comment_status":"open","ping_status":"closed","sticky":false,"template":"","format":"standard","meta":{"footnotes":""},"categories":[40],"tags":[],"yoast_head":"<!-- This site is optimized with the Yoast SEO plugin v23.2 - https:\/\/yoast.com\/wordpress\/plugins\/seo\/ -->\n<title>Los juveniles recibieron los gorros - Padre y Decano - El Sitio del Pueblo<\/title>\n<meta name=\"robots\" content=\"index, follow, max-snippet:-1, max-image-preview:large, max-video-preview:-1\" \/>\n<link rel=\"canonical\" href=\"https:\/\/www.padreydecano.com\/cms\/formativas\/los-juveniles-recibieron-los-gorros\/\" \/>\n<meta property=\"og:locale\" content=\"es_ES\" \/>\n<meta property=\"og:type\" content=\"article\" \/>\n<meta property=\"og:title\" content=\"Los juveniles recibieron los gorros - Padre y Decano - El Sitio del Pueblo\" \/>\n<meta property=\"og:description\" content=\"Padre y Decano realiz\u00f3 una subasta de la camiseta de Nicol\u00e1s Freitas para poder comprarle a cada juvenil un gorro de lana. Nuestra idea inicial era comprar 100 gorros y entregar 20 por categor\u00eda.\u00a0Confi\u00e1bamos\u00a0en que la gente iba a apoyar esta iniciativa y as\u00ed fue que logramos venderla a $4800, lo cual nos permiti\u00f3 comprar [&hellip;]\" \/>\n<meta property=\"og:url\" content=\"https:\/\/www.padreydecano.com\/cms\/formativas\/los-juveniles-recibieron-los-gorros\/\" \/>\n<meta property=\"og:site_name\" content=\"Padre y Decano - El Sitio del Pueblo\" \/>\n<meta property=\"article:published_time\" content=\"2012-07-30T17:08:31+00:00\" \/>\n<meta property=\"og:image\" content=\"https:\/\/www.padreydecano.com\/cms\/wp-content\/uploads\/2012\/07\/4ta-Divisi\u00f3n.jpg\" \/>\n\t<meta property=\"og:image:width\" content=\"720\" \/>\n\t<meta property=\"og:image:height\" content=\"540\" \/>\n\t<meta property=\"og:image:type\" content=\"image\/jpeg\" \/>\n<meta name=\"author\" content=\"fishoapyd\" \/>\n<meta name=\"twitter:card\" content=\"summary_large_image\" \/>\n<meta name=\"twitter:label1\" content=\"Escrito por\" \/>\n\t<meta name=\"twitter:data1\" content=\"fishoapyd\" \/>\n\t<meta name=\"twitter:label2\" content=\"Tiempo de lectura\" \/>\n\t<meta name=\"twitter:data2\" content=\"1 minuto\" \/>\n<script type=\"application\/ld+json\" class=\"yoast-schema-graph\">{\"@context\":\"https:\/\/schema.org\",\"@graph\":[{\"@type\":\"Article\",\"@id\":\"https:\/\/www.padreydecano.com\/cms\/formativas\/los-juveniles-recibieron-los-gorros\/#article\",\"isPartOf\":{\"@id\":\"https:\/\/www.padreydecano.com\/cms\/formativas\/los-juveniles-recibieron-los-gorros\/\"},\"author\":{\"name\":\"fishoapyd\",\"@id\":\"https:\/\/www.padreydecano.com\/cms\/#\/schema\/person\/1376f1ec91158cca7aeef6d2109f929d\"},\"headline\":\"Los juveniles recibieron los gorros\",\"datePublished\":\"2012-07-30T17:08:31+00:00\",\"dateModified\":\"2012-07-30T17:08:31+00:00\",\"mainEntityOfPage\":{\"@id\":\"https:\/\/www.padreydecano.com\/cms\/formativas\/los-juveniles-recibieron-los-gorros\/\"},\"wordCount\":252,\"commentCount\":2,\"publisher\":{\"@id\":\"https:\/\/www.padreydecano.com\/cms\/#organization\"},\"image\":{\"@id\":\"https:\/\/www.padreydecano.com\/cms\/formativas\/los-juveniles-recibieron-los-gorros\/#primaryimage\"},\"thumbnailUrl\":\"https:\/\/www.padreydecano.com\/cms\/wp-content\/uploads\/2012\/07\/4ta-Divisi\u00f3n.jpg\",\"articleSection\":[\"Formativas\"],\"inLanguage\":\"es\",\"potentialAction\":[{\"@type\":\"CommentAction\",\"name\":\"Comment\",\"target\":[\"https:\/\/www.padreydecano.com\/cms\/formativas\/los-juveniles-recibieron-los-gorros\/#respond\"]}]},{\"@type\":\"WebPage\",\"@id\":\"https:\/\/www.padreydecano.com\/cms\/formativas\/los-juveniles-recibieron-los-gorros\/\",\"url\":\"https:\/\/www.padreydecano.com\/cms\/formativas\/los-juveniles-recibieron-los-gorros\/\",\"name\":\"Los juveniles recibieron los gorros - Padre y Decano - El Sitio del Pueblo\",\"isPartOf\":{\"@id\":\"https:\/\/www.padreydecano.com\/cms\/#website\"},\"primaryImageOfPage\":{\"@id\":\"https:\/\/www.padreydecano.com\/cms\/formativas\/los-juveniles-recibieron-los-gorros\/#primaryimage\"},\"image\":{\"@id\":\"https:\/\/www.padreydecano.com\/cms\/formativas\/los-juveniles-recibieron-los-gorros\/#primaryimage\"},\"thumbnailUrl\":\"https:\/\/www.padreydecano.com\/cms\/wp-content\/uploads\/2012\/07\/4ta-Divisi\u00f3n.jpg\",\"datePublished\":\"2012-07-30T17:08:31+00:00\",\"dateModified\":\"2012-07-30T17:08:31+00:00\",\"breadcrumb\":{\"@id\":\"https:\/\/www.padreydecano.com\/cms\/formativas\/los-juveniles-recibieron-los-gorros\/#breadcrumb\"},\"inLanguage\":\"es\",\"potentialAction\":[{\"@type\":\"ReadAction\",\"target\":[\"https:\/\/www.padreydecano.com\/cms\/formativas\/los-juveniles-recibieron-los-gorros\/\"]}]},{\"@type\":\"ImageObject\",\"inLanguage\":\"es\",\"@id\":\"https:\/\/www.padreydecano.com\/cms\/formativas\/los-juveniles-recibieron-los-gorros\/#primaryimage\",\"url\":\"https:\/\/www.padreydecano.com\/cms\/wp-content\/uploads\/2012\/07\/4ta-Divisi\u00f3n.jpg\",\"contentUrl\":\"https:\/\/www.padreydecano.com\/cms\/wp-content\/uploads\/2012\/07\/4ta-Divisi\u00f3n.jpg\",\"width\":\"720\",\"height\":\"540\",\"caption\":\"4ta Divisi\u00f3n con sus gorros\"},{\"@type\":\"BreadcrumbList\",\"@id\":\"https:\/\/www.padreydecano.com\/cms\/formativas\/los-juveniles-recibieron-los-gorros\/#breadcrumb\",\"itemListElement\":[{\"@type\":\"ListItem\",\"position\":1,\"name\":\"Portada\",\"item\":\"https:\/\/www.padreydecano.com\/cms\/\"},{\"@type\":\"ListItem\",\"position\":2,\"name\":\"Los juveniles recibieron los gorros\"}]},{\"@type\":\"WebSite\",\"@id\":\"https:\/\/www.padreydecano.com\/cms\/#website\",\"url\":\"https:\/\/www.padreydecano.com\/cms\/\",\"name\":\"Padre y Decano - El Sitio del Pueblo\",\"description\":\"Club Atl\u00e9tico Pe\u00f1arol\",\"publisher\":{\"@id\":\"https:\/\/www.padreydecano.com\/cms\/#organization\"},\"potentialAction\":[{\"@type\":\"SearchAction\",\"target\":{\"@type\":\"EntryPoint\",\"urlTemplate\":\"https:\/\/www.padreydecano.com\/cms\/?s={search_term_string}\"},\"query-input\":\"required name=search_term_string\"}],\"inLanguage\":\"es\"},{\"@type\":\"Organization\",\"@id\":\"https:\/\/www.padreydecano.com\/cms\/#organization\",\"name\":\"Padre y Decano\",\"url\":\"https:\/\/www.padreydecano.com\/cms\/\",\"logo\":{\"@type\":\"ImageObject\",\"inLanguage\":\"es\",\"@id\":\"https:\/\/www.padreydecano.com\/cms\/#\/schema\/logo\/image\/\",\"url\":\"https:\/\/www.padreydecano.com\/cms\/wp-content\/uploads\/2022\/01\/avatar-square.png\",\"contentUrl\":\"https:\/\/www.padreydecano.com\/cms\/wp-content\/uploads\/2022\/01\/avatar-square.png\",\"width\":1500,\"height\":1500,\"caption\":\"Padre y Decano\"},\"image\":{\"@id\":\"https:\/\/www.padreydecano.com\/cms\/#\/schema\/logo\/image\/\"}},{\"@type\":\"Person\",\"@id\":\"https:\/\/www.padreydecano.com\/cms\/#\/schema\/person\/1376f1ec91158cca7aeef6d2109f929d\",\"name\":\"fishoapyd\",\"image\":{\"@type\":\"ImageObject\",\"inLanguage\":\"es\",\"@id\":\"https:\/\/www.padreydecano.com\/cms\/#\/schema\/person\/image\/\",\"url\":\"https:\/\/www.padreydecano.com\/cms\/wp-content\/uploads\/2022\/12\/avatar-square-1.png\",\"contentUrl\":\"https:\/\/www.padreydecano.com\/cms\/wp-content\/uploads\/2022\/12\/avatar-square-1.png\",\"caption\":\"fishoapyd\"},\"sameAs\":[\"http:\/\/www.padreydecano.com\"]}]}<\/script>\n<!-- \/ Yoast SEO plugin. -->","yoast_head_json":{"title":"Los juveniles recibieron los gorros - Padre y Decano - El Sitio del Pueblo","robots":{"index":"index","follow":"follow","max-snippet":"max-snippet:-1","max-image-preview":"max-image-preview:large","max-video-preview":"max-video-preview:-1"},"canonical":"https:\/\/www.padreydecano.com\/cms\/formativas\/los-juveniles-recibieron-los-gorros\/","og_locale":"es_ES","og_type":"article","og_title":"Los juveniles recibieron los gorros - Padre y Decano - El Sitio del Pueblo","og_description":"Padre y Decano realiz\u00f3 una subasta de la camiseta de Nicol\u00e1s Freitas para poder comprarle a cada juvenil un gorro de lana. Nuestra idea inicial era comprar 100 gorros y entregar 20 por categor\u00eda.\u00a0Confi\u00e1bamos\u00a0en que la gente iba a apoyar esta iniciativa y as\u00ed fue que logramos venderla a $4800, lo cual nos permiti\u00f3 comprar [&hellip;]","og_url":"https:\/\/www.padreydecano.com\/cms\/formativas\/los-juveniles-recibieron-los-gorros\/","og_site_name":"Padre y Decano - El Sitio del Pueblo","article_published_time":"2012-07-30T17:08:31+00:00","og_image":[{"width":720,"height":540,"url":"https:\/\/www.padreydecano.com\/cms\/wp-content\/uploads\/2012\/07\/4ta-Divisi\u00f3n.jpg","type":"image\/jpeg"}],"author":"fishoapyd","twitter_card":"summary_large_image","twitter_misc":{"Escrito por":"fishoapyd","Tiempo de lectura":"1 minuto"},"schema":{"@context":"https:\/\/schema.org","@graph":[{"@type":"Article","@id":"https:\/\/www.padreydecano.com\/cms\/formativas\/los-juveniles-recibieron-los-gorros\/#article","isPartOf":{"@id":"https:\/\/www.padreydecano.com\/cms\/formativas\/los-juveniles-recibieron-los-gorros\/"},"author":{"name":"fishoapyd","@id":"https:\/\/www.padreydecano.com\/cms\/#\/schema\/person\/1376f1ec91158cca7aeef6d2109f929d"},"headline":"Los juveniles recibieron los gorros","datePublished":"2012-07-30T17:08:31+00:00","dateModified":"2012-07-30T17:08:31+00:00","mainEntityOfPage":{"@id":"https:\/\/www.padreydecano.com\/cms\/formativas\/los-juveniles-recibieron-los-gorros\/"},"wordCount":252,"commentCount":2,"publisher":{"@id":"https:\/\/www.padreydecano.com\/cms\/#organization"},"image":{"@id":"https:\/\/www.padreydecano.com\/cms\/formativas\/los-juveniles-recibieron-los-gorros\/#primaryimage"},"thumbnailUrl":"https:\/\/www.padreydecano.com\/cms\/wp-content\/uploads\/2012\/07\/4ta-Divisi\u00f3n.jpg","articleSection":["Formativas"],"inLanguage":"es","potentialAction":[{"@type":"CommentAction","name":"Comment","target":["https:\/\/www.padreydecano.com\/cms\/formativas\/los-juveniles-recibieron-los-gorros\/#respond"]}]},{"@type":"WebPage","@id":"https:\/\/www.padreydecano.com\/cms\/formativas\/los-juveniles-recibieron-los-gorros\/","url":"https:\/\/www.padreydecano.com\/cms\/formativas\/los-juveniles-recibieron-los-gorros\/","name":"Los juveniles recibieron los gorros - Padre y Decano - El Sitio del Pueblo","isPartOf":{"@id":"https:\/\/www.padreydecano.com\/cms\/#website"},"primaryImageOfPage":{"@id":"https:\/\/www.padreydecano.com\/cms\/formativas\/los-juveniles-recibieron-los-gorros\/#primaryimage"},"image":{"@id":"https:\/\/www.padreydecano.com\/cms\/formativas\/los-juveniles-recibieron-los-gorros\/#primaryimage"},"thumbnailUrl":"https:\/\/www.padreydecano.com\/cms\/wp-content\/uploads\/2012\/07\/4ta-Divisi\u00f3n.jpg","datePublished":"2012-07-30T17:08:31+00:00","dateModified":"2012-07-30T17:08:31+00:00","breadcrumb":{"@id":"https:\/\/www.padreydecano.com\/cms\/formativas\/los-juveniles-recibieron-los-gorros\/#breadcrumb"},"inLanguage":"es","potentialAction":[{"@type":"ReadAction","target":["https:\/\/www.padreydecano.com\/cms\/formativas\/los-juveniles-recibieron-los-gorros\/"]}]},{"@type":"ImageObject","inLanguage":"es","@id":"https:\/\/www.padreydecano.com\/cms\/formativas\/los-juveniles-recibieron-los-gorros\/#primaryimage","url":"https:\/\/www.padreydecano.com\/cms\/wp-content\/uploads\/2012\/07\/4ta-Divisi\u00f3n.jpg","contentUrl":"https:\/\/www.padreydecano.com\/cms\/wp-content\/uploads\/2012\/07\/4ta-Divisi\u00f3n.jpg","width":"720","height":"540","caption":"4ta Divisi\u00f3n con sus gorros"},{"@type":"BreadcrumbList","@id":"https:\/\/www.padreydecano.com\/cms\/formativas\/los-juveniles-recibieron-los-gorros\/#breadcrumb","itemListElement":[{"@type":"ListItem","position":1,"name":"Portada","item":"https:\/\/www.padreydecano.com\/cms\/"},{"@type":"ListItem","position":2,"name":"Los juveniles recibieron los gorros"}]},{"@type":"WebSite","@id":"https:\/\/www.padreydecano.com\/cms\/#website","url":"https:\/\/www.padreydecano.com\/cms\/","name":"Padre y Decano - El Sitio del Pueblo","description":"Club Atl\u00e9tico Pe\u00f1arol","publisher":{"@id":"https:\/\/www.padreydecano.com\/cms\/#organization"},"potentialAction":[{"@type":"SearchAction","target":{"@type":"EntryPoint","urlTemplate":"https:\/\/www.padreydecano.com\/cms\/?s={search_term_string}"},"query-input":"required name=search_term_string"}],"inLanguage":"es"},{"@type":"Organization","@id":"https:\/\/www.padreydecano.com\/cms\/#organization","name":"Padre y Decano","url":"https:\/\/www.padreydecano.com\/cms\/","logo":{"@type":"ImageObject","inLanguage":"es","@id":"https:\/\/www.padreydecano.com\/cms\/#\/schema\/logo\/image\/","url":"https:\/\/www.padreydecano.com\/cms\/wp-content\/uploads\/2022\/01\/avatar-square.png","contentUrl":"https:\/\/www.padreydecano.com\/cms\/wp-content\/uploads\/2022\/01\/avatar-square.png","width":1500,"height":1500,"caption":"Padre y Decano"},"image":{"@id":"https:\/\/www.padreydecano.com\/cms\/#\/schema\/logo\/image\/"}},{"@type":"Person","@id":"https:\/\/www.padreydecano.com\/cms\/#\/schema\/person\/1376f1ec91158cca7aeef6d2109f929d","name":"fishoapyd","image":{"@type":"ImageObject","inLanguage":"es","@id":"https:\/\/www.padreydecano.com\/cms\/#\/schema\/person\/image\/","url":"https:\/\/www.padreydecano.com\/cms\/wp-content\/uploads\/2022\/12\/avatar-square-1.png","contentUrl":"https:\/\/www.padreydecano.com\/cms\/wp-content\/uploads\/2022\/12\/avatar-square-1.png","caption":"fishoapyd"},"sameAs":["http:\/\/www.padreydecano.com"]}]}},"_links":{"self":[{"href":"https:\/\/www.padreydecano.com\/cms\/wp-json\/wp\/v2\/posts\/27215"}],"collection":[{"href":"https:\/\/www.padreydecano.com\/cms\/wp-json\/wp\/v2\/posts"}],"about":[{"href":"https:\/\/www.padreydecano.com\/cms\/wp-json\/wp\/v2\/types\/post"}],"author":[{"embeddable":true,"href":"https:\/\/www.padreydecano.com\/cms\/wp-json\/wp\/v2\/users\/10"}],"replies":[{"embeddable":true,"href":"https:\/\/www.padreydecano.com\/cms\/wp-json\/wp\/v2\/comments?post=27215"}],"version-history":[{"count":0,"href":"https:\/\/www.padreydecano.com\/cms\/wp-json\/wp\/v2\/posts\/27215\/revisions"}],"wp:featuredmedia":[{"embeddable":true,"href":"https:\/\/www.padreydecano.com\/cms\/wp-json\/wp\/v2\/media\/27220"}],"wp:attachment":[{"href":"https:\/\/www.padreydecano.com\/cms\/wp-json\/wp\/v2\/media?parent=27215"}],"wp:term":[{"taxonomy":"category","embeddable":true,"href":"https:\/\/www.padreydecano.com\/cms\/wp-json\/wp\/v2\/categories?post=27215"},{"taxonomy":"post_tag","embeddable":true,"href":"https:\/\/www.padreydecano.com\/cms\/wp-json\/wp\/v2\/tags?post=27215"}],"curies":[{"name":"wp","href":"https:\/\/api.w.org\/{rel}","templated":true}]}}