{"id":26981,"date":"2012-07-30T11:00:17","date_gmt":"2012-07-30T14:00:17","guid":{"rendered":"http:\/\/www.padreydecano.com\/cms\/?p=26981"},"modified":"2012-07-30T11:44:03","modified_gmt":"2012-07-30T14:44:03","slug":"los-5k-de-penarol","status":"publish","type":"post","link":"https:\/\/www.padreydecano.com\/cms\/otras-disciplinas\/los-5k-de-penarol\/","title":{"rendered":"Los 5K de Pe\u00f1arol"},"content":{"rendered":"<p style=\"text-align: justify;\"><a href=\"https:\/\/www.padreydecano.com\/cms\/wp-content\/uploads\/2012\/07\/5k-Pe\u00f1arol.jpg\" rel=\"shadowbox[sbpost-26981];player=img;\"><img loading=\"lazy\" decoding=\"async\" class=\"alignright size-medium wp-image-26984\" title=\"\" src=\"https:\/\/www.padreydecano.com\/cms\/wp-content\/uploads\/2012\/07\/5k-Pe\u00f1arol-187x300.jpg\" alt=\"\" width=\"187\" height=\"300\" srcset=\"https:\/\/www.padreydecano.com\/cms\/wp-content\/uploads\/2012\/07\/5k-Pe\u00f1arol-187x300.jpg 187w, https:\/\/www.padreydecano.com\/cms\/wp-content\/uploads\/2012\/07\/5k-Pe\u00f1arol.jpg 600w\" sizes=\"(max-width: 187px) 100vw, 187px\" \/><\/a>El Atletismo de Pe\u00f1arol organizar\u00e1 una carrera \u00fanica<strong> a beneficio:<\/strong> los 5K por la Escuelita de Atletismo de Pe\u00f1arol. Se trata de una carrera a disputarse el <strong>s\u00e1bado 29 de setiembre<\/strong> a las 16:00 hs, siendo \u00e9sta otra actividad de los festejos de los 121 a\u00f1os del <a href=\"https:\/\/www.padreydecano.com\/cms\/penarol-decano-futbol-uruguayo\/\" target=\"_blank\">Decano del F\u00fatbol Uruguayo<\/a>.<\/p>\n<p style=\"text-align: justify;\">Para poder participar de la carrera se debe tener\u00a0<strong>15 a\u00f1os o m\u00e1s\u00a0al\u00a0d\u00eda\u00a0del evento.<\/strong> Los menores de 18 a\u00f1os\u00a0los\u00a0d\u00edas\u00a026 y 27 de setiembre al retirar el n\u00famero de corredor y la remera del evento, deben ir acompa\u00f1ados de padre, madre o tutor que firme el deslinde de responsabilidad.<\/p>\n<ul style=\"text-align: justify;\">\n<li><span style=\"text-align: justify;\">Inscripci\u00f3n a la carrera &#8211; $ 250<\/span><\/li>\n<li><span style=\"text-align: justify;\">Socios de Pe\u00f1arol &#8211; $ 220<\/span><\/li>\n<li><span style=\"text-align: justify;\">Remera del evento &#8211; $\u00a0190<\/span><\/li>\n<\/ul>\n<p style=\"text-align: justify;\">La preinscripci\u00f3n se realiza en la <a href=\"http:\/\/5kpenarol.com\/\" target=\"_blank\">web del evento<\/a>, el pago de la carrera hace en Red Pagos mencionando <strong>5K Pe\u00f1arol<\/strong>, esto es a partir del 30 de julio.<\/p>\n<p style=\"text-align: justify;\"><strong>Con lo recaudado se financiar\u00e1 una escuela de atletismo gratuita para todos los ni\u00f1os<\/strong>. La carrera es declarada de inter\u00e9s ministerial por el Ministerio de Turismo y Deporte.<\/p>\n<p style=\"text-align: justify;\">Se podr\u00e1 competir individualmente, o en equipos con un m\u00ednimo de 3 personas sumando para ese equipo. Los equipos estar\u00e1n conformados por barras de amigos, Pe\u00f1as, barras de aliento, banderas, empresas, clubes deportivos, liceos, etc. Se pondr\u00e1 en disputa la copa 5K PE\u00d1AROL entre todos los equipos inscriptos.<\/p>\n<p style=\"text-align: justify;\">En el momento de la inscripci\u00f3n al ingresar los datos se debe seleccionar de la lista el equipo por el que se quiere competir. Si se desea agregar un equipo se debe enviar un correo con el nombre del equipo a <a href=\"mailto:atletismo@capenarol.com.uy\">atletismo@capenarol.com.uy<\/a> y luego de que el equipo aparezca en la lista inscribirse y seleccionarlo como equipo.<\/p>\n<p style=\"text-align: justify;\">Toda la informaci\u00f3n sobre el evento la pueden ver en <a href=\"http:\/\/5kpenarol.com\/\">http:\/\/5kpenarol.com\/<\/a><\/p>\n","protected":false},"excerpt":{"rendered":"<p>El Atletismo de Pe\u00f1arol organizar\u00e1 una carrera \u00fanica a beneficio: los 5K por la Escuelita de Atletismo de Pe\u00f1arol. Se trata de una carrera a disputarse el s\u00e1bado 29 de setiembre a las 16:00 hs, siendo \u00e9sta otra actividad de los festejos de los 121 a\u00f1os del Decano del F\u00fatbol Uruguayo. Para poder participar de [&hellip;]<\/p>\n","protected":false},"author":2,"featured_media":26984,"comment_status":"open","ping_status":"closed","sticky":false,"template":"","format":"standard","meta":{"footnotes":""},"categories":[27],"tags":[37],"yoast_head":"<!-- This site is optimized with the Yoast SEO plugin v23.2 - https:\/\/yoast.com\/wordpress\/plugins\/seo\/ -->\n<title>Los 5K de Pe\u00f1arol  - Padre y Decano - El Sitio del Pueblo<\/title>\n<meta name=\"robots\" content=\"index, follow, max-snippet:-1, max-image-preview:large, max-video-preview:-1\" \/>\n<link rel=\"canonical\" href=\"https:\/\/www.padreydecano.com\/cms\/otras-disciplinas\/los-5k-de-penarol\/\" \/>\n<meta property=\"og:locale\" content=\"es_ES\" \/>\n<meta property=\"og:type\" content=\"article\" \/>\n<meta property=\"og:title\" content=\"Los 5K de Pe\u00f1arol  - Padre y Decano - El Sitio del Pueblo\" \/>\n<meta property=\"og:description\" content=\"El Atletismo de Pe\u00f1arol organizar\u00e1 una carrera \u00fanica a beneficio: los 5K por la Escuelita de Atletismo de Pe\u00f1arol. Se trata de una carrera a disputarse el s\u00e1bado 29 de setiembre a las 16:00 hs, siendo \u00e9sta otra actividad de los festejos de los 121 a\u00f1os del Decano del F\u00fatbol Uruguayo. Para poder participar de [&hellip;]\" \/>\n<meta property=\"og:url\" content=\"https:\/\/www.padreydecano.com\/cms\/otras-disciplinas\/los-5k-de-penarol\/\" \/>\n<meta property=\"og:site_name\" content=\"Padre y Decano - El Sitio del Pueblo\" \/>\n<meta property=\"article:published_time\" content=\"2012-07-30T14:00:17+00:00\" \/>\n<meta property=\"article:modified_time\" content=\"2012-07-30T14:44:03+00:00\" \/>\n<meta property=\"og:image\" content=\"https:\/\/www.padreydecano.com\/cms\/wp-content\/uploads\/2012\/07\/5k-Pe\u00f1arol.jpg\" \/>\n\t<meta property=\"og:image:width\" content=\"600\" \/>\n\t<meta property=\"og:image:height\" content=\"960\" \/>\n\t<meta property=\"og:image:type\" content=\"image\/jpeg\" \/>\n<meta name=\"author\" content=\"Gonzalo16\" \/>\n<meta name=\"twitter:card\" content=\"summary_large_image\" \/>\n<meta name=\"twitter:label1\" content=\"Escrito por\" \/>\n\t<meta name=\"twitter:data1\" content=\"Gonzalo16\" \/>\n\t<meta name=\"twitter:label2\" content=\"Tiempo de lectura\" \/>\n\t<meta name=\"twitter:data2\" content=\"2 minutos\" \/>\n<script type=\"application\/ld+json\" class=\"yoast-schema-graph\">{\"@context\":\"https:\/\/schema.org\",\"@graph\":[{\"@type\":\"Article\",\"@id\":\"https:\/\/www.padreydecano.com\/cms\/otras-disciplinas\/los-5k-de-penarol\/#article\",\"isPartOf\":{\"@id\":\"https:\/\/www.padreydecano.com\/cms\/otras-disciplinas\/los-5k-de-penarol\/\"},\"author\":{\"name\":\"Gonzalo16\",\"@id\":\"https:\/\/www.padreydecano.com\/cms\/#\/schema\/person\/7fe41e3e335700ebd387196df2f9a8d4\"},\"headline\":\"Los 5K de Pe\u00f1arol\",\"datePublished\":\"2012-07-30T14:00:17+00:00\",\"dateModified\":\"2012-07-30T14:44:03+00:00\",\"mainEntityOfPage\":{\"@id\":\"https:\/\/www.padreydecano.com\/cms\/otras-disciplinas\/los-5k-de-penarol\/\"},\"wordCount\":316,\"commentCount\":5,\"publisher\":{\"@id\":\"https:\/\/www.padreydecano.com\/cms\/#organization\"},\"image\":{\"@id\":\"https:\/\/www.padreydecano.com\/cms\/otras-disciplinas\/los-5k-de-penarol\/#primaryimage\"},\"thumbnailUrl\":\"https:\/\/www.padreydecano.com\/cms\/wp-content\/uploads\/2012\/07\/5k-Pe\u00f1arol.jpg\",\"keywords\":[\"Atletismo\"],\"articleSection\":[\"Otras disciplinas\"],\"inLanguage\":\"es\",\"potentialAction\":[{\"@type\":\"CommentAction\",\"name\":\"Comment\",\"target\":[\"https:\/\/www.padreydecano.com\/cms\/otras-disciplinas\/los-5k-de-penarol\/#respond\"]}]},{\"@type\":\"WebPage\",\"@id\":\"https:\/\/www.padreydecano.com\/cms\/otras-disciplinas\/los-5k-de-penarol\/\",\"url\":\"https:\/\/www.padreydecano.com\/cms\/otras-disciplinas\/los-5k-de-penarol\/\",\"name\":\"Los 5K de Pe\u00f1arol - Padre y Decano - El Sitio del Pueblo\",\"isPartOf\":{\"@id\":\"https:\/\/www.padreydecano.com\/cms\/#website\"},\"primaryImageOfPage\":{\"@id\":\"https:\/\/www.padreydecano.com\/cms\/otras-disciplinas\/los-5k-de-penarol\/#primaryimage\"},\"image\":{\"@id\":\"https:\/\/www.padreydecano.com\/cms\/otras-disciplinas\/los-5k-de-penarol\/#primaryimage\"},\"thumbnailUrl\":\"https:\/\/www.padreydecano.com\/cms\/wp-content\/uploads\/2012\/07\/5k-Pe\u00f1arol.jpg\",\"datePublished\":\"2012-07-30T14:00:17+00:00\",\"dateModified\":\"2012-07-30T14:44:03+00:00\",\"breadcrumb\":{\"@id\":\"https:\/\/www.padreydecano.com\/cms\/otras-disciplinas\/los-5k-de-penarol\/#breadcrumb\"},\"inLanguage\":\"es\",\"potentialAction\":[{\"@type\":\"ReadAction\",\"target\":[\"https:\/\/www.padreydecano.com\/cms\/otras-disciplinas\/los-5k-de-penarol\/\"]}]},{\"@type\":\"ImageObject\",\"inLanguage\":\"es\",\"@id\":\"https:\/\/www.padreydecano.com\/cms\/otras-disciplinas\/los-5k-de-penarol\/#primaryimage\",\"url\":\"https:\/\/www.padreydecano.com\/cms\/wp-content\/uploads\/2012\/07\/5k-Pe\u00f1arol.jpg\",\"contentUrl\":\"https:\/\/www.padreydecano.com\/cms\/wp-content\/uploads\/2012\/07\/5k-Pe\u00f1arol.jpg\",\"width\":\"600\",\"height\":\"960\"},{\"@type\":\"BreadcrumbList\",\"@id\":\"https:\/\/www.padreydecano.com\/cms\/otras-disciplinas\/los-5k-de-penarol\/#breadcrumb\",\"itemListElement\":[{\"@type\":\"ListItem\",\"position\":1,\"name\":\"Portada\",\"item\":\"https:\/\/www.padreydecano.com\/cms\/\"},{\"@type\":\"ListItem\",\"position\":2,\"name\":\"Los 5K de Pe\u00f1arol\"}]},{\"@type\":\"WebSite\",\"@id\":\"https:\/\/www.padreydecano.com\/cms\/#website\",\"url\":\"https:\/\/www.padreydecano.com\/cms\/\",\"name\":\"Padre y Decano - El Sitio del Pueblo\",\"description\":\"Club Atl\u00e9tico Pe\u00f1arol\",\"publisher\":{\"@id\":\"https:\/\/www.padreydecano.com\/cms\/#organization\"},\"potentialAction\":[{\"@type\":\"SearchAction\",\"target\":{\"@type\":\"EntryPoint\",\"urlTemplate\":\"https:\/\/www.padreydecano.com\/cms\/?s={search_term_string}\"},\"query-input\":\"required name=search_term_string\"}],\"inLanguage\":\"es\"},{\"@type\":\"Organization\",\"@id\":\"https:\/\/www.padreydecano.com\/cms\/#organization\",\"name\":\"Padre y Decano\",\"url\":\"https:\/\/www.padreydecano.com\/cms\/\",\"logo\":{\"@type\":\"ImageObject\",\"inLanguage\":\"es\",\"@id\":\"https:\/\/www.padreydecano.com\/cms\/#\/schema\/logo\/image\/\",\"url\":\"https:\/\/www.padreydecano.com\/cms\/wp-content\/uploads\/2022\/01\/avatar-square.png\",\"contentUrl\":\"https:\/\/www.padreydecano.com\/cms\/wp-content\/uploads\/2022\/01\/avatar-square.png\",\"width\":1500,\"height\":1500,\"caption\":\"Padre y Decano\"},\"image\":{\"@id\":\"https:\/\/www.padreydecano.com\/cms\/#\/schema\/logo\/image\/\"}},{\"@type\":\"Person\",\"@id\":\"https:\/\/www.padreydecano.com\/cms\/#\/schema\/person\/7fe41e3e335700ebd387196df2f9a8d4\",\"name\":\"Gonzalo16\",\"image\":{\"@type\":\"ImageObject\",\"inLanguage\":\"es\",\"@id\":\"https:\/\/www.padreydecano.com\/cms\/#\/schema\/person\/image\/\",\"url\":\"https:\/\/secure.gravatar.com\/avatar\/4d5cdd49803a2313c01f77e3dfc05d81?s=96&d=https%3A%2F%2Fpadreydecano.com%2Fcms%2Fwp-content%2Fthemes%2Fpyd-theme%2Fimg%2Fdefault-avatar.png&r=g\",\"contentUrl\":\"https:\/\/secure.gravatar.com\/avatar\/4d5cdd49803a2313c01f77e3dfc05d81?s=96&d=https%3A%2F%2Fpadreydecano.com%2Fcms%2Fwp-content%2Fthemes%2Fpyd-theme%2Fimg%2Fdefault-avatar.png&r=g\",\"caption\":\"Gonzalo16\"}}]}<\/script>\n<!-- \/ Yoast SEO plugin. -->","yoast_head_json":{"title":"Los 5K de Pe\u00f1arol  - Padre y Decano - El Sitio del Pueblo","robots":{"index":"index","follow":"follow","max-snippet":"max-snippet:-1","max-image-preview":"max-image-preview:large","max-video-preview":"max-video-preview:-1"},"canonical":"https:\/\/www.padreydecano.com\/cms\/otras-disciplinas\/los-5k-de-penarol\/","og_locale":"es_ES","og_type":"article","og_title":"Los 5K de Pe\u00f1arol  - Padre y Decano - El Sitio del Pueblo","og_description":"El Atletismo de Pe\u00f1arol organizar\u00e1 una carrera \u00fanica a beneficio: los 5K por la Escuelita de Atletismo de Pe\u00f1arol. Se trata de una carrera a disputarse el s\u00e1bado 29 de setiembre a las 16:00 hs, siendo \u00e9sta otra actividad de los festejos de los 121 a\u00f1os del Decano del F\u00fatbol Uruguayo. Para poder participar de [&hellip;]","og_url":"https:\/\/www.padreydecano.com\/cms\/otras-disciplinas\/los-5k-de-penarol\/","og_site_name":"Padre y Decano - El Sitio del Pueblo","article_published_time":"2012-07-30T14:00:17+00:00","article_modified_time":"2012-07-30T14:44:03+00:00","og_image":[{"width":600,"height":960,"url":"https:\/\/www.padreydecano.com\/cms\/wp-content\/uploads\/2012\/07\/5k-Pe\u00f1arol.jpg","type":"image\/jpeg"}],"author":"Gonzalo16","twitter_card":"summary_large_image","twitter_misc":{"Escrito por":"Gonzalo16","Tiempo de lectura":"2 minutos"},"schema":{"@context":"https:\/\/schema.org","@graph":[{"@type":"Article","@id":"https:\/\/www.padreydecano.com\/cms\/otras-disciplinas\/los-5k-de-penarol\/#article","isPartOf":{"@id":"https:\/\/www.padreydecano.com\/cms\/otras-disciplinas\/los-5k-de-penarol\/"},"author":{"name":"Gonzalo16","@id":"https:\/\/www.padreydecano.com\/cms\/#\/schema\/person\/7fe41e3e335700ebd387196df2f9a8d4"},"headline":"Los 5K de Pe\u00f1arol","datePublished":"2012-07-30T14:00:17+00:00","dateModified":"2012-07-30T14:44:03+00:00","mainEntityOfPage":{"@id":"https:\/\/www.padreydecano.com\/cms\/otras-disciplinas\/los-5k-de-penarol\/"},"wordCount":316,"commentCount":5,"publisher":{"@id":"https:\/\/www.padreydecano.com\/cms\/#organization"},"image":{"@id":"https:\/\/www.padreydecano.com\/cms\/otras-disciplinas\/los-5k-de-penarol\/#primaryimage"},"thumbnailUrl":"https:\/\/www.padreydecano.com\/cms\/wp-content\/uploads\/2012\/07\/5k-Pe\u00f1arol.jpg","keywords":["Atletismo"],"articleSection":["Otras disciplinas"],"inLanguage":"es","potentialAction":[{"@type":"CommentAction","name":"Comment","target":["https:\/\/www.padreydecano.com\/cms\/otras-disciplinas\/los-5k-de-penarol\/#respond"]}]},{"@type":"WebPage","@id":"https:\/\/www.padreydecano.com\/cms\/otras-disciplinas\/los-5k-de-penarol\/","url":"https:\/\/www.padreydecano.com\/cms\/otras-disciplinas\/los-5k-de-penarol\/","name":"Los 5K de Pe\u00f1arol - Padre y Decano - El Sitio del Pueblo","isPartOf":{"@id":"https:\/\/www.padreydecano.com\/cms\/#website"},"primaryImageOfPage":{"@id":"https:\/\/www.padreydecano.com\/cms\/otras-disciplinas\/los-5k-de-penarol\/#primaryimage"},"image":{"@id":"https:\/\/www.padreydecano.com\/cms\/otras-disciplinas\/los-5k-de-penarol\/#primaryimage"},"thumbnailUrl":"https:\/\/www.padreydecano.com\/cms\/wp-content\/uploads\/2012\/07\/5k-Pe\u00f1arol.jpg","datePublished":"2012-07-30T14:00:17+00:00","dateModified":"2012-07-30T14:44:03+00:00","breadcrumb":{"@id":"https:\/\/www.padreydecano.com\/cms\/otras-disciplinas\/los-5k-de-penarol\/#breadcrumb"},"inLanguage":"es","potentialAction":[{"@type":"ReadAction","target":["https:\/\/www.padreydecano.com\/cms\/otras-disciplinas\/los-5k-de-penarol\/"]}]},{"@type":"ImageObject","inLanguage":"es","@id":"https:\/\/www.padreydecano.com\/cms\/otras-disciplinas\/los-5k-de-penarol\/#primaryimage","url":"https:\/\/www.padreydecano.com\/cms\/wp-content\/uploads\/2012\/07\/5k-Pe\u00f1arol.jpg","contentUrl":"https:\/\/www.padreydecano.com\/cms\/wp-content\/uploads\/2012\/07\/5k-Pe\u00f1arol.jpg","width":"600","height":"960"},{"@type":"BreadcrumbList","@id":"https:\/\/www.padreydecano.com\/cms\/otras-disciplinas\/los-5k-de-penarol\/#breadcrumb","itemListElement":[{"@type":"ListItem","position":1,"name":"Portada","item":"https:\/\/www.padreydecano.com\/cms\/"},{"@type":"ListItem","position":2,"name":"Los 5K de Pe\u00f1arol"}]},{"@type":"WebSite","@id":"https:\/\/www.padreydecano.com\/cms\/#website","url":"https:\/\/www.padreydecano.com\/cms\/","name":"Padre y Decano - El Sitio del Pueblo","description":"Club Atl\u00e9tico Pe\u00f1arol","publisher":{"@id":"https:\/\/www.padreydecano.com\/cms\/#organization"},"potentialAction":[{"@type":"SearchAction","target":{"@type":"EntryPoint","urlTemplate":"https:\/\/www.padreydecano.com\/cms\/?s={search_term_string}"},"query-input":"required name=search_term_string"}],"inLanguage":"es"},{"@type":"Organization","@id":"https:\/\/www.padreydecano.com\/cms\/#organization","name":"Padre y Decano","url":"https:\/\/www.padreydecano.com\/cms\/","logo":{"@type":"ImageObject","inLanguage":"es","@id":"https:\/\/www.padreydecano.com\/cms\/#\/schema\/logo\/image\/","url":"https:\/\/www.padreydecano.com\/cms\/wp-content\/uploads\/2022\/01\/avatar-square.png","contentUrl":"https:\/\/www.padreydecano.com\/cms\/wp-content\/uploads\/2022\/01\/avatar-square.png","width":1500,"height":1500,"caption":"Padre y Decano"},"image":{"@id":"https:\/\/www.padreydecano.com\/cms\/#\/schema\/logo\/image\/"}},{"@type":"Person","@id":"https:\/\/www.padreydecano.com\/cms\/#\/schema\/person\/7fe41e3e335700ebd387196df2f9a8d4","name":"Gonzalo16","image":{"@type":"ImageObject","inLanguage":"es","@id":"https:\/\/www.padreydecano.com\/cms\/#\/schema\/person\/image\/","url":"https:\/\/secure.gravatar.com\/avatar\/4d5cdd49803a2313c01f77e3dfc05d81?s=96&d=https%3A%2F%2Fpadreydecano.com%2Fcms%2Fwp-content%2Fthemes%2Fpyd-theme%2Fimg%2Fdefault-avatar.png&r=g","contentUrl":"https:\/\/secure.gravatar.com\/avatar\/4d5cdd49803a2313c01f77e3dfc05d81?s=96&d=https%3A%2F%2Fpadreydecano.com%2Fcms%2Fwp-content%2Fthemes%2Fpyd-theme%2Fimg%2Fdefault-avatar.png&r=g","caption":"Gonzalo16"}}]}},"_links":{"self":[{"href":"https:\/\/www.padreydecano.com\/cms\/wp-json\/wp\/v2\/posts\/26981"}],"collection":[{"href":"https:\/\/www.padreydecano.com\/cms\/wp-json\/wp\/v2\/posts"}],"about":[{"href":"https:\/\/www.padreydecano.com\/cms\/wp-json\/wp\/v2\/types\/post"}],"author":[{"embeddable":true,"href":"https:\/\/www.padreydecano.com\/cms\/wp-json\/wp\/v2\/users\/2"}],"replies":[{"embeddable":true,"href":"https:\/\/www.padreydecano.com\/cms\/wp-json\/wp\/v2\/comments?post=26981"}],"version-history":[{"count":0,"href":"https:\/\/www.padreydecano.com\/cms\/wp-json\/wp\/v2\/posts\/26981\/revisions"}],"wp:featuredmedia":[{"embeddable":true,"href":"https:\/\/www.padreydecano.com\/cms\/wp-json\/wp\/v2\/media\/26984"}],"wp:attachment":[{"href":"https:\/\/www.padreydecano.com\/cms\/wp-json\/wp\/v2\/media?parent=26981"}],"wp:term":[{"taxonomy":"category","embeddable":true,"href":"https:\/\/www.padreydecano.com\/cms\/wp-json\/wp\/v2\/categories?post=26981"},{"taxonomy":"post_tag","embeddable":true,"href":"https:\/\/www.padreydecano.com\/cms\/wp-json\/wp\/v2\/tags?post=26981"}],"curies":[{"name":"wp","href":"https:\/\/api.w.org\/{rel}","templated":true}]}}