{"id":26883,"date":"2012-07-24T14:16:43","date_gmt":"2012-07-24T17:16:43","guid":{"rendered":"http:\/\/www.padreydecano.com\/cms\/?p=26883"},"modified":"2012-08-01T14:04:28","modified_gmt":"2012-08-01T17:04:28","slug":"dia-del-carbonerito","status":"publish","type":"post","link":"https:\/\/www.padreydecano.com\/cms\/noticias\/dia-del-carbonerito\/","title":{"rendered":"\u00a1D\u00eda del Carbonerito!"},"content":{"rendered":"<p style=\"text-align: justify;\"><a href=\"https:\/\/www.padreydecano.com\/cms\/wp-content\/uploads\/2012\/07\/Carbonerito-01.jpg\" rel=\"shadowbox[sbpost-26883];player=img;\"><img loading=\"lazy\" decoding=\"async\" class=\"alignright  wp-image-26884\" src=\"https:\/\/www.padreydecano.com\/cms\/wp-content\/uploads\/2012\/07\/Carbonerito-01-298x300.jpg\" alt=\"\" width=\"238\" height=\"240\" srcset=\"https:\/\/www.padreydecano.com\/cms\/wp-content\/uploads\/2012\/07\/Carbonerito-01-298x300.jpg 298w, https:\/\/www.padreydecano.com\/cms\/wp-content\/uploads\/2012\/07\/Carbonerito-01-150x150.jpg 150w, https:\/\/www.padreydecano.com\/cms\/wp-content\/uploads\/2012\/07\/Carbonerito-01-36x36.jpg 36w, https:\/\/www.padreydecano.com\/cms\/wp-content\/uploads\/2012\/07\/Carbonerito-01-115x115.jpg 115w, https:\/\/www.padreydecano.com\/cms\/wp-content\/uploads\/2012\/07\/Carbonerito-01.jpg 814w\" sizes=\"(max-width: 238px) 100vw, 238px\" \/><\/a>El \u00e1rea de <strong>Marketing del Club<\/strong> en conjunto con la <strong>Comisi\u00f3n de Pe\u00f1as<\/strong> lanzaron una campa\u00f1a de donaci\u00f3n de juguetes en un d\u00eda del ni\u00f1o muy especial.<\/p>\n<p style=\"text-align: justify;\">El comunicado oficial dice: <strong>\u00abEn este d\u00eda del ni\u00f1o todos los pe\u00f1arolenses y tambi\u00e9n todas las Pe\u00f1as del\u00a0pa\u00eds deben estar presentes.\u00a0Por eso, las invitamos a donar juguetes nuevos o usados a una instituci\u00f3n\u00a0local.\u00a0Entre todas las Pe\u00f1as que demuestren su apoyo se sortear\u00e1n pasajes y entradas preferenciales para ver a Pe\u00f1arol en el pr\u00f3ximo Campeonato\u00a0Apertura\u00bb<\/strong><\/p>\n<p style=\"text-align: justify;\"><strong>Del 4 al 9 de agosto de 11 a 15 hs. en el Palacio Pe\u00f1arol (entrada por Galicia)<\/strong> se van a recibir juguetes que ser\u00e1n donados a <strong>Aldeas Infantiles<\/strong>.<\/p>\n<p><span style=\"color: #ffcc02;\"><strong>Bases y Condiciones<\/strong><\/span><\/p>\n<ul>\n<li style=\"text-align: justify;\">Se realizar\u00e1 el sorteo de 5 (cinco) pasajes ida y vuelta con 5 (cinco) Palcos\u00a0para asistir a un partido en que Pe\u00f1arol juegue de local durante el Campeonato\u00a0Apertura.<\/li>\n<li style=\"text-align: justify;\">Participar\u00e1n las Pe\u00f1as aurinegras que se sumen a esta actividad de\u00a0<strong>Responsabilidad Social<\/strong> impulsada por el Club presentando el informe\u00a0correspondiente v\u00eda mail a la direcci\u00f3n <strong>comision@capenarol.com.uy<\/strong><\/li>\n<li style=\"text-align: justify;\">Se le entregar\u00e1n los pasajes y entradas a un representante (Presidente,\u00a0Secretario o Tesorero) de la Pe\u00f1a favorecida.<\/li>\n<li style=\"text-align: justify;\">Por consultas deben comunicarse con el <strong>Departamento de Socios al 2401 82\u00a088<\/strong> de lunes a viernes de 10 a 18hs o v\u00eda mail a comision@capenarol.com.uy<\/li>\n<\/ul>\n<div style=\"text-align: justify;\"><span style=\"text-align: justify;\">Tal cual como lo hicimos con la <a title=\"La campa\u00f1a del abrigo fue un \u00e9xito\" href=\"https:\/\/www.padreydecano.com\/cms\/noticias\/la-campana-del-abrigo-fue-un-exito\/\" target=\"_blank\">Campa\u00f1a del Abrigo<\/a> que llevamos a cabo en el Palacio Pe\u00f1arol entre las webs carboneras, <\/span><span style=\"color: #ffcc02;\"><strong style=\"text-align: justify;\">Padre y Decano<\/strong><\/span><span style=\"text-align: justify;\"> estar\u00e1 presente en el Palacio para ayudar con la recolecci\u00f3n de juguetes.<\/span><\/div>\n","protected":false},"excerpt":{"rendered":"<p>El \u00e1rea de Marketing del Club en conjunto con la Comisi\u00f3n de Pe\u00f1as lanzaron una campa\u00f1a de donaci\u00f3n de juguetes en un d\u00eda del ni\u00f1o muy especial. El comunicado oficial dice: \u00abEn este d\u00eda del ni\u00f1o todos los pe\u00f1arolenses y tambi\u00e9n todas las Pe\u00f1as del\u00a0pa\u00eds deben estar presentes.\u00a0Por eso, las invitamos a donar juguetes nuevos [&hellip;]<\/p>\n","protected":false},"author":10,"featured_media":27017,"comment_status":"open","ping_status":"closed","sticky":false,"template":"","format":"standard","meta":{"footnotes":""},"categories":[1,42],"tags":[101],"yoast_head":"<!-- This site is optimized with the Yoast SEO plugin v23.2 - https:\/\/yoast.com\/wordpress\/plugins\/seo\/ -->\n<title>\u00a1D\u00eda del Carbonerito! - Padre y Decano - El Sitio del Pueblo<\/title>\n<meta name=\"robots\" content=\"index, follow, max-snippet:-1, max-image-preview:large, max-video-preview:-1\" \/>\n<link rel=\"canonical\" href=\"https:\/\/www.padreydecano.com\/cms\/noticias\/dia-del-carbonerito\/\" \/>\n<meta property=\"og:locale\" content=\"es_ES\" \/>\n<meta property=\"og:type\" content=\"article\" \/>\n<meta property=\"og:title\" content=\"\u00a1D\u00eda del Carbonerito! - Padre y Decano - El Sitio del Pueblo\" \/>\n<meta property=\"og:description\" content=\"El \u00e1rea de Marketing del Club en conjunto con la Comisi\u00f3n de Pe\u00f1as lanzaron una campa\u00f1a de donaci\u00f3n de juguetes en un d\u00eda del ni\u00f1o muy especial. El comunicado oficial dice: \u00abEn este d\u00eda del ni\u00f1o todos los pe\u00f1arolenses y tambi\u00e9n todas las Pe\u00f1as del\u00a0pa\u00eds deben estar presentes.\u00a0Por eso, las invitamos a donar juguetes nuevos [&hellip;]\" \/>\n<meta property=\"og:url\" content=\"https:\/\/www.padreydecano.com\/cms\/noticias\/dia-del-carbonerito\/\" \/>\n<meta property=\"og:site_name\" content=\"Padre y Decano - El Sitio del Pueblo\" \/>\n<meta property=\"article:published_time\" content=\"2012-07-24T17:16:43+00:00\" \/>\n<meta property=\"article:modified_time\" content=\"2012-08-01T17:04:28+00:00\" \/>\n<meta property=\"og:image\" content=\"https:\/\/www.padreydecano.com\/cms\/wp-content\/uploads\/2012\/07\/slider-carbonerito.jpg\" \/>\n\t<meta property=\"og:image:width\" content=\"646\" \/>\n\t<meta property=\"og:image:height\" content=\"259\" \/>\n\t<meta property=\"og:image:type\" content=\"image\/jpeg\" \/>\n<meta name=\"author\" content=\"fishoapyd\" \/>\n<meta name=\"twitter:card\" content=\"summary_large_image\" \/>\n<meta name=\"twitter:label1\" content=\"Escrito por\" \/>\n\t<meta name=\"twitter:data1\" content=\"fishoapyd\" \/>\n\t<meta name=\"twitter:label2\" content=\"Tiempo de lectura\" \/>\n\t<meta name=\"twitter:data2\" content=\"1 minuto\" \/>\n<script type=\"application\/ld+json\" class=\"yoast-schema-graph\">{\"@context\":\"https:\/\/schema.org\",\"@graph\":[{\"@type\":\"Article\",\"@id\":\"https:\/\/www.padreydecano.com\/cms\/noticias\/dia-del-carbonerito\/#article\",\"isPartOf\":{\"@id\":\"https:\/\/www.padreydecano.com\/cms\/noticias\/dia-del-carbonerito\/\"},\"author\":{\"name\":\"fishoapyd\",\"@id\":\"https:\/\/www.padreydecano.com\/cms\/#\/schema\/person\/1376f1ec91158cca7aeef6d2109f929d\"},\"headline\":\"\u00a1D\u00eda del Carbonerito!\",\"datePublished\":\"2012-07-24T17:16:43+00:00\",\"dateModified\":\"2012-08-01T17:04:28+00:00\",\"mainEntityOfPage\":{\"@id\":\"https:\/\/www.padreydecano.com\/cms\/noticias\/dia-del-carbonerito\/\"},\"wordCount\":286,\"commentCount\":2,\"publisher\":{\"@id\":\"https:\/\/www.padreydecano.com\/cms\/#organization\"},\"image\":{\"@id\":\"https:\/\/www.padreydecano.com\/cms\/noticias\/dia-del-carbonerito\/#primaryimage\"},\"thumbnailUrl\":\"https:\/\/www.padreydecano.com\/cms\/wp-content\/uploads\/2012\/07\/slider-carbonerito.jpg\",\"keywords\":[\"Movidas Solidarias\"],\"articleSection\":[\"Noticias\",\"Pe\u00f1as\"],\"inLanguage\":\"es\",\"potentialAction\":[{\"@type\":\"CommentAction\",\"name\":\"Comment\",\"target\":[\"https:\/\/www.padreydecano.com\/cms\/noticias\/dia-del-carbonerito\/#respond\"]}]},{\"@type\":\"WebPage\",\"@id\":\"https:\/\/www.padreydecano.com\/cms\/noticias\/dia-del-carbonerito\/\",\"url\":\"https:\/\/www.padreydecano.com\/cms\/noticias\/dia-del-carbonerito\/\",\"name\":\"\u00a1D\u00eda del Carbonerito! - Padre y Decano - El Sitio del Pueblo\",\"isPartOf\":{\"@id\":\"https:\/\/www.padreydecano.com\/cms\/#website\"},\"primaryImageOfPage\":{\"@id\":\"https:\/\/www.padreydecano.com\/cms\/noticias\/dia-del-carbonerito\/#primaryimage\"},\"image\":{\"@id\":\"https:\/\/www.padreydecano.com\/cms\/noticias\/dia-del-carbonerito\/#primaryimage\"},\"thumbnailUrl\":\"https:\/\/www.padreydecano.com\/cms\/wp-content\/uploads\/2012\/07\/slider-carbonerito.jpg\",\"datePublished\":\"2012-07-24T17:16:43+00:00\",\"dateModified\":\"2012-08-01T17:04:28+00:00\",\"breadcrumb\":{\"@id\":\"https:\/\/www.padreydecano.com\/cms\/noticias\/dia-del-carbonerito\/#breadcrumb\"},\"inLanguage\":\"es\",\"potentialAction\":[{\"@type\":\"ReadAction\",\"target\":[\"https:\/\/www.padreydecano.com\/cms\/noticias\/dia-del-carbonerito\/\"]}]},{\"@type\":\"ImageObject\",\"inLanguage\":\"es\",\"@id\":\"https:\/\/www.padreydecano.com\/cms\/noticias\/dia-del-carbonerito\/#primaryimage\",\"url\":\"https:\/\/www.padreydecano.com\/cms\/wp-content\/uploads\/2012\/07\/slider-carbonerito.jpg\",\"contentUrl\":\"https:\/\/www.padreydecano.com\/cms\/wp-content\/uploads\/2012\/07\/slider-carbonerito.jpg\",\"width\":\"646\",\"height\":\"259\"},{\"@type\":\"BreadcrumbList\",\"@id\":\"https:\/\/www.padreydecano.com\/cms\/noticias\/dia-del-carbonerito\/#breadcrumb\",\"itemListElement\":[{\"@type\":\"ListItem\",\"position\":1,\"name\":\"Portada\",\"item\":\"https:\/\/www.padreydecano.com\/cms\/\"},{\"@type\":\"ListItem\",\"position\":2,\"name\":\"\u00a1D\u00eda del Carbonerito!\"}]},{\"@type\":\"WebSite\",\"@id\":\"https:\/\/www.padreydecano.com\/cms\/#website\",\"url\":\"https:\/\/www.padreydecano.com\/cms\/\",\"name\":\"Padre y Decano - El Sitio del Pueblo\",\"description\":\"Club Atl\u00e9tico Pe\u00f1arol\",\"publisher\":{\"@id\":\"https:\/\/www.padreydecano.com\/cms\/#organization\"},\"potentialAction\":[{\"@type\":\"SearchAction\",\"target\":{\"@type\":\"EntryPoint\",\"urlTemplate\":\"https:\/\/www.padreydecano.com\/cms\/?s={search_term_string}\"},\"query-input\":\"required name=search_term_string\"}],\"inLanguage\":\"es\"},{\"@type\":\"Organization\",\"@id\":\"https:\/\/www.padreydecano.com\/cms\/#organization\",\"name\":\"Padre y Decano\",\"url\":\"https:\/\/www.padreydecano.com\/cms\/\",\"logo\":{\"@type\":\"ImageObject\",\"inLanguage\":\"es\",\"@id\":\"https:\/\/www.padreydecano.com\/cms\/#\/schema\/logo\/image\/\",\"url\":\"https:\/\/www.padreydecano.com\/cms\/wp-content\/uploads\/2022\/01\/avatar-square.png\",\"contentUrl\":\"https:\/\/www.padreydecano.com\/cms\/wp-content\/uploads\/2022\/01\/avatar-square.png\",\"width\":1500,\"height\":1500,\"caption\":\"Padre y Decano\"},\"image\":{\"@id\":\"https:\/\/www.padreydecano.com\/cms\/#\/schema\/logo\/image\/\"}},{\"@type\":\"Person\",\"@id\":\"https:\/\/www.padreydecano.com\/cms\/#\/schema\/person\/1376f1ec91158cca7aeef6d2109f929d\",\"name\":\"fishoapyd\",\"image\":{\"@type\":\"ImageObject\",\"inLanguage\":\"es\",\"@id\":\"https:\/\/www.padreydecano.com\/cms\/#\/schema\/person\/image\/\",\"url\":\"https:\/\/www.padreydecano.com\/cms\/wp-content\/uploads\/2022\/12\/avatar-square-1.png\",\"contentUrl\":\"https:\/\/www.padreydecano.com\/cms\/wp-content\/uploads\/2022\/12\/avatar-square-1.png\",\"caption\":\"fishoapyd\"},\"sameAs\":[\"http:\/\/www.padreydecano.com\"]}]}<\/script>\n<!-- \/ Yoast SEO plugin. -->","yoast_head_json":{"title":"\u00a1D\u00eda del Carbonerito! - Padre y Decano - El Sitio del Pueblo","robots":{"index":"index","follow":"follow","max-snippet":"max-snippet:-1","max-image-preview":"max-image-preview:large","max-video-preview":"max-video-preview:-1"},"canonical":"https:\/\/www.padreydecano.com\/cms\/noticias\/dia-del-carbonerito\/","og_locale":"es_ES","og_type":"article","og_title":"\u00a1D\u00eda del Carbonerito! - Padre y Decano - El Sitio del Pueblo","og_description":"El \u00e1rea de Marketing del Club en conjunto con la Comisi\u00f3n de Pe\u00f1as lanzaron una campa\u00f1a de donaci\u00f3n de juguetes en un d\u00eda del ni\u00f1o muy especial. El comunicado oficial dice: \u00abEn este d\u00eda del ni\u00f1o todos los pe\u00f1arolenses y tambi\u00e9n todas las Pe\u00f1as del\u00a0pa\u00eds deben estar presentes.\u00a0Por eso, las invitamos a donar juguetes nuevos [&hellip;]","og_url":"https:\/\/www.padreydecano.com\/cms\/noticias\/dia-del-carbonerito\/","og_site_name":"Padre y Decano - El Sitio del Pueblo","article_published_time":"2012-07-24T17:16:43+00:00","article_modified_time":"2012-08-01T17:04:28+00:00","og_image":[{"width":646,"height":259,"url":"https:\/\/www.padreydecano.com\/cms\/wp-content\/uploads\/2012\/07\/slider-carbonerito.jpg","type":"image\/jpeg"}],"author":"fishoapyd","twitter_card":"summary_large_image","twitter_misc":{"Escrito por":"fishoapyd","Tiempo de lectura":"1 minuto"},"schema":{"@context":"https:\/\/schema.org","@graph":[{"@type":"Article","@id":"https:\/\/www.padreydecano.com\/cms\/noticias\/dia-del-carbonerito\/#article","isPartOf":{"@id":"https:\/\/www.padreydecano.com\/cms\/noticias\/dia-del-carbonerito\/"},"author":{"name":"fishoapyd","@id":"https:\/\/www.padreydecano.com\/cms\/#\/schema\/person\/1376f1ec91158cca7aeef6d2109f929d"},"headline":"\u00a1D\u00eda del Carbonerito!","datePublished":"2012-07-24T17:16:43+00:00","dateModified":"2012-08-01T17:04:28+00:00","mainEntityOfPage":{"@id":"https:\/\/www.padreydecano.com\/cms\/noticias\/dia-del-carbonerito\/"},"wordCount":286,"commentCount":2,"publisher":{"@id":"https:\/\/www.padreydecano.com\/cms\/#organization"},"image":{"@id":"https:\/\/www.padreydecano.com\/cms\/noticias\/dia-del-carbonerito\/#primaryimage"},"thumbnailUrl":"https:\/\/www.padreydecano.com\/cms\/wp-content\/uploads\/2012\/07\/slider-carbonerito.jpg","keywords":["Movidas Solidarias"],"articleSection":["Noticias","Pe\u00f1as"],"inLanguage":"es","potentialAction":[{"@type":"CommentAction","name":"Comment","target":["https:\/\/www.padreydecano.com\/cms\/noticias\/dia-del-carbonerito\/#respond"]}]},{"@type":"WebPage","@id":"https:\/\/www.padreydecano.com\/cms\/noticias\/dia-del-carbonerito\/","url":"https:\/\/www.padreydecano.com\/cms\/noticias\/dia-del-carbonerito\/","name":"\u00a1D\u00eda del Carbonerito! - Padre y Decano - El Sitio del Pueblo","isPartOf":{"@id":"https:\/\/www.padreydecano.com\/cms\/#website"},"primaryImageOfPage":{"@id":"https:\/\/www.padreydecano.com\/cms\/noticias\/dia-del-carbonerito\/#primaryimage"},"image":{"@id":"https:\/\/www.padreydecano.com\/cms\/noticias\/dia-del-carbonerito\/#primaryimage"},"thumbnailUrl":"https:\/\/www.padreydecano.com\/cms\/wp-content\/uploads\/2012\/07\/slider-carbonerito.jpg","datePublished":"2012-07-24T17:16:43+00:00","dateModified":"2012-08-01T17:04:28+00:00","breadcrumb":{"@id":"https:\/\/www.padreydecano.com\/cms\/noticias\/dia-del-carbonerito\/#breadcrumb"},"inLanguage":"es","potentialAction":[{"@type":"ReadAction","target":["https:\/\/www.padreydecano.com\/cms\/noticias\/dia-del-carbonerito\/"]}]},{"@type":"ImageObject","inLanguage":"es","@id":"https:\/\/www.padreydecano.com\/cms\/noticias\/dia-del-carbonerito\/#primaryimage","url":"https:\/\/www.padreydecano.com\/cms\/wp-content\/uploads\/2012\/07\/slider-carbonerito.jpg","contentUrl":"https:\/\/www.padreydecano.com\/cms\/wp-content\/uploads\/2012\/07\/slider-carbonerito.jpg","width":"646","height":"259"},{"@type":"BreadcrumbList","@id":"https:\/\/www.padreydecano.com\/cms\/noticias\/dia-del-carbonerito\/#breadcrumb","itemListElement":[{"@type":"ListItem","position":1,"name":"Portada","item":"https:\/\/www.padreydecano.com\/cms\/"},{"@type":"ListItem","position":2,"name":"\u00a1D\u00eda del Carbonerito!"}]},{"@type":"WebSite","@id":"https:\/\/www.padreydecano.com\/cms\/#website","url":"https:\/\/www.padreydecano.com\/cms\/","name":"Padre y Decano - El Sitio del Pueblo","description":"Club Atl\u00e9tico Pe\u00f1arol","publisher":{"@id":"https:\/\/www.padreydecano.com\/cms\/#organization"},"potentialAction":[{"@type":"SearchAction","target":{"@type":"EntryPoint","urlTemplate":"https:\/\/www.padreydecano.com\/cms\/?s={search_term_string}"},"query-input":"required name=search_term_string"}],"inLanguage":"es"},{"@type":"Organization","@id":"https:\/\/www.padreydecano.com\/cms\/#organization","name":"Padre y Decano","url":"https:\/\/www.padreydecano.com\/cms\/","logo":{"@type":"ImageObject","inLanguage":"es","@id":"https:\/\/www.padreydecano.com\/cms\/#\/schema\/logo\/image\/","url":"https:\/\/www.padreydecano.com\/cms\/wp-content\/uploads\/2022\/01\/avatar-square.png","contentUrl":"https:\/\/www.padreydecano.com\/cms\/wp-content\/uploads\/2022\/01\/avatar-square.png","width":1500,"height":1500,"caption":"Padre y Decano"},"image":{"@id":"https:\/\/www.padreydecano.com\/cms\/#\/schema\/logo\/image\/"}},{"@type":"Person","@id":"https:\/\/www.padreydecano.com\/cms\/#\/schema\/person\/1376f1ec91158cca7aeef6d2109f929d","name":"fishoapyd","image":{"@type":"ImageObject","inLanguage":"es","@id":"https:\/\/www.padreydecano.com\/cms\/#\/schema\/person\/image\/","url":"https:\/\/www.padreydecano.com\/cms\/wp-content\/uploads\/2022\/12\/avatar-square-1.png","contentUrl":"https:\/\/www.padreydecano.com\/cms\/wp-content\/uploads\/2022\/12\/avatar-square-1.png","caption":"fishoapyd"},"sameAs":["http:\/\/www.padreydecano.com"]}]}},"_links":{"self":[{"href":"https:\/\/www.padreydecano.com\/cms\/wp-json\/wp\/v2\/posts\/26883"}],"collection":[{"href":"https:\/\/www.padreydecano.com\/cms\/wp-json\/wp\/v2\/posts"}],"about":[{"href":"https:\/\/www.padreydecano.com\/cms\/wp-json\/wp\/v2\/types\/post"}],"author":[{"embeddable":true,"href":"https:\/\/www.padreydecano.com\/cms\/wp-json\/wp\/v2\/users\/10"}],"replies":[{"embeddable":true,"href":"https:\/\/www.padreydecano.com\/cms\/wp-json\/wp\/v2\/comments?post=26883"}],"version-history":[{"count":0,"href":"https:\/\/www.padreydecano.com\/cms\/wp-json\/wp\/v2\/posts\/26883\/revisions"}],"wp:featuredmedia":[{"embeddable":true,"href":"https:\/\/www.padreydecano.com\/cms\/wp-json\/wp\/v2\/media\/27017"}],"wp:attachment":[{"href":"https:\/\/www.padreydecano.com\/cms\/wp-json\/wp\/v2\/media?parent=26883"}],"wp:term":[{"taxonomy":"category","embeddable":true,"href":"https:\/\/www.padreydecano.com\/cms\/wp-json\/wp\/v2\/categories?post=26883"},{"taxonomy":"post_tag","embeddable":true,"href":"https:\/\/www.padreydecano.com\/cms\/wp-json\/wp\/v2\/tags?post=26883"}],"curies":[{"name":"wp","href":"https:\/\/api.w.org\/{rel}","templated":true}]}}