{"id":26859,"date":"2012-08-02T11:00:15","date_gmt":"2012-08-02T14:00:15","guid":{"rendered":"http:\/\/www.padreydecano.com\/cms\/?p=26859"},"modified":"2012-08-02T10:50:20","modified_gmt":"2012-08-02T13:50:20","slug":"la-definicion-de-tercera","status":"publish","type":"post","link":"https:\/\/www.padreydecano.com\/cms\/3era-division\/la-definicion-de-tercera\/","title":{"rendered":"La definici\u00f3n de Tercera"},"content":{"rendered":"<p style=\"text-align: justify;\">Finalmente fue fijado el primer partido entre\u00a0Pe\u00f1arol y Defensor Sporting que podr\u00e1 definir el <strong>Campeonato Uruguayo de 3ra. Divisi\u00f3n<\/strong>.\u00a0El encuentro se disputar\u00e1 el<strong> s\u00e1bado 4 de Agosto a las 14:00 hrs en el Estadio Ol\u00edmpico (Rampla Juniors)<\/strong>.\u00a0El torneo se define de igual manera que en primera divisi\u00f3n, por lo que para al haber ganado el <a title=\"La Tercera es campeona del Clausura\" href=\"https:\/\/www.padreydecano.com\/cms\/3era-division\/la-tercera-es-campeona-del-clausura\/\" target=\"_blank\">Clausura<\/a> y la <a title=\"Victoria cl\u00e1sica y ventaja en la definici\u00f3n\" href=\"https:\/\/www.padreydecano.com\/cms\/3era-division\/victoria-clasica-y-ventaja-en-la-definicion\/\" target=\"_blank\">Tabla Anual<\/a>, nos bastar\u00e1 con ganar este cotejo (o empatar y ganar por penales) para dar la vuelta ol\u00edmpica.<\/p>\n<p style=\"text-align: justify;\">De finalizar el partido empatado se jugar\u00e1n 2 tiempos de 15 minutos cada uno y de subsistir el empate se proceder\u00e1 a definir por penales. <strong>Si gana Pe\u00f1arol ser\u00e1 el Campe\u00f3n Uruguayo<\/strong>, de no ser as\u00ed se deber\u00e1n disputar 2 encuentros los d\u00edas 8 y 12 de agosto a las 14 hs. en el Parque Palermo.<\/p>\n<p style=\"text-align: justify;\">En el partido del d\u00eda 4 de agosto, el locatario ser\u00e1 Defensor, ocupando la tribuna principal, el vestuario de local y proporcionar los balones de juego.<\/p>\n<p style=\"text-align: justify;\"><a style=\"text-align: center;\" href=\"https:\/\/www.padreydecano.com\/cms\/wp-content\/uploads\/2012\/06\/DSC_0211-Copiar.jpg\" rel=\"shadowbox[sbpost-26859];player=img;\"><img loading=\"lazy\" decoding=\"async\" class=\"aligncenter  wp-image-24926\" src=\"https:\/\/www.padreydecano.com\/cms\/wp-content\/uploads\/2012\/06\/DSC_0211-Copiar.jpg\" alt=\"\" width=\"560\" height=\"372\" srcset=\"https:\/\/www.padreydecano.com\/cms\/wp-content\/uploads\/2012\/06\/DSC_0211-Copiar.jpg 800w, https:\/\/www.padreydecano.com\/cms\/wp-content\/uploads\/2012\/06\/DSC_0211-Copiar-300x199.jpg 300w\" sizes=\"(max-width: 560px) 100vw, 560px\" \/><\/a><\/p>\n","protected":false},"excerpt":{"rendered":"<p>Finalmente fue fijado el primer partido entre\u00a0Pe\u00f1arol y Defensor Sporting que podr\u00e1 definir el Campeonato Uruguayo de 3ra. Divisi\u00f3n.\u00a0El encuentro se disputar\u00e1 el s\u00e1bado 4 de Agosto a las 14:00 hrs en el Estadio Ol\u00edmpico (Rampla Juniors).\u00a0El torneo se define de igual manera que en primera divisi\u00f3n, por lo que para al haber ganado el [&hellip;]<\/p>\n","protected":false},"author":13,"featured_media":24860,"comment_status":"open","ping_status":"closed","sticky":false,"template":"","format":"standard","meta":{"footnotes":""},"categories":[51],"tags":[],"yoast_head":"<!-- This site is optimized with the Yoast SEO plugin v23.2 - https:\/\/yoast.com\/wordpress\/plugins\/seo\/ -->\n<title>La definici\u00f3n de Tercera - Padre y Decano - El Sitio del Pueblo<\/title>\n<meta name=\"robots\" content=\"index, follow, max-snippet:-1, max-image-preview:large, max-video-preview:-1\" \/>\n<link rel=\"canonical\" href=\"https:\/\/www.padreydecano.com\/cms\/3era-division\/la-definicion-de-tercera\/\" \/>\n<meta property=\"og:locale\" content=\"es_ES\" \/>\n<meta property=\"og:type\" content=\"article\" \/>\n<meta property=\"og:title\" content=\"La definici\u00f3n de Tercera - Padre y Decano - El Sitio del Pueblo\" \/>\n<meta property=\"og:description\" content=\"Finalmente fue fijado el primer partido entre\u00a0Pe\u00f1arol y Defensor Sporting que podr\u00e1 definir el Campeonato Uruguayo de 3ra. Divisi\u00f3n.\u00a0El encuentro se disputar\u00e1 el s\u00e1bado 4 de Agosto a las 14:00 hrs en el Estadio Ol\u00edmpico (Rampla Juniors).\u00a0El torneo se define de igual manera que en primera divisi\u00f3n, por lo que para al haber ganado el [&hellip;]\" \/>\n<meta property=\"og:url\" content=\"https:\/\/www.padreydecano.com\/cms\/3era-division\/la-definicion-de-tercera\/\" \/>\n<meta property=\"og:site_name\" content=\"Padre y Decano - El Sitio del Pueblo\" \/>\n<meta property=\"article:published_time\" content=\"2012-08-02T14:00:15+00:00\" \/>\n<meta property=\"article:modified_time\" content=\"2012-08-02T13:50:20+00:00\" \/>\n<meta property=\"og:image\" content=\"https:\/\/www.padreydecano.com\/cms\/wp-content\/uploads\/2012\/06\/clasico-tercera-division-2.jpg\" \/>\n\t<meta property=\"og:image:width\" content=\"800\" \/>\n\t<meta property=\"og:image:height\" content=\"532\" \/>\n\t<meta property=\"og:image:type\" content=\"image\/jpeg\" \/>\n<meta name=\"author\" content=\"Moderador\" \/>\n<meta name=\"twitter:card\" content=\"summary_large_image\" \/>\n<meta name=\"twitter:label1\" content=\"Escrito por\" \/>\n\t<meta name=\"twitter:data1\" content=\"Moderador\" \/>\n\t<meta name=\"twitter:label2\" content=\"Tiempo de lectura\" \/>\n\t<meta name=\"twitter:data2\" content=\"1 minuto\" \/>\n<script type=\"application\/ld+json\" class=\"yoast-schema-graph\">{\"@context\":\"https:\/\/schema.org\",\"@graph\":[{\"@type\":\"Article\",\"@id\":\"https:\/\/www.padreydecano.com\/cms\/3era-division\/la-definicion-de-tercera\/#article\",\"isPartOf\":{\"@id\":\"https:\/\/www.padreydecano.com\/cms\/3era-division\/la-definicion-de-tercera\/\"},\"author\":{\"name\":\"Moderador\",\"@id\":\"https:\/\/www.padreydecano.com\/cms\/#\/schema\/person\/d93e9e537230ae052c194251d9a1def2\"},\"headline\":\"La definici\u00f3n de Tercera\",\"datePublished\":\"2012-08-02T14:00:15+00:00\",\"dateModified\":\"2012-08-02T13:50:20+00:00\",\"mainEntityOfPage\":{\"@id\":\"https:\/\/www.padreydecano.com\/cms\/3era-division\/la-definicion-de-tercera\/\"},\"wordCount\":170,\"commentCount\":11,\"publisher\":{\"@id\":\"https:\/\/www.padreydecano.com\/cms\/#organization\"},\"image\":{\"@id\":\"https:\/\/www.padreydecano.com\/cms\/3era-division\/la-definicion-de-tercera\/#primaryimage\"},\"thumbnailUrl\":\"https:\/\/www.padreydecano.com\/cms\/wp-content\/uploads\/2012\/06\/clasico-tercera-division-2.jpg\",\"articleSection\":[\"3era Divisi\u00f3n\"],\"inLanguage\":\"es\",\"potentialAction\":[{\"@type\":\"CommentAction\",\"name\":\"Comment\",\"target\":[\"https:\/\/www.padreydecano.com\/cms\/3era-division\/la-definicion-de-tercera\/#respond\"]}]},{\"@type\":\"WebPage\",\"@id\":\"https:\/\/www.padreydecano.com\/cms\/3era-division\/la-definicion-de-tercera\/\",\"url\":\"https:\/\/www.padreydecano.com\/cms\/3era-division\/la-definicion-de-tercera\/\",\"name\":\"La definici\u00f3n de Tercera - Padre y Decano - El Sitio del Pueblo\",\"isPartOf\":{\"@id\":\"https:\/\/www.padreydecano.com\/cms\/#website\"},\"primaryImageOfPage\":{\"@id\":\"https:\/\/www.padreydecano.com\/cms\/3era-division\/la-definicion-de-tercera\/#primaryimage\"},\"image\":{\"@id\":\"https:\/\/www.padreydecano.com\/cms\/3era-division\/la-definicion-de-tercera\/#primaryimage\"},\"thumbnailUrl\":\"https:\/\/www.padreydecano.com\/cms\/wp-content\/uploads\/2012\/06\/clasico-tercera-division-2.jpg\",\"datePublished\":\"2012-08-02T14:00:15+00:00\",\"dateModified\":\"2012-08-02T13:50:20+00:00\",\"breadcrumb\":{\"@id\":\"https:\/\/www.padreydecano.com\/cms\/3era-division\/la-definicion-de-tercera\/#breadcrumb\"},\"inLanguage\":\"es\",\"potentialAction\":[{\"@type\":\"ReadAction\",\"target\":[\"https:\/\/www.padreydecano.com\/cms\/3era-division\/la-definicion-de-tercera\/\"]}]},{\"@type\":\"ImageObject\",\"inLanguage\":\"es\",\"@id\":\"https:\/\/www.padreydecano.com\/cms\/3era-division\/la-definicion-de-tercera\/#primaryimage\",\"url\":\"https:\/\/www.padreydecano.com\/cms\/wp-content\/uploads\/2012\/06\/clasico-tercera-division-2.jpg\",\"contentUrl\":\"https:\/\/www.padreydecano.com\/cms\/wp-content\/uploads\/2012\/06\/clasico-tercera-division-2.jpg\",\"width\":\"800\",\"height\":\"532\"},{\"@type\":\"BreadcrumbList\",\"@id\":\"https:\/\/www.padreydecano.com\/cms\/3era-division\/la-definicion-de-tercera\/#breadcrumb\",\"itemListElement\":[{\"@type\":\"ListItem\",\"position\":1,\"name\":\"Portada\",\"item\":\"https:\/\/www.padreydecano.com\/cms\/\"},{\"@type\":\"ListItem\",\"position\":2,\"name\":\"La definici\u00f3n de Tercera\"}]},{\"@type\":\"WebSite\",\"@id\":\"https:\/\/www.padreydecano.com\/cms\/#website\",\"url\":\"https:\/\/www.padreydecano.com\/cms\/\",\"name\":\"Padre y Decano - El Sitio del Pueblo\",\"description\":\"Club Atl\u00e9tico Pe\u00f1arol\",\"publisher\":{\"@id\":\"https:\/\/www.padreydecano.com\/cms\/#organization\"},\"potentialAction\":[{\"@type\":\"SearchAction\",\"target\":{\"@type\":\"EntryPoint\",\"urlTemplate\":\"https:\/\/www.padreydecano.com\/cms\/?s={search_term_string}\"},\"query-input\":\"required name=search_term_string\"}],\"inLanguage\":\"es\"},{\"@type\":\"Organization\",\"@id\":\"https:\/\/www.padreydecano.com\/cms\/#organization\",\"name\":\"Padre y Decano\",\"url\":\"https:\/\/www.padreydecano.com\/cms\/\",\"logo\":{\"@type\":\"ImageObject\",\"inLanguage\":\"es\",\"@id\":\"https:\/\/www.padreydecano.com\/cms\/#\/schema\/logo\/image\/\",\"url\":\"https:\/\/www.padreydecano.com\/cms\/wp-content\/uploads\/2022\/01\/avatar-square.png\",\"contentUrl\":\"https:\/\/www.padreydecano.com\/cms\/wp-content\/uploads\/2022\/01\/avatar-square.png\",\"width\":1500,\"height\":1500,\"caption\":\"Padre y Decano\"},\"image\":{\"@id\":\"https:\/\/www.padreydecano.com\/cms\/#\/schema\/logo\/image\/\"}},{\"@type\":\"Person\",\"@id\":\"https:\/\/www.padreydecano.com\/cms\/#\/schema\/person\/d93e9e537230ae052c194251d9a1def2\",\"name\":\"Moderador\",\"image\":{\"@type\":\"ImageObject\",\"inLanguage\":\"es\",\"@id\":\"https:\/\/www.padreydecano.com\/cms\/#\/schema\/person\/image\/\",\"url\":\"https:\/\/secure.gravatar.com\/avatar\/2587727bf8a53bd3da4ec49f01bea66e?s=96&d=https%3A%2F%2Fpadreydecano.com%2Fcms%2Fwp-content%2Fthemes%2Fpyd-theme%2Fimg%2Fdefault-avatar.png&r=g\",\"contentUrl\":\"https:\/\/secure.gravatar.com\/avatar\/2587727bf8a53bd3da4ec49f01bea66e?s=96&d=https%3A%2F%2Fpadreydecano.com%2Fcms%2Fwp-content%2Fthemes%2Fpyd-theme%2Fimg%2Fdefault-avatar.png&r=g\",\"caption\":\"Moderador\"}}]}<\/script>\n<!-- \/ Yoast SEO plugin. -->","yoast_head_json":{"title":"La definici\u00f3n de Tercera - Padre y Decano - El Sitio del Pueblo","robots":{"index":"index","follow":"follow","max-snippet":"max-snippet:-1","max-image-preview":"max-image-preview:large","max-video-preview":"max-video-preview:-1"},"canonical":"https:\/\/www.padreydecano.com\/cms\/3era-division\/la-definicion-de-tercera\/","og_locale":"es_ES","og_type":"article","og_title":"La definici\u00f3n de Tercera - Padre y Decano - El Sitio del Pueblo","og_description":"Finalmente fue fijado el primer partido entre\u00a0Pe\u00f1arol y Defensor Sporting que podr\u00e1 definir el Campeonato Uruguayo de 3ra. Divisi\u00f3n.\u00a0El encuentro se disputar\u00e1 el s\u00e1bado 4 de Agosto a las 14:00 hrs en el Estadio Ol\u00edmpico (Rampla Juniors).\u00a0El torneo se define de igual manera que en primera divisi\u00f3n, por lo que para al haber ganado el [&hellip;]","og_url":"https:\/\/www.padreydecano.com\/cms\/3era-division\/la-definicion-de-tercera\/","og_site_name":"Padre y Decano - El Sitio del Pueblo","article_published_time":"2012-08-02T14:00:15+00:00","article_modified_time":"2012-08-02T13:50:20+00:00","og_image":[{"width":800,"height":532,"url":"https:\/\/www.padreydecano.com\/cms\/wp-content\/uploads\/2012\/06\/clasico-tercera-division-2.jpg","type":"image\/jpeg"}],"author":"Moderador","twitter_card":"summary_large_image","twitter_misc":{"Escrito por":"Moderador","Tiempo de lectura":"1 minuto"},"schema":{"@context":"https:\/\/schema.org","@graph":[{"@type":"Article","@id":"https:\/\/www.padreydecano.com\/cms\/3era-division\/la-definicion-de-tercera\/#article","isPartOf":{"@id":"https:\/\/www.padreydecano.com\/cms\/3era-division\/la-definicion-de-tercera\/"},"author":{"name":"Moderador","@id":"https:\/\/www.padreydecano.com\/cms\/#\/schema\/person\/d93e9e537230ae052c194251d9a1def2"},"headline":"La definici\u00f3n de Tercera","datePublished":"2012-08-02T14:00:15+00:00","dateModified":"2012-08-02T13:50:20+00:00","mainEntityOfPage":{"@id":"https:\/\/www.padreydecano.com\/cms\/3era-division\/la-definicion-de-tercera\/"},"wordCount":170,"commentCount":11,"publisher":{"@id":"https:\/\/www.padreydecano.com\/cms\/#organization"},"image":{"@id":"https:\/\/www.padreydecano.com\/cms\/3era-division\/la-definicion-de-tercera\/#primaryimage"},"thumbnailUrl":"https:\/\/www.padreydecano.com\/cms\/wp-content\/uploads\/2012\/06\/clasico-tercera-division-2.jpg","articleSection":["3era Divisi\u00f3n"],"inLanguage":"es","potentialAction":[{"@type":"CommentAction","name":"Comment","target":["https:\/\/www.padreydecano.com\/cms\/3era-division\/la-definicion-de-tercera\/#respond"]}]},{"@type":"WebPage","@id":"https:\/\/www.padreydecano.com\/cms\/3era-division\/la-definicion-de-tercera\/","url":"https:\/\/www.padreydecano.com\/cms\/3era-division\/la-definicion-de-tercera\/","name":"La definici\u00f3n de Tercera - Padre y Decano - El Sitio del Pueblo","isPartOf":{"@id":"https:\/\/www.padreydecano.com\/cms\/#website"},"primaryImageOfPage":{"@id":"https:\/\/www.padreydecano.com\/cms\/3era-division\/la-definicion-de-tercera\/#primaryimage"},"image":{"@id":"https:\/\/www.padreydecano.com\/cms\/3era-division\/la-definicion-de-tercera\/#primaryimage"},"thumbnailUrl":"https:\/\/www.padreydecano.com\/cms\/wp-content\/uploads\/2012\/06\/clasico-tercera-division-2.jpg","datePublished":"2012-08-02T14:00:15+00:00","dateModified":"2012-08-02T13:50:20+00:00","breadcrumb":{"@id":"https:\/\/www.padreydecano.com\/cms\/3era-division\/la-definicion-de-tercera\/#breadcrumb"},"inLanguage":"es","potentialAction":[{"@type":"ReadAction","target":["https:\/\/www.padreydecano.com\/cms\/3era-division\/la-definicion-de-tercera\/"]}]},{"@type":"ImageObject","inLanguage":"es","@id":"https:\/\/www.padreydecano.com\/cms\/3era-division\/la-definicion-de-tercera\/#primaryimage","url":"https:\/\/www.padreydecano.com\/cms\/wp-content\/uploads\/2012\/06\/clasico-tercera-division-2.jpg","contentUrl":"https:\/\/www.padreydecano.com\/cms\/wp-content\/uploads\/2012\/06\/clasico-tercera-division-2.jpg","width":"800","height":"532"},{"@type":"BreadcrumbList","@id":"https:\/\/www.padreydecano.com\/cms\/3era-division\/la-definicion-de-tercera\/#breadcrumb","itemListElement":[{"@type":"ListItem","position":1,"name":"Portada","item":"https:\/\/www.padreydecano.com\/cms\/"},{"@type":"ListItem","position":2,"name":"La definici\u00f3n de Tercera"}]},{"@type":"WebSite","@id":"https:\/\/www.padreydecano.com\/cms\/#website","url":"https:\/\/www.padreydecano.com\/cms\/","name":"Padre y Decano - El Sitio del Pueblo","description":"Club Atl\u00e9tico Pe\u00f1arol","publisher":{"@id":"https:\/\/www.padreydecano.com\/cms\/#organization"},"potentialAction":[{"@type":"SearchAction","target":{"@type":"EntryPoint","urlTemplate":"https:\/\/www.padreydecano.com\/cms\/?s={search_term_string}"},"query-input":"required name=search_term_string"}],"inLanguage":"es"},{"@type":"Organization","@id":"https:\/\/www.padreydecano.com\/cms\/#organization","name":"Padre y Decano","url":"https:\/\/www.padreydecano.com\/cms\/","logo":{"@type":"ImageObject","inLanguage":"es","@id":"https:\/\/www.padreydecano.com\/cms\/#\/schema\/logo\/image\/","url":"https:\/\/www.padreydecano.com\/cms\/wp-content\/uploads\/2022\/01\/avatar-square.png","contentUrl":"https:\/\/www.padreydecano.com\/cms\/wp-content\/uploads\/2022\/01\/avatar-square.png","width":1500,"height":1500,"caption":"Padre y Decano"},"image":{"@id":"https:\/\/www.padreydecano.com\/cms\/#\/schema\/logo\/image\/"}},{"@type":"Person","@id":"https:\/\/www.padreydecano.com\/cms\/#\/schema\/person\/d93e9e537230ae052c194251d9a1def2","name":"Moderador","image":{"@type":"ImageObject","inLanguage":"es","@id":"https:\/\/www.padreydecano.com\/cms\/#\/schema\/person\/image\/","url":"https:\/\/secure.gravatar.com\/avatar\/2587727bf8a53bd3da4ec49f01bea66e?s=96&d=https%3A%2F%2Fpadreydecano.com%2Fcms%2Fwp-content%2Fthemes%2Fpyd-theme%2Fimg%2Fdefault-avatar.png&r=g","contentUrl":"https:\/\/secure.gravatar.com\/avatar\/2587727bf8a53bd3da4ec49f01bea66e?s=96&d=https%3A%2F%2Fpadreydecano.com%2Fcms%2Fwp-content%2Fthemes%2Fpyd-theme%2Fimg%2Fdefault-avatar.png&r=g","caption":"Moderador"}}]}},"_links":{"self":[{"href":"https:\/\/www.padreydecano.com\/cms\/wp-json\/wp\/v2\/posts\/26859"}],"collection":[{"href":"https:\/\/www.padreydecano.com\/cms\/wp-json\/wp\/v2\/posts"}],"about":[{"href":"https:\/\/www.padreydecano.com\/cms\/wp-json\/wp\/v2\/types\/post"}],"author":[{"embeddable":true,"href":"https:\/\/www.padreydecano.com\/cms\/wp-json\/wp\/v2\/users\/13"}],"replies":[{"embeddable":true,"href":"https:\/\/www.padreydecano.com\/cms\/wp-json\/wp\/v2\/comments?post=26859"}],"version-history":[{"count":0,"href":"https:\/\/www.padreydecano.com\/cms\/wp-json\/wp\/v2\/posts\/26859\/revisions"}],"wp:featuredmedia":[{"embeddable":true,"href":"https:\/\/www.padreydecano.com\/cms\/wp-json\/wp\/v2\/media\/24860"}],"wp:attachment":[{"href":"https:\/\/www.padreydecano.com\/cms\/wp-json\/wp\/v2\/media?parent=26859"}],"wp:term":[{"taxonomy":"category","embeddable":true,"href":"https:\/\/www.padreydecano.com\/cms\/wp-json\/wp\/v2\/categories?post=26859"},{"taxonomy":"post_tag","embeddable":true,"href":"https:\/\/www.padreydecano.com\/cms\/wp-json\/wp\/v2\/tags?post=26859"}],"curies":[{"name":"wp","href":"https:\/\/api.w.org\/{rel}","templated":true}]}}