{"id":26857,"date":"2012-07-24T16:30:27","date_gmt":"2012-07-24T19:30:27","guid":{"rendered":"http:\/\/www.padreydecano.com\/cms\/?p=26857"},"modified":"2012-07-24T15:00:52","modified_gmt":"2012-07-24T18:00:52","slug":"pena-bella-union-realizo-donacion-de-abrigos","status":"publish","type":"post","link":"https:\/\/www.padreydecano.com\/cms\/penas\/pena-bella-union-realizo-donacion-de-abrigos\/","title":{"rendered":"Pe\u00f1a Bella Uni\u00f3n realiz\u00f3 donaci\u00f3n de abrigos"},"content":{"rendered":"<p style=\"text-align: justify;\"><a href=\"https:\/\/www.padreydecano.com\/cms\/wp-content\/uploads\/2012\/07\/100_1833-Copiar.jpg\" rel=\"shadowbox[sbpost-26857];player=img;\"><img loading=\"lazy\" decoding=\"async\" class=\"alignright  wp-image-26872\" src=\"https:\/\/www.padreydecano.com\/cms\/wp-content\/uploads\/2012\/07\/100_1833-Copiar-300x225.jpg\" alt=\"\" width=\"240\" height=\"180\" srcset=\"https:\/\/www.padreydecano.com\/cms\/wp-content\/uploads\/2012\/07\/100_1833-Copiar-300x225.jpg 300w, https:\/\/www.padreydecano.com\/cms\/wp-content\/uploads\/2012\/07\/100_1833-Copiar.jpg 720w\" sizes=\"(max-width: 240px) 100vw, 240px\" \/><\/a>El pasado fin de semana la Pe\u00f1a de Bella Uni\u00f3n \u00ab<strong>Jos\u00e9 Chueco Perdomo\u00bb<\/strong> realiz\u00f3 la donaci\u00f3n de lo recuadado en la campa\u00f1a del abrigo.\u00a0<span style=\"color: #ffcc02;\"><strong>Padre y Decano<\/strong><\/span> habl\u00f3 con <strong>Federico Santana<\/strong>, integrante de la Pe\u00f1a, para interiorizarse y conocer los resultados:<\/p>\n<p style=\"text-align: justify;\"><span style=\"color: #ffcc02;\"><strong>\u00bfC\u00f3mo surgi\u00f3 la idea de llevar adelante esta campa\u00f1a?<\/strong><\/span><\/p>\n<p style=\"text-align: justify;\">Desde que inauguramos la Pe\u00f1a ya salimos pensando en los \u00fatiles a las escuelas que fue un \u00e9xito. Se logr\u00f3 donar \u00fatiles a 6 escuelas y enseguida ya empezamos a juntar ropa entre nosotros. Mientras\u00a0hac\u00edamos\u00a0ollas criollas todos los viernes para juntar dinero para comprar los materiales para nuestra sede propia!<\/p>\n<p style=\"text-align: justify;\"><span style=\"color: #ffcc02;\"><strong>\u00bfCu\u00e1ndo y donde juntaron las prendas y c\u00f3mo se difundi\u00f3?<\/strong><\/span><\/p>\n<p style=\"text-align: justify;\">Hace un mes que ven\u00edamos juntando las prendas. La difusi\u00f3n fue a trav\u00e9s de la radio y el boca a boca. La recolecci\u00f3n de ropa, como somos bastantes, nos encargamos cada uno de ir juntando por su parte (en nuestras propias casas, vecinos, familiares, compa\u00f1eros de trabajo, etc.) y llevando a cada reuni\u00f3n lo juntado.<\/p>\n<p style=\"text-align: justify;\"><span style=\"color: #ffcc02;\"><strong>\u00bfA qu\u00e9 centro beneficiaron?<\/strong><\/span><\/p>\n<p style=\"text-align: justify;\">Se logr\u00f3 juntar algo m\u00e1s de 15 bolsas de residuo de 100&#215;70 y decidimos destinarlo a tres de los barrios m\u00e1s necesitados de la ciudad (Farolito, 6 de mayo y Extensi\u00f3n sur). Nos comunicamos con las respectivas comisiones de cada barrio y concordamos hacer la entrega en el Parque Gral. Rivera (lugar donde los domingos los \u00abbellaunionenes\u00bb se juntan a tomar mate).<\/p>\n<p style=\"text-align: justify;\"><span style=\"color: #ffcc02;\"><strong>\u00bfC\u00f3mo hicieron la entrega?<\/strong><\/span><\/p>\n<p>Se entreg\u00f3 algo m\u00e1s de 5 bolsas de residuo grandes de ropa a cada comisi\u00f3n presente.<\/p>\n<p><span style=\"color: #ffcc02;\"><strong>\u00bfCu\u00e1l es la pr\u00f3xima actividad en mente?<\/strong><\/span><\/p>\n<p style=\"text-align: justify;\">El pasado domingo hicimos una movida de venta de pollos a las brasas con el objetivo de donar todo lo recaudado a la Telet\u00f3n.\u00a0Por ahora queremos enfocarnos en la construcci\u00f3n de nuestra propia sede. Ya tenemos el terreno (cedido por el actual presidente). Con ventas de ollas criollas todos los viernes logramos juntar plata como para comprar las chapas para el techo, juego completo de ba\u00f1o, puertas, ventanas, arena y pedregullo; ahora nos queda solamente comprar el bloque y el porlan, el resto ya esta todo, la mano de obra va ser nuestro propio sudor!<\/p>\n<p style=\"text-align: justify;\">Desde\u00a0<span style=\"color: #ffcc02;\"><strong>Padre y Decano<\/strong><\/span>\u00a0felicitamos a la Pe\u00f1a de Bella Uni\u00f3n por haberse unido a la Campa\u00f1a del Abrigo 2012 y tambi\u00e9n por esa impresionante idea de\u00a0construir\u00a0su propia sede. Mucha suerte con este proyecto y sigan adelante!<\/p>\n\n\t\t<style type=\"text\/css\">\n\t\t\t#gallery-1 {\n\t\t\t\tmargin: auto;\n\t\t\t}\n\t\t\t#gallery-1 .gallery-item {\n\t\t\t\tfloat: left;\n\t\t\t\tmargin-top: 10px;\n\t\t\t\ttext-align: center;\n\t\t\t\twidth: 33%;\n\t\t\t}\n\t\t\t#gallery-1 img {\n\t\t\t\tborder: 2px solid #cfcfcf;\n\t\t\t}\n\t\t\t#gallery-1 .gallery-caption {\n\t\t\t\tmargin-left: 0;\n\t\t\t}\n\t\t\t\/* see gallery_shortcode() in wp-includes\/media.php *\/\n\t\t<\/style>\n\t\t<div id='gallery-1' class='gallery galleryid-26857 gallery-columns-3 gallery-size-thumbnail'><dl class='gallery-item'>\n\t\t\t<dt class='gallery-icon landscape'>\n\t\t\t\t<a href='https:\/\/www.padreydecano.com\/cms\/wp-content\/uploads\/2012\/07\/100_1846-Copiar.jpg' rel='shadowbox[sbalbum-26857];player=img;'><img loading=\"lazy\" decoding=\"async\" width=\"150\" height=\"150\" src=\"https:\/\/www.padreydecano.com\/cms\/wp-content\/uploads\/2012\/07\/100_1846-Copiar-150x150.jpg\" class=\"attachment-thumbnail size-thumbnail\" alt=\"\" srcset=\"https:\/\/www.padreydecano.com\/cms\/wp-content\/uploads\/2012\/07\/100_1846-Copiar-150x150.jpg 150w, https:\/\/www.padreydecano.com\/cms\/wp-content\/uploads\/2012\/07\/100_1846-Copiar-36x36.jpg 36w, https:\/\/www.padreydecano.com\/cms\/wp-content\/uploads\/2012\/07\/100_1846-Copiar-115x115.jpg 115w\" sizes=\"(max-width: 150px) 100vw, 150px\" \/><\/a>\n\t\t\t<\/dt><\/dl><dl class='gallery-item'>\n\t\t\t<dt class='gallery-icon landscape'>\n\t\t\t\t<a href='https:\/\/www.padreydecano.com\/cms\/wp-content\/uploads\/2012\/07\/100_1852-Copiar.jpg' rel='shadowbox[sbalbum-26857];player=img;'><img loading=\"lazy\" decoding=\"async\" width=\"150\" height=\"150\" src=\"https:\/\/www.padreydecano.com\/cms\/wp-content\/uploads\/2012\/07\/100_1852-Copiar-150x150.jpg\" class=\"attachment-thumbnail size-thumbnail\" alt=\"\" srcset=\"https:\/\/www.padreydecano.com\/cms\/wp-content\/uploads\/2012\/07\/100_1852-Copiar-150x150.jpg 150w, https:\/\/www.padreydecano.com\/cms\/wp-content\/uploads\/2012\/07\/100_1852-Copiar-36x36.jpg 36w, https:\/\/www.padreydecano.com\/cms\/wp-content\/uploads\/2012\/07\/100_1852-Copiar-115x115.jpg 115w\" sizes=\"(max-width: 150px) 100vw, 150px\" \/><\/a>\n\t\t\t<\/dt><\/dl><dl class='gallery-item'>\n\t\t\t<dt class='gallery-icon landscape'>\n\t\t\t\t<a href='https:\/\/www.padreydecano.com\/cms\/wp-content\/uploads\/2012\/07\/100_1806-Copiar.jpg' rel='shadowbox[sbalbum-26857];player=img;'><img loading=\"lazy\" decoding=\"async\" width=\"150\" height=\"150\" src=\"https:\/\/www.padreydecano.com\/cms\/wp-content\/uploads\/2012\/07\/100_1806-Copiar-150x150.jpg\" class=\"attachment-thumbnail size-thumbnail\" alt=\"\" srcset=\"https:\/\/www.padreydecano.com\/cms\/wp-content\/uploads\/2012\/07\/100_1806-Copiar-150x150.jpg 150w, https:\/\/www.padreydecano.com\/cms\/wp-content\/uploads\/2012\/07\/100_1806-Copiar-36x36.jpg 36w, https:\/\/www.padreydecano.com\/cms\/wp-content\/uploads\/2012\/07\/100_1806-Copiar-115x115.jpg 115w\" sizes=\"(max-width: 150px) 100vw, 150px\" \/><\/a>\n\t\t\t<\/dt><\/dl><br style=\"clear: both\" \/><dl class='gallery-item'>\n\t\t\t<dt class='gallery-icon landscape'>\n\t\t\t\t<a href='https:\/\/www.padreydecano.com\/cms\/wp-content\/uploads\/2012\/07\/100_1808-Copiar.jpg' rel='shadowbox[sbalbum-26857];player=img;'><img loading=\"lazy\" decoding=\"async\" width=\"150\" height=\"150\" src=\"https:\/\/www.padreydecano.com\/cms\/wp-content\/uploads\/2012\/07\/100_1808-Copiar-150x150.jpg\" class=\"attachment-thumbnail size-thumbnail\" alt=\"\" srcset=\"https:\/\/www.padreydecano.com\/cms\/wp-content\/uploads\/2012\/07\/100_1808-Copiar-150x150.jpg 150w, https:\/\/www.padreydecano.com\/cms\/wp-content\/uploads\/2012\/07\/100_1808-Copiar-36x36.jpg 36w, https:\/\/www.padreydecano.com\/cms\/wp-content\/uploads\/2012\/07\/100_1808-Copiar-115x115.jpg 115w\" sizes=\"(max-width: 150px) 100vw, 150px\" \/><\/a>\n\t\t\t<\/dt><\/dl><dl class='gallery-item'>\n\t\t\t<dt class='gallery-icon landscape'>\n\t\t\t\t<a href='https:\/\/www.padreydecano.com\/cms\/wp-content\/uploads\/2012\/07\/100_1810-Copiar.jpg' rel='shadowbox[sbalbum-26857];player=img;'><img loading=\"lazy\" decoding=\"async\" width=\"150\" height=\"150\" src=\"https:\/\/www.padreydecano.com\/cms\/wp-content\/uploads\/2012\/07\/100_1810-Copiar-150x150.jpg\" class=\"attachment-thumbnail size-thumbnail\" alt=\"\" srcset=\"https:\/\/www.padreydecano.com\/cms\/wp-content\/uploads\/2012\/07\/100_1810-Copiar-150x150.jpg 150w, https:\/\/www.padreydecano.com\/cms\/wp-content\/uploads\/2012\/07\/100_1810-Copiar-36x36.jpg 36w, https:\/\/www.padreydecano.com\/cms\/wp-content\/uploads\/2012\/07\/100_1810-Copiar-115x115.jpg 115w\" sizes=\"(max-width: 150px) 100vw, 150px\" \/><\/a>\n\t\t\t<\/dt><\/dl><dl class='gallery-item'>\n\t\t\t<dt class='gallery-icon landscape'>\n\t\t\t\t<a href='https:\/\/www.padreydecano.com\/cms\/wp-content\/uploads\/2012\/07\/100_1811-Copiar.jpg' rel='shadowbox[sbalbum-26857];player=img;'><img loading=\"lazy\" decoding=\"async\" width=\"150\" height=\"150\" src=\"https:\/\/www.padreydecano.com\/cms\/wp-content\/uploads\/2012\/07\/100_1811-Copiar-150x150.jpg\" class=\"attachment-thumbnail size-thumbnail\" alt=\"\" srcset=\"https:\/\/www.padreydecano.com\/cms\/wp-content\/uploads\/2012\/07\/100_1811-Copiar-150x150.jpg 150w, https:\/\/www.padreydecano.com\/cms\/wp-content\/uploads\/2012\/07\/100_1811-Copiar-36x36.jpg 36w, https:\/\/www.padreydecano.com\/cms\/wp-content\/uploads\/2012\/07\/100_1811-Copiar-115x115.jpg 115w\" sizes=\"(max-width: 150px) 100vw, 150px\" \/><\/a>\n\t\t\t<\/dt><\/dl><br style=\"clear: both\" \/><dl class='gallery-item'>\n\t\t\t<dt class='gallery-icon landscape'>\n\t\t\t\t<a href='https:\/\/www.padreydecano.com\/cms\/wp-content\/uploads\/2012\/07\/100_1813-Copiar.jpg' rel='shadowbox[sbalbum-26857];player=img;'><img loading=\"lazy\" decoding=\"async\" width=\"150\" height=\"150\" src=\"https:\/\/www.padreydecano.com\/cms\/wp-content\/uploads\/2012\/07\/100_1813-Copiar-150x150.jpg\" class=\"attachment-thumbnail size-thumbnail\" alt=\"\" srcset=\"https:\/\/www.padreydecano.com\/cms\/wp-content\/uploads\/2012\/07\/100_1813-Copiar-150x150.jpg 150w, https:\/\/www.padreydecano.com\/cms\/wp-content\/uploads\/2012\/07\/100_1813-Copiar-36x36.jpg 36w, https:\/\/www.padreydecano.com\/cms\/wp-content\/uploads\/2012\/07\/100_1813-Copiar-115x115.jpg 115w\" sizes=\"(max-width: 150px) 100vw, 150px\" \/><\/a>\n\t\t\t<\/dt><\/dl><dl class='gallery-item'>\n\t\t\t<dt class='gallery-icon landscape'>\n\t\t\t\t<a href='https:\/\/www.padreydecano.com\/cms\/wp-content\/uploads\/2012\/07\/100_1817-Copiar.jpg' rel='shadowbox[sbalbum-26857];player=img;'><img loading=\"lazy\" decoding=\"async\" width=\"150\" height=\"150\" src=\"https:\/\/www.padreydecano.com\/cms\/wp-content\/uploads\/2012\/07\/100_1817-Copiar-150x150.jpg\" class=\"attachment-thumbnail size-thumbnail\" alt=\"\" srcset=\"https:\/\/www.padreydecano.com\/cms\/wp-content\/uploads\/2012\/07\/100_1817-Copiar-150x150.jpg 150w, https:\/\/www.padreydecano.com\/cms\/wp-content\/uploads\/2012\/07\/100_1817-Copiar-36x36.jpg 36w, https:\/\/www.padreydecano.com\/cms\/wp-content\/uploads\/2012\/07\/100_1817-Copiar-115x115.jpg 115w\" sizes=\"(max-width: 150px) 100vw, 150px\" \/><\/a>\n\t\t\t<\/dt><\/dl><dl class='gallery-item'>\n\t\t\t<dt class='gallery-icon landscape'>\n\t\t\t\t<a href='https:\/\/www.padreydecano.com\/cms\/wp-content\/uploads\/2012\/07\/100_1825-Copiar.jpg' rel='shadowbox[sbalbum-26857];player=img;'><img loading=\"lazy\" decoding=\"async\" width=\"150\" height=\"150\" src=\"https:\/\/www.padreydecano.com\/cms\/wp-content\/uploads\/2012\/07\/100_1825-Copiar-150x150.jpg\" class=\"attachment-thumbnail size-thumbnail\" alt=\"\" srcset=\"https:\/\/www.padreydecano.com\/cms\/wp-content\/uploads\/2012\/07\/100_1825-Copiar-150x150.jpg 150w, https:\/\/www.padreydecano.com\/cms\/wp-content\/uploads\/2012\/07\/100_1825-Copiar-36x36.jpg 36w, https:\/\/www.padreydecano.com\/cms\/wp-content\/uploads\/2012\/07\/100_1825-Copiar-115x115.jpg 115w\" sizes=\"(max-width: 150px) 100vw, 150px\" \/><\/a>\n\t\t\t<\/dt><\/dl><br style=\"clear: both\" \/><dl class='gallery-item'>\n\t\t\t<dt class='gallery-icon landscape'>\n\t\t\t\t<a href='https:\/\/www.padreydecano.com\/cms\/wp-content\/uploads\/2012\/07\/100_1828-Copiar.jpg' rel='shadowbox[sbalbum-26857];player=img;'><img loading=\"lazy\" decoding=\"async\" width=\"150\" height=\"150\" src=\"https:\/\/www.padreydecano.com\/cms\/wp-content\/uploads\/2012\/07\/100_1828-Copiar-150x150.jpg\" class=\"attachment-thumbnail size-thumbnail\" alt=\"\" srcset=\"https:\/\/www.padreydecano.com\/cms\/wp-content\/uploads\/2012\/07\/100_1828-Copiar-150x150.jpg 150w, https:\/\/www.padreydecano.com\/cms\/wp-content\/uploads\/2012\/07\/100_1828-Copiar-36x36.jpg 36w, https:\/\/www.padreydecano.com\/cms\/wp-content\/uploads\/2012\/07\/100_1828-Copiar-115x115.jpg 115w\" sizes=\"(max-width: 150px) 100vw, 150px\" \/><\/a>\n\t\t\t<\/dt><\/dl><dl class='gallery-item'>\n\t\t\t<dt class='gallery-icon landscape'>\n\t\t\t\t<a href='https:\/\/www.padreydecano.com\/cms\/wp-content\/uploads\/2012\/07\/100_1830-Copiar.jpg' rel='shadowbox[sbalbum-26857];player=img;'><img loading=\"lazy\" decoding=\"async\" width=\"150\" height=\"150\" src=\"https:\/\/www.padreydecano.com\/cms\/wp-content\/uploads\/2012\/07\/100_1830-Copiar-150x150.jpg\" class=\"attachment-thumbnail size-thumbnail\" alt=\"\" srcset=\"https:\/\/www.padreydecano.com\/cms\/wp-content\/uploads\/2012\/07\/100_1830-Copiar-150x150.jpg 150w, https:\/\/www.padreydecano.com\/cms\/wp-content\/uploads\/2012\/07\/100_1830-Copiar-36x36.jpg 36w, https:\/\/www.padreydecano.com\/cms\/wp-content\/uploads\/2012\/07\/100_1830-Copiar-115x115.jpg 115w\" sizes=\"(max-width: 150px) 100vw, 150px\" \/><\/a>\n\t\t\t<\/dt><\/dl><dl class='gallery-item'>\n\t\t\t<dt class='gallery-icon portrait'>\n\t\t\t\t<a href='https:\/\/www.padreydecano.com\/cms\/wp-content\/uploads\/2012\/07\/100_1831-Copiar.jpg' rel='shadowbox[sbalbum-26857];player=img;'><img loading=\"lazy\" decoding=\"async\" width=\"150\" height=\"150\" src=\"https:\/\/www.padreydecano.com\/cms\/wp-content\/uploads\/2012\/07\/100_1831-Copiar-150x150.jpg\" class=\"attachment-thumbnail size-thumbnail\" alt=\"\" srcset=\"https:\/\/www.padreydecano.com\/cms\/wp-content\/uploads\/2012\/07\/100_1831-Copiar-150x150.jpg 150w, https:\/\/www.padreydecano.com\/cms\/wp-content\/uploads\/2012\/07\/100_1831-Copiar-36x36.jpg 36w, https:\/\/www.padreydecano.com\/cms\/wp-content\/uploads\/2012\/07\/100_1831-Copiar-115x115.jpg 115w\" sizes=\"(max-width: 150px) 100vw, 150px\" \/><\/a>\n\t\t\t<\/dt><\/dl><br style=\"clear: both\" \/><dl class='gallery-item'>\n\t\t\t<dt class='gallery-icon landscape'>\n\t\t\t\t<a href='https:\/\/www.padreydecano.com\/cms\/wp-content\/uploads\/2012\/07\/100_1832-Copiar.jpg' rel='shadowbox[sbalbum-26857];player=img;'><img loading=\"lazy\" decoding=\"async\" width=\"150\" height=\"150\" src=\"https:\/\/www.padreydecano.com\/cms\/wp-content\/uploads\/2012\/07\/100_1832-Copiar-150x150.jpg\" class=\"attachment-thumbnail size-thumbnail\" alt=\"\" srcset=\"https:\/\/www.padreydecano.com\/cms\/wp-content\/uploads\/2012\/07\/100_1832-Copiar-150x150.jpg 150w, https:\/\/www.padreydecano.com\/cms\/wp-content\/uploads\/2012\/07\/100_1832-Copiar-36x36.jpg 36w, https:\/\/www.padreydecano.com\/cms\/wp-content\/uploads\/2012\/07\/100_1832-Copiar-115x115.jpg 115w\" sizes=\"(max-width: 150px) 100vw, 150px\" \/><\/a>\n\t\t\t<\/dt><\/dl><dl class='gallery-item'>\n\t\t\t<dt class='gallery-icon landscape'>\n\t\t\t\t<a href='https:\/\/www.padreydecano.com\/cms\/wp-content\/uploads\/2012\/07\/100_1833-Copiar.jpg' rel='shadowbox[sbalbum-26857];player=img;'><img loading=\"lazy\" decoding=\"async\" width=\"150\" height=\"150\" src=\"https:\/\/www.padreydecano.com\/cms\/wp-content\/uploads\/2012\/07\/100_1833-Copiar-150x150.jpg\" class=\"attachment-thumbnail size-thumbnail\" alt=\"\" srcset=\"https:\/\/www.padreydecano.com\/cms\/wp-content\/uploads\/2012\/07\/100_1833-Copiar-150x150.jpg 150w, https:\/\/www.padreydecano.com\/cms\/wp-content\/uploads\/2012\/07\/100_1833-Copiar-36x36.jpg 36w, https:\/\/www.padreydecano.com\/cms\/wp-content\/uploads\/2012\/07\/100_1833-Copiar-115x115.jpg 115w\" sizes=\"(max-width: 150px) 100vw, 150px\" \/><\/a>\n\t\t\t<\/dt><\/dl><dl class='gallery-item'>\n\t\t\t<dt class='gallery-icon landscape'>\n\t\t\t\t<a href='https:\/\/www.padreydecano.com\/cms\/wp-content\/uploads\/2012\/07\/100_1834-Copiar.jpg' rel='shadowbox[sbalbum-26857];player=img;'><img loading=\"lazy\" decoding=\"async\" width=\"150\" height=\"150\" src=\"https:\/\/www.padreydecano.com\/cms\/wp-content\/uploads\/2012\/07\/100_1834-Copiar-150x150.jpg\" class=\"attachment-thumbnail size-thumbnail\" alt=\"\" srcset=\"https:\/\/www.padreydecano.com\/cms\/wp-content\/uploads\/2012\/07\/100_1834-Copiar-150x150.jpg 150w, https:\/\/www.padreydecano.com\/cms\/wp-content\/uploads\/2012\/07\/100_1834-Copiar-36x36.jpg 36w, https:\/\/www.padreydecano.com\/cms\/wp-content\/uploads\/2012\/07\/100_1834-Copiar-115x115.jpg 115w\" sizes=\"(max-width: 150px) 100vw, 150px\" \/><\/a>\n\t\t\t<\/dt><\/dl><br style=\"clear: both\" \/><dl class='gallery-item'>\n\t\t\t<dt class='gallery-icon landscape'>\n\t\t\t\t<a href='https:\/\/www.padreydecano.com\/cms\/wp-content\/uploads\/2012\/07\/100_1835-Copiar.jpg' rel='shadowbox[sbalbum-26857];player=img;'><img loading=\"lazy\" decoding=\"async\" width=\"150\" height=\"150\" src=\"https:\/\/www.padreydecano.com\/cms\/wp-content\/uploads\/2012\/07\/100_1835-Copiar-150x150.jpg\" class=\"attachment-thumbnail size-thumbnail\" alt=\"\" srcset=\"https:\/\/www.padreydecano.com\/cms\/wp-content\/uploads\/2012\/07\/100_1835-Copiar-150x150.jpg 150w, https:\/\/www.padreydecano.com\/cms\/wp-content\/uploads\/2012\/07\/100_1835-Copiar-36x36.jpg 36w, https:\/\/www.padreydecano.com\/cms\/wp-content\/uploads\/2012\/07\/100_1835-Copiar-115x115.jpg 115w\" sizes=\"(max-width: 150px) 100vw, 150px\" \/><\/a>\n\t\t\t<\/dt><\/dl><dl class='gallery-item'>\n\t\t\t<dt class='gallery-icon landscape'>\n\t\t\t\t<a href='https:\/\/www.padreydecano.com\/cms\/wp-content\/uploads\/2012\/07\/100_1836-Copiar.jpg' rel='shadowbox[sbalbum-26857];player=img;'><img loading=\"lazy\" decoding=\"async\" width=\"150\" height=\"150\" src=\"https:\/\/www.padreydecano.com\/cms\/wp-content\/uploads\/2012\/07\/100_1836-Copiar-150x150.jpg\" class=\"attachment-thumbnail size-thumbnail\" alt=\"\" srcset=\"https:\/\/www.padreydecano.com\/cms\/wp-content\/uploads\/2012\/07\/100_1836-Copiar-150x150.jpg 150w, https:\/\/www.padreydecano.com\/cms\/wp-content\/uploads\/2012\/07\/100_1836-Copiar-36x36.jpg 36w, https:\/\/www.padreydecano.com\/cms\/wp-content\/uploads\/2012\/07\/100_1836-Copiar-115x115.jpg 115w\" sizes=\"(max-width: 150px) 100vw, 150px\" \/><\/a>\n\t\t\t<\/dt><\/dl><dl class='gallery-item'>\n\t\t\t<dt class='gallery-icon landscape'>\n\t\t\t\t<a href='https:\/\/www.padreydecano.com\/cms\/wp-content\/uploads\/2012\/07\/100_1837-Copiar.jpg' rel='shadowbox[sbalbum-26857];player=img;'><img loading=\"lazy\" decoding=\"async\" width=\"150\" height=\"150\" src=\"https:\/\/www.padreydecano.com\/cms\/wp-content\/uploads\/2012\/07\/100_1837-Copiar-150x150.jpg\" class=\"attachment-thumbnail size-thumbnail\" alt=\"\" srcset=\"https:\/\/www.padreydecano.com\/cms\/wp-content\/uploads\/2012\/07\/100_1837-Copiar-150x150.jpg 150w, https:\/\/www.padreydecano.com\/cms\/wp-content\/uploads\/2012\/07\/100_1837-Copiar-36x36.jpg 36w, https:\/\/www.padreydecano.com\/cms\/wp-content\/uploads\/2012\/07\/100_1837-Copiar-115x115.jpg 115w\" sizes=\"(max-width: 150px) 100vw, 150px\" \/><\/a>\n\t\t\t<\/dt><\/dl><br style=\"clear: both\" \/><dl class='gallery-item'>\n\t\t\t<dt class='gallery-icon landscape'>\n\t\t\t\t<a href='https:\/\/www.padreydecano.com\/cms\/wp-content\/uploads\/2012\/07\/100_1843-Copiar.jpg' rel='shadowbox[sbalbum-26857];player=img;'><img loading=\"lazy\" decoding=\"async\" width=\"150\" height=\"150\" src=\"https:\/\/www.padreydecano.com\/cms\/wp-content\/uploads\/2012\/07\/100_1843-Copiar-150x150.jpg\" class=\"attachment-thumbnail size-thumbnail\" alt=\"\" srcset=\"https:\/\/www.padreydecano.com\/cms\/wp-content\/uploads\/2012\/07\/100_1843-Copiar-150x150.jpg 150w, https:\/\/www.padreydecano.com\/cms\/wp-content\/uploads\/2012\/07\/100_1843-Copiar-36x36.jpg 36w, https:\/\/www.padreydecano.com\/cms\/wp-content\/uploads\/2012\/07\/100_1843-Copiar-115x115.jpg 115w\" sizes=\"(max-width: 150px) 100vw, 150px\" \/><\/a>\n\t\t\t<\/dt><\/dl><dl class='gallery-item'>\n\t\t\t<dt class='gallery-icon landscape'>\n\t\t\t\t<a href='https:\/\/www.padreydecano.com\/cms\/wp-content\/uploads\/2012\/07\/100_1844-Copiar.jpg' rel='shadowbox[sbalbum-26857];player=img;'><img loading=\"lazy\" decoding=\"async\" width=\"150\" height=\"150\" src=\"https:\/\/www.padreydecano.com\/cms\/wp-content\/uploads\/2012\/07\/100_1844-Copiar-150x150.jpg\" class=\"attachment-thumbnail size-thumbnail\" alt=\"\" srcset=\"https:\/\/www.padreydecano.com\/cms\/wp-content\/uploads\/2012\/07\/100_1844-Copiar-150x150.jpg 150w, https:\/\/www.padreydecano.com\/cms\/wp-content\/uploads\/2012\/07\/100_1844-Copiar-36x36.jpg 36w, https:\/\/www.padreydecano.com\/cms\/wp-content\/uploads\/2012\/07\/100_1844-Copiar-115x115.jpg 115w\" sizes=\"(max-width: 150px) 100vw, 150px\" \/><\/a>\n\t\t\t<\/dt><\/dl><dl class='gallery-item'>\n\t\t\t<dt class='gallery-icon landscape'>\n\t\t\t\t<a href='https:\/\/www.padreydecano.com\/cms\/wp-content\/uploads\/2012\/07\/100_1845-Copiar.jpg' rel='shadowbox[sbalbum-26857];player=img;'><img loading=\"lazy\" decoding=\"async\" width=\"150\" height=\"150\" src=\"https:\/\/www.padreydecano.com\/cms\/wp-content\/uploads\/2012\/07\/100_1845-Copiar-150x150.jpg\" class=\"attachment-thumbnail size-thumbnail\" alt=\"\" srcset=\"https:\/\/www.padreydecano.com\/cms\/wp-content\/uploads\/2012\/07\/100_1845-Copiar-150x150.jpg 150w, https:\/\/www.padreydecano.com\/cms\/wp-content\/uploads\/2012\/07\/100_1845-Copiar-36x36.jpg 36w, https:\/\/www.padreydecano.com\/cms\/wp-content\/uploads\/2012\/07\/100_1845-Copiar-115x115.jpg 115w\" sizes=\"(max-width: 150px) 100vw, 150px\" \/><\/a>\n\t\t\t<\/dt><\/dl><br style=\"clear: both\" \/>\n\t\t<\/div>\n\n","protected":false},"excerpt":{"rendered":"<p>El pasado fin de semana la Pe\u00f1a de Bella Uni\u00f3n \u00abJos\u00e9 Chueco Perdomo\u00bb realiz\u00f3 la donaci\u00f3n de lo recuadado en la campa\u00f1a del abrigo.\u00a0Padre y Decano habl\u00f3 con Federico Santana, integrante de la Pe\u00f1a, para interiorizarse y conocer los resultados: \u00bfC\u00f3mo surgi\u00f3 la idea de llevar adelante esta campa\u00f1a? Desde que inauguramos la Pe\u00f1a ya [&hellip;]<\/p>\n","protected":false},"author":10,"featured_media":26881,"comment_status":"open","ping_status":"closed","sticky":false,"template":"","format":"standard","meta":{"footnotes":""},"categories":[42],"tags":[101],"yoast_head":"<!-- This site is optimized with the Yoast SEO plugin v23.2 - https:\/\/yoast.com\/wordpress\/plugins\/seo\/ -->\n<title>Pe\u00f1a Bella Uni\u00f3n realiz\u00f3 donaci\u00f3n de abrigos - Padre y Decano - El Sitio del Pueblo<\/title>\n<meta name=\"robots\" content=\"index, follow, max-snippet:-1, max-image-preview:large, max-video-preview:-1\" \/>\n<link rel=\"canonical\" href=\"https:\/\/www.padreydecano.com\/cms\/penas\/pena-bella-union-realizo-donacion-de-abrigos\/\" \/>\n<meta property=\"og:locale\" content=\"es_ES\" \/>\n<meta property=\"og:type\" content=\"article\" \/>\n<meta property=\"og:title\" content=\"Pe\u00f1a Bella Uni\u00f3n realiz\u00f3 donaci\u00f3n de abrigos - Padre y Decano - El Sitio del Pueblo\" \/>\n<meta property=\"og:description\" content=\"El pasado fin de semana la Pe\u00f1a de Bella Uni\u00f3n \u00abJos\u00e9 Chueco Perdomo\u00bb realiz\u00f3 la donaci\u00f3n de lo recuadado en la campa\u00f1a del abrigo.\u00a0Padre y Decano habl\u00f3 con Federico Santana, integrante de la Pe\u00f1a, para interiorizarse y conocer los resultados: \u00bfC\u00f3mo surgi\u00f3 la idea de llevar adelante esta campa\u00f1a? Desde que inauguramos la Pe\u00f1a ya [&hellip;]\" \/>\n<meta property=\"og:url\" content=\"https:\/\/www.padreydecano.com\/cms\/penas\/pena-bella-union-realizo-donacion-de-abrigos\/\" \/>\n<meta property=\"og:site_name\" content=\"Padre y Decano - El Sitio del Pueblo\" \/>\n<meta property=\"article:published_time\" content=\"2012-07-24T19:30:27+00:00\" \/>\n<meta property=\"article:modified_time\" content=\"2012-07-24T18:00:52+00:00\" \/>\n<meta property=\"og:image\" content=\"https:\/\/www.padreydecano.com\/cms\/wp-content\/uploads\/2012\/07\/100_1852-Copiar.jpg\" \/>\n\t<meta property=\"og:image:width\" content=\"720\" \/>\n\t<meta property=\"og:image:height\" content=\"540\" \/>\n\t<meta property=\"og:image:type\" content=\"image\/jpeg\" \/>\n<meta name=\"author\" content=\"fishoapyd\" \/>\n<meta name=\"twitter:card\" content=\"summary_large_image\" \/>\n<meta name=\"twitter:label1\" content=\"Escrito por\" \/>\n\t<meta name=\"twitter:data1\" content=\"fishoapyd\" \/>\n\t<meta name=\"twitter:label2\" content=\"Tiempo de lectura\" \/>\n\t<meta name=\"twitter:data2\" content=\"2 minutos\" \/>\n<script type=\"application\/ld+json\" class=\"yoast-schema-graph\">{\"@context\":\"https:\/\/schema.org\",\"@graph\":[{\"@type\":\"Article\",\"@id\":\"https:\/\/www.padreydecano.com\/cms\/penas\/pena-bella-union-realizo-donacion-de-abrigos\/#article\",\"isPartOf\":{\"@id\":\"https:\/\/www.padreydecano.com\/cms\/penas\/pena-bella-union-realizo-donacion-de-abrigos\/\"},\"author\":{\"name\":\"fishoapyd\",\"@id\":\"https:\/\/www.padreydecano.com\/cms\/#\/schema\/person\/1376f1ec91158cca7aeef6d2109f929d\"},\"headline\":\"Pe\u00f1a Bella Uni\u00f3n realiz\u00f3 donaci\u00f3n de abrigos\",\"datePublished\":\"2012-07-24T19:30:27+00:00\",\"dateModified\":\"2012-07-24T18:00:52+00:00\",\"mainEntityOfPage\":{\"@id\":\"https:\/\/www.padreydecano.com\/cms\/penas\/pena-bella-union-realizo-donacion-de-abrigos\/\"},\"wordCount\":437,\"commentCount\":1,\"publisher\":{\"@id\":\"https:\/\/www.padreydecano.com\/cms\/#organization\"},\"image\":{\"@id\":\"https:\/\/www.padreydecano.com\/cms\/penas\/pena-bella-union-realizo-donacion-de-abrigos\/#primaryimage\"},\"thumbnailUrl\":\"https:\/\/www.padreydecano.com\/cms\/wp-content\/uploads\/2012\/07\/100_1852-Copiar.jpg\",\"keywords\":[\"Movidas Solidarias\"],\"articleSection\":[\"Pe\u00f1as\"],\"inLanguage\":\"es\",\"potentialAction\":[{\"@type\":\"CommentAction\",\"name\":\"Comment\",\"target\":[\"https:\/\/www.padreydecano.com\/cms\/penas\/pena-bella-union-realizo-donacion-de-abrigos\/#respond\"]}]},{\"@type\":\"WebPage\",\"@id\":\"https:\/\/www.padreydecano.com\/cms\/penas\/pena-bella-union-realizo-donacion-de-abrigos\/\",\"url\":\"https:\/\/www.padreydecano.com\/cms\/penas\/pena-bella-union-realizo-donacion-de-abrigos\/\",\"name\":\"Pe\u00f1a Bella Uni\u00f3n realiz\u00f3 donaci\u00f3n de abrigos - Padre y Decano - El Sitio del Pueblo\",\"isPartOf\":{\"@id\":\"https:\/\/www.padreydecano.com\/cms\/#website\"},\"primaryImageOfPage\":{\"@id\":\"https:\/\/www.padreydecano.com\/cms\/penas\/pena-bella-union-realizo-donacion-de-abrigos\/#primaryimage\"},\"image\":{\"@id\":\"https:\/\/www.padreydecano.com\/cms\/penas\/pena-bella-union-realizo-donacion-de-abrigos\/#primaryimage\"},\"thumbnailUrl\":\"https:\/\/www.padreydecano.com\/cms\/wp-content\/uploads\/2012\/07\/100_1852-Copiar.jpg\",\"datePublished\":\"2012-07-24T19:30:27+00:00\",\"dateModified\":\"2012-07-24T18:00:52+00:00\",\"breadcrumb\":{\"@id\":\"https:\/\/www.padreydecano.com\/cms\/penas\/pena-bella-union-realizo-donacion-de-abrigos\/#breadcrumb\"},\"inLanguage\":\"es\",\"potentialAction\":[{\"@type\":\"ReadAction\",\"target\":[\"https:\/\/www.padreydecano.com\/cms\/penas\/pena-bella-union-realizo-donacion-de-abrigos\/\"]}]},{\"@type\":\"ImageObject\",\"inLanguage\":\"es\",\"@id\":\"https:\/\/www.padreydecano.com\/cms\/penas\/pena-bella-union-realizo-donacion-de-abrigos\/#primaryimage\",\"url\":\"https:\/\/www.padreydecano.com\/cms\/wp-content\/uploads\/2012\/07\/100_1852-Copiar.jpg\",\"contentUrl\":\"https:\/\/www.padreydecano.com\/cms\/wp-content\/uploads\/2012\/07\/100_1852-Copiar.jpg\",\"width\":\"720\",\"height\":\"540\"},{\"@type\":\"BreadcrumbList\",\"@id\":\"https:\/\/www.padreydecano.com\/cms\/penas\/pena-bella-union-realizo-donacion-de-abrigos\/#breadcrumb\",\"itemListElement\":[{\"@type\":\"ListItem\",\"position\":1,\"name\":\"Portada\",\"item\":\"https:\/\/www.padreydecano.com\/cms\/\"},{\"@type\":\"ListItem\",\"position\":2,\"name\":\"Pe\u00f1a Bella Uni\u00f3n realiz\u00f3 donaci\u00f3n de abrigos\"}]},{\"@type\":\"WebSite\",\"@id\":\"https:\/\/www.padreydecano.com\/cms\/#website\",\"url\":\"https:\/\/www.padreydecano.com\/cms\/\",\"name\":\"Padre y Decano - El Sitio del Pueblo\",\"description\":\"Club Atl\u00e9tico Pe\u00f1arol\",\"publisher\":{\"@id\":\"https:\/\/www.padreydecano.com\/cms\/#organization\"},\"potentialAction\":[{\"@type\":\"SearchAction\",\"target\":{\"@type\":\"EntryPoint\",\"urlTemplate\":\"https:\/\/www.padreydecano.com\/cms\/?s={search_term_string}\"},\"query-input\":\"required name=search_term_string\"}],\"inLanguage\":\"es\"},{\"@type\":\"Organization\",\"@id\":\"https:\/\/www.padreydecano.com\/cms\/#organization\",\"name\":\"Padre y Decano\",\"url\":\"https:\/\/www.padreydecano.com\/cms\/\",\"logo\":{\"@type\":\"ImageObject\",\"inLanguage\":\"es\",\"@id\":\"https:\/\/www.padreydecano.com\/cms\/#\/schema\/logo\/image\/\",\"url\":\"https:\/\/www.padreydecano.com\/cms\/wp-content\/uploads\/2022\/01\/avatar-square.png\",\"contentUrl\":\"https:\/\/www.padreydecano.com\/cms\/wp-content\/uploads\/2022\/01\/avatar-square.png\",\"width\":1500,\"height\":1500,\"caption\":\"Padre y Decano\"},\"image\":{\"@id\":\"https:\/\/www.padreydecano.com\/cms\/#\/schema\/logo\/image\/\"}},{\"@type\":\"Person\",\"@id\":\"https:\/\/www.padreydecano.com\/cms\/#\/schema\/person\/1376f1ec91158cca7aeef6d2109f929d\",\"name\":\"fishoapyd\",\"image\":{\"@type\":\"ImageObject\",\"inLanguage\":\"es\",\"@id\":\"https:\/\/www.padreydecano.com\/cms\/#\/schema\/person\/image\/\",\"url\":\"https:\/\/www.padreydecano.com\/cms\/wp-content\/uploads\/2022\/12\/avatar-square-1.png\",\"contentUrl\":\"https:\/\/www.padreydecano.com\/cms\/wp-content\/uploads\/2022\/12\/avatar-square-1.png\",\"caption\":\"fishoapyd\"},\"sameAs\":[\"http:\/\/www.padreydecano.com\"]}]}<\/script>\n<!-- \/ Yoast SEO plugin. -->","yoast_head_json":{"title":"Pe\u00f1a Bella Uni\u00f3n realiz\u00f3 donaci\u00f3n de abrigos - Padre y Decano - El Sitio del Pueblo","robots":{"index":"index","follow":"follow","max-snippet":"max-snippet:-1","max-image-preview":"max-image-preview:large","max-video-preview":"max-video-preview:-1"},"canonical":"https:\/\/www.padreydecano.com\/cms\/penas\/pena-bella-union-realizo-donacion-de-abrigos\/","og_locale":"es_ES","og_type":"article","og_title":"Pe\u00f1a Bella Uni\u00f3n realiz\u00f3 donaci\u00f3n de abrigos - Padre y Decano - El Sitio del Pueblo","og_description":"El pasado fin de semana la Pe\u00f1a de Bella Uni\u00f3n \u00abJos\u00e9 Chueco Perdomo\u00bb realiz\u00f3 la donaci\u00f3n de lo recuadado en la campa\u00f1a del abrigo.\u00a0Padre y Decano habl\u00f3 con Federico Santana, integrante de la Pe\u00f1a, para interiorizarse y conocer los resultados: \u00bfC\u00f3mo surgi\u00f3 la idea de llevar adelante esta campa\u00f1a? Desde que inauguramos la Pe\u00f1a ya [&hellip;]","og_url":"https:\/\/www.padreydecano.com\/cms\/penas\/pena-bella-union-realizo-donacion-de-abrigos\/","og_site_name":"Padre y Decano - El Sitio del Pueblo","article_published_time":"2012-07-24T19:30:27+00:00","article_modified_time":"2012-07-24T18:00:52+00:00","og_image":[{"width":720,"height":540,"url":"https:\/\/www.padreydecano.com\/cms\/wp-content\/uploads\/2012\/07\/100_1852-Copiar.jpg","type":"image\/jpeg"}],"author":"fishoapyd","twitter_card":"summary_large_image","twitter_misc":{"Escrito por":"fishoapyd","Tiempo de lectura":"2 minutos"},"schema":{"@context":"https:\/\/schema.org","@graph":[{"@type":"Article","@id":"https:\/\/www.padreydecano.com\/cms\/penas\/pena-bella-union-realizo-donacion-de-abrigos\/#article","isPartOf":{"@id":"https:\/\/www.padreydecano.com\/cms\/penas\/pena-bella-union-realizo-donacion-de-abrigos\/"},"author":{"name":"fishoapyd","@id":"https:\/\/www.padreydecano.com\/cms\/#\/schema\/person\/1376f1ec91158cca7aeef6d2109f929d"},"headline":"Pe\u00f1a Bella Uni\u00f3n realiz\u00f3 donaci\u00f3n de abrigos","datePublished":"2012-07-24T19:30:27+00:00","dateModified":"2012-07-24T18:00:52+00:00","mainEntityOfPage":{"@id":"https:\/\/www.padreydecano.com\/cms\/penas\/pena-bella-union-realizo-donacion-de-abrigos\/"},"wordCount":437,"commentCount":1,"publisher":{"@id":"https:\/\/www.padreydecano.com\/cms\/#organization"},"image":{"@id":"https:\/\/www.padreydecano.com\/cms\/penas\/pena-bella-union-realizo-donacion-de-abrigos\/#primaryimage"},"thumbnailUrl":"https:\/\/www.padreydecano.com\/cms\/wp-content\/uploads\/2012\/07\/100_1852-Copiar.jpg","keywords":["Movidas Solidarias"],"articleSection":["Pe\u00f1as"],"inLanguage":"es","potentialAction":[{"@type":"CommentAction","name":"Comment","target":["https:\/\/www.padreydecano.com\/cms\/penas\/pena-bella-union-realizo-donacion-de-abrigos\/#respond"]}]},{"@type":"WebPage","@id":"https:\/\/www.padreydecano.com\/cms\/penas\/pena-bella-union-realizo-donacion-de-abrigos\/","url":"https:\/\/www.padreydecano.com\/cms\/penas\/pena-bella-union-realizo-donacion-de-abrigos\/","name":"Pe\u00f1a Bella Uni\u00f3n realiz\u00f3 donaci\u00f3n de abrigos - Padre y Decano - El Sitio del Pueblo","isPartOf":{"@id":"https:\/\/www.padreydecano.com\/cms\/#website"},"primaryImageOfPage":{"@id":"https:\/\/www.padreydecano.com\/cms\/penas\/pena-bella-union-realizo-donacion-de-abrigos\/#primaryimage"},"image":{"@id":"https:\/\/www.padreydecano.com\/cms\/penas\/pena-bella-union-realizo-donacion-de-abrigos\/#primaryimage"},"thumbnailUrl":"https:\/\/www.padreydecano.com\/cms\/wp-content\/uploads\/2012\/07\/100_1852-Copiar.jpg","datePublished":"2012-07-24T19:30:27+00:00","dateModified":"2012-07-24T18:00:52+00:00","breadcrumb":{"@id":"https:\/\/www.padreydecano.com\/cms\/penas\/pena-bella-union-realizo-donacion-de-abrigos\/#breadcrumb"},"inLanguage":"es","potentialAction":[{"@type":"ReadAction","target":["https:\/\/www.padreydecano.com\/cms\/penas\/pena-bella-union-realizo-donacion-de-abrigos\/"]}]},{"@type":"ImageObject","inLanguage":"es","@id":"https:\/\/www.padreydecano.com\/cms\/penas\/pena-bella-union-realizo-donacion-de-abrigos\/#primaryimage","url":"https:\/\/www.padreydecano.com\/cms\/wp-content\/uploads\/2012\/07\/100_1852-Copiar.jpg","contentUrl":"https:\/\/www.padreydecano.com\/cms\/wp-content\/uploads\/2012\/07\/100_1852-Copiar.jpg","width":"720","height":"540"},{"@type":"BreadcrumbList","@id":"https:\/\/www.padreydecano.com\/cms\/penas\/pena-bella-union-realizo-donacion-de-abrigos\/#breadcrumb","itemListElement":[{"@type":"ListItem","position":1,"name":"Portada","item":"https:\/\/www.padreydecano.com\/cms\/"},{"@type":"ListItem","position":2,"name":"Pe\u00f1a Bella Uni\u00f3n realiz\u00f3 donaci\u00f3n de abrigos"}]},{"@type":"WebSite","@id":"https:\/\/www.padreydecano.com\/cms\/#website","url":"https:\/\/www.padreydecano.com\/cms\/","name":"Padre y Decano - El Sitio del Pueblo","description":"Club Atl\u00e9tico Pe\u00f1arol","publisher":{"@id":"https:\/\/www.padreydecano.com\/cms\/#organization"},"potentialAction":[{"@type":"SearchAction","target":{"@type":"EntryPoint","urlTemplate":"https:\/\/www.padreydecano.com\/cms\/?s={search_term_string}"},"query-input":"required name=search_term_string"}],"inLanguage":"es"},{"@type":"Organization","@id":"https:\/\/www.padreydecano.com\/cms\/#organization","name":"Padre y Decano","url":"https:\/\/www.padreydecano.com\/cms\/","logo":{"@type":"ImageObject","inLanguage":"es","@id":"https:\/\/www.padreydecano.com\/cms\/#\/schema\/logo\/image\/","url":"https:\/\/www.padreydecano.com\/cms\/wp-content\/uploads\/2022\/01\/avatar-square.png","contentUrl":"https:\/\/www.padreydecano.com\/cms\/wp-content\/uploads\/2022\/01\/avatar-square.png","width":1500,"height":1500,"caption":"Padre y Decano"},"image":{"@id":"https:\/\/www.padreydecano.com\/cms\/#\/schema\/logo\/image\/"}},{"@type":"Person","@id":"https:\/\/www.padreydecano.com\/cms\/#\/schema\/person\/1376f1ec91158cca7aeef6d2109f929d","name":"fishoapyd","image":{"@type":"ImageObject","inLanguage":"es","@id":"https:\/\/www.padreydecano.com\/cms\/#\/schema\/person\/image\/","url":"https:\/\/www.padreydecano.com\/cms\/wp-content\/uploads\/2022\/12\/avatar-square-1.png","contentUrl":"https:\/\/www.padreydecano.com\/cms\/wp-content\/uploads\/2022\/12\/avatar-square-1.png","caption":"fishoapyd"},"sameAs":["http:\/\/www.padreydecano.com"]}]}},"_links":{"self":[{"href":"https:\/\/www.padreydecano.com\/cms\/wp-json\/wp\/v2\/posts\/26857"}],"collection":[{"href":"https:\/\/www.padreydecano.com\/cms\/wp-json\/wp\/v2\/posts"}],"about":[{"href":"https:\/\/www.padreydecano.com\/cms\/wp-json\/wp\/v2\/types\/post"}],"author":[{"embeddable":true,"href":"https:\/\/www.padreydecano.com\/cms\/wp-json\/wp\/v2\/users\/10"}],"replies":[{"embeddable":true,"href":"https:\/\/www.padreydecano.com\/cms\/wp-json\/wp\/v2\/comments?post=26857"}],"version-history":[{"count":0,"href":"https:\/\/www.padreydecano.com\/cms\/wp-json\/wp\/v2\/posts\/26857\/revisions"}],"wp:featuredmedia":[{"embeddable":true,"href":"https:\/\/www.padreydecano.com\/cms\/wp-json\/wp\/v2\/media\/26881"}],"wp:attachment":[{"href":"https:\/\/www.padreydecano.com\/cms\/wp-json\/wp\/v2\/media?parent=26857"}],"wp:term":[{"taxonomy":"category","embeddable":true,"href":"https:\/\/www.padreydecano.com\/cms\/wp-json\/wp\/v2\/categories?post=26857"},{"taxonomy":"post_tag","embeddable":true,"href":"https:\/\/www.padreydecano.com\/cms\/wp-json\/wp\/v2\/tags?post=26857"}],"curies":[{"name":"wp","href":"https:\/\/api.w.org\/{rel}","templated":true}]}}