{"id":26256,"date":"2012-08-02T09:00:54","date_gmt":"2012-08-02T12:00:54","guid":{"rendered":"http:\/\/www.padreydecano.com\/cms\/?p=26256"},"modified":"2012-08-23T12:47:47","modified_gmt":"2012-08-23T15:47:47","slug":"finalizo-campana-del-abrigo-2012-de-la-penas","status":"publish","type":"post","link":"https:\/\/www.padreydecano.com\/cms\/penas\/finalizo-campana-del-abrigo-2012-de-la-penas\/","title":{"rendered":"Finaliz\u00f3 Campa\u00f1a del Abrigo 2012 de las Pe\u00f1as"},"content":{"rendered":"<p style=\"text-align: justify;\"><a href=\"https:\/\/www.padreydecano.com\/cms\/wp-content\/uploads\/2012\/06\/FOTOS-CAMPA\u00d1A-DEL-ABRIGO-2012-3.jpg\" rel=\"shadowbox[sbpost-26256];player=img;\"><img loading=\"lazy\" decoding=\"async\" class=\"wp-image-25176 alignright\" src=\"https:\/\/www.padreydecano.com\/cms\/wp-content\/uploads\/2012\/06\/FOTOS-CAMPA\u00d1A-DEL-ABRIGO-2012-3-300x274.jpg\" alt=\"\" width=\"210\" height=\"192\" srcset=\"https:\/\/www.padreydecano.com\/cms\/wp-content\/uploads\/2012\/06\/FOTOS-CAMPA\u00d1A-DEL-ABRIGO-2012-3-300x274.jpg 300w, https:\/\/www.padreydecano.com\/cms\/wp-content\/uploads\/2012\/06\/FOTOS-CAMPA\u00d1A-DEL-ABRIGO-2012-3.jpg 960w\" sizes=\"(max-width: 210px) 100vw, 210px\" \/><\/a>La <a href=\"https:\/\/www.padreydecano.com\/cms\/comision\/\" target=\"_blank\">Comisi\u00f3n de Pe\u00f1as<\/a> del Club Atl\u00e9tico Pe\u00f1arol dio por finalizada la <strong>Campa\u00f1a del Abrigo 2012<\/strong> que hab\u00eda comenzado en marzo. La respuesta de las Pe\u00f1as fue muy positiva ya que se sumaron 17 a esta\u00a0iniciativa. Fue impresionante todo lo que recolect\u00f3 cada Pe\u00f1a en su ciudad. Hubo muchos d\u00edas de intenso trabajo para poder recolectar la mayor cantidad de prendas posible y de esa forma ayudar a los m\u00e1s necesitados; los resultados est\u00e1n a la vista.<\/p>\n<p style=\"text-align: justify;\">Las Pe\u00f1as siguen haciendo un excelente trabajo en lo que respecta a la parte solidaria del Club como tambi\u00e9n ayudando a incrementar el n\u00famero de socios.\u00a0Esto demuestra lo que verdaderamente es Pe\u00f1arol:<strong><em> \u00abes pueblo y por ende, vive en cada uno de nosotros de alguna manera u otra, por eso es pueblo, por que Pe\u00f1arol somos todos.\u00bb<\/em><\/strong><\/p>\n<p>Les dejamos las notas de cada Pe\u00f1a que se sum\u00f3 a la Campa\u00f1a:<\/p>\n<ul>\n<li><strong><a href=\"https:\/\/www.padreydecano.com\/cms\/penas\/mas-penas-que-se-sumaron-a-la-campana-del-abrigo\/\" target=\"_blank\">Canelones<\/a><\/strong><\/li>\n<li><strong><a href=\"https:\/\/www.padreydecano.com\/cms\/penas\/pena-artigas-realizo-donacion-de-abrigo\/\" target=\"_blank\">Artigas<\/a><\/strong><\/li>\n<li><strong><a href=\"https:\/\/www.padreydecano.com\/cms\/penas\/pena-mercedes-realizo-donacion-de-abrigo\/\" target=\"_blank\">Mercedes<\/a><\/strong><\/li>\n<li><strong><a href=\"https:\/\/www.padreydecano.com\/cms\/penas\/pena-san-carlos-realiza-donacion-de-abrigo\/\" target=\"_blank\">San Carlos<\/a><\/strong><\/li>\n<li><strong><a href=\"https:\/\/www.padreydecano.com\/cms\/penas\/pena-la-paz-realiza-donacion-de-abrigo\/\" target=\"_blank\">La Paz<\/a><\/strong><\/li>\n<li><strong><a href=\" https:\/\/www.padreydecano.com\/cms\/penas\/mas-penas-que-se-sumaron-a-la-campana-del-abrigo\/\" target=\"_blank\">Colonia<\/a><\/strong><\/li>\n<li><strong><a href=\"https:\/\/www.padreydecano.com\/cms\/penas\/pena-carmelo-realiza-donacion-de-abrigo\/\" target=\"_blank\">Carmelo<\/a><\/strong><\/li>\n<li><strong><a href=\" https:\/\/www.padreydecano.com\/cms\/penas\/penas-que-entregaron-la-campana-del-abrigo\/\" target=\"_blank\">Minas<\/a><\/strong><\/li>\n<li><strong><a href=\"https:\/\/www.padreydecano.com\/cms\/penas\/penas-que-entregaron-la-campana-del-abrigo\/\" target=\"_blank\">Tacueremb\u00f3<\/a><\/strong><\/li>\n<li><strong><a href=\"https:\/\/www.padreydecano.com\/cms\/penas\/penas-que-entregaron-la-campana-del-abrigo\/\" target=\"_blank\">Dolores<\/a><\/strong><\/li>\n<li><strong><a href=\"https:\/\/www.padreydecano.com\/cms\/penas\/pena-de-piriapolis-realizo-donacion-de-abrigo\/\" target=\"_blank\">Piri\u00e1polis<\/a><\/strong><\/li>\n<li><strong><a href=\"https:\/\/www.padreydecano.com\/cms\/penas\/pena-santa-lucia-realizo-donacion-de-abrigo\/\" target=\"_blank\">Santa Luc\u00eda<\/a><\/strong><\/li>\n<li><strong><a href=\"https:\/\/www.padreydecano.com\/cms\/penas\/pena-de-young-realizo-donacion-de-abrigo\/\" target=\"_blank\">Young<\/a><\/strong><\/li>\n<li><strong><a href=\"https:\/\/www.padreydecano.com\/cms\/penas\/pena-bella-union-realizo-donacion-de-abrigos\/\">Bella Uni\u00f3n<\/a><\/strong><\/li>\n<li><strong><a href=\"https:\/\/www.padreydecano.com\/cms\/penas\/pena-de-salto-realizo-donacion-de-abrigos\/\">Salto<\/a><\/strong><\/li>\n<li><strong style=\"text-align: justify;\"><a href=\"https:\/\/www.padreydecano.com\/cms\/penas\/pena-de-florida-realizo-donacion-de-abrigos\">Florida<\/a><\/strong><\/li>\n<li><a href=\"https:\/\/www.padreydecano.com\/cms\/penas\/pena-de-maldonado-realizo-donacion-de-abrigos\/\" target=\"_blank\"><strong>Maldonado<\/strong><\/a><\/li>\n<\/ul>\n<p style=\"text-align: justify;\">Tras finalizar esta campa\u00f1a,\u00a0<strong>Comisi\u00f3n de Pe\u00f1as<\/strong> dio inicio a la recolecci\u00f3n de juguetes como <a href=\"https:\/\/www.padreydecano.com\/cms\/noticias\/dia-del-carbonerito\/\" target=\"_blank\">anunciamos<\/a> la pasada semana.\u00a0Desde <span style=\"color: #ffcc02;\"><strong>Padre y Decano<\/strong><\/span> queremos felicitar a todas las Pe\u00f1as por el excelente trabajo que llevaron a cabo. Como siempre, estamos a las \u00f3rdenes para difundir lo que necesiten.<\/p>\n","protected":false},"excerpt":{"rendered":"<p>La Comisi\u00f3n de Pe\u00f1as del Club Atl\u00e9tico Pe\u00f1arol dio por finalizada la Campa\u00f1a del Abrigo 2012 que hab\u00eda comenzado en marzo. La respuesta de las Pe\u00f1as fue muy positiva ya que se sumaron 17 a esta\u00a0iniciativa. Fue impresionante todo lo que recolect\u00f3 cada Pe\u00f1a en su ciudad. Hubo muchos d\u00edas de intenso trabajo para poder [&hellip;]<\/p>\n","protected":false},"author":10,"featured_media":25004,"comment_status":"open","ping_status":"closed","sticky":false,"template":"","format":"standard","meta":{"footnotes":""},"categories":[42],"tags":[101],"yoast_head":"<!-- This site is optimized with the Yoast SEO plugin v23.2 - https:\/\/yoast.com\/wordpress\/plugins\/seo\/ -->\n<title>Finaliz\u00f3 Campa\u00f1a del Abrigo 2012 de las Pe\u00f1as - Padre y Decano - El Sitio del Pueblo<\/title>\n<meta name=\"robots\" content=\"index, follow, max-snippet:-1, max-image-preview:large, max-video-preview:-1\" \/>\n<link rel=\"canonical\" href=\"https:\/\/www.padreydecano.com\/cms\/penas\/finalizo-campana-del-abrigo-2012-de-la-penas\/\" \/>\n<meta property=\"og:locale\" content=\"es_ES\" \/>\n<meta property=\"og:type\" content=\"article\" \/>\n<meta property=\"og:title\" content=\"Finaliz\u00f3 Campa\u00f1a del Abrigo 2012 de las Pe\u00f1as - Padre y Decano - El Sitio del Pueblo\" \/>\n<meta property=\"og:description\" content=\"La Comisi\u00f3n de Pe\u00f1as del Club Atl\u00e9tico Pe\u00f1arol dio por finalizada la Campa\u00f1a del Abrigo 2012 que hab\u00eda comenzado en marzo. La respuesta de las Pe\u00f1as fue muy positiva ya que se sumaron 17 a esta\u00a0iniciativa. Fue impresionante todo lo que recolect\u00f3 cada Pe\u00f1a en su ciudad. Hubo muchos d\u00edas de intenso trabajo para poder [&hellip;]\" \/>\n<meta property=\"og:url\" content=\"https:\/\/www.padreydecano.com\/cms\/penas\/finalizo-campana-del-abrigo-2012-de-la-penas\/\" \/>\n<meta property=\"og:site_name\" content=\"Padre y Decano - El Sitio del Pueblo\" \/>\n<meta property=\"article:published_time\" content=\"2012-08-02T12:00:54+00:00\" \/>\n<meta property=\"article:modified_time\" content=\"2012-08-23T15:47:47+00:00\" \/>\n<meta property=\"og:image\" content=\"https:\/\/www.padreydecano.com\/cms\/wp-content\/uploads\/2012\/06\/slider-campa\u00f1a-abrigo.jpg\" \/>\n\t<meta property=\"og:image:width\" content=\"640\" \/>\n\t<meta property=\"og:image:height\" content=\"250\" \/>\n\t<meta property=\"og:image:type\" content=\"image\/jpeg\" \/>\n<meta name=\"author\" content=\"fishoapyd\" \/>\n<meta name=\"twitter:card\" content=\"summary_large_image\" \/>\n<meta name=\"twitter:label1\" content=\"Escrito por\" \/>\n\t<meta name=\"twitter:data1\" content=\"fishoapyd\" \/>\n\t<meta name=\"twitter:label2\" content=\"Tiempo de lectura\" \/>\n\t<meta name=\"twitter:data2\" content=\"1 minuto\" \/>\n<script type=\"application\/ld+json\" class=\"yoast-schema-graph\">{\"@context\":\"https:\/\/schema.org\",\"@graph\":[{\"@type\":\"Article\",\"@id\":\"https:\/\/www.padreydecano.com\/cms\/penas\/finalizo-campana-del-abrigo-2012-de-la-penas\/#article\",\"isPartOf\":{\"@id\":\"https:\/\/www.padreydecano.com\/cms\/penas\/finalizo-campana-del-abrigo-2012-de-la-penas\/\"},\"author\":{\"name\":\"fishoapyd\",\"@id\":\"https:\/\/www.padreydecano.com\/cms\/#\/schema\/person\/1376f1ec91158cca7aeef6d2109f929d\"},\"headline\":\"Finaliz\u00f3 Campa\u00f1a del Abrigo 2012 de las Pe\u00f1as\",\"datePublished\":\"2012-08-02T12:00:54+00:00\",\"dateModified\":\"2012-08-23T15:47:47+00:00\",\"mainEntityOfPage\":{\"@id\":\"https:\/\/www.padreydecano.com\/cms\/penas\/finalizo-campana-del-abrigo-2012-de-la-penas\/\"},\"wordCount\":251,\"commentCount\":3,\"publisher\":{\"@id\":\"https:\/\/www.padreydecano.com\/cms\/#organization\"},\"image\":{\"@id\":\"https:\/\/www.padreydecano.com\/cms\/penas\/finalizo-campana-del-abrigo-2012-de-la-penas\/#primaryimage\"},\"thumbnailUrl\":\"https:\/\/www.padreydecano.com\/cms\/wp-content\/uploads\/2012\/06\/slider-campa\u00f1a-abrigo.jpg\",\"keywords\":[\"Movidas Solidarias\"],\"articleSection\":[\"Pe\u00f1as\"],\"inLanguage\":\"es\",\"potentialAction\":[{\"@type\":\"CommentAction\",\"name\":\"Comment\",\"target\":[\"https:\/\/www.padreydecano.com\/cms\/penas\/finalizo-campana-del-abrigo-2012-de-la-penas\/#respond\"]}]},{\"@type\":\"WebPage\",\"@id\":\"https:\/\/www.padreydecano.com\/cms\/penas\/finalizo-campana-del-abrigo-2012-de-la-penas\/\",\"url\":\"https:\/\/www.padreydecano.com\/cms\/penas\/finalizo-campana-del-abrigo-2012-de-la-penas\/\",\"name\":\"Finaliz\u00f3 Campa\u00f1a del Abrigo 2012 de las Pe\u00f1as - Padre y Decano - El Sitio del Pueblo\",\"isPartOf\":{\"@id\":\"https:\/\/www.padreydecano.com\/cms\/#website\"},\"primaryImageOfPage\":{\"@id\":\"https:\/\/www.padreydecano.com\/cms\/penas\/finalizo-campana-del-abrigo-2012-de-la-penas\/#primaryimage\"},\"image\":{\"@id\":\"https:\/\/www.padreydecano.com\/cms\/penas\/finalizo-campana-del-abrigo-2012-de-la-penas\/#primaryimage\"},\"thumbnailUrl\":\"https:\/\/www.padreydecano.com\/cms\/wp-content\/uploads\/2012\/06\/slider-campa\u00f1a-abrigo.jpg\",\"datePublished\":\"2012-08-02T12:00:54+00:00\",\"dateModified\":\"2012-08-23T15:47:47+00:00\",\"breadcrumb\":{\"@id\":\"https:\/\/www.padreydecano.com\/cms\/penas\/finalizo-campana-del-abrigo-2012-de-la-penas\/#breadcrumb\"},\"inLanguage\":\"es\",\"potentialAction\":[{\"@type\":\"ReadAction\",\"target\":[\"https:\/\/www.padreydecano.com\/cms\/penas\/finalizo-campana-del-abrigo-2012-de-la-penas\/\"]}]},{\"@type\":\"ImageObject\",\"inLanguage\":\"es\",\"@id\":\"https:\/\/www.padreydecano.com\/cms\/penas\/finalizo-campana-del-abrigo-2012-de-la-penas\/#primaryimage\",\"url\":\"https:\/\/www.padreydecano.com\/cms\/wp-content\/uploads\/2012\/06\/slider-campa\u00f1a-abrigo.jpg\",\"contentUrl\":\"https:\/\/www.padreydecano.com\/cms\/wp-content\/uploads\/2012\/06\/slider-campa\u00f1a-abrigo.jpg\",\"width\":\"640\",\"height\":\"250\"},{\"@type\":\"BreadcrumbList\",\"@id\":\"https:\/\/www.padreydecano.com\/cms\/penas\/finalizo-campana-del-abrigo-2012-de-la-penas\/#breadcrumb\",\"itemListElement\":[{\"@type\":\"ListItem\",\"position\":1,\"name\":\"Portada\",\"item\":\"https:\/\/www.padreydecano.com\/cms\/\"},{\"@type\":\"ListItem\",\"position\":2,\"name\":\"Finaliz\u00f3 Campa\u00f1a del Abrigo 2012 de las Pe\u00f1as\"}]},{\"@type\":\"WebSite\",\"@id\":\"https:\/\/www.padreydecano.com\/cms\/#website\",\"url\":\"https:\/\/www.padreydecano.com\/cms\/\",\"name\":\"Padre y Decano - El Sitio del Pueblo\",\"description\":\"Club Atl\u00e9tico Pe\u00f1arol\",\"publisher\":{\"@id\":\"https:\/\/www.padreydecano.com\/cms\/#organization\"},\"potentialAction\":[{\"@type\":\"SearchAction\",\"target\":{\"@type\":\"EntryPoint\",\"urlTemplate\":\"https:\/\/www.padreydecano.com\/cms\/?s={search_term_string}\"},\"query-input\":\"required name=search_term_string\"}],\"inLanguage\":\"es\"},{\"@type\":\"Organization\",\"@id\":\"https:\/\/www.padreydecano.com\/cms\/#organization\",\"name\":\"Padre y Decano\",\"url\":\"https:\/\/www.padreydecano.com\/cms\/\",\"logo\":{\"@type\":\"ImageObject\",\"inLanguage\":\"es\",\"@id\":\"https:\/\/www.padreydecano.com\/cms\/#\/schema\/logo\/image\/\",\"url\":\"https:\/\/www.padreydecano.com\/cms\/wp-content\/uploads\/2022\/01\/avatar-square.png\",\"contentUrl\":\"https:\/\/www.padreydecano.com\/cms\/wp-content\/uploads\/2022\/01\/avatar-square.png\",\"width\":1500,\"height\":1500,\"caption\":\"Padre y Decano\"},\"image\":{\"@id\":\"https:\/\/www.padreydecano.com\/cms\/#\/schema\/logo\/image\/\"}},{\"@type\":\"Person\",\"@id\":\"https:\/\/www.padreydecano.com\/cms\/#\/schema\/person\/1376f1ec91158cca7aeef6d2109f929d\",\"name\":\"fishoapyd\",\"image\":{\"@type\":\"ImageObject\",\"inLanguage\":\"es\",\"@id\":\"https:\/\/www.padreydecano.com\/cms\/#\/schema\/person\/image\/\",\"url\":\"https:\/\/www.padreydecano.com\/cms\/wp-content\/uploads\/2022\/12\/avatar-square-1.png\",\"contentUrl\":\"https:\/\/www.padreydecano.com\/cms\/wp-content\/uploads\/2022\/12\/avatar-square-1.png\",\"caption\":\"fishoapyd\"},\"sameAs\":[\"http:\/\/www.padreydecano.com\"]}]}<\/script>\n<!-- \/ Yoast SEO plugin. -->","yoast_head_json":{"title":"Finaliz\u00f3 Campa\u00f1a del Abrigo 2012 de las Pe\u00f1as - Padre y Decano - El Sitio del Pueblo","robots":{"index":"index","follow":"follow","max-snippet":"max-snippet:-1","max-image-preview":"max-image-preview:large","max-video-preview":"max-video-preview:-1"},"canonical":"https:\/\/www.padreydecano.com\/cms\/penas\/finalizo-campana-del-abrigo-2012-de-la-penas\/","og_locale":"es_ES","og_type":"article","og_title":"Finaliz\u00f3 Campa\u00f1a del Abrigo 2012 de las Pe\u00f1as - Padre y Decano - El Sitio del Pueblo","og_description":"La Comisi\u00f3n de Pe\u00f1as del Club Atl\u00e9tico Pe\u00f1arol dio por finalizada la Campa\u00f1a del Abrigo 2012 que hab\u00eda comenzado en marzo. La respuesta de las Pe\u00f1as fue muy positiva ya que se sumaron 17 a esta\u00a0iniciativa. Fue impresionante todo lo que recolect\u00f3 cada Pe\u00f1a en su ciudad. Hubo muchos d\u00edas de intenso trabajo para poder [&hellip;]","og_url":"https:\/\/www.padreydecano.com\/cms\/penas\/finalizo-campana-del-abrigo-2012-de-la-penas\/","og_site_name":"Padre y Decano - El Sitio del Pueblo","article_published_time":"2012-08-02T12:00:54+00:00","article_modified_time":"2012-08-23T15:47:47+00:00","og_image":[{"width":640,"height":250,"url":"https:\/\/www.padreydecano.com\/cms\/wp-content\/uploads\/2012\/06\/slider-campa\u00f1a-abrigo.jpg","type":"image\/jpeg"}],"author":"fishoapyd","twitter_card":"summary_large_image","twitter_misc":{"Escrito por":"fishoapyd","Tiempo de lectura":"1 minuto"},"schema":{"@context":"https:\/\/schema.org","@graph":[{"@type":"Article","@id":"https:\/\/www.padreydecano.com\/cms\/penas\/finalizo-campana-del-abrigo-2012-de-la-penas\/#article","isPartOf":{"@id":"https:\/\/www.padreydecano.com\/cms\/penas\/finalizo-campana-del-abrigo-2012-de-la-penas\/"},"author":{"name":"fishoapyd","@id":"https:\/\/www.padreydecano.com\/cms\/#\/schema\/person\/1376f1ec91158cca7aeef6d2109f929d"},"headline":"Finaliz\u00f3 Campa\u00f1a del Abrigo 2012 de las Pe\u00f1as","datePublished":"2012-08-02T12:00:54+00:00","dateModified":"2012-08-23T15:47:47+00:00","mainEntityOfPage":{"@id":"https:\/\/www.padreydecano.com\/cms\/penas\/finalizo-campana-del-abrigo-2012-de-la-penas\/"},"wordCount":251,"commentCount":3,"publisher":{"@id":"https:\/\/www.padreydecano.com\/cms\/#organization"},"image":{"@id":"https:\/\/www.padreydecano.com\/cms\/penas\/finalizo-campana-del-abrigo-2012-de-la-penas\/#primaryimage"},"thumbnailUrl":"https:\/\/www.padreydecano.com\/cms\/wp-content\/uploads\/2012\/06\/slider-campa\u00f1a-abrigo.jpg","keywords":["Movidas Solidarias"],"articleSection":["Pe\u00f1as"],"inLanguage":"es","potentialAction":[{"@type":"CommentAction","name":"Comment","target":["https:\/\/www.padreydecano.com\/cms\/penas\/finalizo-campana-del-abrigo-2012-de-la-penas\/#respond"]}]},{"@type":"WebPage","@id":"https:\/\/www.padreydecano.com\/cms\/penas\/finalizo-campana-del-abrigo-2012-de-la-penas\/","url":"https:\/\/www.padreydecano.com\/cms\/penas\/finalizo-campana-del-abrigo-2012-de-la-penas\/","name":"Finaliz\u00f3 Campa\u00f1a del Abrigo 2012 de las Pe\u00f1as - Padre y Decano - El Sitio del Pueblo","isPartOf":{"@id":"https:\/\/www.padreydecano.com\/cms\/#website"},"primaryImageOfPage":{"@id":"https:\/\/www.padreydecano.com\/cms\/penas\/finalizo-campana-del-abrigo-2012-de-la-penas\/#primaryimage"},"image":{"@id":"https:\/\/www.padreydecano.com\/cms\/penas\/finalizo-campana-del-abrigo-2012-de-la-penas\/#primaryimage"},"thumbnailUrl":"https:\/\/www.padreydecano.com\/cms\/wp-content\/uploads\/2012\/06\/slider-campa\u00f1a-abrigo.jpg","datePublished":"2012-08-02T12:00:54+00:00","dateModified":"2012-08-23T15:47:47+00:00","breadcrumb":{"@id":"https:\/\/www.padreydecano.com\/cms\/penas\/finalizo-campana-del-abrigo-2012-de-la-penas\/#breadcrumb"},"inLanguage":"es","potentialAction":[{"@type":"ReadAction","target":["https:\/\/www.padreydecano.com\/cms\/penas\/finalizo-campana-del-abrigo-2012-de-la-penas\/"]}]},{"@type":"ImageObject","inLanguage":"es","@id":"https:\/\/www.padreydecano.com\/cms\/penas\/finalizo-campana-del-abrigo-2012-de-la-penas\/#primaryimage","url":"https:\/\/www.padreydecano.com\/cms\/wp-content\/uploads\/2012\/06\/slider-campa\u00f1a-abrigo.jpg","contentUrl":"https:\/\/www.padreydecano.com\/cms\/wp-content\/uploads\/2012\/06\/slider-campa\u00f1a-abrigo.jpg","width":"640","height":"250"},{"@type":"BreadcrumbList","@id":"https:\/\/www.padreydecano.com\/cms\/penas\/finalizo-campana-del-abrigo-2012-de-la-penas\/#breadcrumb","itemListElement":[{"@type":"ListItem","position":1,"name":"Portada","item":"https:\/\/www.padreydecano.com\/cms\/"},{"@type":"ListItem","position":2,"name":"Finaliz\u00f3 Campa\u00f1a del Abrigo 2012 de las Pe\u00f1as"}]},{"@type":"WebSite","@id":"https:\/\/www.padreydecano.com\/cms\/#website","url":"https:\/\/www.padreydecano.com\/cms\/","name":"Padre y Decano - El Sitio del Pueblo","description":"Club Atl\u00e9tico Pe\u00f1arol","publisher":{"@id":"https:\/\/www.padreydecano.com\/cms\/#organization"},"potentialAction":[{"@type":"SearchAction","target":{"@type":"EntryPoint","urlTemplate":"https:\/\/www.padreydecano.com\/cms\/?s={search_term_string}"},"query-input":"required name=search_term_string"}],"inLanguage":"es"},{"@type":"Organization","@id":"https:\/\/www.padreydecano.com\/cms\/#organization","name":"Padre y Decano","url":"https:\/\/www.padreydecano.com\/cms\/","logo":{"@type":"ImageObject","inLanguage":"es","@id":"https:\/\/www.padreydecano.com\/cms\/#\/schema\/logo\/image\/","url":"https:\/\/www.padreydecano.com\/cms\/wp-content\/uploads\/2022\/01\/avatar-square.png","contentUrl":"https:\/\/www.padreydecano.com\/cms\/wp-content\/uploads\/2022\/01\/avatar-square.png","width":1500,"height":1500,"caption":"Padre y Decano"},"image":{"@id":"https:\/\/www.padreydecano.com\/cms\/#\/schema\/logo\/image\/"}},{"@type":"Person","@id":"https:\/\/www.padreydecano.com\/cms\/#\/schema\/person\/1376f1ec91158cca7aeef6d2109f929d","name":"fishoapyd","image":{"@type":"ImageObject","inLanguage":"es","@id":"https:\/\/www.padreydecano.com\/cms\/#\/schema\/person\/image\/","url":"https:\/\/www.padreydecano.com\/cms\/wp-content\/uploads\/2022\/12\/avatar-square-1.png","contentUrl":"https:\/\/www.padreydecano.com\/cms\/wp-content\/uploads\/2022\/12\/avatar-square-1.png","caption":"fishoapyd"},"sameAs":["http:\/\/www.padreydecano.com"]}]}},"_links":{"self":[{"href":"https:\/\/www.padreydecano.com\/cms\/wp-json\/wp\/v2\/posts\/26256"}],"collection":[{"href":"https:\/\/www.padreydecano.com\/cms\/wp-json\/wp\/v2\/posts"}],"about":[{"href":"https:\/\/www.padreydecano.com\/cms\/wp-json\/wp\/v2\/types\/post"}],"author":[{"embeddable":true,"href":"https:\/\/www.padreydecano.com\/cms\/wp-json\/wp\/v2\/users\/10"}],"replies":[{"embeddable":true,"href":"https:\/\/www.padreydecano.com\/cms\/wp-json\/wp\/v2\/comments?post=26256"}],"version-history":[{"count":0,"href":"https:\/\/www.padreydecano.com\/cms\/wp-json\/wp\/v2\/posts\/26256\/revisions"}],"wp:featuredmedia":[{"embeddable":true,"href":"https:\/\/www.padreydecano.com\/cms\/wp-json\/wp\/v2\/media\/25004"}],"wp:attachment":[{"href":"https:\/\/www.padreydecano.com\/cms\/wp-json\/wp\/v2\/media?parent=26256"}],"wp:term":[{"taxonomy":"category","embeddable":true,"href":"https:\/\/www.padreydecano.com\/cms\/wp-json\/wp\/v2\/categories?post=26256"},{"taxonomy":"post_tag","embeddable":true,"href":"https:\/\/www.padreydecano.com\/cms\/wp-json\/wp\/v2\/tags?post=26256"}],"curies":[{"name":"wp","href":"https:\/\/api.w.org\/{rel}","templated":true}]}}