{"id":26243,"date":"2012-07-17T14:40:38","date_gmt":"2012-07-17T17:40:38","guid":{"rendered":"http:\/\/www.padreydecano.com\/cms\/?p=26243"},"modified":"2012-07-17T14:40:38","modified_gmt":"2012-07-17T17:40:38","slug":"pena-santa-lucia-realizo-donacion-de-abrigo","status":"publish","type":"post","link":"https:\/\/www.padreydecano.com\/cms\/penas\/pena-santa-lucia-realizo-donacion-de-abrigo\/","title":{"rendered":"Pe\u00f1a Santa Luc\u00eda realiz\u00f3 donaci\u00f3n de abrigo"},"content":{"rendered":"<p style=\"text-align: justify;\">Otra Pe\u00f1a se suma a esta impresionante Campa\u00f1a de Abrigo. La\u00a0repercusi\u00f3n\u00a0en el interior fue muy grande y ya van 12 Pe\u00f1as que entregaron prendas en su Ciudad. En esta oportunidad, es la Pe\u00f1a de Santa Luc\u00eda la cual se solidariza, denominada <strong>Santa Luc\u00eda Mirasol<\/strong>.<\/p>\n<p><strong>Padre y Decano<\/strong>\u00a0dialog\u00f3 con\u00a0<strong>Antonella Gesto<\/strong>, secretaria\u00a0de la Pe\u00f1a:<\/p>\n<p><span style=\"color: #ffcc02;\"><strong>\u00bfC\u00f3mo surgi\u00f3 la idea de llevar adelante esta campa\u00f1a?<\/strong><\/span><\/p>\n<p style=\"text-align: justify;\"><em>Bueno la idea surgi\u00f3 en forma conjunta con las dem\u00e1s Pe\u00f1as. Cuando Pe\u00f1arol\u00a0empez\u00f3 con todo lo de la Campa\u00f1a del abrigo, decidimos tambi\u00e9n hacer la campa\u00f1a\u00a0ya que en Santa Luc\u00eda hay mucha gente que lo necesita. Nos encant\u00f3 la idea de poder\u00a0ayudar a las personas que m\u00e1s lo necesitan y menos tienen en nuestra ciudad.<\/em><\/p>\n<p><span style=\"color: #ffcc02;\"><strong>\u00bfCu\u00e1ndo juntaron las prendas y c\u00f3mo se difundi\u00f3?<\/strong><\/span><\/p>\n<p style=\"text-align: justify;\"><em>La recolecci\u00f3n se hizo en el mes de Junio. Para difundir la idea hicimos afiches y\u00a0los pegamos en la mayor\u00eda de los comercios de la ciudad. Tambi\u00e9n utilizamos el Facebook de la Pe\u00f1a, fuimos al programa deportivo de televisi\u00f3n de nuestra ciudad y\u00a0contratamos un parlante callejero.<\/em><\/p>\n<p><span style=\"color: #ffcc02;\"><strong>\u00bfD\u00f3nde realizaron la recolecci\u00f3n?<\/strong><\/span><\/p>\n<p style=\"text-align: justify;\"><em>Para juntar las prendas pusimos cajas en 5 comercios de Santa Luc\u00eda identificadas\u00a0con el nombre de la Pe\u00f1a.<\/em><\/p>\n<p><span style=\"color: #ffcc02;\"><strong>\u00bfA qu\u00e9 centro beneficiaron?<\/strong><\/span><\/p>\n<p><em>El centro beneficiado fue la Cruz Roja de Santa Luc\u00eda.<\/em><\/p>\n<p><span style=\"color: #ffcc02;\"><strong>\u00bfC\u00f3mo hicieron la entrega?<\/strong><\/span><\/p>\n<p style=\"text-align: justify;\"><em>La entrega se hizo el mi\u00e9rcoles 11 de julio. Fuimos algunos de los integrantes de\u00a0la Pe\u00f1a al local de la Cruz Roja y entregamos la ropa directamente a las se\u00f1oras\u00a0encargadas de dicha instituci\u00f3n, quedando ellas muy agradecidas. Ya quedamos\u00a0comprometidos para el 8 de agosto ir ayudar a las se\u00f1oras a hacer la selecci\u00f3n,\u00a0planchar y doblar la ropa y luego realizar la repartici\u00f3n.<\/em><\/p>\n<p><span style=\"color: #ffcc02;\"><strong>\u00bfCu\u00e1l es la pr\u00f3xima actividad en mente?<\/strong><\/span><\/p>\n<p style=\"text-align: justify;\"><em>La pr\u00f3xima actividad en mente es la fiesta de oficializaci\u00f3n de la Pe\u00f1a\u00a0que a\u00fan no hemos hecho por motivos de tiempo y dinero, dicha fiesta ser\u00e1 en el mes \u00a0de octubre.\u00a0M\u00e1s adelante nos estaremos comunicando nuevamente con ustedes para hacerles\u00a0llegar formalmente la invitaci\u00f3n.<\/em><\/p>\n<p style=\"text-align: justify;\">Desde\u00a0<span style=\"color: #ffcc02;\"><strong>Padre y Decano<\/strong><\/span>\u00a0felicitamos a la\u00a0<strong>Pe\u00f1a de Santa Luc\u00eda\u00a0<\/strong>por haber dicho presente a la Campa\u00f1a del Abrigo 2012.<\/p>\n\n\t\t<style type=\"text\/css\">\n\t\t\t#gallery-1 {\n\t\t\t\tmargin: auto;\n\t\t\t}\n\t\t\t#gallery-1 .gallery-item {\n\t\t\t\tfloat: left;\n\t\t\t\tmargin-top: 10px;\n\t\t\t\ttext-align: center;\n\t\t\t\twidth: 33%;\n\t\t\t}\n\t\t\t#gallery-1 img {\n\t\t\t\tborder: 2px solid #cfcfcf;\n\t\t\t}\n\t\t\t#gallery-1 .gallery-caption {\n\t\t\t\tmargin-left: 0;\n\t\t\t}\n\t\t\t\/* see gallery_shortcode() in wp-includes\/media.php *\/\n\t\t<\/style>\n\t\t<div id='gallery-1' class='gallery galleryid-26243 gallery-columns-3 gallery-size-thumbnail'><dl class='gallery-item'>\n\t\t\t<dt class='gallery-icon landscape'>\n\t\t\t\t<a href='https:\/\/www.padreydecano.com\/cms\/wp-content\/uploads\/2012\/07\/entrega-ropa-ANTO-004-Copiar.jpg' rel='shadowbox[sbalbum-26243];player=img;'><img loading=\"lazy\" decoding=\"async\" width=\"150\" height=\"150\" src=\"https:\/\/www.padreydecano.com\/cms\/wp-content\/uploads\/2012\/07\/entrega-ropa-ANTO-004-Copiar-150x150.jpg\" class=\"attachment-thumbnail size-thumbnail\" alt=\"\" srcset=\"https:\/\/www.padreydecano.com\/cms\/wp-content\/uploads\/2012\/07\/entrega-ropa-ANTO-004-Copiar-150x150.jpg 150w, https:\/\/www.padreydecano.com\/cms\/wp-content\/uploads\/2012\/07\/entrega-ropa-ANTO-004-Copiar-36x36.jpg 36w, https:\/\/www.padreydecano.com\/cms\/wp-content\/uploads\/2012\/07\/entrega-ropa-ANTO-004-Copiar-115x115.jpg 115w\" sizes=\"(max-width: 150px) 100vw, 150px\" \/><\/a>\n\t\t\t<\/dt><\/dl><dl class='gallery-item'>\n\t\t\t<dt class='gallery-icon landscape'>\n\t\t\t\t<a href='https:\/\/www.padreydecano.com\/cms\/wp-content\/uploads\/2012\/07\/entrega-ropa-ANTO-005-Copiar.jpg' rel='shadowbox[sbalbum-26243];player=img;'><img loading=\"lazy\" decoding=\"async\" width=\"150\" height=\"150\" src=\"https:\/\/www.padreydecano.com\/cms\/wp-content\/uploads\/2012\/07\/entrega-ropa-ANTO-005-Copiar-150x150.jpg\" class=\"attachment-thumbnail size-thumbnail\" alt=\"\" srcset=\"https:\/\/www.padreydecano.com\/cms\/wp-content\/uploads\/2012\/07\/entrega-ropa-ANTO-005-Copiar-150x150.jpg 150w, https:\/\/www.padreydecano.com\/cms\/wp-content\/uploads\/2012\/07\/entrega-ropa-ANTO-005-Copiar-36x36.jpg 36w, https:\/\/www.padreydecano.com\/cms\/wp-content\/uploads\/2012\/07\/entrega-ropa-ANTO-005-Copiar-115x115.jpg 115w\" sizes=\"(max-width: 150px) 100vw, 150px\" \/><\/a>\n\t\t\t<\/dt><\/dl><dl class='gallery-item'>\n\t\t\t<dt class='gallery-icon landscape'>\n\t\t\t\t<a href='https:\/\/www.padreydecano.com\/cms\/wp-content\/uploads\/2012\/07\/entrega-ropa-ANTO-006-Copiar.jpg' rel='shadowbox[sbalbum-26243];player=img;'><img loading=\"lazy\" decoding=\"async\" width=\"150\" height=\"150\" src=\"https:\/\/www.padreydecano.com\/cms\/wp-content\/uploads\/2012\/07\/entrega-ropa-ANTO-006-Copiar-150x150.jpg\" class=\"attachment-thumbnail size-thumbnail\" alt=\"\" srcset=\"https:\/\/www.padreydecano.com\/cms\/wp-content\/uploads\/2012\/07\/entrega-ropa-ANTO-006-Copiar-150x150.jpg 150w, https:\/\/www.padreydecano.com\/cms\/wp-content\/uploads\/2012\/07\/entrega-ropa-ANTO-006-Copiar-36x36.jpg 36w, https:\/\/www.padreydecano.com\/cms\/wp-content\/uploads\/2012\/07\/entrega-ropa-ANTO-006-Copiar-115x115.jpg 115w\" sizes=\"(max-width: 150px) 100vw, 150px\" \/><\/a>\n\t\t\t<\/dt><\/dl><br style=\"clear: both\" \/><dl class='gallery-item'>\n\t\t\t<dt class='gallery-icon landscape'>\n\t\t\t\t<a href='https:\/\/www.padreydecano.com\/cms\/wp-content\/uploads\/2012\/07\/P6170002-Copiar.jpg' rel='shadowbox[sbalbum-26243];player=img;'><img loading=\"lazy\" decoding=\"async\" width=\"150\" height=\"150\" src=\"https:\/\/www.padreydecano.com\/cms\/wp-content\/uploads\/2012\/07\/P6170002-Copiar-150x150.jpg\" class=\"attachment-thumbnail size-thumbnail\" alt=\"\" srcset=\"https:\/\/www.padreydecano.com\/cms\/wp-content\/uploads\/2012\/07\/P6170002-Copiar-150x150.jpg 150w, https:\/\/www.padreydecano.com\/cms\/wp-content\/uploads\/2012\/07\/P6170002-Copiar-36x36.jpg 36w, https:\/\/www.padreydecano.com\/cms\/wp-content\/uploads\/2012\/07\/P6170002-Copiar-115x115.jpg 115w\" sizes=\"(max-width: 150px) 100vw, 150px\" \/><\/a>\n\t\t\t<\/dt><\/dl><dl class='gallery-item'>\n\t\t\t<dt class='gallery-icon landscape'>\n\t\t\t\t<a href='https:\/\/www.padreydecano.com\/cms\/wp-content\/uploads\/2012\/07\/P6170003-Copiar.jpg' rel='shadowbox[sbalbum-26243];player=img;'><img loading=\"lazy\" decoding=\"async\" width=\"150\" height=\"150\" src=\"https:\/\/www.padreydecano.com\/cms\/wp-content\/uploads\/2012\/07\/P6170003-Copiar-150x150.jpg\" class=\"attachment-thumbnail size-thumbnail\" alt=\"\" srcset=\"https:\/\/www.padreydecano.com\/cms\/wp-content\/uploads\/2012\/07\/P6170003-Copiar-150x150.jpg 150w, https:\/\/www.padreydecano.com\/cms\/wp-content\/uploads\/2012\/07\/P6170003-Copiar-36x36.jpg 36w, https:\/\/www.padreydecano.com\/cms\/wp-content\/uploads\/2012\/07\/P6170003-Copiar-115x115.jpg 115w\" sizes=\"(max-width: 150px) 100vw, 150px\" \/><\/a>\n\t\t\t<\/dt><\/dl><dl class='gallery-item'>\n\t\t\t<dt class='gallery-icon landscape'>\n\t\t\t\t<a href='https:\/\/www.padreydecano.com\/cms\/wp-content\/uploads\/2012\/07\/P6170004-Copiar.jpg' rel='shadowbox[sbalbum-26243];player=img;'><img loading=\"lazy\" decoding=\"async\" width=\"150\" height=\"150\" src=\"https:\/\/www.padreydecano.com\/cms\/wp-content\/uploads\/2012\/07\/P6170004-Copiar-150x150.jpg\" class=\"attachment-thumbnail size-thumbnail\" alt=\"\" srcset=\"https:\/\/www.padreydecano.com\/cms\/wp-content\/uploads\/2012\/07\/P6170004-Copiar-150x150.jpg 150w, https:\/\/www.padreydecano.com\/cms\/wp-content\/uploads\/2012\/07\/P6170004-Copiar-36x36.jpg 36w, https:\/\/www.padreydecano.com\/cms\/wp-content\/uploads\/2012\/07\/P6170004-Copiar-115x115.jpg 115w\" sizes=\"(max-width: 150px) 100vw, 150px\" \/><\/a>\n\t\t\t<\/dt><\/dl><br style=\"clear: both\" \/>\n\t\t<\/div>\n\n","protected":false},"excerpt":{"rendered":"<p>Otra Pe\u00f1a se suma a esta impresionante Campa\u00f1a de Abrigo. La\u00a0repercusi\u00f3n\u00a0en el interior fue muy grande y ya van 12 Pe\u00f1as que entregaron prendas en su Ciudad. En esta oportunidad, es la Pe\u00f1a de Santa Luc\u00eda la cual se solidariza, denominada Santa Luc\u00eda Mirasol. Padre y Decano\u00a0dialog\u00f3 con\u00a0Antonella Gesto, secretaria\u00a0de la Pe\u00f1a: \u00bfC\u00f3mo surgi\u00f3 la [&hellip;]<\/p>\n","protected":false},"author":10,"featured_media":26247,"comment_status":"open","ping_status":"closed","sticky":false,"template":"","format":"standard","meta":{"footnotes":""},"categories":[42],"tags":[101],"yoast_head":"<!-- This site is optimized with the Yoast SEO plugin v23.2 - https:\/\/yoast.com\/wordpress\/plugins\/seo\/ -->\n<title>Pe\u00f1a Santa Luc\u00eda realiz\u00f3 donaci\u00f3n de abrigo - Padre y Decano - El Sitio del Pueblo<\/title>\n<meta name=\"robots\" content=\"index, follow, max-snippet:-1, max-image-preview:large, max-video-preview:-1\" \/>\n<link rel=\"canonical\" href=\"https:\/\/www.padreydecano.com\/cms\/penas\/pena-santa-lucia-realizo-donacion-de-abrigo\/\" \/>\n<meta property=\"og:locale\" content=\"es_ES\" \/>\n<meta property=\"og:type\" content=\"article\" \/>\n<meta property=\"og:title\" content=\"Pe\u00f1a Santa Luc\u00eda realiz\u00f3 donaci\u00f3n de abrigo - Padre y Decano - El Sitio del Pueblo\" \/>\n<meta property=\"og:description\" content=\"Otra Pe\u00f1a se suma a esta impresionante Campa\u00f1a de Abrigo. La\u00a0repercusi\u00f3n\u00a0en el interior fue muy grande y ya van 12 Pe\u00f1as que entregaron prendas en su Ciudad. En esta oportunidad, es la Pe\u00f1a de Santa Luc\u00eda la cual se solidariza, denominada Santa Luc\u00eda Mirasol. Padre y Decano\u00a0dialog\u00f3 con\u00a0Antonella Gesto, secretaria\u00a0de la Pe\u00f1a: \u00bfC\u00f3mo surgi\u00f3 la [&hellip;]\" \/>\n<meta property=\"og:url\" content=\"https:\/\/www.padreydecano.com\/cms\/penas\/pena-santa-lucia-realizo-donacion-de-abrigo\/\" \/>\n<meta property=\"og:site_name\" content=\"Padre y Decano - El Sitio del Pueblo\" \/>\n<meta property=\"article:published_time\" content=\"2012-07-17T17:40:38+00:00\" \/>\n<meta property=\"og:image\" content=\"https:\/\/www.padreydecano.com\/cms\/wp-content\/uploads\/2012\/07\/P6170002-Copiar.jpg\" \/>\n\t<meta property=\"og:image:width\" content=\"720\" \/>\n\t<meta property=\"og:image:height\" content=\"540\" \/>\n\t<meta property=\"og:image:type\" content=\"image\/jpeg\" \/>\n<meta name=\"author\" content=\"fishoapyd\" \/>\n<meta name=\"twitter:card\" content=\"summary_large_image\" \/>\n<meta name=\"twitter:label1\" content=\"Escrito por\" \/>\n\t<meta name=\"twitter:data1\" content=\"fishoapyd\" \/>\n\t<meta name=\"twitter:label2\" content=\"Tiempo de lectura\" \/>\n\t<meta name=\"twitter:data2\" content=\"2 minutos\" \/>\n<script type=\"application\/ld+json\" class=\"yoast-schema-graph\">{\"@context\":\"https:\/\/schema.org\",\"@graph\":[{\"@type\":\"Article\",\"@id\":\"https:\/\/www.padreydecano.com\/cms\/penas\/pena-santa-lucia-realizo-donacion-de-abrigo\/#article\",\"isPartOf\":{\"@id\":\"https:\/\/www.padreydecano.com\/cms\/penas\/pena-santa-lucia-realizo-donacion-de-abrigo\/\"},\"author\":{\"name\":\"fishoapyd\",\"@id\":\"https:\/\/www.padreydecano.com\/cms\/#\/schema\/person\/1376f1ec91158cca7aeef6d2109f929d\"},\"headline\":\"Pe\u00f1a Santa Luc\u00eda realiz\u00f3 donaci\u00f3n de abrigo\",\"datePublished\":\"2012-07-17T17:40:38+00:00\",\"dateModified\":\"2012-07-17T17:40:38+00:00\",\"mainEntityOfPage\":{\"@id\":\"https:\/\/www.padreydecano.com\/cms\/penas\/pena-santa-lucia-realizo-donacion-de-abrigo\/\"},\"wordCount\":418,\"commentCount\":1,\"publisher\":{\"@id\":\"https:\/\/www.padreydecano.com\/cms\/#organization\"},\"image\":{\"@id\":\"https:\/\/www.padreydecano.com\/cms\/penas\/pena-santa-lucia-realizo-donacion-de-abrigo\/#primaryimage\"},\"thumbnailUrl\":\"https:\/\/www.padreydecano.com\/cms\/wp-content\/uploads\/2012\/07\/P6170002-Copiar.jpg\",\"keywords\":[\"Movidas Solidarias\"],\"articleSection\":[\"Pe\u00f1as\"],\"inLanguage\":\"es\",\"potentialAction\":[{\"@type\":\"CommentAction\",\"name\":\"Comment\",\"target\":[\"https:\/\/www.padreydecano.com\/cms\/penas\/pena-santa-lucia-realizo-donacion-de-abrigo\/#respond\"]}]},{\"@type\":\"WebPage\",\"@id\":\"https:\/\/www.padreydecano.com\/cms\/penas\/pena-santa-lucia-realizo-donacion-de-abrigo\/\",\"url\":\"https:\/\/www.padreydecano.com\/cms\/penas\/pena-santa-lucia-realizo-donacion-de-abrigo\/\",\"name\":\"Pe\u00f1a Santa Luc\u00eda realiz\u00f3 donaci\u00f3n de abrigo - Padre y Decano - El Sitio del Pueblo\",\"isPartOf\":{\"@id\":\"https:\/\/www.padreydecano.com\/cms\/#website\"},\"primaryImageOfPage\":{\"@id\":\"https:\/\/www.padreydecano.com\/cms\/penas\/pena-santa-lucia-realizo-donacion-de-abrigo\/#primaryimage\"},\"image\":{\"@id\":\"https:\/\/www.padreydecano.com\/cms\/penas\/pena-santa-lucia-realizo-donacion-de-abrigo\/#primaryimage\"},\"thumbnailUrl\":\"https:\/\/www.padreydecano.com\/cms\/wp-content\/uploads\/2012\/07\/P6170002-Copiar.jpg\",\"datePublished\":\"2012-07-17T17:40:38+00:00\",\"dateModified\":\"2012-07-17T17:40:38+00:00\",\"breadcrumb\":{\"@id\":\"https:\/\/www.padreydecano.com\/cms\/penas\/pena-santa-lucia-realizo-donacion-de-abrigo\/#breadcrumb\"},\"inLanguage\":\"es\",\"potentialAction\":[{\"@type\":\"ReadAction\",\"target\":[\"https:\/\/www.padreydecano.com\/cms\/penas\/pena-santa-lucia-realizo-donacion-de-abrigo\/\"]}]},{\"@type\":\"ImageObject\",\"inLanguage\":\"es\",\"@id\":\"https:\/\/www.padreydecano.com\/cms\/penas\/pena-santa-lucia-realizo-donacion-de-abrigo\/#primaryimage\",\"url\":\"https:\/\/www.padreydecano.com\/cms\/wp-content\/uploads\/2012\/07\/P6170002-Copiar.jpg\",\"contentUrl\":\"https:\/\/www.padreydecano.com\/cms\/wp-content\/uploads\/2012\/07\/P6170002-Copiar.jpg\",\"width\":\"720\",\"height\":\"540\"},{\"@type\":\"BreadcrumbList\",\"@id\":\"https:\/\/www.padreydecano.com\/cms\/penas\/pena-santa-lucia-realizo-donacion-de-abrigo\/#breadcrumb\",\"itemListElement\":[{\"@type\":\"ListItem\",\"position\":1,\"name\":\"Portada\",\"item\":\"https:\/\/www.padreydecano.com\/cms\/\"},{\"@type\":\"ListItem\",\"position\":2,\"name\":\"Pe\u00f1a Santa Luc\u00eda realiz\u00f3 donaci\u00f3n de abrigo\"}]},{\"@type\":\"WebSite\",\"@id\":\"https:\/\/www.padreydecano.com\/cms\/#website\",\"url\":\"https:\/\/www.padreydecano.com\/cms\/\",\"name\":\"Padre y Decano - El Sitio del Pueblo\",\"description\":\"Club Atl\u00e9tico Pe\u00f1arol\",\"publisher\":{\"@id\":\"https:\/\/www.padreydecano.com\/cms\/#organization\"},\"potentialAction\":[{\"@type\":\"SearchAction\",\"target\":{\"@type\":\"EntryPoint\",\"urlTemplate\":\"https:\/\/www.padreydecano.com\/cms\/?s={search_term_string}\"},\"query-input\":\"required name=search_term_string\"}],\"inLanguage\":\"es\"},{\"@type\":\"Organization\",\"@id\":\"https:\/\/www.padreydecano.com\/cms\/#organization\",\"name\":\"Padre y Decano\",\"url\":\"https:\/\/www.padreydecano.com\/cms\/\",\"logo\":{\"@type\":\"ImageObject\",\"inLanguage\":\"es\",\"@id\":\"https:\/\/www.padreydecano.com\/cms\/#\/schema\/logo\/image\/\",\"url\":\"https:\/\/www.padreydecano.com\/cms\/wp-content\/uploads\/2022\/01\/avatar-square.png\",\"contentUrl\":\"https:\/\/www.padreydecano.com\/cms\/wp-content\/uploads\/2022\/01\/avatar-square.png\",\"width\":1500,\"height\":1500,\"caption\":\"Padre y Decano\"},\"image\":{\"@id\":\"https:\/\/www.padreydecano.com\/cms\/#\/schema\/logo\/image\/\"}},{\"@type\":\"Person\",\"@id\":\"https:\/\/www.padreydecano.com\/cms\/#\/schema\/person\/1376f1ec91158cca7aeef6d2109f929d\",\"name\":\"fishoapyd\",\"image\":{\"@type\":\"ImageObject\",\"inLanguage\":\"es\",\"@id\":\"https:\/\/www.padreydecano.com\/cms\/#\/schema\/person\/image\/\",\"url\":\"https:\/\/www.padreydecano.com\/cms\/wp-content\/uploads\/2022\/12\/avatar-square-1.png\",\"contentUrl\":\"https:\/\/www.padreydecano.com\/cms\/wp-content\/uploads\/2022\/12\/avatar-square-1.png\",\"caption\":\"fishoapyd\"},\"sameAs\":[\"http:\/\/www.padreydecano.com\"]}]}<\/script>\n<!-- \/ Yoast SEO plugin. -->","yoast_head_json":{"title":"Pe\u00f1a Santa Luc\u00eda realiz\u00f3 donaci\u00f3n de abrigo - Padre y Decano - El Sitio del Pueblo","robots":{"index":"index","follow":"follow","max-snippet":"max-snippet:-1","max-image-preview":"max-image-preview:large","max-video-preview":"max-video-preview:-1"},"canonical":"https:\/\/www.padreydecano.com\/cms\/penas\/pena-santa-lucia-realizo-donacion-de-abrigo\/","og_locale":"es_ES","og_type":"article","og_title":"Pe\u00f1a Santa Luc\u00eda realiz\u00f3 donaci\u00f3n de abrigo - Padre y Decano - El Sitio del Pueblo","og_description":"Otra Pe\u00f1a se suma a esta impresionante Campa\u00f1a de Abrigo. La\u00a0repercusi\u00f3n\u00a0en el interior fue muy grande y ya van 12 Pe\u00f1as que entregaron prendas en su Ciudad. En esta oportunidad, es la Pe\u00f1a de Santa Luc\u00eda la cual se solidariza, denominada Santa Luc\u00eda Mirasol. Padre y Decano\u00a0dialog\u00f3 con\u00a0Antonella Gesto, secretaria\u00a0de la Pe\u00f1a: \u00bfC\u00f3mo surgi\u00f3 la [&hellip;]","og_url":"https:\/\/www.padreydecano.com\/cms\/penas\/pena-santa-lucia-realizo-donacion-de-abrigo\/","og_site_name":"Padre y Decano - El Sitio del Pueblo","article_published_time":"2012-07-17T17:40:38+00:00","og_image":[{"width":720,"height":540,"url":"https:\/\/www.padreydecano.com\/cms\/wp-content\/uploads\/2012\/07\/P6170002-Copiar.jpg","type":"image\/jpeg"}],"author":"fishoapyd","twitter_card":"summary_large_image","twitter_misc":{"Escrito por":"fishoapyd","Tiempo de lectura":"2 minutos"},"schema":{"@context":"https:\/\/schema.org","@graph":[{"@type":"Article","@id":"https:\/\/www.padreydecano.com\/cms\/penas\/pena-santa-lucia-realizo-donacion-de-abrigo\/#article","isPartOf":{"@id":"https:\/\/www.padreydecano.com\/cms\/penas\/pena-santa-lucia-realizo-donacion-de-abrigo\/"},"author":{"name":"fishoapyd","@id":"https:\/\/www.padreydecano.com\/cms\/#\/schema\/person\/1376f1ec91158cca7aeef6d2109f929d"},"headline":"Pe\u00f1a Santa Luc\u00eda realiz\u00f3 donaci\u00f3n de abrigo","datePublished":"2012-07-17T17:40:38+00:00","dateModified":"2012-07-17T17:40:38+00:00","mainEntityOfPage":{"@id":"https:\/\/www.padreydecano.com\/cms\/penas\/pena-santa-lucia-realizo-donacion-de-abrigo\/"},"wordCount":418,"commentCount":1,"publisher":{"@id":"https:\/\/www.padreydecano.com\/cms\/#organization"},"image":{"@id":"https:\/\/www.padreydecano.com\/cms\/penas\/pena-santa-lucia-realizo-donacion-de-abrigo\/#primaryimage"},"thumbnailUrl":"https:\/\/www.padreydecano.com\/cms\/wp-content\/uploads\/2012\/07\/P6170002-Copiar.jpg","keywords":["Movidas Solidarias"],"articleSection":["Pe\u00f1as"],"inLanguage":"es","potentialAction":[{"@type":"CommentAction","name":"Comment","target":["https:\/\/www.padreydecano.com\/cms\/penas\/pena-santa-lucia-realizo-donacion-de-abrigo\/#respond"]}]},{"@type":"WebPage","@id":"https:\/\/www.padreydecano.com\/cms\/penas\/pena-santa-lucia-realizo-donacion-de-abrigo\/","url":"https:\/\/www.padreydecano.com\/cms\/penas\/pena-santa-lucia-realizo-donacion-de-abrigo\/","name":"Pe\u00f1a Santa Luc\u00eda realiz\u00f3 donaci\u00f3n de abrigo - Padre y Decano - El Sitio del Pueblo","isPartOf":{"@id":"https:\/\/www.padreydecano.com\/cms\/#website"},"primaryImageOfPage":{"@id":"https:\/\/www.padreydecano.com\/cms\/penas\/pena-santa-lucia-realizo-donacion-de-abrigo\/#primaryimage"},"image":{"@id":"https:\/\/www.padreydecano.com\/cms\/penas\/pena-santa-lucia-realizo-donacion-de-abrigo\/#primaryimage"},"thumbnailUrl":"https:\/\/www.padreydecano.com\/cms\/wp-content\/uploads\/2012\/07\/P6170002-Copiar.jpg","datePublished":"2012-07-17T17:40:38+00:00","dateModified":"2012-07-17T17:40:38+00:00","breadcrumb":{"@id":"https:\/\/www.padreydecano.com\/cms\/penas\/pena-santa-lucia-realizo-donacion-de-abrigo\/#breadcrumb"},"inLanguage":"es","potentialAction":[{"@type":"ReadAction","target":["https:\/\/www.padreydecano.com\/cms\/penas\/pena-santa-lucia-realizo-donacion-de-abrigo\/"]}]},{"@type":"ImageObject","inLanguage":"es","@id":"https:\/\/www.padreydecano.com\/cms\/penas\/pena-santa-lucia-realizo-donacion-de-abrigo\/#primaryimage","url":"https:\/\/www.padreydecano.com\/cms\/wp-content\/uploads\/2012\/07\/P6170002-Copiar.jpg","contentUrl":"https:\/\/www.padreydecano.com\/cms\/wp-content\/uploads\/2012\/07\/P6170002-Copiar.jpg","width":"720","height":"540"},{"@type":"BreadcrumbList","@id":"https:\/\/www.padreydecano.com\/cms\/penas\/pena-santa-lucia-realizo-donacion-de-abrigo\/#breadcrumb","itemListElement":[{"@type":"ListItem","position":1,"name":"Portada","item":"https:\/\/www.padreydecano.com\/cms\/"},{"@type":"ListItem","position":2,"name":"Pe\u00f1a Santa Luc\u00eda realiz\u00f3 donaci\u00f3n de abrigo"}]},{"@type":"WebSite","@id":"https:\/\/www.padreydecano.com\/cms\/#website","url":"https:\/\/www.padreydecano.com\/cms\/","name":"Padre y Decano - El Sitio del Pueblo","description":"Club Atl\u00e9tico Pe\u00f1arol","publisher":{"@id":"https:\/\/www.padreydecano.com\/cms\/#organization"},"potentialAction":[{"@type":"SearchAction","target":{"@type":"EntryPoint","urlTemplate":"https:\/\/www.padreydecano.com\/cms\/?s={search_term_string}"},"query-input":"required name=search_term_string"}],"inLanguage":"es"},{"@type":"Organization","@id":"https:\/\/www.padreydecano.com\/cms\/#organization","name":"Padre y Decano","url":"https:\/\/www.padreydecano.com\/cms\/","logo":{"@type":"ImageObject","inLanguage":"es","@id":"https:\/\/www.padreydecano.com\/cms\/#\/schema\/logo\/image\/","url":"https:\/\/www.padreydecano.com\/cms\/wp-content\/uploads\/2022\/01\/avatar-square.png","contentUrl":"https:\/\/www.padreydecano.com\/cms\/wp-content\/uploads\/2022\/01\/avatar-square.png","width":1500,"height":1500,"caption":"Padre y Decano"},"image":{"@id":"https:\/\/www.padreydecano.com\/cms\/#\/schema\/logo\/image\/"}},{"@type":"Person","@id":"https:\/\/www.padreydecano.com\/cms\/#\/schema\/person\/1376f1ec91158cca7aeef6d2109f929d","name":"fishoapyd","image":{"@type":"ImageObject","inLanguage":"es","@id":"https:\/\/www.padreydecano.com\/cms\/#\/schema\/person\/image\/","url":"https:\/\/www.padreydecano.com\/cms\/wp-content\/uploads\/2022\/12\/avatar-square-1.png","contentUrl":"https:\/\/www.padreydecano.com\/cms\/wp-content\/uploads\/2022\/12\/avatar-square-1.png","caption":"fishoapyd"},"sameAs":["http:\/\/www.padreydecano.com"]}]}},"_links":{"self":[{"href":"https:\/\/www.padreydecano.com\/cms\/wp-json\/wp\/v2\/posts\/26243"}],"collection":[{"href":"https:\/\/www.padreydecano.com\/cms\/wp-json\/wp\/v2\/posts"}],"about":[{"href":"https:\/\/www.padreydecano.com\/cms\/wp-json\/wp\/v2\/types\/post"}],"author":[{"embeddable":true,"href":"https:\/\/www.padreydecano.com\/cms\/wp-json\/wp\/v2\/users\/10"}],"replies":[{"embeddable":true,"href":"https:\/\/www.padreydecano.com\/cms\/wp-json\/wp\/v2\/comments?post=26243"}],"version-history":[{"count":0,"href":"https:\/\/www.padreydecano.com\/cms\/wp-json\/wp\/v2\/posts\/26243\/revisions"}],"wp:featuredmedia":[{"embeddable":true,"href":"https:\/\/www.padreydecano.com\/cms\/wp-json\/wp\/v2\/media\/26247"}],"wp:attachment":[{"href":"https:\/\/www.padreydecano.com\/cms\/wp-json\/wp\/v2\/media?parent=26243"}],"wp:term":[{"taxonomy":"category","embeddable":true,"href":"https:\/\/www.padreydecano.com\/cms\/wp-json\/wp\/v2\/categories?post=26243"},{"taxonomy":"post_tag","embeddable":true,"href":"https:\/\/www.padreydecano.com\/cms\/wp-json\/wp\/v2\/tags?post=26243"}],"curies":[{"name":"wp","href":"https:\/\/api.w.org\/{rel}","templated":true}]}}