{"id":26231,"date":"2012-07-17T10:47:40","date_gmt":"2012-07-17T13:47:40","guid":{"rendered":"http:\/\/www.padreydecano.com\/cms\/?p=26231"},"modified":"2012-07-17T10:47:40","modified_gmt":"2012-07-17T13:47:40","slug":"pena-de-piriapolis-realizo-donacion-de-abrigo","status":"publish","type":"post","link":"https:\/\/www.padreydecano.com\/cms\/penas\/pena-de-piriapolis-realizo-donacion-de-abrigo\/","title":{"rendered":"Pe\u00f1a de Piri\u00e1polis realiz\u00f3 donaci\u00f3n de abrigo"},"content":{"rendered":"<p style=\"text-align: justify;\"><strong>Una nueva Pe\u00f1a se sum\u00f3 a la Campa\u00f1a del Abrigo 2012, en este caso la de Piri\u00e1polis denominada Fabian \u201cLolo\u201d Estoyanoff. Con esta son once las Pe\u00f1as que han colaborado con la campa\u00f1a.<\/strong><\/p>\n<p style=\"text-align: justify;\"><strong>Padre y Decano<\/strong> dialog\u00f3 con <strong>Mat\u00edas Meneses<\/strong>, presidente de la Pe\u00f1a:<\/p>\n<p style=\"text-align: justify;\"><span style=\"color: #ffcc02;\"><strong>\u00bfC\u00f3mo surgi\u00f3 la idea de llevar adelante esta campa\u00f1a?<\/strong><\/span><\/p>\n<p style=\"text-align: justify;\"><em>La idea surge con mucha fuerza ya que era nuestro primer proyecto luego de nuestra <a href=\"https:\/\/www.padreydecano.com\/cms\/penas\/piriapolis-oficializo-su-pena\/\" target=\"_blank\">oficializaci\u00f3n<\/a>. Nos reunimos con los integrantes y decidimos sumarnos a la campa\u00f1a del abrigo junto a las\u00a0dem\u00e1s\u00a0Pe\u00f1as hermanas.<\/em><\/p>\n<p style=\"text-align: justify;\"><span style=\"color: #ffcc02;\"><strong>\u00bfCu\u00e1ndo juntaron las prendas y como se difundi\u00f3?<\/strong><\/span><\/p>\n<p><em>Empezamos a juntar apenas se\u00a0lanz\u00f3\u00a0la campa\u00f1a, cada uno\u00a0aport\u00f3\u00a0lo suyo y luego fuimos recolectando por todas partes.<\/em><br \/>\n<em> Lo difundimos principalmente por redes sociales,\u00a0peri\u00f3dicos, medios de prensa locales y\u00a0tambi\u00e9n\u00a0llego a la 1010 am en el programa \u00abFutbol a Lo Pe\u00f1arol\u00bb<\/em><\/p>\n<p><span style=\"color: #ffcc02;\"><strong>\u00bfD\u00f3nde realizaron la recolecci\u00f3n?<\/strong><\/span><\/p>\n<p style=\"text-align: justify;\"><em>Los Puntos de entrega fueron el \u00abCambio Monex\u00bb y \u00abMobile Server\u00bb, lugares donde trabajamos con Gabriel Daponte.<\/em><\/p>\n<p><span style=\"color: #ffcc02;\"><strong>\u00bfA qu\u00e9 centro beneficiaron?<\/strong><\/span><\/p>\n<p style=\"text-align: justify;\"><em>En primer lugar clasificamos la ropa de acuerdo a edades y lo m\u00e1s gande decidimos donarlo a la colonia de vacaciones de nuestra ciudad ya que ni\u00f1os muy chicos no concurren, por lo tanto el resto de la ropa fue en beneficio del CAIF.<\/em><\/p>\n<p><span style=\"color: #ffcc02;\"><strong>\u00bfC\u00f3mo hicieron la entrega?<\/strong><\/span><\/p>\n<p style=\"text-align: justify;\"><em>La noche anterior nos juntamos para colocar todo en bolsas, bien ordenadas y ya colocarlas en nuestros\u00a0veh\u00edculos, coordinamos la hora de entrega con un medio de prensa de nuestra ciudad para que se hiciera presente en el lugar y\u00a0as\u00ed\u00a0hacer entrega de todo lo recaudado.<\/em><\/p>\n<p><span style=\"color: #ffcc02;\"><strong>\u00bfCu\u00e1l es la pr\u00f3xima actividad en mente?<\/strong><\/span><\/p>\n<p style=\"text-align: justify;\"><em>Hace unos\u00a0d\u00edas\u00a0tuvimos una\u00a0reuni\u00f3n\u00a0justamente sobre este tema, y se\u00a0decidi\u00f3\u00a0que la\u00a0pr\u00f3xima\u00a0actividad seria la del\u00a0d\u00eda\u00a0del ni\u00f1o,\u00a0as\u00ed\u00a0que estaremos todo este mes y los primeros\u00a0d\u00edas\u00a0de agosto recolectando juguetes nuevos y usados para nuevamente poder sacarles una sonrisa a los ni\u00f1os de nuestra ciudad en su\u00a0d\u00eda\u00a0y demostrar la solidaridad del pueblo carbonero.<\/em><\/p>\n<p style=\"text-align: justify;\">Desde\u00a0<span style=\"color: #ffcc02;\"><strong>Padre y Decano<\/strong><\/span>\u00a0felicitamos a la\u00a0<strong>Pe\u00f1a de Piri\u00e1polis\u00a0<\/strong>por haber participado de la Campa\u00f1a del Abrigo 2012.<\/p>\n\n\t\t<style type=\"text\/css\">\n\t\t\t#gallery-1 {\n\t\t\t\tmargin: auto;\n\t\t\t}\n\t\t\t#gallery-1 .gallery-item {\n\t\t\t\tfloat: left;\n\t\t\t\tmargin-top: 10px;\n\t\t\t\ttext-align: center;\n\t\t\t\twidth: 33%;\n\t\t\t}\n\t\t\t#gallery-1 img {\n\t\t\t\tborder: 2px solid #cfcfcf;\n\t\t\t}\n\t\t\t#gallery-1 .gallery-caption {\n\t\t\t\tmargin-left: 0;\n\t\t\t}\n\t\t\t\/* see gallery_shortcode() in wp-includes\/media.php *\/\n\t\t<\/style>\n\t\t<div id='gallery-1' class='gallery galleryid-26231 gallery-columns-3 gallery-size-thumbnail'><dl class='gallery-item'>\n\t\t\t<dt class='gallery-icon landscape'>\n\t\t\t\t<a href='https:\/\/www.padreydecano.com\/cms\/wp-content\/uploads\/2012\/07\/pe\u00f1a-003-Copiar.jpg' rel='shadowbox[sbalbum-26231];player=img;'><img loading=\"lazy\" decoding=\"async\" width=\"150\" height=\"150\" src=\"https:\/\/www.padreydecano.com\/cms\/wp-content\/uploads\/2012\/07\/pe\u00f1a-003-Copiar-150x150.jpg\" class=\"attachment-thumbnail size-thumbnail\" alt=\"\" srcset=\"https:\/\/www.padreydecano.com\/cms\/wp-content\/uploads\/2012\/07\/pe\u00f1a-003-Copiar-150x150.jpg 150w, https:\/\/www.padreydecano.com\/cms\/wp-content\/uploads\/2012\/07\/pe\u00f1a-003-Copiar-36x36.jpg 36w, https:\/\/www.padreydecano.com\/cms\/wp-content\/uploads\/2012\/07\/pe\u00f1a-003-Copiar-115x115.jpg 115w\" sizes=\"(max-width: 150px) 100vw, 150px\" \/><\/a>\n\t\t\t<\/dt><\/dl><dl class='gallery-item'>\n\t\t\t<dt class='gallery-icon landscape'>\n\t\t\t\t<a href='https:\/\/www.padreydecano.com\/cms\/wp-content\/uploads\/2012\/07\/pe\u00f1a-004-Copiar.jpg' rel='shadowbox[sbalbum-26231];player=img;'><img loading=\"lazy\" decoding=\"async\" width=\"150\" height=\"150\" src=\"https:\/\/www.padreydecano.com\/cms\/wp-content\/uploads\/2012\/07\/pe\u00f1a-004-Copiar-150x150.jpg\" class=\"attachment-thumbnail size-thumbnail\" alt=\"\" srcset=\"https:\/\/www.padreydecano.com\/cms\/wp-content\/uploads\/2012\/07\/pe\u00f1a-004-Copiar-150x150.jpg 150w, https:\/\/www.padreydecano.com\/cms\/wp-content\/uploads\/2012\/07\/pe\u00f1a-004-Copiar-36x36.jpg 36w, https:\/\/www.padreydecano.com\/cms\/wp-content\/uploads\/2012\/07\/pe\u00f1a-004-Copiar-115x115.jpg 115w\" sizes=\"(max-width: 150px) 100vw, 150px\" \/><\/a>\n\t\t\t<\/dt><\/dl><dl class='gallery-item'>\n\t\t\t<dt class='gallery-icon landscape'>\n\t\t\t\t<a href='https:\/\/www.padreydecano.com\/cms\/wp-content\/uploads\/2012\/07\/pe\u00f1a-006-Copiar.jpg' rel='shadowbox[sbalbum-26231];player=img;'><img loading=\"lazy\" decoding=\"async\" width=\"150\" height=\"150\" src=\"https:\/\/www.padreydecano.com\/cms\/wp-content\/uploads\/2012\/07\/pe\u00f1a-006-Copiar-150x150.jpg\" class=\"attachment-thumbnail size-thumbnail\" alt=\"\" srcset=\"https:\/\/www.padreydecano.com\/cms\/wp-content\/uploads\/2012\/07\/pe\u00f1a-006-Copiar-150x150.jpg 150w, https:\/\/www.padreydecano.com\/cms\/wp-content\/uploads\/2012\/07\/pe\u00f1a-006-Copiar-36x36.jpg 36w, https:\/\/www.padreydecano.com\/cms\/wp-content\/uploads\/2012\/07\/pe\u00f1a-006-Copiar-115x115.jpg 115w\" sizes=\"(max-width: 150px) 100vw, 150px\" \/><\/a>\n\t\t\t<\/dt><\/dl><br style=\"clear: both\" \/><dl class='gallery-item'>\n\t\t\t<dt class='gallery-icon landscape'>\n\t\t\t\t<a href='https:\/\/www.padreydecano.com\/cms\/wp-content\/uploads\/2012\/07\/pe\u00f1a-007-Copiar.jpg' rel='shadowbox[sbalbum-26231];player=img;'><img loading=\"lazy\" decoding=\"async\" width=\"150\" height=\"150\" src=\"https:\/\/www.padreydecano.com\/cms\/wp-content\/uploads\/2012\/07\/pe\u00f1a-007-Copiar-150x150.jpg\" class=\"attachment-thumbnail size-thumbnail\" alt=\"\" srcset=\"https:\/\/www.padreydecano.com\/cms\/wp-content\/uploads\/2012\/07\/pe\u00f1a-007-Copiar-150x150.jpg 150w, https:\/\/www.padreydecano.com\/cms\/wp-content\/uploads\/2012\/07\/pe\u00f1a-007-Copiar-36x36.jpg 36w, https:\/\/www.padreydecano.com\/cms\/wp-content\/uploads\/2012\/07\/pe\u00f1a-007-Copiar-115x115.jpg 115w\" sizes=\"(max-width: 150px) 100vw, 150px\" \/><\/a>\n\t\t\t<\/dt><\/dl><dl class='gallery-item'>\n\t\t\t<dt class='gallery-icon landscape'>\n\t\t\t\t<a href='https:\/\/www.padreydecano.com\/cms\/wp-content\/uploads\/2012\/07\/pe\u00f1a-008-Copiar.jpg' rel='shadowbox[sbalbum-26231];player=img;'><img loading=\"lazy\" decoding=\"async\" width=\"150\" height=\"150\" src=\"https:\/\/www.padreydecano.com\/cms\/wp-content\/uploads\/2012\/07\/pe\u00f1a-008-Copiar-150x150.jpg\" class=\"attachment-thumbnail size-thumbnail\" alt=\"\" srcset=\"https:\/\/www.padreydecano.com\/cms\/wp-content\/uploads\/2012\/07\/pe\u00f1a-008-Copiar-150x150.jpg 150w, https:\/\/www.padreydecano.com\/cms\/wp-content\/uploads\/2012\/07\/pe\u00f1a-008-Copiar-36x36.jpg 36w, https:\/\/www.padreydecano.com\/cms\/wp-content\/uploads\/2012\/07\/pe\u00f1a-008-Copiar-115x115.jpg 115w\" sizes=\"(max-width: 150px) 100vw, 150px\" \/><\/a>\n\t\t\t<\/dt><\/dl><dl class='gallery-item'>\n\t\t\t<dt class='gallery-icon landscape'>\n\t\t\t\t<a href='https:\/\/www.padreydecano.com\/cms\/wp-content\/uploads\/2012\/07\/pe\u00f1a-009-Copiar.jpg' rel='shadowbox[sbalbum-26231];player=img;'><img loading=\"lazy\" decoding=\"async\" width=\"150\" height=\"150\" src=\"https:\/\/www.padreydecano.com\/cms\/wp-content\/uploads\/2012\/07\/pe\u00f1a-009-Copiar-150x150.jpg\" class=\"attachment-thumbnail size-thumbnail\" alt=\"\" srcset=\"https:\/\/www.padreydecano.com\/cms\/wp-content\/uploads\/2012\/07\/pe\u00f1a-009-Copiar-150x150.jpg 150w, https:\/\/www.padreydecano.com\/cms\/wp-content\/uploads\/2012\/07\/pe\u00f1a-009-Copiar-36x36.jpg 36w, https:\/\/www.padreydecano.com\/cms\/wp-content\/uploads\/2012\/07\/pe\u00f1a-009-Copiar-115x115.jpg 115w\" sizes=\"(max-width: 150px) 100vw, 150px\" \/><\/a>\n\t\t\t<\/dt><\/dl><br style=\"clear: both\" \/>\n\t\t<\/div>\n\n","protected":false},"excerpt":{"rendered":"<p>Una nueva Pe\u00f1a se sum\u00f3 a la Campa\u00f1a del Abrigo 2012, en este caso la de Piri\u00e1polis denominada Fabian \u201cLolo\u201d Estoyanoff. Con esta son once las Pe\u00f1as que han colaborado con la campa\u00f1a. Padre y Decano dialog\u00f3 con Mat\u00edas Meneses, presidente de la Pe\u00f1a: \u00bfC\u00f3mo surgi\u00f3 la idea de llevar adelante esta campa\u00f1a? La idea [&hellip;]<\/p>\n","protected":false},"author":10,"featured_media":26240,"comment_status":"open","ping_status":"closed","sticky":false,"template":"","format":"standard","meta":{"footnotes":""},"categories":[42],"tags":[101],"yoast_head":"<!-- This site is optimized with the Yoast SEO plugin v23.2 - https:\/\/yoast.com\/wordpress\/plugins\/seo\/ -->\n<title>Pe\u00f1a de Piri\u00e1polis realiz\u00f3 donaci\u00f3n de abrigo - Padre y Decano - El Sitio del Pueblo<\/title>\n<meta name=\"robots\" content=\"index, follow, max-snippet:-1, max-image-preview:large, max-video-preview:-1\" \/>\n<link rel=\"canonical\" href=\"https:\/\/www.padreydecano.com\/cms\/penas\/pena-de-piriapolis-realizo-donacion-de-abrigo\/\" \/>\n<meta property=\"og:locale\" content=\"es_ES\" \/>\n<meta property=\"og:type\" content=\"article\" \/>\n<meta property=\"og:title\" content=\"Pe\u00f1a de Piri\u00e1polis realiz\u00f3 donaci\u00f3n de abrigo - Padre y Decano - El Sitio del Pueblo\" \/>\n<meta property=\"og:description\" content=\"Una nueva Pe\u00f1a se sum\u00f3 a la Campa\u00f1a del Abrigo 2012, en este caso la de Piri\u00e1polis denominada Fabian \u201cLolo\u201d Estoyanoff. Con esta son once las Pe\u00f1as que han colaborado con la campa\u00f1a. Padre y Decano dialog\u00f3 con Mat\u00edas Meneses, presidente de la Pe\u00f1a: \u00bfC\u00f3mo surgi\u00f3 la idea de llevar adelante esta campa\u00f1a? La idea [&hellip;]\" \/>\n<meta property=\"og:url\" content=\"https:\/\/www.padreydecano.com\/cms\/penas\/pena-de-piriapolis-realizo-donacion-de-abrigo\/\" \/>\n<meta property=\"og:site_name\" content=\"Padre y Decano - El Sitio del Pueblo\" \/>\n<meta property=\"article:published_time\" content=\"2012-07-17T13:47:40+00:00\" \/>\n<meta property=\"og:image\" content=\"https:\/\/www.padreydecano.com\/cms\/wp-content\/uploads\/2012\/07\/pe\u00f1a-009-Copiar.jpg\" \/>\n\t<meta property=\"og:image:width\" content=\"720\" \/>\n\t<meta property=\"og:image:height\" content=\"540\" \/>\n\t<meta property=\"og:image:type\" content=\"image\/jpeg\" \/>\n<meta name=\"author\" content=\"fishoapyd\" \/>\n<meta name=\"twitter:card\" content=\"summary_large_image\" \/>\n<meta name=\"twitter:label1\" content=\"Escrito por\" \/>\n\t<meta name=\"twitter:data1\" content=\"fishoapyd\" \/>\n\t<meta name=\"twitter:label2\" content=\"Tiempo de lectura\" \/>\n\t<meta name=\"twitter:data2\" content=\"2 minutos\" \/>\n<script type=\"application\/ld+json\" class=\"yoast-schema-graph\">{\"@context\":\"https:\/\/schema.org\",\"@graph\":[{\"@type\":\"Article\",\"@id\":\"https:\/\/www.padreydecano.com\/cms\/penas\/pena-de-piriapolis-realizo-donacion-de-abrigo\/#article\",\"isPartOf\":{\"@id\":\"https:\/\/www.padreydecano.com\/cms\/penas\/pena-de-piriapolis-realizo-donacion-de-abrigo\/\"},\"author\":{\"name\":\"fishoapyd\",\"@id\":\"https:\/\/www.padreydecano.com\/cms\/#\/schema\/person\/1376f1ec91158cca7aeef6d2109f929d\"},\"headline\":\"Pe\u00f1a de Piri\u00e1polis realiz\u00f3 donaci\u00f3n de abrigo\",\"datePublished\":\"2012-07-17T13:47:40+00:00\",\"dateModified\":\"2012-07-17T13:47:40+00:00\",\"mainEntityOfPage\":{\"@id\":\"https:\/\/www.padreydecano.com\/cms\/penas\/pena-de-piriapolis-realizo-donacion-de-abrigo\/\"},\"wordCount\":396,\"commentCount\":1,\"publisher\":{\"@id\":\"https:\/\/www.padreydecano.com\/cms\/#organization\"},\"image\":{\"@id\":\"https:\/\/www.padreydecano.com\/cms\/penas\/pena-de-piriapolis-realizo-donacion-de-abrigo\/#primaryimage\"},\"thumbnailUrl\":\"https:\/\/www.padreydecano.com\/cms\/wp-content\/uploads\/2012\/07\/pe\u00f1a-009-Copiar.jpg\",\"keywords\":[\"Movidas Solidarias\"],\"articleSection\":[\"Pe\u00f1as\"],\"inLanguage\":\"es\",\"potentialAction\":[{\"@type\":\"CommentAction\",\"name\":\"Comment\",\"target\":[\"https:\/\/www.padreydecano.com\/cms\/penas\/pena-de-piriapolis-realizo-donacion-de-abrigo\/#respond\"]}]},{\"@type\":\"WebPage\",\"@id\":\"https:\/\/www.padreydecano.com\/cms\/penas\/pena-de-piriapolis-realizo-donacion-de-abrigo\/\",\"url\":\"https:\/\/www.padreydecano.com\/cms\/penas\/pena-de-piriapolis-realizo-donacion-de-abrigo\/\",\"name\":\"Pe\u00f1a de Piri\u00e1polis realiz\u00f3 donaci\u00f3n de abrigo - Padre y Decano - El Sitio del Pueblo\",\"isPartOf\":{\"@id\":\"https:\/\/www.padreydecano.com\/cms\/#website\"},\"primaryImageOfPage\":{\"@id\":\"https:\/\/www.padreydecano.com\/cms\/penas\/pena-de-piriapolis-realizo-donacion-de-abrigo\/#primaryimage\"},\"image\":{\"@id\":\"https:\/\/www.padreydecano.com\/cms\/penas\/pena-de-piriapolis-realizo-donacion-de-abrigo\/#primaryimage\"},\"thumbnailUrl\":\"https:\/\/www.padreydecano.com\/cms\/wp-content\/uploads\/2012\/07\/pe\u00f1a-009-Copiar.jpg\",\"datePublished\":\"2012-07-17T13:47:40+00:00\",\"dateModified\":\"2012-07-17T13:47:40+00:00\",\"breadcrumb\":{\"@id\":\"https:\/\/www.padreydecano.com\/cms\/penas\/pena-de-piriapolis-realizo-donacion-de-abrigo\/#breadcrumb\"},\"inLanguage\":\"es\",\"potentialAction\":[{\"@type\":\"ReadAction\",\"target\":[\"https:\/\/www.padreydecano.com\/cms\/penas\/pena-de-piriapolis-realizo-donacion-de-abrigo\/\"]}]},{\"@type\":\"ImageObject\",\"inLanguage\":\"es\",\"@id\":\"https:\/\/www.padreydecano.com\/cms\/penas\/pena-de-piriapolis-realizo-donacion-de-abrigo\/#primaryimage\",\"url\":\"https:\/\/www.padreydecano.com\/cms\/wp-content\/uploads\/2012\/07\/pe\u00f1a-009-Copiar.jpg\",\"contentUrl\":\"https:\/\/www.padreydecano.com\/cms\/wp-content\/uploads\/2012\/07\/pe\u00f1a-009-Copiar.jpg\",\"width\":\"720\",\"height\":\"540\"},{\"@type\":\"BreadcrumbList\",\"@id\":\"https:\/\/www.padreydecano.com\/cms\/penas\/pena-de-piriapolis-realizo-donacion-de-abrigo\/#breadcrumb\",\"itemListElement\":[{\"@type\":\"ListItem\",\"position\":1,\"name\":\"Portada\",\"item\":\"https:\/\/www.padreydecano.com\/cms\/\"},{\"@type\":\"ListItem\",\"position\":2,\"name\":\"Pe\u00f1a de Piri\u00e1polis realiz\u00f3 donaci\u00f3n de abrigo\"}]},{\"@type\":\"WebSite\",\"@id\":\"https:\/\/www.padreydecano.com\/cms\/#website\",\"url\":\"https:\/\/www.padreydecano.com\/cms\/\",\"name\":\"Padre y Decano - El Sitio del Pueblo\",\"description\":\"Club Atl\u00e9tico Pe\u00f1arol\",\"publisher\":{\"@id\":\"https:\/\/www.padreydecano.com\/cms\/#organization\"},\"potentialAction\":[{\"@type\":\"SearchAction\",\"target\":{\"@type\":\"EntryPoint\",\"urlTemplate\":\"https:\/\/www.padreydecano.com\/cms\/?s={search_term_string}\"},\"query-input\":\"required name=search_term_string\"}],\"inLanguage\":\"es\"},{\"@type\":\"Organization\",\"@id\":\"https:\/\/www.padreydecano.com\/cms\/#organization\",\"name\":\"Padre y Decano\",\"url\":\"https:\/\/www.padreydecano.com\/cms\/\",\"logo\":{\"@type\":\"ImageObject\",\"inLanguage\":\"es\",\"@id\":\"https:\/\/www.padreydecano.com\/cms\/#\/schema\/logo\/image\/\",\"url\":\"https:\/\/www.padreydecano.com\/cms\/wp-content\/uploads\/2022\/01\/avatar-square.png\",\"contentUrl\":\"https:\/\/www.padreydecano.com\/cms\/wp-content\/uploads\/2022\/01\/avatar-square.png\",\"width\":1500,\"height\":1500,\"caption\":\"Padre y Decano\"},\"image\":{\"@id\":\"https:\/\/www.padreydecano.com\/cms\/#\/schema\/logo\/image\/\"}},{\"@type\":\"Person\",\"@id\":\"https:\/\/www.padreydecano.com\/cms\/#\/schema\/person\/1376f1ec91158cca7aeef6d2109f929d\",\"name\":\"fishoapyd\",\"image\":{\"@type\":\"ImageObject\",\"inLanguage\":\"es\",\"@id\":\"https:\/\/www.padreydecano.com\/cms\/#\/schema\/person\/image\/\",\"url\":\"https:\/\/www.padreydecano.com\/cms\/wp-content\/uploads\/2022\/12\/avatar-square-1.png\",\"contentUrl\":\"https:\/\/www.padreydecano.com\/cms\/wp-content\/uploads\/2022\/12\/avatar-square-1.png\",\"caption\":\"fishoapyd\"},\"sameAs\":[\"http:\/\/www.padreydecano.com\"]}]}<\/script>\n<!-- \/ Yoast SEO plugin. -->","yoast_head_json":{"title":"Pe\u00f1a de Piri\u00e1polis realiz\u00f3 donaci\u00f3n de abrigo - Padre y Decano - El Sitio del Pueblo","robots":{"index":"index","follow":"follow","max-snippet":"max-snippet:-1","max-image-preview":"max-image-preview:large","max-video-preview":"max-video-preview:-1"},"canonical":"https:\/\/www.padreydecano.com\/cms\/penas\/pena-de-piriapolis-realizo-donacion-de-abrigo\/","og_locale":"es_ES","og_type":"article","og_title":"Pe\u00f1a de Piri\u00e1polis realiz\u00f3 donaci\u00f3n de abrigo - Padre y Decano - El Sitio del Pueblo","og_description":"Una nueva Pe\u00f1a se sum\u00f3 a la Campa\u00f1a del Abrigo 2012, en este caso la de Piri\u00e1polis denominada Fabian \u201cLolo\u201d Estoyanoff. Con esta son once las Pe\u00f1as que han colaborado con la campa\u00f1a. Padre y Decano dialog\u00f3 con Mat\u00edas Meneses, presidente de la Pe\u00f1a: \u00bfC\u00f3mo surgi\u00f3 la idea de llevar adelante esta campa\u00f1a? La idea [&hellip;]","og_url":"https:\/\/www.padreydecano.com\/cms\/penas\/pena-de-piriapolis-realizo-donacion-de-abrigo\/","og_site_name":"Padre y Decano - El Sitio del Pueblo","article_published_time":"2012-07-17T13:47:40+00:00","og_image":[{"width":720,"height":540,"url":"https:\/\/www.padreydecano.com\/cms\/wp-content\/uploads\/2012\/07\/pe\u00f1a-009-Copiar.jpg","type":"image\/jpeg"}],"author":"fishoapyd","twitter_card":"summary_large_image","twitter_misc":{"Escrito por":"fishoapyd","Tiempo de lectura":"2 minutos"},"schema":{"@context":"https:\/\/schema.org","@graph":[{"@type":"Article","@id":"https:\/\/www.padreydecano.com\/cms\/penas\/pena-de-piriapolis-realizo-donacion-de-abrigo\/#article","isPartOf":{"@id":"https:\/\/www.padreydecano.com\/cms\/penas\/pena-de-piriapolis-realizo-donacion-de-abrigo\/"},"author":{"name":"fishoapyd","@id":"https:\/\/www.padreydecano.com\/cms\/#\/schema\/person\/1376f1ec91158cca7aeef6d2109f929d"},"headline":"Pe\u00f1a de Piri\u00e1polis realiz\u00f3 donaci\u00f3n de abrigo","datePublished":"2012-07-17T13:47:40+00:00","dateModified":"2012-07-17T13:47:40+00:00","mainEntityOfPage":{"@id":"https:\/\/www.padreydecano.com\/cms\/penas\/pena-de-piriapolis-realizo-donacion-de-abrigo\/"},"wordCount":396,"commentCount":1,"publisher":{"@id":"https:\/\/www.padreydecano.com\/cms\/#organization"},"image":{"@id":"https:\/\/www.padreydecano.com\/cms\/penas\/pena-de-piriapolis-realizo-donacion-de-abrigo\/#primaryimage"},"thumbnailUrl":"https:\/\/www.padreydecano.com\/cms\/wp-content\/uploads\/2012\/07\/pe\u00f1a-009-Copiar.jpg","keywords":["Movidas Solidarias"],"articleSection":["Pe\u00f1as"],"inLanguage":"es","potentialAction":[{"@type":"CommentAction","name":"Comment","target":["https:\/\/www.padreydecano.com\/cms\/penas\/pena-de-piriapolis-realizo-donacion-de-abrigo\/#respond"]}]},{"@type":"WebPage","@id":"https:\/\/www.padreydecano.com\/cms\/penas\/pena-de-piriapolis-realizo-donacion-de-abrigo\/","url":"https:\/\/www.padreydecano.com\/cms\/penas\/pena-de-piriapolis-realizo-donacion-de-abrigo\/","name":"Pe\u00f1a de Piri\u00e1polis realiz\u00f3 donaci\u00f3n de abrigo - Padre y Decano - El Sitio del Pueblo","isPartOf":{"@id":"https:\/\/www.padreydecano.com\/cms\/#website"},"primaryImageOfPage":{"@id":"https:\/\/www.padreydecano.com\/cms\/penas\/pena-de-piriapolis-realizo-donacion-de-abrigo\/#primaryimage"},"image":{"@id":"https:\/\/www.padreydecano.com\/cms\/penas\/pena-de-piriapolis-realizo-donacion-de-abrigo\/#primaryimage"},"thumbnailUrl":"https:\/\/www.padreydecano.com\/cms\/wp-content\/uploads\/2012\/07\/pe\u00f1a-009-Copiar.jpg","datePublished":"2012-07-17T13:47:40+00:00","dateModified":"2012-07-17T13:47:40+00:00","breadcrumb":{"@id":"https:\/\/www.padreydecano.com\/cms\/penas\/pena-de-piriapolis-realizo-donacion-de-abrigo\/#breadcrumb"},"inLanguage":"es","potentialAction":[{"@type":"ReadAction","target":["https:\/\/www.padreydecano.com\/cms\/penas\/pena-de-piriapolis-realizo-donacion-de-abrigo\/"]}]},{"@type":"ImageObject","inLanguage":"es","@id":"https:\/\/www.padreydecano.com\/cms\/penas\/pena-de-piriapolis-realizo-donacion-de-abrigo\/#primaryimage","url":"https:\/\/www.padreydecano.com\/cms\/wp-content\/uploads\/2012\/07\/pe\u00f1a-009-Copiar.jpg","contentUrl":"https:\/\/www.padreydecano.com\/cms\/wp-content\/uploads\/2012\/07\/pe\u00f1a-009-Copiar.jpg","width":"720","height":"540"},{"@type":"BreadcrumbList","@id":"https:\/\/www.padreydecano.com\/cms\/penas\/pena-de-piriapolis-realizo-donacion-de-abrigo\/#breadcrumb","itemListElement":[{"@type":"ListItem","position":1,"name":"Portada","item":"https:\/\/www.padreydecano.com\/cms\/"},{"@type":"ListItem","position":2,"name":"Pe\u00f1a de Piri\u00e1polis realiz\u00f3 donaci\u00f3n de abrigo"}]},{"@type":"WebSite","@id":"https:\/\/www.padreydecano.com\/cms\/#website","url":"https:\/\/www.padreydecano.com\/cms\/","name":"Padre y Decano - El Sitio del Pueblo","description":"Club Atl\u00e9tico Pe\u00f1arol","publisher":{"@id":"https:\/\/www.padreydecano.com\/cms\/#organization"},"potentialAction":[{"@type":"SearchAction","target":{"@type":"EntryPoint","urlTemplate":"https:\/\/www.padreydecano.com\/cms\/?s={search_term_string}"},"query-input":"required name=search_term_string"}],"inLanguage":"es"},{"@type":"Organization","@id":"https:\/\/www.padreydecano.com\/cms\/#organization","name":"Padre y Decano","url":"https:\/\/www.padreydecano.com\/cms\/","logo":{"@type":"ImageObject","inLanguage":"es","@id":"https:\/\/www.padreydecano.com\/cms\/#\/schema\/logo\/image\/","url":"https:\/\/www.padreydecano.com\/cms\/wp-content\/uploads\/2022\/01\/avatar-square.png","contentUrl":"https:\/\/www.padreydecano.com\/cms\/wp-content\/uploads\/2022\/01\/avatar-square.png","width":1500,"height":1500,"caption":"Padre y Decano"},"image":{"@id":"https:\/\/www.padreydecano.com\/cms\/#\/schema\/logo\/image\/"}},{"@type":"Person","@id":"https:\/\/www.padreydecano.com\/cms\/#\/schema\/person\/1376f1ec91158cca7aeef6d2109f929d","name":"fishoapyd","image":{"@type":"ImageObject","inLanguage":"es","@id":"https:\/\/www.padreydecano.com\/cms\/#\/schema\/person\/image\/","url":"https:\/\/www.padreydecano.com\/cms\/wp-content\/uploads\/2022\/12\/avatar-square-1.png","contentUrl":"https:\/\/www.padreydecano.com\/cms\/wp-content\/uploads\/2022\/12\/avatar-square-1.png","caption":"fishoapyd"},"sameAs":["http:\/\/www.padreydecano.com"]}]}},"_links":{"self":[{"href":"https:\/\/www.padreydecano.com\/cms\/wp-json\/wp\/v2\/posts\/26231"}],"collection":[{"href":"https:\/\/www.padreydecano.com\/cms\/wp-json\/wp\/v2\/posts"}],"about":[{"href":"https:\/\/www.padreydecano.com\/cms\/wp-json\/wp\/v2\/types\/post"}],"author":[{"embeddable":true,"href":"https:\/\/www.padreydecano.com\/cms\/wp-json\/wp\/v2\/users\/10"}],"replies":[{"embeddable":true,"href":"https:\/\/www.padreydecano.com\/cms\/wp-json\/wp\/v2\/comments?post=26231"}],"version-history":[{"count":0,"href":"https:\/\/www.padreydecano.com\/cms\/wp-json\/wp\/v2\/posts\/26231\/revisions"}],"wp:featuredmedia":[{"embeddable":true,"href":"https:\/\/www.padreydecano.com\/cms\/wp-json\/wp\/v2\/media\/26240"}],"wp:attachment":[{"href":"https:\/\/www.padreydecano.com\/cms\/wp-json\/wp\/v2\/media?parent=26231"}],"wp:term":[{"taxonomy":"category","embeddable":true,"href":"https:\/\/www.padreydecano.com\/cms\/wp-json\/wp\/v2\/categories?post=26231"},{"taxonomy":"post_tag","embeddable":true,"href":"https:\/\/www.padreydecano.com\/cms\/wp-json\/wp\/v2\/tags?post=26231"}],"curies":[{"name":"wp","href":"https:\/\/api.w.org\/{rel}","templated":true}]}}