{"id":26176,"date":"2012-07-16T20:39:24","date_gmt":"2012-07-16T23:39:24","guid":{"rendered":"http:\/\/www.padreydecano.com\/cms\/?p=26176"},"modified":"2012-07-18T00:29:23","modified_gmt":"2012-07-18T03:29:23","slug":"el-dilema-del-arco","status":"publish","type":"post","link":"https:\/\/www.padreydecano.com\/cms\/columnas\/el-dilema-del-arco\/","title":{"rendered":"El dilema del arco"},"content":{"rendered":"<p style=\"text-align: justify;\"><img loading=\"lazy\" decoding=\"async\" class=\"wp-image-26185 alignright\" src=\"https:\/\/www.padreydecano.com\/cms\/wp-content\/uploads\/2012\/07\/GOLEROS-300x200.jpg\" alt=\"\" width=\"227\" height=\"151\" srcset=\"https:\/\/www.padreydecano.com\/cms\/wp-content\/uploads\/2012\/07\/GOLEROS-300x200.jpg 300w, https:\/\/www.padreydecano.com\/cms\/wp-content\/uploads\/2012\/07\/GOLEROS.jpg 900w\" sizes=\"(max-width: 227px) 100vw, 227px\" \/>En los \u00faltimos a\u00f1os, el gran d\u00e9ficit que ha tenido <strong>Pe\u00f1arol<\/strong> como equipo, ha sido encontrar un golero confiable que sea la base de una columna vertebral ganadora, fundamental para lograr los objetivos fijados, que en el club m\u00e1s grande Uruguay siempre son los mismos: <strong>salir campe\u00f3n.<\/strong><\/p>\n<p style=\"text-align: justify;\">Las grandes conquistas de la historia se lograron con goleros en buen nivel; <strong><span style=\"color: #ffcc00;\"><a href=\"https:\/\/www.padreydecano.com\/cms\/idolos\/luis-maidana\/\" target=\"_blank\"><span style=\"color: #ffcc00;\">Luis Maidana<\/span><\/a><\/span><\/strong> (<span style=\"color: #ffcc00;\">Libertadores<\/span> <span style=\"color: #ffcc00;\"><a href=\"https:\/\/www.padreydecano.com\/cms\/campanas-historicas\/copa-libertadores-1960\/\" target=\"_blank\"><span style=\"color: #ffcc00;\">1960<\/span><\/a><\/span> y <span style=\"color: #ffcc00;\"><a href=\"https:\/\/www.padreydecano.com\/cms\/campanas-historicas\/copa-libertadores-1961\/\" target=\"_blank\"><span style=\"color: #ffcc00;\">1961<\/span><\/a><\/span>; <span style=\"color: #ffcc00;\"><a title=\"Copa Intercontinental 1961\" href=\"https:\/\/www.padreydecano.com\/cms\/campanas-historicas\/copa-intercontinental-1961\/\" target=\"_blank\"><span style=\"color: #ffcc00;\">Intercontinental <span style=\"color: #ffcc00;\"><span style=\"color: #ffcc00;\">1961<\/span><\/span><\/span><\/a><\/span>), <span style=\"color: #ffcc00;\"><strong><a title=\"Ladislao Mazurkiewicz\" href=\"https:\/\/www.padreydecano.com\/cms\/idolos\/ladislao-mazurkiewicz\/\" target=\"_blank\"><span style=\"color: #ffcc00;\">Ladislao Mazurkiewicz<\/span><\/a><\/strong><\/span> (<span style=\"color: #ffcc00;\"><a href=\"https:\/\/www.padreydecano.com\/cms\/campanas-historicas\/copa-libertadores-1966\/\" target=\"_blank\"><span style=\"color: #ffcc00;\">Libertadores<\/span><\/a><\/span> e <span style=\"color: #ffcc00;\"><a href=\"https:\/\/www.padreydecano.com\/cms\/campanas-historicas\/copa-intercontinental-1966\/\" target=\"_blank\"><span style=\"color: #ffcc00;\">Intercontinental 1966<\/span><\/a><\/span>), <span style=\"color: #ffcc00;\"><strong>Gustavo Fern\u00e1ndez<\/strong><\/span> (<span style=\"color: #ffcc00;\"><a href=\"https:\/\/www.padreydecano.com\/cms\/campanas-historicas\/copa-libertadores-1982\/\" target=\"_blank\"><span style=\"color: #ffcc00;\">Libertadores<\/span><\/a><\/span> e <a title=\"Copa Intercontinental 1982\" href=\"https:\/\/www.padreydecano.com\/cms\/campanas-historicas\/copa-intercontinental-1982\/\" target=\"_blank\"><span style=\"color: #ffcc00;\"><span style=\"color: #ffcc00;\">Intercontinental<\/span><\/span> <span style=\"color: #ffcc00;\">1982<\/span><\/a>), <span style=\"color: #ffcc00;\"><strong>Eduardo Pereira<\/strong> <\/span>(<span style=\"color: #ffcc00;\"><a href=\"https:\/\/www.padreydecano.com\/cms\/campanas-historicas\/copa-libertadores-1987\/\" target=\"_blank\"><span style=\"color: #ffcc00;\">Libertadores 1987<\/span><\/a><\/span>), y ni hablar de los campeonatos locales desde el amateurismo hasta la fecha donde podemos nombrar a otras glorias como <span style=\"color: #ffcc00;\"><strong><a href=\"https:\/\/www.padreydecano.com\/cms\/idolos\/leonardo-crossley\/\" target=\"_blank\"><span style=\"color: #ffcc00;\">Leonardo Crossley<\/span><\/a><\/strong><\/span>, <strong><span style=\"color: #ffcc00;\"><a href=\"https:\/\/www.padreydecano.com\/cms\/idolos\/juan-legnazzi\/\" target=\"_blank\"><span style=\"color: #ffcc00;\">Juan Legnazzi<\/span><\/a><\/span><\/strong>, <span style=\"color: #ffcc00;\"><strong><a href=\"https:\/\/www.padreydecano.com\/cms\/idolos\/roque-gaston-maspoli\/\" target=\"_blank\"><span style=\"color: #ffcc00;\">Roque Gast\u00f3n M\u00e1spoli<\/span><\/a><\/strong><\/span>, y si siguiera, la lista se har\u00eda largu\u00edsima.<\/p>\n<p style=\"text-align: justify;\">Hay que recordar tambi\u00e9n que los \u00faltimos dos campeonatos se lograron con la experiencia de Chilavert y un Sebasti\u00e1n Sosa en gran nivel. \u00bfCasualidad o causalidad?<\/p>\n<p style=\"text-align: justify;\">Por otra parte, el \u00faltimo a\u00f1o perdimos un campeonato incre\u00edble por la falta de una referencia confiable en el arco. Ni Carini, ni Lerda (le hicieron 5 goles en los \u00fanicos dos partidos que jug\u00f3) ni Gelpi (puede ser atribuido a su juventud e inexperiencia) demostraron tener el nivel necesario para defender un arco tan grande como el de <strong>Pe\u00f1arol<\/strong>.<\/p>\n<p style=\"text-align: justify;\">Evidentemente es algo que preocupa tanto a nivel dirigencial como del cuerpo t\u00e9cnico y ya son varios los nombres que han sonado en este per\u00edodo de pases. Caranta, Javier Garc\u00eda, Campa\u00f1a, Migliore y Sosa fueron los que sonaron con m\u00e1s fuerza.<\/p>\n<p style=\"text-align: justify;\">En tu opini\u00f3n, \u00bfcu\u00e1l debe ser la pol\u00edtica del club para ocupar el puesto del arco? \u00bfHay que darle la confianza a Leandro Gelpi para afianzarse en el arco en este momento tan complicado de la instituci\u00f3n? \u00bfHay que darle otra oportunidad a Danilo Lerda en un partido por los puntos (recordemos que solo ataj\u00f3 contra Palestino en la Copa Bimbo y en Colombia, con Pe\u00f1arol ya eliminado de la copa)? \u00bfHay que devolverle la responsabilidad del arco a Fabi\u00e1n Carini, bas\u00e1ndose en su experiencia internacional? \u00bfO hay que incorporar un nuevo golero para intentar cambiar la pisada? \u00bfDe ser as\u00ed cual ser\u00eda tu elegido?<\/p>\n<p style=\"text-align: justify;\">Muchas preguntas que hasta ahora no tienen respuesta, el campeonato empieza en agosto y el arco no tiene due\u00f1o.<\/p>\n<p style=\"text-align: justify;\"><strong>El dilema del arco&#8230;<\/strong><\/p>\n<p><a href=\"https:\/\/www.padreydecano.com\/cms\/tag\/dr-curcc\/\"><img decoding=\"async\" class=\"alignright foto-sin-formato\" src=\"https:\/\/www.padreydecano.com\/cms\/wp-users-files\/autor-columna\/drcurcc.jpg\" alt=\"\" \/><\/a><\/p>\n","protected":false},"excerpt":{"rendered":"<p>En los \u00faltimos a\u00f1os, el gran d\u00e9ficit que ha tenido Pe\u00f1arol como equipo, ha sido encontrar un golero confiable que sea la base de una columna vertebral ganadora, fundamental para lograr los objetivos fijados, que en el club m\u00e1s grande Uruguay siempre son los mismos: salir campe\u00f3n. Las grandes conquistas de la historia se lograron [&hellip;]<\/p>\n","protected":false},"author":3,"featured_media":0,"comment_status":"open","ping_status":"closed","sticky":false,"template":"","format":"standard","meta":{"footnotes":""},"categories":[28],"tags":[78],"yoast_head":"<!-- This site is optimized with the Yoast SEO plugin v23.2 - https:\/\/yoast.com\/wordpress\/plugins\/seo\/ -->\n<title>El dilema del arco - Padre y Decano - El Sitio del Pueblo<\/title>\n<meta name=\"robots\" content=\"index, follow, max-snippet:-1, max-image-preview:large, max-video-preview:-1\" \/>\n<link rel=\"canonical\" href=\"https:\/\/www.padreydecano.com\/cms\/columnas\/el-dilema-del-arco\/\" \/>\n<meta property=\"og:locale\" content=\"es_ES\" \/>\n<meta property=\"og:type\" content=\"article\" \/>\n<meta property=\"og:title\" content=\"El dilema del arco - Padre y Decano - El Sitio del Pueblo\" \/>\n<meta property=\"og:description\" content=\"En los \u00faltimos a\u00f1os, el gran d\u00e9ficit que ha tenido Pe\u00f1arol como equipo, ha sido encontrar un golero confiable que sea la base de una columna vertebral ganadora, fundamental para lograr los objetivos fijados, que en el club m\u00e1s grande Uruguay siempre son los mismos: salir campe\u00f3n. Las grandes conquistas de la historia se lograron [&hellip;]\" \/>\n<meta property=\"og:url\" content=\"https:\/\/www.padreydecano.com\/cms\/columnas\/el-dilema-del-arco\/\" \/>\n<meta property=\"og:site_name\" content=\"Padre y Decano - El Sitio del Pueblo\" \/>\n<meta property=\"article:published_time\" content=\"2012-07-16T23:39:24+00:00\" \/>\n<meta property=\"article:modified_time\" content=\"2012-07-18T03:29:23+00:00\" \/>\n<meta property=\"og:image\" content=\"http:\/\/www.padreydecano.com\/cms\/wp-content\/uploads\/2012\/07\/GOLEROS-300x200.jpg\" \/>\n<meta name=\"author\" content=\"1891\" \/>\n<meta name=\"twitter:card\" content=\"summary_large_image\" \/>\n<meta name=\"twitter:label1\" content=\"Escrito por\" \/>\n\t<meta name=\"twitter:data1\" content=\"1891\" \/>\n\t<meta name=\"twitter:label2\" content=\"Tiempo de lectura\" \/>\n\t<meta name=\"twitter:data2\" content=\"2 minutos\" \/>\n<script type=\"application\/ld+json\" class=\"yoast-schema-graph\">{\"@context\":\"https:\/\/schema.org\",\"@graph\":[{\"@type\":\"Article\",\"@id\":\"https:\/\/www.padreydecano.com\/cms\/columnas\/el-dilema-del-arco\/#article\",\"isPartOf\":{\"@id\":\"https:\/\/www.padreydecano.com\/cms\/columnas\/el-dilema-del-arco\/\"},\"author\":{\"name\":\"1891\",\"@id\":\"https:\/\/www.padreydecano.com\/cms\/#\/schema\/person\/5607c72c38a1537a151b24d1e67535e0\"},\"headline\":\"El dilema del arco\",\"datePublished\":\"2012-07-16T23:39:24+00:00\",\"dateModified\":\"2012-07-18T03:29:23+00:00\",\"mainEntityOfPage\":{\"@id\":\"https:\/\/www.padreydecano.com\/cms\/columnas\/el-dilema-del-arco\/\"},\"wordCount\":400,\"commentCount\":45,\"publisher\":{\"@id\":\"https:\/\/www.padreydecano.com\/cms\/#organization\"},\"image\":{\"@id\":\"https:\/\/www.padreydecano.com\/cms\/columnas\/el-dilema-del-arco\/#primaryimage\"},\"thumbnailUrl\":\"http:\/\/www.padreydecano.com\/cms\/wp-content\/uploads\/2012\/07\/GOLEROS-300x200.jpg\",\"keywords\":[\"Dr. CURCC\"],\"articleSection\":[\"Columnas\"],\"inLanguage\":\"es\",\"potentialAction\":[{\"@type\":\"CommentAction\",\"name\":\"Comment\",\"target\":[\"https:\/\/www.padreydecano.com\/cms\/columnas\/el-dilema-del-arco\/#respond\"]}]},{\"@type\":\"WebPage\",\"@id\":\"https:\/\/www.padreydecano.com\/cms\/columnas\/el-dilema-del-arco\/\",\"url\":\"https:\/\/www.padreydecano.com\/cms\/columnas\/el-dilema-del-arco\/\",\"name\":\"El dilema del arco - Padre y Decano - El Sitio del Pueblo\",\"isPartOf\":{\"@id\":\"https:\/\/www.padreydecano.com\/cms\/#website\"},\"primaryImageOfPage\":{\"@id\":\"https:\/\/www.padreydecano.com\/cms\/columnas\/el-dilema-del-arco\/#primaryimage\"},\"image\":{\"@id\":\"https:\/\/www.padreydecano.com\/cms\/columnas\/el-dilema-del-arco\/#primaryimage\"},\"thumbnailUrl\":\"http:\/\/www.padreydecano.com\/cms\/wp-content\/uploads\/2012\/07\/GOLEROS-300x200.jpg\",\"datePublished\":\"2012-07-16T23:39:24+00:00\",\"dateModified\":\"2012-07-18T03:29:23+00:00\",\"breadcrumb\":{\"@id\":\"https:\/\/www.padreydecano.com\/cms\/columnas\/el-dilema-del-arco\/#breadcrumb\"},\"inLanguage\":\"es\",\"potentialAction\":[{\"@type\":\"ReadAction\",\"target\":[\"https:\/\/www.padreydecano.com\/cms\/columnas\/el-dilema-del-arco\/\"]}]},{\"@type\":\"ImageObject\",\"inLanguage\":\"es\",\"@id\":\"https:\/\/www.padreydecano.com\/cms\/columnas\/el-dilema-del-arco\/#primaryimage\",\"url\":\"http:\/\/www.padreydecano.com\/cms\/wp-content\/uploads\/2012\/07\/GOLEROS-300x200.jpg\",\"contentUrl\":\"http:\/\/www.padreydecano.com\/cms\/wp-content\/uploads\/2012\/07\/GOLEROS-300x200.jpg\"},{\"@type\":\"BreadcrumbList\",\"@id\":\"https:\/\/www.padreydecano.com\/cms\/columnas\/el-dilema-del-arco\/#breadcrumb\",\"itemListElement\":[{\"@type\":\"ListItem\",\"position\":1,\"name\":\"Portada\",\"item\":\"https:\/\/www.padreydecano.com\/cms\/\"},{\"@type\":\"ListItem\",\"position\":2,\"name\":\"El dilema del arco\"}]},{\"@type\":\"WebSite\",\"@id\":\"https:\/\/www.padreydecano.com\/cms\/#website\",\"url\":\"https:\/\/www.padreydecano.com\/cms\/\",\"name\":\"Padre y Decano - El Sitio del Pueblo\",\"description\":\"Club Atl\u00e9tico Pe\u00f1arol\",\"publisher\":{\"@id\":\"https:\/\/www.padreydecano.com\/cms\/#organization\"},\"potentialAction\":[{\"@type\":\"SearchAction\",\"target\":{\"@type\":\"EntryPoint\",\"urlTemplate\":\"https:\/\/www.padreydecano.com\/cms\/?s={search_term_string}\"},\"query-input\":\"required name=search_term_string\"}],\"inLanguage\":\"es\"},{\"@type\":\"Organization\",\"@id\":\"https:\/\/www.padreydecano.com\/cms\/#organization\",\"name\":\"Padre y Decano\",\"url\":\"https:\/\/www.padreydecano.com\/cms\/\",\"logo\":{\"@type\":\"ImageObject\",\"inLanguage\":\"es\",\"@id\":\"https:\/\/www.padreydecano.com\/cms\/#\/schema\/logo\/image\/\",\"url\":\"https:\/\/www.padreydecano.com\/cms\/wp-content\/uploads\/2022\/01\/avatar-square.png\",\"contentUrl\":\"https:\/\/www.padreydecano.com\/cms\/wp-content\/uploads\/2022\/01\/avatar-square.png\",\"width\":1500,\"height\":1500,\"caption\":\"Padre y Decano\"},\"image\":{\"@id\":\"https:\/\/www.padreydecano.com\/cms\/#\/schema\/logo\/image\/\"}},{\"@type\":\"Person\",\"@id\":\"https:\/\/www.padreydecano.com\/cms\/#\/schema\/person\/5607c72c38a1537a151b24d1e67535e0\",\"name\":\"1891\",\"image\":{\"@type\":\"ImageObject\",\"inLanguage\":\"es\",\"@id\":\"https:\/\/www.padreydecano.com\/cms\/#\/schema\/person\/image\/\",\"url\":\"https:\/\/secure.gravatar.com\/avatar\/29d4d1b0d523a21898e8cf9585d259d3?s=96&d=https%3A%2F%2Fpadreydecano.com%2Fcms%2Fwp-content%2Fthemes%2Fpyd-theme%2Fimg%2Fdefault-avatar.png&r=g\",\"contentUrl\":\"https:\/\/secure.gravatar.com\/avatar\/29d4d1b0d523a21898e8cf9585d259d3?s=96&d=https%3A%2F%2Fpadreydecano.com%2Fcms%2Fwp-content%2Fthemes%2Fpyd-theme%2Fimg%2Fdefault-avatar.png&r=g\",\"caption\":\"1891\"}}]}<\/script>\n<!-- \/ Yoast SEO plugin. -->","yoast_head_json":{"title":"El dilema del arco - Padre y Decano - El Sitio del Pueblo","robots":{"index":"index","follow":"follow","max-snippet":"max-snippet:-1","max-image-preview":"max-image-preview:large","max-video-preview":"max-video-preview:-1"},"canonical":"https:\/\/www.padreydecano.com\/cms\/columnas\/el-dilema-del-arco\/","og_locale":"es_ES","og_type":"article","og_title":"El dilema del arco - Padre y Decano - El Sitio del Pueblo","og_description":"En los \u00faltimos a\u00f1os, el gran d\u00e9ficit que ha tenido Pe\u00f1arol como equipo, ha sido encontrar un golero confiable que sea la base de una columna vertebral ganadora, fundamental para lograr los objetivos fijados, que en el club m\u00e1s grande Uruguay siempre son los mismos: salir campe\u00f3n. Las grandes conquistas de la historia se lograron [&hellip;]","og_url":"https:\/\/www.padreydecano.com\/cms\/columnas\/el-dilema-del-arco\/","og_site_name":"Padre y Decano - El Sitio del Pueblo","article_published_time":"2012-07-16T23:39:24+00:00","article_modified_time":"2012-07-18T03:29:23+00:00","og_image":[{"url":"http:\/\/www.padreydecano.com\/cms\/wp-content\/uploads\/2012\/07\/GOLEROS-300x200.jpg"}],"author":"1891","twitter_card":"summary_large_image","twitter_misc":{"Escrito por":"1891","Tiempo de lectura":"2 minutos"},"schema":{"@context":"https:\/\/schema.org","@graph":[{"@type":"Article","@id":"https:\/\/www.padreydecano.com\/cms\/columnas\/el-dilema-del-arco\/#article","isPartOf":{"@id":"https:\/\/www.padreydecano.com\/cms\/columnas\/el-dilema-del-arco\/"},"author":{"name":"1891","@id":"https:\/\/www.padreydecano.com\/cms\/#\/schema\/person\/5607c72c38a1537a151b24d1e67535e0"},"headline":"El dilema del arco","datePublished":"2012-07-16T23:39:24+00:00","dateModified":"2012-07-18T03:29:23+00:00","mainEntityOfPage":{"@id":"https:\/\/www.padreydecano.com\/cms\/columnas\/el-dilema-del-arco\/"},"wordCount":400,"commentCount":45,"publisher":{"@id":"https:\/\/www.padreydecano.com\/cms\/#organization"},"image":{"@id":"https:\/\/www.padreydecano.com\/cms\/columnas\/el-dilema-del-arco\/#primaryimage"},"thumbnailUrl":"http:\/\/www.padreydecano.com\/cms\/wp-content\/uploads\/2012\/07\/GOLEROS-300x200.jpg","keywords":["Dr. CURCC"],"articleSection":["Columnas"],"inLanguage":"es","potentialAction":[{"@type":"CommentAction","name":"Comment","target":["https:\/\/www.padreydecano.com\/cms\/columnas\/el-dilema-del-arco\/#respond"]}]},{"@type":"WebPage","@id":"https:\/\/www.padreydecano.com\/cms\/columnas\/el-dilema-del-arco\/","url":"https:\/\/www.padreydecano.com\/cms\/columnas\/el-dilema-del-arco\/","name":"El dilema del arco - Padre y Decano - El Sitio del Pueblo","isPartOf":{"@id":"https:\/\/www.padreydecano.com\/cms\/#website"},"primaryImageOfPage":{"@id":"https:\/\/www.padreydecano.com\/cms\/columnas\/el-dilema-del-arco\/#primaryimage"},"image":{"@id":"https:\/\/www.padreydecano.com\/cms\/columnas\/el-dilema-del-arco\/#primaryimage"},"thumbnailUrl":"http:\/\/www.padreydecano.com\/cms\/wp-content\/uploads\/2012\/07\/GOLEROS-300x200.jpg","datePublished":"2012-07-16T23:39:24+00:00","dateModified":"2012-07-18T03:29:23+00:00","breadcrumb":{"@id":"https:\/\/www.padreydecano.com\/cms\/columnas\/el-dilema-del-arco\/#breadcrumb"},"inLanguage":"es","potentialAction":[{"@type":"ReadAction","target":["https:\/\/www.padreydecano.com\/cms\/columnas\/el-dilema-del-arco\/"]}]},{"@type":"ImageObject","inLanguage":"es","@id":"https:\/\/www.padreydecano.com\/cms\/columnas\/el-dilema-del-arco\/#primaryimage","url":"http:\/\/www.padreydecano.com\/cms\/wp-content\/uploads\/2012\/07\/GOLEROS-300x200.jpg","contentUrl":"http:\/\/www.padreydecano.com\/cms\/wp-content\/uploads\/2012\/07\/GOLEROS-300x200.jpg"},{"@type":"BreadcrumbList","@id":"https:\/\/www.padreydecano.com\/cms\/columnas\/el-dilema-del-arco\/#breadcrumb","itemListElement":[{"@type":"ListItem","position":1,"name":"Portada","item":"https:\/\/www.padreydecano.com\/cms\/"},{"@type":"ListItem","position":2,"name":"El dilema del arco"}]},{"@type":"WebSite","@id":"https:\/\/www.padreydecano.com\/cms\/#website","url":"https:\/\/www.padreydecano.com\/cms\/","name":"Padre y Decano - El Sitio del Pueblo","description":"Club Atl\u00e9tico Pe\u00f1arol","publisher":{"@id":"https:\/\/www.padreydecano.com\/cms\/#organization"},"potentialAction":[{"@type":"SearchAction","target":{"@type":"EntryPoint","urlTemplate":"https:\/\/www.padreydecano.com\/cms\/?s={search_term_string}"},"query-input":"required name=search_term_string"}],"inLanguage":"es"},{"@type":"Organization","@id":"https:\/\/www.padreydecano.com\/cms\/#organization","name":"Padre y Decano","url":"https:\/\/www.padreydecano.com\/cms\/","logo":{"@type":"ImageObject","inLanguage":"es","@id":"https:\/\/www.padreydecano.com\/cms\/#\/schema\/logo\/image\/","url":"https:\/\/www.padreydecano.com\/cms\/wp-content\/uploads\/2022\/01\/avatar-square.png","contentUrl":"https:\/\/www.padreydecano.com\/cms\/wp-content\/uploads\/2022\/01\/avatar-square.png","width":1500,"height":1500,"caption":"Padre y Decano"},"image":{"@id":"https:\/\/www.padreydecano.com\/cms\/#\/schema\/logo\/image\/"}},{"@type":"Person","@id":"https:\/\/www.padreydecano.com\/cms\/#\/schema\/person\/5607c72c38a1537a151b24d1e67535e0","name":"1891","image":{"@type":"ImageObject","inLanguage":"es","@id":"https:\/\/www.padreydecano.com\/cms\/#\/schema\/person\/image\/","url":"https:\/\/secure.gravatar.com\/avatar\/29d4d1b0d523a21898e8cf9585d259d3?s=96&d=https%3A%2F%2Fpadreydecano.com%2Fcms%2Fwp-content%2Fthemes%2Fpyd-theme%2Fimg%2Fdefault-avatar.png&r=g","contentUrl":"https:\/\/secure.gravatar.com\/avatar\/29d4d1b0d523a21898e8cf9585d259d3?s=96&d=https%3A%2F%2Fpadreydecano.com%2Fcms%2Fwp-content%2Fthemes%2Fpyd-theme%2Fimg%2Fdefault-avatar.png&r=g","caption":"1891"}}]}},"_links":{"self":[{"href":"https:\/\/www.padreydecano.com\/cms\/wp-json\/wp\/v2\/posts\/26176"}],"collection":[{"href":"https:\/\/www.padreydecano.com\/cms\/wp-json\/wp\/v2\/posts"}],"about":[{"href":"https:\/\/www.padreydecano.com\/cms\/wp-json\/wp\/v2\/types\/post"}],"author":[{"embeddable":true,"href":"https:\/\/www.padreydecano.com\/cms\/wp-json\/wp\/v2\/users\/3"}],"replies":[{"embeddable":true,"href":"https:\/\/www.padreydecano.com\/cms\/wp-json\/wp\/v2\/comments?post=26176"}],"version-history":[{"count":0,"href":"https:\/\/www.padreydecano.com\/cms\/wp-json\/wp\/v2\/posts\/26176\/revisions"}],"wp:attachment":[{"href":"https:\/\/www.padreydecano.com\/cms\/wp-json\/wp\/v2\/media?parent=26176"}],"wp:term":[{"taxonomy":"category","embeddable":true,"href":"https:\/\/www.padreydecano.com\/cms\/wp-json\/wp\/v2\/categories?post=26176"},{"taxonomy":"post_tag","embeddable":true,"href":"https:\/\/www.padreydecano.com\/cms\/wp-json\/wp\/v2\/tags?post=26176"}],"curies":[{"name":"wp","href":"https:\/\/api.w.org\/{rel}","templated":true}]}}