{"id":25824,"date":"2012-07-16T20:00:15","date_gmt":"2012-07-16T23:00:15","guid":{"rendered":"http:\/\/www.padreydecano.com\/cms\/?p=25824"},"modified":"2012-07-16T20:11:09","modified_gmt":"2012-07-16T23:11:09","slug":"banderas-penarol-sos-increible","status":"publish","type":"post","link":"https:\/\/www.padreydecano.com\/cms\/entrevistas\/banderas-penarol-sos-increible\/","title":{"rendered":"Banderas: Pe\u00f1arol sos incre\u00edble"},"content":{"rendered":"<p style=\"text-align: justify;\"><span style=\"color: #ffcc02;\"><strong><a href=\"https:\/\/www.padreydecano.com\/cms\/wp-content\/uploads\/2012\/07\/Pe\u00f1arol-sos-incre\u00edble-Copiar.jpg\" rel=\"shadowbox[sbpost-25824];player=img;\"><img loading=\"lazy\" decoding=\"async\" class=\"alignright  wp-image-25861\" src=\"https:\/\/www.padreydecano.com\/cms\/wp-content\/uploads\/2012\/07\/Pe\u00f1arol-sos-incre\u00edble-Copiar-300x209.jpg\" alt=\"\" width=\"240\" height=\"167\" srcset=\"https:\/\/www.padreydecano.com\/cms\/wp-content\/uploads\/2012\/07\/Pe\u00f1arol-sos-incre\u00edble-Copiar-300x209.jpg 300w, https:\/\/www.padreydecano.com\/cms\/wp-content\/uploads\/2012\/07\/Pe\u00f1arol-sos-incre\u00edble-Copiar.jpg 720w\" sizes=\"(max-width: 240px) 100vw, 240px\" \/><\/a>Padre y Decano<\/strong><\/span> aprovecha el parate del f\u00fatbol para seguir entrevistando a los protagonistas de la tribuna. En este caso, los due\u00f1os del trapo \u00abPe\u00f1arol sos incre\u00edble\u00bb nos responden.<\/p>\n<p style=\"text-align: justify;\"><strong><span style=\"color: #ffcc02;\">\u00bfEn qu\u00e9 a\u00f1o arrancaron a ir a la cancha? \u00bfQui\u00e9n los llevaba?<\/span><\/strong><\/p>\n<p style=\"text-align: justify;\">Arrancamos en el 90, por ah\u00ed, con mi primo y amigo el Chupo. \u00cdbamos\u00a0 solos pero yo tengo recuerdos\u00a0<a title=\"Copa Libertadores 1987\" href=\"https:\/\/www.padreydecano.com\/cms\/campanas-historicas\/copa-libertadores-1987\/\" target=\"_blank\">del 87<\/a>, por ejemplo del gol del Bomba Villar contra el Am\u00e9rica. Yo estaba en la Ol\u00edmpica con mi viejo .<\/p>\n<p style=\"text-align: justify;\"><span style=\"color: #ffcc02;\"><strong>\u00bfCu\u00e1ndo les nace la idea de hacer una bandera?<\/strong><\/span><\/p>\n<p style=\"text-align: justify;\">La\u00a0 idea la tuve yo en el 97 despu\u00e9s de ganarle los 2 <a title=\"El Hist\u00f3rico 4 a 3 del Quinquenio\" href=\"https:\/\/www.padreydecano.com\/cms\/historias-clasicas\/el-historico-4-a-3-del-quinquenio\/\" target=\"_blank\">clasicos<\/a> de <a title=\"El 3 a 2 del Quinquenio \u201cA lo Pe\u00f1arol\u201d\" href=\"https:\/\/www.padreydecano.com\/cms\/historias-clasicas\/el-3-a-2-del-quinquenio-a-lo-penarol\/\" target=\"_blank\">atr\u00e1s<\/a> a la gallina en una semana. Ah\u00ed le tir\u00e9 la idea a unos amigos y decidimos hacer la bandera .<\/p>\n<p style=\"text-align: justify;\"><strong><span style=\"color: #ffcc02;\">\u00bfQui\u00e9n se las dise\u00f1\u00f3?, \u00bfa qui\u00e9n se le ocurri\u00f3 la frase?, \u00bfqui\u00e9n la hizo?<\/span><\/strong><\/p>\n<p style=\"text-align: justify;\">La frase la tir\u00e9 yo: \u00abPe\u00f1arol sos incre\u00edble\u00bb. Nos gust\u00f3 y qued\u00f3 esa. La cosi\u00f3 un conocido que le pedimos y la llevamos a pintar a una persona que pintaba letras.<\/p>\n<p style=\"text-align: justify;\"><strong><span style=\"color: #ffcc02;\">\u00bfSe acuerdan cu\u00e1nto les sali\u00f3?<\/span><\/strong><\/p>\n<p style=\"text-align: justify;\">No recuerdo bien pero la primera bandera ten\u00eda 20 metros de largo y era una tela bastante pesada. Nos habr\u00e1 salido 2000 pesos de ahora.<\/p>\n<p style=\"text-align: justify;\"><span style=\"color: #ffcc02;\"><strong><a href=\"https:\/\/www.padreydecano.com\/cms\/wp-content\/uploads\/2012\/07\/Pe\u00f1arol-sos-incre\u00edble-4-Copiar.jpg\" rel=\"shadowbox[sbpost-25824];player=img;\"><img loading=\"lazy\" decoding=\"async\" class=\"alignleft  wp-image-25858\" src=\"https:\/\/www.padreydecano.com\/cms\/wp-content\/uploads\/2012\/07\/Pe\u00f1arol-sos-incre\u00edble-4-Copiar-300x225.jpg\" alt=\"\" width=\"240\" height=\"180\" srcset=\"https:\/\/www.padreydecano.com\/cms\/wp-content\/uploads\/2012\/07\/Pe\u00f1arol-sos-incre\u00edble-4-Copiar-300x225.jpg 300w, https:\/\/www.padreydecano.com\/cms\/wp-content\/uploads\/2012\/07\/Pe\u00f1arol-sos-incre\u00edble-4-Copiar.jpg 720w\" sizes=\"(max-width: 240px) 100vw, 240px\" \/><\/a>\u00bfEn qu\u00e9 partido la inauguraron? \u00bfCu\u00e1ntos a\u00f1os tiene el trapo?<\/strong><\/span><\/p>\n<p style=\"text-align: justify;\">Lo inaguramos en el 98. Creo que fue contra Wanderers y la llevamos a la Ol\u00edmpica, despu\u00e9s en el 99 arrancamos a ir a la Amsterdam.<\/p>\n<p style=\"text-align: justify;\"><span style=\"color: #ffcc02;\"><strong>\u00bfC\u00f3mo nace y qui\u00e9nes componen el grupo \u00abPe\u00f1arol sos incre\u00edble\u00bb?<\/strong><\/span><\/p>\n<p style=\"text-align: justify;\">El grupo est\u00e1 compuesto por 10 personas m\u00e1s o menos pero los que la llevamos somos 3 ya que algunos les embola ir temprano, son c\u00f3modos jeje.<\/p>\n<p style=\"text-align: justify;\"><span style=\"color: #ffcc02;\"><strong>\u00bfQu\u00e9 siente el grupo por la bandera?, \u00bfQu\u00e9 representa el trapo para el grupo?<\/strong><\/span><\/p>\n<p style=\"text-align: justify;\">El trapo representa todo, como lo es Pe\u00f1arol en nuestras vidas. Es el orgullo de saber que somos del cuadro m\u00e1s grande del mundo.<\/p>\n<p style=\"text-align: justify;\"><span style=\"color: #ffcc02;\"><strong>\u00bfQu\u00e9 pensas del alambrado carbonero en general?<\/strong><\/span><br \/>\nEl alambrado est\u00e1 muy bueno. Es impresionante la cantidad de banderas que hay hoy en d\u00eda, y\u00a0est\u00e1 bueno que la mayor\u00eda van siempre .<\/p>\n<p style=\"text-align: justify;\"><span style=\"color: #ffcc02;\"><strong>\u00bfQu\u00e9 otras banderas les gusta o los representan?<\/strong><\/span><\/p>\n<p style=\"text-align: justify;\">Hay varias, por ejemplo \u00abUna pasi\u00f3n anormal\u00bb, \u00abNadie es capaz de matarte en mi alma\u00bb, \u00abHasta que la muerte nos separe\u00bb que ahora no la est\u00e1n llevando, \u00abSomos todos menos algunos\u00bb y \u00abUn sentimiento inexplicable\u00bb.<\/p>\n<p style=\"text-align: justify;\"><span style=\"color: #ffcc02;\"><strong><a href=\"https:\/\/www.padreydecano.com\/cms\/wp-content\/uploads\/2012\/07\/Pe\u00f1arol-sos-incre\u00edble-6-Copiar.jpg\" rel=\"shadowbox[sbpost-25824];player=img;\"><img loading=\"lazy\" decoding=\"async\" class=\"alignright  wp-image-25860\" src=\"https:\/\/www.padreydecano.com\/cms\/wp-content\/uploads\/2012\/07\/Pe\u00f1arol-sos-incre\u00edble-6-Copiar-300x250.jpg\" alt=\"\" width=\"240\" height=\"200\" srcset=\"https:\/\/www.padreydecano.com\/cms\/wp-content\/uploads\/2012\/07\/Pe\u00f1arol-sos-incre\u00edble-6-Copiar-300x250.jpg 300w, https:\/\/www.padreydecano.com\/cms\/wp-content\/uploads\/2012\/07\/Pe\u00f1arol-sos-incre\u00edble-6-Copiar.jpg 646w\" sizes=\"(max-width: 240px) 100vw, 240px\" \/><\/a>\u00bfC\u00f3mo vivieron como grupo la Copa Libertadores 2011?<\/strong><\/span><\/p>\n<p style=\"text-align: justify;\">La verdad que esa copa fue algo so\u00f1ado, l\u00e1stima que no la pudimos ganar, pero fue incre\u00edble. Tuvimos la suerte de poder ir a casi todos los partidos en el exterior y lo que vivimos con la gente de Pe\u00f1arol es algo que no te olvid\u00e1s m\u00e1s.<\/p>\n<p style=\"text-align: justify;\"><span style=\"color: #ffcc02;\"><strong>\u00bfA qu\u00e9 canchas del exterior fue la bandera?<\/strong><\/span><\/p>\n<p style=\"text-align: justify;\">La bandera no la llevamos al exterior porque es bastante grande, pero nosotros estuvimos presentes en Porto Alegre, Avellaneda, Velez, San Pablo y en Chile este a\u00f1o.<\/p>\n<p style=\"text-align: justify;\"><strong><span style=\"color: #ffcc02;\">\u00bfLa bandera ya fue renoavada? \u00bfPiensan renovarla otra vez o la bandera tiene tribuna para rato?<\/span><\/strong><\/p>\n<p style=\"text-align: justify;\">Ya la renovamos 2 veces. La primera ten\u00eda 20 metros de largo, era un disparate. Despu\u00e9s la hicimos de 12 metros, por ah\u00ed y ahora hace 4 a\u00f1os tenemos la que va hasta el d\u00eda de hoy que tiene cuerda para rato.<\/p>\n<p style=\"text-align: justify;\"><span style=\"color: #ffcc02;\"><strong>An\u00e9cdotas que m\u00e1s recuerdes con la bandera.<\/strong><\/span><\/p>\n<p style=\"text-align: justify;\">No me acuedo particularmente de alguna an\u00e9cdota puntual pero s\u00ed de los l\u00edos con los botones cada vez que lleg\u00e1bamos justos de hora y despu\u00e9s los partidos de lluvia torrencial, el quilombo de d\u00f3nde dejarla para secarla ya que pesa bastante.<\/p>\n<p style=\"text-align: justify;\"><strong style=\"color: #ffcc02;\">Has tenido la suerte de seguir a Pe\u00f1arol, \u00bfqu\u00e9 grandes cambios has visto desde los comienzos de ir a la tribuna con amigos hasta el d\u00eda<\/strong>\u00a0<span style=\"color: #ffcc02;\"><strong>de hoy?<\/strong><\/span><\/p>\n<p style=\"text-align: justify;\">La\u00a0 verdad que hubo bastantes cambios pero la mayor\u00eda para bien con el tema de la organizaci\u00f3n para las movidas de los cl\u00e1sicos, los recibimientos en la copa, <a title=\"La Bandera M\u00e1s Grande del Mundo\" href=\"https:\/\/www.padreydecano.com\/cms\/la-bandera-mas-grande-del-mundo\/\" target=\"_blank\">la bandera gigante<\/a> , etc.\u00a0Lo que no me gusta como a todos son los gorritos blancos\u00a0 en la Amsterdam.<\/p>\n\n\t\t<style type=\"text\/css\">\n\t\t\t#gallery-1 {\n\t\t\t\tmargin: auto;\n\t\t\t}\n\t\t\t#gallery-1 .gallery-item {\n\t\t\t\tfloat: left;\n\t\t\t\tmargin-top: 10px;\n\t\t\t\ttext-align: center;\n\t\t\t\twidth: 33%;\n\t\t\t}\n\t\t\t#gallery-1 img {\n\t\t\t\tborder: 2px solid #cfcfcf;\n\t\t\t}\n\t\t\t#gallery-1 .gallery-caption {\n\t\t\t\tmargin-left: 0;\n\t\t\t}\n\t\t\t\/* see gallery_shortcode() in wp-includes\/media.php *\/\n\t\t<\/style>\n\t\t<div id='gallery-1' class='gallery galleryid-25824 gallery-columns-3 gallery-size-thumbnail'><dl class='gallery-item'>\n\t\t\t<dt class='gallery-icon landscape'>\n\t\t\t\t<a href='https:\/\/www.padreydecano.com\/cms\/wp-content\/uploads\/2012\/07\/Pe\u00f1arol-sos-incre\u00edble-Copiar.jpg' rel='shadowbox[sbalbum-25824];player=img;'><img loading=\"lazy\" decoding=\"async\" width=\"150\" height=\"150\" src=\"https:\/\/www.padreydecano.com\/cms\/wp-content\/uploads\/2012\/07\/Pe\u00f1arol-sos-incre\u00edble-Copiar-150x150.jpg\" class=\"attachment-thumbnail size-thumbnail\" alt=\"\" srcset=\"https:\/\/www.padreydecano.com\/cms\/wp-content\/uploads\/2012\/07\/Pe\u00f1arol-sos-incre\u00edble-Copiar-150x150.jpg 150w, https:\/\/www.padreydecano.com\/cms\/wp-content\/uploads\/2012\/07\/Pe\u00f1arol-sos-incre\u00edble-Copiar-36x36.jpg 36w, https:\/\/www.padreydecano.com\/cms\/wp-content\/uploads\/2012\/07\/Pe\u00f1arol-sos-incre\u00edble-Copiar-115x115.jpg 115w\" sizes=\"(max-width: 150px) 100vw, 150px\" \/><\/a>\n\t\t\t<\/dt><\/dl><dl class='gallery-item'>\n\t\t\t<dt class='gallery-icon landscape'>\n\t\t\t\t<a href='https:\/\/www.padreydecano.com\/cms\/wp-content\/uploads\/2012\/07\/Pe\u00f1arol-sos-incre\u00edble-6-Copiar.jpg' rel='shadowbox[sbalbum-25824];player=img;'><img loading=\"lazy\" decoding=\"async\" width=\"150\" height=\"150\" src=\"https:\/\/www.padreydecano.com\/cms\/wp-content\/uploads\/2012\/07\/Pe\u00f1arol-sos-incre\u00edble-6-Copiar-150x150.jpg\" class=\"attachment-thumbnail size-thumbnail\" alt=\"\" srcset=\"https:\/\/www.padreydecano.com\/cms\/wp-content\/uploads\/2012\/07\/Pe\u00f1arol-sos-incre\u00edble-6-Copiar-150x150.jpg 150w, https:\/\/www.padreydecano.com\/cms\/wp-content\/uploads\/2012\/07\/Pe\u00f1arol-sos-incre\u00edble-6-Copiar-36x36.jpg 36w, https:\/\/www.padreydecano.com\/cms\/wp-content\/uploads\/2012\/07\/Pe\u00f1arol-sos-incre\u00edble-6-Copiar-115x115.jpg 115w\" sizes=\"(max-width: 150px) 100vw, 150px\" \/><\/a>\n\t\t\t<\/dt><\/dl><dl class='gallery-item'>\n\t\t\t<dt class='gallery-icon landscape'>\n\t\t\t\t<a href='https:\/\/www.padreydecano.com\/cms\/wp-content\/uploads\/2012\/07\/Pe\u00f1arol-sos-incre\u00edble-5-Copiar.jpg' rel='shadowbox[sbalbum-25824];player=img;'><img loading=\"lazy\" decoding=\"async\" width=\"150\" height=\"150\" src=\"https:\/\/www.padreydecano.com\/cms\/wp-content\/uploads\/2012\/07\/Pe\u00f1arol-sos-incre\u00edble-5-Copiar-150x150.jpg\" class=\"attachment-thumbnail size-thumbnail\" alt=\"\" srcset=\"https:\/\/www.padreydecano.com\/cms\/wp-content\/uploads\/2012\/07\/Pe\u00f1arol-sos-incre\u00edble-5-Copiar-150x150.jpg 150w, https:\/\/www.padreydecano.com\/cms\/wp-content\/uploads\/2012\/07\/Pe\u00f1arol-sos-incre\u00edble-5-Copiar-36x36.jpg 36w, https:\/\/www.padreydecano.com\/cms\/wp-content\/uploads\/2012\/07\/Pe\u00f1arol-sos-incre\u00edble-5-Copiar-115x115.jpg 115w\" sizes=\"(max-width: 150px) 100vw, 150px\" \/><\/a>\n\t\t\t<\/dt><\/dl><br style=\"clear: both\" \/><dl class='gallery-item'>\n\t\t\t<dt class='gallery-icon landscape'>\n\t\t\t\t<a href='https:\/\/www.padreydecano.com\/cms\/wp-content\/uploads\/2012\/07\/Pe\u00f1arol-sos-incre\u00edble-4-Copiar.jpg' rel='shadowbox[sbalbum-25824];player=img;'><img loading=\"lazy\" decoding=\"async\" width=\"150\" height=\"150\" src=\"https:\/\/www.padreydecano.com\/cms\/wp-content\/uploads\/2012\/07\/Pe\u00f1arol-sos-incre\u00edble-4-Copiar-150x150.jpg\" class=\"attachment-thumbnail size-thumbnail\" alt=\"\" srcset=\"https:\/\/www.padreydecano.com\/cms\/wp-content\/uploads\/2012\/07\/Pe\u00f1arol-sos-incre\u00edble-4-Copiar-150x150.jpg 150w, https:\/\/www.padreydecano.com\/cms\/wp-content\/uploads\/2012\/07\/Pe\u00f1arol-sos-incre\u00edble-4-Copiar-36x36.jpg 36w, https:\/\/www.padreydecano.com\/cms\/wp-content\/uploads\/2012\/07\/Pe\u00f1arol-sos-incre\u00edble-4-Copiar-115x115.jpg 115w\" sizes=\"(max-width: 150px) 100vw, 150px\" \/><\/a>\n\t\t\t<\/dt><\/dl><dl class='gallery-item'>\n\t\t\t<dt class='gallery-icon landscape'>\n\t\t\t\t<a href='https:\/\/www.padreydecano.com\/cms\/wp-content\/uploads\/2012\/07\/Pe\u00f1arol-sos-incre\u00edble-3-Copiar.jpg' rel='shadowbox[sbalbum-25824];player=img;'><img loading=\"lazy\" decoding=\"async\" width=\"150\" height=\"150\" src=\"https:\/\/www.padreydecano.com\/cms\/wp-content\/uploads\/2012\/07\/Pe\u00f1arol-sos-incre\u00edble-3-Copiar-150x150.jpg\" class=\"attachment-thumbnail size-thumbnail\" alt=\"\" srcset=\"https:\/\/www.padreydecano.com\/cms\/wp-content\/uploads\/2012\/07\/Pe\u00f1arol-sos-incre\u00edble-3-Copiar-150x150.jpg 150w, https:\/\/www.padreydecano.com\/cms\/wp-content\/uploads\/2012\/07\/Pe\u00f1arol-sos-incre\u00edble-3-Copiar-36x36.jpg 36w, https:\/\/www.padreydecano.com\/cms\/wp-content\/uploads\/2012\/07\/Pe\u00f1arol-sos-incre\u00edble-3-Copiar-115x115.jpg 115w\" sizes=\"(max-width: 150px) 100vw, 150px\" \/><\/a>\n\t\t\t<\/dt><\/dl><dl class='gallery-item'>\n\t\t\t<dt class='gallery-icon landscape'>\n\t\t\t\t<a href='https:\/\/www.padreydecano.com\/cms\/wp-content\/uploads\/2012\/07\/Pe\u00f1arol-sos-incre\u00edble-2-Copiar.jpg' rel='shadowbox[sbalbum-25824];player=img;'><img loading=\"lazy\" decoding=\"async\" width=\"150\" height=\"150\" src=\"https:\/\/www.padreydecano.com\/cms\/wp-content\/uploads\/2012\/07\/Pe\u00f1arol-sos-incre\u00edble-2-Copiar-150x150.jpg\" class=\"attachment-thumbnail size-thumbnail\" alt=\"\" srcset=\"https:\/\/www.padreydecano.com\/cms\/wp-content\/uploads\/2012\/07\/Pe\u00f1arol-sos-incre\u00edble-2-Copiar-150x150.jpg 150w, https:\/\/www.padreydecano.com\/cms\/wp-content\/uploads\/2012\/07\/Pe\u00f1arol-sos-incre\u00edble-2-Copiar-36x36.jpg 36w, https:\/\/www.padreydecano.com\/cms\/wp-content\/uploads\/2012\/07\/Pe\u00f1arol-sos-incre\u00edble-2-Copiar-115x115.jpg 115w\" sizes=\"(max-width: 150px) 100vw, 150px\" \/><\/a>\n\t\t\t<\/dt><\/dl><br style=\"clear: both\" \/>\n\t\t<\/div>\n\n","protected":false},"excerpt":{"rendered":"<p>Padre y Decano aprovecha el parate del f\u00fatbol para seguir entrevistando a los protagonistas de la tribuna. En este caso, los due\u00f1os del trapo \u00abPe\u00f1arol sos incre\u00edble\u00bb nos responden. \u00bfEn qu\u00e9 a\u00f1o arrancaron a ir a la cancha? \u00bfQui\u00e9n los llevaba? Arrancamos en el 90, por ah\u00ed, con mi primo y amigo el Chupo. \u00cdbamos\u00a0 [&hellip;]<\/p>\n","protected":false},"author":2,"featured_media":25860,"comment_status":"open","ping_status":"closed","sticky":false,"template":"","format":"standard","meta":{"footnotes":""},"categories":[30],"tags":[62],"yoast_head":"<!-- This site is optimized with the Yoast SEO plugin v23.2 - https:\/\/yoast.com\/wordpress\/plugins\/seo\/ -->\n<title>Banderas: Pe\u00f1arol sos incre\u00edble - Padre y Decano - El Sitio del Pueblo<\/title>\n<meta name=\"robots\" content=\"index, follow, max-snippet:-1, max-image-preview:large, max-video-preview:-1\" \/>\n<link rel=\"canonical\" href=\"https:\/\/www.padreydecano.com\/cms\/entrevistas\/banderas-penarol-sos-increible\/\" \/>\n<meta property=\"og:locale\" content=\"es_ES\" \/>\n<meta property=\"og:type\" content=\"article\" \/>\n<meta property=\"og:title\" content=\"Banderas: Pe\u00f1arol sos incre\u00edble - Padre y Decano - El Sitio del Pueblo\" \/>\n<meta property=\"og:description\" content=\"Padre y Decano aprovecha el parate del f\u00fatbol para seguir entrevistando a los protagonistas de la tribuna. En este caso, los due\u00f1os del trapo \u00abPe\u00f1arol sos incre\u00edble\u00bb nos responden. \u00bfEn qu\u00e9 a\u00f1o arrancaron a ir a la cancha? \u00bfQui\u00e9n los llevaba? Arrancamos en el 90, por ah\u00ed, con mi primo y amigo el Chupo. \u00cdbamos\u00a0 [&hellip;]\" \/>\n<meta property=\"og:url\" content=\"https:\/\/www.padreydecano.com\/cms\/entrevistas\/banderas-penarol-sos-increible\/\" \/>\n<meta property=\"og:site_name\" content=\"Padre y Decano - El Sitio del Pueblo\" \/>\n<meta property=\"article:published_time\" content=\"2012-07-16T23:00:15+00:00\" \/>\n<meta property=\"article:modified_time\" content=\"2012-07-16T23:11:09+00:00\" \/>\n<meta property=\"og:image\" content=\"https:\/\/www.padreydecano.com\/cms\/wp-content\/uploads\/2012\/07\/Pe\u00f1arol-sos-incre\u00edble-6-Copiar.jpg\" \/>\n\t<meta property=\"og:image:width\" content=\"646\" \/>\n\t<meta property=\"og:image:height\" content=\"540\" \/>\n\t<meta property=\"og:image:type\" content=\"image\/jpeg\" \/>\n<meta name=\"author\" content=\"Gonzalo16\" \/>\n<meta name=\"twitter:card\" content=\"summary_large_image\" \/>\n<meta name=\"twitter:label1\" content=\"Escrito por\" \/>\n\t<meta name=\"twitter:data1\" content=\"Gonzalo16\" \/>\n\t<meta name=\"twitter:label2\" content=\"Tiempo de lectura\" \/>\n\t<meta name=\"twitter:data2\" content=\"4 minutos\" \/>\n<script type=\"application\/ld+json\" class=\"yoast-schema-graph\">{\"@context\":\"https:\/\/schema.org\",\"@graph\":[{\"@type\":\"Article\",\"@id\":\"https:\/\/www.padreydecano.com\/cms\/entrevistas\/banderas-penarol-sos-increible\/#article\",\"isPartOf\":{\"@id\":\"https:\/\/www.padreydecano.com\/cms\/entrevistas\/banderas-penarol-sos-increible\/\"},\"author\":{\"name\":\"Gonzalo16\",\"@id\":\"https:\/\/www.padreydecano.com\/cms\/#\/schema\/person\/7fe41e3e335700ebd387196df2f9a8d4\"},\"headline\":\"Banderas: Pe\u00f1arol sos incre\u00edble\",\"datePublished\":\"2012-07-16T23:00:15+00:00\",\"dateModified\":\"2012-07-16T23:11:09+00:00\",\"mainEntityOfPage\":{\"@id\":\"https:\/\/www.padreydecano.com\/cms\/entrevistas\/banderas-penarol-sos-increible\/\"},\"wordCount\":709,\"commentCount\":1,\"publisher\":{\"@id\":\"https:\/\/www.padreydecano.com\/cms\/#organization\"},\"image\":{\"@id\":\"https:\/\/www.padreydecano.com\/cms\/entrevistas\/banderas-penarol-sos-increible\/#primaryimage\"},\"thumbnailUrl\":\"https:\/\/www.padreydecano.com\/cms\/wp-content\/uploads\/2012\/07\/Pe\u00f1arol-sos-incre\u00edble-6-Copiar.jpg\",\"keywords\":[\"Banderas\"],\"articleSection\":[\"Entrevistas\"],\"inLanguage\":\"es\",\"potentialAction\":[{\"@type\":\"CommentAction\",\"name\":\"Comment\",\"target\":[\"https:\/\/www.padreydecano.com\/cms\/entrevistas\/banderas-penarol-sos-increible\/#respond\"]}]},{\"@type\":\"WebPage\",\"@id\":\"https:\/\/www.padreydecano.com\/cms\/entrevistas\/banderas-penarol-sos-increible\/\",\"url\":\"https:\/\/www.padreydecano.com\/cms\/entrevistas\/banderas-penarol-sos-increible\/\",\"name\":\"Banderas: Pe\u00f1arol sos incre\u00edble - Padre y Decano - El Sitio del Pueblo\",\"isPartOf\":{\"@id\":\"https:\/\/www.padreydecano.com\/cms\/#website\"},\"primaryImageOfPage\":{\"@id\":\"https:\/\/www.padreydecano.com\/cms\/entrevistas\/banderas-penarol-sos-increible\/#primaryimage\"},\"image\":{\"@id\":\"https:\/\/www.padreydecano.com\/cms\/entrevistas\/banderas-penarol-sos-increible\/#primaryimage\"},\"thumbnailUrl\":\"https:\/\/www.padreydecano.com\/cms\/wp-content\/uploads\/2012\/07\/Pe\u00f1arol-sos-incre\u00edble-6-Copiar.jpg\",\"datePublished\":\"2012-07-16T23:00:15+00:00\",\"dateModified\":\"2012-07-16T23:11:09+00:00\",\"breadcrumb\":{\"@id\":\"https:\/\/www.padreydecano.com\/cms\/entrevistas\/banderas-penarol-sos-increible\/#breadcrumb\"},\"inLanguage\":\"es\",\"potentialAction\":[{\"@type\":\"ReadAction\",\"target\":[\"https:\/\/www.padreydecano.com\/cms\/entrevistas\/banderas-penarol-sos-increible\/\"]}]},{\"@type\":\"ImageObject\",\"inLanguage\":\"es\",\"@id\":\"https:\/\/www.padreydecano.com\/cms\/entrevistas\/banderas-penarol-sos-increible\/#primaryimage\",\"url\":\"https:\/\/www.padreydecano.com\/cms\/wp-content\/uploads\/2012\/07\/Pe\u00f1arol-sos-incre\u00edble-6-Copiar.jpg\",\"contentUrl\":\"https:\/\/www.padreydecano.com\/cms\/wp-content\/uploads\/2012\/07\/Pe\u00f1arol-sos-incre\u00edble-6-Copiar.jpg\",\"width\":\"646\",\"height\":\"540\"},{\"@type\":\"BreadcrumbList\",\"@id\":\"https:\/\/www.padreydecano.com\/cms\/entrevistas\/banderas-penarol-sos-increible\/#breadcrumb\",\"itemListElement\":[{\"@type\":\"ListItem\",\"position\":1,\"name\":\"Portada\",\"item\":\"https:\/\/www.padreydecano.com\/cms\/\"},{\"@type\":\"ListItem\",\"position\":2,\"name\":\"Banderas: Pe\u00f1arol sos incre\u00edble\"}]},{\"@type\":\"WebSite\",\"@id\":\"https:\/\/www.padreydecano.com\/cms\/#website\",\"url\":\"https:\/\/www.padreydecano.com\/cms\/\",\"name\":\"Padre y Decano - El Sitio del Pueblo\",\"description\":\"Club Atl\u00e9tico Pe\u00f1arol\",\"publisher\":{\"@id\":\"https:\/\/www.padreydecano.com\/cms\/#organization\"},\"potentialAction\":[{\"@type\":\"SearchAction\",\"target\":{\"@type\":\"EntryPoint\",\"urlTemplate\":\"https:\/\/www.padreydecano.com\/cms\/?s={search_term_string}\"},\"query-input\":\"required name=search_term_string\"}],\"inLanguage\":\"es\"},{\"@type\":\"Organization\",\"@id\":\"https:\/\/www.padreydecano.com\/cms\/#organization\",\"name\":\"Padre y Decano\",\"url\":\"https:\/\/www.padreydecano.com\/cms\/\",\"logo\":{\"@type\":\"ImageObject\",\"inLanguage\":\"es\",\"@id\":\"https:\/\/www.padreydecano.com\/cms\/#\/schema\/logo\/image\/\",\"url\":\"https:\/\/www.padreydecano.com\/cms\/wp-content\/uploads\/2022\/01\/avatar-square.png\",\"contentUrl\":\"https:\/\/www.padreydecano.com\/cms\/wp-content\/uploads\/2022\/01\/avatar-square.png\",\"width\":1500,\"height\":1500,\"caption\":\"Padre y Decano\"},\"image\":{\"@id\":\"https:\/\/www.padreydecano.com\/cms\/#\/schema\/logo\/image\/\"}},{\"@type\":\"Person\",\"@id\":\"https:\/\/www.padreydecano.com\/cms\/#\/schema\/person\/7fe41e3e335700ebd387196df2f9a8d4\",\"name\":\"Gonzalo16\",\"image\":{\"@type\":\"ImageObject\",\"inLanguage\":\"es\",\"@id\":\"https:\/\/www.padreydecano.com\/cms\/#\/schema\/person\/image\/\",\"url\":\"https:\/\/secure.gravatar.com\/avatar\/4d5cdd49803a2313c01f77e3dfc05d81?s=96&d=https%3A%2F%2Fpadreydecano.com%2Fcms%2Fwp-content%2Fthemes%2Fpyd-theme%2Fimg%2Fdefault-avatar.png&r=g\",\"contentUrl\":\"https:\/\/secure.gravatar.com\/avatar\/4d5cdd49803a2313c01f77e3dfc05d81?s=96&d=https%3A%2F%2Fpadreydecano.com%2Fcms%2Fwp-content%2Fthemes%2Fpyd-theme%2Fimg%2Fdefault-avatar.png&r=g\",\"caption\":\"Gonzalo16\"}}]}<\/script>\n<!-- \/ Yoast SEO plugin. -->","yoast_head_json":{"title":"Banderas: Pe\u00f1arol sos incre\u00edble - Padre y Decano - El Sitio del Pueblo","robots":{"index":"index","follow":"follow","max-snippet":"max-snippet:-1","max-image-preview":"max-image-preview:large","max-video-preview":"max-video-preview:-1"},"canonical":"https:\/\/www.padreydecano.com\/cms\/entrevistas\/banderas-penarol-sos-increible\/","og_locale":"es_ES","og_type":"article","og_title":"Banderas: Pe\u00f1arol sos incre\u00edble - Padre y Decano - El Sitio del Pueblo","og_description":"Padre y Decano aprovecha el parate del f\u00fatbol para seguir entrevistando a los protagonistas de la tribuna. En este caso, los due\u00f1os del trapo \u00abPe\u00f1arol sos incre\u00edble\u00bb nos responden. \u00bfEn qu\u00e9 a\u00f1o arrancaron a ir a la cancha? \u00bfQui\u00e9n los llevaba? Arrancamos en el 90, por ah\u00ed, con mi primo y amigo el Chupo. \u00cdbamos\u00a0 [&hellip;]","og_url":"https:\/\/www.padreydecano.com\/cms\/entrevistas\/banderas-penarol-sos-increible\/","og_site_name":"Padre y Decano - El Sitio del Pueblo","article_published_time":"2012-07-16T23:00:15+00:00","article_modified_time":"2012-07-16T23:11:09+00:00","og_image":[{"width":646,"height":540,"url":"https:\/\/www.padreydecano.com\/cms\/wp-content\/uploads\/2012\/07\/Pe\u00f1arol-sos-incre\u00edble-6-Copiar.jpg","type":"image\/jpeg"}],"author":"Gonzalo16","twitter_card":"summary_large_image","twitter_misc":{"Escrito por":"Gonzalo16","Tiempo de lectura":"4 minutos"},"schema":{"@context":"https:\/\/schema.org","@graph":[{"@type":"Article","@id":"https:\/\/www.padreydecano.com\/cms\/entrevistas\/banderas-penarol-sos-increible\/#article","isPartOf":{"@id":"https:\/\/www.padreydecano.com\/cms\/entrevistas\/banderas-penarol-sos-increible\/"},"author":{"name":"Gonzalo16","@id":"https:\/\/www.padreydecano.com\/cms\/#\/schema\/person\/7fe41e3e335700ebd387196df2f9a8d4"},"headline":"Banderas: Pe\u00f1arol sos incre\u00edble","datePublished":"2012-07-16T23:00:15+00:00","dateModified":"2012-07-16T23:11:09+00:00","mainEntityOfPage":{"@id":"https:\/\/www.padreydecano.com\/cms\/entrevistas\/banderas-penarol-sos-increible\/"},"wordCount":709,"commentCount":1,"publisher":{"@id":"https:\/\/www.padreydecano.com\/cms\/#organization"},"image":{"@id":"https:\/\/www.padreydecano.com\/cms\/entrevistas\/banderas-penarol-sos-increible\/#primaryimage"},"thumbnailUrl":"https:\/\/www.padreydecano.com\/cms\/wp-content\/uploads\/2012\/07\/Pe\u00f1arol-sos-incre\u00edble-6-Copiar.jpg","keywords":["Banderas"],"articleSection":["Entrevistas"],"inLanguage":"es","potentialAction":[{"@type":"CommentAction","name":"Comment","target":["https:\/\/www.padreydecano.com\/cms\/entrevistas\/banderas-penarol-sos-increible\/#respond"]}]},{"@type":"WebPage","@id":"https:\/\/www.padreydecano.com\/cms\/entrevistas\/banderas-penarol-sos-increible\/","url":"https:\/\/www.padreydecano.com\/cms\/entrevistas\/banderas-penarol-sos-increible\/","name":"Banderas: Pe\u00f1arol sos incre\u00edble - Padre y Decano - El Sitio del Pueblo","isPartOf":{"@id":"https:\/\/www.padreydecano.com\/cms\/#website"},"primaryImageOfPage":{"@id":"https:\/\/www.padreydecano.com\/cms\/entrevistas\/banderas-penarol-sos-increible\/#primaryimage"},"image":{"@id":"https:\/\/www.padreydecano.com\/cms\/entrevistas\/banderas-penarol-sos-increible\/#primaryimage"},"thumbnailUrl":"https:\/\/www.padreydecano.com\/cms\/wp-content\/uploads\/2012\/07\/Pe\u00f1arol-sos-incre\u00edble-6-Copiar.jpg","datePublished":"2012-07-16T23:00:15+00:00","dateModified":"2012-07-16T23:11:09+00:00","breadcrumb":{"@id":"https:\/\/www.padreydecano.com\/cms\/entrevistas\/banderas-penarol-sos-increible\/#breadcrumb"},"inLanguage":"es","potentialAction":[{"@type":"ReadAction","target":["https:\/\/www.padreydecano.com\/cms\/entrevistas\/banderas-penarol-sos-increible\/"]}]},{"@type":"ImageObject","inLanguage":"es","@id":"https:\/\/www.padreydecano.com\/cms\/entrevistas\/banderas-penarol-sos-increible\/#primaryimage","url":"https:\/\/www.padreydecano.com\/cms\/wp-content\/uploads\/2012\/07\/Pe\u00f1arol-sos-incre\u00edble-6-Copiar.jpg","contentUrl":"https:\/\/www.padreydecano.com\/cms\/wp-content\/uploads\/2012\/07\/Pe\u00f1arol-sos-incre\u00edble-6-Copiar.jpg","width":"646","height":"540"},{"@type":"BreadcrumbList","@id":"https:\/\/www.padreydecano.com\/cms\/entrevistas\/banderas-penarol-sos-increible\/#breadcrumb","itemListElement":[{"@type":"ListItem","position":1,"name":"Portada","item":"https:\/\/www.padreydecano.com\/cms\/"},{"@type":"ListItem","position":2,"name":"Banderas: Pe\u00f1arol sos incre\u00edble"}]},{"@type":"WebSite","@id":"https:\/\/www.padreydecano.com\/cms\/#website","url":"https:\/\/www.padreydecano.com\/cms\/","name":"Padre y Decano - El Sitio del Pueblo","description":"Club Atl\u00e9tico Pe\u00f1arol","publisher":{"@id":"https:\/\/www.padreydecano.com\/cms\/#organization"},"potentialAction":[{"@type":"SearchAction","target":{"@type":"EntryPoint","urlTemplate":"https:\/\/www.padreydecano.com\/cms\/?s={search_term_string}"},"query-input":"required name=search_term_string"}],"inLanguage":"es"},{"@type":"Organization","@id":"https:\/\/www.padreydecano.com\/cms\/#organization","name":"Padre y Decano","url":"https:\/\/www.padreydecano.com\/cms\/","logo":{"@type":"ImageObject","inLanguage":"es","@id":"https:\/\/www.padreydecano.com\/cms\/#\/schema\/logo\/image\/","url":"https:\/\/www.padreydecano.com\/cms\/wp-content\/uploads\/2022\/01\/avatar-square.png","contentUrl":"https:\/\/www.padreydecano.com\/cms\/wp-content\/uploads\/2022\/01\/avatar-square.png","width":1500,"height":1500,"caption":"Padre y Decano"},"image":{"@id":"https:\/\/www.padreydecano.com\/cms\/#\/schema\/logo\/image\/"}},{"@type":"Person","@id":"https:\/\/www.padreydecano.com\/cms\/#\/schema\/person\/7fe41e3e335700ebd387196df2f9a8d4","name":"Gonzalo16","image":{"@type":"ImageObject","inLanguage":"es","@id":"https:\/\/www.padreydecano.com\/cms\/#\/schema\/person\/image\/","url":"https:\/\/secure.gravatar.com\/avatar\/4d5cdd49803a2313c01f77e3dfc05d81?s=96&d=https%3A%2F%2Fpadreydecano.com%2Fcms%2Fwp-content%2Fthemes%2Fpyd-theme%2Fimg%2Fdefault-avatar.png&r=g","contentUrl":"https:\/\/secure.gravatar.com\/avatar\/4d5cdd49803a2313c01f77e3dfc05d81?s=96&d=https%3A%2F%2Fpadreydecano.com%2Fcms%2Fwp-content%2Fthemes%2Fpyd-theme%2Fimg%2Fdefault-avatar.png&r=g","caption":"Gonzalo16"}}]}},"_links":{"self":[{"href":"https:\/\/www.padreydecano.com\/cms\/wp-json\/wp\/v2\/posts\/25824"}],"collection":[{"href":"https:\/\/www.padreydecano.com\/cms\/wp-json\/wp\/v2\/posts"}],"about":[{"href":"https:\/\/www.padreydecano.com\/cms\/wp-json\/wp\/v2\/types\/post"}],"author":[{"embeddable":true,"href":"https:\/\/www.padreydecano.com\/cms\/wp-json\/wp\/v2\/users\/2"}],"replies":[{"embeddable":true,"href":"https:\/\/www.padreydecano.com\/cms\/wp-json\/wp\/v2\/comments?post=25824"}],"version-history":[{"count":0,"href":"https:\/\/www.padreydecano.com\/cms\/wp-json\/wp\/v2\/posts\/25824\/revisions"}],"wp:featuredmedia":[{"embeddable":true,"href":"https:\/\/www.padreydecano.com\/cms\/wp-json\/wp\/v2\/media\/25860"}],"wp:attachment":[{"href":"https:\/\/www.padreydecano.com\/cms\/wp-json\/wp\/v2\/media?parent=25824"}],"wp:term":[{"taxonomy":"category","embeddable":true,"href":"https:\/\/www.padreydecano.com\/cms\/wp-json\/wp\/v2\/categories?post=25824"},{"taxonomy":"post_tag","embeddable":true,"href":"https:\/\/www.padreydecano.com\/cms\/wp-json\/wp\/v2\/tags?post=25824"}],"curies":[{"name":"wp","href":"https:\/\/api.w.org\/{rel}","templated":true}]}}