{"id":25641,"date":"2012-07-06T08:40:23","date_gmt":"2012-07-06T11:40:23","guid":{"rendered":"http:\/\/www.padreydecano.com\/cms\/?p=25641"},"modified":"2012-07-05T16:55:24","modified_gmt":"2012-07-05T19:55:24","slug":"pena-mercedes-realizo-donacion-de-abrigo","status":"publish","type":"post","link":"https:\/\/www.padreydecano.com\/cms\/penas\/pena-mercedes-realizo-donacion-de-abrigo\/","title":{"rendered":"Pe\u00f1a Mercedes realiz\u00f3 donaci\u00f3n de abrigo"},"content":{"rendered":"<p style=\"text-align: justify;\"><a href=\"https:\/\/www.padreydecano.com\/cms\/wp-content\/uploads\/2012\/07\/foto-111.jpg\" rel=\"shadowbox[sbpost-25641];player=img;\"><img loading=\"lazy\" decoding=\"async\" class=\"alignright  wp-image-25661\" src=\"https:\/\/www.padreydecano.com\/cms\/wp-content\/uploads\/2012\/07\/foto-111-300x168.jpg\" alt=\"\" width=\"240\" height=\"134\" srcset=\"https:\/\/www.padreydecano.com\/cms\/wp-content\/uploads\/2012\/07\/foto-111-300x168.jpg 300w, https:\/\/www.padreydecano.com\/cms\/wp-content\/uploads\/2012\/07\/foto-111-195x110.jpg 195w, https:\/\/www.padreydecano.com\/cms\/wp-content\/uploads\/2012\/07\/foto-111.jpg 720w\" sizes=\"(max-width: 240px) 100vw, 240px\" \/><\/a>La Pe\u00f1a de Mercedes\u00a0<strong>\u00abPablo y Diego Forlan\u00a0<strong>&#8216;<\/strong>Barra Mercedes\u00bb\u00a0<\/strong>se unieron<strong>\u00a0<\/strong>a la Campa\u00f1a del Abrigo durante este invierno y\u00a0<span style=\"color: #ffcc02;\"><strong>Padre y Decano<\/strong><\/span>\u00a0dialog\u00f3 con\u00a0<strong>Fabio\u00a0Garcilazo<\/strong>,\u00a0integrante de la<strong>\u00a0<\/strong>Pe\u00f1a de Mercedes, para contarnos de la movida.<\/p>\n<p><span style=\"color: #ffcc02;\"><strong>\u00bfC\u00f3mo surgi\u00f3 la idea de llevar adelante esta campa\u00f1a?<\/strong><\/span><\/p>\n<p style=\"text-align: justify;\"><em>Este es el segundo a\u00f1o que realizamos la campa\u00f1a del abrigo. Nos gust\u00f3 la misma idea de traerla a Mercedes ya que\u00a0ac\u00e1\u00a0tambi\u00e9n\u00a0hay gente de poco recursos como en todos lados \u00a0y precisa una mano de nosotros.<\/em><\/p>\n<p><span style=\"color: #ffcc02;\"><strong>\u00bfCu\u00e1ndo juntaron las prendas y como se difundi\u00f3?<\/strong><\/span><\/p>\n<p style=\"text-align: justify;\"><em>Arrancamos con la campa\u00f1a el\u00a0d\u00eda\u00a05 de Junio y la finalizamos el 30. La\u00a0difusi\u00f3n\u00a0fue a\u00a0trav\u00e9s\u00a0de la prensa local en informativos de radios y programas de TV y diario.<\/em><\/p>\n<p><span style=\"color: #ffcc02;\"><strong>\u00bfD\u00f3nde realizaron la recolecci\u00f3n?<\/strong><\/span><\/p>\n<p style=\"text-align: justify;\"><em>La\u00a0recolecci\u00f3n\u00a0se hizo en donde hoy en\u00a0d\u00eda\u00a0nos juntamos que es en la esquina de Artigas y Ferreria y diferentes puntos de la cuidad, como lo son comercios locales que nos ayudaron y no tuvieron problema en juntarla\u00a0ah\u00ed.\u00a0Despu\u00e9s, a\u00a0trav\u00e9s\u00a0de mensajes de texto la pas\u00e1bamos a buscar por los domicilios de gente que no pod\u00eda salir de sus casas.<\/em><\/p>\n<p><span style=\"color: #ffcc02;\"><strong>\u00bfA qu\u00e9 centro beneficiaron?<\/strong><\/span><\/p>\n<p style=\"text-align: justify;\"><em>El centro beneficiado fue la Cruz Roja.<\/em><\/p>\n<p><span style=\"color: #ffcc02;\"><strong>\u00bfC\u00f3mo hicieron la entrega?<\/strong><\/span><\/p>\n<p style=\"text-align: justify;\"><em>La Intendencia nos prest\u00f3 un\u00a0cami\u00f3n\u00a0para trasladar toda la ropa que hab\u00edamos juntado ya que era demasiada, para poder llevarla a dicho local.\u00a0<\/em><\/p>\n<p>&nbsp;<\/p>\n<p>Desde\u00a0<span style=\"color: #ffcc02;\"><strong>Padre y Decano<\/strong><\/span>\u00a0felicitamos a la Pe\u00f1a de Mercedes por haberse sumado a la Campa\u00f1a del Abrigo 2012.<\/p>\n\n\t\t<style type=\"text\/css\">\n\t\t\t#gallery-1 {\n\t\t\t\tmargin: auto;\n\t\t\t}\n\t\t\t#gallery-1 .gallery-item {\n\t\t\t\tfloat: left;\n\t\t\t\tmargin-top: 10px;\n\t\t\t\ttext-align: center;\n\t\t\t\twidth: 33%;\n\t\t\t}\n\t\t\t#gallery-1 img {\n\t\t\t\tborder: 2px solid #cfcfcf;\n\t\t\t}\n\t\t\t#gallery-1 .gallery-caption {\n\t\t\t\tmargin-left: 0;\n\t\t\t}\n\t\t\t\/* see gallery_shortcode() in wp-includes\/media.php *\/\n\t\t<\/style>\n\t\t<div id='gallery-1' class='gallery galleryid-25641 gallery-columns-3 gallery-size-thumbnail'><dl class='gallery-item'>\n\t\t\t<dt class='gallery-icon landscape'>\n\t\t\t\t<a href='https:\/\/www.padreydecano.com\/cms\/wp-content\/uploads\/2012\/07\/foto-110.jpg' rel='shadowbox[sbalbum-25641];player=img;'><img loading=\"lazy\" decoding=\"async\" width=\"150\" height=\"150\" src=\"https:\/\/www.padreydecano.com\/cms\/wp-content\/uploads\/2012\/07\/foto-110-150x150.jpg\" class=\"attachment-thumbnail size-thumbnail\" alt=\"\" srcset=\"https:\/\/www.padreydecano.com\/cms\/wp-content\/uploads\/2012\/07\/foto-110-150x150.jpg 150w, https:\/\/www.padreydecano.com\/cms\/wp-content\/uploads\/2012\/07\/foto-110-36x36.jpg 36w, https:\/\/www.padreydecano.com\/cms\/wp-content\/uploads\/2012\/07\/foto-110-115x115.jpg 115w\" sizes=\"(max-width: 150px) 100vw, 150px\" \/><\/a>\n\t\t\t<\/dt><\/dl><dl class='gallery-item'>\n\t\t\t<dt class='gallery-icon landscape'>\n\t\t\t\t<a href='https:\/\/www.padreydecano.com\/cms\/wp-content\/uploads\/2012\/07\/foto-2.jpg' rel='shadowbox[sbalbum-25641];player=img;'><img loading=\"lazy\" decoding=\"async\" width=\"150\" height=\"150\" src=\"https:\/\/www.padreydecano.com\/cms\/wp-content\/uploads\/2012\/07\/foto-2-150x150.jpg\" class=\"attachment-thumbnail size-thumbnail\" alt=\"\" srcset=\"https:\/\/www.padreydecano.com\/cms\/wp-content\/uploads\/2012\/07\/foto-2-150x150.jpg 150w, https:\/\/www.padreydecano.com\/cms\/wp-content\/uploads\/2012\/07\/foto-2-36x36.jpg 36w, https:\/\/www.padreydecano.com\/cms\/wp-content\/uploads\/2012\/07\/foto-2-115x115.jpg 115w\" sizes=\"(max-width: 150px) 100vw, 150px\" \/><\/a>\n\t\t\t<\/dt><\/dl><dl class='gallery-item'>\n\t\t\t<dt class='gallery-icon landscape'>\n\t\t\t\t<a href='https:\/\/www.padreydecano.com\/cms\/wp-content\/uploads\/2012\/07\/foto-311.jpg' rel='shadowbox[sbalbum-25641];player=img;'><img loading=\"lazy\" decoding=\"async\" width=\"150\" height=\"150\" src=\"https:\/\/www.padreydecano.com\/cms\/wp-content\/uploads\/2012\/07\/foto-311-150x150.jpg\" class=\"attachment-thumbnail size-thumbnail\" alt=\"\" srcset=\"https:\/\/www.padreydecano.com\/cms\/wp-content\/uploads\/2012\/07\/foto-311-150x150.jpg 150w, https:\/\/www.padreydecano.com\/cms\/wp-content\/uploads\/2012\/07\/foto-311-36x36.jpg 36w, https:\/\/www.padreydecano.com\/cms\/wp-content\/uploads\/2012\/07\/foto-311-115x115.jpg 115w\" sizes=\"(max-width: 150px) 100vw, 150px\" \/><\/a>\n\t\t\t<\/dt><\/dl><br style=\"clear: both\" \/><dl class='gallery-item'>\n\t\t\t<dt class='gallery-icon landscape'>\n\t\t\t\t<a href='https:\/\/www.padreydecano.com\/cms\/wp-content\/uploads\/2012\/07\/foto-411.jpg' rel='shadowbox[sbalbum-25641];player=img;'><img loading=\"lazy\" decoding=\"async\" width=\"150\" height=\"150\" src=\"https:\/\/www.padreydecano.com\/cms\/wp-content\/uploads\/2012\/07\/foto-411-150x150.jpg\" class=\"attachment-thumbnail size-thumbnail\" alt=\"\" srcset=\"https:\/\/www.padreydecano.com\/cms\/wp-content\/uploads\/2012\/07\/foto-411-150x150.jpg 150w, https:\/\/www.padreydecano.com\/cms\/wp-content\/uploads\/2012\/07\/foto-411-36x36.jpg 36w, https:\/\/www.padreydecano.com\/cms\/wp-content\/uploads\/2012\/07\/foto-411-115x115.jpg 115w\" sizes=\"(max-width: 150px) 100vw, 150px\" \/><\/a>\n\t\t\t<\/dt><\/dl><dl class='gallery-item'>\n\t\t\t<dt class='gallery-icon landscape'>\n\t\t\t\t<a href='https:\/\/www.padreydecano.com\/cms\/wp-content\/uploads\/2012\/07\/foto-54.jpg' rel='shadowbox[sbalbum-25641];player=img;'><img loading=\"lazy\" decoding=\"async\" width=\"150\" height=\"150\" src=\"https:\/\/www.padreydecano.com\/cms\/wp-content\/uploads\/2012\/07\/foto-54-150x150.jpg\" class=\"attachment-thumbnail size-thumbnail\" alt=\"\" srcset=\"https:\/\/www.padreydecano.com\/cms\/wp-content\/uploads\/2012\/07\/foto-54-150x150.jpg 150w, https:\/\/www.padreydecano.com\/cms\/wp-content\/uploads\/2012\/07\/foto-54-36x36.jpg 36w, https:\/\/www.padreydecano.com\/cms\/wp-content\/uploads\/2012\/07\/foto-54-115x115.jpg 115w\" sizes=\"(max-width: 150px) 100vw, 150px\" \/><\/a>\n\t\t\t<\/dt><\/dl><dl class='gallery-item'>\n\t\t\t<dt class='gallery-icon landscape'>\n\t\t\t\t<a href='https:\/\/www.padreydecano.com\/cms\/wp-content\/uploads\/2012\/07\/foto-62.jpg' rel='shadowbox[sbalbum-25641];player=img;'><img loading=\"lazy\" decoding=\"async\" width=\"150\" height=\"150\" src=\"https:\/\/www.padreydecano.com\/cms\/wp-content\/uploads\/2012\/07\/foto-62-150x150.jpg\" class=\"attachment-thumbnail size-thumbnail\" alt=\"\" srcset=\"https:\/\/www.padreydecano.com\/cms\/wp-content\/uploads\/2012\/07\/foto-62-150x150.jpg 150w, https:\/\/www.padreydecano.com\/cms\/wp-content\/uploads\/2012\/07\/foto-62-36x36.jpg 36w, https:\/\/www.padreydecano.com\/cms\/wp-content\/uploads\/2012\/07\/foto-62-115x115.jpg 115w\" sizes=\"(max-width: 150px) 100vw, 150px\" \/><\/a>\n\t\t\t<\/dt><\/dl><br style=\"clear: both\" \/><dl class='gallery-item'>\n\t\t\t<dt class='gallery-icon landscape'>\n\t\t\t\t<a href='https:\/\/www.padreydecano.com\/cms\/wp-content\/uploads\/2012\/07\/foto-72.jpg' rel='shadowbox[sbalbum-25641];player=img;'><img loading=\"lazy\" decoding=\"async\" width=\"150\" height=\"150\" src=\"https:\/\/www.padreydecano.com\/cms\/wp-content\/uploads\/2012\/07\/foto-72-150x150.jpg\" class=\"attachment-thumbnail size-thumbnail\" alt=\"\" srcset=\"https:\/\/www.padreydecano.com\/cms\/wp-content\/uploads\/2012\/07\/foto-72-150x150.jpg 150w, https:\/\/www.padreydecano.com\/cms\/wp-content\/uploads\/2012\/07\/foto-72-36x36.jpg 36w, https:\/\/www.padreydecano.com\/cms\/wp-content\/uploads\/2012\/07\/foto-72-115x115.jpg 115w\" sizes=\"(max-width: 150px) 100vw, 150px\" \/><\/a>\n\t\t\t<\/dt><\/dl><dl class='gallery-item'>\n\t\t\t<dt class='gallery-icon landscape'>\n\t\t\t\t<a href='https:\/\/www.padreydecano.com\/cms\/wp-content\/uploads\/2012\/07\/foto-82.jpg' rel='shadowbox[sbalbum-25641];player=img;'><img loading=\"lazy\" decoding=\"async\" width=\"150\" height=\"150\" src=\"https:\/\/www.padreydecano.com\/cms\/wp-content\/uploads\/2012\/07\/foto-82-150x150.jpg\" class=\"attachment-thumbnail size-thumbnail\" alt=\"\" srcset=\"https:\/\/www.padreydecano.com\/cms\/wp-content\/uploads\/2012\/07\/foto-82-150x150.jpg 150w, https:\/\/www.padreydecano.com\/cms\/wp-content\/uploads\/2012\/07\/foto-82-36x36.jpg 36w, https:\/\/www.padreydecano.com\/cms\/wp-content\/uploads\/2012\/07\/foto-82-115x115.jpg 115w\" sizes=\"(max-width: 150px) 100vw, 150px\" \/><\/a>\n\t\t\t<\/dt><\/dl><dl class='gallery-item'>\n\t\t\t<dt class='gallery-icon landscape'>\n\t\t\t\t<a href='https:\/\/www.padreydecano.com\/cms\/wp-content\/uploads\/2012\/07\/foto-92.jpg' rel='shadowbox[sbalbum-25641];player=img;'><img loading=\"lazy\" decoding=\"async\" width=\"150\" height=\"150\" src=\"https:\/\/www.padreydecano.com\/cms\/wp-content\/uploads\/2012\/07\/foto-92-150x150.jpg\" class=\"attachment-thumbnail size-thumbnail\" alt=\"\" srcset=\"https:\/\/www.padreydecano.com\/cms\/wp-content\/uploads\/2012\/07\/foto-92-150x150.jpg 150w, https:\/\/www.padreydecano.com\/cms\/wp-content\/uploads\/2012\/07\/foto-92-36x36.jpg 36w, https:\/\/www.padreydecano.com\/cms\/wp-content\/uploads\/2012\/07\/foto-92-115x115.jpg 115w\" sizes=\"(max-width: 150px) 100vw, 150px\" \/><\/a>\n\t\t\t<\/dt><\/dl><br style=\"clear: both\" \/><dl class='gallery-item'>\n\t\t\t<dt class='gallery-icon landscape'>\n\t\t\t\t<a href='https:\/\/www.padreydecano.com\/cms\/wp-content\/uploads\/2012\/07\/foto-101.jpg' rel='shadowbox[sbalbum-25641];player=img;'><img loading=\"lazy\" decoding=\"async\" width=\"150\" height=\"150\" src=\"https:\/\/www.padreydecano.com\/cms\/wp-content\/uploads\/2012\/07\/foto-101-150x150.jpg\" class=\"attachment-thumbnail size-thumbnail\" alt=\"\" srcset=\"https:\/\/www.padreydecano.com\/cms\/wp-content\/uploads\/2012\/07\/foto-101-150x150.jpg 150w, https:\/\/www.padreydecano.com\/cms\/wp-content\/uploads\/2012\/07\/foto-101-36x36.jpg 36w, https:\/\/www.padreydecano.com\/cms\/wp-content\/uploads\/2012\/07\/foto-101-115x115.jpg 115w\" sizes=\"(max-width: 150px) 100vw, 150px\" \/><\/a>\n\t\t\t<\/dt><\/dl><dl class='gallery-item'>\n\t\t\t<dt class='gallery-icon landscape'>\n\t\t\t\t<a href='https:\/\/www.padreydecano.com\/cms\/wp-content\/uploads\/2012\/07\/foto-111.jpg' rel='shadowbox[sbalbum-25641];player=img;'><img loading=\"lazy\" decoding=\"async\" width=\"150\" height=\"150\" src=\"https:\/\/www.padreydecano.com\/cms\/wp-content\/uploads\/2012\/07\/foto-111-150x150.jpg\" class=\"attachment-thumbnail size-thumbnail\" alt=\"\" srcset=\"https:\/\/www.padreydecano.com\/cms\/wp-content\/uploads\/2012\/07\/foto-111-150x150.jpg 150w, https:\/\/www.padreydecano.com\/cms\/wp-content\/uploads\/2012\/07\/foto-111-36x36.jpg 36w, https:\/\/www.padreydecano.com\/cms\/wp-content\/uploads\/2012\/07\/foto-111-115x115.jpg 115w\" sizes=\"(max-width: 150px) 100vw, 150px\" \/><\/a>\n\t\t\t<\/dt><\/dl><dl class='gallery-item'>\n\t\t\t<dt class='gallery-icon landscape'>\n\t\t\t\t<a href='https:\/\/www.padreydecano.com\/cms\/wp-content\/uploads\/2012\/07\/foto-121.jpg' rel='shadowbox[sbalbum-25641];player=img;'><img loading=\"lazy\" decoding=\"async\" width=\"150\" height=\"150\" src=\"https:\/\/www.padreydecano.com\/cms\/wp-content\/uploads\/2012\/07\/foto-121-150x150.jpg\" class=\"attachment-thumbnail size-thumbnail\" alt=\"\" srcset=\"https:\/\/www.padreydecano.com\/cms\/wp-content\/uploads\/2012\/07\/foto-121-150x150.jpg 150w, https:\/\/www.padreydecano.com\/cms\/wp-content\/uploads\/2012\/07\/foto-121-36x36.jpg 36w, https:\/\/www.padreydecano.com\/cms\/wp-content\/uploads\/2012\/07\/foto-121-115x115.jpg 115w\" sizes=\"(max-width: 150px) 100vw, 150px\" \/><\/a>\n\t\t\t<\/dt><\/dl><br style=\"clear: both\" \/>\n\t\t<\/div>\n\n","protected":false},"excerpt":{"rendered":"<p>La Pe\u00f1a de Mercedes\u00a0\u00abPablo y Diego Forlan\u00a0&#8216;Barra Mercedes\u00bb\u00a0se unieron\u00a0a la Campa\u00f1a del Abrigo durante este invierno y\u00a0Padre y Decano\u00a0dialog\u00f3 con\u00a0Fabio\u00a0Garcilazo,\u00a0integrante de la\u00a0Pe\u00f1a de Mercedes, para contarnos de la movida. \u00bfC\u00f3mo surgi\u00f3 la idea de llevar adelante esta campa\u00f1a? Este es el segundo a\u00f1o que realizamos la campa\u00f1a del abrigo. Nos gust\u00f3 la misma idea de [&hellip;]<\/p>\n","protected":false},"author":10,"featured_media":25651,"comment_status":"open","ping_status":"closed","sticky":false,"template":"","format":"standard","meta":{"footnotes":""},"categories":[42],"tags":[101],"yoast_head":"<!-- This site is optimized with the Yoast SEO plugin v23.2 - https:\/\/yoast.com\/wordpress\/plugins\/seo\/ -->\n<title>Pe\u00f1a Mercedes realiz\u00f3 donaci\u00f3n de abrigo - Padre y Decano - El Sitio del Pueblo<\/title>\n<meta name=\"robots\" content=\"index, follow, max-snippet:-1, max-image-preview:large, max-video-preview:-1\" \/>\n<link rel=\"canonical\" href=\"https:\/\/www.padreydecano.com\/cms\/penas\/pena-mercedes-realizo-donacion-de-abrigo\/\" \/>\n<meta property=\"og:locale\" content=\"es_ES\" \/>\n<meta property=\"og:type\" content=\"article\" \/>\n<meta property=\"og:title\" content=\"Pe\u00f1a Mercedes realiz\u00f3 donaci\u00f3n de abrigo - Padre y Decano - El Sitio del Pueblo\" \/>\n<meta property=\"og:description\" content=\"La Pe\u00f1a de Mercedes\u00a0\u00abPablo y Diego Forlan\u00a0&#8216;Barra Mercedes\u00bb\u00a0se unieron\u00a0a la Campa\u00f1a del Abrigo durante este invierno y\u00a0Padre y Decano\u00a0dialog\u00f3 con\u00a0Fabio\u00a0Garcilazo,\u00a0integrante de la\u00a0Pe\u00f1a de Mercedes, para contarnos de la movida. \u00bfC\u00f3mo surgi\u00f3 la idea de llevar adelante esta campa\u00f1a? Este es el segundo a\u00f1o que realizamos la campa\u00f1a del abrigo. Nos gust\u00f3 la misma idea de [&hellip;]\" \/>\n<meta property=\"og:url\" content=\"https:\/\/www.padreydecano.com\/cms\/penas\/pena-mercedes-realizo-donacion-de-abrigo\/\" \/>\n<meta property=\"og:site_name\" content=\"Padre y Decano - El Sitio del Pueblo\" \/>\n<meta property=\"article:published_time\" content=\"2012-07-06T11:40:23+00:00\" \/>\n<meta property=\"article:modified_time\" content=\"2012-07-05T19:55:24+00:00\" \/>\n<meta property=\"og:image\" content=\"https:\/\/www.padreydecano.com\/cms\/wp-content\/uploads\/2012\/07\/foto-110.jpg\" \/>\n\t<meta property=\"og:image:width\" content=\"718\" \/>\n\t<meta property=\"og:image:height\" content=\"540\" \/>\n\t<meta property=\"og:image:type\" content=\"image\/jpeg\" \/>\n<meta name=\"author\" content=\"fishoapyd\" \/>\n<meta name=\"twitter:card\" content=\"summary_large_image\" \/>\n<meta name=\"twitter:label1\" content=\"Escrito por\" \/>\n\t<meta name=\"twitter:data1\" content=\"fishoapyd\" \/>\n\t<meta name=\"twitter:label2\" content=\"Tiempo de lectura\" \/>\n\t<meta name=\"twitter:data2\" content=\"1 minuto\" \/>\n<script type=\"application\/ld+json\" class=\"yoast-schema-graph\">{\"@context\":\"https:\/\/schema.org\",\"@graph\":[{\"@type\":\"Article\",\"@id\":\"https:\/\/www.padreydecano.com\/cms\/penas\/pena-mercedes-realizo-donacion-de-abrigo\/#article\",\"isPartOf\":{\"@id\":\"https:\/\/www.padreydecano.com\/cms\/penas\/pena-mercedes-realizo-donacion-de-abrigo\/\"},\"author\":{\"name\":\"fishoapyd\",\"@id\":\"https:\/\/www.padreydecano.com\/cms\/#\/schema\/person\/1376f1ec91158cca7aeef6d2109f929d\"},\"headline\":\"Pe\u00f1a Mercedes realiz\u00f3 donaci\u00f3n de abrigo\",\"datePublished\":\"2012-07-06T11:40:23+00:00\",\"dateModified\":\"2012-07-05T19:55:24+00:00\",\"mainEntityOfPage\":{\"@id\":\"https:\/\/www.padreydecano.com\/cms\/penas\/pena-mercedes-realizo-donacion-de-abrigo\/\"},\"wordCount\":289,\"commentCount\":2,\"publisher\":{\"@id\":\"https:\/\/www.padreydecano.com\/cms\/#organization\"},\"image\":{\"@id\":\"https:\/\/www.padreydecano.com\/cms\/penas\/pena-mercedes-realizo-donacion-de-abrigo\/#primaryimage\"},\"thumbnailUrl\":\"https:\/\/www.padreydecano.com\/cms\/wp-content\/uploads\/2012\/07\/foto-110.jpg\",\"keywords\":[\"Movidas Solidarias\"],\"articleSection\":[\"Pe\u00f1as\"],\"inLanguage\":\"es\",\"potentialAction\":[{\"@type\":\"CommentAction\",\"name\":\"Comment\",\"target\":[\"https:\/\/www.padreydecano.com\/cms\/penas\/pena-mercedes-realizo-donacion-de-abrigo\/#respond\"]}]},{\"@type\":\"WebPage\",\"@id\":\"https:\/\/www.padreydecano.com\/cms\/penas\/pena-mercedes-realizo-donacion-de-abrigo\/\",\"url\":\"https:\/\/www.padreydecano.com\/cms\/penas\/pena-mercedes-realizo-donacion-de-abrigo\/\",\"name\":\"Pe\u00f1a Mercedes realiz\u00f3 donaci\u00f3n de abrigo - Padre y Decano - El Sitio del Pueblo\",\"isPartOf\":{\"@id\":\"https:\/\/www.padreydecano.com\/cms\/#website\"},\"primaryImageOfPage\":{\"@id\":\"https:\/\/www.padreydecano.com\/cms\/penas\/pena-mercedes-realizo-donacion-de-abrigo\/#primaryimage\"},\"image\":{\"@id\":\"https:\/\/www.padreydecano.com\/cms\/penas\/pena-mercedes-realizo-donacion-de-abrigo\/#primaryimage\"},\"thumbnailUrl\":\"https:\/\/www.padreydecano.com\/cms\/wp-content\/uploads\/2012\/07\/foto-110.jpg\",\"datePublished\":\"2012-07-06T11:40:23+00:00\",\"dateModified\":\"2012-07-05T19:55:24+00:00\",\"breadcrumb\":{\"@id\":\"https:\/\/www.padreydecano.com\/cms\/penas\/pena-mercedes-realizo-donacion-de-abrigo\/#breadcrumb\"},\"inLanguage\":\"es\",\"potentialAction\":[{\"@type\":\"ReadAction\",\"target\":[\"https:\/\/www.padreydecano.com\/cms\/penas\/pena-mercedes-realizo-donacion-de-abrigo\/\"]}]},{\"@type\":\"ImageObject\",\"inLanguage\":\"es\",\"@id\":\"https:\/\/www.padreydecano.com\/cms\/penas\/pena-mercedes-realizo-donacion-de-abrigo\/#primaryimage\",\"url\":\"https:\/\/www.padreydecano.com\/cms\/wp-content\/uploads\/2012\/07\/foto-110.jpg\",\"contentUrl\":\"https:\/\/www.padreydecano.com\/cms\/wp-content\/uploads\/2012\/07\/foto-110.jpg\",\"width\":\"718\",\"height\":\"540\"},{\"@type\":\"BreadcrumbList\",\"@id\":\"https:\/\/www.padreydecano.com\/cms\/penas\/pena-mercedes-realizo-donacion-de-abrigo\/#breadcrumb\",\"itemListElement\":[{\"@type\":\"ListItem\",\"position\":1,\"name\":\"Portada\",\"item\":\"https:\/\/www.padreydecano.com\/cms\/\"},{\"@type\":\"ListItem\",\"position\":2,\"name\":\"Pe\u00f1a Mercedes realiz\u00f3 donaci\u00f3n de abrigo\"}]},{\"@type\":\"WebSite\",\"@id\":\"https:\/\/www.padreydecano.com\/cms\/#website\",\"url\":\"https:\/\/www.padreydecano.com\/cms\/\",\"name\":\"Padre y Decano - El Sitio del Pueblo\",\"description\":\"Club Atl\u00e9tico Pe\u00f1arol\",\"publisher\":{\"@id\":\"https:\/\/www.padreydecano.com\/cms\/#organization\"},\"potentialAction\":[{\"@type\":\"SearchAction\",\"target\":{\"@type\":\"EntryPoint\",\"urlTemplate\":\"https:\/\/www.padreydecano.com\/cms\/?s={search_term_string}\"},\"query-input\":\"required name=search_term_string\"}],\"inLanguage\":\"es\"},{\"@type\":\"Organization\",\"@id\":\"https:\/\/www.padreydecano.com\/cms\/#organization\",\"name\":\"Padre y Decano\",\"url\":\"https:\/\/www.padreydecano.com\/cms\/\",\"logo\":{\"@type\":\"ImageObject\",\"inLanguage\":\"es\",\"@id\":\"https:\/\/www.padreydecano.com\/cms\/#\/schema\/logo\/image\/\",\"url\":\"https:\/\/www.padreydecano.com\/cms\/wp-content\/uploads\/2022\/01\/avatar-square.png\",\"contentUrl\":\"https:\/\/www.padreydecano.com\/cms\/wp-content\/uploads\/2022\/01\/avatar-square.png\",\"width\":1500,\"height\":1500,\"caption\":\"Padre y Decano\"},\"image\":{\"@id\":\"https:\/\/www.padreydecano.com\/cms\/#\/schema\/logo\/image\/\"}},{\"@type\":\"Person\",\"@id\":\"https:\/\/www.padreydecano.com\/cms\/#\/schema\/person\/1376f1ec91158cca7aeef6d2109f929d\",\"name\":\"fishoapyd\",\"image\":{\"@type\":\"ImageObject\",\"inLanguage\":\"es\",\"@id\":\"https:\/\/www.padreydecano.com\/cms\/#\/schema\/person\/image\/\",\"url\":\"https:\/\/www.padreydecano.com\/cms\/wp-content\/uploads\/2022\/12\/avatar-square-1.png\",\"contentUrl\":\"https:\/\/www.padreydecano.com\/cms\/wp-content\/uploads\/2022\/12\/avatar-square-1.png\",\"caption\":\"fishoapyd\"},\"sameAs\":[\"http:\/\/www.padreydecano.com\"]}]}<\/script>\n<!-- \/ Yoast SEO plugin. -->","yoast_head_json":{"title":"Pe\u00f1a Mercedes realiz\u00f3 donaci\u00f3n de abrigo - Padre y Decano - El Sitio del Pueblo","robots":{"index":"index","follow":"follow","max-snippet":"max-snippet:-1","max-image-preview":"max-image-preview:large","max-video-preview":"max-video-preview:-1"},"canonical":"https:\/\/www.padreydecano.com\/cms\/penas\/pena-mercedes-realizo-donacion-de-abrigo\/","og_locale":"es_ES","og_type":"article","og_title":"Pe\u00f1a Mercedes realiz\u00f3 donaci\u00f3n de abrigo - Padre y Decano - El Sitio del Pueblo","og_description":"La Pe\u00f1a de Mercedes\u00a0\u00abPablo y Diego Forlan\u00a0&#8216;Barra Mercedes\u00bb\u00a0se unieron\u00a0a la Campa\u00f1a del Abrigo durante este invierno y\u00a0Padre y Decano\u00a0dialog\u00f3 con\u00a0Fabio\u00a0Garcilazo,\u00a0integrante de la\u00a0Pe\u00f1a de Mercedes, para contarnos de la movida. \u00bfC\u00f3mo surgi\u00f3 la idea de llevar adelante esta campa\u00f1a? Este es el segundo a\u00f1o que realizamos la campa\u00f1a del abrigo. Nos gust\u00f3 la misma idea de [&hellip;]","og_url":"https:\/\/www.padreydecano.com\/cms\/penas\/pena-mercedes-realizo-donacion-de-abrigo\/","og_site_name":"Padre y Decano - El Sitio del Pueblo","article_published_time":"2012-07-06T11:40:23+00:00","article_modified_time":"2012-07-05T19:55:24+00:00","og_image":[{"width":718,"height":540,"url":"https:\/\/www.padreydecano.com\/cms\/wp-content\/uploads\/2012\/07\/foto-110.jpg","type":"image\/jpeg"}],"author":"fishoapyd","twitter_card":"summary_large_image","twitter_misc":{"Escrito por":"fishoapyd","Tiempo de lectura":"1 minuto"},"schema":{"@context":"https:\/\/schema.org","@graph":[{"@type":"Article","@id":"https:\/\/www.padreydecano.com\/cms\/penas\/pena-mercedes-realizo-donacion-de-abrigo\/#article","isPartOf":{"@id":"https:\/\/www.padreydecano.com\/cms\/penas\/pena-mercedes-realizo-donacion-de-abrigo\/"},"author":{"name":"fishoapyd","@id":"https:\/\/www.padreydecano.com\/cms\/#\/schema\/person\/1376f1ec91158cca7aeef6d2109f929d"},"headline":"Pe\u00f1a Mercedes realiz\u00f3 donaci\u00f3n de abrigo","datePublished":"2012-07-06T11:40:23+00:00","dateModified":"2012-07-05T19:55:24+00:00","mainEntityOfPage":{"@id":"https:\/\/www.padreydecano.com\/cms\/penas\/pena-mercedes-realizo-donacion-de-abrigo\/"},"wordCount":289,"commentCount":2,"publisher":{"@id":"https:\/\/www.padreydecano.com\/cms\/#organization"},"image":{"@id":"https:\/\/www.padreydecano.com\/cms\/penas\/pena-mercedes-realizo-donacion-de-abrigo\/#primaryimage"},"thumbnailUrl":"https:\/\/www.padreydecano.com\/cms\/wp-content\/uploads\/2012\/07\/foto-110.jpg","keywords":["Movidas Solidarias"],"articleSection":["Pe\u00f1as"],"inLanguage":"es","potentialAction":[{"@type":"CommentAction","name":"Comment","target":["https:\/\/www.padreydecano.com\/cms\/penas\/pena-mercedes-realizo-donacion-de-abrigo\/#respond"]}]},{"@type":"WebPage","@id":"https:\/\/www.padreydecano.com\/cms\/penas\/pena-mercedes-realizo-donacion-de-abrigo\/","url":"https:\/\/www.padreydecano.com\/cms\/penas\/pena-mercedes-realizo-donacion-de-abrigo\/","name":"Pe\u00f1a Mercedes realiz\u00f3 donaci\u00f3n de abrigo - Padre y Decano - El Sitio del Pueblo","isPartOf":{"@id":"https:\/\/www.padreydecano.com\/cms\/#website"},"primaryImageOfPage":{"@id":"https:\/\/www.padreydecano.com\/cms\/penas\/pena-mercedes-realizo-donacion-de-abrigo\/#primaryimage"},"image":{"@id":"https:\/\/www.padreydecano.com\/cms\/penas\/pena-mercedes-realizo-donacion-de-abrigo\/#primaryimage"},"thumbnailUrl":"https:\/\/www.padreydecano.com\/cms\/wp-content\/uploads\/2012\/07\/foto-110.jpg","datePublished":"2012-07-06T11:40:23+00:00","dateModified":"2012-07-05T19:55:24+00:00","breadcrumb":{"@id":"https:\/\/www.padreydecano.com\/cms\/penas\/pena-mercedes-realizo-donacion-de-abrigo\/#breadcrumb"},"inLanguage":"es","potentialAction":[{"@type":"ReadAction","target":["https:\/\/www.padreydecano.com\/cms\/penas\/pena-mercedes-realizo-donacion-de-abrigo\/"]}]},{"@type":"ImageObject","inLanguage":"es","@id":"https:\/\/www.padreydecano.com\/cms\/penas\/pena-mercedes-realizo-donacion-de-abrigo\/#primaryimage","url":"https:\/\/www.padreydecano.com\/cms\/wp-content\/uploads\/2012\/07\/foto-110.jpg","contentUrl":"https:\/\/www.padreydecano.com\/cms\/wp-content\/uploads\/2012\/07\/foto-110.jpg","width":"718","height":"540"},{"@type":"BreadcrumbList","@id":"https:\/\/www.padreydecano.com\/cms\/penas\/pena-mercedes-realizo-donacion-de-abrigo\/#breadcrumb","itemListElement":[{"@type":"ListItem","position":1,"name":"Portada","item":"https:\/\/www.padreydecano.com\/cms\/"},{"@type":"ListItem","position":2,"name":"Pe\u00f1a Mercedes realiz\u00f3 donaci\u00f3n de abrigo"}]},{"@type":"WebSite","@id":"https:\/\/www.padreydecano.com\/cms\/#website","url":"https:\/\/www.padreydecano.com\/cms\/","name":"Padre y Decano - El Sitio del Pueblo","description":"Club Atl\u00e9tico Pe\u00f1arol","publisher":{"@id":"https:\/\/www.padreydecano.com\/cms\/#organization"},"potentialAction":[{"@type":"SearchAction","target":{"@type":"EntryPoint","urlTemplate":"https:\/\/www.padreydecano.com\/cms\/?s={search_term_string}"},"query-input":"required name=search_term_string"}],"inLanguage":"es"},{"@type":"Organization","@id":"https:\/\/www.padreydecano.com\/cms\/#organization","name":"Padre y Decano","url":"https:\/\/www.padreydecano.com\/cms\/","logo":{"@type":"ImageObject","inLanguage":"es","@id":"https:\/\/www.padreydecano.com\/cms\/#\/schema\/logo\/image\/","url":"https:\/\/www.padreydecano.com\/cms\/wp-content\/uploads\/2022\/01\/avatar-square.png","contentUrl":"https:\/\/www.padreydecano.com\/cms\/wp-content\/uploads\/2022\/01\/avatar-square.png","width":1500,"height":1500,"caption":"Padre y Decano"},"image":{"@id":"https:\/\/www.padreydecano.com\/cms\/#\/schema\/logo\/image\/"}},{"@type":"Person","@id":"https:\/\/www.padreydecano.com\/cms\/#\/schema\/person\/1376f1ec91158cca7aeef6d2109f929d","name":"fishoapyd","image":{"@type":"ImageObject","inLanguage":"es","@id":"https:\/\/www.padreydecano.com\/cms\/#\/schema\/person\/image\/","url":"https:\/\/www.padreydecano.com\/cms\/wp-content\/uploads\/2022\/12\/avatar-square-1.png","contentUrl":"https:\/\/www.padreydecano.com\/cms\/wp-content\/uploads\/2022\/12\/avatar-square-1.png","caption":"fishoapyd"},"sameAs":["http:\/\/www.padreydecano.com"]}]}},"_links":{"self":[{"href":"https:\/\/www.padreydecano.com\/cms\/wp-json\/wp\/v2\/posts\/25641"}],"collection":[{"href":"https:\/\/www.padreydecano.com\/cms\/wp-json\/wp\/v2\/posts"}],"about":[{"href":"https:\/\/www.padreydecano.com\/cms\/wp-json\/wp\/v2\/types\/post"}],"author":[{"embeddable":true,"href":"https:\/\/www.padreydecano.com\/cms\/wp-json\/wp\/v2\/users\/10"}],"replies":[{"embeddable":true,"href":"https:\/\/www.padreydecano.com\/cms\/wp-json\/wp\/v2\/comments?post=25641"}],"version-history":[{"count":0,"href":"https:\/\/www.padreydecano.com\/cms\/wp-json\/wp\/v2\/posts\/25641\/revisions"}],"wp:featuredmedia":[{"embeddable":true,"href":"https:\/\/www.padreydecano.com\/cms\/wp-json\/wp\/v2\/media\/25651"}],"wp:attachment":[{"href":"https:\/\/www.padreydecano.com\/cms\/wp-json\/wp\/v2\/media?parent=25641"}],"wp:term":[{"taxonomy":"category","embeddable":true,"href":"https:\/\/www.padreydecano.com\/cms\/wp-json\/wp\/v2\/categories?post=25641"},{"taxonomy":"post_tag","embeddable":true,"href":"https:\/\/www.padreydecano.com\/cms\/wp-json\/wp\/v2\/tags?post=25641"}],"curies":[{"name":"wp","href":"https:\/\/api.w.org\/{rel}","templated":true}]}}