{"id":25542,"date":"2012-07-03T16:17:29","date_gmt":"2012-07-03T19:17:29","guid":{"rendered":"http:\/\/www.padreydecano.com\/cms\/?p=25542"},"modified":"2012-07-04T20:30:11","modified_gmt":"2012-07-04T23:30:11","slug":"banderas-barrileros","status":"publish","type":"post","link":"https:\/\/www.padreydecano.com\/cms\/entrevistas\/banderas-barrileros\/","title":{"rendered":"Banderas: Barrileros"},"content":{"rendered":"<div id=\"attachment_15970\" style=\"width: 310px\" class=\"wp-caption alignright\"><a href=\"https:\/\/www.padreydecano.com\/cms\/wp-content\/uploads\/2012\/02\/DSC0009-3-Copiar1.jpg\" rel=\"shadowbox[sbpost-25542];player=img;\"><img loading=\"lazy\" decoding=\"async\" aria-describedby=\"caption-attachment-15970\" class=\"size-medium wp-image-15970\" src=\"https:\/\/www.padreydecano.com\/cms\/wp-content\/uploads\/2012\/02\/DSC0009-3-Copiar1-300x211.jpg\" alt=\"\" width=\"300\" height=\"211\" srcset=\"https:\/\/www.padreydecano.com\/cms\/wp-content\/uploads\/2012\/02\/DSC0009-3-Copiar1-300x211.jpg 300w, https:\/\/www.padreydecano.com\/cms\/wp-content\/uploads\/2012\/02\/DSC0009-3-Copiar1.jpg 800w\" sizes=\"(max-width: 300px) 100vw, 300px\" \/><\/a><p id=\"caption-attachment-15970\" class=\"wp-caption-text\">En Caracas<\/p><\/div>\n<p style=\"text-align: justify;\">Continuando con el ciclo de entrevistas a los trapos carboneros, Padre y Decano entrevist\u00f3 a los due\u00f1os del trapo Barrileros.<\/p>\n<p style=\"text-align: justify;\"><span style=\"color: #ffcc02;\"><strong>\u00bfEn qu\u00e9 a\u00f1o arrancaron a ir a la cancha? \u00bfQui\u00e9n los llevaba?<\/strong><\/span><\/p>\n<p style=\"text-align: justify;\"><strong>Nico:<\/strong> arranqu\u00e9 en la d\u00e9cada del 90, en la \u00e9poca del <a title=\"El Segundo Quinquenio de Oro\" href=\"https:\/\/www.padreydecano.com\/cms\/campanas-historicas\/el-segundo-quinquenio-de-oro\/\">Quinquenio<\/a>, con mi padre yendo a la Ol\u00edmpica. Con el paso de los a\u00f1os, principios del 2000, empec\u00e9 a ir con mis amigos a la Amsterdam.<\/p>\n<p style=\"text-align: justify;\"><strong>Nico Sergio:<\/strong> recuerdo perfectamente la primera vez que vi esos colores, los colores que m\u00e1s amo. A\u00f1o 1993, una tarde de domingo muy fr\u00eda. Jug\u00e1bamos con Defensor. Empatamos 3 a 3, de atr\u00e1s, a lo Pe\u00f1arol!! Nunca me voy a olvidar&#8230; ese d\u00eda mi viejo me hizo un regalo para toda la vida.<\/p>\n<p style=\"text-align: justify;\"><strong>Ricky:<\/strong> no recuerdo bien cuando empec\u00e9 a ir. Tengo flashes de partidos con mi viejo muy de chico. Ya para el a\u00f1o 2004 comenc\u00e9 a ir con la gente que hoy por hoy forma parte de la agrupaci\u00f3n.<\/p>\n<p style=\"text-align: justify;\"><strong>Wey:<\/strong> Yo arranqu\u00e9 en la d\u00e9cada del 90 con la gente del barrio a ir a la cancha.<\/p>\n<p style=\"text-align: justify;\"><span style=\"color: #ffcc02;\"><strong>\u00bfCu\u00e1ndo les nace la idea de hacer una bandera?<\/strong><\/span><\/p>\n<p style=\"text-align: justify;\">La idea surge a fines de 2004. En ese momento el campeonato estaba terminando y por esa raz\u00f3n decidimos esperar para hacerla. Pero ya hac\u00eda tiempo que ven\u00edamos carburando la idea.<\/p>\n<div id=\"attachment_25545\" style=\"width: 310px\" class=\"wp-caption alignleft\"><a href=\"https:\/\/www.padreydecano.com\/cms\/wp-content\/uploads\/2012\/07\/barrileros03.jpg\" rel=\"shadowbox[sbpost-25542];player=img;\"><img loading=\"lazy\" decoding=\"async\" aria-describedby=\"caption-attachment-25545\" class=\"size-medium wp-image-25545\" src=\"https:\/\/www.padreydecano.com\/cms\/wp-content\/uploads\/2012\/07\/barrileros03-300x168.jpg\" alt=\"\" width=\"300\" height=\"168\" srcset=\"https:\/\/www.padreydecano.com\/cms\/wp-content\/uploads\/2012\/07\/barrileros03-300x168.jpg 300w, https:\/\/www.padreydecano.com\/cms\/wp-content\/uploads\/2012\/07\/barrileros03-195x110.jpg 195w, https:\/\/www.padreydecano.com\/cms\/wp-content\/uploads\/2012\/07\/barrileros03.jpg 720w\" sizes=\"(max-width: 300px) 100vw, 300px\" \/><\/a><p id=\"caption-attachment-25545\" class=\"wp-caption-text\">En Melo<\/p><\/div>\n<p style=\"text-align: justify;\">Como dijimos en la respuesta anterior la idea surge en el a\u00f1o 2004. En ese tiempo \u00edbamos a la cancha Nico, Manu y Nico Sergio. Siempre nos llam\u00f3 la atenci\u00f3n esos hinchas panzones con la remera cortita que les llega hasta el ombligo. Algunos con sus gorritos tipo \u201cPiluso\u201d y otros con su radio antigua pegada al o\u00eddo. Esos hinchas a los que nosotros llam\u00e1bamos BARRILEROS (por sus barriles cerveceros). Siempre nos sentimos identificados con esos \u201cBARRILEROS\u201d, ve\u00edamos en ellos nuestro futuro. Desde ese momento ya nos ve\u00edamos cincuentones, con la panza al aire, los gorritos Piluso, la radio pegada al o\u00eddo y yendo a ver a nuestro querido Pe\u00f1arol.<\/p>\n<p style=\"text-align: justify;\">El dise\u00f1o de la bandera estuvo a cargo de Nico Sergio, uno de los integrantes de nuestra agrupaci\u00f3n.\u00a0El momento en el cual compramos la tela, fuimos a buscar la pintura, y nos juntamos en el barrio La Uni\u00f3n para hacerla. Fue sellar un lazo de amistad que hasta el d\u00eda de hoy se mantiene intacto con cada uno de los integrantes.<\/p>\n<p style=\"text-align: justify;\">Muchos de los que estaban ese d\u00eda nunca formaron parte del grupo, pero como hinchas del Manya nos daban todo su apoyo y nos ve\u00edan nacer. (Entre ellos estaban \u201cEl Maty\u201d, Danilo, Andres, \u201cEl Facha Dieguito\u201d y\u00a0 \u201cAle Biestro\u201d).<\/p>\n<p style=\"text-align: justify;\"><span style=\"color: #ffcc02;\">\u00a0<strong>\u00bfSe acuerdan cu\u00e1nto les sali\u00f3?<\/strong><\/span><\/p>\n<p style=\"text-align: justify;\">La tela nos la consigui\u00f3 \u201cEl Facha\u201d, eran siete metros de tela amarilla. Nos cost\u00f3 algo as\u00ed como 250 pesos. La pintura la compramos en una ferreter\u00eda de La Uni\u00f3n y cost\u00f3 como 100 pesos. Gastamos m\u00e1s en el asado y la cerveza que en la bandera.<\/p>\n<p style=\"text-align: justify;\"><span style=\"color: #ffcc02;\"><strong>\u00bfEn qu\u00e9 partido la inauguraron? \u00bfCu\u00e1ntos a\u00f1os tiene el trapo?<\/strong><\/span><\/p>\n<p style=\"text-align: justify;\">La inauguramos contra Fenix en un partido correspondiente al campeonato \u201cUruguayo Especial\u201d un 30 de Mayo de 2005.\u00a0En Mayo de este a\u00f1o la bandera cumpli\u00f3 7 a\u00f1os.<\/p>\n<div id=\"attachment_25548\" style=\"width: 190px\" class=\"wp-caption alignright\"><a href=\"https:\/\/www.padreydecano.com\/cms\/wp-content\/uploads\/2012\/07\/barrileros06.jpg\" rel=\"shadowbox[sbpost-25542];player=img;\"><img loading=\"lazy\" decoding=\"async\" aria-describedby=\"caption-attachment-25548\" class=\"size-full wp-image-25548\" src=\"https:\/\/www.padreydecano.com\/cms\/wp-content\/uploads\/2012\/07\/barrileros06.jpg\" alt=\"\" width=\"180\" height=\"240\" \/><\/a><p id=\"caption-attachment-25548\" class=\"wp-caption-text\">En Venezuela<\/p><\/div>\n<p style=\"text-align: justify;\">El grupo surge de una amistad de la adolescencia que ven\u00eda del liceo y del barrio. La bandera pertenece a: \u201cNico\u201d, \u201cRicky\u201d, \u201cEl Wey\u201d y Nico Sergio; pero muchas personas nos apoyaron desde el principio y lo siguen haciendo hasta el d\u00eda de hoy. Para nosotros eso los hace parte del grupo. (Ale Biestro, Camilo, Nachito, \u201cEl Moncho\u201d, los hermanos Serra, El Leo, Ariel y muchos otros que comparten lugar en la tribuna con nosotros).<\/p>\n<p style=\"text-align: justify;\"><span style=\"color: #ffcc02;\"><strong>\u00bfQu\u00e9 sent\u00eds por la bandera?, \u00bfQu\u00e9 representa el trapo para el grupo?<\/strong><\/span><\/p>\n<p style=\"text-align: justify;\">El trapo es todo. Es lo que nos representa. Es lo que nos hace lo que somos. Representado en sentimientos el trapo es amor, amistad, lealtad, confianza, compromiso. Es todo lo que esperamos uno del otro representado en una bandera.\u00a0Es un sentimiento dif\u00edcil de explicar para alguien que no tiene un trapo. Nadie entiende que uno trepe muros, alambrados, est\u00e9 una hora antes de cada partido, vaya a todos lados o est\u00e9 dispuesto a dar la vida por \u201cun trapo\u201d.<\/p>\n<p style=\"text-align: justify;\"><span style=\"color: #ffcc02;\"><strong>\u00bfQu\u00e9 pensas del alambrado carbonero en general?<\/strong><\/span><\/p>\n<p style=\"text-align: justify;\">Es dif\u00edcil responder esta pregunta. Todas las banderas representan algo y son todas igual de importantes. Es obvio que Pe\u00f1arol es el equipo que tiene m\u00e1s banderas y muchas veces esto juega en contra. En el af\u00e1n de colgar m\u00e1s banderas quedan desprolijas o mismo mal colgadas. Asimismo pasa con las verticales. Las usan para agarrarse y saltar perdiendo de vista lo que realmente son, el emblema de la tribuna. Las banderas no deber\u00edan ser pisadas ni ir por debajo de la gente. Las banderas en LA POPULAR deben ir por arriba para que se vean de todos lados.<\/p>\n<p style=\"text-align: justify;\"><span style=\"color: #ffcc02;\"><strong>\u00a0<a href=\"https:\/\/www.padreydecano.com\/cms\/wp-content\/uploads\/2012\/07\/barrileros05.jpg\" rel=\"shadowbox[sbpost-25542];player=img;\"><img loading=\"lazy\" decoding=\"async\" class=\"alignleft  wp-image-25547\" src=\"https:\/\/www.padreydecano.com\/cms\/wp-content\/uploads\/2012\/07\/barrileros05-300x225.jpg\" alt=\"\" width=\"240\" height=\"180\" srcset=\"https:\/\/www.padreydecano.com\/cms\/wp-content\/uploads\/2012\/07\/barrileros05-300x225.jpg 300w, https:\/\/www.padreydecano.com\/cms\/wp-content\/uploads\/2012\/07\/barrileros05.jpg 720w\" sizes=\"(max-width: 240px) 100vw, 240px\" \/><\/a><\/strong><strong>\u00bfQu\u00e9 otras banderas te gustan o los representan? \u00a0\u00a0<\/strong><\/span><\/p>\n<p style=\"text-align: justify;\">Los mismo integrantes del grupo tenemos otra bandera; \u201cLa Union\u201d. Esta bandera nos representa ya que La Union es el barrio donde nacen los barrileros. Fue confeccionada por Pol, un compa\u00f1ero de tribuna y due\u00f1o de otra bandera muy representativa para la hinchada.\u00a0Otras banderas que nos gustan son: \u201cLa Union\u201d, \u201cCarlitos Presente\u201d, \u201cEste es el lugar donde se siente lo inexplicable\u201d y \u201cNo se entiende el men\u00fa pero la salsa abunda\u201d. <strong>\u00a0 \u00a0<\/strong><\/p>\n<p style=\"text-align: justify;\"><span style=\"color: #ffcc02;\"><strong>\u00bfC\u00f3mo vivieron como grupo la Copa Libertadores 2011 y 2012?<\/strong><\/span><\/p>\n<p style=\"text-align: justify;\">Incre\u00edble, fue una copa bisagra para la bandera y nuestra agrupaci\u00f3n. Esta copa de una manera fue la que nos consolid\u00f3 m\u00e1s como grupo y dentro de la hinchada tambi\u00e9n. Para muchos de nosotros fueron las primeras experiencias en el exterior y la verdad es que guardamos el mejor de los recuerdos de lo vivido junto a TODA LA GENTE DE PE\u00d1AROL.<\/p>\n<p style=\"text-align: justify;\"><span style=\"color: #ffcc02;\"><strong>\u00bfA qu\u00e9 canchas del exterior fue tu bandera?<\/strong><\/span><\/p>\n<ul style=\"text-align: justify;\">\n<li>Serra Dourada (Goias)<\/li>\n<li>Libertadores de America (Independiente)<\/li>\n<li>Malvinas Argentinas (Godoy Cruz)<\/li>\n<li>Casa Blanca (Liga De Quito)<\/li>\n<li>Beira Rio (Inter de Porto Alegre)<\/li>\n<li>San Carlos de Apoquindo (Universidad Catolica de Chile)<\/li>\n<li>Jose Amalfitanni (Velez Sarfield)<\/li>\n<li>Pacaemb\u00fa (Santos F.C)<\/li>\n<li>Estadio Olimpico UCV (Caracas \u2013 Venezuela)<\/li>\n<li>Malvinas Argentinas (Godoy Cruz)<\/li>\n<li>Estadio Nacional de Santiago (Universidad de Chile)<\/li>\n<li>Estadio Unico de la Plata (Con Uruguay)<\/li>\n<\/ul>\n<p style=\"text-align: justify;\"><span style=\"color: #ffcc02;\"><strong><a href=\"https:\/\/www.padreydecano.com\/cms\/wp-content\/uploads\/2012\/07\/barrileros04.jpg\" rel=\"shadowbox[sbpost-25542];player=img;\"><img loading=\"lazy\" decoding=\"async\" class=\"alignright  wp-image-25546\" src=\"https:\/\/www.padreydecano.com\/cms\/wp-content\/uploads\/2012\/07\/barrileros04-300x225.jpg\" alt=\"\" width=\"210\" height=\"158\" srcset=\"https:\/\/www.padreydecano.com\/cms\/wp-content\/uploads\/2012\/07\/barrileros04-300x225.jpg 300w, https:\/\/www.padreydecano.com\/cms\/wp-content\/uploads\/2012\/07\/barrileros04.jpg 604w\" sizes=\"(max-width: 210px) 100vw, 210px\" \/><\/a>\u00bfPensaste alguna vez en renovar la bandera o tiene alambrado para rato?<\/strong><\/span><\/p>\n<p style=\"text-align: justify;\">Ya fue renovada dos veces. En su comienzo la bandera fue \u201cLos Barrileros\u201d y era de tela amarilla y letras negras. Esa bandera se arruin\u00f3 en un partido en Jardines contra Danubio. Era una final de campeonato Clausura y ganamos 1 a 0 con gol del \u201cMago\u201d Capria. En el festejo de gol nos colgamos y la bandera se raj\u00f3.\u00a0Despues vino la segunda, era igual a la primera pero con una tela de mejor calidad. Por un tema de tama\u00f1o al poco tiempo decidimos cambiarla y asi naci\u00f3 la actual bandera: de tela negra con letras amarillas y tipograf\u00eda g\u00f3tica. La bandera mide 4 metros por 1 y medio y dice Barrileros. \u00c9sta tiene alambrado para rato&#8230;<\/p>\n<p style=\"text-align: justify;\"><span style=\"color: #ffcc02;\"><strong>An\u00e9cdotas que m\u00e1s recuerdes con la bandera.<\/strong><\/span><\/p>\n<p style=\"text-align: justify;\">Fue a principios de este a\u00f1o, en Caracas, Venezuela. Era el d\u00eda anterior al partido y fuimos al reconocimiento del campo. Cuando ingresamos al estadio vimos un grupo de 30 hinchas del Caracas (entre los que hab\u00eda uno con la camiseta de la gallina) en la popular del estadio UCV. Sin darles mucha importancia nos colocamos en la tribuna de enfrente para alentar a nuestro querido Pe\u00f1arol.\u00a0Al momento de retirarnos del reconocimiento ellos ya se hab\u00edan ido. Nosotros \u00e9ramos aproximadamente 10 hinchas con dos bolsosones llenos de banderas. Nos dispusimos a salir del estadio cuando vimos que hab\u00eda mas de 60 hinchas locales en la puerta. La polic\u00eda nos entreg\u00f3 en ese momento.\u00a0A lo \u00fanico que atinamos fue tirar las banderas para la cancha y defenderlas. Y fue as\u00ed que salvamos todas las banderas de lo que pudo haber sido una p\u00e9rdida terrible.<\/p>\n<div id=\"attachment_25544\" style=\"width: 310px\" class=\"wp-caption alignleft\"><a href=\"https:\/\/www.padreydecano.com\/cms\/wp-content\/uploads\/2012\/07\/barrileros02.jpg\" rel=\"shadowbox[sbpost-25542];player=img;\"><img loading=\"lazy\" decoding=\"async\" aria-describedby=\"caption-attachment-25544\" class=\"size-medium wp-image-25544 \" src=\"https:\/\/www.padreydecano.com\/cms\/wp-content\/uploads\/2012\/07\/barrileros02-300x225.jpg\" alt=\"\" width=\"300\" height=\"225\" srcset=\"https:\/\/www.padreydecano.com\/cms\/wp-content\/uploads\/2012\/07\/barrileros02-300x225.jpg 300w, https:\/\/www.padreydecano.com\/cms\/wp-content\/uploads\/2012\/07\/barrileros02.jpg 720w\" sizes=\"(max-width: 300px) 100vw, 300px\" \/><\/a><p id=\"caption-attachment-25544\" class=\"wp-caption-text\">Diario de Mendoza<\/p><\/div>\n<p style=\"text-align: justify;\">Otra an\u00e9ctoda muy importante fue la de Santiago de Chile este a\u00f1o. Para empezar cabe destacar que en Chile no se permite entrar ni bombos ni banderas a los estadios. Todas las banderas de todos los que fuimos ese d\u00eda quedaron en los bondis a la hora del partido. Al momento de salir el ambiente no era el mejor, hubo problemas con los carabineros dentro del estadio y por si fuera poco los hinchas de la U hab\u00edan atacado los bondis de Pe\u00f1arol.\u00a0Pudimos salir sin problema pero al momento de llegar al hostel (Hostel Providencia, en Vicu\u00f1a Makena) nadie sab\u00eda lo que nos esperaba. Nos cruzamos con un grupo grande de hinchas de la U y comenz\u00f3 una batalla que duro m\u00e1s de 1 hora.<\/p>\n<p style=\"text-align: justify;\">Este tipo de historias son las que nunca se cuentan, pero ese d\u00eda LA GENTE DE PE\u00d1AROL corri\u00f3 a la U de Chile de visitante. \u00a0\u00a0<strong>\u00a0<\/strong><\/p>\n<p style=\"text-align: justify;\"><span style=\"color: #ffcc02;\"><strong>Han tenido la suerte de seguir a Pe\u00f1arol por m\u00e1s de 20 a\u00f1os, \u00bfqu\u00e9 grandes cambios han visto desde los comienzos de ir a la tribuna con amigos hasta el d\u00eda de hoy?<\/strong>\u00a0<\/span><\/p>\n<p style=\"text-align: justify;\">Como grupo creemos que todos sabemos los cambios que se han vivido en la tribuna en los \u00faltimos a\u00f1os. Que cada uno de los que lea esta entrevista saque sus propias conclusiones.<\/p>\n\n\t\t<style type=\"text\/css\">\n\t\t\t#gallery-1 {\n\t\t\t\tmargin: auto;\n\t\t\t}\n\t\t\t#gallery-1 .gallery-item {\n\t\t\t\tfloat: left;\n\t\t\t\tmargin-top: 10px;\n\t\t\t\ttext-align: center;\n\t\t\t\twidth: 33%;\n\t\t\t}\n\t\t\t#gallery-1 img {\n\t\t\t\tborder: 2px solid #cfcfcf;\n\t\t\t}\n\t\t\t#gallery-1 .gallery-caption {\n\t\t\t\tmargin-left: 0;\n\t\t\t}\n\t\t\t\/* see gallery_shortcode() in wp-includes\/media.php *\/\n\t\t<\/style>\n\t\t<div id='gallery-1' class='gallery galleryid-25542 gallery-columns-3 gallery-size-thumbnail'><dl class='gallery-item'>\n\t\t\t<dt class='gallery-icon landscape'>\n\t\t\t\t<a href='https:\/\/www.padreydecano.com\/cms\/wp-content\/uploads\/2012\/07\/barrileros01.jpg' rel='shadowbox[sbalbum-25542];player=img;'><img loading=\"lazy\" decoding=\"async\" width=\"150\" height=\"150\" src=\"https:\/\/www.padreydecano.com\/cms\/wp-content\/uploads\/2012\/07\/barrileros01-150x150.jpg\" class=\"attachment-thumbnail size-thumbnail\" alt=\"\" srcset=\"https:\/\/www.padreydecano.com\/cms\/wp-content\/uploads\/2012\/07\/barrileros01-150x150.jpg 150w, https:\/\/www.padreydecano.com\/cms\/wp-content\/uploads\/2012\/07\/barrileros01-36x36.jpg 36w, https:\/\/www.padreydecano.com\/cms\/wp-content\/uploads\/2012\/07\/barrileros01-115x115.jpg 115w\" sizes=\"(max-width: 150px) 100vw, 150px\" \/><\/a>\n\t\t\t<\/dt><\/dl><dl class='gallery-item'>\n\t\t\t<dt class='gallery-icon landscape'>\n\t\t\t\t<a href='https:\/\/www.padreydecano.com\/cms\/wp-content\/uploads\/2012\/07\/barrileros02.jpg' rel='shadowbox[sbalbum-25542];player=img;'><img loading=\"lazy\" decoding=\"async\" width=\"150\" height=\"150\" src=\"https:\/\/www.padreydecano.com\/cms\/wp-content\/uploads\/2012\/07\/barrileros02-150x150.jpg\" class=\"attachment-thumbnail size-thumbnail\" alt=\"\" srcset=\"https:\/\/www.padreydecano.com\/cms\/wp-content\/uploads\/2012\/07\/barrileros02-150x150.jpg 150w, https:\/\/www.padreydecano.com\/cms\/wp-content\/uploads\/2012\/07\/barrileros02-36x36.jpg 36w, https:\/\/www.padreydecano.com\/cms\/wp-content\/uploads\/2012\/07\/barrileros02-115x115.jpg 115w\" sizes=\"(max-width: 150px) 100vw, 150px\" \/><\/a>\n\t\t\t<\/dt><\/dl><dl class='gallery-item'>\n\t\t\t<dt class='gallery-icon landscape'>\n\t\t\t\t<a href='https:\/\/www.padreydecano.com\/cms\/wp-content\/uploads\/2012\/07\/barrileros03.jpg' rel='shadowbox[sbalbum-25542];player=img;'><img loading=\"lazy\" decoding=\"async\" width=\"150\" height=\"150\" src=\"https:\/\/www.padreydecano.com\/cms\/wp-content\/uploads\/2012\/07\/barrileros03-150x150.jpg\" class=\"attachment-thumbnail size-thumbnail\" alt=\"\" srcset=\"https:\/\/www.padreydecano.com\/cms\/wp-content\/uploads\/2012\/07\/barrileros03-150x150.jpg 150w, https:\/\/www.padreydecano.com\/cms\/wp-content\/uploads\/2012\/07\/barrileros03-36x36.jpg 36w, https:\/\/www.padreydecano.com\/cms\/wp-content\/uploads\/2012\/07\/barrileros03-115x115.jpg 115w\" sizes=\"(max-width: 150px) 100vw, 150px\" \/><\/a>\n\t\t\t<\/dt><\/dl><br style=\"clear: both\" \/><dl class='gallery-item'>\n\t\t\t<dt class='gallery-icon landscape'>\n\t\t\t\t<a href='https:\/\/www.padreydecano.com\/cms\/wp-content\/uploads\/2012\/07\/barrileros04.jpg' rel='shadowbox[sbalbum-25542];player=img;'><img loading=\"lazy\" decoding=\"async\" width=\"150\" height=\"150\" src=\"https:\/\/www.padreydecano.com\/cms\/wp-content\/uploads\/2012\/07\/barrileros04-150x150.jpg\" class=\"attachment-thumbnail size-thumbnail\" alt=\"\" srcset=\"https:\/\/www.padreydecano.com\/cms\/wp-content\/uploads\/2012\/07\/barrileros04-150x150.jpg 150w, https:\/\/www.padreydecano.com\/cms\/wp-content\/uploads\/2012\/07\/barrileros04-36x36.jpg 36w, https:\/\/www.padreydecano.com\/cms\/wp-content\/uploads\/2012\/07\/barrileros04-115x115.jpg 115w\" sizes=\"(max-width: 150px) 100vw, 150px\" \/><\/a>\n\t\t\t<\/dt><\/dl><dl class='gallery-item'>\n\t\t\t<dt class='gallery-icon landscape'>\n\t\t\t\t<a href='https:\/\/www.padreydecano.com\/cms\/wp-content\/uploads\/2012\/07\/barrileros05.jpg' rel='shadowbox[sbalbum-25542];player=img;'><img loading=\"lazy\" decoding=\"async\" width=\"150\" height=\"150\" src=\"https:\/\/www.padreydecano.com\/cms\/wp-content\/uploads\/2012\/07\/barrileros05-150x150.jpg\" class=\"attachment-thumbnail size-thumbnail\" alt=\"\" srcset=\"https:\/\/www.padreydecano.com\/cms\/wp-content\/uploads\/2012\/07\/barrileros05-150x150.jpg 150w, https:\/\/www.padreydecano.com\/cms\/wp-content\/uploads\/2012\/07\/barrileros05-36x36.jpg 36w, https:\/\/www.padreydecano.com\/cms\/wp-content\/uploads\/2012\/07\/barrileros05-115x115.jpg 115w\" sizes=\"(max-width: 150px) 100vw, 150px\" \/><\/a>\n\t\t\t<\/dt><\/dl><dl class='gallery-item'>\n\t\t\t<dt class='gallery-icon portrait'>\n\t\t\t\t<a href='https:\/\/www.padreydecano.com\/cms\/wp-content\/uploads\/2012\/07\/barrileros06.jpg' rel='shadowbox[sbalbum-25542];player=img;'><img loading=\"lazy\" decoding=\"async\" width=\"150\" height=\"150\" src=\"https:\/\/www.padreydecano.com\/cms\/wp-content\/uploads\/2012\/07\/barrileros06-150x150.jpg\" class=\"attachment-thumbnail size-thumbnail\" alt=\"\" srcset=\"https:\/\/www.padreydecano.com\/cms\/wp-content\/uploads\/2012\/07\/barrileros06-150x150.jpg 150w, https:\/\/www.padreydecano.com\/cms\/wp-content\/uploads\/2012\/07\/barrileros06-36x36.jpg 36w, https:\/\/www.padreydecano.com\/cms\/wp-content\/uploads\/2012\/07\/barrileros06-115x115.jpg 115w\" sizes=\"(max-width: 150px) 100vw, 150px\" \/><\/a>\n\t\t\t<\/dt><\/dl><br style=\"clear: both\" \/>\n\t\t<\/div>\n\n","protected":false},"excerpt":{"rendered":"<p>Continuando con el ciclo de entrevistas a los trapos carboneros, Padre y Decano entrevist\u00f3 a los due\u00f1os del trapo Barrileros. \u00bfEn qu\u00e9 a\u00f1o arrancaron a ir a la cancha? \u00bfQui\u00e9n los llevaba? Nico: arranqu\u00e9 en la d\u00e9cada del 90, en la \u00e9poca del Quinquenio, con mi padre yendo a la Ol\u00edmpica. Con el paso de [&hellip;]<\/p>\n","protected":false},"author":13,"featured_media":25543,"comment_status":"open","ping_status":"closed","sticky":false,"template":"","format":"standard","meta":{"footnotes":""},"categories":[30],"tags":[62],"yoast_head":"<!-- This site is optimized with the Yoast SEO plugin v23.2 - https:\/\/yoast.com\/wordpress\/plugins\/seo\/ -->\n<title>Banderas: Barrileros - Padre y Decano - El Sitio del Pueblo<\/title>\n<meta name=\"robots\" content=\"index, follow, max-snippet:-1, max-image-preview:large, max-video-preview:-1\" \/>\n<link rel=\"canonical\" href=\"https:\/\/www.padreydecano.com\/cms\/entrevistas\/banderas-barrileros\/\" \/>\n<meta property=\"og:locale\" content=\"es_ES\" \/>\n<meta property=\"og:type\" content=\"article\" \/>\n<meta property=\"og:title\" content=\"Banderas: Barrileros - Padre y Decano - El Sitio del Pueblo\" \/>\n<meta property=\"og:description\" content=\"Continuando con el ciclo de entrevistas a los trapos carboneros, Padre y Decano entrevist\u00f3 a los due\u00f1os del trapo Barrileros. \u00bfEn qu\u00e9 a\u00f1o arrancaron a ir a la cancha? \u00bfQui\u00e9n los llevaba? Nico: arranqu\u00e9 en la d\u00e9cada del 90, en la \u00e9poca del Quinquenio, con mi padre yendo a la Ol\u00edmpica. Con el paso de [&hellip;]\" \/>\n<meta property=\"og:url\" content=\"https:\/\/www.padreydecano.com\/cms\/entrevistas\/banderas-barrileros\/\" \/>\n<meta property=\"og:site_name\" content=\"Padre y Decano - El Sitio del Pueblo\" \/>\n<meta property=\"article:published_time\" content=\"2012-07-03T19:17:29+00:00\" \/>\n<meta property=\"article:modified_time\" content=\"2012-07-04T23:30:11+00:00\" \/>\n<meta property=\"og:image\" content=\"https:\/\/www.padreydecano.com\/cms\/wp-content\/uploads\/2012\/07\/barrileros01.jpg\" \/>\n\t<meta property=\"og:image:width\" content=\"720\" \/>\n\t<meta property=\"og:image:height\" content=\"540\" \/>\n\t<meta property=\"og:image:type\" content=\"image\/jpeg\" \/>\n<meta name=\"author\" content=\"Moderador\" \/>\n<meta name=\"twitter:card\" content=\"summary_large_image\" \/>\n<meta name=\"twitter:label1\" content=\"Escrito por\" \/>\n\t<meta name=\"twitter:data1\" content=\"Moderador\" \/>\n\t<meta name=\"twitter:label2\" content=\"Tiempo de lectura\" \/>\n\t<meta name=\"twitter:data2\" content=\"8 minutos\" \/>\n<script type=\"application\/ld+json\" class=\"yoast-schema-graph\">{\"@context\":\"https:\/\/schema.org\",\"@graph\":[{\"@type\":\"Article\",\"@id\":\"https:\/\/www.padreydecano.com\/cms\/entrevistas\/banderas-barrileros\/#article\",\"isPartOf\":{\"@id\":\"https:\/\/www.padreydecano.com\/cms\/entrevistas\/banderas-barrileros\/\"},\"author\":{\"name\":\"Moderador\",\"@id\":\"https:\/\/www.padreydecano.com\/cms\/#\/schema\/person\/d93e9e537230ae052c194251d9a1def2\"},\"headline\":\"Banderas: Barrileros\",\"datePublished\":\"2012-07-03T19:17:29+00:00\",\"dateModified\":\"2012-07-04T23:30:11+00:00\",\"mainEntityOfPage\":{\"@id\":\"https:\/\/www.padreydecano.com\/cms\/entrevistas\/banderas-barrileros\/\"},\"wordCount\":1621,\"commentCount\":6,\"publisher\":{\"@id\":\"https:\/\/www.padreydecano.com\/cms\/#organization\"},\"image\":{\"@id\":\"https:\/\/www.padreydecano.com\/cms\/entrevistas\/banderas-barrileros\/#primaryimage\"},\"thumbnailUrl\":\"https:\/\/www.padreydecano.com\/cms\/wp-content\/uploads\/2012\/07\/barrileros01.jpg\",\"keywords\":[\"Banderas\"],\"articleSection\":[\"Entrevistas\"],\"inLanguage\":\"es\",\"potentialAction\":[{\"@type\":\"CommentAction\",\"name\":\"Comment\",\"target\":[\"https:\/\/www.padreydecano.com\/cms\/entrevistas\/banderas-barrileros\/#respond\"]}]},{\"@type\":\"WebPage\",\"@id\":\"https:\/\/www.padreydecano.com\/cms\/entrevistas\/banderas-barrileros\/\",\"url\":\"https:\/\/www.padreydecano.com\/cms\/entrevistas\/banderas-barrileros\/\",\"name\":\"Banderas: Barrileros - Padre y Decano - El Sitio del Pueblo\",\"isPartOf\":{\"@id\":\"https:\/\/www.padreydecano.com\/cms\/#website\"},\"primaryImageOfPage\":{\"@id\":\"https:\/\/www.padreydecano.com\/cms\/entrevistas\/banderas-barrileros\/#primaryimage\"},\"image\":{\"@id\":\"https:\/\/www.padreydecano.com\/cms\/entrevistas\/banderas-barrileros\/#primaryimage\"},\"thumbnailUrl\":\"https:\/\/www.padreydecano.com\/cms\/wp-content\/uploads\/2012\/07\/barrileros01.jpg\",\"datePublished\":\"2012-07-03T19:17:29+00:00\",\"dateModified\":\"2012-07-04T23:30:11+00:00\",\"breadcrumb\":{\"@id\":\"https:\/\/www.padreydecano.com\/cms\/entrevistas\/banderas-barrileros\/#breadcrumb\"},\"inLanguage\":\"es\",\"potentialAction\":[{\"@type\":\"ReadAction\",\"target\":[\"https:\/\/www.padreydecano.com\/cms\/entrevistas\/banderas-barrileros\/\"]}]},{\"@type\":\"ImageObject\",\"inLanguage\":\"es\",\"@id\":\"https:\/\/www.padreydecano.com\/cms\/entrevistas\/banderas-barrileros\/#primaryimage\",\"url\":\"https:\/\/www.padreydecano.com\/cms\/wp-content\/uploads\/2012\/07\/barrileros01.jpg\",\"contentUrl\":\"https:\/\/www.padreydecano.com\/cms\/wp-content\/uploads\/2012\/07\/barrileros01.jpg\",\"width\":\"720\",\"height\":\"540\"},{\"@type\":\"BreadcrumbList\",\"@id\":\"https:\/\/www.padreydecano.com\/cms\/entrevistas\/banderas-barrileros\/#breadcrumb\",\"itemListElement\":[{\"@type\":\"ListItem\",\"position\":1,\"name\":\"Portada\",\"item\":\"https:\/\/www.padreydecano.com\/cms\/\"},{\"@type\":\"ListItem\",\"position\":2,\"name\":\"Banderas: Barrileros\"}]},{\"@type\":\"WebSite\",\"@id\":\"https:\/\/www.padreydecano.com\/cms\/#website\",\"url\":\"https:\/\/www.padreydecano.com\/cms\/\",\"name\":\"Padre y Decano - El Sitio del Pueblo\",\"description\":\"Club Atl\u00e9tico Pe\u00f1arol\",\"publisher\":{\"@id\":\"https:\/\/www.padreydecano.com\/cms\/#organization\"},\"potentialAction\":[{\"@type\":\"SearchAction\",\"target\":{\"@type\":\"EntryPoint\",\"urlTemplate\":\"https:\/\/www.padreydecano.com\/cms\/?s={search_term_string}\"},\"query-input\":\"required name=search_term_string\"}],\"inLanguage\":\"es\"},{\"@type\":\"Organization\",\"@id\":\"https:\/\/www.padreydecano.com\/cms\/#organization\",\"name\":\"Padre y Decano\",\"url\":\"https:\/\/www.padreydecano.com\/cms\/\",\"logo\":{\"@type\":\"ImageObject\",\"inLanguage\":\"es\",\"@id\":\"https:\/\/www.padreydecano.com\/cms\/#\/schema\/logo\/image\/\",\"url\":\"https:\/\/www.padreydecano.com\/cms\/wp-content\/uploads\/2022\/01\/avatar-square.png\",\"contentUrl\":\"https:\/\/www.padreydecano.com\/cms\/wp-content\/uploads\/2022\/01\/avatar-square.png\",\"width\":1500,\"height\":1500,\"caption\":\"Padre y Decano\"},\"image\":{\"@id\":\"https:\/\/www.padreydecano.com\/cms\/#\/schema\/logo\/image\/\"}},{\"@type\":\"Person\",\"@id\":\"https:\/\/www.padreydecano.com\/cms\/#\/schema\/person\/d93e9e537230ae052c194251d9a1def2\",\"name\":\"Moderador\",\"image\":{\"@type\":\"ImageObject\",\"inLanguage\":\"es\",\"@id\":\"https:\/\/www.padreydecano.com\/cms\/#\/schema\/person\/image\/\",\"url\":\"https:\/\/secure.gravatar.com\/avatar\/2587727bf8a53bd3da4ec49f01bea66e?s=96&d=https%3A%2F%2Fpadreydecano.com%2Fcms%2Fwp-content%2Fthemes%2Fpyd-theme%2Fimg%2Fdefault-avatar.png&r=g\",\"contentUrl\":\"https:\/\/secure.gravatar.com\/avatar\/2587727bf8a53bd3da4ec49f01bea66e?s=96&d=https%3A%2F%2Fpadreydecano.com%2Fcms%2Fwp-content%2Fthemes%2Fpyd-theme%2Fimg%2Fdefault-avatar.png&r=g\",\"caption\":\"Moderador\"}}]}<\/script>\n<!-- \/ Yoast SEO plugin. -->","yoast_head_json":{"title":"Banderas: Barrileros - Padre y Decano - El Sitio del Pueblo","robots":{"index":"index","follow":"follow","max-snippet":"max-snippet:-1","max-image-preview":"max-image-preview:large","max-video-preview":"max-video-preview:-1"},"canonical":"https:\/\/www.padreydecano.com\/cms\/entrevistas\/banderas-barrileros\/","og_locale":"es_ES","og_type":"article","og_title":"Banderas: Barrileros - Padre y Decano - El Sitio del Pueblo","og_description":"Continuando con el ciclo de entrevistas a los trapos carboneros, Padre y Decano entrevist\u00f3 a los due\u00f1os del trapo Barrileros. \u00bfEn qu\u00e9 a\u00f1o arrancaron a ir a la cancha? \u00bfQui\u00e9n los llevaba? Nico: arranqu\u00e9 en la d\u00e9cada del 90, en la \u00e9poca del Quinquenio, con mi padre yendo a la Ol\u00edmpica. Con el paso de [&hellip;]","og_url":"https:\/\/www.padreydecano.com\/cms\/entrevistas\/banderas-barrileros\/","og_site_name":"Padre y Decano - El Sitio del Pueblo","article_published_time":"2012-07-03T19:17:29+00:00","article_modified_time":"2012-07-04T23:30:11+00:00","og_image":[{"width":720,"height":540,"url":"https:\/\/www.padreydecano.com\/cms\/wp-content\/uploads\/2012\/07\/barrileros01.jpg","type":"image\/jpeg"}],"author":"Moderador","twitter_card":"summary_large_image","twitter_misc":{"Escrito por":"Moderador","Tiempo de lectura":"8 minutos"},"schema":{"@context":"https:\/\/schema.org","@graph":[{"@type":"Article","@id":"https:\/\/www.padreydecano.com\/cms\/entrevistas\/banderas-barrileros\/#article","isPartOf":{"@id":"https:\/\/www.padreydecano.com\/cms\/entrevistas\/banderas-barrileros\/"},"author":{"name":"Moderador","@id":"https:\/\/www.padreydecano.com\/cms\/#\/schema\/person\/d93e9e537230ae052c194251d9a1def2"},"headline":"Banderas: Barrileros","datePublished":"2012-07-03T19:17:29+00:00","dateModified":"2012-07-04T23:30:11+00:00","mainEntityOfPage":{"@id":"https:\/\/www.padreydecano.com\/cms\/entrevistas\/banderas-barrileros\/"},"wordCount":1621,"commentCount":6,"publisher":{"@id":"https:\/\/www.padreydecano.com\/cms\/#organization"},"image":{"@id":"https:\/\/www.padreydecano.com\/cms\/entrevistas\/banderas-barrileros\/#primaryimage"},"thumbnailUrl":"https:\/\/www.padreydecano.com\/cms\/wp-content\/uploads\/2012\/07\/barrileros01.jpg","keywords":["Banderas"],"articleSection":["Entrevistas"],"inLanguage":"es","potentialAction":[{"@type":"CommentAction","name":"Comment","target":["https:\/\/www.padreydecano.com\/cms\/entrevistas\/banderas-barrileros\/#respond"]}]},{"@type":"WebPage","@id":"https:\/\/www.padreydecano.com\/cms\/entrevistas\/banderas-barrileros\/","url":"https:\/\/www.padreydecano.com\/cms\/entrevistas\/banderas-barrileros\/","name":"Banderas: Barrileros - Padre y Decano - El Sitio del Pueblo","isPartOf":{"@id":"https:\/\/www.padreydecano.com\/cms\/#website"},"primaryImageOfPage":{"@id":"https:\/\/www.padreydecano.com\/cms\/entrevistas\/banderas-barrileros\/#primaryimage"},"image":{"@id":"https:\/\/www.padreydecano.com\/cms\/entrevistas\/banderas-barrileros\/#primaryimage"},"thumbnailUrl":"https:\/\/www.padreydecano.com\/cms\/wp-content\/uploads\/2012\/07\/barrileros01.jpg","datePublished":"2012-07-03T19:17:29+00:00","dateModified":"2012-07-04T23:30:11+00:00","breadcrumb":{"@id":"https:\/\/www.padreydecano.com\/cms\/entrevistas\/banderas-barrileros\/#breadcrumb"},"inLanguage":"es","potentialAction":[{"@type":"ReadAction","target":["https:\/\/www.padreydecano.com\/cms\/entrevistas\/banderas-barrileros\/"]}]},{"@type":"ImageObject","inLanguage":"es","@id":"https:\/\/www.padreydecano.com\/cms\/entrevistas\/banderas-barrileros\/#primaryimage","url":"https:\/\/www.padreydecano.com\/cms\/wp-content\/uploads\/2012\/07\/barrileros01.jpg","contentUrl":"https:\/\/www.padreydecano.com\/cms\/wp-content\/uploads\/2012\/07\/barrileros01.jpg","width":"720","height":"540"},{"@type":"BreadcrumbList","@id":"https:\/\/www.padreydecano.com\/cms\/entrevistas\/banderas-barrileros\/#breadcrumb","itemListElement":[{"@type":"ListItem","position":1,"name":"Portada","item":"https:\/\/www.padreydecano.com\/cms\/"},{"@type":"ListItem","position":2,"name":"Banderas: Barrileros"}]},{"@type":"WebSite","@id":"https:\/\/www.padreydecano.com\/cms\/#website","url":"https:\/\/www.padreydecano.com\/cms\/","name":"Padre y Decano - El Sitio del Pueblo","description":"Club Atl\u00e9tico Pe\u00f1arol","publisher":{"@id":"https:\/\/www.padreydecano.com\/cms\/#organization"},"potentialAction":[{"@type":"SearchAction","target":{"@type":"EntryPoint","urlTemplate":"https:\/\/www.padreydecano.com\/cms\/?s={search_term_string}"},"query-input":"required name=search_term_string"}],"inLanguage":"es"},{"@type":"Organization","@id":"https:\/\/www.padreydecano.com\/cms\/#organization","name":"Padre y Decano","url":"https:\/\/www.padreydecano.com\/cms\/","logo":{"@type":"ImageObject","inLanguage":"es","@id":"https:\/\/www.padreydecano.com\/cms\/#\/schema\/logo\/image\/","url":"https:\/\/www.padreydecano.com\/cms\/wp-content\/uploads\/2022\/01\/avatar-square.png","contentUrl":"https:\/\/www.padreydecano.com\/cms\/wp-content\/uploads\/2022\/01\/avatar-square.png","width":1500,"height":1500,"caption":"Padre y Decano"},"image":{"@id":"https:\/\/www.padreydecano.com\/cms\/#\/schema\/logo\/image\/"}},{"@type":"Person","@id":"https:\/\/www.padreydecano.com\/cms\/#\/schema\/person\/d93e9e537230ae052c194251d9a1def2","name":"Moderador","image":{"@type":"ImageObject","inLanguage":"es","@id":"https:\/\/www.padreydecano.com\/cms\/#\/schema\/person\/image\/","url":"https:\/\/secure.gravatar.com\/avatar\/2587727bf8a53bd3da4ec49f01bea66e?s=96&d=https%3A%2F%2Fpadreydecano.com%2Fcms%2Fwp-content%2Fthemes%2Fpyd-theme%2Fimg%2Fdefault-avatar.png&r=g","contentUrl":"https:\/\/secure.gravatar.com\/avatar\/2587727bf8a53bd3da4ec49f01bea66e?s=96&d=https%3A%2F%2Fpadreydecano.com%2Fcms%2Fwp-content%2Fthemes%2Fpyd-theme%2Fimg%2Fdefault-avatar.png&r=g","caption":"Moderador"}}]}},"_links":{"self":[{"href":"https:\/\/www.padreydecano.com\/cms\/wp-json\/wp\/v2\/posts\/25542"}],"collection":[{"href":"https:\/\/www.padreydecano.com\/cms\/wp-json\/wp\/v2\/posts"}],"about":[{"href":"https:\/\/www.padreydecano.com\/cms\/wp-json\/wp\/v2\/types\/post"}],"author":[{"embeddable":true,"href":"https:\/\/www.padreydecano.com\/cms\/wp-json\/wp\/v2\/users\/13"}],"replies":[{"embeddable":true,"href":"https:\/\/www.padreydecano.com\/cms\/wp-json\/wp\/v2\/comments?post=25542"}],"version-history":[{"count":0,"href":"https:\/\/www.padreydecano.com\/cms\/wp-json\/wp\/v2\/posts\/25542\/revisions"}],"wp:featuredmedia":[{"embeddable":true,"href":"https:\/\/www.padreydecano.com\/cms\/wp-json\/wp\/v2\/media\/25543"}],"wp:attachment":[{"href":"https:\/\/www.padreydecano.com\/cms\/wp-json\/wp\/v2\/media?parent=25542"}],"wp:term":[{"taxonomy":"category","embeddable":true,"href":"https:\/\/www.padreydecano.com\/cms\/wp-json\/wp\/v2\/categories?post=25542"},{"taxonomy":"post_tag","embeddable":true,"href":"https:\/\/www.padreydecano.com\/cms\/wp-json\/wp\/v2\/tags?post=25542"}],"curies":[{"name":"wp","href":"https:\/\/api.w.org\/{rel}","templated":true}]}}