{"id":25170,"date":"2012-06-25T17:00:08","date_gmt":"2012-06-25T20:00:08","guid":{"rendered":"http:\/\/www.padreydecano.com\/cms\/?p=25170"},"modified":"2012-07-01T23:02:05","modified_gmt":"2012-07-02T02:02:05","slug":"mas-penas-que-se-sumaron-a-la-campana-del-abrigo","status":"publish","type":"post","link":"https:\/\/www.padreydecano.com\/cms\/penas\/mas-penas-que-se-sumaron-a-la-campana-del-abrigo\/","title":{"rendered":"M\u00e1s Pe\u00f1as que se sumaron a la Campa\u00f1a del Abrigo"},"content":{"rendered":"<p style=\"text-align: justify;\"><a href=\"https:\/\/www.padreydecano.com\/cms\/wp-content\/uploads\/2012\/06\/pe\u00f1a-014.jpg\" rel=\"shadowbox[sbpost-25170];player=img;\"><img loading=\"lazy\" decoding=\"async\" class=\"alignright  wp-image-25172\" src=\"https:\/\/www.padreydecano.com\/cms\/wp-content\/uploads\/2012\/06\/pe\u00f1a-014-300x199.jpg\" alt=\"\" width=\"210\" height=\"139\" srcset=\"https:\/\/www.padreydecano.com\/cms\/wp-content\/uploads\/2012\/06\/pe\u00f1a-014-300x199.jpg 300w, https:\/\/www.padreydecano.com\/cms\/wp-content\/uploads\/2012\/06\/pe\u00f1a-014.jpg 927w\" sizes=\"(max-width: 210px) 100vw, 210px\" \/><\/a>M\u00e1s Pe\u00f1as del interior siguen entregando ropa de la Campa\u00f1a del Abrigo lanzada por la Comisi\u00f3n de Pe\u00f1as. La semana pasada dos Pe\u00f1as realizaron la donaci\u00f3n de lo juntado: en este caso fueron la Pe\u00f1a de Canelones denominada <strong>\u00abCanelones Carbonero &#8216;Campe\u00f3n del Siglo XX&#8217; \u00bb\u00a0<\/strong>y la Pe\u00f1a de Colonia <strong>\u00abEdgardo \u201cDiablo\u201d Gonzalez\u00bb.<\/strong><\/p>\n<p><span style=\"color: #ffcc02;\"><strong>Pe\u00f1a Canelones Carbonero<\/strong><\/span><\/p>\n<p style=\"text-align: justify;\">La Pe\u00f1a entreg\u00f3 parte de lo recaudado durante la campa\u00f1a del abrigo 2012 a los abuelos del <strong>Hogar de Ancianos Dr.Vercesi<\/strong> de la ciudad de Canelones. Junto a esto tambi\u00e9n se entregaron unas bolsitas de caramelos preparadas para la ocasi\u00f3n con los colores Oro y Carb\u00f3n. A\u00fan no entregaron todo lo recolectado.<strong>\u00a0Padre y Decano<\/strong> habl\u00f3 con Marcelo Aguilar, Secretario de la Pe\u00f1a, quien nos manifest\u00f3 que <em>\u00abpr\u00f3ximamente se estar\u00e1 haciendo entrega del resto de las prendas recaudadas. Llegado el momento compartiremos la informaci\u00f3n con todos ustedes\u00bb.<\/em><\/p>\n<p><strong style=\"color: #ffcc02;\">Pe\u00f1a\u00a0Edgardo Gonz\u00e1lez<\/strong><\/p>\n<p><strong>Padre y Decano<\/strong> dialog\u00f3 con Alfredo Paulsen, Presidente de la Pe\u00f1a:<\/p>\n<p><span style=\"color: #ffcc02;\"><strong>\u00bfC\u00f3mo surgi\u00f3 la idea de llevar adelante la Campa\u00f1a?<\/strong><\/span><\/p>\n<p style=\"text-align: justify;\">En forma conjunta con la Comisi\u00f3n de Pe\u00f1as y las Pe\u00f1as de todo el pa\u00eds. La Pe\u00f1a Edgardo Gonz\u00e1lez organiz\u00f3 una nueva campa\u00f1a solidaria para colaborar con quienes necesitan de la ayuda del pueblo uruguayo sin distinci\u00f3n de colores.<\/p>\n<p><span style=\"color: #ffcc02;\"><strong>\u00bfCu\u00e1ndo juntaron las prendas y c\u00f3mo se difundi\u00f3?<\/strong><\/span><\/p>\n<p style=\"text-align: justify;\">Durante el mes de junio fuimos recibiendo las donaciones de la ropa.\u00a0Omar (integrante de la Pe\u00f1a) se encarg\u00f3 de dise\u00f1ar un hermoso afiche que se difundi\u00f3 a trav\u00e9s de las redes sociales y las p\u00e1ginas webs aurinegras.\u00a0Como en todas las actividades de nuestra Pe\u00f1a, fue fundamental la difusi\u00f3n que brinda la prensa de nuestra ciudad a este tipo de actividades, resaltando lo positivo de las mismas e incluso sum\u00e1ndose a colaborar de diferentes maneras.<\/p>\n<p><span style=\"color: #ffcc02;\"><strong>\u00bfDonde realizaron la recolecci\u00f3n?<\/strong><\/span><\/p>\n<p style=\"text-align: justify;\">En el Kiosco de nuestro Tesorero Fabi\u00e1n \u201c Super\u201d Gonz\u00e1lez, quien nos cuenta que d\u00eda a d\u00eda iba recibiendo las diferentes prendas de personas que ven\u00edan desde distintos puntos de la ciudad, incluso gente mayor que a pesar del fr\u00edo, ven\u00eda desde lejos a colaborar con esta campa\u00f1a.<\/p>\n<p><span style=\"color: #ffcc02;\"><strong>\u00bfA qu\u00e9 centro beneficiaron?<\/strong><\/span><\/p>\n<p style=\"text-align: justify;\">Por tercer a\u00f1o consecutivo la instituci\u00f3n beneficiada fue el Hogar de Ancianos Dr. Luis Mazza, por lo cual el pasado martes 19 de Junio, con motivo del D\u00eda del Abuelo, fuimos invitados por la Comisi\u00f3n de Apoyo de dicho hogar a participar de la fiesta con los abuelos y sus familiares, quienes recibieron con mucha alegr\u00eda nuestra donaci\u00f3n y sobre todo por acompa\u00f1arlos en una fecha tan importante para ellos.<\/p>\n<p style=\"text-align: justify;\"><span style=\"color: #ffcc02;\"><strong>\u00bfC\u00f3mo hicieron la entrega?<\/strong><\/span><\/p>\n<p style=\"text-align: justify;\">Contamos con el apoyo de Esther y su familia, que se encargaron de la tarea de clasificar y ordenar las donaciones recibidas. Luego\u00a0Roberto, Ana, Esther, el Super y Alfredo hicieron entrega a los abuelos de varias bolsas gigantes completas de ropa de abrigo que ser\u00e1n de suma utilidad para los abuelos alojados en el Hogar.<\/p>\n<p>En la oportunidad se cont\u00f3 con la presencia de artistas locales as\u00ed como representantes de los diferentes medios de prensa locales que han estado difundiendo esta donaci\u00f3n en los diferentes programas deportivos de la ciudad, entre los cuales destacamos Canal 3 Colonia, FM Del R\u00edo, Sacramento FM, Libertad Fm y peri\u00f3dico La Colonia.<\/p>\n<p style=\"text-align: justify;\"><span style=\"color: #ffcc02;\"><strong>\u00bfQu\u00e9 significa para ustedes haber realizado dicha donaci\u00f3n?<\/strong><\/span><\/p>\n<p style=\"text-align: justify;\">Si bien para los abuelos es muy importante recibir este tipo de donaciones, resulta a\u00fan mas gratificante para los integrantes de esta Pe\u00f1a ver la cara de felicidad de las personas con las cuales podemos colaborar en las diferentes actividades solidarias que desarrollamos durante el a\u00f1o y a trav\u00e9s de las Pe\u00f1as de todo el pa\u00eds que permiten seguir demostrando que PE\u00d1AROL ES SOLIDARIO.<\/p>\n<p style=\"text-align: justify;\"><span style=\"color: #ffcc02;\"><strong>\u00bfAlg\u00fan agradecimiento?<\/strong><\/span><\/p>\n<p style=\"text-align: justify;\"><strong><\/strong>Agradecemos a toda la sociedad coloniense que nos permiti\u00f3 juntar una importante cantidad de ropa de abrigo, destacando la buena calidad y estado de conservaci\u00f3n de las donaciones recibidas.<\/p>\n<p style=\"text-align: justify;\"><span style=\"text-align: justify;\">Al finalizar Alfredo agrega que <\/span><em style=\"text-align: justify;\">\u00abDesde Colonia felicitamos a todas las Pe\u00f1as que se han sumado a esta iniciativa y les deseamos mucha suerte a la Campa\u00f1a que se realizar\u00e1 pr\u00f3ximamente en Montevideo.\u00bb<\/em><\/p>\n<p style=\"text-align: justify;\">Como siempre,\u00a0<strong><span style=\"color: #ffcc02;\">Padre y Decano<\/span><\/strong>\u00a0felicita a ambas Pe\u00f1as por el gran trabajo que han realizado.<\/p>\n\n\t\t<style type=\"text\/css\">\n\t\t\t#gallery-1 {\n\t\t\t\tmargin: auto;\n\t\t\t}\n\t\t\t#gallery-1 .gallery-item {\n\t\t\t\tfloat: left;\n\t\t\t\tmargin-top: 10px;\n\t\t\t\ttext-align: center;\n\t\t\t\twidth: 33%;\n\t\t\t}\n\t\t\t#gallery-1 img {\n\t\t\t\tborder: 2px solid #cfcfcf;\n\t\t\t}\n\t\t\t#gallery-1 .gallery-caption {\n\t\t\t\tmargin-left: 0;\n\t\t\t}\n\t\t\t\/* see gallery_shortcode() in wp-includes\/media.php *\/\n\t\t<\/style>\n\t\t<div id='gallery-1' class='gallery galleryid-25170 gallery-columns-3 gallery-size-thumbnail'><dl class='gallery-item'>\n\t\t\t<dt class='gallery-icon landscape'>\n\t\t\t\t<a href='https:\/\/www.padreydecano.com\/cms\/wp-content\/uploads\/2012\/06\/pe\u00f1a-003.jpg' rel='shadowbox[sbalbum-25170];player=img;'><img loading=\"lazy\" decoding=\"async\" width=\"150\" height=\"150\" src=\"https:\/\/www.padreydecano.com\/cms\/wp-content\/uploads\/2012\/06\/pe\u00f1a-003-150x150.jpg\" class=\"attachment-thumbnail size-thumbnail\" alt=\"\" srcset=\"https:\/\/www.padreydecano.com\/cms\/wp-content\/uploads\/2012\/06\/pe\u00f1a-003-150x150.jpg 150w, https:\/\/www.padreydecano.com\/cms\/wp-content\/uploads\/2012\/06\/pe\u00f1a-003-36x36.jpg 36w, https:\/\/www.padreydecano.com\/cms\/wp-content\/uploads\/2012\/06\/pe\u00f1a-003-115x115.jpg 115w\" sizes=\"(max-width: 150px) 100vw, 150px\" \/><\/a>\n\t\t\t<\/dt><\/dl><dl class='gallery-item'>\n\t\t\t<dt class='gallery-icon landscape'>\n\t\t\t\t<a href='https:\/\/www.padreydecano.com\/cms\/wp-content\/uploads\/2012\/06\/pe\u00f1a-014.jpg' rel='shadowbox[sbalbum-25170];player=img;'><img loading=\"lazy\" decoding=\"async\" width=\"150\" height=\"150\" src=\"https:\/\/www.padreydecano.com\/cms\/wp-content\/uploads\/2012\/06\/pe\u00f1a-014-150x150.jpg\" class=\"attachment-thumbnail size-thumbnail\" alt=\"\" srcset=\"https:\/\/www.padreydecano.com\/cms\/wp-content\/uploads\/2012\/06\/pe\u00f1a-014-150x150.jpg 150w, https:\/\/www.padreydecano.com\/cms\/wp-content\/uploads\/2012\/06\/pe\u00f1a-014-36x36.jpg 36w, https:\/\/www.padreydecano.com\/cms\/wp-content\/uploads\/2012\/06\/pe\u00f1a-014-115x115.jpg 115w\" sizes=\"(max-width: 150px) 100vw, 150px\" \/><\/a>\n\t\t\t<\/dt><\/dl><dl class='gallery-item'>\n\t\t\t<dt class='gallery-icon landscape'>\n\t\t\t\t<a href='https:\/\/www.padreydecano.com\/cms\/wp-content\/uploads\/2012\/06\/pe\u00f1a-019.jpg' rel='shadowbox[sbalbum-25170];player=img;'><img loading=\"lazy\" decoding=\"async\" width=\"150\" height=\"150\" src=\"https:\/\/www.padreydecano.com\/cms\/wp-content\/uploads\/2012\/06\/pe\u00f1a-019-150x150.jpg\" class=\"attachment-thumbnail size-thumbnail\" alt=\"\" srcset=\"https:\/\/www.padreydecano.com\/cms\/wp-content\/uploads\/2012\/06\/pe\u00f1a-019-150x150.jpg 150w, https:\/\/www.padreydecano.com\/cms\/wp-content\/uploads\/2012\/06\/pe\u00f1a-019-36x36.jpg 36w, https:\/\/www.padreydecano.com\/cms\/wp-content\/uploads\/2012\/06\/pe\u00f1a-019-115x115.jpg 115w\" sizes=\"(max-width: 150px) 100vw, 150px\" \/><\/a>\n\t\t\t<\/dt><\/dl><br style=\"clear: both\" \/><dl class='gallery-item'>\n\t\t\t<dt class='gallery-icon landscape'>\n\t\t\t\t<a href='https:\/\/www.padreydecano.com\/cms\/wp-content\/uploads\/2012\/06\/FOTOS-CAMPA\u00d1A-DEL-ABRIGO-2012-1.jpg' rel='shadowbox[sbalbum-25170];player=img;'><img loading=\"lazy\" decoding=\"async\" width=\"150\" height=\"150\" src=\"https:\/\/www.padreydecano.com\/cms\/wp-content\/uploads\/2012\/06\/FOTOS-CAMPA\u00d1A-DEL-ABRIGO-2012-1-150x150.jpg\" class=\"attachment-thumbnail size-thumbnail\" alt=\"\" srcset=\"https:\/\/www.padreydecano.com\/cms\/wp-content\/uploads\/2012\/06\/FOTOS-CAMPA\u00d1A-DEL-ABRIGO-2012-1-150x150.jpg 150w, https:\/\/www.padreydecano.com\/cms\/wp-content\/uploads\/2012\/06\/FOTOS-CAMPA\u00d1A-DEL-ABRIGO-2012-1-36x36.jpg 36w, https:\/\/www.padreydecano.com\/cms\/wp-content\/uploads\/2012\/06\/FOTOS-CAMPA\u00d1A-DEL-ABRIGO-2012-1-115x115.jpg 115w\" sizes=\"(max-width: 150px) 100vw, 150px\" \/><\/a>\n\t\t\t<\/dt><\/dl><dl class='gallery-item'>\n\t\t\t<dt class='gallery-icon landscape'>\n\t\t\t\t<a href='https:\/\/www.padreydecano.com\/cms\/wp-content\/uploads\/2012\/06\/FOTOS-CAMPA\u00d1A-DEL-ABRIGO-2012-2.jpg' rel='shadowbox[sbalbum-25170];player=img;'><img loading=\"lazy\" decoding=\"async\" width=\"150\" height=\"150\" src=\"https:\/\/www.padreydecano.com\/cms\/wp-content\/uploads\/2012\/06\/FOTOS-CAMPA\u00d1A-DEL-ABRIGO-2012-2-150x150.jpg\" class=\"attachment-thumbnail size-thumbnail\" alt=\"\" srcset=\"https:\/\/www.padreydecano.com\/cms\/wp-content\/uploads\/2012\/06\/FOTOS-CAMPA\u00d1A-DEL-ABRIGO-2012-2-150x150.jpg 150w, https:\/\/www.padreydecano.com\/cms\/wp-content\/uploads\/2012\/06\/FOTOS-CAMPA\u00d1A-DEL-ABRIGO-2012-2-36x36.jpg 36w, https:\/\/www.padreydecano.com\/cms\/wp-content\/uploads\/2012\/06\/FOTOS-CAMPA\u00d1A-DEL-ABRIGO-2012-2-115x115.jpg 115w\" sizes=\"(max-width: 150px) 100vw, 150px\" \/><\/a>\n\t\t\t<\/dt><\/dl><dl class='gallery-item'>\n\t\t\t<dt class='gallery-icon landscape'>\n\t\t\t\t<a href='https:\/\/www.padreydecano.com\/cms\/wp-content\/uploads\/2012\/06\/FOTOS-CAMPA\u00d1A-DEL-ABRIGO-2012-3.jpg' rel='shadowbox[sbalbum-25170];player=img;'><img loading=\"lazy\" decoding=\"async\" width=\"150\" height=\"150\" src=\"https:\/\/www.padreydecano.com\/cms\/wp-content\/uploads\/2012\/06\/FOTOS-CAMPA\u00d1A-DEL-ABRIGO-2012-3-150x150.jpg\" class=\"attachment-thumbnail size-thumbnail\" alt=\"\" srcset=\"https:\/\/www.padreydecano.com\/cms\/wp-content\/uploads\/2012\/06\/FOTOS-CAMPA\u00d1A-DEL-ABRIGO-2012-3-150x150.jpg 150w, https:\/\/www.padreydecano.com\/cms\/wp-content\/uploads\/2012\/06\/FOTOS-CAMPA\u00d1A-DEL-ABRIGO-2012-3-36x36.jpg 36w, https:\/\/www.padreydecano.com\/cms\/wp-content\/uploads\/2012\/06\/FOTOS-CAMPA\u00d1A-DEL-ABRIGO-2012-3-115x115.jpg 115w\" sizes=\"(max-width: 150px) 100vw, 150px\" \/><\/a>\n\t\t\t<\/dt><\/dl><br style=\"clear: both\" \/>\n\t\t<\/div>\n\n","protected":false},"excerpt":{"rendered":"<p>M\u00e1s Pe\u00f1as del interior siguen entregando ropa de la Campa\u00f1a del Abrigo lanzada por la Comisi\u00f3n de Pe\u00f1as. La semana pasada dos Pe\u00f1as realizaron la donaci\u00f3n de lo juntado: en este caso fueron la Pe\u00f1a de Canelones denominada \u00abCanelones Carbonero &#8216;Campe\u00f3n del Siglo XX&#8217; \u00bb\u00a0y la Pe\u00f1a de Colonia \u00abEdgardo \u201cDiablo\u201d Gonzalez\u00bb. Pe\u00f1a Canelones Carbonero [&hellip;]<\/p>\n","protected":false},"author":10,"featured_media":25173,"comment_status":"open","ping_status":"closed","sticky":false,"template":"","format":"standard","meta":{"footnotes":""},"categories":[42],"tags":[101],"yoast_head":"<!-- This site is optimized with the Yoast SEO plugin v23.2 - https:\/\/yoast.com\/wordpress\/plugins\/seo\/ -->\n<title>M\u00e1s Pe\u00f1as que se sumaron a la Campa\u00f1a del Abrigo - Padre y Decano - El Sitio del Pueblo<\/title>\n<meta name=\"robots\" content=\"index, follow, max-snippet:-1, max-image-preview:large, max-video-preview:-1\" \/>\n<link rel=\"canonical\" href=\"https:\/\/www.padreydecano.com\/cms\/penas\/mas-penas-que-se-sumaron-a-la-campana-del-abrigo\/\" \/>\n<meta property=\"og:locale\" content=\"es_ES\" \/>\n<meta property=\"og:type\" content=\"article\" \/>\n<meta property=\"og:title\" content=\"M\u00e1s Pe\u00f1as que se sumaron a la Campa\u00f1a del Abrigo - Padre y Decano - El Sitio del Pueblo\" \/>\n<meta property=\"og:description\" content=\"M\u00e1s Pe\u00f1as del interior siguen entregando ropa de la Campa\u00f1a del Abrigo lanzada por la Comisi\u00f3n de Pe\u00f1as. La semana pasada dos Pe\u00f1as realizaron la donaci\u00f3n de lo juntado: en este caso fueron la Pe\u00f1a de Canelones denominada \u00abCanelones Carbonero &#8216;Campe\u00f3n del Siglo XX&#8217; \u00bb\u00a0y la Pe\u00f1a de Colonia \u00abEdgardo \u201cDiablo\u201d Gonzalez\u00bb. Pe\u00f1a Canelones Carbonero [&hellip;]\" \/>\n<meta property=\"og:url\" content=\"https:\/\/www.padreydecano.com\/cms\/penas\/mas-penas-que-se-sumaron-a-la-campana-del-abrigo\/\" \/>\n<meta property=\"og:site_name\" content=\"Padre y Decano - El Sitio del Pueblo\" \/>\n<meta property=\"article:published_time\" content=\"2012-06-25T20:00:08+00:00\" \/>\n<meta property=\"article:modified_time\" content=\"2012-07-02T02:02:05+00:00\" \/>\n<meta property=\"og:image\" content=\"https:\/\/www.padreydecano.com\/cms\/wp-content\/uploads\/2012\/06\/pe\u00f1a-019.jpg\" \/>\n\t<meta property=\"og:image:width\" content=\"927\" \/>\n\t<meta property=\"og:image:height\" content=\"617\" \/>\n\t<meta property=\"og:image:type\" content=\"image\/jpeg\" \/>\n<meta name=\"author\" content=\"fishoapyd\" \/>\n<meta name=\"twitter:card\" content=\"summary_large_image\" \/>\n<meta name=\"twitter:label1\" content=\"Escrito por\" \/>\n\t<meta name=\"twitter:data1\" content=\"fishoapyd\" \/>\n\t<meta name=\"twitter:label2\" content=\"Tiempo de lectura\" \/>\n\t<meta name=\"twitter:data2\" content=\"4 minutos\" \/>\n<script type=\"application\/ld+json\" class=\"yoast-schema-graph\">{\"@context\":\"https:\/\/schema.org\",\"@graph\":[{\"@type\":\"Article\",\"@id\":\"https:\/\/www.padreydecano.com\/cms\/penas\/mas-penas-que-se-sumaron-a-la-campana-del-abrigo\/#article\",\"isPartOf\":{\"@id\":\"https:\/\/www.padreydecano.com\/cms\/penas\/mas-penas-que-se-sumaron-a-la-campana-del-abrigo\/\"},\"author\":{\"name\":\"fishoapyd\",\"@id\":\"https:\/\/www.padreydecano.com\/cms\/#\/schema\/person\/1376f1ec91158cca7aeef6d2109f929d\"},\"headline\":\"M\u00e1s Pe\u00f1as que se sumaron a la Campa\u00f1a del Abrigo\",\"datePublished\":\"2012-06-25T20:00:08+00:00\",\"dateModified\":\"2012-07-02T02:02:05+00:00\",\"mainEntityOfPage\":{\"@id\":\"https:\/\/www.padreydecano.com\/cms\/penas\/mas-penas-que-se-sumaron-a-la-campana-del-abrigo\/\"},\"wordCount\":769,\"commentCount\":3,\"publisher\":{\"@id\":\"https:\/\/www.padreydecano.com\/cms\/#organization\"},\"image\":{\"@id\":\"https:\/\/www.padreydecano.com\/cms\/penas\/mas-penas-que-se-sumaron-a-la-campana-del-abrigo\/#primaryimage\"},\"thumbnailUrl\":\"https:\/\/www.padreydecano.com\/cms\/wp-content\/uploads\/2012\/06\/pe\u00f1a-019.jpg\",\"keywords\":[\"Movidas Solidarias\"],\"articleSection\":[\"Pe\u00f1as\"],\"inLanguage\":\"es\",\"potentialAction\":[{\"@type\":\"CommentAction\",\"name\":\"Comment\",\"target\":[\"https:\/\/www.padreydecano.com\/cms\/penas\/mas-penas-que-se-sumaron-a-la-campana-del-abrigo\/#respond\"]}]},{\"@type\":\"WebPage\",\"@id\":\"https:\/\/www.padreydecano.com\/cms\/penas\/mas-penas-que-se-sumaron-a-la-campana-del-abrigo\/\",\"url\":\"https:\/\/www.padreydecano.com\/cms\/penas\/mas-penas-que-se-sumaron-a-la-campana-del-abrigo\/\",\"name\":\"M\u00e1s Pe\u00f1as que se sumaron a la Campa\u00f1a del Abrigo - Padre y Decano - El Sitio del Pueblo\",\"isPartOf\":{\"@id\":\"https:\/\/www.padreydecano.com\/cms\/#website\"},\"primaryImageOfPage\":{\"@id\":\"https:\/\/www.padreydecano.com\/cms\/penas\/mas-penas-que-se-sumaron-a-la-campana-del-abrigo\/#primaryimage\"},\"image\":{\"@id\":\"https:\/\/www.padreydecano.com\/cms\/penas\/mas-penas-que-se-sumaron-a-la-campana-del-abrigo\/#primaryimage\"},\"thumbnailUrl\":\"https:\/\/www.padreydecano.com\/cms\/wp-content\/uploads\/2012\/06\/pe\u00f1a-019.jpg\",\"datePublished\":\"2012-06-25T20:00:08+00:00\",\"dateModified\":\"2012-07-02T02:02:05+00:00\",\"breadcrumb\":{\"@id\":\"https:\/\/www.padreydecano.com\/cms\/penas\/mas-penas-que-se-sumaron-a-la-campana-del-abrigo\/#breadcrumb\"},\"inLanguage\":\"es\",\"potentialAction\":[{\"@type\":\"ReadAction\",\"target\":[\"https:\/\/www.padreydecano.com\/cms\/penas\/mas-penas-que-se-sumaron-a-la-campana-del-abrigo\/\"]}]},{\"@type\":\"ImageObject\",\"inLanguage\":\"es\",\"@id\":\"https:\/\/www.padreydecano.com\/cms\/penas\/mas-penas-que-se-sumaron-a-la-campana-del-abrigo\/#primaryimage\",\"url\":\"https:\/\/www.padreydecano.com\/cms\/wp-content\/uploads\/2012\/06\/pe\u00f1a-019.jpg\",\"contentUrl\":\"https:\/\/www.padreydecano.com\/cms\/wp-content\/uploads\/2012\/06\/pe\u00f1a-019.jpg\",\"width\":\"927\",\"height\":\"617\"},{\"@type\":\"BreadcrumbList\",\"@id\":\"https:\/\/www.padreydecano.com\/cms\/penas\/mas-penas-que-se-sumaron-a-la-campana-del-abrigo\/#breadcrumb\",\"itemListElement\":[{\"@type\":\"ListItem\",\"position\":1,\"name\":\"Portada\",\"item\":\"https:\/\/www.padreydecano.com\/cms\/\"},{\"@type\":\"ListItem\",\"position\":2,\"name\":\"M\u00e1s Pe\u00f1as que se sumaron a la Campa\u00f1a del Abrigo\"}]},{\"@type\":\"WebSite\",\"@id\":\"https:\/\/www.padreydecano.com\/cms\/#website\",\"url\":\"https:\/\/www.padreydecano.com\/cms\/\",\"name\":\"Padre y Decano - El Sitio del Pueblo\",\"description\":\"Club Atl\u00e9tico Pe\u00f1arol\",\"publisher\":{\"@id\":\"https:\/\/www.padreydecano.com\/cms\/#organization\"},\"potentialAction\":[{\"@type\":\"SearchAction\",\"target\":{\"@type\":\"EntryPoint\",\"urlTemplate\":\"https:\/\/www.padreydecano.com\/cms\/?s={search_term_string}\"},\"query-input\":\"required name=search_term_string\"}],\"inLanguage\":\"es\"},{\"@type\":\"Organization\",\"@id\":\"https:\/\/www.padreydecano.com\/cms\/#organization\",\"name\":\"Padre y Decano\",\"url\":\"https:\/\/www.padreydecano.com\/cms\/\",\"logo\":{\"@type\":\"ImageObject\",\"inLanguage\":\"es\",\"@id\":\"https:\/\/www.padreydecano.com\/cms\/#\/schema\/logo\/image\/\",\"url\":\"https:\/\/www.padreydecano.com\/cms\/wp-content\/uploads\/2022\/01\/avatar-square.png\",\"contentUrl\":\"https:\/\/www.padreydecano.com\/cms\/wp-content\/uploads\/2022\/01\/avatar-square.png\",\"width\":1500,\"height\":1500,\"caption\":\"Padre y Decano\"},\"image\":{\"@id\":\"https:\/\/www.padreydecano.com\/cms\/#\/schema\/logo\/image\/\"}},{\"@type\":\"Person\",\"@id\":\"https:\/\/www.padreydecano.com\/cms\/#\/schema\/person\/1376f1ec91158cca7aeef6d2109f929d\",\"name\":\"fishoapyd\",\"image\":{\"@type\":\"ImageObject\",\"inLanguage\":\"es\",\"@id\":\"https:\/\/www.padreydecano.com\/cms\/#\/schema\/person\/image\/\",\"url\":\"https:\/\/www.padreydecano.com\/cms\/wp-content\/uploads\/2022\/12\/avatar-square-1.png\",\"contentUrl\":\"https:\/\/www.padreydecano.com\/cms\/wp-content\/uploads\/2022\/12\/avatar-square-1.png\",\"caption\":\"fishoapyd\"},\"sameAs\":[\"http:\/\/www.padreydecano.com\"]}]}<\/script>\n<!-- \/ Yoast SEO plugin. -->","yoast_head_json":{"title":"M\u00e1s Pe\u00f1as que se sumaron a la Campa\u00f1a del Abrigo - Padre y Decano - El Sitio del Pueblo","robots":{"index":"index","follow":"follow","max-snippet":"max-snippet:-1","max-image-preview":"max-image-preview:large","max-video-preview":"max-video-preview:-1"},"canonical":"https:\/\/www.padreydecano.com\/cms\/penas\/mas-penas-que-se-sumaron-a-la-campana-del-abrigo\/","og_locale":"es_ES","og_type":"article","og_title":"M\u00e1s Pe\u00f1as que se sumaron a la Campa\u00f1a del Abrigo - Padre y Decano - El Sitio del Pueblo","og_description":"M\u00e1s Pe\u00f1as del interior siguen entregando ropa de la Campa\u00f1a del Abrigo lanzada por la Comisi\u00f3n de Pe\u00f1as. La semana pasada dos Pe\u00f1as realizaron la donaci\u00f3n de lo juntado: en este caso fueron la Pe\u00f1a de Canelones denominada \u00abCanelones Carbonero &#8216;Campe\u00f3n del Siglo XX&#8217; \u00bb\u00a0y la Pe\u00f1a de Colonia \u00abEdgardo \u201cDiablo\u201d Gonzalez\u00bb. Pe\u00f1a Canelones Carbonero [&hellip;]","og_url":"https:\/\/www.padreydecano.com\/cms\/penas\/mas-penas-que-se-sumaron-a-la-campana-del-abrigo\/","og_site_name":"Padre y Decano - El Sitio del Pueblo","article_published_time":"2012-06-25T20:00:08+00:00","article_modified_time":"2012-07-02T02:02:05+00:00","og_image":[{"width":927,"height":617,"url":"https:\/\/www.padreydecano.com\/cms\/wp-content\/uploads\/2012\/06\/pe\u00f1a-019.jpg","type":"image\/jpeg"}],"author":"fishoapyd","twitter_card":"summary_large_image","twitter_misc":{"Escrito por":"fishoapyd","Tiempo de lectura":"4 minutos"},"schema":{"@context":"https:\/\/schema.org","@graph":[{"@type":"Article","@id":"https:\/\/www.padreydecano.com\/cms\/penas\/mas-penas-que-se-sumaron-a-la-campana-del-abrigo\/#article","isPartOf":{"@id":"https:\/\/www.padreydecano.com\/cms\/penas\/mas-penas-que-se-sumaron-a-la-campana-del-abrigo\/"},"author":{"name":"fishoapyd","@id":"https:\/\/www.padreydecano.com\/cms\/#\/schema\/person\/1376f1ec91158cca7aeef6d2109f929d"},"headline":"M\u00e1s Pe\u00f1as que se sumaron a la Campa\u00f1a del Abrigo","datePublished":"2012-06-25T20:00:08+00:00","dateModified":"2012-07-02T02:02:05+00:00","mainEntityOfPage":{"@id":"https:\/\/www.padreydecano.com\/cms\/penas\/mas-penas-que-se-sumaron-a-la-campana-del-abrigo\/"},"wordCount":769,"commentCount":3,"publisher":{"@id":"https:\/\/www.padreydecano.com\/cms\/#organization"},"image":{"@id":"https:\/\/www.padreydecano.com\/cms\/penas\/mas-penas-que-se-sumaron-a-la-campana-del-abrigo\/#primaryimage"},"thumbnailUrl":"https:\/\/www.padreydecano.com\/cms\/wp-content\/uploads\/2012\/06\/pe\u00f1a-019.jpg","keywords":["Movidas Solidarias"],"articleSection":["Pe\u00f1as"],"inLanguage":"es","potentialAction":[{"@type":"CommentAction","name":"Comment","target":["https:\/\/www.padreydecano.com\/cms\/penas\/mas-penas-que-se-sumaron-a-la-campana-del-abrigo\/#respond"]}]},{"@type":"WebPage","@id":"https:\/\/www.padreydecano.com\/cms\/penas\/mas-penas-que-se-sumaron-a-la-campana-del-abrigo\/","url":"https:\/\/www.padreydecano.com\/cms\/penas\/mas-penas-que-se-sumaron-a-la-campana-del-abrigo\/","name":"M\u00e1s Pe\u00f1as que se sumaron a la Campa\u00f1a del Abrigo - Padre y Decano - El Sitio del Pueblo","isPartOf":{"@id":"https:\/\/www.padreydecano.com\/cms\/#website"},"primaryImageOfPage":{"@id":"https:\/\/www.padreydecano.com\/cms\/penas\/mas-penas-que-se-sumaron-a-la-campana-del-abrigo\/#primaryimage"},"image":{"@id":"https:\/\/www.padreydecano.com\/cms\/penas\/mas-penas-que-se-sumaron-a-la-campana-del-abrigo\/#primaryimage"},"thumbnailUrl":"https:\/\/www.padreydecano.com\/cms\/wp-content\/uploads\/2012\/06\/pe\u00f1a-019.jpg","datePublished":"2012-06-25T20:00:08+00:00","dateModified":"2012-07-02T02:02:05+00:00","breadcrumb":{"@id":"https:\/\/www.padreydecano.com\/cms\/penas\/mas-penas-que-se-sumaron-a-la-campana-del-abrigo\/#breadcrumb"},"inLanguage":"es","potentialAction":[{"@type":"ReadAction","target":["https:\/\/www.padreydecano.com\/cms\/penas\/mas-penas-que-se-sumaron-a-la-campana-del-abrigo\/"]}]},{"@type":"ImageObject","inLanguage":"es","@id":"https:\/\/www.padreydecano.com\/cms\/penas\/mas-penas-que-se-sumaron-a-la-campana-del-abrigo\/#primaryimage","url":"https:\/\/www.padreydecano.com\/cms\/wp-content\/uploads\/2012\/06\/pe\u00f1a-019.jpg","contentUrl":"https:\/\/www.padreydecano.com\/cms\/wp-content\/uploads\/2012\/06\/pe\u00f1a-019.jpg","width":"927","height":"617"},{"@type":"BreadcrumbList","@id":"https:\/\/www.padreydecano.com\/cms\/penas\/mas-penas-que-se-sumaron-a-la-campana-del-abrigo\/#breadcrumb","itemListElement":[{"@type":"ListItem","position":1,"name":"Portada","item":"https:\/\/www.padreydecano.com\/cms\/"},{"@type":"ListItem","position":2,"name":"M\u00e1s Pe\u00f1as que se sumaron a la Campa\u00f1a del Abrigo"}]},{"@type":"WebSite","@id":"https:\/\/www.padreydecano.com\/cms\/#website","url":"https:\/\/www.padreydecano.com\/cms\/","name":"Padre y Decano - El Sitio del Pueblo","description":"Club Atl\u00e9tico Pe\u00f1arol","publisher":{"@id":"https:\/\/www.padreydecano.com\/cms\/#organization"},"potentialAction":[{"@type":"SearchAction","target":{"@type":"EntryPoint","urlTemplate":"https:\/\/www.padreydecano.com\/cms\/?s={search_term_string}"},"query-input":"required name=search_term_string"}],"inLanguage":"es"},{"@type":"Organization","@id":"https:\/\/www.padreydecano.com\/cms\/#organization","name":"Padre y Decano","url":"https:\/\/www.padreydecano.com\/cms\/","logo":{"@type":"ImageObject","inLanguage":"es","@id":"https:\/\/www.padreydecano.com\/cms\/#\/schema\/logo\/image\/","url":"https:\/\/www.padreydecano.com\/cms\/wp-content\/uploads\/2022\/01\/avatar-square.png","contentUrl":"https:\/\/www.padreydecano.com\/cms\/wp-content\/uploads\/2022\/01\/avatar-square.png","width":1500,"height":1500,"caption":"Padre y Decano"},"image":{"@id":"https:\/\/www.padreydecano.com\/cms\/#\/schema\/logo\/image\/"}},{"@type":"Person","@id":"https:\/\/www.padreydecano.com\/cms\/#\/schema\/person\/1376f1ec91158cca7aeef6d2109f929d","name":"fishoapyd","image":{"@type":"ImageObject","inLanguage":"es","@id":"https:\/\/www.padreydecano.com\/cms\/#\/schema\/person\/image\/","url":"https:\/\/www.padreydecano.com\/cms\/wp-content\/uploads\/2022\/12\/avatar-square-1.png","contentUrl":"https:\/\/www.padreydecano.com\/cms\/wp-content\/uploads\/2022\/12\/avatar-square-1.png","caption":"fishoapyd"},"sameAs":["http:\/\/www.padreydecano.com"]}]}},"_links":{"self":[{"href":"https:\/\/www.padreydecano.com\/cms\/wp-json\/wp\/v2\/posts\/25170"}],"collection":[{"href":"https:\/\/www.padreydecano.com\/cms\/wp-json\/wp\/v2\/posts"}],"about":[{"href":"https:\/\/www.padreydecano.com\/cms\/wp-json\/wp\/v2\/types\/post"}],"author":[{"embeddable":true,"href":"https:\/\/www.padreydecano.com\/cms\/wp-json\/wp\/v2\/users\/10"}],"replies":[{"embeddable":true,"href":"https:\/\/www.padreydecano.com\/cms\/wp-json\/wp\/v2\/comments?post=25170"}],"version-history":[{"count":0,"href":"https:\/\/www.padreydecano.com\/cms\/wp-json\/wp\/v2\/posts\/25170\/revisions"}],"wp:featuredmedia":[{"embeddable":true,"href":"https:\/\/www.padreydecano.com\/cms\/wp-json\/wp\/v2\/media\/25173"}],"wp:attachment":[{"href":"https:\/\/www.padreydecano.com\/cms\/wp-json\/wp\/v2\/media?parent=25170"}],"wp:term":[{"taxonomy":"category","embeddable":true,"href":"https:\/\/www.padreydecano.com\/cms\/wp-json\/wp\/v2\/categories?post=25170"},{"taxonomy":"post_tag","embeddable":true,"href":"https:\/\/www.padreydecano.com\/cms\/wp-json\/wp\/v2\/tags?post=25170"}],"curies":[{"name":"wp","href":"https:\/\/api.w.org\/{rel}","templated":true}]}}