{"id":24976,"date":"2012-06-17T14:45:03","date_gmt":"2012-06-17T17:45:03","guid":{"rendered":"http:\/\/www.padreydecano.com\/cms\/?p=24976"},"modified":"2012-06-19T00:54:13","modified_gmt":"2012-06-19T03:54:13","slug":"empieza-la-pretemporada","status":"publish","type":"post","link":"https:\/\/www.padreydecano.com\/cms\/los-aromos\/empieza-la-pretemporada\/","title":{"rendered":"Empieza la pretemporada"},"content":{"rendered":"<p style=\"text-align: justify;\"><a href=\"https:\/\/www.padreydecano.com\/cms\/wp-content\/uploads\/2011\/10\/entrenamiento_101.jpg\" rel=\"shadowbox[sbpost-24976];player=img;\"><img loading=\"lazy\" decoding=\"async\" class=\"alignright  wp-image-6183\" src=\"https:\/\/www.padreydecano.com\/cms\/wp-content\/uploads\/2011\/10\/entrenamiento_101-300x225.jpg\" alt=\"\" width=\"210\" height=\"158\" srcset=\"https:\/\/www.padreydecano.com\/cms\/wp-content\/uploads\/2011\/10\/entrenamiento_101-300x225.jpg 300w, https:\/\/www.padreydecano.com\/cms\/wp-content\/uploads\/2011\/10\/entrenamiento_101.jpg 800w\" sizes=\"(max-width: 210px) 100vw, 210px\" \/><\/a>Luego de la licencia, ma\u00f1ana el plantel comienza los entrenamientos de cara a una nueva temporada. La pr\u00e1ctica empezar\u00e1 a las 10 de la ma\u00f1ana en Los Aromos y habr\u00e1 atenci\u00f3n a la prensa a las 9.30 y una vez que termine la misma. Como principal novedad, Marcelo Zalayeta acord\u00f3 la renovaci\u00f3n de su contrato y estar\u00e1 entrenando junto a sus compa\u00f1eros. El jugador firmar\u00e1 en el correr de la semana pero ya estuvo reunido con la comisi\u00f3n de contrataciones para hablar de los detalles.<\/p>\n<p style=\"text-align: justify;\">Otros jugadores que estar\u00e1n son Rodrigo Pastorini, que retorna de Racing luego de una buena campa\u00f1a personal, e Ignacio Nicolini, quien ya hab\u00eda acordado la llegada al club a comienzo de semestre. Alejandro Gonz\u00e1lez tambi\u00e9n estar\u00e1 en Los Aromos aunque todav\u00eda no est\u00e1 confirmada su continuidad en el club y espera ofertas del exterior.<\/p>\n<p style=\"text-align: justify;\">Hasta el momento, la danza de nombres circula por todos los medios de prensa, pero no hay nada oficial. Jugadores que se pueden ir y jugadores que pueden venir; mucho ruido y pocas nueces. Habr\u00e1 que esperar pero hay una cosa que es clara, los campeonatos se empiezan a ganar en los per\u00edodos de pases. Esperemos que los dirigentes acierten en las contrataciones.<\/p>\n","protected":false},"excerpt":{"rendered":"<p>Luego de la licencia, ma\u00f1ana el plantel comienza los entrenamientos de cara a una nueva temporada. La pr\u00e1ctica empezar\u00e1 a las 10 de la ma\u00f1ana en Los Aromos y habr\u00e1 atenci\u00f3n a la prensa a las 9.30 y una vez que termine la misma. Como principal novedad, Marcelo Zalayeta acord\u00f3 la renovaci\u00f3n de su contrato [&hellip;]<\/p>\n","protected":false},"author":13,"featured_media":18441,"comment_status":"open","ping_status":"closed","sticky":false,"template":"","format":"standard","meta":{"footnotes":""},"categories":[7],"tags":[],"yoast_head":"<!-- This site is optimized with the Yoast SEO plugin v23.2 - https:\/\/yoast.com\/wordpress\/plugins\/seo\/ -->\n<title>Empieza la pretemporada - Padre y Decano - El Sitio del Pueblo<\/title>\n<meta name=\"robots\" content=\"index, follow, max-snippet:-1, max-image-preview:large, max-video-preview:-1\" \/>\n<link rel=\"canonical\" href=\"https:\/\/www.padreydecano.com\/cms\/los-aromos\/empieza-la-pretemporada\/\" \/>\n<meta property=\"og:locale\" content=\"es_ES\" \/>\n<meta property=\"og:type\" content=\"article\" \/>\n<meta property=\"og:title\" content=\"Empieza la pretemporada - Padre y Decano - El Sitio del Pueblo\" \/>\n<meta property=\"og:description\" content=\"Luego de la licencia, ma\u00f1ana el plantel comienza los entrenamientos de cara a una nueva temporada. La pr\u00e1ctica empezar\u00e1 a las 10 de la ma\u00f1ana en Los Aromos y habr\u00e1 atenci\u00f3n a la prensa a las 9.30 y una vez que termine la misma. Como principal novedad, Marcelo Zalayeta acord\u00f3 la renovaci\u00f3n de su contrato [&hellip;]\" \/>\n<meta property=\"og:url\" content=\"https:\/\/www.padreydecano.com\/cms\/los-aromos\/empieza-la-pretemporada\/\" \/>\n<meta property=\"og:site_name\" content=\"Padre y Decano - El Sitio del Pueblo\" \/>\n<meta property=\"article:published_time\" content=\"2012-06-17T17:45:03+00:00\" \/>\n<meta property=\"article:modified_time\" content=\"2012-06-19T03:54:13+00:00\" \/>\n<meta property=\"og:image\" content=\"https:\/\/www.padreydecano.com\/cms\/wp-content\/uploads\/2012\/03\/los-aromos-entrenamiento-marzo-2012.jpg\" \/>\n\t<meta property=\"og:image:width\" content=\"800\" \/>\n\t<meta property=\"og:image:height\" content=\"600\" \/>\n\t<meta property=\"og:image:type\" content=\"image\/jpeg\" \/>\n<meta name=\"author\" content=\"Moderador\" \/>\n<meta name=\"twitter:card\" content=\"summary_large_image\" \/>\n<meta name=\"twitter:label1\" content=\"Escrito por\" \/>\n\t<meta name=\"twitter:data1\" content=\"Moderador\" \/>\n\t<meta name=\"twitter:label2\" content=\"Tiempo de lectura\" \/>\n\t<meta name=\"twitter:data2\" content=\"1 minuto\" \/>\n<script type=\"application\/ld+json\" class=\"yoast-schema-graph\">{\"@context\":\"https:\/\/schema.org\",\"@graph\":[{\"@type\":\"Article\",\"@id\":\"https:\/\/www.padreydecano.com\/cms\/los-aromos\/empieza-la-pretemporada\/#article\",\"isPartOf\":{\"@id\":\"https:\/\/www.padreydecano.com\/cms\/los-aromos\/empieza-la-pretemporada\/\"},\"author\":{\"name\":\"Moderador\",\"@id\":\"https:\/\/www.padreydecano.com\/cms\/#\/schema\/person\/d93e9e537230ae052c194251d9a1def2\"},\"headline\":\"Empieza la pretemporada\",\"datePublished\":\"2012-06-17T17:45:03+00:00\",\"dateModified\":\"2012-06-19T03:54:13+00:00\",\"mainEntityOfPage\":{\"@id\":\"https:\/\/www.padreydecano.com\/cms\/los-aromos\/empieza-la-pretemporada\/\"},\"wordCount\":217,\"commentCount\":21,\"publisher\":{\"@id\":\"https:\/\/www.padreydecano.com\/cms\/#organization\"},\"image\":{\"@id\":\"https:\/\/www.padreydecano.com\/cms\/los-aromos\/empieza-la-pretemporada\/#primaryimage\"},\"thumbnailUrl\":\"https:\/\/www.padreydecano.com\/cms\/wp-content\/uploads\/2012\/03\/los-aromos-entrenamiento-marzo-2012.jpg\",\"articleSection\":[\"Los Aromos\"],\"inLanguage\":\"es\",\"potentialAction\":[{\"@type\":\"CommentAction\",\"name\":\"Comment\",\"target\":[\"https:\/\/www.padreydecano.com\/cms\/los-aromos\/empieza-la-pretemporada\/#respond\"]}]},{\"@type\":\"WebPage\",\"@id\":\"https:\/\/www.padreydecano.com\/cms\/los-aromos\/empieza-la-pretemporada\/\",\"url\":\"https:\/\/www.padreydecano.com\/cms\/los-aromos\/empieza-la-pretemporada\/\",\"name\":\"Empieza la pretemporada - Padre y Decano - El Sitio del Pueblo\",\"isPartOf\":{\"@id\":\"https:\/\/www.padreydecano.com\/cms\/#website\"},\"primaryImageOfPage\":{\"@id\":\"https:\/\/www.padreydecano.com\/cms\/los-aromos\/empieza-la-pretemporada\/#primaryimage\"},\"image\":{\"@id\":\"https:\/\/www.padreydecano.com\/cms\/los-aromos\/empieza-la-pretemporada\/#primaryimage\"},\"thumbnailUrl\":\"https:\/\/www.padreydecano.com\/cms\/wp-content\/uploads\/2012\/03\/los-aromos-entrenamiento-marzo-2012.jpg\",\"datePublished\":\"2012-06-17T17:45:03+00:00\",\"dateModified\":\"2012-06-19T03:54:13+00:00\",\"breadcrumb\":{\"@id\":\"https:\/\/www.padreydecano.com\/cms\/los-aromos\/empieza-la-pretemporada\/#breadcrumb\"},\"inLanguage\":\"es\",\"potentialAction\":[{\"@type\":\"ReadAction\",\"target\":[\"https:\/\/www.padreydecano.com\/cms\/los-aromos\/empieza-la-pretemporada\/\"]}]},{\"@type\":\"ImageObject\",\"inLanguage\":\"es\",\"@id\":\"https:\/\/www.padreydecano.com\/cms\/los-aromos\/empieza-la-pretemporada\/#primaryimage\",\"url\":\"https:\/\/www.padreydecano.com\/cms\/wp-content\/uploads\/2012\/03\/los-aromos-entrenamiento-marzo-2012.jpg\",\"contentUrl\":\"https:\/\/www.padreydecano.com\/cms\/wp-content\/uploads\/2012\/03\/los-aromos-entrenamiento-marzo-2012.jpg\",\"width\":\"800\",\"height\":\"600\"},{\"@type\":\"BreadcrumbList\",\"@id\":\"https:\/\/www.padreydecano.com\/cms\/los-aromos\/empieza-la-pretemporada\/#breadcrumb\",\"itemListElement\":[{\"@type\":\"ListItem\",\"position\":1,\"name\":\"Portada\",\"item\":\"https:\/\/www.padreydecano.com\/cms\/\"},{\"@type\":\"ListItem\",\"position\":2,\"name\":\"Empieza la pretemporada\"}]},{\"@type\":\"WebSite\",\"@id\":\"https:\/\/www.padreydecano.com\/cms\/#website\",\"url\":\"https:\/\/www.padreydecano.com\/cms\/\",\"name\":\"Padre y Decano - El Sitio del Pueblo\",\"description\":\"Club Atl\u00e9tico Pe\u00f1arol\",\"publisher\":{\"@id\":\"https:\/\/www.padreydecano.com\/cms\/#organization\"},\"potentialAction\":[{\"@type\":\"SearchAction\",\"target\":{\"@type\":\"EntryPoint\",\"urlTemplate\":\"https:\/\/www.padreydecano.com\/cms\/?s={search_term_string}\"},\"query-input\":\"required name=search_term_string\"}],\"inLanguage\":\"es\"},{\"@type\":\"Organization\",\"@id\":\"https:\/\/www.padreydecano.com\/cms\/#organization\",\"name\":\"Padre y Decano\",\"url\":\"https:\/\/www.padreydecano.com\/cms\/\",\"logo\":{\"@type\":\"ImageObject\",\"inLanguage\":\"es\",\"@id\":\"https:\/\/www.padreydecano.com\/cms\/#\/schema\/logo\/image\/\",\"url\":\"https:\/\/www.padreydecano.com\/cms\/wp-content\/uploads\/2022\/01\/avatar-square.png\",\"contentUrl\":\"https:\/\/www.padreydecano.com\/cms\/wp-content\/uploads\/2022\/01\/avatar-square.png\",\"width\":1500,\"height\":1500,\"caption\":\"Padre y Decano\"},\"image\":{\"@id\":\"https:\/\/www.padreydecano.com\/cms\/#\/schema\/logo\/image\/\"}},{\"@type\":\"Person\",\"@id\":\"https:\/\/www.padreydecano.com\/cms\/#\/schema\/person\/d93e9e537230ae052c194251d9a1def2\",\"name\":\"Moderador\",\"image\":{\"@type\":\"ImageObject\",\"inLanguage\":\"es\",\"@id\":\"https:\/\/www.padreydecano.com\/cms\/#\/schema\/person\/image\/\",\"url\":\"https:\/\/secure.gravatar.com\/avatar\/2587727bf8a53bd3da4ec49f01bea66e?s=96&d=https%3A%2F%2Fpadreydecano.com%2Fcms%2Fwp-content%2Fthemes%2Fpyd-theme%2Fimg%2Fdefault-avatar.png&r=g\",\"contentUrl\":\"https:\/\/secure.gravatar.com\/avatar\/2587727bf8a53bd3da4ec49f01bea66e?s=96&d=https%3A%2F%2Fpadreydecano.com%2Fcms%2Fwp-content%2Fthemes%2Fpyd-theme%2Fimg%2Fdefault-avatar.png&r=g\",\"caption\":\"Moderador\"}}]}<\/script>\n<!-- \/ Yoast SEO plugin. -->","yoast_head_json":{"title":"Empieza la pretemporada - Padre y Decano - El Sitio del Pueblo","robots":{"index":"index","follow":"follow","max-snippet":"max-snippet:-1","max-image-preview":"max-image-preview:large","max-video-preview":"max-video-preview:-1"},"canonical":"https:\/\/www.padreydecano.com\/cms\/los-aromos\/empieza-la-pretemporada\/","og_locale":"es_ES","og_type":"article","og_title":"Empieza la pretemporada - Padre y Decano - El Sitio del Pueblo","og_description":"Luego de la licencia, ma\u00f1ana el plantel comienza los entrenamientos de cara a una nueva temporada. La pr\u00e1ctica empezar\u00e1 a las 10 de la ma\u00f1ana en Los Aromos y habr\u00e1 atenci\u00f3n a la prensa a las 9.30 y una vez que termine la misma. Como principal novedad, Marcelo Zalayeta acord\u00f3 la renovaci\u00f3n de su contrato [&hellip;]","og_url":"https:\/\/www.padreydecano.com\/cms\/los-aromos\/empieza-la-pretemporada\/","og_site_name":"Padre y Decano - El Sitio del Pueblo","article_published_time":"2012-06-17T17:45:03+00:00","article_modified_time":"2012-06-19T03:54:13+00:00","og_image":[{"width":800,"height":600,"url":"https:\/\/www.padreydecano.com\/cms\/wp-content\/uploads\/2012\/03\/los-aromos-entrenamiento-marzo-2012.jpg","type":"image\/jpeg"}],"author":"Moderador","twitter_card":"summary_large_image","twitter_misc":{"Escrito por":"Moderador","Tiempo de lectura":"1 minuto"},"schema":{"@context":"https:\/\/schema.org","@graph":[{"@type":"Article","@id":"https:\/\/www.padreydecano.com\/cms\/los-aromos\/empieza-la-pretemporada\/#article","isPartOf":{"@id":"https:\/\/www.padreydecano.com\/cms\/los-aromos\/empieza-la-pretemporada\/"},"author":{"name":"Moderador","@id":"https:\/\/www.padreydecano.com\/cms\/#\/schema\/person\/d93e9e537230ae052c194251d9a1def2"},"headline":"Empieza la pretemporada","datePublished":"2012-06-17T17:45:03+00:00","dateModified":"2012-06-19T03:54:13+00:00","mainEntityOfPage":{"@id":"https:\/\/www.padreydecano.com\/cms\/los-aromos\/empieza-la-pretemporada\/"},"wordCount":217,"commentCount":21,"publisher":{"@id":"https:\/\/www.padreydecano.com\/cms\/#organization"},"image":{"@id":"https:\/\/www.padreydecano.com\/cms\/los-aromos\/empieza-la-pretemporada\/#primaryimage"},"thumbnailUrl":"https:\/\/www.padreydecano.com\/cms\/wp-content\/uploads\/2012\/03\/los-aromos-entrenamiento-marzo-2012.jpg","articleSection":["Los Aromos"],"inLanguage":"es","potentialAction":[{"@type":"CommentAction","name":"Comment","target":["https:\/\/www.padreydecano.com\/cms\/los-aromos\/empieza-la-pretemporada\/#respond"]}]},{"@type":"WebPage","@id":"https:\/\/www.padreydecano.com\/cms\/los-aromos\/empieza-la-pretemporada\/","url":"https:\/\/www.padreydecano.com\/cms\/los-aromos\/empieza-la-pretemporada\/","name":"Empieza la pretemporada - Padre y Decano - El Sitio del Pueblo","isPartOf":{"@id":"https:\/\/www.padreydecano.com\/cms\/#website"},"primaryImageOfPage":{"@id":"https:\/\/www.padreydecano.com\/cms\/los-aromos\/empieza-la-pretemporada\/#primaryimage"},"image":{"@id":"https:\/\/www.padreydecano.com\/cms\/los-aromos\/empieza-la-pretemporada\/#primaryimage"},"thumbnailUrl":"https:\/\/www.padreydecano.com\/cms\/wp-content\/uploads\/2012\/03\/los-aromos-entrenamiento-marzo-2012.jpg","datePublished":"2012-06-17T17:45:03+00:00","dateModified":"2012-06-19T03:54:13+00:00","breadcrumb":{"@id":"https:\/\/www.padreydecano.com\/cms\/los-aromos\/empieza-la-pretemporada\/#breadcrumb"},"inLanguage":"es","potentialAction":[{"@type":"ReadAction","target":["https:\/\/www.padreydecano.com\/cms\/los-aromos\/empieza-la-pretemporada\/"]}]},{"@type":"ImageObject","inLanguage":"es","@id":"https:\/\/www.padreydecano.com\/cms\/los-aromos\/empieza-la-pretemporada\/#primaryimage","url":"https:\/\/www.padreydecano.com\/cms\/wp-content\/uploads\/2012\/03\/los-aromos-entrenamiento-marzo-2012.jpg","contentUrl":"https:\/\/www.padreydecano.com\/cms\/wp-content\/uploads\/2012\/03\/los-aromos-entrenamiento-marzo-2012.jpg","width":"800","height":"600"},{"@type":"BreadcrumbList","@id":"https:\/\/www.padreydecano.com\/cms\/los-aromos\/empieza-la-pretemporada\/#breadcrumb","itemListElement":[{"@type":"ListItem","position":1,"name":"Portada","item":"https:\/\/www.padreydecano.com\/cms\/"},{"@type":"ListItem","position":2,"name":"Empieza la pretemporada"}]},{"@type":"WebSite","@id":"https:\/\/www.padreydecano.com\/cms\/#website","url":"https:\/\/www.padreydecano.com\/cms\/","name":"Padre y Decano - El Sitio del Pueblo","description":"Club Atl\u00e9tico Pe\u00f1arol","publisher":{"@id":"https:\/\/www.padreydecano.com\/cms\/#organization"},"potentialAction":[{"@type":"SearchAction","target":{"@type":"EntryPoint","urlTemplate":"https:\/\/www.padreydecano.com\/cms\/?s={search_term_string}"},"query-input":"required name=search_term_string"}],"inLanguage":"es"},{"@type":"Organization","@id":"https:\/\/www.padreydecano.com\/cms\/#organization","name":"Padre y Decano","url":"https:\/\/www.padreydecano.com\/cms\/","logo":{"@type":"ImageObject","inLanguage":"es","@id":"https:\/\/www.padreydecano.com\/cms\/#\/schema\/logo\/image\/","url":"https:\/\/www.padreydecano.com\/cms\/wp-content\/uploads\/2022\/01\/avatar-square.png","contentUrl":"https:\/\/www.padreydecano.com\/cms\/wp-content\/uploads\/2022\/01\/avatar-square.png","width":1500,"height":1500,"caption":"Padre y Decano"},"image":{"@id":"https:\/\/www.padreydecano.com\/cms\/#\/schema\/logo\/image\/"}},{"@type":"Person","@id":"https:\/\/www.padreydecano.com\/cms\/#\/schema\/person\/d93e9e537230ae052c194251d9a1def2","name":"Moderador","image":{"@type":"ImageObject","inLanguage":"es","@id":"https:\/\/www.padreydecano.com\/cms\/#\/schema\/person\/image\/","url":"https:\/\/secure.gravatar.com\/avatar\/2587727bf8a53bd3da4ec49f01bea66e?s=96&d=https%3A%2F%2Fpadreydecano.com%2Fcms%2Fwp-content%2Fthemes%2Fpyd-theme%2Fimg%2Fdefault-avatar.png&r=g","contentUrl":"https:\/\/secure.gravatar.com\/avatar\/2587727bf8a53bd3da4ec49f01bea66e?s=96&d=https%3A%2F%2Fpadreydecano.com%2Fcms%2Fwp-content%2Fthemes%2Fpyd-theme%2Fimg%2Fdefault-avatar.png&r=g","caption":"Moderador"}}]}},"_links":{"self":[{"href":"https:\/\/www.padreydecano.com\/cms\/wp-json\/wp\/v2\/posts\/24976"}],"collection":[{"href":"https:\/\/www.padreydecano.com\/cms\/wp-json\/wp\/v2\/posts"}],"about":[{"href":"https:\/\/www.padreydecano.com\/cms\/wp-json\/wp\/v2\/types\/post"}],"author":[{"embeddable":true,"href":"https:\/\/www.padreydecano.com\/cms\/wp-json\/wp\/v2\/users\/13"}],"replies":[{"embeddable":true,"href":"https:\/\/www.padreydecano.com\/cms\/wp-json\/wp\/v2\/comments?post=24976"}],"version-history":[{"count":0,"href":"https:\/\/www.padreydecano.com\/cms\/wp-json\/wp\/v2\/posts\/24976\/revisions"}],"wp:featuredmedia":[{"embeddable":true,"href":"https:\/\/www.padreydecano.com\/cms\/wp-json\/wp\/v2\/media\/18441"}],"wp:attachment":[{"href":"https:\/\/www.padreydecano.com\/cms\/wp-json\/wp\/v2\/media?parent=24976"}],"wp:term":[{"taxonomy":"category","embeddable":true,"href":"https:\/\/www.padreydecano.com\/cms\/wp-json\/wp\/v2\/categories?post=24976"},{"taxonomy":"post_tag","embeddable":true,"href":"https:\/\/www.padreydecano.com\/cms\/wp-json\/wp\/v2\/tags?post=24976"}],"curies":[{"name":"wp","href":"https:\/\/api.w.org\/{rel}","templated":true}]}}