{"id":24859,"date":"2012-06-14T13:52:59","date_gmt":"2012-06-14T16:52:59","guid":{"rendered":"http:\/\/www.padreydecano.com\/cms\/?p=24859"},"modified":"2012-07-31T16:43:58","modified_gmt":"2012-07-31T19:43:58","slug":"victoria-clasica-y-ventaja-en-la-definicion","status":"publish","type":"post","link":"https:\/\/www.padreydecano.com\/cms\/3era-division\/victoria-clasica-y-ventaja-en-la-definicion\/","title":{"rendered":"Victoria cl\u00e1sica y ventaja en la definici\u00f3n"},"content":{"rendered":"<p style=\"text-align: justify;\"><a href=\"https:\/\/www.padreydecano.com\/cms\/wp-content\/uploads\/2012\/06\/clasico-tercera-division-3.jpg\" rel=\"shadowbox[sbpost-24859];player=img;\"><img loading=\"lazy\" decoding=\"async\" class=\"alignright  wp-image-24861\" src=\"https:\/\/www.padreydecano.com\/cms\/wp-content\/uploads\/2012\/06\/clasico-tercera-division-3-300x199.jpg\" alt=\"\" width=\"210\" height=\"139\" srcset=\"https:\/\/www.padreydecano.com\/cms\/wp-content\/uploads\/2012\/06\/clasico-tercera-division-3-300x199.jpg 300w, https:\/\/www.padreydecano.com\/cms\/wp-content\/uploads\/2012\/06\/clasico-tercera-division-3.jpg 800w\" sizes=\"(max-width: 210px) 100vw, 210px\" \/><\/a>La Tercera <strong>gan\u00f3 el cl\u00e1sico 2 a 0 en el Parque Palermo con goles de Mart\u00edn Silva y Jim Morrison Varela,<\/strong> y de esta forma obtuvo la Tabla Anual. Como tambi\u00e9n hab\u00eda ganado el Torneo Clausura, llegar\u00e1 con ventaja a la definici\u00f3n ante Defensor, campe\u00f3n del Apertura. El saldo negativo de la jornada fue que recibimos dos expulsiones, por lo que los jugadores no estar\u00e1n a la orden para enfrentar a los violetas.<\/p>\n<p style=\"text-align: justify;\">El Tito Gon\u00e7alves puso en cancha a <strong>Washington Aguerre, Guillermo Varela, Germ\u00e1n Ferreira, Joaqu\u00edn Aguirre, Nicol\u00e1s Raguso, Bruno Correa, Rodrigo Viega, Jim Morrison Varela, Facundo Guich\u00f3n, Jonathan Siles y Jonathan Rodr\u00edguez.<br \/>\n<\/strong><br \/>\n<a href=\"https:\/\/www.padreydecano.com\/cms\/wp-content\/uploads\/2012\/06\/clasico-tercera-division-2.jpg\" rel=\"shadowbox[sbpost-24859];player=img;\"><img loading=\"lazy\" decoding=\"async\" class=\"alignleft  wp-image-24860\" src=\"https:\/\/www.padreydecano.com\/cms\/wp-content\/uploads\/2012\/06\/clasico-tercera-division-2-300x199.jpg\" alt=\"\" width=\"210\" height=\"139\" srcset=\"https:\/\/www.padreydecano.com\/cms\/wp-content\/uploads\/2012\/06\/clasico-tercera-division-2-300x199.jpg 300w, https:\/\/www.padreydecano.com\/cms\/wp-content\/uploads\/2012\/06\/clasico-tercera-division-2.jpg 800w\" sizes=\"(max-width: 210px) 100vw, 210px\" \/><\/a>A poco de comenzado el partido, el portero del tradicional rival le comete una falta alevosa a Rodr\u00edguez y es correctamente expulsado, por lo que de arranque quedamos en ventaja num\u00e9rica. Guich\u00f3n pate\u00f3 el tiro libre y el portero reci\u00e9n ingresado mand\u00f3 la pelota al corner tras gran salvada. Minutos despu\u00e9s, una nueva para Pe\u00f1arol con un remate apenas desviado de Jonathan Rodr\u00edguez. Pe\u00f1arol avisaba, pero no culminaba, un cabezazo desviado de Siles volv\u00eda a sacudir el \u00e1rea del tradicional rival.<\/p>\n<p style=\"text-align: justify;\">La mejor jugada lleg\u00f3 luego de una tremenda jugada colectiva entre Siles y Guich\u00f3n. El juez anula el pase final que deriva en el gol de Jonathan Rodr\u00edguez por posici\u00f3n adelantada. Desde la posici\u00f3n donde est\u00e1bamos ubicados no pudimos percibir claramente la incidencia, pero los jugadores pr\u00e1cticamente no protestaron por lo que le damos la derecha al l\u00ednea.<\/p>\n<p style=\"text-align: justify;\">El partido se iba desarrollando en la cancha pero en las tribunas se estaba jugando otro. Los t\u00edpicos insultos y c\u00e1nticos cruzaban de tribuna a tribuna y le pon\u00edan color al mediod\u00eda gris en la cancha de Central Espa\u00f1ol.<\/p>\n<p style=\"text-align: justify;\">Sobre el final del primer tiempo sacamos una pelota pr\u00e1cticamente en la raya. Hubiera sido injusto el gol por el tr\u00e1mite que se hab\u00eda dado en la primera etapa. En la \u00faltima jugada hay una gran acci\u00f3n individual de Viega que se la deja a Siles y remata contra el palo apenas desviado. Pe\u00f1arol fue m\u00e1s en la primera mitad pero no supo aprovechar el jugador adicional; cre\u00f3 f\u00fatbol y llegadas con peligro pero fall\u00f3 en la definici\u00f3n.<\/p>\n<p style=\"text-align: justify;\">El segundo tiempo empez\u00f3 con la misma t\u00f3nica: Pe\u00f1arol era superior y era el que m\u00e1s buscaba el arco rival. En una jugada incre\u00edble, Guich\u00f3n se pierde un gol con el arco de frente y con el golero pr\u00e1cticamente vencido. Minutos despu\u00e9s, <strong>Rodrigo Viega es tontamente expulsado por tirarle una patada cortita a un jugador rival<\/strong>. Se hab\u00eda sancionado la falta a favor nuestra, e inexplicablemente el jugador reaccion\u00f3. Perdemos un valor fundamental para las finales. A partir de ese momento, el partido cambi\u00f3, y al igualarse la cantidad de jugadores, el tradicional rival comenz\u00f3 a tener la pelota y controlar. No llegaba con mucho peligro, pero dominaba las acciones y pod\u00eda venirse a la cabeza nuestra la frase \u201cgoles errados goles en contra\u201d.<\/p>\n<p style=\"text-align: justify;\"><a href=\"https:\/\/www.padreydecano.com\/cms\/wp-content\/uploads\/2012\/06\/clasico-tercera-division-4.jpg\" rel=\"shadowbox[sbpost-24859];player=img;\"><img loading=\"lazy\" decoding=\"async\" class=\"alignright  wp-image-24862\" src=\"https:\/\/www.padreydecano.com\/cms\/wp-content\/uploads\/2012\/06\/clasico-tercera-division-4-300x199.jpg\" alt=\"\" width=\"210\" height=\"139\" srcset=\"https:\/\/www.padreydecano.com\/cms\/wp-content\/uploads\/2012\/06\/clasico-tercera-division-4-300x199.jpg 300w, https:\/\/www.padreydecano.com\/cms\/wp-content\/uploads\/2012\/06\/clasico-tercera-division-4.jpg 800w\" sizes=\"(max-width: 210px) 100vw, 210px\" \/><\/a>El partido tambi\u00e9n se calentaba cada vez m\u00e1s, y Facundo Guich\u00f3n recibe una amarilla por protestarle al juez. Se hablaba mucho, los jugadores jugaban con toda, metiendo; un verdadero cl\u00e1sico del f\u00fatbol uruguayo. Ante este cambio en el tr\u00e1mite del partido, el Tito mueve el banco de suplentes y manda a la cancha al n\u00famero 5 Mart\u00edn Silva quien minutos despu\u00e9s<strong> marc\u00f3 el primer gol del partido de tiro libre. Un remate al segundo palo se mete en el \u00e1ngulo y desata la locura de los hinchas carboneros: un verdadero golazo.<\/strong><\/p>\n<p style=\"text-align: justify;\">Nuevamente Pe\u00f1arol se hace due\u00f1o del partido. Minutos despu\u00e9s del primer gol, se para el juego luego de que un jugador de Pe\u00f1arol cayera al piso sentido.Cuando van a hacer el pique, la pelota deb\u00eda ser del tradicional rival, entonces Guich\u00f3n le dice al jugador rival que \u00e9l va a tirar la pelota para el campo de ellos as\u00ed vuelven a tener la pelota. El jugador no le hace caso y cuando Guich\u00f3n va a lanzar la pelota al campo rival, el jugador de Nacional mete la pierna para trancar a Guich\u00f3n y la pelota queda dividida. <strong>Ah\u00ed la pelota deriva a Jim Morrison Varela, quien la mand\u00f3 a guardar y desat\u00f3 la segunda locura.<\/strong> Los rivales, calientes con la incidencia, se avalancharon sobre el \u00e1rbitro.<\/p>\n<p style=\"text-align: justify;\"><a href=\"https:\/\/www.padreydecano.com\/cms\/wp-content\/uploads\/2012\/06\/clasico-tercera-division.jpg\" rel=\"shadowbox[sbpost-24859];player=img;\"><img loading=\"lazy\" decoding=\"async\" class=\"alignleft  wp-image-24863\" src=\"https:\/\/www.padreydecano.com\/cms\/wp-content\/uploads\/2012\/06\/clasico-tercera-division-300x199.jpg\" alt=\"\" width=\"210\" height=\"139\" srcset=\"https:\/\/www.padreydecano.com\/cms\/wp-content\/uploads\/2012\/06\/clasico-tercera-division-300x199.jpg 300w, https:\/\/www.padreydecano.com\/cms\/wp-content\/uploads\/2012\/06\/clasico-tercera-division.jpg 800w\" sizes=\"(max-width: 210px) 100vw, 210px\" \/><\/a>El partido sigui\u00f3 aumentando la temperatura, y<strong> Jim Morrison Varela se va expulsado<\/strong> por una patada importante. Comenzaron los empujones y las discusiones pero no pas\u00f3 a mayores. A nosotros no nos conven\u00eda entrar en su juego; tenemos que pensar en Defensor. Pasaron los minutos y el partido termin\u00f3 2 a 0, y la Tabla Anual en casa.<\/p>\n<p style=\"text-align: justify;\">Al grito de \u201cdale campe\u00f3n\u201d y \u201cvamo vamo los pibes\u201d, el plantel dio la vuelta ol\u00edmpica en el Parque Palermo y se sac\u00f3 la foto del campe\u00f3n. Ellos saben que dimos un gran paso pero tambi\u00e9n son conscientes que a\u00fan no se cumpli\u00f3 el objetivo final. Tendremos enfrente un duro rival como es Defensor Sporting, que a nivel de formativas siempre es de los m\u00e1s fuertes. El Tito tendr\u00e1 que mover las piezas y ver c\u00f3mo armar\u00e1 el equipo, ya que tendremos dos bajas important\u00edsimas. \u00a1Estamos a un paso, vamo los pibes!<\/p>\n<p style=\"text-align: justify;\">Las fotos del partido las pod\u00e9s ver\u00a0<a title=\"Fotos 3ra vs Hijos (Clausura 2012)\" href=\"https:\/\/www.padreydecano.com\/cms\/3era-division\/fotos-3ra-vs-hijos-clausura-2012\/\" target=\"_blank\">ac\u00e1<\/a>.<\/p>\n","protected":false},"excerpt":{"rendered":"<p>La Tercera gan\u00f3 el cl\u00e1sico 2 a 0 en el Parque Palermo con goles de Mart\u00edn Silva y Jim Morrison Varela, y de esta forma obtuvo la Tabla Anual. Como tambi\u00e9n hab\u00eda ganado el Torneo Clausura, llegar\u00e1 con ventaja a la definici\u00f3n ante Defensor, campe\u00f3n del Apertura. El saldo negativo de la jornada fue que [&hellip;]<\/p>\n","protected":false},"author":13,"featured_media":24862,"comment_status":"open","ping_status":"closed","sticky":false,"template":"","format":"standard","meta":{"footnotes":""},"categories":[51],"tags":[],"yoast_head":"<!-- This site is optimized with the Yoast SEO plugin v23.2 - https:\/\/yoast.com\/wordpress\/plugins\/seo\/ -->\n<title>Victoria cl\u00e1sica y ventaja en la definici\u00f3n - Padre y Decano - El Sitio del Pueblo<\/title>\n<meta name=\"robots\" content=\"index, follow, max-snippet:-1, max-image-preview:large, max-video-preview:-1\" \/>\n<link rel=\"canonical\" href=\"https:\/\/www.padreydecano.com\/cms\/3era-division\/victoria-clasica-y-ventaja-en-la-definicion\/\" \/>\n<meta property=\"og:locale\" content=\"es_ES\" \/>\n<meta property=\"og:type\" content=\"article\" \/>\n<meta property=\"og:title\" content=\"Victoria cl\u00e1sica y ventaja en la definici\u00f3n - Padre y Decano - El Sitio del Pueblo\" \/>\n<meta property=\"og:description\" content=\"La Tercera gan\u00f3 el cl\u00e1sico 2 a 0 en el Parque Palermo con goles de Mart\u00edn Silva y Jim Morrison Varela, y de esta forma obtuvo la Tabla Anual. Como tambi\u00e9n hab\u00eda ganado el Torneo Clausura, llegar\u00e1 con ventaja a la definici\u00f3n ante Defensor, campe\u00f3n del Apertura. El saldo negativo de la jornada fue que [&hellip;]\" \/>\n<meta property=\"og:url\" content=\"https:\/\/www.padreydecano.com\/cms\/3era-division\/victoria-clasica-y-ventaja-en-la-definicion\/\" \/>\n<meta property=\"og:site_name\" content=\"Padre y Decano - El Sitio del Pueblo\" \/>\n<meta property=\"article:published_time\" content=\"2012-06-14T16:52:59+00:00\" \/>\n<meta property=\"article:modified_time\" content=\"2012-07-31T19:43:58+00:00\" \/>\n<meta property=\"og:image\" content=\"https:\/\/www.padreydecano.com\/cms\/wp-content\/uploads\/2012\/06\/clasico-tercera-division-4.jpg\" \/>\n\t<meta property=\"og:image:width\" content=\"800\" \/>\n\t<meta property=\"og:image:height\" content=\"532\" \/>\n\t<meta property=\"og:image:type\" content=\"image\/jpeg\" \/>\n<meta name=\"author\" content=\"Moderador\" \/>\n<meta name=\"twitter:card\" content=\"summary_large_image\" \/>\n<meta name=\"twitter:label1\" content=\"Escrito por\" \/>\n\t<meta name=\"twitter:data1\" content=\"Moderador\" \/>\n\t<meta name=\"twitter:label2\" content=\"Tiempo de lectura\" \/>\n\t<meta name=\"twitter:data2\" content=\"5 minutos\" \/>\n<script type=\"application\/ld+json\" class=\"yoast-schema-graph\">{\"@context\":\"https:\/\/schema.org\",\"@graph\":[{\"@type\":\"Article\",\"@id\":\"https:\/\/www.padreydecano.com\/cms\/3era-division\/victoria-clasica-y-ventaja-en-la-definicion\/#article\",\"isPartOf\":{\"@id\":\"https:\/\/www.padreydecano.com\/cms\/3era-division\/victoria-clasica-y-ventaja-en-la-definicion\/\"},\"author\":{\"name\":\"Moderador\",\"@id\":\"https:\/\/www.padreydecano.com\/cms\/#\/schema\/person\/d93e9e537230ae052c194251d9a1def2\"},\"headline\":\"Victoria cl\u00e1sica y ventaja en la definici\u00f3n\",\"datePublished\":\"2012-06-14T16:52:59+00:00\",\"dateModified\":\"2012-07-31T19:43:58+00:00\",\"mainEntityOfPage\":{\"@id\":\"https:\/\/www.padreydecano.com\/cms\/3era-division\/victoria-clasica-y-ventaja-en-la-definicion\/\"},\"wordCount\":942,\"commentCount\":10,\"publisher\":{\"@id\":\"https:\/\/www.padreydecano.com\/cms\/#organization\"},\"image\":{\"@id\":\"https:\/\/www.padreydecano.com\/cms\/3era-division\/victoria-clasica-y-ventaja-en-la-definicion\/#primaryimage\"},\"thumbnailUrl\":\"https:\/\/www.padreydecano.com\/cms\/wp-content\/uploads\/2012\/06\/clasico-tercera-division-4.jpg\",\"articleSection\":[\"3era Divisi\u00f3n\"],\"inLanguage\":\"es\",\"potentialAction\":[{\"@type\":\"CommentAction\",\"name\":\"Comment\",\"target\":[\"https:\/\/www.padreydecano.com\/cms\/3era-division\/victoria-clasica-y-ventaja-en-la-definicion\/#respond\"]}]},{\"@type\":\"WebPage\",\"@id\":\"https:\/\/www.padreydecano.com\/cms\/3era-division\/victoria-clasica-y-ventaja-en-la-definicion\/\",\"url\":\"https:\/\/www.padreydecano.com\/cms\/3era-division\/victoria-clasica-y-ventaja-en-la-definicion\/\",\"name\":\"Victoria cl\u00e1sica y ventaja en la definici\u00f3n - Padre y Decano - El Sitio del Pueblo\",\"isPartOf\":{\"@id\":\"https:\/\/www.padreydecano.com\/cms\/#website\"},\"primaryImageOfPage\":{\"@id\":\"https:\/\/www.padreydecano.com\/cms\/3era-division\/victoria-clasica-y-ventaja-en-la-definicion\/#primaryimage\"},\"image\":{\"@id\":\"https:\/\/www.padreydecano.com\/cms\/3era-division\/victoria-clasica-y-ventaja-en-la-definicion\/#primaryimage\"},\"thumbnailUrl\":\"https:\/\/www.padreydecano.com\/cms\/wp-content\/uploads\/2012\/06\/clasico-tercera-division-4.jpg\",\"datePublished\":\"2012-06-14T16:52:59+00:00\",\"dateModified\":\"2012-07-31T19:43:58+00:00\",\"breadcrumb\":{\"@id\":\"https:\/\/www.padreydecano.com\/cms\/3era-division\/victoria-clasica-y-ventaja-en-la-definicion\/#breadcrumb\"},\"inLanguage\":\"es\",\"potentialAction\":[{\"@type\":\"ReadAction\",\"target\":[\"https:\/\/www.padreydecano.com\/cms\/3era-division\/victoria-clasica-y-ventaja-en-la-definicion\/\"]}]},{\"@type\":\"ImageObject\",\"inLanguage\":\"es\",\"@id\":\"https:\/\/www.padreydecano.com\/cms\/3era-division\/victoria-clasica-y-ventaja-en-la-definicion\/#primaryimage\",\"url\":\"https:\/\/www.padreydecano.com\/cms\/wp-content\/uploads\/2012\/06\/clasico-tercera-division-4.jpg\",\"contentUrl\":\"https:\/\/www.padreydecano.com\/cms\/wp-content\/uploads\/2012\/06\/clasico-tercera-division-4.jpg\",\"width\":\"800\",\"height\":\"532\"},{\"@type\":\"BreadcrumbList\",\"@id\":\"https:\/\/www.padreydecano.com\/cms\/3era-division\/victoria-clasica-y-ventaja-en-la-definicion\/#breadcrumb\",\"itemListElement\":[{\"@type\":\"ListItem\",\"position\":1,\"name\":\"Portada\",\"item\":\"https:\/\/www.padreydecano.com\/cms\/\"},{\"@type\":\"ListItem\",\"position\":2,\"name\":\"Victoria cl\u00e1sica y ventaja en la definici\u00f3n\"}]},{\"@type\":\"WebSite\",\"@id\":\"https:\/\/www.padreydecano.com\/cms\/#website\",\"url\":\"https:\/\/www.padreydecano.com\/cms\/\",\"name\":\"Padre y Decano - El Sitio del Pueblo\",\"description\":\"Club Atl\u00e9tico Pe\u00f1arol\",\"publisher\":{\"@id\":\"https:\/\/www.padreydecano.com\/cms\/#organization\"},\"potentialAction\":[{\"@type\":\"SearchAction\",\"target\":{\"@type\":\"EntryPoint\",\"urlTemplate\":\"https:\/\/www.padreydecano.com\/cms\/?s={search_term_string}\"},\"query-input\":\"required name=search_term_string\"}],\"inLanguage\":\"es\"},{\"@type\":\"Organization\",\"@id\":\"https:\/\/www.padreydecano.com\/cms\/#organization\",\"name\":\"Padre y Decano\",\"url\":\"https:\/\/www.padreydecano.com\/cms\/\",\"logo\":{\"@type\":\"ImageObject\",\"inLanguage\":\"es\",\"@id\":\"https:\/\/www.padreydecano.com\/cms\/#\/schema\/logo\/image\/\",\"url\":\"https:\/\/www.padreydecano.com\/cms\/wp-content\/uploads\/2022\/01\/avatar-square.png\",\"contentUrl\":\"https:\/\/www.padreydecano.com\/cms\/wp-content\/uploads\/2022\/01\/avatar-square.png\",\"width\":1500,\"height\":1500,\"caption\":\"Padre y Decano\"},\"image\":{\"@id\":\"https:\/\/www.padreydecano.com\/cms\/#\/schema\/logo\/image\/\"}},{\"@type\":\"Person\",\"@id\":\"https:\/\/www.padreydecano.com\/cms\/#\/schema\/person\/d93e9e537230ae052c194251d9a1def2\",\"name\":\"Moderador\",\"image\":{\"@type\":\"ImageObject\",\"inLanguage\":\"es\",\"@id\":\"https:\/\/www.padreydecano.com\/cms\/#\/schema\/person\/image\/\",\"url\":\"https:\/\/secure.gravatar.com\/avatar\/2587727bf8a53bd3da4ec49f01bea66e?s=96&d=https%3A%2F%2Fpadreydecano.com%2Fcms%2Fwp-content%2Fthemes%2Fpyd-theme%2Fimg%2Fdefault-avatar.png&r=g\",\"contentUrl\":\"https:\/\/secure.gravatar.com\/avatar\/2587727bf8a53bd3da4ec49f01bea66e?s=96&d=https%3A%2F%2Fpadreydecano.com%2Fcms%2Fwp-content%2Fthemes%2Fpyd-theme%2Fimg%2Fdefault-avatar.png&r=g\",\"caption\":\"Moderador\"}}]}<\/script>\n<!-- \/ Yoast SEO plugin. -->","yoast_head_json":{"title":"Victoria cl\u00e1sica y ventaja en la definici\u00f3n - Padre y Decano - El Sitio del Pueblo","robots":{"index":"index","follow":"follow","max-snippet":"max-snippet:-1","max-image-preview":"max-image-preview:large","max-video-preview":"max-video-preview:-1"},"canonical":"https:\/\/www.padreydecano.com\/cms\/3era-division\/victoria-clasica-y-ventaja-en-la-definicion\/","og_locale":"es_ES","og_type":"article","og_title":"Victoria cl\u00e1sica y ventaja en la definici\u00f3n - Padre y Decano - El Sitio del Pueblo","og_description":"La Tercera gan\u00f3 el cl\u00e1sico 2 a 0 en el Parque Palermo con goles de Mart\u00edn Silva y Jim Morrison Varela, y de esta forma obtuvo la Tabla Anual. Como tambi\u00e9n hab\u00eda ganado el Torneo Clausura, llegar\u00e1 con ventaja a la definici\u00f3n ante Defensor, campe\u00f3n del Apertura. El saldo negativo de la jornada fue que [&hellip;]","og_url":"https:\/\/www.padreydecano.com\/cms\/3era-division\/victoria-clasica-y-ventaja-en-la-definicion\/","og_site_name":"Padre y Decano - El Sitio del Pueblo","article_published_time":"2012-06-14T16:52:59+00:00","article_modified_time":"2012-07-31T19:43:58+00:00","og_image":[{"width":800,"height":532,"url":"https:\/\/www.padreydecano.com\/cms\/wp-content\/uploads\/2012\/06\/clasico-tercera-division-4.jpg","type":"image\/jpeg"}],"author":"Moderador","twitter_card":"summary_large_image","twitter_misc":{"Escrito por":"Moderador","Tiempo de lectura":"5 minutos"},"schema":{"@context":"https:\/\/schema.org","@graph":[{"@type":"Article","@id":"https:\/\/www.padreydecano.com\/cms\/3era-division\/victoria-clasica-y-ventaja-en-la-definicion\/#article","isPartOf":{"@id":"https:\/\/www.padreydecano.com\/cms\/3era-division\/victoria-clasica-y-ventaja-en-la-definicion\/"},"author":{"name":"Moderador","@id":"https:\/\/www.padreydecano.com\/cms\/#\/schema\/person\/d93e9e537230ae052c194251d9a1def2"},"headline":"Victoria cl\u00e1sica y ventaja en la definici\u00f3n","datePublished":"2012-06-14T16:52:59+00:00","dateModified":"2012-07-31T19:43:58+00:00","mainEntityOfPage":{"@id":"https:\/\/www.padreydecano.com\/cms\/3era-division\/victoria-clasica-y-ventaja-en-la-definicion\/"},"wordCount":942,"commentCount":10,"publisher":{"@id":"https:\/\/www.padreydecano.com\/cms\/#organization"},"image":{"@id":"https:\/\/www.padreydecano.com\/cms\/3era-division\/victoria-clasica-y-ventaja-en-la-definicion\/#primaryimage"},"thumbnailUrl":"https:\/\/www.padreydecano.com\/cms\/wp-content\/uploads\/2012\/06\/clasico-tercera-division-4.jpg","articleSection":["3era Divisi\u00f3n"],"inLanguage":"es","potentialAction":[{"@type":"CommentAction","name":"Comment","target":["https:\/\/www.padreydecano.com\/cms\/3era-division\/victoria-clasica-y-ventaja-en-la-definicion\/#respond"]}]},{"@type":"WebPage","@id":"https:\/\/www.padreydecano.com\/cms\/3era-division\/victoria-clasica-y-ventaja-en-la-definicion\/","url":"https:\/\/www.padreydecano.com\/cms\/3era-division\/victoria-clasica-y-ventaja-en-la-definicion\/","name":"Victoria cl\u00e1sica y ventaja en la definici\u00f3n - Padre y Decano - El Sitio del Pueblo","isPartOf":{"@id":"https:\/\/www.padreydecano.com\/cms\/#website"},"primaryImageOfPage":{"@id":"https:\/\/www.padreydecano.com\/cms\/3era-division\/victoria-clasica-y-ventaja-en-la-definicion\/#primaryimage"},"image":{"@id":"https:\/\/www.padreydecano.com\/cms\/3era-division\/victoria-clasica-y-ventaja-en-la-definicion\/#primaryimage"},"thumbnailUrl":"https:\/\/www.padreydecano.com\/cms\/wp-content\/uploads\/2012\/06\/clasico-tercera-division-4.jpg","datePublished":"2012-06-14T16:52:59+00:00","dateModified":"2012-07-31T19:43:58+00:00","breadcrumb":{"@id":"https:\/\/www.padreydecano.com\/cms\/3era-division\/victoria-clasica-y-ventaja-en-la-definicion\/#breadcrumb"},"inLanguage":"es","potentialAction":[{"@type":"ReadAction","target":["https:\/\/www.padreydecano.com\/cms\/3era-division\/victoria-clasica-y-ventaja-en-la-definicion\/"]}]},{"@type":"ImageObject","inLanguage":"es","@id":"https:\/\/www.padreydecano.com\/cms\/3era-division\/victoria-clasica-y-ventaja-en-la-definicion\/#primaryimage","url":"https:\/\/www.padreydecano.com\/cms\/wp-content\/uploads\/2012\/06\/clasico-tercera-division-4.jpg","contentUrl":"https:\/\/www.padreydecano.com\/cms\/wp-content\/uploads\/2012\/06\/clasico-tercera-division-4.jpg","width":"800","height":"532"},{"@type":"BreadcrumbList","@id":"https:\/\/www.padreydecano.com\/cms\/3era-division\/victoria-clasica-y-ventaja-en-la-definicion\/#breadcrumb","itemListElement":[{"@type":"ListItem","position":1,"name":"Portada","item":"https:\/\/www.padreydecano.com\/cms\/"},{"@type":"ListItem","position":2,"name":"Victoria cl\u00e1sica y ventaja en la definici\u00f3n"}]},{"@type":"WebSite","@id":"https:\/\/www.padreydecano.com\/cms\/#website","url":"https:\/\/www.padreydecano.com\/cms\/","name":"Padre y Decano - El Sitio del Pueblo","description":"Club Atl\u00e9tico Pe\u00f1arol","publisher":{"@id":"https:\/\/www.padreydecano.com\/cms\/#organization"},"potentialAction":[{"@type":"SearchAction","target":{"@type":"EntryPoint","urlTemplate":"https:\/\/www.padreydecano.com\/cms\/?s={search_term_string}"},"query-input":"required name=search_term_string"}],"inLanguage":"es"},{"@type":"Organization","@id":"https:\/\/www.padreydecano.com\/cms\/#organization","name":"Padre y Decano","url":"https:\/\/www.padreydecano.com\/cms\/","logo":{"@type":"ImageObject","inLanguage":"es","@id":"https:\/\/www.padreydecano.com\/cms\/#\/schema\/logo\/image\/","url":"https:\/\/www.padreydecano.com\/cms\/wp-content\/uploads\/2022\/01\/avatar-square.png","contentUrl":"https:\/\/www.padreydecano.com\/cms\/wp-content\/uploads\/2022\/01\/avatar-square.png","width":1500,"height":1500,"caption":"Padre y Decano"},"image":{"@id":"https:\/\/www.padreydecano.com\/cms\/#\/schema\/logo\/image\/"}},{"@type":"Person","@id":"https:\/\/www.padreydecano.com\/cms\/#\/schema\/person\/d93e9e537230ae052c194251d9a1def2","name":"Moderador","image":{"@type":"ImageObject","inLanguage":"es","@id":"https:\/\/www.padreydecano.com\/cms\/#\/schema\/person\/image\/","url":"https:\/\/secure.gravatar.com\/avatar\/2587727bf8a53bd3da4ec49f01bea66e?s=96&d=https%3A%2F%2Fpadreydecano.com%2Fcms%2Fwp-content%2Fthemes%2Fpyd-theme%2Fimg%2Fdefault-avatar.png&r=g","contentUrl":"https:\/\/secure.gravatar.com\/avatar\/2587727bf8a53bd3da4ec49f01bea66e?s=96&d=https%3A%2F%2Fpadreydecano.com%2Fcms%2Fwp-content%2Fthemes%2Fpyd-theme%2Fimg%2Fdefault-avatar.png&r=g","caption":"Moderador"}}]}},"_links":{"self":[{"href":"https:\/\/www.padreydecano.com\/cms\/wp-json\/wp\/v2\/posts\/24859"}],"collection":[{"href":"https:\/\/www.padreydecano.com\/cms\/wp-json\/wp\/v2\/posts"}],"about":[{"href":"https:\/\/www.padreydecano.com\/cms\/wp-json\/wp\/v2\/types\/post"}],"author":[{"embeddable":true,"href":"https:\/\/www.padreydecano.com\/cms\/wp-json\/wp\/v2\/users\/13"}],"replies":[{"embeddable":true,"href":"https:\/\/www.padreydecano.com\/cms\/wp-json\/wp\/v2\/comments?post=24859"}],"version-history":[{"count":0,"href":"https:\/\/www.padreydecano.com\/cms\/wp-json\/wp\/v2\/posts\/24859\/revisions"}],"wp:featuredmedia":[{"embeddable":true,"href":"https:\/\/www.padreydecano.com\/cms\/wp-json\/wp\/v2\/media\/24862"}],"wp:attachment":[{"href":"https:\/\/www.padreydecano.com\/cms\/wp-json\/wp\/v2\/media?parent=24859"}],"wp:term":[{"taxonomy":"category","embeddable":true,"href":"https:\/\/www.padreydecano.com\/cms\/wp-json\/wp\/v2\/categories?post=24859"},{"taxonomy":"post_tag","embeddable":true,"href":"https:\/\/www.padreydecano.com\/cms\/wp-json\/wp\/v2\/tags?post=24859"}],"curies":[{"name":"wp","href":"https:\/\/api.w.org\/{rel}","templated":true}]}}