{"id":24753,"date":"2012-06-11T13:41:39","date_gmt":"2012-06-11T16:41:39","guid":{"rendered":"http:\/\/www.padreydecano.com\/cms\/?p=24753"},"modified":"2012-06-12T09:15:40","modified_gmt":"2012-06-12T12:15:40","slug":"boxeadores-de-penarol-5ta-fecha-c-f-u-de-boxeo","status":"publish","type":"post","link":"https:\/\/www.padreydecano.com\/cms\/noticias\/boxeadores-de-penarol-5ta-fecha-c-f-u-de-boxeo\/","title":{"rendered":"Boxeadores de Pe\u00f1arol: 5ta fecha C.N.F.U. de Boxeo"},"content":{"rendered":"<p style=\"text-align: justify;\">En la noche del s\u00e1bado en el Club Col\u00f3n se disput\u00f3 la <strong>5ta. fecha del Campeonato Nacional de la Federaci\u00f3n Uruguaya de Boxeo.<\/strong> En dicha jornada compet\u00edan <strong>4 boxeadores del Club Atl\u00e9tico Pe\u00f1arol: Joaqu\u00edn Gonz\u00e1lez, Luc\u00eda Latorre, Andr\u00e9s Carnales y el \u00faltimo Nicolas Troche en calidad de exhibici\u00f3n.<\/strong><\/p>\n<p style=\"text-align: justify;\">Las peleas de los boxeadores carboneros fueron las siguientes:<\/p>\n<ul style=\"text-align: justify;\">\n<li>De esta fecha sali\u00f3 <strong>campe\u00f3n<\/strong>\u00a0<strong>Joaqu\u00edn Gonz\u00e1lez del Club Atl\u00e9tico Pe\u00f1arol<\/strong> en los 81 Kg. Gonz\u00e1lez se enfrent\u00f3 a Pedro Fleitas del Club Defensores de Maro\u00f1as y gan\u00f3 por puntos en decisi\u00f3n dividida.<\/li>\n<li>En los 56 kg, <strong>Andr\u00e9s Carnales (Pe\u00f1arol)<\/strong> se enfrent\u00f3 a Damian Rodriguez (Mendoza). Ganador Andr\u00e9s Carnales por decisi\u00f3n un\u00e1nime.<\/li>\n<li>En los 69 kgs <strong>Luc\u00eda Latorre (Pe\u00f1arol)<\/strong> vs Vanesa Dos Santos (A.B.U). Ganadora\u00a0Lucia Latorre por decisi\u00f3n un\u00e1nime.<\/li>\n<li>\u00a0En\u00a0calidad de\u00a0exhibici\u00f3n\u00a0<strong>Nicolas Troche (Pe\u00f1arol)<\/strong> vs Pablo L\u00f3pez (Gimnasio Golden).<\/li>\n<\/ul>\n<p style=\"text-align: justify;\">Sin dudas que fue una gran jornada de los boxeadores\/as carboneros\/as. Aprovechamos para contarles que Pe\u00f1arol en este momento tiene 8 boxeadores que est\u00e1n federados en el Campeonato Nacional de Boxeo. El entrenador Ram\u00f3n Barrero est\u00e1 haciendo un gran trabajo y lleva\u00a0a conciencia\u00a0a todos los pibes que compiten representando al club.<\/p>\n<p style=\"text-align: justify;\">A todos aquellos que se quieran acercar a pr\u00e1cticar este hermoso deporte pueden hacerlo en el <a href=\"https:\/\/www.padreydecano.com\/cms\/noticias\/boxeo-para-todos-en-el-palacio-penarol\/\" target=\"_blank\">Gimnasio ubicado en el Palacio Pe\u00f1arol<\/a>.<\/p>\n<p style=\"text-align: justify;\"><strong>Para informarse sobre el funcionamiento, los d\u00edas y horarios de pr\u00e1ctica en el Gimnasio, el tel\u00e9fono de comunicaci\u00f3n es el (095) 567815 o los tel\u00e9fonos de la sede, interno 112.<\/strong><\/p>\n<p><strong>Cr\u00f3nica y fotos de <span style=\"color: #ffcc02;\">Pablo Ram\u00edrez.<\/span><\/strong><br \/>\n\n\t\t<style type=\"text\/css\">\n\t\t\t#gallery-1 {\n\t\t\t\tmargin: auto;\n\t\t\t}\n\t\t\t#gallery-1 .gallery-item {\n\t\t\t\tfloat: left;\n\t\t\t\tmargin-top: 10px;\n\t\t\t\ttext-align: center;\n\t\t\t\twidth: 33%;\n\t\t\t}\n\t\t\t#gallery-1 img {\n\t\t\t\tborder: 2px solid #cfcfcf;\n\t\t\t}\n\t\t\t#gallery-1 .gallery-caption {\n\t\t\t\tmargin-left: 0;\n\t\t\t}\n\t\t\t\/* see gallery_shortcode() in wp-includes\/media.php *\/\n\t\t<\/style>\n\t\t<div id='gallery-1' class='gallery galleryid-24753 gallery-columns-3 gallery-size-thumbnail'><dl class='gallery-item'>\n\t\t\t<dt class='gallery-icon landscape'>\n\t\t\t\t<a href='https:\/\/www.padreydecano.com\/cms\/wp-content\/uploads\/2012\/06\/S7000978-Copiar.jpg' rel='shadowbox[sbalbum-24753];player=img;'><img loading=\"lazy\" decoding=\"async\" width=\"150\" height=\"150\" src=\"https:\/\/www.padreydecano.com\/cms\/wp-content\/uploads\/2012\/06\/S7000978-Copiar-150x150.jpg\" class=\"attachment-thumbnail size-thumbnail\" alt=\"\" srcset=\"https:\/\/www.padreydecano.com\/cms\/wp-content\/uploads\/2012\/06\/S7000978-Copiar-150x150.jpg 150w, https:\/\/www.padreydecano.com\/cms\/wp-content\/uploads\/2012\/06\/S7000978-Copiar-36x36.jpg 36w, https:\/\/www.padreydecano.com\/cms\/wp-content\/uploads\/2012\/06\/S7000978-Copiar-115x115.jpg 115w\" sizes=\"(max-width: 150px) 100vw, 150px\" \/><\/a>\n\t\t\t<\/dt><\/dl><dl class='gallery-item'>\n\t\t\t<dt class='gallery-icon landscape'>\n\t\t\t\t<a href='https:\/\/www.padreydecano.com\/cms\/wp-content\/uploads\/2012\/06\/S7000976-Copiar.jpg' rel='shadowbox[sbalbum-24753];player=img;'><img loading=\"lazy\" decoding=\"async\" width=\"150\" height=\"150\" src=\"https:\/\/www.padreydecano.com\/cms\/wp-content\/uploads\/2012\/06\/S7000976-Copiar-150x150.jpg\" class=\"attachment-thumbnail size-thumbnail\" alt=\"\" srcset=\"https:\/\/www.padreydecano.com\/cms\/wp-content\/uploads\/2012\/06\/S7000976-Copiar-150x150.jpg 150w, https:\/\/www.padreydecano.com\/cms\/wp-content\/uploads\/2012\/06\/S7000976-Copiar-36x36.jpg 36w, https:\/\/www.padreydecano.com\/cms\/wp-content\/uploads\/2012\/06\/S7000976-Copiar-115x115.jpg 115w\" sizes=\"(max-width: 150px) 100vw, 150px\" \/><\/a>\n\t\t\t<\/dt><\/dl><dl class='gallery-item'>\n\t\t\t<dt class='gallery-icon landscape'>\n\t\t\t\t<a href='https:\/\/www.padreydecano.com\/cms\/wp-content\/uploads\/2012\/06\/S7000975-Copiar.jpg' rel='shadowbox[sbalbum-24753];player=img;'><img loading=\"lazy\" decoding=\"async\" width=\"150\" height=\"150\" src=\"https:\/\/www.padreydecano.com\/cms\/wp-content\/uploads\/2012\/06\/S7000975-Copiar-150x150.jpg\" class=\"attachment-thumbnail size-thumbnail\" alt=\"\" srcset=\"https:\/\/www.padreydecano.com\/cms\/wp-content\/uploads\/2012\/06\/S7000975-Copiar-150x150.jpg 150w, https:\/\/www.padreydecano.com\/cms\/wp-content\/uploads\/2012\/06\/S7000975-Copiar-36x36.jpg 36w, https:\/\/www.padreydecano.com\/cms\/wp-content\/uploads\/2012\/06\/S7000975-Copiar-115x115.jpg 115w\" sizes=\"(max-width: 150px) 100vw, 150px\" \/><\/a>\n\t\t\t<\/dt><\/dl><br style=\"clear: both\" \/><dl class='gallery-item'>\n\t\t\t<dt class='gallery-icon landscape'>\n\t\t\t\t<a href='https:\/\/www.padreydecano.com\/cms\/wp-content\/uploads\/2012\/06\/S7000974-Copiar.jpg' rel='shadowbox[sbalbum-24753];player=img;'><img loading=\"lazy\" decoding=\"async\" width=\"150\" height=\"150\" src=\"https:\/\/www.padreydecano.com\/cms\/wp-content\/uploads\/2012\/06\/S7000974-Copiar-150x150.jpg\" class=\"attachment-thumbnail size-thumbnail\" alt=\"\" srcset=\"https:\/\/www.padreydecano.com\/cms\/wp-content\/uploads\/2012\/06\/S7000974-Copiar-150x150.jpg 150w, https:\/\/www.padreydecano.com\/cms\/wp-content\/uploads\/2012\/06\/S7000974-Copiar-36x36.jpg 36w, https:\/\/www.padreydecano.com\/cms\/wp-content\/uploads\/2012\/06\/S7000974-Copiar-115x115.jpg 115w\" sizes=\"(max-width: 150px) 100vw, 150px\" \/><\/a>\n\t\t\t<\/dt><\/dl><dl class='gallery-item'>\n\t\t\t<dt class='gallery-icon landscape'>\n\t\t\t\t<a href='https:\/\/www.padreydecano.com\/cms\/wp-content\/uploads\/2012\/06\/S7000973-Copiar.jpg' rel='shadowbox[sbalbum-24753];player=img;'><img loading=\"lazy\" decoding=\"async\" width=\"150\" height=\"150\" src=\"https:\/\/www.padreydecano.com\/cms\/wp-content\/uploads\/2012\/06\/S7000973-Copiar-150x150.jpg\" class=\"attachment-thumbnail size-thumbnail\" alt=\"\" srcset=\"https:\/\/www.padreydecano.com\/cms\/wp-content\/uploads\/2012\/06\/S7000973-Copiar-150x150.jpg 150w, https:\/\/www.padreydecano.com\/cms\/wp-content\/uploads\/2012\/06\/S7000973-Copiar-36x36.jpg 36w, https:\/\/www.padreydecano.com\/cms\/wp-content\/uploads\/2012\/06\/S7000973-Copiar-115x115.jpg 115w\" sizes=\"(max-width: 150px) 100vw, 150px\" \/><\/a>\n\t\t\t<\/dt><\/dl><dl class='gallery-item'>\n\t\t\t<dt class='gallery-icon landscape'>\n\t\t\t\t<a href='https:\/\/www.padreydecano.com\/cms\/wp-content\/uploads\/2012\/06\/S7000972-Copiar.jpg' rel='shadowbox[sbalbum-24753];player=img;'><img loading=\"lazy\" decoding=\"async\" width=\"150\" height=\"150\" src=\"https:\/\/www.padreydecano.com\/cms\/wp-content\/uploads\/2012\/06\/S7000972-Copiar-150x150.jpg\" class=\"attachment-thumbnail size-thumbnail\" alt=\"\" srcset=\"https:\/\/www.padreydecano.com\/cms\/wp-content\/uploads\/2012\/06\/S7000972-Copiar-150x150.jpg 150w, https:\/\/www.padreydecano.com\/cms\/wp-content\/uploads\/2012\/06\/S7000972-Copiar-36x36.jpg 36w, https:\/\/www.padreydecano.com\/cms\/wp-content\/uploads\/2012\/06\/S7000972-Copiar-115x115.jpg 115w\" sizes=\"(max-width: 150px) 100vw, 150px\" \/><\/a>\n\t\t\t<\/dt><\/dl><br style=\"clear: both\" \/><dl class='gallery-item'>\n\t\t\t<dt class='gallery-icon landscape'>\n\t\t\t\t<a href='https:\/\/www.padreydecano.com\/cms\/wp-content\/uploads\/2012\/06\/S7000971-1-Copiar.jpg' rel='shadowbox[sbalbum-24753];player=img;'><img loading=\"lazy\" decoding=\"async\" width=\"150\" height=\"150\" src=\"https:\/\/www.padreydecano.com\/cms\/wp-content\/uploads\/2012\/06\/S7000971-1-Copiar-150x150.jpg\" class=\"attachment-thumbnail size-thumbnail\" alt=\"\" srcset=\"https:\/\/www.padreydecano.com\/cms\/wp-content\/uploads\/2012\/06\/S7000971-1-Copiar-150x150.jpg 150w, https:\/\/www.padreydecano.com\/cms\/wp-content\/uploads\/2012\/06\/S7000971-1-Copiar-36x36.jpg 36w, https:\/\/www.padreydecano.com\/cms\/wp-content\/uploads\/2012\/06\/S7000971-1-Copiar-115x115.jpg 115w\" sizes=\"(max-width: 150px) 100vw, 150px\" \/><\/a>\n\t\t\t<\/dt><\/dl><dl class='gallery-item'>\n\t\t\t<dt class='gallery-icon landscape'>\n\t\t\t\t<a href='https:\/\/www.padreydecano.com\/cms\/wp-content\/uploads\/2012\/06\/S7000979-Copiar.jpg' rel='shadowbox[sbalbum-24753];player=img;'><img loading=\"lazy\" decoding=\"async\" width=\"150\" height=\"150\" src=\"https:\/\/www.padreydecano.com\/cms\/wp-content\/uploads\/2012\/06\/S7000979-Copiar-150x150.jpg\" class=\"attachment-thumbnail size-thumbnail\" alt=\"\" srcset=\"https:\/\/www.padreydecano.com\/cms\/wp-content\/uploads\/2012\/06\/S7000979-Copiar-150x150.jpg 150w, https:\/\/www.padreydecano.com\/cms\/wp-content\/uploads\/2012\/06\/S7000979-Copiar-36x36.jpg 36w, https:\/\/www.padreydecano.com\/cms\/wp-content\/uploads\/2012\/06\/S7000979-Copiar-115x115.jpg 115w\" sizes=\"(max-width: 150px) 100vw, 150px\" \/><\/a>\n\t\t\t<\/dt><\/dl>\n\t\t\t<br style='clear: both' \/>\n\t\t<\/div>\n<\/p>\n","protected":false},"excerpt":{"rendered":"<p>En la noche del s\u00e1bado en el Club Col\u00f3n se disput\u00f3 la 5ta. fecha del Campeonato Nacional de la Federaci\u00f3n Uruguaya de Boxeo. En dicha jornada compet\u00edan 4 boxeadores del Club Atl\u00e9tico Pe\u00f1arol: Joaqu\u00edn Gonz\u00e1lez, Luc\u00eda Latorre, Andr\u00e9s Carnales y el \u00faltimo Nicolas Troche en calidad de exhibici\u00f3n. Las peleas de los boxeadores carboneros fueron [&hellip;]<\/p>\n","protected":false},"author":2,"featured_media":24769,"comment_status":"open","ping_status":"closed","sticky":false,"template":"","format":"standard","meta":{"footnotes":""},"categories":[1,27],"tags":[38],"yoast_head":"<!-- This site is optimized with the Yoast SEO plugin v23.2 - https:\/\/yoast.com\/wordpress\/plugins\/seo\/ -->\n<title>Boxeadores de Pe\u00f1arol: 5ta fecha C.N.F.U. de Boxeo - Padre y Decano - El Sitio del Pueblo<\/title>\n<meta name=\"robots\" content=\"index, follow, max-snippet:-1, max-image-preview:large, max-video-preview:-1\" \/>\n<link rel=\"canonical\" href=\"https:\/\/www.padreydecano.com\/cms\/noticias\/boxeadores-de-penarol-5ta-fecha-c-f-u-de-boxeo\/\" \/>\n<meta property=\"og:locale\" content=\"es_ES\" \/>\n<meta property=\"og:type\" content=\"article\" \/>\n<meta property=\"og:title\" content=\"Boxeadores de Pe\u00f1arol: 5ta fecha C.N.F.U. de Boxeo - Padre y Decano - El Sitio del Pueblo\" \/>\n<meta property=\"og:description\" content=\"En la noche del s\u00e1bado en el Club Col\u00f3n se disput\u00f3 la 5ta. fecha del Campeonato Nacional de la Federaci\u00f3n Uruguaya de Boxeo. En dicha jornada compet\u00edan 4 boxeadores del Club Atl\u00e9tico Pe\u00f1arol: Joaqu\u00edn Gonz\u00e1lez, Luc\u00eda Latorre, Andr\u00e9s Carnales y el \u00faltimo Nicolas Troche en calidad de exhibici\u00f3n. Las peleas de los boxeadores carboneros fueron [&hellip;]\" \/>\n<meta property=\"og:url\" content=\"https:\/\/www.padreydecano.com\/cms\/noticias\/boxeadores-de-penarol-5ta-fecha-c-f-u-de-boxeo\/\" \/>\n<meta property=\"og:site_name\" content=\"Padre y Decano - El Sitio del Pueblo\" \/>\n<meta property=\"article:published_time\" content=\"2012-06-11T16:41:39+00:00\" \/>\n<meta property=\"article:modified_time\" content=\"2012-06-12T12:15:40+00:00\" \/>\n<meta property=\"og:image\" content=\"https:\/\/www.padreydecano.com\/cms\/wp-content\/uploads\/2012\/06\/S7000978-Copiar.jpg\" \/>\n\t<meta property=\"og:image:width\" content=\"720\" \/>\n\t<meta property=\"og:image:height\" content=\"538\" \/>\n\t<meta property=\"og:image:type\" content=\"image\/jpeg\" \/>\n<meta name=\"author\" content=\"Gonzalo16\" \/>\n<meta name=\"twitter:card\" content=\"summary_large_image\" \/>\n<meta name=\"twitter:label1\" content=\"Escrito por\" \/>\n\t<meta name=\"twitter:data1\" content=\"Gonzalo16\" \/>\n\t<meta name=\"twitter:label2\" content=\"Tiempo de lectura\" \/>\n\t<meta name=\"twitter:data2\" content=\"1 minuto\" \/>\n<script type=\"application\/ld+json\" class=\"yoast-schema-graph\">{\"@context\":\"https:\/\/schema.org\",\"@graph\":[{\"@type\":\"Article\",\"@id\":\"https:\/\/www.padreydecano.com\/cms\/noticias\/boxeadores-de-penarol-5ta-fecha-c-f-u-de-boxeo\/#article\",\"isPartOf\":{\"@id\":\"https:\/\/www.padreydecano.com\/cms\/noticias\/boxeadores-de-penarol-5ta-fecha-c-f-u-de-boxeo\/\"},\"author\":{\"name\":\"Gonzalo16\",\"@id\":\"https:\/\/www.padreydecano.com\/cms\/#\/schema\/person\/7fe41e3e335700ebd387196df2f9a8d4\"},\"headline\":\"Boxeadores de Pe\u00f1arol: 5ta fecha C.N.F.U. de Boxeo\",\"datePublished\":\"2012-06-11T16:41:39+00:00\",\"dateModified\":\"2012-06-12T12:15:40+00:00\",\"mainEntityOfPage\":{\"@id\":\"https:\/\/www.padreydecano.com\/cms\/noticias\/boxeadores-de-penarol-5ta-fecha-c-f-u-de-boxeo\/\"},\"wordCount\":306,\"commentCount\":6,\"publisher\":{\"@id\":\"https:\/\/www.padreydecano.com\/cms\/#organization\"},\"image\":{\"@id\":\"https:\/\/www.padreydecano.com\/cms\/noticias\/boxeadores-de-penarol-5ta-fecha-c-f-u-de-boxeo\/#primaryimage\"},\"thumbnailUrl\":\"https:\/\/www.padreydecano.com\/cms\/wp-content\/uploads\/2012\/06\/S7000978-Copiar.jpg\",\"keywords\":[\"Boxeo\"],\"articleSection\":[\"Noticias\",\"Otras disciplinas\"],\"inLanguage\":\"es\",\"potentialAction\":[{\"@type\":\"CommentAction\",\"name\":\"Comment\",\"target\":[\"https:\/\/www.padreydecano.com\/cms\/noticias\/boxeadores-de-penarol-5ta-fecha-c-f-u-de-boxeo\/#respond\"]}]},{\"@type\":\"WebPage\",\"@id\":\"https:\/\/www.padreydecano.com\/cms\/noticias\/boxeadores-de-penarol-5ta-fecha-c-f-u-de-boxeo\/\",\"url\":\"https:\/\/www.padreydecano.com\/cms\/noticias\/boxeadores-de-penarol-5ta-fecha-c-f-u-de-boxeo\/\",\"name\":\"Boxeadores de Pe\u00f1arol: 5ta fecha C.N.F.U. de Boxeo - Padre y Decano - El Sitio del Pueblo\",\"isPartOf\":{\"@id\":\"https:\/\/www.padreydecano.com\/cms\/#website\"},\"primaryImageOfPage\":{\"@id\":\"https:\/\/www.padreydecano.com\/cms\/noticias\/boxeadores-de-penarol-5ta-fecha-c-f-u-de-boxeo\/#primaryimage\"},\"image\":{\"@id\":\"https:\/\/www.padreydecano.com\/cms\/noticias\/boxeadores-de-penarol-5ta-fecha-c-f-u-de-boxeo\/#primaryimage\"},\"thumbnailUrl\":\"https:\/\/www.padreydecano.com\/cms\/wp-content\/uploads\/2012\/06\/S7000978-Copiar.jpg\",\"datePublished\":\"2012-06-11T16:41:39+00:00\",\"dateModified\":\"2012-06-12T12:15:40+00:00\",\"breadcrumb\":{\"@id\":\"https:\/\/www.padreydecano.com\/cms\/noticias\/boxeadores-de-penarol-5ta-fecha-c-f-u-de-boxeo\/#breadcrumb\"},\"inLanguage\":\"es\",\"potentialAction\":[{\"@type\":\"ReadAction\",\"target\":[\"https:\/\/www.padreydecano.com\/cms\/noticias\/boxeadores-de-penarol-5ta-fecha-c-f-u-de-boxeo\/\"]}]},{\"@type\":\"ImageObject\",\"inLanguage\":\"es\",\"@id\":\"https:\/\/www.padreydecano.com\/cms\/noticias\/boxeadores-de-penarol-5ta-fecha-c-f-u-de-boxeo\/#primaryimage\",\"url\":\"https:\/\/www.padreydecano.com\/cms\/wp-content\/uploads\/2012\/06\/S7000978-Copiar.jpg\",\"contentUrl\":\"https:\/\/www.padreydecano.com\/cms\/wp-content\/uploads\/2012\/06\/S7000978-Copiar.jpg\",\"width\":\"720\",\"height\":\"538\"},{\"@type\":\"BreadcrumbList\",\"@id\":\"https:\/\/www.padreydecano.com\/cms\/noticias\/boxeadores-de-penarol-5ta-fecha-c-f-u-de-boxeo\/#breadcrumb\",\"itemListElement\":[{\"@type\":\"ListItem\",\"position\":1,\"name\":\"Portada\",\"item\":\"https:\/\/www.padreydecano.com\/cms\/\"},{\"@type\":\"ListItem\",\"position\":2,\"name\":\"Boxeadores de Pe\u00f1arol: 5ta fecha C.N.F.U. de Boxeo\"}]},{\"@type\":\"WebSite\",\"@id\":\"https:\/\/www.padreydecano.com\/cms\/#website\",\"url\":\"https:\/\/www.padreydecano.com\/cms\/\",\"name\":\"Padre y Decano - El Sitio del Pueblo\",\"description\":\"Club Atl\u00e9tico Pe\u00f1arol\",\"publisher\":{\"@id\":\"https:\/\/www.padreydecano.com\/cms\/#organization\"},\"potentialAction\":[{\"@type\":\"SearchAction\",\"target\":{\"@type\":\"EntryPoint\",\"urlTemplate\":\"https:\/\/www.padreydecano.com\/cms\/?s={search_term_string}\"},\"query-input\":\"required name=search_term_string\"}],\"inLanguage\":\"es\"},{\"@type\":\"Organization\",\"@id\":\"https:\/\/www.padreydecano.com\/cms\/#organization\",\"name\":\"Padre y Decano\",\"url\":\"https:\/\/www.padreydecano.com\/cms\/\",\"logo\":{\"@type\":\"ImageObject\",\"inLanguage\":\"es\",\"@id\":\"https:\/\/www.padreydecano.com\/cms\/#\/schema\/logo\/image\/\",\"url\":\"https:\/\/www.padreydecano.com\/cms\/wp-content\/uploads\/2022\/01\/avatar-square.png\",\"contentUrl\":\"https:\/\/www.padreydecano.com\/cms\/wp-content\/uploads\/2022\/01\/avatar-square.png\",\"width\":1500,\"height\":1500,\"caption\":\"Padre y Decano\"},\"image\":{\"@id\":\"https:\/\/www.padreydecano.com\/cms\/#\/schema\/logo\/image\/\"}},{\"@type\":\"Person\",\"@id\":\"https:\/\/www.padreydecano.com\/cms\/#\/schema\/person\/7fe41e3e335700ebd387196df2f9a8d4\",\"name\":\"Gonzalo16\",\"image\":{\"@type\":\"ImageObject\",\"inLanguage\":\"es\",\"@id\":\"https:\/\/www.padreydecano.com\/cms\/#\/schema\/person\/image\/\",\"url\":\"https:\/\/secure.gravatar.com\/avatar\/4d5cdd49803a2313c01f77e3dfc05d81?s=96&d=https%3A%2F%2Fpadreydecano.com%2Fcms%2Fwp-content%2Fthemes%2Fpyd-theme%2Fimg%2Fdefault-avatar.png&r=g\",\"contentUrl\":\"https:\/\/secure.gravatar.com\/avatar\/4d5cdd49803a2313c01f77e3dfc05d81?s=96&d=https%3A%2F%2Fpadreydecano.com%2Fcms%2Fwp-content%2Fthemes%2Fpyd-theme%2Fimg%2Fdefault-avatar.png&r=g\",\"caption\":\"Gonzalo16\"}}]}<\/script>\n<!-- \/ Yoast SEO plugin. -->","yoast_head_json":{"title":"Boxeadores de Pe\u00f1arol: 5ta fecha C.N.F.U. de Boxeo - Padre y Decano - El Sitio del Pueblo","robots":{"index":"index","follow":"follow","max-snippet":"max-snippet:-1","max-image-preview":"max-image-preview:large","max-video-preview":"max-video-preview:-1"},"canonical":"https:\/\/www.padreydecano.com\/cms\/noticias\/boxeadores-de-penarol-5ta-fecha-c-f-u-de-boxeo\/","og_locale":"es_ES","og_type":"article","og_title":"Boxeadores de Pe\u00f1arol: 5ta fecha C.N.F.U. de Boxeo - Padre y Decano - El Sitio del Pueblo","og_description":"En la noche del s\u00e1bado en el Club Col\u00f3n se disput\u00f3 la 5ta. fecha del Campeonato Nacional de la Federaci\u00f3n Uruguaya de Boxeo. En dicha jornada compet\u00edan 4 boxeadores del Club Atl\u00e9tico Pe\u00f1arol: Joaqu\u00edn Gonz\u00e1lez, Luc\u00eda Latorre, Andr\u00e9s Carnales y el \u00faltimo Nicolas Troche en calidad de exhibici\u00f3n. Las peleas de los boxeadores carboneros fueron [&hellip;]","og_url":"https:\/\/www.padreydecano.com\/cms\/noticias\/boxeadores-de-penarol-5ta-fecha-c-f-u-de-boxeo\/","og_site_name":"Padre y Decano - El Sitio del Pueblo","article_published_time":"2012-06-11T16:41:39+00:00","article_modified_time":"2012-06-12T12:15:40+00:00","og_image":[{"width":720,"height":538,"url":"https:\/\/www.padreydecano.com\/cms\/wp-content\/uploads\/2012\/06\/S7000978-Copiar.jpg","type":"image\/jpeg"}],"author":"Gonzalo16","twitter_card":"summary_large_image","twitter_misc":{"Escrito por":"Gonzalo16","Tiempo de lectura":"1 minuto"},"schema":{"@context":"https:\/\/schema.org","@graph":[{"@type":"Article","@id":"https:\/\/www.padreydecano.com\/cms\/noticias\/boxeadores-de-penarol-5ta-fecha-c-f-u-de-boxeo\/#article","isPartOf":{"@id":"https:\/\/www.padreydecano.com\/cms\/noticias\/boxeadores-de-penarol-5ta-fecha-c-f-u-de-boxeo\/"},"author":{"name":"Gonzalo16","@id":"https:\/\/www.padreydecano.com\/cms\/#\/schema\/person\/7fe41e3e335700ebd387196df2f9a8d4"},"headline":"Boxeadores de Pe\u00f1arol: 5ta fecha C.N.F.U. de Boxeo","datePublished":"2012-06-11T16:41:39+00:00","dateModified":"2012-06-12T12:15:40+00:00","mainEntityOfPage":{"@id":"https:\/\/www.padreydecano.com\/cms\/noticias\/boxeadores-de-penarol-5ta-fecha-c-f-u-de-boxeo\/"},"wordCount":306,"commentCount":6,"publisher":{"@id":"https:\/\/www.padreydecano.com\/cms\/#organization"},"image":{"@id":"https:\/\/www.padreydecano.com\/cms\/noticias\/boxeadores-de-penarol-5ta-fecha-c-f-u-de-boxeo\/#primaryimage"},"thumbnailUrl":"https:\/\/www.padreydecano.com\/cms\/wp-content\/uploads\/2012\/06\/S7000978-Copiar.jpg","keywords":["Boxeo"],"articleSection":["Noticias","Otras disciplinas"],"inLanguage":"es","potentialAction":[{"@type":"CommentAction","name":"Comment","target":["https:\/\/www.padreydecano.com\/cms\/noticias\/boxeadores-de-penarol-5ta-fecha-c-f-u-de-boxeo\/#respond"]}]},{"@type":"WebPage","@id":"https:\/\/www.padreydecano.com\/cms\/noticias\/boxeadores-de-penarol-5ta-fecha-c-f-u-de-boxeo\/","url":"https:\/\/www.padreydecano.com\/cms\/noticias\/boxeadores-de-penarol-5ta-fecha-c-f-u-de-boxeo\/","name":"Boxeadores de Pe\u00f1arol: 5ta fecha C.N.F.U. de Boxeo - Padre y Decano - El Sitio del Pueblo","isPartOf":{"@id":"https:\/\/www.padreydecano.com\/cms\/#website"},"primaryImageOfPage":{"@id":"https:\/\/www.padreydecano.com\/cms\/noticias\/boxeadores-de-penarol-5ta-fecha-c-f-u-de-boxeo\/#primaryimage"},"image":{"@id":"https:\/\/www.padreydecano.com\/cms\/noticias\/boxeadores-de-penarol-5ta-fecha-c-f-u-de-boxeo\/#primaryimage"},"thumbnailUrl":"https:\/\/www.padreydecano.com\/cms\/wp-content\/uploads\/2012\/06\/S7000978-Copiar.jpg","datePublished":"2012-06-11T16:41:39+00:00","dateModified":"2012-06-12T12:15:40+00:00","breadcrumb":{"@id":"https:\/\/www.padreydecano.com\/cms\/noticias\/boxeadores-de-penarol-5ta-fecha-c-f-u-de-boxeo\/#breadcrumb"},"inLanguage":"es","potentialAction":[{"@type":"ReadAction","target":["https:\/\/www.padreydecano.com\/cms\/noticias\/boxeadores-de-penarol-5ta-fecha-c-f-u-de-boxeo\/"]}]},{"@type":"ImageObject","inLanguage":"es","@id":"https:\/\/www.padreydecano.com\/cms\/noticias\/boxeadores-de-penarol-5ta-fecha-c-f-u-de-boxeo\/#primaryimage","url":"https:\/\/www.padreydecano.com\/cms\/wp-content\/uploads\/2012\/06\/S7000978-Copiar.jpg","contentUrl":"https:\/\/www.padreydecano.com\/cms\/wp-content\/uploads\/2012\/06\/S7000978-Copiar.jpg","width":"720","height":"538"},{"@type":"BreadcrumbList","@id":"https:\/\/www.padreydecano.com\/cms\/noticias\/boxeadores-de-penarol-5ta-fecha-c-f-u-de-boxeo\/#breadcrumb","itemListElement":[{"@type":"ListItem","position":1,"name":"Portada","item":"https:\/\/www.padreydecano.com\/cms\/"},{"@type":"ListItem","position":2,"name":"Boxeadores de Pe\u00f1arol: 5ta fecha C.N.F.U. de Boxeo"}]},{"@type":"WebSite","@id":"https:\/\/www.padreydecano.com\/cms\/#website","url":"https:\/\/www.padreydecano.com\/cms\/","name":"Padre y Decano - El Sitio del Pueblo","description":"Club Atl\u00e9tico Pe\u00f1arol","publisher":{"@id":"https:\/\/www.padreydecano.com\/cms\/#organization"},"potentialAction":[{"@type":"SearchAction","target":{"@type":"EntryPoint","urlTemplate":"https:\/\/www.padreydecano.com\/cms\/?s={search_term_string}"},"query-input":"required name=search_term_string"}],"inLanguage":"es"},{"@type":"Organization","@id":"https:\/\/www.padreydecano.com\/cms\/#organization","name":"Padre y Decano","url":"https:\/\/www.padreydecano.com\/cms\/","logo":{"@type":"ImageObject","inLanguage":"es","@id":"https:\/\/www.padreydecano.com\/cms\/#\/schema\/logo\/image\/","url":"https:\/\/www.padreydecano.com\/cms\/wp-content\/uploads\/2022\/01\/avatar-square.png","contentUrl":"https:\/\/www.padreydecano.com\/cms\/wp-content\/uploads\/2022\/01\/avatar-square.png","width":1500,"height":1500,"caption":"Padre y Decano"},"image":{"@id":"https:\/\/www.padreydecano.com\/cms\/#\/schema\/logo\/image\/"}},{"@type":"Person","@id":"https:\/\/www.padreydecano.com\/cms\/#\/schema\/person\/7fe41e3e335700ebd387196df2f9a8d4","name":"Gonzalo16","image":{"@type":"ImageObject","inLanguage":"es","@id":"https:\/\/www.padreydecano.com\/cms\/#\/schema\/person\/image\/","url":"https:\/\/secure.gravatar.com\/avatar\/4d5cdd49803a2313c01f77e3dfc05d81?s=96&d=https%3A%2F%2Fpadreydecano.com%2Fcms%2Fwp-content%2Fthemes%2Fpyd-theme%2Fimg%2Fdefault-avatar.png&r=g","contentUrl":"https:\/\/secure.gravatar.com\/avatar\/4d5cdd49803a2313c01f77e3dfc05d81?s=96&d=https%3A%2F%2Fpadreydecano.com%2Fcms%2Fwp-content%2Fthemes%2Fpyd-theme%2Fimg%2Fdefault-avatar.png&r=g","caption":"Gonzalo16"}}]}},"_links":{"self":[{"href":"https:\/\/www.padreydecano.com\/cms\/wp-json\/wp\/v2\/posts\/24753"}],"collection":[{"href":"https:\/\/www.padreydecano.com\/cms\/wp-json\/wp\/v2\/posts"}],"about":[{"href":"https:\/\/www.padreydecano.com\/cms\/wp-json\/wp\/v2\/types\/post"}],"author":[{"embeddable":true,"href":"https:\/\/www.padreydecano.com\/cms\/wp-json\/wp\/v2\/users\/2"}],"replies":[{"embeddable":true,"href":"https:\/\/www.padreydecano.com\/cms\/wp-json\/wp\/v2\/comments?post=24753"}],"version-history":[{"count":0,"href":"https:\/\/www.padreydecano.com\/cms\/wp-json\/wp\/v2\/posts\/24753\/revisions"}],"wp:featuredmedia":[{"embeddable":true,"href":"https:\/\/www.padreydecano.com\/cms\/wp-json\/wp\/v2\/media\/24769"}],"wp:attachment":[{"href":"https:\/\/www.padreydecano.com\/cms\/wp-json\/wp\/v2\/media?parent=24753"}],"wp:term":[{"taxonomy":"category","embeddable":true,"href":"https:\/\/www.padreydecano.com\/cms\/wp-json\/wp\/v2\/categories?post=24753"},{"taxonomy":"post_tag","embeddable":true,"href":"https:\/\/www.padreydecano.com\/cms\/wp-json\/wp\/v2\/tags?post=24753"}],"curies":[{"name":"wp","href":"https:\/\/api.w.org\/{rel}","templated":true}]}}