{"id":24732,"date":"2012-06-11T14:42:44","date_gmt":"2012-06-11T17:42:44","guid":{"rendered":"http:\/\/www.padreydecano.com\/cms\/?p=24732"},"modified":"2012-07-01T23:06:22","modified_gmt":"2012-07-02T02:06:22","slug":"pena-carmelo-realiza-donacion-de-abrigo","status":"publish","type":"post","link":"https:\/\/www.padreydecano.com\/cms\/penas\/pena-carmelo-realiza-donacion-de-abrigo\/","title":{"rendered":"Pe\u00f1a Carmelo realiza donaci\u00f3n de abrigo"},"content":{"rendered":"<p style=\"text-align: justify;\"><a href=\"https:\/\/www.padreydecano.com\/cms\/wp-content\/uploads\/2012\/06\/318032_473105282704135_1732048206_n-Copiar.jpg\" rel=\"shadowbox[sbpost-24732];player=img;\"><img loading=\"lazy\" decoding=\"async\" class=\"alignright  wp-image-24744\" src=\"https:\/\/www.padreydecano.com\/cms\/wp-content\/uploads\/2012\/06\/318032_473105282704135_1732048206_n-Copiar-225x300.jpg\" alt=\"\" width=\"158\" height=\"210\" srcset=\"https:\/\/www.padreydecano.com\/cms\/wp-content\/uploads\/2012\/06\/318032_473105282704135_1732048206_n-Copiar-225x300.jpg 225w, https:\/\/www.padreydecano.com\/cms\/wp-content\/uploads\/2012\/06\/318032_473105282704135_1732048206_n-Copiar.jpg 405w\" sizes=\"(max-width: 158px) 100vw, 158px\" \/><\/a>La Pe\u00f1a de Carmelo hizo la entrega de lo recolectado en la campa\u00f1a del abrigo. Comenzaron a juntar la ropa hace aproximadamente 1 mes y difundieron la campa\u00f1a en las redes sociales y en los\u00a0medios de comunicaci\u00f3n locales (radio, peri\u00f3dicos). Tambi\u00e9n se encargaron de recolectar ropa casa por casa\u00a0de aquellas personas que les manifestaban\u00a0<strong><em>\u00abvayan que algo tengo&#8230;\u00bb<\/em><\/strong>, cuando llegaban se encontraban con mucho m\u00e1s de lo\u00a0que pensaban.<\/p>\n<p style=\"text-align: justify;\"><span style=\"color: #ffcc02;\"><strong>Padre y Decano<\/strong><\/span>\u00a0dialog\u00f3 con Piero Piceda, presidente de la Pe\u00f1a quien nos cont\u00f3:\u00a0<strong><em>\u00abfuimos clasificando\u00a0las prendas por edad y embols\u00e1ndolas. De acuerdo a lo que ve\u00edamos que\u00a0hab\u00eda, pensamos los destinatarios de la ropa.\u00bb<\/em><\/strong> A\u00f1ade tambi\u00e9n que <em><strong>\u00abcuando\u00a0comenzamos la campa\u00f1a recibimos un mensaje de una maestra de una\u00a0escuela rural, coment\u00e1ndonos las carencias de\u00a0vestimenta que ten\u00edan los ni\u00f1os, por ellos decidimos entregarles la\u00a0mayor\u00eda\u00a0de la ropa a esa escuela, la n\u00famero 48 de Los Cerros de San\u00a0Juan.\u00bb<\/strong><\/em><\/p>\n<p>Siguiendo el\u00a0di\u00e1logo\u00a0con Piero, le hicimos las siguientes preguntas:<\/p>\n<p><strong><span style=\"color: #ffcc02;\">\u00bfQu\u00e9 sienten haciendo esas donaciones?<\/span><\/strong><\/p>\n<p style=\"text-align: justify;\"><strong><em>Sentimos mucha satisfacci\u00f3n, sabemos que hay mucha gente que realmente necesita\u00a0ropa de abrigo, necesita calzado y sobre todo cuando hay ni\u00f1os de por\u00a0medio. Creemos que es el deber de todos dar una mano. Realizar esta\u00a0donaci\u00f3n\u00a0en nombre del Club\u00a0Atl\u00e9tico\u00a0Pe\u00f1arol nos llena de orgullo y la\u00a0satisfacci\u00f3n\u00a0es doble. No lo hacemos para que nos feliciten ni para\u00a0cumplir con una actividad de Pe\u00f1a. Tampoco la gente duda en donar\u00a0por ser en nombre del Club, vemos que cuando hay solidaridad no hay distinci\u00f3n\u00a0de colores.<\/em><\/strong><\/p>\n<p><span style=\"color: #ffcc02;\"><strong>\u00bfCu\u00e1nto juntaron?<\/strong><\/span><\/p>\n<p style=\"text-align: justify;\"><strong><em>Se juntaron entre ropa, calzado, gorros, bufandas, media, mantas, etc,\u00a0alrededor de 900 y pico de prendas.<\/em><\/strong><\/p>\n<p><strong><span style=\"color: #ffcc02;\">\u00bfA d\u00f3nde donaron?<\/span><\/strong><\/p>\n<p style=\"text-align: justify;\"><strong><em>Fueron entregados a Escuela 48, Hogar ACAM de Inau (donde viven\u00a0casi 40 ni\u00f1os y adolescentes), un par de\u00a0albergues de ancianos y a gente en particular.<\/em><\/strong><\/p>\n<p><span style=\"color: #ffcc02;\"><strong>\u00bfEsperaban recibir tanto apoyo?<\/strong><\/span><\/p>\n<p style=\"text-align: justify;\"><strong><em>Lo esperabamos s\u00ed, sabemos que la gente de Carmelo colabora siempre,\u00a0tanto con nosotros como con otras organizaciones que realizan\u00a0actividades similares.<\/em><\/strong><\/p>\n<p><span style=\"color: #ffcc02;\"><strong>\u00bfPr\u00f3ximos objetivos?<\/strong><\/span><\/p>\n<p style=\"text-align: justify;\"><strong><em>De ahora en m\u00e1s vamos a centrarnos en lo que ser\u00e1 el D\u00eda del ni\u00f1o\u00a0Carbonero 2012, para el mes de agosto. Un d\u00eda de mucha actividad\u00a0deportiva, juegos, sorteos y por supuesto beneficiar en este caso con\u00a0alimentos, a quienes lo necesiten. Pensamos llevar otro contingente de\u00a0ni\u00f1os a ver al glorioso Pe\u00f1arol al estadio como el a\u00f1o pasado.<\/em><\/strong><\/p>\n<p style=\"text-align: justify;\">Desde <span style=\"color: #ffcc02;\"><strong>Padre y Decano<\/strong><\/span> queremos felicitar a otra de las Pe\u00f1as que se sum\u00f3 a la Campa\u00f1a del Abrigo.<\/p>\n\n\t\t<style type=\"text\/css\">\n\t\t\t#gallery-1 {\n\t\t\t\tmargin: auto;\n\t\t\t}\n\t\t\t#gallery-1 .gallery-item {\n\t\t\t\tfloat: left;\n\t\t\t\tmargin-top: 10px;\n\t\t\t\ttext-align: center;\n\t\t\t\twidth: 33%;\n\t\t\t}\n\t\t\t#gallery-1 img {\n\t\t\t\tborder: 2px solid #cfcfcf;\n\t\t\t}\n\t\t\t#gallery-1 .gallery-caption {\n\t\t\t\tmargin-left: 0;\n\t\t\t}\n\t\t\t\/* see gallery_shortcode() in wp-includes\/media.php *\/\n\t\t<\/style>\n\t\t<div id='gallery-1' class='gallery galleryid-24732 gallery-columns-3 gallery-size-thumbnail'><dl class='gallery-item'>\n\t\t\t<dt class='gallery-icon portrait'>\n\t\t\t\t<a href='https:\/\/www.padreydecano.com\/cms\/wp-content\/uploads\/2012\/06\/318032_473105282704135_1732048206_n-Copiar.jpg' rel='shadowbox[sbalbum-24732];player=img;'><img loading=\"lazy\" decoding=\"async\" width=\"150\" height=\"150\" src=\"https:\/\/www.padreydecano.com\/cms\/wp-content\/uploads\/2012\/06\/318032_473105282704135_1732048206_n-Copiar-150x150.jpg\" class=\"attachment-thumbnail size-thumbnail\" alt=\"\" srcset=\"https:\/\/www.padreydecano.com\/cms\/wp-content\/uploads\/2012\/06\/318032_473105282704135_1732048206_n-Copiar-150x150.jpg 150w, https:\/\/www.padreydecano.com\/cms\/wp-content\/uploads\/2012\/06\/318032_473105282704135_1732048206_n-Copiar-36x36.jpg 36w, https:\/\/www.padreydecano.com\/cms\/wp-content\/uploads\/2012\/06\/318032_473105282704135_1732048206_n-Copiar-115x115.jpg 115w\" sizes=\"(max-width: 150px) 100vw, 150px\" \/><\/a>\n\t\t\t<\/dt><\/dl><dl class='gallery-item'>\n\t\t\t<dt class='gallery-icon landscape'>\n\t\t\t\t<a href='https:\/\/www.padreydecano.com\/cms\/wp-content\/uploads\/2012\/06\/401775_473105639370766_254369436_n-Copiar.jpg' rel='shadowbox[sbalbum-24732];player=img;'><img loading=\"lazy\" decoding=\"async\" width=\"150\" height=\"150\" src=\"https:\/\/www.padreydecano.com\/cms\/wp-content\/uploads\/2012\/06\/401775_473105639370766_254369436_n-Copiar-150x150.jpg\" class=\"attachment-thumbnail size-thumbnail\" alt=\"\" srcset=\"https:\/\/www.padreydecano.com\/cms\/wp-content\/uploads\/2012\/06\/401775_473105639370766_254369436_n-Copiar-150x150.jpg 150w, https:\/\/www.padreydecano.com\/cms\/wp-content\/uploads\/2012\/06\/401775_473105639370766_254369436_n-Copiar-36x36.jpg 36w, https:\/\/www.padreydecano.com\/cms\/wp-content\/uploads\/2012\/06\/401775_473105639370766_254369436_n-Copiar-115x115.jpg 115w\" sizes=\"(max-width: 150px) 100vw, 150px\" \/><\/a>\n\t\t\t<\/dt><\/dl><dl class='gallery-item'>\n\t\t\t<dt class='gallery-icon landscape'>\n\t\t\t\t<a href='https:\/\/www.padreydecano.com\/cms\/wp-content\/uploads\/2012\/06\/534148_473105016037495_1298226662_n-Copiar.jpg' rel='shadowbox[sbalbum-24732];player=img;'><img loading=\"lazy\" decoding=\"async\" width=\"150\" height=\"150\" src=\"https:\/\/www.padreydecano.com\/cms\/wp-content\/uploads\/2012\/06\/534148_473105016037495_1298226662_n-Copiar-150x150.jpg\" class=\"attachment-thumbnail size-thumbnail\" alt=\"\" srcset=\"https:\/\/www.padreydecano.com\/cms\/wp-content\/uploads\/2012\/06\/534148_473105016037495_1298226662_n-Copiar-150x150.jpg 150w, https:\/\/www.padreydecano.com\/cms\/wp-content\/uploads\/2012\/06\/534148_473105016037495_1298226662_n-Copiar-36x36.jpg 36w, https:\/\/www.padreydecano.com\/cms\/wp-content\/uploads\/2012\/06\/534148_473105016037495_1298226662_n-Copiar-115x115.jpg 115w\" sizes=\"(max-width: 150px) 100vw, 150px\" \/><\/a>\n\t\t\t<\/dt><\/dl><br style=\"clear: both\" \/><dl class='gallery-item'>\n\t\t\t<dt class='gallery-icon landscape'>\n\t\t\t\t<a href='https:\/\/www.padreydecano.com\/cms\/wp-content\/uploads\/2012\/06\/534260_473106076037389_196210677_n-Copiar.jpg' rel='shadowbox[sbalbum-24732];player=img;'><img loading=\"lazy\" decoding=\"async\" width=\"150\" height=\"150\" src=\"https:\/\/www.padreydecano.com\/cms\/wp-content\/uploads\/2012\/06\/534260_473106076037389_196210677_n-Copiar-150x150.jpg\" class=\"attachment-thumbnail size-thumbnail\" alt=\"\" srcset=\"https:\/\/www.padreydecano.com\/cms\/wp-content\/uploads\/2012\/06\/534260_473106076037389_196210677_n-Copiar-150x150.jpg 150w, https:\/\/www.padreydecano.com\/cms\/wp-content\/uploads\/2012\/06\/534260_473106076037389_196210677_n-Copiar-36x36.jpg 36w, https:\/\/www.padreydecano.com\/cms\/wp-content\/uploads\/2012\/06\/534260_473106076037389_196210677_n-Copiar-115x115.jpg 115w\" sizes=\"(max-width: 150px) 100vw, 150px\" \/><\/a>\n\t\t\t<\/dt><\/dl><dl class='gallery-item'>\n\t\t\t<dt class='gallery-icon landscape'>\n\t\t\t\t<a href='https:\/\/www.padreydecano.com\/cms\/wp-content\/uploads\/2012\/06\/551629_473104309370899_632551620_n-Copiar.jpg' rel='shadowbox[sbalbum-24732];player=img;'><img loading=\"lazy\" decoding=\"async\" width=\"150\" height=\"150\" src=\"https:\/\/www.padreydecano.com\/cms\/wp-content\/uploads\/2012\/06\/551629_473104309370899_632551620_n-Copiar-150x150.jpg\" class=\"attachment-thumbnail size-thumbnail\" alt=\"\" srcset=\"https:\/\/www.padreydecano.com\/cms\/wp-content\/uploads\/2012\/06\/551629_473104309370899_632551620_n-Copiar-150x150.jpg 150w, https:\/\/www.padreydecano.com\/cms\/wp-content\/uploads\/2012\/06\/551629_473104309370899_632551620_n-Copiar-36x36.jpg 36w, https:\/\/www.padreydecano.com\/cms\/wp-content\/uploads\/2012\/06\/551629_473104309370899_632551620_n-Copiar-115x115.jpg 115w\" sizes=\"(max-width: 150px) 100vw, 150px\" \/><\/a>\n\t\t\t<\/dt><\/dl><dl class='gallery-item'>\n\t\t\t<dt class='gallery-icon landscape'>\n\t\t\t\t<a href='https:\/\/www.padreydecano.com\/cms\/wp-content\/uploads\/2012\/06\/562410_473104559370874_1357577747_n-Copiar.jpg' rel='shadowbox[sbalbum-24732];player=img;'><img loading=\"lazy\" decoding=\"async\" width=\"150\" height=\"150\" src=\"https:\/\/www.padreydecano.com\/cms\/wp-content\/uploads\/2012\/06\/562410_473104559370874_1357577747_n-Copiar-150x150.jpg\" class=\"attachment-thumbnail size-thumbnail\" alt=\"\" srcset=\"https:\/\/www.padreydecano.com\/cms\/wp-content\/uploads\/2012\/06\/562410_473104559370874_1357577747_n-Copiar-150x150.jpg 150w, https:\/\/www.padreydecano.com\/cms\/wp-content\/uploads\/2012\/06\/562410_473104559370874_1357577747_n-Copiar-36x36.jpg 36w, https:\/\/www.padreydecano.com\/cms\/wp-content\/uploads\/2012\/06\/562410_473104559370874_1357577747_n-Copiar-115x115.jpg 115w\" sizes=\"(max-width: 150px) 100vw, 150px\" \/><\/a>\n\t\t\t<\/dt><\/dl><br style=\"clear: both\" \/><dl class='gallery-item'>\n\t\t\t<dt class='gallery-icon landscape'>\n\t\t\t\t<a href='https:\/\/www.padreydecano.com\/cms\/wp-content\/uploads\/2012\/06\/564238_473104409370889_2132013483_n-Copiar.jpg' rel='shadowbox[sbalbum-24732];player=img;'><img loading=\"lazy\" decoding=\"async\" width=\"150\" height=\"150\" src=\"https:\/\/www.padreydecano.com\/cms\/wp-content\/uploads\/2012\/06\/564238_473104409370889_2132013483_n-Copiar-150x150.jpg\" class=\"attachment-thumbnail size-thumbnail\" alt=\"\" srcset=\"https:\/\/www.padreydecano.com\/cms\/wp-content\/uploads\/2012\/06\/564238_473104409370889_2132013483_n-Copiar-150x150.jpg 150w, https:\/\/www.padreydecano.com\/cms\/wp-content\/uploads\/2012\/06\/564238_473104409370889_2132013483_n-Copiar-36x36.jpg 36w, https:\/\/www.padreydecano.com\/cms\/wp-content\/uploads\/2012\/06\/564238_473104409370889_2132013483_n-Copiar-115x115.jpg 115w\" sizes=\"(max-width: 150px) 100vw, 150px\" \/><\/a>\n\t\t\t<\/dt><\/dl><dl class='gallery-item'>\n\t\t\t<dt class='gallery-icon landscape'>\n\t\t\t\t<a href='https:\/\/www.padreydecano.com\/cms\/wp-content\/uploads\/2012\/06\/598573_473103929370937_596423519_n-Copiar.jpg' rel='shadowbox[sbalbum-24732];player=img;'><img loading=\"lazy\" decoding=\"async\" width=\"150\" height=\"150\" src=\"https:\/\/www.padreydecano.com\/cms\/wp-content\/uploads\/2012\/06\/598573_473103929370937_596423519_n-Copiar-150x150.jpg\" class=\"attachment-thumbnail size-thumbnail\" alt=\"\" srcset=\"https:\/\/www.padreydecano.com\/cms\/wp-content\/uploads\/2012\/06\/598573_473103929370937_596423519_n-Copiar-150x150.jpg 150w, https:\/\/www.padreydecano.com\/cms\/wp-content\/uploads\/2012\/06\/598573_473103929370937_596423519_n-Copiar-36x36.jpg 36w, https:\/\/www.padreydecano.com\/cms\/wp-content\/uploads\/2012\/06\/598573_473103929370937_596423519_n-Copiar-115x115.jpg 115w\" sizes=\"(max-width: 150px) 100vw, 150px\" \/><\/a>\n\t\t\t<\/dt><\/dl><dl class='gallery-item'>\n\t\t\t<dt class='gallery-icon landscape'>\n\t\t\t\t<a href='https:\/\/www.padreydecano.com\/cms\/wp-content\/uploads\/2012\/06\/601124_473104032704260_131291178_n-Copiar.jpg' rel='shadowbox[sbalbum-24732];player=img;'><img loading=\"lazy\" decoding=\"async\" width=\"150\" height=\"150\" src=\"https:\/\/www.padreydecano.com\/cms\/wp-content\/uploads\/2012\/06\/601124_473104032704260_131291178_n-Copiar-150x150.jpg\" class=\"attachment-thumbnail size-thumbnail\" alt=\"\" srcset=\"https:\/\/www.padreydecano.com\/cms\/wp-content\/uploads\/2012\/06\/601124_473104032704260_131291178_n-Copiar-150x150.jpg 150w, https:\/\/www.padreydecano.com\/cms\/wp-content\/uploads\/2012\/06\/601124_473104032704260_131291178_n-Copiar-36x36.jpg 36w, https:\/\/www.padreydecano.com\/cms\/wp-content\/uploads\/2012\/06\/601124_473104032704260_131291178_n-Copiar-115x115.jpg 115w\" sizes=\"(max-width: 150px) 100vw, 150px\" \/><\/a>\n\t\t\t<\/dt><\/dl><br style=\"clear: both\" \/>\n\t\t<\/div>\n\n","protected":false},"excerpt":{"rendered":"<p>La Pe\u00f1a de Carmelo hizo la entrega de lo recolectado en la campa\u00f1a del abrigo. Comenzaron a juntar la ropa hace aproximadamente 1 mes y difundieron la campa\u00f1a en las redes sociales y en los\u00a0medios de comunicaci\u00f3n locales (radio, peri\u00f3dicos). Tambi\u00e9n se encargaron de recolectar ropa casa por casa\u00a0de aquellas personas que les manifestaban\u00a0\u00abvayan que [&hellip;]<\/p>\n","protected":false},"author":10,"featured_media":24745,"comment_status":"open","ping_status":"closed","sticky":false,"template":"","format":"standard","meta":{"footnotes":""},"categories":[42],"tags":[101],"yoast_head":"<!-- This site is optimized with the Yoast SEO plugin v23.2 - https:\/\/yoast.com\/wordpress\/plugins\/seo\/ -->\n<title>Pe\u00f1a Carmelo realiza donaci\u00f3n de abrigo - Padre y Decano - El Sitio del Pueblo<\/title>\n<meta name=\"robots\" content=\"index, follow, max-snippet:-1, max-image-preview:large, max-video-preview:-1\" \/>\n<link rel=\"canonical\" href=\"https:\/\/www.padreydecano.com\/cms\/penas\/pena-carmelo-realiza-donacion-de-abrigo\/\" \/>\n<meta property=\"og:locale\" content=\"es_ES\" \/>\n<meta property=\"og:type\" content=\"article\" \/>\n<meta property=\"og:title\" content=\"Pe\u00f1a Carmelo realiza donaci\u00f3n de abrigo - Padre y Decano - El Sitio del Pueblo\" \/>\n<meta property=\"og:description\" content=\"La Pe\u00f1a de Carmelo hizo la entrega de lo recolectado en la campa\u00f1a del abrigo. Comenzaron a juntar la ropa hace aproximadamente 1 mes y difundieron la campa\u00f1a en las redes sociales y en los\u00a0medios de comunicaci\u00f3n locales (radio, peri\u00f3dicos). Tambi\u00e9n se encargaron de recolectar ropa casa por casa\u00a0de aquellas personas que les manifestaban\u00a0\u00abvayan que [&hellip;]\" \/>\n<meta property=\"og:url\" content=\"https:\/\/www.padreydecano.com\/cms\/penas\/pena-carmelo-realiza-donacion-de-abrigo\/\" \/>\n<meta property=\"og:site_name\" content=\"Padre y Decano - El Sitio del Pueblo\" \/>\n<meta property=\"article:published_time\" content=\"2012-06-11T17:42:44+00:00\" \/>\n<meta property=\"article:modified_time\" content=\"2012-07-02T02:06:22+00:00\" \/>\n<meta property=\"og:image\" content=\"https:\/\/www.padreydecano.com\/cms\/wp-content\/uploads\/2012\/06\/401775_473105639370766_254369436_n-Copiar.jpg\" \/>\n\t<meta property=\"og:image:width\" content=\"720\" \/>\n\t<meta property=\"og:image:height\" content=\"540\" \/>\n\t<meta property=\"og:image:type\" content=\"image\/jpeg\" \/>\n<meta name=\"author\" content=\"fishoapyd\" \/>\n<meta name=\"twitter:card\" content=\"summary_large_image\" \/>\n<meta name=\"twitter:label1\" content=\"Escrito por\" \/>\n\t<meta name=\"twitter:data1\" content=\"fishoapyd\" \/>\n\t<meta name=\"twitter:label2\" content=\"Tiempo de lectura\" \/>\n\t<meta name=\"twitter:data2\" content=\"2 minutos\" \/>\n<script type=\"application\/ld+json\" class=\"yoast-schema-graph\">{\"@context\":\"https:\/\/schema.org\",\"@graph\":[{\"@type\":\"Article\",\"@id\":\"https:\/\/www.padreydecano.com\/cms\/penas\/pena-carmelo-realiza-donacion-de-abrigo\/#article\",\"isPartOf\":{\"@id\":\"https:\/\/www.padreydecano.com\/cms\/penas\/pena-carmelo-realiza-donacion-de-abrigo\/\"},\"author\":{\"name\":\"fishoapyd\",\"@id\":\"https:\/\/www.padreydecano.com\/cms\/#\/schema\/person\/1376f1ec91158cca7aeef6d2109f929d\"},\"headline\":\"Pe\u00f1a Carmelo realiza donaci\u00f3n de abrigo\",\"datePublished\":\"2012-06-11T17:42:44+00:00\",\"dateModified\":\"2012-07-02T02:06:22+00:00\",\"mainEntityOfPage\":{\"@id\":\"https:\/\/www.padreydecano.com\/cms\/penas\/pena-carmelo-realiza-donacion-de-abrigo\/\"},\"wordCount\":461,\"commentCount\":1,\"publisher\":{\"@id\":\"https:\/\/www.padreydecano.com\/cms\/#organization\"},\"image\":{\"@id\":\"https:\/\/www.padreydecano.com\/cms\/penas\/pena-carmelo-realiza-donacion-de-abrigo\/#primaryimage\"},\"thumbnailUrl\":\"https:\/\/www.padreydecano.com\/cms\/wp-content\/uploads\/2012\/06\/401775_473105639370766_254369436_n-Copiar.jpg\",\"keywords\":[\"Movidas Solidarias\"],\"articleSection\":[\"Pe\u00f1as\"],\"inLanguage\":\"es\",\"potentialAction\":[{\"@type\":\"CommentAction\",\"name\":\"Comment\",\"target\":[\"https:\/\/www.padreydecano.com\/cms\/penas\/pena-carmelo-realiza-donacion-de-abrigo\/#respond\"]}]},{\"@type\":\"WebPage\",\"@id\":\"https:\/\/www.padreydecano.com\/cms\/penas\/pena-carmelo-realiza-donacion-de-abrigo\/\",\"url\":\"https:\/\/www.padreydecano.com\/cms\/penas\/pena-carmelo-realiza-donacion-de-abrigo\/\",\"name\":\"Pe\u00f1a Carmelo realiza donaci\u00f3n de abrigo - Padre y Decano - El Sitio del Pueblo\",\"isPartOf\":{\"@id\":\"https:\/\/www.padreydecano.com\/cms\/#website\"},\"primaryImageOfPage\":{\"@id\":\"https:\/\/www.padreydecano.com\/cms\/penas\/pena-carmelo-realiza-donacion-de-abrigo\/#primaryimage\"},\"image\":{\"@id\":\"https:\/\/www.padreydecano.com\/cms\/penas\/pena-carmelo-realiza-donacion-de-abrigo\/#primaryimage\"},\"thumbnailUrl\":\"https:\/\/www.padreydecano.com\/cms\/wp-content\/uploads\/2012\/06\/401775_473105639370766_254369436_n-Copiar.jpg\",\"datePublished\":\"2012-06-11T17:42:44+00:00\",\"dateModified\":\"2012-07-02T02:06:22+00:00\",\"breadcrumb\":{\"@id\":\"https:\/\/www.padreydecano.com\/cms\/penas\/pena-carmelo-realiza-donacion-de-abrigo\/#breadcrumb\"},\"inLanguage\":\"es\",\"potentialAction\":[{\"@type\":\"ReadAction\",\"target\":[\"https:\/\/www.padreydecano.com\/cms\/penas\/pena-carmelo-realiza-donacion-de-abrigo\/\"]}]},{\"@type\":\"ImageObject\",\"inLanguage\":\"es\",\"@id\":\"https:\/\/www.padreydecano.com\/cms\/penas\/pena-carmelo-realiza-donacion-de-abrigo\/#primaryimage\",\"url\":\"https:\/\/www.padreydecano.com\/cms\/wp-content\/uploads\/2012\/06\/401775_473105639370766_254369436_n-Copiar.jpg\",\"contentUrl\":\"https:\/\/www.padreydecano.com\/cms\/wp-content\/uploads\/2012\/06\/401775_473105639370766_254369436_n-Copiar.jpg\",\"width\":\"720\",\"height\":\"540\"},{\"@type\":\"BreadcrumbList\",\"@id\":\"https:\/\/www.padreydecano.com\/cms\/penas\/pena-carmelo-realiza-donacion-de-abrigo\/#breadcrumb\",\"itemListElement\":[{\"@type\":\"ListItem\",\"position\":1,\"name\":\"Portada\",\"item\":\"https:\/\/www.padreydecano.com\/cms\/\"},{\"@type\":\"ListItem\",\"position\":2,\"name\":\"Pe\u00f1a Carmelo realiza donaci\u00f3n de abrigo\"}]},{\"@type\":\"WebSite\",\"@id\":\"https:\/\/www.padreydecano.com\/cms\/#website\",\"url\":\"https:\/\/www.padreydecano.com\/cms\/\",\"name\":\"Padre y Decano - El Sitio del Pueblo\",\"description\":\"Club Atl\u00e9tico Pe\u00f1arol\",\"publisher\":{\"@id\":\"https:\/\/www.padreydecano.com\/cms\/#organization\"},\"potentialAction\":[{\"@type\":\"SearchAction\",\"target\":{\"@type\":\"EntryPoint\",\"urlTemplate\":\"https:\/\/www.padreydecano.com\/cms\/?s={search_term_string}\"},\"query-input\":\"required name=search_term_string\"}],\"inLanguage\":\"es\"},{\"@type\":\"Organization\",\"@id\":\"https:\/\/www.padreydecano.com\/cms\/#organization\",\"name\":\"Padre y Decano\",\"url\":\"https:\/\/www.padreydecano.com\/cms\/\",\"logo\":{\"@type\":\"ImageObject\",\"inLanguage\":\"es\",\"@id\":\"https:\/\/www.padreydecano.com\/cms\/#\/schema\/logo\/image\/\",\"url\":\"https:\/\/www.padreydecano.com\/cms\/wp-content\/uploads\/2022\/01\/avatar-square.png\",\"contentUrl\":\"https:\/\/www.padreydecano.com\/cms\/wp-content\/uploads\/2022\/01\/avatar-square.png\",\"width\":1500,\"height\":1500,\"caption\":\"Padre y Decano\"},\"image\":{\"@id\":\"https:\/\/www.padreydecano.com\/cms\/#\/schema\/logo\/image\/\"}},{\"@type\":\"Person\",\"@id\":\"https:\/\/www.padreydecano.com\/cms\/#\/schema\/person\/1376f1ec91158cca7aeef6d2109f929d\",\"name\":\"fishoapyd\",\"image\":{\"@type\":\"ImageObject\",\"inLanguage\":\"es\",\"@id\":\"https:\/\/www.padreydecano.com\/cms\/#\/schema\/person\/image\/\",\"url\":\"https:\/\/www.padreydecano.com\/cms\/wp-content\/uploads\/2022\/12\/avatar-square-1.png\",\"contentUrl\":\"https:\/\/www.padreydecano.com\/cms\/wp-content\/uploads\/2022\/12\/avatar-square-1.png\",\"caption\":\"fishoapyd\"},\"sameAs\":[\"http:\/\/www.padreydecano.com\"]}]}<\/script>\n<!-- \/ Yoast SEO plugin. -->","yoast_head_json":{"title":"Pe\u00f1a Carmelo realiza donaci\u00f3n de abrigo - Padre y Decano - El Sitio del Pueblo","robots":{"index":"index","follow":"follow","max-snippet":"max-snippet:-1","max-image-preview":"max-image-preview:large","max-video-preview":"max-video-preview:-1"},"canonical":"https:\/\/www.padreydecano.com\/cms\/penas\/pena-carmelo-realiza-donacion-de-abrigo\/","og_locale":"es_ES","og_type":"article","og_title":"Pe\u00f1a Carmelo realiza donaci\u00f3n de abrigo - Padre y Decano - El Sitio del Pueblo","og_description":"La Pe\u00f1a de Carmelo hizo la entrega de lo recolectado en la campa\u00f1a del abrigo. Comenzaron a juntar la ropa hace aproximadamente 1 mes y difundieron la campa\u00f1a en las redes sociales y en los\u00a0medios de comunicaci\u00f3n locales (radio, peri\u00f3dicos). Tambi\u00e9n se encargaron de recolectar ropa casa por casa\u00a0de aquellas personas que les manifestaban\u00a0\u00abvayan que [&hellip;]","og_url":"https:\/\/www.padreydecano.com\/cms\/penas\/pena-carmelo-realiza-donacion-de-abrigo\/","og_site_name":"Padre y Decano - El Sitio del Pueblo","article_published_time":"2012-06-11T17:42:44+00:00","article_modified_time":"2012-07-02T02:06:22+00:00","og_image":[{"width":720,"height":540,"url":"https:\/\/www.padreydecano.com\/cms\/wp-content\/uploads\/2012\/06\/401775_473105639370766_254369436_n-Copiar.jpg","type":"image\/jpeg"}],"author":"fishoapyd","twitter_card":"summary_large_image","twitter_misc":{"Escrito por":"fishoapyd","Tiempo de lectura":"2 minutos"},"schema":{"@context":"https:\/\/schema.org","@graph":[{"@type":"Article","@id":"https:\/\/www.padreydecano.com\/cms\/penas\/pena-carmelo-realiza-donacion-de-abrigo\/#article","isPartOf":{"@id":"https:\/\/www.padreydecano.com\/cms\/penas\/pena-carmelo-realiza-donacion-de-abrigo\/"},"author":{"name":"fishoapyd","@id":"https:\/\/www.padreydecano.com\/cms\/#\/schema\/person\/1376f1ec91158cca7aeef6d2109f929d"},"headline":"Pe\u00f1a Carmelo realiza donaci\u00f3n de abrigo","datePublished":"2012-06-11T17:42:44+00:00","dateModified":"2012-07-02T02:06:22+00:00","mainEntityOfPage":{"@id":"https:\/\/www.padreydecano.com\/cms\/penas\/pena-carmelo-realiza-donacion-de-abrigo\/"},"wordCount":461,"commentCount":1,"publisher":{"@id":"https:\/\/www.padreydecano.com\/cms\/#organization"},"image":{"@id":"https:\/\/www.padreydecano.com\/cms\/penas\/pena-carmelo-realiza-donacion-de-abrigo\/#primaryimage"},"thumbnailUrl":"https:\/\/www.padreydecano.com\/cms\/wp-content\/uploads\/2012\/06\/401775_473105639370766_254369436_n-Copiar.jpg","keywords":["Movidas Solidarias"],"articleSection":["Pe\u00f1as"],"inLanguage":"es","potentialAction":[{"@type":"CommentAction","name":"Comment","target":["https:\/\/www.padreydecano.com\/cms\/penas\/pena-carmelo-realiza-donacion-de-abrigo\/#respond"]}]},{"@type":"WebPage","@id":"https:\/\/www.padreydecano.com\/cms\/penas\/pena-carmelo-realiza-donacion-de-abrigo\/","url":"https:\/\/www.padreydecano.com\/cms\/penas\/pena-carmelo-realiza-donacion-de-abrigo\/","name":"Pe\u00f1a Carmelo realiza donaci\u00f3n de abrigo - Padre y Decano - El Sitio del Pueblo","isPartOf":{"@id":"https:\/\/www.padreydecano.com\/cms\/#website"},"primaryImageOfPage":{"@id":"https:\/\/www.padreydecano.com\/cms\/penas\/pena-carmelo-realiza-donacion-de-abrigo\/#primaryimage"},"image":{"@id":"https:\/\/www.padreydecano.com\/cms\/penas\/pena-carmelo-realiza-donacion-de-abrigo\/#primaryimage"},"thumbnailUrl":"https:\/\/www.padreydecano.com\/cms\/wp-content\/uploads\/2012\/06\/401775_473105639370766_254369436_n-Copiar.jpg","datePublished":"2012-06-11T17:42:44+00:00","dateModified":"2012-07-02T02:06:22+00:00","breadcrumb":{"@id":"https:\/\/www.padreydecano.com\/cms\/penas\/pena-carmelo-realiza-donacion-de-abrigo\/#breadcrumb"},"inLanguage":"es","potentialAction":[{"@type":"ReadAction","target":["https:\/\/www.padreydecano.com\/cms\/penas\/pena-carmelo-realiza-donacion-de-abrigo\/"]}]},{"@type":"ImageObject","inLanguage":"es","@id":"https:\/\/www.padreydecano.com\/cms\/penas\/pena-carmelo-realiza-donacion-de-abrigo\/#primaryimage","url":"https:\/\/www.padreydecano.com\/cms\/wp-content\/uploads\/2012\/06\/401775_473105639370766_254369436_n-Copiar.jpg","contentUrl":"https:\/\/www.padreydecano.com\/cms\/wp-content\/uploads\/2012\/06\/401775_473105639370766_254369436_n-Copiar.jpg","width":"720","height":"540"},{"@type":"BreadcrumbList","@id":"https:\/\/www.padreydecano.com\/cms\/penas\/pena-carmelo-realiza-donacion-de-abrigo\/#breadcrumb","itemListElement":[{"@type":"ListItem","position":1,"name":"Portada","item":"https:\/\/www.padreydecano.com\/cms\/"},{"@type":"ListItem","position":2,"name":"Pe\u00f1a Carmelo realiza donaci\u00f3n de abrigo"}]},{"@type":"WebSite","@id":"https:\/\/www.padreydecano.com\/cms\/#website","url":"https:\/\/www.padreydecano.com\/cms\/","name":"Padre y Decano - El Sitio del Pueblo","description":"Club Atl\u00e9tico Pe\u00f1arol","publisher":{"@id":"https:\/\/www.padreydecano.com\/cms\/#organization"},"potentialAction":[{"@type":"SearchAction","target":{"@type":"EntryPoint","urlTemplate":"https:\/\/www.padreydecano.com\/cms\/?s={search_term_string}"},"query-input":"required name=search_term_string"}],"inLanguage":"es"},{"@type":"Organization","@id":"https:\/\/www.padreydecano.com\/cms\/#organization","name":"Padre y Decano","url":"https:\/\/www.padreydecano.com\/cms\/","logo":{"@type":"ImageObject","inLanguage":"es","@id":"https:\/\/www.padreydecano.com\/cms\/#\/schema\/logo\/image\/","url":"https:\/\/www.padreydecano.com\/cms\/wp-content\/uploads\/2022\/01\/avatar-square.png","contentUrl":"https:\/\/www.padreydecano.com\/cms\/wp-content\/uploads\/2022\/01\/avatar-square.png","width":1500,"height":1500,"caption":"Padre y Decano"},"image":{"@id":"https:\/\/www.padreydecano.com\/cms\/#\/schema\/logo\/image\/"}},{"@type":"Person","@id":"https:\/\/www.padreydecano.com\/cms\/#\/schema\/person\/1376f1ec91158cca7aeef6d2109f929d","name":"fishoapyd","image":{"@type":"ImageObject","inLanguage":"es","@id":"https:\/\/www.padreydecano.com\/cms\/#\/schema\/person\/image\/","url":"https:\/\/www.padreydecano.com\/cms\/wp-content\/uploads\/2022\/12\/avatar-square-1.png","contentUrl":"https:\/\/www.padreydecano.com\/cms\/wp-content\/uploads\/2022\/12\/avatar-square-1.png","caption":"fishoapyd"},"sameAs":["http:\/\/www.padreydecano.com"]}]}},"_links":{"self":[{"href":"https:\/\/www.padreydecano.com\/cms\/wp-json\/wp\/v2\/posts\/24732"}],"collection":[{"href":"https:\/\/www.padreydecano.com\/cms\/wp-json\/wp\/v2\/posts"}],"about":[{"href":"https:\/\/www.padreydecano.com\/cms\/wp-json\/wp\/v2\/types\/post"}],"author":[{"embeddable":true,"href":"https:\/\/www.padreydecano.com\/cms\/wp-json\/wp\/v2\/users\/10"}],"replies":[{"embeddable":true,"href":"https:\/\/www.padreydecano.com\/cms\/wp-json\/wp\/v2\/comments?post=24732"}],"version-history":[{"count":0,"href":"https:\/\/www.padreydecano.com\/cms\/wp-json\/wp\/v2\/posts\/24732\/revisions"}],"wp:featuredmedia":[{"embeddable":true,"href":"https:\/\/www.padreydecano.com\/cms\/wp-json\/wp\/v2\/media\/24745"}],"wp:attachment":[{"href":"https:\/\/www.padreydecano.com\/cms\/wp-json\/wp\/v2\/media?parent=24732"}],"wp:term":[{"taxonomy":"category","embeddable":true,"href":"https:\/\/www.padreydecano.com\/cms\/wp-json\/wp\/v2\/categories?post=24732"},{"taxonomy":"post_tag","embeddable":true,"href":"https:\/\/www.padreydecano.com\/cms\/wp-json\/wp\/v2\/tags?post=24732"}],"curies":[{"name":"wp","href":"https:\/\/api.w.org\/{rel}","templated":true}]}}