{"id":24714,"date":"2012-06-11T17:00:17","date_gmt":"2012-06-11T20:00:17","guid":{"rendered":"http:\/\/www.padreydecano.com\/cms\/?p=24714"},"modified":"2012-06-13T14:36:36","modified_gmt":"2012-06-13T17:36:36","slug":"futsal-femenino-penarol-4-5-la-luz","status":"publish","type":"post","link":"https:\/\/www.padreydecano.com\/cms\/otras-disciplinas\/futsal-femenino-penarol-4-5-la-luz\/","title":{"rendered":"Futsal Femenino: Pe\u00f1arol 4 &#8211; 5 La Luz"},"content":{"rendered":"<p style=\"text-align: justify;\"><img loading=\"lazy\" decoding=\"async\" class=\"alignright  wp-image-24715\" src=\"https:\/\/www.padreydecano.com\/cms\/wp-content\/uploads\/2012\/06\/Futsal-Femenino-Penarol-La-Luz-300x225.jpg\" alt=\"\" width=\"240\" height=\"180\" srcset=\"https:\/\/www.padreydecano.com\/cms\/wp-content\/uploads\/2012\/06\/Futsal-Femenino-Penarol-La-Luz-300x225.jpg 300w, https:\/\/www.padreydecano.com\/cms\/wp-content\/uploads\/2012\/06\/Futsal-Femenino-Penarol-La-Luz.jpg 604w\" sizes=\"(max-width: 240px) 100vw, 240px\" \/>Llegamos al partido frente a La Luz con puntaje perfecto luego de triunfos en las primeras dos jornadas. Llegaba el turno de un duro rival como lo es La Luz. Arrancamos ganando a los pocos minutos pero no pudimos aguantar mucho la ventaja y r\u00e1pidamente La Luz nos empat\u00f3 y luego nos pas\u00f3 por dos goles m\u00e1s. El equipo no encontraba el juego grupal y eso afectaba a la hora de definir. Nos fuimos al descanso perdiendo 3 a 1.<\/p>\n<p style=\"text-align: justify;\">En el segundo tiempo arrancamos mal y a los pocos minutos nos convirtieron el cuarto gol, pero las carboneras no se desesperaron, pusieron mucha garra y la jugadora Signe Haakonsson se destac\u00f3 en el puesto de pivot dando una mano tremenda para que el equipo saliera a flote y as\u00ed logramos tres goles para poder empatar el partido. Romina Alves, que ingres\u00f3 en el segundo tiempo, fue desequilibrante y tambien aport\u00f3 mucho para lograr este empate transitorio.<\/p>\n<p style=\"text-align: justify;\">Tuvimos la chance de ponernos en ventaja tras un remate de tiro penal pero la golera de La Luz contuvo el disparo. Vale destacar que \u00e9sta hizo un muy buen partido y tap\u00f3 varios mano a mano. Desaprovechamos la oportunidad y en el final nos convirtieron el 5to gol que les di\u00f3 la victoria al equipo de La Luz.<\/p>\n<p style=\"text-align: justify;\">A pesar de la derrota hay que mencionar que se crearon muchas chances de gol pero la suerte no nos acompa\u00f1\u00f3 anoche, igualmente en todo momento fuimos m\u00e1s y nos merecimos el triunfo. \u00a1Hay que seguir por este camino que sin dudas nos dar\u00e1n muchas m\u00e1s victorias que derrotas!<\/p>\n","protected":false},"excerpt":{"rendered":"<p>Llegamos al partido frente a La Luz con puntaje perfecto luego de triunfos en las primeras dos jornadas. Llegaba el turno de un duro rival como lo es La Luz. Arrancamos ganando a los pocos minutos pero no pudimos aguantar mucho la ventaja y r\u00e1pidamente La Luz nos empat\u00f3 y luego nos pas\u00f3 por dos [&hellip;]<\/p>\n","protected":false},"author":2,"featured_media":24715,"comment_status":"open","ping_status":"closed","sticky":false,"template":"","format":"standard","meta":{"footnotes":""},"categories":[27],"tags":[],"yoast_head":"<!-- This site is optimized with the Yoast SEO plugin v23.2 - https:\/\/yoast.com\/wordpress\/plugins\/seo\/ -->\n<title>Futsal Femenino: Pe\u00f1arol 4 - 5 La Luz - Padre y Decano - El Sitio del Pueblo<\/title>\n<meta name=\"robots\" content=\"index, follow, max-snippet:-1, max-image-preview:large, max-video-preview:-1\" \/>\n<link rel=\"canonical\" href=\"https:\/\/www.padreydecano.com\/cms\/otras-disciplinas\/futsal-femenino-penarol-4-5-la-luz\/\" \/>\n<meta property=\"og:locale\" content=\"es_ES\" \/>\n<meta property=\"og:type\" content=\"article\" \/>\n<meta property=\"og:title\" content=\"Futsal Femenino: Pe\u00f1arol 4 - 5 La Luz - Padre y Decano - El Sitio del Pueblo\" \/>\n<meta property=\"og:description\" content=\"Llegamos al partido frente a La Luz con puntaje perfecto luego de triunfos en las primeras dos jornadas. Llegaba el turno de un duro rival como lo es La Luz. Arrancamos ganando a los pocos minutos pero no pudimos aguantar mucho la ventaja y r\u00e1pidamente La Luz nos empat\u00f3 y luego nos pas\u00f3 por dos [&hellip;]\" \/>\n<meta property=\"og:url\" content=\"https:\/\/www.padreydecano.com\/cms\/otras-disciplinas\/futsal-femenino-penarol-4-5-la-luz\/\" \/>\n<meta property=\"og:site_name\" content=\"Padre y Decano - El Sitio del Pueblo\" \/>\n<meta property=\"article:published_time\" content=\"2012-06-11T20:00:17+00:00\" \/>\n<meta property=\"article:modified_time\" content=\"2012-06-13T17:36:36+00:00\" \/>\n<meta property=\"og:image\" content=\"https:\/\/www.padreydecano.com\/cms\/wp-content\/uploads\/2012\/06\/Futsal-Femenino-Penarol-La-Luz.jpg\" \/>\n\t<meta property=\"og:image:width\" content=\"604\" \/>\n\t<meta property=\"og:image:height\" content=\"453\" \/>\n\t<meta property=\"og:image:type\" content=\"image\/jpeg\" \/>\n<meta name=\"author\" content=\"Gonzalo16\" \/>\n<meta name=\"twitter:card\" content=\"summary_large_image\" \/>\n<meta name=\"twitter:label1\" content=\"Escrito por\" \/>\n\t<meta name=\"twitter:data1\" content=\"Gonzalo16\" \/>\n\t<meta name=\"twitter:label2\" content=\"Tiempo de lectura\" \/>\n\t<meta name=\"twitter:data2\" content=\"1 minuto\" \/>\n<script type=\"application\/ld+json\" class=\"yoast-schema-graph\">{\"@context\":\"https:\/\/schema.org\",\"@graph\":[{\"@type\":\"Article\",\"@id\":\"https:\/\/www.padreydecano.com\/cms\/otras-disciplinas\/futsal-femenino-penarol-4-5-la-luz\/#article\",\"isPartOf\":{\"@id\":\"https:\/\/www.padreydecano.com\/cms\/otras-disciplinas\/futsal-femenino-penarol-4-5-la-luz\/\"},\"author\":{\"name\":\"Gonzalo16\",\"@id\":\"https:\/\/www.padreydecano.com\/cms\/#\/schema\/person\/7fe41e3e335700ebd387196df2f9a8d4\"},\"headline\":\"Futsal Femenino: Pe\u00f1arol 4 &#8211; 5 La Luz\",\"datePublished\":\"2012-06-11T20:00:17+00:00\",\"dateModified\":\"2012-06-13T17:36:36+00:00\",\"mainEntityOfPage\":{\"@id\":\"https:\/\/www.padreydecano.com\/cms\/otras-disciplinas\/futsal-femenino-penarol-4-5-la-luz\/\"},\"wordCount\":275,\"commentCount\":4,\"publisher\":{\"@id\":\"https:\/\/www.padreydecano.com\/cms\/#organization\"},\"image\":{\"@id\":\"https:\/\/www.padreydecano.com\/cms\/otras-disciplinas\/futsal-femenino-penarol-4-5-la-luz\/#primaryimage\"},\"thumbnailUrl\":\"https:\/\/www.padreydecano.com\/cms\/wp-content\/uploads\/2012\/06\/Futsal-Femenino-Penarol-La-Luz.jpg\",\"articleSection\":[\"Otras disciplinas\"],\"inLanguage\":\"es\",\"potentialAction\":[{\"@type\":\"CommentAction\",\"name\":\"Comment\",\"target\":[\"https:\/\/www.padreydecano.com\/cms\/otras-disciplinas\/futsal-femenino-penarol-4-5-la-luz\/#respond\"]}]},{\"@type\":\"WebPage\",\"@id\":\"https:\/\/www.padreydecano.com\/cms\/otras-disciplinas\/futsal-femenino-penarol-4-5-la-luz\/\",\"url\":\"https:\/\/www.padreydecano.com\/cms\/otras-disciplinas\/futsal-femenino-penarol-4-5-la-luz\/\",\"name\":\"Futsal Femenino: Pe\u00f1arol 4 - 5 La Luz - Padre y Decano - El Sitio del Pueblo\",\"isPartOf\":{\"@id\":\"https:\/\/www.padreydecano.com\/cms\/#website\"},\"primaryImageOfPage\":{\"@id\":\"https:\/\/www.padreydecano.com\/cms\/otras-disciplinas\/futsal-femenino-penarol-4-5-la-luz\/#primaryimage\"},\"image\":{\"@id\":\"https:\/\/www.padreydecano.com\/cms\/otras-disciplinas\/futsal-femenino-penarol-4-5-la-luz\/#primaryimage\"},\"thumbnailUrl\":\"https:\/\/www.padreydecano.com\/cms\/wp-content\/uploads\/2012\/06\/Futsal-Femenino-Penarol-La-Luz.jpg\",\"datePublished\":\"2012-06-11T20:00:17+00:00\",\"dateModified\":\"2012-06-13T17:36:36+00:00\",\"breadcrumb\":{\"@id\":\"https:\/\/www.padreydecano.com\/cms\/otras-disciplinas\/futsal-femenino-penarol-4-5-la-luz\/#breadcrumb\"},\"inLanguage\":\"es\",\"potentialAction\":[{\"@type\":\"ReadAction\",\"target\":[\"https:\/\/www.padreydecano.com\/cms\/otras-disciplinas\/futsal-femenino-penarol-4-5-la-luz\/\"]}]},{\"@type\":\"ImageObject\",\"inLanguage\":\"es\",\"@id\":\"https:\/\/www.padreydecano.com\/cms\/otras-disciplinas\/futsal-femenino-penarol-4-5-la-luz\/#primaryimage\",\"url\":\"https:\/\/www.padreydecano.com\/cms\/wp-content\/uploads\/2012\/06\/Futsal-Femenino-Penarol-La-Luz.jpg\",\"contentUrl\":\"https:\/\/www.padreydecano.com\/cms\/wp-content\/uploads\/2012\/06\/Futsal-Femenino-Penarol-La-Luz.jpg\",\"width\":\"604\",\"height\":\"453\"},{\"@type\":\"BreadcrumbList\",\"@id\":\"https:\/\/www.padreydecano.com\/cms\/otras-disciplinas\/futsal-femenino-penarol-4-5-la-luz\/#breadcrumb\",\"itemListElement\":[{\"@type\":\"ListItem\",\"position\":1,\"name\":\"Portada\",\"item\":\"https:\/\/www.padreydecano.com\/cms\/\"},{\"@type\":\"ListItem\",\"position\":2,\"name\":\"Futsal Femenino: Pe\u00f1arol 4 &#8211; 5 La Luz\"}]},{\"@type\":\"WebSite\",\"@id\":\"https:\/\/www.padreydecano.com\/cms\/#website\",\"url\":\"https:\/\/www.padreydecano.com\/cms\/\",\"name\":\"Padre y Decano - El Sitio del Pueblo\",\"description\":\"Club Atl\u00e9tico Pe\u00f1arol\",\"publisher\":{\"@id\":\"https:\/\/www.padreydecano.com\/cms\/#organization\"},\"potentialAction\":[{\"@type\":\"SearchAction\",\"target\":{\"@type\":\"EntryPoint\",\"urlTemplate\":\"https:\/\/www.padreydecano.com\/cms\/?s={search_term_string}\"},\"query-input\":\"required name=search_term_string\"}],\"inLanguage\":\"es\"},{\"@type\":\"Organization\",\"@id\":\"https:\/\/www.padreydecano.com\/cms\/#organization\",\"name\":\"Padre y Decano\",\"url\":\"https:\/\/www.padreydecano.com\/cms\/\",\"logo\":{\"@type\":\"ImageObject\",\"inLanguage\":\"es\",\"@id\":\"https:\/\/www.padreydecano.com\/cms\/#\/schema\/logo\/image\/\",\"url\":\"https:\/\/www.padreydecano.com\/cms\/wp-content\/uploads\/2022\/01\/avatar-square.png\",\"contentUrl\":\"https:\/\/www.padreydecano.com\/cms\/wp-content\/uploads\/2022\/01\/avatar-square.png\",\"width\":1500,\"height\":1500,\"caption\":\"Padre y Decano\"},\"image\":{\"@id\":\"https:\/\/www.padreydecano.com\/cms\/#\/schema\/logo\/image\/\"}},{\"@type\":\"Person\",\"@id\":\"https:\/\/www.padreydecano.com\/cms\/#\/schema\/person\/7fe41e3e335700ebd387196df2f9a8d4\",\"name\":\"Gonzalo16\",\"image\":{\"@type\":\"ImageObject\",\"inLanguage\":\"es\",\"@id\":\"https:\/\/www.padreydecano.com\/cms\/#\/schema\/person\/image\/\",\"url\":\"https:\/\/secure.gravatar.com\/avatar\/4d5cdd49803a2313c01f77e3dfc05d81?s=96&d=https%3A%2F%2Fpadreydecano.com%2Fcms%2Fwp-content%2Fthemes%2Fpyd-theme%2Fimg%2Fdefault-avatar.png&r=g\",\"contentUrl\":\"https:\/\/secure.gravatar.com\/avatar\/4d5cdd49803a2313c01f77e3dfc05d81?s=96&d=https%3A%2F%2Fpadreydecano.com%2Fcms%2Fwp-content%2Fthemes%2Fpyd-theme%2Fimg%2Fdefault-avatar.png&r=g\",\"caption\":\"Gonzalo16\"}}]}<\/script>\n<!-- \/ Yoast SEO plugin. -->","yoast_head_json":{"title":"Futsal Femenino: Pe\u00f1arol 4 - 5 La Luz - Padre y Decano - El Sitio del Pueblo","robots":{"index":"index","follow":"follow","max-snippet":"max-snippet:-1","max-image-preview":"max-image-preview:large","max-video-preview":"max-video-preview:-1"},"canonical":"https:\/\/www.padreydecano.com\/cms\/otras-disciplinas\/futsal-femenino-penarol-4-5-la-luz\/","og_locale":"es_ES","og_type":"article","og_title":"Futsal Femenino: Pe\u00f1arol 4 - 5 La Luz - Padre y Decano - El Sitio del Pueblo","og_description":"Llegamos al partido frente a La Luz con puntaje perfecto luego de triunfos en las primeras dos jornadas. Llegaba el turno de un duro rival como lo es La Luz. Arrancamos ganando a los pocos minutos pero no pudimos aguantar mucho la ventaja y r\u00e1pidamente La Luz nos empat\u00f3 y luego nos pas\u00f3 por dos [&hellip;]","og_url":"https:\/\/www.padreydecano.com\/cms\/otras-disciplinas\/futsal-femenino-penarol-4-5-la-luz\/","og_site_name":"Padre y Decano - El Sitio del Pueblo","article_published_time":"2012-06-11T20:00:17+00:00","article_modified_time":"2012-06-13T17:36:36+00:00","og_image":[{"width":604,"height":453,"url":"https:\/\/www.padreydecano.com\/cms\/wp-content\/uploads\/2012\/06\/Futsal-Femenino-Penarol-La-Luz.jpg","type":"image\/jpeg"}],"author":"Gonzalo16","twitter_card":"summary_large_image","twitter_misc":{"Escrito por":"Gonzalo16","Tiempo de lectura":"1 minuto"},"schema":{"@context":"https:\/\/schema.org","@graph":[{"@type":"Article","@id":"https:\/\/www.padreydecano.com\/cms\/otras-disciplinas\/futsal-femenino-penarol-4-5-la-luz\/#article","isPartOf":{"@id":"https:\/\/www.padreydecano.com\/cms\/otras-disciplinas\/futsal-femenino-penarol-4-5-la-luz\/"},"author":{"name":"Gonzalo16","@id":"https:\/\/www.padreydecano.com\/cms\/#\/schema\/person\/7fe41e3e335700ebd387196df2f9a8d4"},"headline":"Futsal Femenino: Pe\u00f1arol 4 &#8211; 5 La Luz","datePublished":"2012-06-11T20:00:17+00:00","dateModified":"2012-06-13T17:36:36+00:00","mainEntityOfPage":{"@id":"https:\/\/www.padreydecano.com\/cms\/otras-disciplinas\/futsal-femenino-penarol-4-5-la-luz\/"},"wordCount":275,"commentCount":4,"publisher":{"@id":"https:\/\/www.padreydecano.com\/cms\/#organization"},"image":{"@id":"https:\/\/www.padreydecano.com\/cms\/otras-disciplinas\/futsal-femenino-penarol-4-5-la-luz\/#primaryimage"},"thumbnailUrl":"https:\/\/www.padreydecano.com\/cms\/wp-content\/uploads\/2012\/06\/Futsal-Femenino-Penarol-La-Luz.jpg","articleSection":["Otras disciplinas"],"inLanguage":"es","potentialAction":[{"@type":"CommentAction","name":"Comment","target":["https:\/\/www.padreydecano.com\/cms\/otras-disciplinas\/futsal-femenino-penarol-4-5-la-luz\/#respond"]}]},{"@type":"WebPage","@id":"https:\/\/www.padreydecano.com\/cms\/otras-disciplinas\/futsal-femenino-penarol-4-5-la-luz\/","url":"https:\/\/www.padreydecano.com\/cms\/otras-disciplinas\/futsal-femenino-penarol-4-5-la-luz\/","name":"Futsal Femenino: Pe\u00f1arol 4 - 5 La Luz - Padre y Decano - El Sitio del Pueblo","isPartOf":{"@id":"https:\/\/www.padreydecano.com\/cms\/#website"},"primaryImageOfPage":{"@id":"https:\/\/www.padreydecano.com\/cms\/otras-disciplinas\/futsal-femenino-penarol-4-5-la-luz\/#primaryimage"},"image":{"@id":"https:\/\/www.padreydecano.com\/cms\/otras-disciplinas\/futsal-femenino-penarol-4-5-la-luz\/#primaryimage"},"thumbnailUrl":"https:\/\/www.padreydecano.com\/cms\/wp-content\/uploads\/2012\/06\/Futsal-Femenino-Penarol-La-Luz.jpg","datePublished":"2012-06-11T20:00:17+00:00","dateModified":"2012-06-13T17:36:36+00:00","breadcrumb":{"@id":"https:\/\/www.padreydecano.com\/cms\/otras-disciplinas\/futsal-femenino-penarol-4-5-la-luz\/#breadcrumb"},"inLanguage":"es","potentialAction":[{"@type":"ReadAction","target":["https:\/\/www.padreydecano.com\/cms\/otras-disciplinas\/futsal-femenino-penarol-4-5-la-luz\/"]}]},{"@type":"ImageObject","inLanguage":"es","@id":"https:\/\/www.padreydecano.com\/cms\/otras-disciplinas\/futsal-femenino-penarol-4-5-la-luz\/#primaryimage","url":"https:\/\/www.padreydecano.com\/cms\/wp-content\/uploads\/2012\/06\/Futsal-Femenino-Penarol-La-Luz.jpg","contentUrl":"https:\/\/www.padreydecano.com\/cms\/wp-content\/uploads\/2012\/06\/Futsal-Femenino-Penarol-La-Luz.jpg","width":"604","height":"453"},{"@type":"BreadcrumbList","@id":"https:\/\/www.padreydecano.com\/cms\/otras-disciplinas\/futsal-femenino-penarol-4-5-la-luz\/#breadcrumb","itemListElement":[{"@type":"ListItem","position":1,"name":"Portada","item":"https:\/\/www.padreydecano.com\/cms\/"},{"@type":"ListItem","position":2,"name":"Futsal Femenino: Pe\u00f1arol 4 &#8211; 5 La Luz"}]},{"@type":"WebSite","@id":"https:\/\/www.padreydecano.com\/cms\/#website","url":"https:\/\/www.padreydecano.com\/cms\/","name":"Padre y Decano - El Sitio del Pueblo","description":"Club Atl\u00e9tico Pe\u00f1arol","publisher":{"@id":"https:\/\/www.padreydecano.com\/cms\/#organization"},"potentialAction":[{"@type":"SearchAction","target":{"@type":"EntryPoint","urlTemplate":"https:\/\/www.padreydecano.com\/cms\/?s={search_term_string}"},"query-input":"required name=search_term_string"}],"inLanguage":"es"},{"@type":"Organization","@id":"https:\/\/www.padreydecano.com\/cms\/#organization","name":"Padre y Decano","url":"https:\/\/www.padreydecano.com\/cms\/","logo":{"@type":"ImageObject","inLanguage":"es","@id":"https:\/\/www.padreydecano.com\/cms\/#\/schema\/logo\/image\/","url":"https:\/\/www.padreydecano.com\/cms\/wp-content\/uploads\/2022\/01\/avatar-square.png","contentUrl":"https:\/\/www.padreydecano.com\/cms\/wp-content\/uploads\/2022\/01\/avatar-square.png","width":1500,"height":1500,"caption":"Padre y Decano"},"image":{"@id":"https:\/\/www.padreydecano.com\/cms\/#\/schema\/logo\/image\/"}},{"@type":"Person","@id":"https:\/\/www.padreydecano.com\/cms\/#\/schema\/person\/7fe41e3e335700ebd387196df2f9a8d4","name":"Gonzalo16","image":{"@type":"ImageObject","inLanguage":"es","@id":"https:\/\/www.padreydecano.com\/cms\/#\/schema\/person\/image\/","url":"https:\/\/secure.gravatar.com\/avatar\/4d5cdd49803a2313c01f77e3dfc05d81?s=96&d=https%3A%2F%2Fpadreydecano.com%2Fcms%2Fwp-content%2Fthemes%2Fpyd-theme%2Fimg%2Fdefault-avatar.png&r=g","contentUrl":"https:\/\/secure.gravatar.com\/avatar\/4d5cdd49803a2313c01f77e3dfc05d81?s=96&d=https%3A%2F%2Fpadreydecano.com%2Fcms%2Fwp-content%2Fthemes%2Fpyd-theme%2Fimg%2Fdefault-avatar.png&r=g","caption":"Gonzalo16"}}]}},"_links":{"self":[{"href":"https:\/\/www.padreydecano.com\/cms\/wp-json\/wp\/v2\/posts\/24714"}],"collection":[{"href":"https:\/\/www.padreydecano.com\/cms\/wp-json\/wp\/v2\/posts"}],"about":[{"href":"https:\/\/www.padreydecano.com\/cms\/wp-json\/wp\/v2\/types\/post"}],"author":[{"embeddable":true,"href":"https:\/\/www.padreydecano.com\/cms\/wp-json\/wp\/v2\/users\/2"}],"replies":[{"embeddable":true,"href":"https:\/\/www.padreydecano.com\/cms\/wp-json\/wp\/v2\/comments?post=24714"}],"version-history":[{"count":0,"href":"https:\/\/www.padreydecano.com\/cms\/wp-json\/wp\/v2\/posts\/24714\/revisions"}],"wp:featuredmedia":[{"embeddable":true,"href":"https:\/\/www.padreydecano.com\/cms\/wp-json\/wp\/v2\/media\/24715"}],"wp:attachment":[{"href":"https:\/\/www.padreydecano.com\/cms\/wp-json\/wp\/v2\/media?parent=24714"}],"wp:term":[{"taxonomy":"category","embeddable":true,"href":"https:\/\/www.padreydecano.com\/cms\/wp-json\/wp\/v2\/categories?post=24714"},{"taxonomy":"post_tag","embeddable":true,"href":"https:\/\/www.padreydecano.com\/cms\/wp-json\/wp\/v2\/tags?post=24714"}],"curies":[{"name":"wp","href":"https:\/\/api.w.org\/{rel}","templated":true}]}}