{"id":24664,"date":"2012-06-07T17:33:08","date_gmt":"2012-06-07T20:33:08","guid":{"rendered":"http:\/\/www.padreydecano.com\/cms\/?p=24664"},"modified":"2013-08-13T13:01:52","modified_gmt":"2013-08-13T16:01:52","slug":"cabeza-magica-la-vida-de-alberto-spencer","status":"publish","type":"post","link":"https:\/\/www.padreydecano.com\/cms\/noticias\/cabeza-magica-la-vida-de-alberto-spencer\/","title":{"rendered":"\u00abCabeza M\u00e1gica\u00bb: la vida de Alberto Spencer"},"content":{"rendered":"<p style=\"text-align: justify;\"><img loading=\"lazy\" decoding=\"async\" class=\"alignright  wp-image-24666\" alt=\"\" src=\"https:\/\/www.padreydecano.com\/cms\/wp-content\/uploads\/2012\/06\/Cabeza-Magica-212x300.jpg\" width=\"170\" height=\"240\" srcset=\"https:\/\/www.padreydecano.com\/cms\/wp-content\/uploads\/2012\/06\/Cabeza-Magica-212x300.jpg 212w, https:\/\/www.padreydecano.com\/cms\/wp-content\/uploads\/2012\/06\/Cabeza-Magica.jpg 412w\" sizes=\"(max-width: 170px) 100vw, 170px\" \/>\u00abCabeza M\u00e1gica\u00bb es un documental sobre la vida del ecuatoriano <strong><a href=\"https:\/\/www.padreydecano.com\/cms\/idolos\/alberto-spencer\/\" target=\"_blank\">Alberto Spencer<\/a><\/strong> que se estrenar\u00e1 en julio de 2012. Con im\u00e1genes de su pasado, entrevistas y relatos, esta cr\u00f3nica muestra la grandeza del m\u00e1ximo goleador de la Copa Libertadores de Am\u00e9rica.<\/p>\n<p style=\"text-align: justify;\">Este documental mostrar\u00e1 diferentes aspectos de su vida: desde una entrevista entre \u00e9l y el mism\u00edsimo Pel\u00e9, hasta testimonios del \u00abnegro\u00bb Ruben Rada, que recuerdan lo exitoso que fue tanto como jugador o mejor a\u00fan, como persona. Ex futbolistas, habiendo sido contrincantes o compa\u00f1eros, ex directores t\u00e9cnicos, amigos personales, ex miembros del Consejo Directivo de Pe\u00f1arol y personas de renombre como Pablo Forl\u00e1n, entre otros, tienen tambi\u00e9n su oportunidad en este documental para recrear la vida del ecuatoriano.<\/p>\n<p style=\"text-align: justify;\"><span style=\"text-align: justify;\">\u00abCabeza M\u00e1gica\u00bb tambi\u00e9n recuerda adem\u00e1s de su exitoso pasaje por Pe\u00f1arol, sus a\u00f1os de f\u00fatbol en el Everest, el Barcelona y la selecci\u00f3n ecuatoriana. Con la m\u00fasica del \u00abcanario\u00bb Luna y Ruben Rada ilustradas con varias de sus haza\u00f1as deportivas y principalmente con testimonios de sus hijos, Walter y Jacqueline, se le brinda un enorme homenaje a Alberto Spencer, digno del jugador que supo ser. Pr\u00f3ximamente en cines.<\/span><\/p>\n","protected":false},"excerpt":{"rendered":"<p>\u00abCabeza M\u00e1gica\u00bb es un documental sobre la vida del ecuatoriano Alberto Spencer que se estrenar\u00e1 en julio de 2012. Con im\u00e1genes de su pasado, entrevistas y relatos, esta cr\u00f3nica muestra la grandeza del m\u00e1ximo goleador de la Copa Libertadores de Am\u00e9rica. Este documental mostrar\u00e1 diferentes aspectos de su vida: desde una entrevista entre \u00e9l y [&hellip;]<\/p>\n","protected":false},"author":10,"featured_media":0,"comment_status":"open","ping_status":"closed","sticky":false,"template":"","format":"standard","meta":{"footnotes":""},"categories":[1],"tags":[],"yoast_head":"<!-- This site is optimized with the Yoast SEO plugin v23.2 - https:\/\/yoast.com\/wordpress\/plugins\/seo\/ -->\n<title>&quot;Cabeza M\u00e1gica&quot;: la vida de Alberto Spencer - Padre y Decano - El Sitio del Pueblo<\/title>\n<meta name=\"robots\" content=\"index, follow, max-snippet:-1, max-image-preview:large, max-video-preview:-1\" \/>\n<link rel=\"canonical\" href=\"https:\/\/www.padreydecano.com\/cms\/noticias\/cabeza-magica-la-vida-de-alberto-spencer\/\" \/>\n<meta property=\"og:locale\" content=\"es_ES\" \/>\n<meta property=\"og:type\" content=\"article\" \/>\n<meta property=\"og:title\" content=\"&quot;Cabeza M\u00e1gica&quot;: la vida de Alberto Spencer - Padre y Decano - El Sitio del Pueblo\" \/>\n<meta property=\"og:description\" content=\"\u00abCabeza M\u00e1gica\u00bb es un documental sobre la vida del ecuatoriano Alberto Spencer que se estrenar\u00e1 en julio de 2012. Con im\u00e1genes de su pasado, entrevistas y relatos, esta cr\u00f3nica muestra la grandeza del m\u00e1ximo goleador de la Copa Libertadores de Am\u00e9rica. Este documental mostrar\u00e1 diferentes aspectos de su vida: desde una entrevista entre \u00e9l y [&hellip;]\" \/>\n<meta property=\"og:url\" content=\"https:\/\/www.padreydecano.com\/cms\/noticias\/cabeza-magica-la-vida-de-alberto-spencer\/\" \/>\n<meta property=\"og:site_name\" content=\"Padre y Decano - El Sitio del Pueblo\" \/>\n<meta property=\"article:published_time\" content=\"2012-06-07T20:33:08+00:00\" \/>\n<meta property=\"article:modified_time\" content=\"2013-08-13T16:01:52+00:00\" \/>\n<meta property=\"og:image\" content=\"http:\/\/www.padreydecano.com\/cms\/wp-content\/uploads\/2012\/06\/Cabeza-Magica-212x300.jpg\" \/>\n<meta name=\"author\" content=\"fishoapyd\" \/>\n<meta name=\"twitter:card\" content=\"summary_large_image\" \/>\n<meta name=\"twitter:label1\" content=\"Escrito por\" \/>\n\t<meta name=\"twitter:data1\" content=\"fishoapyd\" \/>\n\t<meta name=\"twitter:label2\" content=\"Tiempo de lectura\" \/>\n\t<meta name=\"twitter:data2\" content=\"1 minuto\" \/>\n<script type=\"application\/ld+json\" class=\"yoast-schema-graph\">{\"@context\":\"https:\/\/schema.org\",\"@graph\":[{\"@type\":\"Article\",\"@id\":\"https:\/\/www.padreydecano.com\/cms\/noticias\/cabeza-magica-la-vida-de-alberto-spencer\/#article\",\"isPartOf\":{\"@id\":\"https:\/\/www.padreydecano.com\/cms\/noticias\/cabeza-magica-la-vida-de-alberto-spencer\/\"},\"author\":{\"name\":\"fishoapyd\",\"@id\":\"https:\/\/www.padreydecano.com\/cms\/#\/schema\/person\/1376f1ec91158cca7aeef6d2109f929d\"},\"headline\":\"\u00abCabeza M\u00e1gica\u00bb: la vida de Alberto Spencer\",\"datePublished\":\"2012-06-07T20:33:08+00:00\",\"dateModified\":\"2013-08-13T16:01:52+00:00\",\"mainEntityOfPage\":{\"@id\":\"https:\/\/www.padreydecano.com\/cms\/noticias\/cabeza-magica-la-vida-de-alberto-spencer\/\"},\"wordCount\":216,\"commentCount\":9,\"publisher\":{\"@id\":\"https:\/\/www.padreydecano.com\/cms\/#organization\"},\"image\":{\"@id\":\"https:\/\/www.padreydecano.com\/cms\/noticias\/cabeza-magica-la-vida-de-alberto-spencer\/#primaryimage\"},\"thumbnailUrl\":\"http:\/\/www.padreydecano.com\/cms\/wp-content\/uploads\/2012\/06\/Cabeza-Magica-212x300.jpg\",\"articleSection\":[\"Noticias\"],\"inLanguage\":\"es\",\"potentialAction\":[{\"@type\":\"CommentAction\",\"name\":\"Comment\",\"target\":[\"https:\/\/www.padreydecano.com\/cms\/noticias\/cabeza-magica-la-vida-de-alberto-spencer\/#respond\"]}]},{\"@type\":\"WebPage\",\"@id\":\"https:\/\/www.padreydecano.com\/cms\/noticias\/cabeza-magica-la-vida-de-alberto-spencer\/\",\"url\":\"https:\/\/www.padreydecano.com\/cms\/noticias\/cabeza-magica-la-vida-de-alberto-spencer\/\",\"name\":\"\\\"Cabeza M\u00e1gica\\\": la vida de Alberto Spencer - Padre y Decano - El Sitio del Pueblo\",\"isPartOf\":{\"@id\":\"https:\/\/www.padreydecano.com\/cms\/#website\"},\"primaryImageOfPage\":{\"@id\":\"https:\/\/www.padreydecano.com\/cms\/noticias\/cabeza-magica-la-vida-de-alberto-spencer\/#primaryimage\"},\"image\":{\"@id\":\"https:\/\/www.padreydecano.com\/cms\/noticias\/cabeza-magica-la-vida-de-alberto-spencer\/#primaryimage\"},\"thumbnailUrl\":\"http:\/\/www.padreydecano.com\/cms\/wp-content\/uploads\/2012\/06\/Cabeza-Magica-212x300.jpg\",\"datePublished\":\"2012-06-07T20:33:08+00:00\",\"dateModified\":\"2013-08-13T16:01:52+00:00\",\"breadcrumb\":{\"@id\":\"https:\/\/www.padreydecano.com\/cms\/noticias\/cabeza-magica-la-vida-de-alberto-spencer\/#breadcrumb\"},\"inLanguage\":\"es\",\"potentialAction\":[{\"@type\":\"ReadAction\",\"target\":[\"https:\/\/www.padreydecano.com\/cms\/noticias\/cabeza-magica-la-vida-de-alberto-spencer\/\"]}]},{\"@type\":\"ImageObject\",\"inLanguage\":\"es\",\"@id\":\"https:\/\/www.padreydecano.com\/cms\/noticias\/cabeza-magica-la-vida-de-alberto-spencer\/#primaryimage\",\"url\":\"http:\/\/www.padreydecano.com\/cms\/wp-content\/uploads\/2012\/06\/Cabeza-Magica-212x300.jpg\",\"contentUrl\":\"http:\/\/www.padreydecano.com\/cms\/wp-content\/uploads\/2012\/06\/Cabeza-Magica-212x300.jpg\"},{\"@type\":\"BreadcrumbList\",\"@id\":\"https:\/\/www.padreydecano.com\/cms\/noticias\/cabeza-magica-la-vida-de-alberto-spencer\/#breadcrumb\",\"itemListElement\":[{\"@type\":\"ListItem\",\"position\":1,\"name\":\"Portada\",\"item\":\"https:\/\/www.padreydecano.com\/cms\/\"},{\"@type\":\"ListItem\",\"position\":2,\"name\":\"\u00abCabeza M\u00e1gica\u00bb: la vida de Alberto Spencer\"}]},{\"@type\":\"WebSite\",\"@id\":\"https:\/\/www.padreydecano.com\/cms\/#website\",\"url\":\"https:\/\/www.padreydecano.com\/cms\/\",\"name\":\"Padre y Decano - El Sitio del Pueblo\",\"description\":\"Club Atl\u00e9tico Pe\u00f1arol\",\"publisher\":{\"@id\":\"https:\/\/www.padreydecano.com\/cms\/#organization\"},\"potentialAction\":[{\"@type\":\"SearchAction\",\"target\":{\"@type\":\"EntryPoint\",\"urlTemplate\":\"https:\/\/www.padreydecano.com\/cms\/?s={search_term_string}\"},\"query-input\":\"required name=search_term_string\"}],\"inLanguage\":\"es\"},{\"@type\":\"Organization\",\"@id\":\"https:\/\/www.padreydecano.com\/cms\/#organization\",\"name\":\"Padre y Decano\",\"url\":\"https:\/\/www.padreydecano.com\/cms\/\",\"logo\":{\"@type\":\"ImageObject\",\"inLanguage\":\"es\",\"@id\":\"https:\/\/www.padreydecano.com\/cms\/#\/schema\/logo\/image\/\",\"url\":\"https:\/\/www.padreydecano.com\/cms\/wp-content\/uploads\/2022\/01\/avatar-square.png\",\"contentUrl\":\"https:\/\/www.padreydecano.com\/cms\/wp-content\/uploads\/2022\/01\/avatar-square.png\",\"width\":1500,\"height\":1500,\"caption\":\"Padre y Decano\"},\"image\":{\"@id\":\"https:\/\/www.padreydecano.com\/cms\/#\/schema\/logo\/image\/\"}},{\"@type\":\"Person\",\"@id\":\"https:\/\/www.padreydecano.com\/cms\/#\/schema\/person\/1376f1ec91158cca7aeef6d2109f929d\",\"name\":\"fishoapyd\",\"image\":{\"@type\":\"ImageObject\",\"inLanguage\":\"es\",\"@id\":\"https:\/\/www.padreydecano.com\/cms\/#\/schema\/person\/image\/\",\"url\":\"https:\/\/www.padreydecano.com\/cms\/wp-content\/uploads\/2022\/12\/avatar-square-1.png\",\"contentUrl\":\"https:\/\/www.padreydecano.com\/cms\/wp-content\/uploads\/2022\/12\/avatar-square-1.png\",\"caption\":\"fishoapyd\"},\"sameAs\":[\"http:\/\/www.padreydecano.com\"]}]}<\/script>\n<!-- \/ Yoast SEO plugin. -->","yoast_head_json":{"title":"\"Cabeza M\u00e1gica\": la vida de Alberto Spencer - Padre y Decano - El Sitio del Pueblo","robots":{"index":"index","follow":"follow","max-snippet":"max-snippet:-1","max-image-preview":"max-image-preview:large","max-video-preview":"max-video-preview:-1"},"canonical":"https:\/\/www.padreydecano.com\/cms\/noticias\/cabeza-magica-la-vida-de-alberto-spencer\/","og_locale":"es_ES","og_type":"article","og_title":"\"Cabeza M\u00e1gica\": la vida de Alberto Spencer - Padre y Decano - El Sitio del Pueblo","og_description":"\u00abCabeza M\u00e1gica\u00bb es un documental sobre la vida del ecuatoriano Alberto Spencer que se estrenar\u00e1 en julio de 2012. Con im\u00e1genes de su pasado, entrevistas y relatos, esta cr\u00f3nica muestra la grandeza del m\u00e1ximo goleador de la Copa Libertadores de Am\u00e9rica. Este documental mostrar\u00e1 diferentes aspectos de su vida: desde una entrevista entre \u00e9l y [&hellip;]","og_url":"https:\/\/www.padreydecano.com\/cms\/noticias\/cabeza-magica-la-vida-de-alberto-spencer\/","og_site_name":"Padre y Decano - El Sitio del Pueblo","article_published_time":"2012-06-07T20:33:08+00:00","article_modified_time":"2013-08-13T16:01:52+00:00","og_image":[{"url":"http:\/\/www.padreydecano.com\/cms\/wp-content\/uploads\/2012\/06\/Cabeza-Magica-212x300.jpg"}],"author":"fishoapyd","twitter_card":"summary_large_image","twitter_misc":{"Escrito por":"fishoapyd","Tiempo de lectura":"1 minuto"},"schema":{"@context":"https:\/\/schema.org","@graph":[{"@type":"Article","@id":"https:\/\/www.padreydecano.com\/cms\/noticias\/cabeza-magica-la-vida-de-alberto-spencer\/#article","isPartOf":{"@id":"https:\/\/www.padreydecano.com\/cms\/noticias\/cabeza-magica-la-vida-de-alberto-spencer\/"},"author":{"name":"fishoapyd","@id":"https:\/\/www.padreydecano.com\/cms\/#\/schema\/person\/1376f1ec91158cca7aeef6d2109f929d"},"headline":"\u00abCabeza M\u00e1gica\u00bb: la vida de Alberto Spencer","datePublished":"2012-06-07T20:33:08+00:00","dateModified":"2013-08-13T16:01:52+00:00","mainEntityOfPage":{"@id":"https:\/\/www.padreydecano.com\/cms\/noticias\/cabeza-magica-la-vida-de-alberto-spencer\/"},"wordCount":216,"commentCount":9,"publisher":{"@id":"https:\/\/www.padreydecano.com\/cms\/#organization"},"image":{"@id":"https:\/\/www.padreydecano.com\/cms\/noticias\/cabeza-magica-la-vida-de-alberto-spencer\/#primaryimage"},"thumbnailUrl":"http:\/\/www.padreydecano.com\/cms\/wp-content\/uploads\/2012\/06\/Cabeza-Magica-212x300.jpg","articleSection":["Noticias"],"inLanguage":"es","potentialAction":[{"@type":"CommentAction","name":"Comment","target":["https:\/\/www.padreydecano.com\/cms\/noticias\/cabeza-magica-la-vida-de-alberto-spencer\/#respond"]}]},{"@type":"WebPage","@id":"https:\/\/www.padreydecano.com\/cms\/noticias\/cabeza-magica-la-vida-de-alberto-spencer\/","url":"https:\/\/www.padreydecano.com\/cms\/noticias\/cabeza-magica-la-vida-de-alberto-spencer\/","name":"\"Cabeza M\u00e1gica\": la vida de Alberto Spencer - Padre y Decano - El Sitio del Pueblo","isPartOf":{"@id":"https:\/\/www.padreydecano.com\/cms\/#website"},"primaryImageOfPage":{"@id":"https:\/\/www.padreydecano.com\/cms\/noticias\/cabeza-magica-la-vida-de-alberto-spencer\/#primaryimage"},"image":{"@id":"https:\/\/www.padreydecano.com\/cms\/noticias\/cabeza-magica-la-vida-de-alberto-spencer\/#primaryimage"},"thumbnailUrl":"http:\/\/www.padreydecano.com\/cms\/wp-content\/uploads\/2012\/06\/Cabeza-Magica-212x300.jpg","datePublished":"2012-06-07T20:33:08+00:00","dateModified":"2013-08-13T16:01:52+00:00","breadcrumb":{"@id":"https:\/\/www.padreydecano.com\/cms\/noticias\/cabeza-magica-la-vida-de-alberto-spencer\/#breadcrumb"},"inLanguage":"es","potentialAction":[{"@type":"ReadAction","target":["https:\/\/www.padreydecano.com\/cms\/noticias\/cabeza-magica-la-vida-de-alberto-spencer\/"]}]},{"@type":"ImageObject","inLanguage":"es","@id":"https:\/\/www.padreydecano.com\/cms\/noticias\/cabeza-magica-la-vida-de-alberto-spencer\/#primaryimage","url":"http:\/\/www.padreydecano.com\/cms\/wp-content\/uploads\/2012\/06\/Cabeza-Magica-212x300.jpg","contentUrl":"http:\/\/www.padreydecano.com\/cms\/wp-content\/uploads\/2012\/06\/Cabeza-Magica-212x300.jpg"},{"@type":"BreadcrumbList","@id":"https:\/\/www.padreydecano.com\/cms\/noticias\/cabeza-magica-la-vida-de-alberto-spencer\/#breadcrumb","itemListElement":[{"@type":"ListItem","position":1,"name":"Portada","item":"https:\/\/www.padreydecano.com\/cms\/"},{"@type":"ListItem","position":2,"name":"\u00abCabeza M\u00e1gica\u00bb: la vida de Alberto Spencer"}]},{"@type":"WebSite","@id":"https:\/\/www.padreydecano.com\/cms\/#website","url":"https:\/\/www.padreydecano.com\/cms\/","name":"Padre y Decano - El Sitio del Pueblo","description":"Club Atl\u00e9tico Pe\u00f1arol","publisher":{"@id":"https:\/\/www.padreydecano.com\/cms\/#organization"},"potentialAction":[{"@type":"SearchAction","target":{"@type":"EntryPoint","urlTemplate":"https:\/\/www.padreydecano.com\/cms\/?s={search_term_string}"},"query-input":"required name=search_term_string"}],"inLanguage":"es"},{"@type":"Organization","@id":"https:\/\/www.padreydecano.com\/cms\/#organization","name":"Padre y Decano","url":"https:\/\/www.padreydecano.com\/cms\/","logo":{"@type":"ImageObject","inLanguage":"es","@id":"https:\/\/www.padreydecano.com\/cms\/#\/schema\/logo\/image\/","url":"https:\/\/www.padreydecano.com\/cms\/wp-content\/uploads\/2022\/01\/avatar-square.png","contentUrl":"https:\/\/www.padreydecano.com\/cms\/wp-content\/uploads\/2022\/01\/avatar-square.png","width":1500,"height":1500,"caption":"Padre y Decano"},"image":{"@id":"https:\/\/www.padreydecano.com\/cms\/#\/schema\/logo\/image\/"}},{"@type":"Person","@id":"https:\/\/www.padreydecano.com\/cms\/#\/schema\/person\/1376f1ec91158cca7aeef6d2109f929d","name":"fishoapyd","image":{"@type":"ImageObject","inLanguage":"es","@id":"https:\/\/www.padreydecano.com\/cms\/#\/schema\/person\/image\/","url":"https:\/\/www.padreydecano.com\/cms\/wp-content\/uploads\/2022\/12\/avatar-square-1.png","contentUrl":"https:\/\/www.padreydecano.com\/cms\/wp-content\/uploads\/2022\/12\/avatar-square-1.png","caption":"fishoapyd"},"sameAs":["http:\/\/www.padreydecano.com"]}]}},"_links":{"self":[{"href":"https:\/\/www.padreydecano.com\/cms\/wp-json\/wp\/v2\/posts\/24664"}],"collection":[{"href":"https:\/\/www.padreydecano.com\/cms\/wp-json\/wp\/v2\/posts"}],"about":[{"href":"https:\/\/www.padreydecano.com\/cms\/wp-json\/wp\/v2\/types\/post"}],"author":[{"embeddable":true,"href":"https:\/\/www.padreydecano.com\/cms\/wp-json\/wp\/v2\/users\/10"}],"replies":[{"embeddable":true,"href":"https:\/\/www.padreydecano.com\/cms\/wp-json\/wp\/v2\/comments?post=24664"}],"version-history":[{"count":0,"href":"https:\/\/www.padreydecano.com\/cms\/wp-json\/wp\/v2\/posts\/24664\/revisions"}],"wp:attachment":[{"href":"https:\/\/www.padreydecano.com\/cms\/wp-json\/wp\/v2\/media?parent=24664"}],"wp:term":[{"taxonomy":"category","embeddable":true,"href":"https:\/\/www.padreydecano.com\/cms\/wp-json\/wp\/v2\/categories?post=24664"},{"taxonomy":"post_tag","embeddable":true,"href":"https:\/\/www.padreydecano.com\/cms\/wp-json\/wp\/v2\/tags?post=24664"}],"curies":[{"name":"wp","href":"https:\/\/api.w.org\/{rel}","templated":true}]}}