{"id":24358,"date":"2012-06-04T08:11:43","date_gmt":"2012-06-04T11:11:43","guid":{"rendered":"http:\/\/www.padreydecano.com\/cms\/?p=24358"},"modified":"2012-07-05T17:00:10","modified_gmt":"2012-07-05T20:00:10","slug":"el-siglo-xxi","status":"publish","type":"post","link":"https:\/\/www.padreydecano.com\/cms\/editoriales\/el-siglo-xxi\/","title":{"rendered":"El Siglo XXI"},"content":{"rendered":"<p style=\"text-align: justify;\"><a href=\"https:\/\/www.padreydecano.com\/cms\/wp-content\/uploads\/2012\/06\/2003.jpg\" rel=\"shadowbox[sbpost-24358];player=img;\"><img loading=\"lazy\" decoding=\"async\" class=\"alignleft  wp-image-24565\" src=\"https:\/\/www.padreydecano.com\/cms\/wp-content\/uploads\/2012\/06\/2003-300x236.jpg\" alt=\"\" width=\"210\" height=\"165\" srcset=\"https:\/\/www.padreydecano.com\/cms\/wp-content\/uploads\/2012\/06\/2003-300x236.jpg 300w, https:\/\/www.padreydecano.com\/cms\/wp-content\/uploads\/2012\/06\/2003.jpg 450w\" sizes=\"(max-width: 210px) 100vw, 210px\" \/><\/a>No descubrimos nada si decimos que el siglo XXI ha sido negativo para Pe\u00f1arol en materia deportiva. Desde el 2000 hasta la fecha hemos obtenido apenas 2 campeonatos uruguayos y alg\u00fan que otro Clausura o Liguilla. Sin embargo, hay n\u00fameros que llaman poderosamente la atenci\u00f3n y los queremos compartir con ustedes. Para hacer el an\u00e1lisis, adem\u00e1s de estudiar desde el a\u00f1o 2000 hasta la fecha, partiremos lo que va disputado del siglo en dos campeonatos imaginarios, uno del 2000 al 2005\/06 y el otro del 2006\/07 hasta el 2011\/12.<\/p>\n<div id=\"attachment_24562\" style=\"width: 145px\" class=\"wp-caption alignright\"><a href=\"https:\/\/www.padreydecano.com\/cms\/wp-content\/uploads\/2012\/06\/tabla-general.png\" rel=\"shadowbox[sbpost-24358];player=img;\"><img loading=\"lazy\" decoding=\"async\" aria-describedby=\"caption-attachment-24562\" class=\"size-full wp-image-24562\" src=\"https:\/\/www.padreydecano.com\/cms\/wp-content\/uploads\/2012\/06\/tabla-general.png\" alt=\"\" width=\"135\" height=\"88\" \/><\/a><p id=\"caption-attachment-24562\" class=\"wp-caption-text\">Puntos acumulados desde el 2000<\/p><\/div>\n<p style=\"text-align: justify;\">En esa Tabla General desde la Temporada 2000 hasta la fecha, el tradicional rival la encabeza con 723 puntos. Lejos, aparece Defensor con 677 y nosotros con 675. La cuarta posici\u00f3n es para Danubio con 612.<\/p>\n<p style=\"text-align: justify;\">En la primera tabla imaginaria, que va desde el 2000 hasta el Uruguayo 2005\/06, el tradicional rival fue quien cosech\u00f3 m\u00e1s puntos, con 375, seguido por nosotros con 326, Defensor con 322 y Danubio con 321. Los resultados est\u00e1n a la vista, nosotros en ese per\u00edodo conseguimos apenas un campeonato uruguayo mientras que el tradicional rival obtuvo cinco y Danubio uno.<\/p>\n<p style=\"text-align: justify;\">En la segunda tabla imaginaria, que va desde la Temporada 2006\/2007 hasta la 2011\/2012, Defensor est\u00e1 primero con 355 puntos, seguidos por nosotros con 349 puntos, el tradicional rival con 348 puntos y Danubio con 270. En esas 6 temporadas apenas ganamos 1 campeonato uruguayo, pero esa cercan\u00eda de puntos sobre Defensor se puede explicar con que salimos segundos en dos de esos campeonatos uruguayos, y en el \u00faltimo, peleamos ambos torneos cortos pr\u00e1cticamente hasta el final.<\/p>\n<div id=\"attachment_24359\" style=\"width: 163px\" class=\"wp-caption alignleft\"><a href=\"https:\/\/www.padreydecano.com\/cms\/wp-content\/uploads\/2012\/05\/clasicos-2000.png\" rel=\"shadowbox[sbpost-24358];player=img;\"><img loading=\"lazy\" decoding=\"async\" aria-describedby=\"caption-attachment-24359\" class=\"wp-image-24359 \" src=\"https:\/\/www.padreydecano.com\/cms\/wp-content\/uploads\/2012\/05\/clasicos-2000-218x300.png\" alt=\"\" width=\"153\" height=\"210\" srcset=\"https:\/\/www.padreydecano.com\/cms\/wp-content\/uploads\/2012\/05\/clasicos-2000-218x300.png 218w, https:\/\/www.padreydecano.com\/cms\/wp-content\/uploads\/2012\/05\/clasicos-2000.png 223w\" sizes=\"(max-width: 153px) 100vw, 153px\" \/><\/a><p id=\"caption-attachment-24359\" class=\"wp-caption-text\">Cantidad de cl\u00e1sicos desde el 2000<\/p><\/div>\n<p style=\"text-align: justify;\">En materia de cl\u00e1sicos, los n\u00fameros son contundentes. Desde el 2000 hasta la fecha apenas ganamos 12, empatamos 16 y perdimos 22. Como dato interesante, el tradicional rival todos los a\u00f1os gan\u00f3 por lo menos un cl\u00e1sico, mientras que nosotros en el 2000, 2005, 2009 y 2012 no ganamos ni siquiera uno.<\/p>\n<div id=\"attachment_24561\" style=\"width: 165px\" class=\"wp-caption alignright\"><a href=\"https:\/\/www.padreydecano.com\/cms\/wp-content\/uploads\/2012\/06\/defensor-danubio.png\" rel=\"shadowbox[sbpost-24358];player=img;\"><img loading=\"lazy\" decoding=\"async\" aria-describedby=\"caption-attachment-24561\" class=\" wp-image-24561\" src=\"https:\/\/www.padreydecano.com\/cms\/wp-content\/uploads\/2012\/06\/defensor-danubio-221x300.png\" alt=\"\" width=\"155\" height=\"210\" srcset=\"https:\/\/www.padreydecano.com\/cms\/wp-content\/uploads\/2012\/06\/defensor-danubio-221x300.png 221w, https:\/\/www.padreydecano.com\/cms\/wp-content\/uploads\/2012\/06\/defensor-danubio.png 227w\" sizes=\"(max-width: 155px) 100vw, 155px\" \/><\/a><p id=\"caption-attachment-24561\" class=\"wp-caption-text\">Enfrentamientos ante Defensor y Danubio desde el 2000<\/p><\/div>\n<p style=\"text-align: justify;\">En los \u00faltimos a\u00f1os Defensor y Danubio han crecido notoriamente futbol\u00edsticamente y ya no son considerados equipos chicos. Parte de la explicaci\u00f3n de que hemos sumado varios puntos pero no hemos campeonado es que hemos perdido puntos vitales ante ellos. En ese campeonato imaginario del 2006\/2007 hasta la fecha, hemos jugado 31 partidos ante los violetas y franjeados con 11 victorias, 7 empates y 13 derrotas. En la otra tabla imaginaria, del 2000 hasta 2005\/2006 los n\u00fameros son m\u00e1s alentadores: 17 victorias, 13 empates y apenas 8 derrotas. En conclusi\u00f3n, hemos disputado 69 partidos con 28 victorias, 20 empates y 21 derrotas.<\/p>\n<ul style=\"text-align: justify;\">\n<li>En el 2002 ganamos todos los partidos que jugamos contra Danubio y Defensor<\/li>\n<li>En el 2005\/2006 sufrimos la derrota m\u00e1s dura: 7 a 2 ante Danubio<\/li>\n<li>En el 2006\/2007 perdimos un partido clave (como una final del Apertura) ante Danubio por 4 a 1, y perdimos por penales la final del Clausura tambi\u00e9n ante Danubio<\/li>\n<li>En el 2007\/2008 disputamos 2 finales ante Defensor, perdiendo la primera y empatando la segunda<\/li>\n<\/ul>\n<p style=\"text-align: justify;\">Otros n\u00fameros a tener en cuenta. En el Clausura 2009 Defensor fue el campe\u00f3n y lo pele\u00f3 junto a River Plate. Nosotros perdimos 2 a 0 ante los darseneros. En el Apertura 2005, el campe\u00f3n fue Rocha y si bien lo enfrentamos en la \u00faltima fecha y con el equipo del interior ya campe\u00f3n, tampoco le pudimos ganar y empatamos 4 a 4. En el Apertura 2007, si bien Defensor fue el campe\u00f3n, el equipo revelaci\u00f3n era el Rampla Juniors del \u201cRonco\u201d L\u00f3pez. Si bien el torneo ya estaba definido para los violetas, perdimos 3 a 2 contra los picapiedras; nuevamente no le ganamos a un equipo que pele\u00f3 el torneo. En el Clausura 2012, Liverpool lo pele\u00f3 hasta el final, y ca\u00edmos 1 a 0 cuando lo enfrentamos. Esto refleja que en varias ocasiones tampoco pudimos derrotar a los cuadros chicos que pelearon los torneos.<\/p>\n<p style=\"text-align: justify;\">Los n\u00fameros hablan por s\u00ed mismos. La gesti\u00f3n de Pe\u00f1arol en lo que va del siglo no ha sido buena: dos campeonatos uruguayos. Danubio y Defensor han crecido considerablemente y han sido rivales duros de vencer. Danubio en este per\u00edodo de tiempo tambi\u00e9n obtuvo dos campeonatos uruguayos y tanto los franjeados como los violetas han aparecido permanentemente en la discusi\u00f3n de los torneos cortos.<\/p>\n<div>\n<p>[spoiler show=\u00bb<strong>Enfrentamientos ante Defensor Sporting y Danubio desde el 2000<\/strong>\u00bb hide=\u00bbOcultar\u00bb]<span style=\"color: #ffcc02;\"><strong>2000<\/strong><\/span><\/p>\n<ul>\n<li>Pe\u00f1arol 2 Danubio 1<\/li>\n<li>Pe\u00f1arol 1 Defensor 4<\/li>\n<li>Pe\u00f1arol 1 Danubio 0<\/li>\n<li>Pe\u00f1arol 0 Defensor 0<\/li>\n<li>Pe\u00f1arol 2 Defensor 2 (Liguilla)<\/li>\n<li>Pe\u00f1arol 1 Danubio 1 (Liguilla)<\/li>\n<\/ul>\n<p><strong><span style=\"color: #ffcc02;\">2001<\/span><\/strong><\/p>\n<ul>\n<li>Pe\u00f1arol 2 Danubio 2<\/li>\n<li>Pe\u00f1arol 3 Defensor 1<\/li>\n<li>Pe\u00f1arol 2 Defensor 2<\/li>\n<li>Pe\u00f1arol 3 Danubio 2<\/li>\n<li>Pe\u00f1arol 3 Defensor 2<\/li>\n<li>Pe\u00f1arol 1 Danubio 2<\/li>\n<\/ul>\n<p><span style=\"color: #ffcc02;\"><strong>2002<\/strong><\/span><\/p>\n<ul>\n<li>Pe\u00f1arol 2 Danubio 1<\/li>\n<li>Pe\u00f1arol 2 Defensor 1<\/li>\n<li>Pe\u00f1arol 3 Defensor 2<\/li>\n<li>Pe\u00f1arol 3 Danubio 1<\/li>\n<li>Pe\u00f1arol 3 Defensor 2<\/li>\n<li>Pe\u00f1arol 3 Danubio 1<\/li>\n<\/ul>\n<p><span style=\"color: #ffcc02;\"><strong>2003<\/strong><\/span><\/p>\n<ul>\n<li>Pe\u00f1arol 2 Defensor 1<\/li>\n<li>Pe\u00f1arol 2 Danubio 3<\/li>\n<li>Pe\u00f1arol 2 Defensor 0<\/li>\n<li>Pe\u00f1arol 0 Danubio 0<\/li>\n<\/ul>\n<p><span style=\"color: #ffcc02;\"><strong>2004<\/strong><\/span><\/p>\n<ul>\n<li>Pe\u00f1arol 1 Defensor 1<\/li>\n<li>Pe\u00f1arol 0 Danubio 2<\/li>\n<li>Pe\u00f1arol 2 Danubio 1 (Copa Sudamericana)<\/li>\n<li>Pe\u00f1arol 1 Danubio 1 (Copa Sudamericana)<\/li>\n<li>Pe\u00f1arol 1 Defensor 2<\/li>\n<li>Pe\u00f1arol 0 Danubio 2<\/li>\n<li>Pe\u00f1arol 1 Defensor 1<\/li>\n<li>Pe\u00f1arol 1 Danubio 5<\/li>\n<\/ul>\n<p><span style=\"color: #ffcc02;\"><strong>2005<\/strong><\/span><\/p>\n<ul>\n<li>Pe\u00f1arol 2 Defensor 1 (Liguilla 2004)<\/li>\n<li>Pe\u00f1arol 2 Defensor 2 (Liguilla 2004)<\/li>\n<li>Pe\u00f1arol 1 Defensor 1<\/li>\n<li>Pe\u00f1arol 2 Danubio 1<\/li>\n<\/ul>\n<p><span style=\"color: #ffcc02;\"><strong>2005-2006<\/strong><\/span><\/p>\n<ul>\n<li>Pe\u00f1arol 1 Defensor 1<\/li>\n<li>Pe\u00f1arol 2 Danubio 7<\/li>\n<li>Pe\u00f1arol 1 Defensor 1<\/li>\n<li>Pe\u00f1arol 1 Danubio 0<\/li>\n<\/ul>\n<p><span style=\"color: #ffcc02;\"><strong>2006-2007<\/strong><\/span><\/p>\n<ul>\n<li>Pe\u00f1arol 0 Defensor 1<\/li>\n<li>Pe\u00f1arol 1 Danubio 4<\/li>\n<li>Pe\u00f1arol 2 Defensor 2<\/li>\n<li>Pe\u00f1arol 1 Danubio 0<\/li>\n<li>Pe\u00f1arol 1 Danubio 1 (Final Clausura)<\/li>\n<li>Pe\u00f1arol 0 Danubio 1 (Liguilla)<\/li>\n<li>Pe\u00f1arol 0 Defensor 1 (Liguilla)<\/li>\n<\/ul>\n<p><span style=\"color: #ffcc02;\"><strong>2007-2008<\/strong><\/span><\/p>\n<ul>\n<li>Pe\u00f1arol 1 Danubio 3<\/li>\n<li>Pe\u00f1arol 0 Defensor 2<\/li>\n<li>Pe\u00f1arol 2 Danubio 1<\/li>\n<li>Pe\u00f1arol 1 Defensor 0<\/li>\n<li>Pe\u00f1arol 1 Defensor 2 (Finales)<\/li>\n<li>Pe\u00f1arol 0 Defensor 0 (Finales)<\/li>\n<li>Pe\u00f1arol 2 Danubio 0 (Liguilla)<\/li>\n<li>Pe\u00f1arol 0 Defensor 3 (Liguilla)<\/li>\n<\/ul>\n<p><span style=\"color: #ffcc02;\"><strong>2008-2009<\/strong><\/span><\/p>\n<ul>\n<li>Pe\u00f1arol 0 Defensor 0<\/li>\n<li>Pe\u00f1arol 1 Danubio 2<\/li>\n<li>Pe\u00f1arol 0 Defensor 1<\/li>\n<li>Pe\u00f1arol 3 Danubio 1<\/li>\n<\/ul>\n<p><span style=\"color: #ffcc02;\"><strong>2009-2010<\/strong><\/span><\/p>\n<ul>\n<li>Pe\u00f1arol 1 Defensor 1<\/li>\n<li>Pe\u00f1arol 2 Danubio 3<\/li>\n<li>Danubio 1 Pe\u00f1arol 2<\/li>\n<li>Pe\u00f1arol 3 Defensor 2<\/li>\n<\/ul>\n<p><span style=\"color: #ffcc02;\"><strong>2010-2011<\/strong><\/span><\/p>\n<ul>\n<li>Pe\u00f1arol 1 Danubio 0<\/li>\n<li>Pe\u00f1arol 0 Defensor 1<\/li>\n<li>Pe\u00f1arol 1 Danubio 0<\/li>\n<li>Pe\u00f1arol 1 Defensor 1<\/li>\n<\/ul>\n<p><span style=\"color: #ffcc02;\"><strong>2011-2012<\/strong><\/span><\/p>\n<ul>\n<li>Pe\u00f1arol 1 Defensor 0<\/li>\n<li>Pe\u00f1arol 2 Danubio 1<\/li>\n<li>Defensor 0 Pe\u00f1arol 0<\/li>\n<li>Danubio 3 Pe\u00f1arol 2<\/li>\n<\/ul>\n<p>[\/spoiler]<\/p>\n<\/div>\n","protected":false},"excerpt":{"rendered":"<p>No descubrimos nada si decimos que el siglo XXI ha sido negativo para Pe\u00f1arol en materia deportiva. Desde el 2000 hasta la fecha hemos obtenido apenas 2 campeonatos uruguayos y alg\u00fan que otro Clausura o Liguilla. Sin embargo, hay n\u00fameros que llaman poderosamente la atenci\u00f3n y los queremos compartir con ustedes. Para hacer el an\u00e1lisis, [&hellip;]<\/p>\n","protected":false},"author":13,"featured_media":24564,"comment_status":"open","ping_status":"closed","sticky":false,"template":"","format":"standard","meta":{"footnotes":""},"categories":[43],"tags":[100],"yoast_head":"<!-- This site is optimized with the Yoast SEO plugin v23.2 - https:\/\/yoast.com\/wordpress\/plugins\/seo\/ -->\n<title>El Siglo XXI - Padre y Decano - El Sitio del Pueblo<\/title>\n<meta name=\"robots\" content=\"index, follow, max-snippet:-1, max-image-preview:large, max-video-preview:-1\" \/>\n<link rel=\"canonical\" href=\"https:\/\/www.padreydecano.com\/cms\/editoriales\/el-siglo-xxi\/\" \/>\n<meta property=\"og:locale\" content=\"es_ES\" \/>\n<meta property=\"og:type\" content=\"article\" \/>\n<meta property=\"og:title\" content=\"El Siglo XXI - Padre y Decano - El Sitio del Pueblo\" \/>\n<meta property=\"og:description\" content=\"No descubrimos nada si decimos que el siglo XXI ha sido negativo para Pe\u00f1arol en materia deportiva. Desde el 2000 hasta la fecha hemos obtenido apenas 2 campeonatos uruguayos y alg\u00fan que otro Clausura o Liguilla. Sin embargo, hay n\u00fameros que llaman poderosamente la atenci\u00f3n y los queremos compartir con ustedes. Para hacer el an\u00e1lisis, [&hellip;]\" \/>\n<meta property=\"og:url\" content=\"https:\/\/www.padreydecano.com\/cms\/editoriales\/el-siglo-xxi\/\" \/>\n<meta property=\"og:site_name\" content=\"Padre y Decano - El Sitio del Pueblo\" \/>\n<meta property=\"article:published_time\" content=\"2012-06-04T11:11:43+00:00\" \/>\n<meta property=\"article:modified_time\" content=\"2012-07-05T20:00:10+00:00\" \/>\n<meta property=\"og:image\" content=\"https:\/\/www.padreydecano.com\/cms\/wp-content\/uploads\/2012\/06\/chilavert-2003.jpg\" \/>\n\t<meta property=\"og:image:width\" content=\"200\" \/>\n\t<meta property=\"og:image:height\" content=\"131\" \/>\n\t<meta property=\"og:image:type\" content=\"image\/jpeg\" \/>\n<meta name=\"author\" content=\"Moderador\" \/>\n<meta name=\"twitter:card\" content=\"summary_large_image\" \/>\n<meta name=\"twitter:label1\" content=\"Escrito por\" \/>\n\t<meta name=\"twitter:data1\" content=\"Moderador\" \/>\n\t<meta name=\"twitter:label2\" content=\"Tiempo de lectura\" \/>\n\t<meta name=\"twitter:data2\" content=\"5 minutos\" \/>\n<script type=\"application\/ld+json\" class=\"yoast-schema-graph\">{\"@context\":\"https:\/\/schema.org\",\"@graph\":[{\"@type\":\"Article\",\"@id\":\"https:\/\/www.padreydecano.com\/cms\/editoriales\/el-siglo-xxi\/#article\",\"isPartOf\":{\"@id\":\"https:\/\/www.padreydecano.com\/cms\/editoriales\/el-siglo-xxi\/\"},\"author\":{\"name\":\"Moderador\",\"@id\":\"https:\/\/www.padreydecano.com\/cms\/#\/schema\/person\/d93e9e537230ae052c194251d9a1def2\"},\"headline\":\"El Siglo XXI\",\"datePublished\":\"2012-06-04T11:11:43+00:00\",\"dateModified\":\"2012-07-05T20:00:10+00:00\",\"mainEntityOfPage\":{\"@id\":\"https:\/\/www.padreydecano.com\/cms\/editoriales\/el-siglo-xxi\/\"},\"wordCount\":951,\"commentCount\":19,\"publisher\":{\"@id\":\"https:\/\/www.padreydecano.com\/cms\/#organization\"},\"image\":{\"@id\":\"https:\/\/www.padreydecano.com\/cms\/editoriales\/el-siglo-xxi\/#primaryimage\"},\"thumbnailUrl\":\"https:\/\/www.padreydecano.com\/cms\/wp-content\/uploads\/2012\/06\/chilavert-2003.jpg\",\"keywords\":[\"Estad\u00edsticas\"],\"articleSection\":[\"Editoriales\"],\"inLanguage\":\"es\",\"potentialAction\":[{\"@type\":\"CommentAction\",\"name\":\"Comment\",\"target\":[\"https:\/\/www.padreydecano.com\/cms\/editoriales\/el-siglo-xxi\/#respond\"]}]},{\"@type\":\"WebPage\",\"@id\":\"https:\/\/www.padreydecano.com\/cms\/editoriales\/el-siglo-xxi\/\",\"url\":\"https:\/\/www.padreydecano.com\/cms\/editoriales\/el-siglo-xxi\/\",\"name\":\"El Siglo XXI - Padre y Decano - El Sitio del Pueblo\",\"isPartOf\":{\"@id\":\"https:\/\/www.padreydecano.com\/cms\/#website\"},\"primaryImageOfPage\":{\"@id\":\"https:\/\/www.padreydecano.com\/cms\/editoriales\/el-siglo-xxi\/#primaryimage\"},\"image\":{\"@id\":\"https:\/\/www.padreydecano.com\/cms\/editoriales\/el-siglo-xxi\/#primaryimage\"},\"thumbnailUrl\":\"https:\/\/www.padreydecano.com\/cms\/wp-content\/uploads\/2012\/06\/chilavert-2003.jpg\",\"datePublished\":\"2012-06-04T11:11:43+00:00\",\"dateModified\":\"2012-07-05T20:00:10+00:00\",\"breadcrumb\":{\"@id\":\"https:\/\/www.padreydecano.com\/cms\/editoriales\/el-siglo-xxi\/#breadcrumb\"},\"inLanguage\":\"es\",\"potentialAction\":[{\"@type\":\"ReadAction\",\"target\":[\"https:\/\/www.padreydecano.com\/cms\/editoriales\/el-siglo-xxi\/\"]}]},{\"@type\":\"ImageObject\",\"inLanguage\":\"es\",\"@id\":\"https:\/\/www.padreydecano.com\/cms\/editoriales\/el-siglo-xxi\/#primaryimage\",\"url\":\"https:\/\/www.padreydecano.com\/cms\/wp-content\/uploads\/2012\/06\/chilavert-2003.jpg\",\"contentUrl\":\"https:\/\/www.padreydecano.com\/cms\/wp-content\/uploads\/2012\/06\/chilavert-2003.jpg\",\"width\":\"200\",\"height\":\"131\"},{\"@type\":\"BreadcrumbList\",\"@id\":\"https:\/\/www.padreydecano.com\/cms\/editoriales\/el-siglo-xxi\/#breadcrumb\",\"itemListElement\":[{\"@type\":\"ListItem\",\"position\":1,\"name\":\"Portada\",\"item\":\"https:\/\/www.padreydecano.com\/cms\/\"},{\"@type\":\"ListItem\",\"position\":2,\"name\":\"El Siglo XXI\"}]},{\"@type\":\"WebSite\",\"@id\":\"https:\/\/www.padreydecano.com\/cms\/#website\",\"url\":\"https:\/\/www.padreydecano.com\/cms\/\",\"name\":\"Padre y Decano - El Sitio del Pueblo\",\"description\":\"Club Atl\u00e9tico Pe\u00f1arol\",\"publisher\":{\"@id\":\"https:\/\/www.padreydecano.com\/cms\/#organization\"},\"potentialAction\":[{\"@type\":\"SearchAction\",\"target\":{\"@type\":\"EntryPoint\",\"urlTemplate\":\"https:\/\/www.padreydecano.com\/cms\/?s={search_term_string}\"},\"query-input\":\"required name=search_term_string\"}],\"inLanguage\":\"es\"},{\"@type\":\"Organization\",\"@id\":\"https:\/\/www.padreydecano.com\/cms\/#organization\",\"name\":\"Padre y Decano\",\"url\":\"https:\/\/www.padreydecano.com\/cms\/\",\"logo\":{\"@type\":\"ImageObject\",\"inLanguage\":\"es\",\"@id\":\"https:\/\/www.padreydecano.com\/cms\/#\/schema\/logo\/image\/\",\"url\":\"https:\/\/www.padreydecano.com\/cms\/wp-content\/uploads\/2022\/01\/avatar-square.png\",\"contentUrl\":\"https:\/\/www.padreydecano.com\/cms\/wp-content\/uploads\/2022\/01\/avatar-square.png\",\"width\":1500,\"height\":1500,\"caption\":\"Padre y Decano\"},\"image\":{\"@id\":\"https:\/\/www.padreydecano.com\/cms\/#\/schema\/logo\/image\/\"}},{\"@type\":\"Person\",\"@id\":\"https:\/\/www.padreydecano.com\/cms\/#\/schema\/person\/d93e9e537230ae052c194251d9a1def2\",\"name\":\"Moderador\",\"image\":{\"@type\":\"ImageObject\",\"inLanguage\":\"es\",\"@id\":\"https:\/\/www.padreydecano.com\/cms\/#\/schema\/person\/image\/\",\"url\":\"https:\/\/secure.gravatar.com\/avatar\/2587727bf8a53bd3da4ec49f01bea66e?s=96&d=https%3A%2F%2Fpadreydecano.com%2Fcms%2Fwp-content%2Fthemes%2Fpyd-theme%2Fimg%2Fdefault-avatar.png&r=g\",\"contentUrl\":\"https:\/\/secure.gravatar.com\/avatar\/2587727bf8a53bd3da4ec49f01bea66e?s=96&d=https%3A%2F%2Fpadreydecano.com%2Fcms%2Fwp-content%2Fthemes%2Fpyd-theme%2Fimg%2Fdefault-avatar.png&r=g\",\"caption\":\"Moderador\"}}]}<\/script>\n<!-- \/ Yoast SEO plugin. -->","yoast_head_json":{"title":"El Siglo XXI - Padre y Decano - El Sitio del Pueblo","robots":{"index":"index","follow":"follow","max-snippet":"max-snippet:-1","max-image-preview":"max-image-preview:large","max-video-preview":"max-video-preview:-1"},"canonical":"https:\/\/www.padreydecano.com\/cms\/editoriales\/el-siglo-xxi\/","og_locale":"es_ES","og_type":"article","og_title":"El Siglo XXI - Padre y Decano - El Sitio del Pueblo","og_description":"No descubrimos nada si decimos que el siglo XXI ha sido negativo para Pe\u00f1arol en materia deportiva. Desde el 2000 hasta la fecha hemos obtenido apenas 2 campeonatos uruguayos y alg\u00fan que otro Clausura o Liguilla. Sin embargo, hay n\u00fameros que llaman poderosamente la atenci\u00f3n y los queremos compartir con ustedes. Para hacer el an\u00e1lisis, [&hellip;]","og_url":"https:\/\/www.padreydecano.com\/cms\/editoriales\/el-siglo-xxi\/","og_site_name":"Padre y Decano - El Sitio del Pueblo","article_published_time":"2012-06-04T11:11:43+00:00","article_modified_time":"2012-07-05T20:00:10+00:00","og_image":[{"width":200,"height":131,"url":"https:\/\/www.padreydecano.com\/cms\/wp-content\/uploads\/2012\/06\/chilavert-2003.jpg","type":"image\/jpeg"}],"author":"Moderador","twitter_card":"summary_large_image","twitter_misc":{"Escrito por":"Moderador","Tiempo de lectura":"5 minutos"},"schema":{"@context":"https:\/\/schema.org","@graph":[{"@type":"Article","@id":"https:\/\/www.padreydecano.com\/cms\/editoriales\/el-siglo-xxi\/#article","isPartOf":{"@id":"https:\/\/www.padreydecano.com\/cms\/editoriales\/el-siglo-xxi\/"},"author":{"name":"Moderador","@id":"https:\/\/www.padreydecano.com\/cms\/#\/schema\/person\/d93e9e537230ae052c194251d9a1def2"},"headline":"El Siglo XXI","datePublished":"2012-06-04T11:11:43+00:00","dateModified":"2012-07-05T20:00:10+00:00","mainEntityOfPage":{"@id":"https:\/\/www.padreydecano.com\/cms\/editoriales\/el-siglo-xxi\/"},"wordCount":951,"commentCount":19,"publisher":{"@id":"https:\/\/www.padreydecano.com\/cms\/#organization"},"image":{"@id":"https:\/\/www.padreydecano.com\/cms\/editoriales\/el-siglo-xxi\/#primaryimage"},"thumbnailUrl":"https:\/\/www.padreydecano.com\/cms\/wp-content\/uploads\/2012\/06\/chilavert-2003.jpg","keywords":["Estad\u00edsticas"],"articleSection":["Editoriales"],"inLanguage":"es","potentialAction":[{"@type":"CommentAction","name":"Comment","target":["https:\/\/www.padreydecano.com\/cms\/editoriales\/el-siglo-xxi\/#respond"]}]},{"@type":"WebPage","@id":"https:\/\/www.padreydecano.com\/cms\/editoriales\/el-siglo-xxi\/","url":"https:\/\/www.padreydecano.com\/cms\/editoriales\/el-siglo-xxi\/","name":"El Siglo XXI - Padre y Decano - El Sitio del Pueblo","isPartOf":{"@id":"https:\/\/www.padreydecano.com\/cms\/#website"},"primaryImageOfPage":{"@id":"https:\/\/www.padreydecano.com\/cms\/editoriales\/el-siglo-xxi\/#primaryimage"},"image":{"@id":"https:\/\/www.padreydecano.com\/cms\/editoriales\/el-siglo-xxi\/#primaryimage"},"thumbnailUrl":"https:\/\/www.padreydecano.com\/cms\/wp-content\/uploads\/2012\/06\/chilavert-2003.jpg","datePublished":"2012-06-04T11:11:43+00:00","dateModified":"2012-07-05T20:00:10+00:00","breadcrumb":{"@id":"https:\/\/www.padreydecano.com\/cms\/editoriales\/el-siglo-xxi\/#breadcrumb"},"inLanguage":"es","potentialAction":[{"@type":"ReadAction","target":["https:\/\/www.padreydecano.com\/cms\/editoriales\/el-siglo-xxi\/"]}]},{"@type":"ImageObject","inLanguage":"es","@id":"https:\/\/www.padreydecano.com\/cms\/editoriales\/el-siglo-xxi\/#primaryimage","url":"https:\/\/www.padreydecano.com\/cms\/wp-content\/uploads\/2012\/06\/chilavert-2003.jpg","contentUrl":"https:\/\/www.padreydecano.com\/cms\/wp-content\/uploads\/2012\/06\/chilavert-2003.jpg","width":"200","height":"131"},{"@type":"BreadcrumbList","@id":"https:\/\/www.padreydecano.com\/cms\/editoriales\/el-siglo-xxi\/#breadcrumb","itemListElement":[{"@type":"ListItem","position":1,"name":"Portada","item":"https:\/\/www.padreydecano.com\/cms\/"},{"@type":"ListItem","position":2,"name":"El Siglo XXI"}]},{"@type":"WebSite","@id":"https:\/\/www.padreydecano.com\/cms\/#website","url":"https:\/\/www.padreydecano.com\/cms\/","name":"Padre y Decano - El Sitio del Pueblo","description":"Club Atl\u00e9tico Pe\u00f1arol","publisher":{"@id":"https:\/\/www.padreydecano.com\/cms\/#organization"},"potentialAction":[{"@type":"SearchAction","target":{"@type":"EntryPoint","urlTemplate":"https:\/\/www.padreydecano.com\/cms\/?s={search_term_string}"},"query-input":"required name=search_term_string"}],"inLanguage":"es"},{"@type":"Organization","@id":"https:\/\/www.padreydecano.com\/cms\/#organization","name":"Padre y Decano","url":"https:\/\/www.padreydecano.com\/cms\/","logo":{"@type":"ImageObject","inLanguage":"es","@id":"https:\/\/www.padreydecano.com\/cms\/#\/schema\/logo\/image\/","url":"https:\/\/www.padreydecano.com\/cms\/wp-content\/uploads\/2022\/01\/avatar-square.png","contentUrl":"https:\/\/www.padreydecano.com\/cms\/wp-content\/uploads\/2022\/01\/avatar-square.png","width":1500,"height":1500,"caption":"Padre y Decano"},"image":{"@id":"https:\/\/www.padreydecano.com\/cms\/#\/schema\/logo\/image\/"}},{"@type":"Person","@id":"https:\/\/www.padreydecano.com\/cms\/#\/schema\/person\/d93e9e537230ae052c194251d9a1def2","name":"Moderador","image":{"@type":"ImageObject","inLanguage":"es","@id":"https:\/\/www.padreydecano.com\/cms\/#\/schema\/person\/image\/","url":"https:\/\/secure.gravatar.com\/avatar\/2587727bf8a53bd3da4ec49f01bea66e?s=96&d=https%3A%2F%2Fpadreydecano.com%2Fcms%2Fwp-content%2Fthemes%2Fpyd-theme%2Fimg%2Fdefault-avatar.png&r=g","contentUrl":"https:\/\/secure.gravatar.com\/avatar\/2587727bf8a53bd3da4ec49f01bea66e?s=96&d=https%3A%2F%2Fpadreydecano.com%2Fcms%2Fwp-content%2Fthemes%2Fpyd-theme%2Fimg%2Fdefault-avatar.png&r=g","caption":"Moderador"}}]}},"_links":{"self":[{"href":"https:\/\/www.padreydecano.com\/cms\/wp-json\/wp\/v2\/posts\/24358"}],"collection":[{"href":"https:\/\/www.padreydecano.com\/cms\/wp-json\/wp\/v2\/posts"}],"about":[{"href":"https:\/\/www.padreydecano.com\/cms\/wp-json\/wp\/v2\/types\/post"}],"author":[{"embeddable":true,"href":"https:\/\/www.padreydecano.com\/cms\/wp-json\/wp\/v2\/users\/13"}],"replies":[{"embeddable":true,"href":"https:\/\/www.padreydecano.com\/cms\/wp-json\/wp\/v2\/comments?post=24358"}],"version-history":[{"count":0,"href":"https:\/\/www.padreydecano.com\/cms\/wp-json\/wp\/v2\/posts\/24358\/revisions"}],"wp:featuredmedia":[{"embeddable":true,"href":"https:\/\/www.padreydecano.com\/cms\/wp-json\/wp\/v2\/media\/24564"}],"wp:attachment":[{"href":"https:\/\/www.padreydecano.com\/cms\/wp-json\/wp\/v2\/media?parent=24358"}],"wp:term":[{"taxonomy":"category","embeddable":true,"href":"https:\/\/www.padreydecano.com\/cms\/wp-json\/wp\/v2\/categories?post=24358"},{"taxonomy":"post_tag","embeddable":true,"href":"https:\/\/www.padreydecano.com\/cms\/wp-json\/wp\/v2\/tags?post=24358"}],"curies":[{"name":"wp","href":"https:\/\/api.w.org\/{rel}","templated":true}]}}