{"id":24355,"date":"2012-05-30T20:44:31","date_gmt":"2012-05-30T23:44:31","guid":{"rendered":"http:\/\/www.padreydecano.com\/cms\/?p=24355"},"modified":"2012-05-30T21:02:53","modified_gmt":"2012-05-31T00:02:53","slug":"pensando-en-cerrito","status":"publish","type":"post","link":"https:\/\/www.padreydecano.com\/cms\/los-aromos\/pensando-en-cerrito\/","title":{"rendered":"Pensando en Cerrito"},"content":{"rendered":"<p style=\"text-align: justify;\"><img loading=\"lazy\" decoding=\"async\" class=\"alignleft\" src=\"http:\/\/a4.sphotos.ak.fbcdn.net\/hphotos-ak-ash4\/424497_323092837738132_221058467941570_931359_1616601922_n.jpg\" alt=\"\" width=\"250\" height=\"188\" \/>En una ma\u00f1ana muy fr\u00eda, donde el sol apenas asomaba, Pe\u00f1arol entren\u00f3 este mi\u00e9rcoles desde las 09:30 horas en Los Aromos.<\/p>\n<p style=\"text-align: justify;\">Los jugadores de la tercera divisi\u00f3n no estuvieron presentes, ya que esta tarde enfrentaron a Rentistas, gan\u00e1ndole 1 a 0 con gol de <strong>Jonathan Rodr\u00edguez<\/strong>. Otro de los ausentes fue <strong>Dar\u00edo Rodr\u00edguez<\/strong> que en el d\u00eda de ayer fue operado y est\u00e1 realizando reposo en su hogar durante 72 horas.<\/p>\n<p style=\"text-align: justify;\">La jornada comenz\u00f3 con una charla por parte del entrenador <strong>Jorge \u201cEl Polilla\u201d Da Silva<\/strong> y sus colaboradores, luego de la mismo comenz\u00f3 el entrenamiento caracter\u00edstico.<\/p>\n<p style=\"text-align: justify;\">El profesor <strong>Pablo Placeres<\/strong> arm\u00f3 varios circuitos f\u00edsicos con rotaci\u00f3n en cada estaci\u00f3n, mientras que al costado de la cancha y bajo las \u00f3rdenes de Hugo Quevedo y Ladislao Mazurkiewitz entrenaron los goleros <strong>Fabi\u00e1n Carini<\/strong>, <strong>Leandro Gelpi<\/strong> y <strong>Danilo Lerda<\/strong>.<\/p>\n<p style=\"text-align: justify;\">En el otro costado del campo se pod\u00eda observar a <strong>Osvaldo Gim\u00e9nez<\/strong>, <strong>Jorge Da Silva<\/strong>, <strong>Fernando Morena<\/strong> y <strong>Sergio Cabrera<\/strong>, el ayudante t\u00e9cnico del \u201cPolilla\u201d.<\/p>\n<p style=\"text-align: justify;\">Luego del trabajo f\u00edsico se realiz\u00f3 un f\u00fatbol en espacios reducidos donde participaron todos, incluido el entrenador de arqueros, <strong>Hugo Quevedo<\/strong>. Vale destacar la impecable forma f\u00edsica del mismo.<\/p>\n<p style=\"text-align: justify;\">Las premisas m\u00e1s repetidos por \u201cEl Polilla\u201d en el f\u00fatbol reducido fueron la <strong>velocidad<\/strong>, la <strong>movilidad<\/strong> y el <strong>juego continuo<\/strong>. Destacar que <strong>Carlos Valdez<\/strong> entren\u00f3 a la par de sus compa\u00f1eros, y que al final no se operar\u00e1 de su problema en la espalda.<\/p>\n<p style=\"text-align: justify;\"><strong>Fabi\u00e1n Estoyanoff<\/strong> en cambio se mantuvo bajo observaci\u00f3n tras su lesi\u00f3n muscular sufrida el pasado lunes en el encuentro <a title=\"A la Copa Libertadores\" href=\"https:\/\/www.padreydecano.com\/cms\/partidos\/a-la-copa-libertadores\/\">contra Rampla Juniors<\/a>.<\/p>\n<p style=\"text-align: justify;\">Al finalizar la pr\u00e1ctica los jugadores se acercaron a los hinchas que vieron la pr\u00e1ctica a pesar del fr\u00edo. Los jugadores aurinegros firmaron camisetas y se sacaron fotos con los hinchas.<\/p>\n<p style=\"text-align: justify;\">Ma\u00f1ana jueves a puertas cerradas volver\u00e1 a practicar el conjunto cabonero, quedando concentrados los jugadores el mismo d\u00eda.<\/p>\n","protected":false},"excerpt":{"rendered":"<p>En una ma\u00f1ana muy fr\u00eda, donde el sol apenas asomaba, Pe\u00f1arol entren\u00f3 este mi\u00e9rcoles desde las 09:30 horas en Los Aromos. Los jugadores de la tercera divisi\u00f3n no estuvieron presentes, ya que esta tarde enfrentaron a Rentistas, gan\u00e1ndole 1 a 0 con gol de Jonathan Rodr\u00edguez. Otro de los ausentes fue Dar\u00edo Rodr\u00edguez que en [&hellip;]<\/p>\n","protected":false},"author":5,"featured_media":24357,"comment_status":"open","ping_status":"closed","sticky":false,"template":"","format":"standard","meta":{"footnotes":""},"categories":[7],"tags":[],"yoast_head":"<!-- This site is optimized with the Yoast SEO plugin v23.2 - https:\/\/yoast.com\/wordpress\/plugins\/seo\/ -->\n<title>Pensando en Cerrito - Padre y Decano - El Sitio del Pueblo<\/title>\n<meta name=\"robots\" content=\"index, follow, max-snippet:-1, max-image-preview:large, max-video-preview:-1\" \/>\n<link rel=\"canonical\" href=\"https:\/\/www.padreydecano.com\/cms\/los-aromos\/pensando-en-cerrito\/\" \/>\n<meta property=\"og:locale\" content=\"es_ES\" \/>\n<meta property=\"og:type\" content=\"article\" \/>\n<meta property=\"og:title\" content=\"Pensando en Cerrito - Padre y Decano - El Sitio del Pueblo\" \/>\n<meta property=\"og:description\" content=\"En una ma\u00f1ana muy fr\u00eda, donde el sol apenas asomaba, Pe\u00f1arol entren\u00f3 este mi\u00e9rcoles desde las 09:30 horas en Los Aromos. Los jugadores de la tercera divisi\u00f3n no estuvieron presentes, ya que esta tarde enfrentaron a Rentistas, gan\u00e1ndole 1 a 0 con gol de Jonathan Rodr\u00edguez. Otro de los ausentes fue Dar\u00edo Rodr\u00edguez que en [&hellip;]\" \/>\n<meta property=\"og:url\" content=\"https:\/\/www.padreydecano.com\/cms\/los-aromos\/pensando-en-cerrito\/\" \/>\n<meta property=\"og:site_name\" content=\"Padre y Decano - El Sitio del Pueblo\" \/>\n<meta property=\"article:published_time\" content=\"2012-05-30T23:44:31+00:00\" \/>\n<meta property=\"article:modified_time\" content=\"2012-05-31T00:02:53+00:00\" \/>\n<meta property=\"og:image\" content=\"https:\/\/www.padreydecano.com\/cms\/wp-content\/uploads\/2012\/05\/424497_323092837738132_221058467941570_931359_1616601922_n.jpg\" \/>\n\t<meta property=\"og:image:width\" content=\"800\" \/>\n\t<meta property=\"og:image:height\" content=\"600\" \/>\n\t<meta property=\"og:image:type\" content=\"image\/jpeg\" \/>\n<meta name=\"author\" content=\"Emirona07\" \/>\n<meta name=\"twitter:card\" content=\"summary_large_image\" \/>\n<meta name=\"twitter:label1\" content=\"Escrito por\" \/>\n\t<meta name=\"twitter:data1\" content=\"Emirona07\" \/>\n\t<meta name=\"twitter:label2\" content=\"Tiempo de lectura\" \/>\n\t<meta name=\"twitter:data2\" content=\"2 minutos\" \/>\n<script type=\"application\/ld+json\" class=\"yoast-schema-graph\">{\"@context\":\"https:\/\/schema.org\",\"@graph\":[{\"@type\":\"Article\",\"@id\":\"https:\/\/www.padreydecano.com\/cms\/los-aromos\/pensando-en-cerrito\/#article\",\"isPartOf\":{\"@id\":\"https:\/\/www.padreydecano.com\/cms\/los-aromos\/pensando-en-cerrito\/\"},\"author\":{\"name\":\"Emirona07\",\"@id\":\"https:\/\/www.padreydecano.com\/cms\/#\/schema\/person\/51e0214db654d9624824b37c2838bb65\"},\"headline\":\"Pensando en Cerrito\",\"datePublished\":\"2012-05-30T23:44:31+00:00\",\"dateModified\":\"2012-05-31T00:02:53+00:00\",\"mainEntityOfPage\":{\"@id\":\"https:\/\/www.padreydecano.com\/cms\/los-aromos\/pensando-en-cerrito\/\"},\"wordCount\":337,\"commentCount\":3,\"publisher\":{\"@id\":\"https:\/\/www.padreydecano.com\/cms\/#organization\"},\"image\":{\"@id\":\"https:\/\/www.padreydecano.com\/cms\/los-aromos\/pensando-en-cerrito\/#primaryimage\"},\"thumbnailUrl\":\"https:\/\/www.padreydecano.com\/cms\/wp-content\/uploads\/2012\/05\/424497_323092837738132_221058467941570_931359_1616601922_n.jpg\",\"articleSection\":[\"Los Aromos\"],\"inLanguage\":\"es\",\"potentialAction\":[{\"@type\":\"CommentAction\",\"name\":\"Comment\",\"target\":[\"https:\/\/www.padreydecano.com\/cms\/los-aromos\/pensando-en-cerrito\/#respond\"]}]},{\"@type\":\"WebPage\",\"@id\":\"https:\/\/www.padreydecano.com\/cms\/los-aromos\/pensando-en-cerrito\/\",\"url\":\"https:\/\/www.padreydecano.com\/cms\/los-aromos\/pensando-en-cerrito\/\",\"name\":\"Pensando en Cerrito - Padre y Decano - El Sitio del Pueblo\",\"isPartOf\":{\"@id\":\"https:\/\/www.padreydecano.com\/cms\/#website\"},\"primaryImageOfPage\":{\"@id\":\"https:\/\/www.padreydecano.com\/cms\/los-aromos\/pensando-en-cerrito\/#primaryimage\"},\"image\":{\"@id\":\"https:\/\/www.padreydecano.com\/cms\/los-aromos\/pensando-en-cerrito\/#primaryimage\"},\"thumbnailUrl\":\"https:\/\/www.padreydecano.com\/cms\/wp-content\/uploads\/2012\/05\/424497_323092837738132_221058467941570_931359_1616601922_n.jpg\",\"datePublished\":\"2012-05-30T23:44:31+00:00\",\"dateModified\":\"2012-05-31T00:02:53+00:00\",\"breadcrumb\":{\"@id\":\"https:\/\/www.padreydecano.com\/cms\/los-aromos\/pensando-en-cerrito\/#breadcrumb\"},\"inLanguage\":\"es\",\"potentialAction\":[{\"@type\":\"ReadAction\",\"target\":[\"https:\/\/www.padreydecano.com\/cms\/los-aromos\/pensando-en-cerrito\/\"]}]},{\"@type\":\"ImageObject\",\"inLanguage\":\"es\",\"@id\":\"https:\/\/www.padreydecano.com\/cms\/los-aromos\/pensando-en-cerrito\/#primaryimage\",\"url\":\"https:\/\/www.padreydecano.com\/cms\/wp-content\/uploads\/2012\/05\/424497_323092837738132_221058467941570_931359_1616601922_n.jpg\",\"contentUrl\":\"https:\/\/www.padreydecano.com\/cms\/wp-content\/uploads\/2012\/05\/424497_323092837738132_221058467941570_931359_1616601922_n.jpg\",\"width\":\"800\",\"height\":\"600\"},{\"@type\":\"BreadcrumbList\",\"@id\":\"https:\/\/www.padreydecano.com\/cms\/los-aromos\/pensando-en-cerrito\/#breadcrumb\",\"itemListElement\":[{\"@type\":\"ListItem\",\"position\":1,\"name\":\"Portada\",\"item\":\"https:\/\/www.padreydecano.com\/cms\/\"},{\"@type\":\"ListItem\",\"position\":2,\"name\":\"Pensando en Cerrito\"}]},{\"@type\":\"WebSite\",\"@id\":\"https:\/\/www.padreydecano.com\/cms\/#website\",\"url\":\"https:\/\/www.padreydecano.com\/cms\/\",\"name\":\"Padre y Decano - El Sitio del Pueblo\",\"description\":\"Club Atl\u00e9tico Pe\u00f1arol\",\"publisher\":{\"@id\":\"https:\/\/www.padreydecano.com\/cms\/#organization\"},\"potentialAction\":[{\"@type\":\"SearchAction\",\"target\":{\"@type\":\"EntryPoint\",\"urlTemplate\":\"https:\/\/www.padreydecano.com\/cms\/?s={search_term_string}\"},\"query-input\":\"required name=search_term_string\"}],\"inLanguage\":\"es\"},{\"@type\":\"Organization\",\"@id\":\"https:\/\/www.padreydecano.com\/cms\/#organization\",\"name\":\"Padre y Decano\",\"url\":\"https:\/\/www.padreydecano.com\/cms\/\",\"logo\":{\"@type\":\"ImageObject\",\"inLanguage\":\"es\",\"@id\":\"https:\/\/www.padreydecano.com\/cms\/#\/schema\/logo\/image\/\",\"url\":\"https:\/\/www.padreydecano.com\/cms\/wp-content\/uploads\/2022\/01\/avatar-square.png\",\"contentUrl\":\"https:\/\/www.padreydecano.com\/cms\/wp-content\/uploads\/2022\/01\/avatar-square.png\",\"width\":1500,\"height\":1500,\"caption\":\"Padre y Decano\"},\"image\":{\"@id\":\"https:\/\/www.padreydecano.com\/cms\/#\/schema\/logo\/image\/\"}},{\"@type\":\"Person\",\"@id\":\"https:\/\/www.padreydecano.com\/cms\/#\/schema\/person\/51e0214db654d9624824b37c2838bb65\",\"name\":\"Emirona07\",\"image\":{\"@type\":\"ImageObject\",\"inLanguage\":\"es\",\"@id\":\"https:\/\/www.padreydecano.com\/cms\/#\/schema\/person\/image\/\",\"url\":\"https:\/\/secure.gravatar.com\/avatar\/93c9118dbd5373a8a065bb5cdddde6bf?s=96&d=https%3A%2F%2Fpadreydecano.com%2Fcms%2Fwp-content%2Fthemes%2Fpyd-theme%2Fimg%2Fdefault-avatar.png&r=g\",\"contentUrl\":\"https:\/\/secure.gravatar.com\/avatar\/93c9118dbd5373a8a065bb5cdddde6bf?s=96&d=https%3A%2F%2Fpadreydecano.com%2Fcms%2Fwp-content%2Fthemes%2Fpyd-theme%2Fimg%2Fdefault-avatar.png&r=g\",\"caption\":\"Emirona07\"}}]}<\/script>\n<!-- \/ Yoast SEO plugin. -->","yoast_head_json":{"title":"Pensando en Cerrito - Padre y Decano - El Sitio del Pueblo","robots":{"index":"index","follow":"follow","max-snippet":"max-snippet:-1","max-image-preview":"max-image-preview:large","max-video-preview":"max-video-preview:-1"},"canonical":"https:\/\/www.padreydecano.com\/cms\/los-aromos\/pensando-en-cerrito\/","og_locale":"es_ES","og_type":"article","og_title":"Pensando en Cerrito - Padre y Decano - El Sitio del Pueblo","og_description":"En una ma\u00f1ana muy fr\u00eda, donde el sol apenas asomaba, Pe\u00f1arol entren\u00f3 este mi\u00e9rcoles desde las 09:30 horas en Los Aromos. Los jugadores de la tercera divisi\u00f3n no estuvieron presentes, ya que esta tarde enfrentaron a Rentistas, gan\u00e1ndole 1 a 0 con gol de Jonathan Rodr\u00edguez. Otro de los ausentes fue Dar\u00edo Rodr\u00edguez que en [&hellip;]","og_url":"https:\/\/www.padreydecano.com\/cms\/los-aromos\/pensando-en-cerrito\/","og_site_name":"Padre y Decano - El Sitio del Pueblo","article_published_time":"2012-05-30T23:44:31+00:00","article_modified_time":"2012-05-31T00:02:53+00:00","og_image":[{"width":800,"height":600,"url":"https:\/\/www.padreydecano.com\/cms\/wp-content\/uploads\/2012\/05\/424497_323092837738132_221058467941570_931359_1616601922_n.jpg","type":"image\/jpeg"}],"author":"Emirona07","twitter_card":"summary_large_image","twitter_misc":{"Escrito por":"Emirona07","Tiempo de lectura":"2 minutos"},"schema":{"@context":"https:\/\/schema.org","@graph":[{"@type":"Article","@id":"https:\/\/www.padreydecano.com\/cms\/los-aromos\/pensando-en-cerrito\/#article","isPartOf":{"@id":"https:\/\/www.padreydecano.com\/cms\/los-aromos\/pensando-en-cerrito\/"},"author":{"name":"Emirona07","@id":"https:\/\/www.padreydecano.com\/cms\/#\/schema\/person\/51e0214db654d9624824b37c2838bb65"},"headline":"Pensando en Cerrito","datePublished":"2012-05-30T23:44:31+00:00","dateModified":"2012-05-31T00:02:53+00:00","mainEntityOfPage":{"@id":"https:\/\/www.padreydecano.com\/cms\/los-aromos\/pensando-en-cerrito\/"},"wordCount":337,"commentCount":3,"publisher":{"@id":"https:\/\/www.padreydecano.com\/cms\/#organization"},"image":{"@id":"https:\/\/www.padreydecano.com\/cms\/los-aromos\/pensando-en-cerrito\/#primaryimage"},"thumbnailUrl":"https:\/\/www.padreydecano.com\/cms\/wp-content\/uploads\/2012\/05\/424497_323092837738132_221058467941570_931359_1616601922_n.jpg","articleSection":["Los Aromos"],"inLanguage":"es","potentialAction":[{"@type":"CommentAction","name":"Comment","target":["https:\/\/www.padreydecano.com\/cms\/los-aromos\/pensando-en-cerrito\/#respond"]}]},{"@type":"WebPage","@id":"https:\/\/www.padreydecano.com\/cms\/los-aromos\/pensando-en-cerrito\/","url":"https:\/\/www.padreydecano.com\/cms\/los-aromos\/pensando-en-cerrito\/","name":"Pensando en Cerrito - Padre y Decano - El Sitio del Pueblo","isPartOf":{"@id":"https:\/\/www.padreydecano.com\/cms\/#website"},"primaryImageOfPage":{"@id":"https:\/\/www.padreydecano.com\/cms\/los-aromos\/pensando-en-cerrito\/#primaryimage"},"image":{"@id":"https:\/\/www.padreydecano.com\/cms\/los-aromos\/pensando-en-cerrito\/#primaryimage"},"thumbnailUrl":"https:\/\/www.padreydecano.com\/cms\/wp-content\/uploads\/2012\/05\/424497_323092837738132_221058467941570_931359_1616601922_n.jpg","datePublished":"2012-05-30T23:44:31+00:00","dateModified":"2012-05-31T00:02:53+00:00","breadcrumb":{"@id":"https:\/\/www.padreydecano.com\/cms\/los-aromos\/pensando-en-cerrito\/#breadcrumb"},"inLanguage":"es","potentialAction":[{"@type":"ReadAction","target":["https:\/\/www.padreydecano.com\/cms\/los-aromos\/pensando-en-cerrito\/"]}]},{"@type":"ImageObject","inLanguage":"es","@id":"https:\/\/www.padreydecano.com\/cms\/los-aromos\/pensando-en-cerrito\/#primaryimage","url":"https:\/\/www.padreydecano.com\/cms\/wp-content\/uploads\/2012\/05\/424497_323092837738132_221058467941570_931359_1616601922_n.jpg","contentUrl":"https:\/\/www.padreydecano.com\/cms\/wp-content\/uploads\/2012\/05\/424497_323092837738132_221058467941570_931359_1616601922_n.jpg","width":"800","height":"600"},{"@type":"BreadcrumbList","@id":"https:\/\/www.padreydecano.com\/cms\/los-aromos\/pensando-en-cerrito\/#breadcrumb","itemListElement":[{"@type":"ListItem","position":1,"name":"Portada","item":"https:\/\/www.padreydecano.com\/cms\/"},{"@type":"ListItem","position":2,"name":"Pensando en Cerrito"}]},{"@type":"WebSite","@id":"https:\/\/www.padreydecano.com\/cms\/#website","url":"https:\/\/www.padreydecano.com\/cms\/","name":"Padre y Decano - El Sitio del Pueblo","description":"Club Atl\u00e9tico Pe\u00f1arol","publisher":{"@id":"https:\/\/www.padreydecano.com\/cms\/#organization"},"potentialAction":[{"@type":"SearchAction","target":{"@type":"EntryPoint","urlTemplate":"https:\/\/www.padreydecano.com\/cms\/?s={search_term_string}"},"query-input":"required name=search_term_string"}],"inLanguage":"es"},{"@type":"Organization","@id":"https:\/\/www.padreydecano.com\/cms\/#organization","name":"Padre y Decano","url":"https:\/\/www.padreydecano.com\/cms\/","logo":{"@type":"ImageObject","inLanguage":"es","@id":"https:\/\/www.padreydecano.com\/cms\/#\/schema\/logo\/image\/","url":"https:\/\/www.padreydecano.com\/cms\/wp-content\/uploads\/2022\/01\/avatar-square.png","contentUrl":"https:\/\/www.padreydecano.com\/cms\/wp-content\/uploads\/2022\/01\/avatar-square.png","width":1500,"height":1500,"caption":"Padre y Decano"},"image":{"@id":"https:\/\/www.padreydecano.com\/cms\/#\/schema\/logo\/image\/"}},{"@type":"Person","@id":"https:\/\/www.padreydecano.com\/cms\/#\/schema\/person\/51e0214db654d9624824b37c2838bb65","name":"Emirona07","image":{"@type":"ImageObject","inLanguage":"es","@id":"https:\/\/www.padreydecano.com\/cms\/#\/schema\/person\/image\/","url":"https:\/\/secure.gravatar.com\/avatar\/93c9118dbd5373a8a065bb5cdddde6bf?s=96&d=https%3A%2F%2Fpadreydecano.com%2Fcms%2Fwp-content%2Fthemes%2Fpyd-theme%2Fimg%2Fdefault-avatar.png&r=g","contentUrl":"https:\/\/secure.gravatar.com\/avatar\/93c9118dbd5373a8a065bb5cdddde6bf?s=96&d=https%3A%2F%2Fpadreydecano.com%2Fcms%2Fwp-content%2Fthemes%2Fpyd-theme%2Fimg%2Fdefault-avatar.png&r=g","caption":"Emirona07"}}]}},"_links":{"self":[{"href":"https:\/\/www.padreydecano.com\/cms\/wp-json\/wp\/v2\/posts\/24355"}],"collection":[{"href":"https:\/\/www.padreydecano.com\/cms\/wp-json\/wp\/v2\/posts"}],"about":[{"href":"https:\/\/www.padreydecano.com\/cms\/wp-json\/wp\/v2\/types\/post"}],"author":[{"embeddable":true,"href":"https:\/\/www.padreydecano.com\/cms\/wp-json\/wp\/v2\/users\/5"}],"replies":[{"embeddable":true,"href":"https:\/\/www.padreydecano.com\/cms\/wp-json\/wp\/v2\/comments?post=24355"}],"version-history":[{"count":0,"href":"https:\/\/www.padreydecano.com\/cms\/wp-json\/wp\/v2\/posts\/24355\/revisions"}],"wp:featuredmedia":[{"embeddable":true,"href":"https:\/\/www.padreydecano.com\/cms\/wp-json\/wp\/v2\/media\/24357"}],"wp:attachment":[{"href":"https:\/\/www.padreydecano.com\/cms\/wp-json\/wp\/v2\/media?parent=24355"}],"wp:term":[{"taxonomy":"category","embeddable":true,"href":"https:\/\/www.padreydecano.com\/cms\/wp-json\/wp\/v2\/categories?post=24355"},{"taxonomy":"post_tag","embeddable":true,"href":"https:\/\/www.padreydecano.com\/cms\/wp-json\/wp\/v2\/tags?post=24355"}],"curies":[{"name":"wp","href":"https:\/\/api.w.org\/{rel}","templated":true}]}}