{"id":24327,"date":"2012-05-30T14:48:41","date_gmt":"2012-05-30T17:48:41","guid":{"rendered":"http:\/\/www.padreydecano.com\/cms\/?p=24327"},"modified":"2012-05-30T15:21:46","modified_gmt":"2012-05-30T18:21:46","slug":"penas-que-entregaron-la-campana-del-abrigo","status":"publish","type":"post","link":"https:\/\/www.padreydecano.com\/cms\/penas\/penas-que-entregaron-la-campana-del-abrigo\/","title":{"rendered":"Pe\u00f1as que entregaron en la Campa\u00f1a del Abrigo"},"content":{"rendered":"<p style=\"text-align: justify;\"><img loading=\"lazy\" decoding=\"async\" class=\"wp-image-24348 alignright\" src=\"https:\/\/www.padreydecano.com\/cms\/wp-content\/uploads\/2012\/05\/Pe\u00f1as-que-entregaron-la-Campa\u00f1a-del-Abrigo-07-300x225.jpg\" alt=\"\" width=\"240\" height=\"180\" srcset=\"https:\/\/www.padreydecano.com\/cms\/wp-content\/uploads\/2012\/05\/Pe\u00f1as-que-entregaron-la-Campa\u00f1a-del-Abrigo-07-300x225.jpg 300w, https:\/\/www.padreydecano.com\/cms\/wp-content\/uploads\/2012\/05\/Pe\u00f1as-que-entregaron-la-Campa\u00f1a-del-Abrigo-07.jpg 720w\" sizes=\"(max-width: 240px) 100vw, 240px\" \/>Hace unas semanas la <strong><a href=\"https:\/\/www.padreydecano.com\/cms\/comision\/\" target=\"_blank\">Comisi\u00f3n de Pe\u00f1as<\/a>\u00a0<\/strong>lanz\u00f3 por tercer a\u00f1o consecutivo la <strong>Campa\u00f1a del Abrigo. <\/strong>Varias Pe\u00f1as se han sumado al gran acto solidario que conlleva recolectar prendas para todas las edades y donarlas a los centros m\u00e1s carenciados del departamento en el cual reciden.<\/p>\n<p style=\"text-align: justify;\">A continuaci\u00f3n les mostramos las Pe\u00f1as que al momento\u00a0entregaron la ropa.<\/p>\n<p><span style=\"color: #ffcc02;\"><strong>Pe\u00f1a Minas<\/strong><\/span><\/p>\n<p style=\"text-align: justify;\">El viernes 18 de mayo, integrantes de la Pe\u00f1a Minas Bomba Villar entregaron la donaci\u00f3n de la Campa\u00f1a del Abrigo al\u00a0<strong>Caif \u00abSerranitos\u00bb<\/strong> ubicado en el barrio Las Delicias y al merendero <strong>\u00abEncarando Che\u00bb<\/strong> ubicado en el barrio Estaci\u00f3n de la ciudad de Minas.<\/p>\n<p style=\"text-align: justify;\"><strong>Padre y Decano<\/strong> dialog\u00f3 con el presidente de la Pe\u00f1a, Salvador Pintos, quien nos dijo:\u00a0<em>\u00abfuimos recibidos por las encargadas y por la infinidad de ni\u00f1os que concurren asiduamente a dichos centros, todo enmarcado en un clima de alegria y felicidad\u00bb.\u00a0<\/em>Salvador a\u00f1ade <em>\u00abTuvimos la oportunidad de ver el trabajo que realizan, y la gran obra que se hace con el sacrificio y las carencias que all\u00ed existen, por suerte pudimos aportar un granito de arena y comprometernos a futuras actividades beneficas en conjunto.\u00a0<\/em><em>Es gratificante saber que con una peque\u00f1a obra y con la ayuda de mucha gente se pueden hacer cosas tan importantes.\u00bb<\/em><\/p>\n<p><strong style=\"color: #ffcc02;\">Pe\u00f1a Tacuarembo<\/strong><\/p>\n<p style=\"text-align: justify;\">Esta Pe\u00f1a estuvo trabajando por m\u00e1s de dos meses en la campa\u00f1a. No s\u00f3lo recolectaron ropa de la capital de Tacuaremb\u00f3 sino que tambi\u00e9n recibieron donaciones de San Gregorio y los integrantes de la Pe\u00f1a que se encuentran en Montevideo tambi\u00e9n recolectaron ropa ac\u00e1 y la mandaron para all\u00e1.\u00a0La donaci\u00f3n fue hecha este martes por la tarde. Se hicieron presentes varios integrantes de la Pe\u00f1a, tambi\u00e9n se cont\u00f3 con la\u00a0presencia\u00a0de varios medios de prensa. El lugar elegido fue el hogar<strong> \u00abCasa Cuna\u00bb<\/strong> donde ya hac\u00eda m\u00e1s de una semana hab\u00edan planificado con los due\u00f1os la donaci\u00f3n.<\/p>\n<p style=\"text-align: justify;\">Dialogamos con\u00a0Gaston Echeveste, presidente de la Pe\u00f1a, quien manifest\u00f3 que\u00a0<em>\u00abnos enorgullece much\u00edsimo haber hecho la donaci\u00f3n y haber ayudado a mucha gente que lo necesita\u00bb. <\/em>Para finalizar agreg\u00f3\u00a0<em>\u00abagradecemos a todas las personas que colaboraron y aportaron su \u00abgranito de arena\u00bb para que este gran gesto se lleve a cabo\u00bb.<\/em><\/p>\n<p><strong style=\"color: #ffcc02;\">Pe\u00f1a Dolores<\/strong><\/p>\n<p style=\"text-align: justify;\"><img loading=\"lazy\" decoding=\"async\" class=\"alignright  wp-image-24346\" src=\"https:\/\/www.padreydecano.com\/cms\/wp-content\/uploads\/2012\/05\/Pe\u00f1as-que-entregaron-la-Campa\u00f1a-del-Abrigo-05-300x225.jpg\" alt=\"\" width=\"240\" height=\"180\" srcset=\"https:\/\/www.padreydecano.com\/cms\/wp-content\/uploads\/2012\/05\/Pe\u00f1as-que-entregaron-la-Campa\u00f1a-del-Abrigo-05-300x225.jpg 300w, https:\/\/www.padreydecano.com\/cms\/wp-content\/uploads\/2012\/05\/Pe\u00f1as-que-entregaron-la-Campa\u00f1a-del-Abrigo-05.jpg 720w\" sizes=\"(max-width: 240px) 100vw, 240px\" \/>Esta Pe\u00f1a fue <a href=\"https:\/\/www.padreydecano.com\/cms\/penas\/dos-nuevas-penas-en-el-interior-2\/\" target=\"_blank\">oficializada\u00a0<\/a>hace un poco m\u00e1s de una semana pero ya ven\u00edan trabajando en la Campa\u00f1a del Abrigo y de muy buena forma.\u00a0Las\u00a0instituciones\u00a0que recibieron las donaciones fueron el Club de ni\u00f1o\u00a0<strong>\u00abGurisitos\u00bb<\/strong>, el hogar de ancianos\u00a0<strong>\u00abManuel Souto\u00bb<\/strong>\u00a0y el merendero\u00a0<strong>\u00abCapilla Fatima\u00bb.<\/strong><\/p>\n<p style=\"text-align: justify;\">Nos pusimos en contacto con\u00a0Mario Lojo, presidente de la Pe\u00f1a, que nos expres\u00f3 <em>\u00abpara ser la primera campa\u00f1a que hicimos creo que lo que recibimos colm\u00f3 nuestras expectativas, el pueblo dolore\u00f1o nos acompa\u00f1\u00f3 de gran forma\u00bb.\u00a0<\/em>Mario tambi\u00e9n dijo: \u00ab<em>al finalizar organizamos una movida en la Plaza Constituci\u00f3n\u00a0con banderas y bombos a la cual se\u00a0prendi\u00f3\u00a0mucha gente y nos acompa\u00f1aron los amigos de la la <\/em><strong><em>Pe\u00f1a \u00abPablo y Diego Forlan \u00abBarra Mercedes<\/em>\u00ab.<\/strong><\/p>\n<p><span>Desde <\/span><strong><span style=\"color: #ffcc02;\">Padre y Decano<\/span><\/strong><span> felicitamos a las tres Pe\u00f1as por la donaci\u00f3n que han realizado. Tambi\u00e9n incentivamos a que las otras Pe\u00f1as se sumen a este gran gesto solidario.<\/span><br \/>\n\n\t\t<style type=\"text\/css\">\n\t\t\t#gallery-1 {\n\t\t\t\tmargin: auto;\n\t\t\t}\n\t\t\t#gallery-1 .gallery-item {\n\t\t\t\tfloat: left;\n\t\t\t\tmargin-top: 10px;\n\t\t\t\ttext-align: center;\n\t\t\t\twidth: 33%;\n\t\t\t}\n\t\t\t#gallery-1 img {\n\t\t\t\tborder: 2px solid #cfcfcf;\n\t\t\t}\n\t\t\t#gallery-1 .gallery-caption {\n\t\t\t\tmargin-left: 0;\n\t\t\t}\n\t\t\t\/* see gallery_shortcode() in wp-includes\/media.php *\/\n\t\t<\/style>\n\t\t<div id='gallery-1' class='gallery galleryid-24327 gallery-columns-3 gallery-size-thumbnail'><dl class='gallery-item'>\n\t\t\t<dt class='gallery-icon landscape'>\n\t\t\t\t<a href='https:\/\/www.padreydecano.com\/cms\/wp-content\/uploads\/2012\/05\/Pe\u00f1as-que-entregaron-la-Campa\u00f1a-del-Abrigo-01.jpg' rel='shadowbox[sbalbum-24327];player=img;'><img loading=\"lazy\" decoding=\"async\" width=\"150\" height=\"150\" src=\"https:\/\/www.padreydecano.com\/cms\/wp-content\/uploads\/2012\/05\/Pe\u00f1as-que-entregaron-la-Campa\u00f1a-del-Abrigo-01-150x150.jpg\" class=\"attachment-thumbnail size-thumbnail\" alt=\"\" srcset=\"https:\/\/www.padreydecano.com\/cms\/wp-content\/uploads\/2012\/05\/Pe\u00f1as-que-entregaron-la-Campa\u00f1a-del-Abrigo-01-150x150.jpg 150w, https:\/\/www.padreydecano.com\/cms\/wp-content\/uploads\/2012\/05\/Pe\u00f1as-que-entregaron-la-Campa\u00f1a-del-Abrigo-01-36x36.jpg 36w, https:\/\/www.padreydecano.com\/cms\/wp-content\/uploads\/2012\/05\/Pe\u00f1as-que-entregaron-la-Campa\u00f1a-del-Abrigo-01-115x115.jpg 115w\" sizes=\"(max-width: 150px) 100vw, 150px\" \/><\/a>\n\t\t\t<\/dt><\/dl><dl class='gallery-item'>\n\t\t\t<dt class='gallery-icon landscape'>\n\t\t\t\t<a href='https:\/\/www.padreydecano.com\/cms\/wp-content\/uploads\/2012\/05\/Pe\u00f1as-que-entregaron-la-Campa\u00f1a-del-Abrigo-02.jpg' rel='shadowbox[sbalbum-24327];player=img;'><img loading=\"lazy\" decoding=\"async\" width=\"150\" height=\"150\" src=\"https:\/\/www.padreydecano.com\/cms\/wp-content\/uploads\/2012\/05\/Pe\u00f1as-que-entregaron-la-Campa\u00f1a-del-Abrigo-02-150x150.jpg\" class=\"attachment-thumbnail size-thumbnail\" alt=\"\" srcset=\"https:\/\/www.padreydecano.com\/cms\/wp-content\/uploads\/2012\/05\/Pe\u00f1as-que-entregaron-la-Campa\u00f1a-del-Abrigo-02-150x150.jpg 150w, https:\/\/www.padreydecano.com\/cms\/wp-content\/uploads\/2012\/05\/Pe\u00f1as-que-entregaron-la-Campa\u00f1a-del-Abrigo-02-36x36.jpg 36w, https:\/\/www.padreydecano.com\/cms\/wp-content\/uploads\/2012\/05\/Pe\u00f1as-que-entregaron-la-Campa\u00f1a-del-Abrigo-02-115x115.jpg 115w\" sizes=\"(max-width: 150px) 100vw, 150px\" \/><\/a>\n\t\t\t<\/dt><\/dl><dl class='gallery-item'>\n\t\t\t<dt class='gallery-icon landscape'>\n\t\t\t\t<a href='https:\/\/www.padreydecano.com\/cms\/wp-content\/uploads\/2012\/05\/Pe\u00f1as-que-entregaron-la-Campa\u00f1a-del-Abrigo-03.jpg' rel='shadowbox[sbalbum-24327];player=img;'><img loading=\"lazy\" decoding=\"async\" width=\"150\" height=\"150\" src=\"https:\/\/www.padreydecano.com\/cms\/wp-content\/uploads\/2012\/05\/Pe\u00f1as-que-entregaron-la-Campa\u00f1a-del-Abrigo-03-150x150.jpg\" class=\"attachment-thumbnail size-thumbnail\" alt=\"\" srcset=\"https:\/\/www.padreydecano.com\/cms\/wp-content\/uploads\/2012\/05\/Pe\u00f1as-que-entregaron-la-Campa\u00f1a-del-Abrigo-03-150x150.jpg 150w, https:\/\/www.padreydecano.com\/cms\/wp-content\/uploads\/2012\/05\/Pe\u00f1as-que-entregaron-la-Campa\u00f1a-del-Abrigo-03-36x36.jpg 36w, https:\/\/www.padreydecano.com\/cms\/wp-content\/uploads\/2012\/05\/Pe\u00f1as-que-entregaron-la-Campa\u00f1a-del-Abrigo-03-115x115.jpg 115w\" sizes=\"(max-width: 150px) 100vw, 150px\" \/><\/a>\n\t\t\t<\/dt><\/dl><br style=\"clear: both\" \/><dl class='gallery-item'>\n\t\t\t<dt class='gallery-icon landscape'>\n\t\t\t\t<a href='https:\/\/www.padreydecano.com\/cms\/wp-content\/uploads\/2012\/05\/Pe\u00f1as-que-entregaron-la-Campa\u00f1a-del-Abrigo-04.jpg' rel='shadowbox[sbalbum-24327];player=img;'><img loading=\"lazy\" decoding=\"async\" width=\"150\" height=\"150\" src=\"https:\/\/www.padreydecano.com\/cms\/wp-content\/uploads\/2012\/05\/Pe\u00f1as-que-entregaron-la-Campa\u00f1a-del-Abrigo-04-150x150.jpg\" class=\"attachment-thumbnail size-thumbnail\" alt=\"\" srcset=\"https:\/\/www.padreydecano.com\/cms\/wp-content\/uploads\/2012\/05\/Pe\u00f1as-que-entregaron-la-Campa\u00f1a-del-Abrigo-04-150x150.jpg 150w, https:\/\/www.padreydecano.com\/cms\/wp-content\/uploads\/2012\/05\/Pe\u00f1as-que-entregaron-la-Campa\u00f1a-del-Abrigo-04-36x36.jpg 36w, https:\/\/www.padreydecano.com\/cms\/wp-content\/uploads\/2012\/05\/Pe\u00f1as-que-entregaron-la-Campa\u00f1a-del-Abrigo-04-115x115.jpg 115w\" sizes=\"(max-width: 150px) 100vw, 150px\" \/><\/a>\n\t\t\t<\/dt><\/dl><dl class='gallery-item'>\n\t\t\t<dt class='gallery-icon landscape'>\n\t\t\t\t<a href='https:\/\/www.padreydecano.com\/cms\/wp-content\/uploads\/2012\/05\/Pe\u00f1as-que-entregaron-la-Campa\u00f1a-del-Abrigo-05.jpg' rel='shadowbox[sbalbum-24327];player=img;'><img loading=\"lazy\" decoding=\"async\" width=\"150\" height=\"150\" src=\"https:\/\/www.padreydecano.com\/cms\/wp-content\/uploads\/2012\/05\/Pe\u00f1as-que-entregaron-la-Campa\u00f1a-del-Abrigo-05-150x150.jpg\" class=\"attachment-thumbnail size-thumbnail\" alt=\"\" srcset=\"https:\/\/www.padreydecano.com\/cms\/wp-content\/uploads\/2012\/05\/Pe\u00f1as-que-entregaron-la-Campa\u00f1a-del-Abrigo-05-150x150.jpg 150w, https:\/\/www.padreydecano.com\/cms\/wp-content\/uploads\/2012\/05\/Pe\u00f1as-que-entregaron-la-Campa\u00f1a-del-Abrigo-05-36x36.jpg 36w, https:\/\/www.padreydecano.com\/cms\/wp-content\/uploads\/2012\/05\/Pe\u00f1as-que-entregaron-la-Campa\u00f1a-del-Abrigo-05-115x115.jpg 115w\" sizes=\"(max-width: 150px) 100vw, 150px\" \/><\/a>\n\t\t\t<\/dt><\/dl><dl class='gallery-item'>\n\t\t\t<dt class='gallery-icon landscape'>\n\t\t\t\t<a href='https:\/\/www.padreydecano.com\/cms\/wp-content\/uploads\/2012\/05\/Pe\u00f1as-que-entregaron-la-Campa\u00f1a-del-Abrigo-06.jpg' rel='shadowbox[sbalbum-24327];player=img;'><img loading=\"lazy\" decoding=\"async\" width=\"150\" height=\"150\" src=\"https:\/\/www.padreydecano.com\/cms\/wp-content\/uploads\/2012\/05\/Pe\u00f1as-que-entregaron-la-Campa\u00f1a-del-Abrigo-06-150x150.jpg\" class=\"attachment-thumbnail size-thumbnail\" alt=\"\" srcset=\"https:\/\/www.padreydecano.com\/cms\/wp-content\/uploads\/2012\/05\/Pe\u00f1as-que-entregaron-la-Campa\u00f1a-del-Abrigo-06-150x150.jpg 150w, https:\/\/www.padreydecano.com\/cms\/wp-content\/uploads\/2012\/05\/Pe\u00f1as-que-entregaron-la-Campa\u00f1a-del-Abrigo-06-36x36.jpg 36w, https:\/\/www.padreydecano.com\/cms\/wp-content\/uploads\/2012\/05\/Pe\u00f1as-que-entregaron-la-Campa\u00f1a-del-Abrigo-06-115x115.jpg 115w\" sizes=\"(max-width: 150px) 100vw, 150px\" \/><\/a>\n\t\t\t<\/dt><\/dl><br style=\"clear: both\" \/><dl class='gallery-item'>\n\t\t\t<dt class='gallery-icon landscape'>\n\t\t\t\t<a href='https:\/\/www.padreydecano.com\/cms\/wp-content\/uploads\/2012\/05\/Pe\u00f1as-que-entregaron-la-Campa\u00f1a-del-Abrigo-07.jpg' rel='shadowbox[sbalbum-24327];player=img;'><img loading=\"lazy\" decoding=\"async\" width=\"150\" height=\"150\" src=\"https:\/\/www.padreydecano.com\/cms\/wp-content\/uploads\/2012\/05\/Pe\u00f1as-que-entregaron-la-Campa\u00f1a-del-Abrigo-07-150x150.jpg\" class=\"attachment-thumbnail size-thumbnail\" alt=\"\" srcset=\"https:\/\/www.padreydecano.com\/cms\/wp-content\/uploads\/2012\/05\/Pe\u00f1as-que-entregaron-la-Campa\u00f1a-del-Abrigo-07-150x150.jpg 150w, https:\/\/www.padreydecano.com\/cms\/wp-content\/uploads\/2012\/05\/Pe\u00f1as-que-entregaron-la-Campa\u00f1a-del-Abrigo-07-36x36.jpg 36w, https:\/\/www.padreydecano.com\/cms\/wp-content\/uploads\/2012\/05\/Pe\u00f1as-que-entregaron-la-Campa\u00f1a-del-Abrigo-07-115x115.jpg 115w\" sizes=\"(max-width: 150px) 100vw, 150px\" \/><\/a>\n\t\t\t<\/dt><\/dl><dl class='gallery-item'>\n\t\t\t<dt class='gallery-icon landscape'>\n\t\t\t\t<a href='https:\/\/www.padreydecano.com\/cms\/wp-content\/uploads\/2012\/05\/Pe\u00f1as-que-entregaron-la-Campa\u00f1a-del-Abrigo-08.jpg' rel='shadowbox[sbalbum-24327];player=img;'><img loading=\"lazy\" decoding=\"async\" width=\"150\" height=\"150\" src=\"https:\/\/www.padreydecano.com\/cms\/wp-content\/uploads\/2012\/05\/Pe\u00f1as-que-entregaron-la-Campa\u00f1a-del-Abrigo-08-150x150.jpg\" class=\"attachment-thumbnail size-thumbnail\" alt=\"\" srcset=\"https:\/\/www.padreydecano.com\/cms\/wp-content\/uploads\/2012\/05\/Pe\u00f1as-que-entregaron-la-Campa\u00f1a-del-Abrigo-08-150x150.jpg 150w, https:\/\/www.padreydecano.com\/cms\/wp-content\/uploads\/2012\/05\/Pe\u00f1as-que-entregaron-la-Campa\u00f1a-del-Abrigo-08-36x36.jpg 36w, https:\/\/www.padreydecano.com\/cms\/wp-content\/uploads\/2012\/05\/Pe\u00f1as-que-entregaron-la-Campa\u00f1a-del-Abrigo-08-115x115.jpg 115w\" sizes=\"(max-width: 150px) 100vw, 150px\" \/><\/a>\n\t\t\t<\/dt><\/dl><dl class='gallery-item'>\n\t\t\t<dt class='gallery-icon landscape'>\n\t\t\t\t<a href='https:\/\/www.padreydecano.com\/cms\/wp-content\/uploads\/2012\/05\/Pe\u00f1as-que-entregaron-la-Campa\u00f1a-del-Abrigo-09.jpg' rel='shadowbox[sbalbum-24327];player=img;'><img loading=\"lazy\" decoding=\"async\" width=\"150\" height=\"150\" src=\"https:\/\/www.padreydecano.com\/cms\/wp-content\/uploads\/2012\/05\/Pe\u00f1as-que-entregaron-la-Campa\u00f1a-del-Abrigo-09-150x150.jpg\" class=\"attachment-thumbnail size-thumbnail\" alt=\"\" srcset=\"https:\/\/www.padreydecano.com\/cms\/wp-content\/uploads\/2012\/05\/Pe\u00f1as-que-entregaron-la-Campa\u00f1a-del-Abrigo-09-150x150.jpg 150w, https:\/\/www.padreydecano.com\/cms\/wp-content\/uploads\/2012\/05\/Pe\u00f1as-que-entregaron-la-Campa\u00f1a-del-Abrigo-09-36x36.jpg 36w, https:\/\/www.padreydecano.com\/cms\/wp-content\/uploads\/2012\/05\/Pe\u00f1as-que-entregaron-la-Campa\u00f1a-del-Abrigo-09-115x115.jpg 115w\" sizes=\"(max-width: 150px) 100vw, 150px\" \/><\/a>\n\t\t\t<\/dt><\/dl><br style=\"clear: both\" \/>\n\t\t<\/div>\n<\/p>\n","protected":false},"excerpt":{"rendered":"<p>Hace unas semanas la Comisi\u00f3n de Pe\u00f1as\u00a0lanz\u00f3 por tercer a\u00f1o consecutivo la Campa\u00f1a del Abrigo. Varias Pe\u00f1as se han sumado al gran acto solidario que conlleva recolectar prendas para todas las edades y donarlas a los centros m\u00e1s carenciados del departamento en el cual reciden. A continuaci\u00f3n les mostramos las Pe\u00f1as que al momento\u00a0entregaron la [&hellip;]<\/p>\n","protected":false},"author":10,"featured_media":0,"comment_status":"open","ping_status":"closed","sticky":false,"template":"","format":"standard","meta":{"footnotes":""},"categories":[42],"tags":[],"yoast_head":"<!-- This site is optimized with the Yoast SEO plugin v23.2 - https:\/\/yoast.com\/wordpress\/plugins\/seo\/ -->\n<title>Pe\u00f1as que entregaron en la Campa\u00f1a del Abrigo - Padre y Decano - El Sitio del Pueblo<\/title>\n<meta name=\"robots\" content=\"index, follow, max-snippet:-1, max-image-preview:large, max-video-preview:-1\" \/>\n<link rel=\"canonical\" href=\"https:\/\/www.padreydecano.com\/cms\/penas\/penas-que-entregaron-la-campana-del-abrigo\/\" \/>\n<meta property=\"og:locale\" content=\"es_ES\" \/>\n<meta property=\"og:type\" content=\"article\" \/>\n<meta property=\"og:title\" content=\"Pe\u00f1as que entregaron en la Campa\u00f1a del Abrigo - Padre y Decano - El Sitio del Pueblo\" \/>\n<meta property=\"og:description\" content=\"Hace unas semanas la Comisi\u00f3n de Pe\u00f1as\u00a0lanz\u00f3 por tercer a\u00f1o consecutivo la Campa\u00f1a del Abrigo. Varias Pe\u00f1as se han sumado al gran acto solidario que conlleva recolectar prendas para todas las edades y donarlas a los centros m\u00e1s carenciados del departamento en el cual reciden. A continuaci\u00f3n les mostramos las Pe\u00f1as que al momento\u00a0entregaron la [&hellip;]\" \/>\n<meta property=\"og:url\" content=\"https:\/\/www.padreydecano.com\/cms\/penas\/penas-que-entregaron-la-campana-del-abrigo\/\" \/>\n<meta property=\"og:site_name\" content=\"Padre y Decano - El Sitio del Pueblo\" \/>\n<meta property=\"article:published_time\" content=\"2012-05-30T17:48:41+00:00\" \/>\n<meta property=\"article:modified_time\" content=\"2012-05-30T18:21:46+00:00\" \/>\n<meta property=\"og:image\" content=\"https:\/\/www.padreydecano.com\/cms\/wp-content\/uploads\/2012\/05\/Pe\u00f1as-que-entregaron-la-Campa\u00f1a-del-Abrigo-01-150x150.jpg\" \/>\n<meta name=\"author\" content=\"fishoapyd\" \/>\n<meta name=\"twitter:card\" content=\"summary_large_image\" \/>\n<meta name=\"twitter:label1\" content=\"Escrito por\" \/>\n\t<meta name=\"twitter:data1\" content=\"fishoapyd\" \/>\n\t<meta name=\"twitter:label2\" content=\"Tiempo de lectura\" \/>\n\t<meta name=\"twitter:data2\" content=\"3 minutos\" \/>\n<script type=\"application\/ld+json\" class=\"yoast-schema-graph\">{\"@context\":\"https:\/\/schema.org\",\"@graph\":[{\"@type\":\"Article\",\"@id\":\"https:\/\/www.padreydecano.com\/cms\/penas\/penas-que-entregaron-la-campana-del-abrigo\/#article\",\"isPartOf\":{\"@id\":\"https:\/\/www.padreydecano.com\/cms\/penas\/penas-que-entregaron-la-campana-del-abrigo\/\"},\"author\":{\"name\":\"fishoapyd\",\"@id\":\"https:\/\/www.padreydecano.com\/cms\/#\/schema\/person\/1376f1ec91158cca7aeef6d2109f929d\"},\"headline\":\"Pe\u00f1as que entregaron en la Campa\u00f1a del Abrigo\",\"datePublished\":\"2012-05-30T17:48:41+00:00\",\"dateModified\":\"2012-05-30T18:21:46+00:00\",\"mainEntityOfPage\":{\"@id\":\"https:\/\/www.padreydecano.com\/cms\/penas\/penas-que-entregaron-la-campana-del-abrigo\/\"},\"wordCount\":581,\"commentCount\":1,\"publisher\":{\"@id\":\"https:\/\/www.padreydecano.com\/cms\/#organization\"},\"articleSection\":[\"Pe\u00f1as\"],\"inLanguage\":\"es\",\"potentialAction\":[{\"@type\":\"CommentAction\",\"name\":\"Comment\",\"target\":[\"https:\/\/www.padreydecano.com\/cms\/penas\/penas-que-entregaron-la-campana-del-abrigo\/#respond\"]}]},{\"@type\":\"WebPage\",\"@id\":\"https:\/\/www.padreydecano.com\/cms\/penas\/penas-que-entregaron-la-campana-del-abrigo\/\",\"url\":\"https:\/\/www.padreydecano.com\/cms\/penas\/penas-que-entregaron-la-campana-del-abrigo\/\",\"name\":\"Pe\u00f1as que entregaron en la Campa\u00f1a del Abrigo - Padre y Decano - El Sitio del Pueblo\",\"isPartOf\":{\"@id\":\"https:\/\/www.padreydecano.com\/cms\/#website\"},\"datePublished\":\"2012-05-30T17:48:41+00:00\",\"dateModified\":\"2012-05-30T18:21:46+00:00\",\"breadcrumb\":{\"@id\":\"https:\/\/www.padreydecano.com\/cms\/penas\/penas-que-entregaron-la-campana-del-abrigo\/#breadcrumb\"},\"inLanguage\":\"es\",\"potentialAction\":[{\"@type\":\"ReadAction\",\"target\":[\"https:\/\/www.padreydecano.com\/cms\/penas\/penas-que-entregaron-la-campana-del-abrigo\/\"]}]},{\"@type\":\"BreadcrumbList\",\"@id\":\"https:\/\/www.padreydecano.com\/cms\/penas\/penas-que-entregaron-la-campana-del-abrigo\/#breadcrumb\",\"itemListElement\":[{\"@type\":\"ListItem\",\"position\":1,\"name\":\"Portada\",\"item\":\"https:\/\/www.padreydecano.com\/cms\/\"},{\"@type\":\"ListItem\",\"position\":2,\"name\":\"Pe\u00f1as que entregaron en la Campa\u00f1a del Abrigo\"}]},{\"@type\":\"WebSite\",\"@id\":\"https:\/\/www.padreydecano.com\/cms\/#website\",\"url\":\"https:\/\/www.padreydecano.com\/cms\/\",\"name\":\"Padre y Decano - El Sitio del Pueblo\",\"description\":\"Club Atl\u00e9tico Pe\u00f1arol\",\"publisher\":{\"@id\":\"https:\/\/www.padreydecano.com\/cms\/#organization\"},\"potentialAction\":[{\"@type\":\"SearchAction\",\"target\":{\"@type\":\"EntryPoint\",\"urlTemplate\":\"https:\/\/www.padreydecano.com\/cms\/?s={search_term_string}\"},\"query-input\":\"required name=search_term_string\"}],\"inLanguage\":\"es\"},{\"@type\":\"Organization\",\"@id\":\"https:\/\/www.padreydecano.com\/cms\/#organization\",\"name\":\"Padre y Decano\",\"url\":\"https:\/\/www.padreydecano.com\/cms\/\",\"logo\":{\"@type\":\"ImageObject\",\"inLanguage\":\"es\",\"@id\":\"https:\/\/www.padreydecano.com\/cms\/#\/schema\/logo\/image\/\",\"url\":\"https:\/\/www.padreydecano.com\/cms\/wp-content\/uploads\/2022\/01\/avatar-square.png\",\"contentUrl\":\"https:\/\/www.padreydecano.com\/cms\/wp-content\/uploads\/2022\/01\/avatar-square.png\",\"width\":1500,\"height\":1500,\"caption\":\"Padre y Decano\"},\"image\":{\"@id\":\"https:\/\/www.padreydecano.com\/cms\/#\/schema\/logo\/image\/\"}},{\"@type\":\"Person\",\"@id\":\"https:\/\/www.padreydecano.com\/cms\/#\/schema\/person\/1376f1ec91158cca7aeef6d2109f929d\",\"name\":\"fishoapyd\",\"image\":{\"@type\":\"ImageObject\",\"inLanguage\":\"es\",\"@id\":\"https:\/\/www.padreydecano.com\/cms\/#\/schema\/person\/image\/\",\"url\":\"https:\/\/www.padreydecano.com\/cms\/wp-content\/uploads\/2022\/12\/avatar-square-1.png\",\"contentUrl\":\"https:\/\/www.padreydecano.com\/cms\/wp-content\/uploads\/2022\/12\/avatar-square-1.png\",\"caption\":\"fishoapyd\"},\"sameAs\":[\"http:\/\/www.padreydecano.com\"]}]}<\/script>\n<!-- \/ Yoast SEO plugin. -->","yoast_head_json":{"title":"Pe\u00f1as que entregaron en la Campa\u00f1a del Abrigo - Padre y Decano - El Sitio del Pueblo","robots":{"index":"index","follow":"follow","max-snippet":"max-snippet:-1","max-image-preview":"max-image-preview:large","max-video-preview":"max-video-preview:-1"},"canonical":"https:\/\/www.padreydecano.com\/cms\/penas\/penas-que-entregaron-la-campana-del-abrigo\/","og_locale":"es_ES","og_type":"article","og_title":"Pe\u00f1as que entregaron en la Campa\u00f1a del Abrigo - Padre y Decano - El Sitio del Pueblo","og_description":"Hace unas semanas la Comisi\u00f3n de Pe\u00f1as\u00a0lanz\u00f3 por tercer a\u00f1o consecutivo la Campa\u00f1a del Abrigo. Varias Pe\u00f1as se han sumado al gran acto solidario que conlleva recolectar prendas para todas las edades y donarlas a los centros m\u00e1s carenciados del departamento en el cual reciden. A continuaci\u00f3n les mostramos las Pe\u00f1as que al momento\u00a0entregaron la [&hellip;]","og_url":"https:\/\/www.padreydecano.com\/cms\/penas\/penas-que-entregaron-la-campana-del-abrigo\/","og_site_name":"Padre y Decano - El Sitio del Pueblo","article_published_time":"2012-05-30T17:48:41+00:00","article_modified_time":"2012-05-30T18:21:46+00:00","og_image":[{"url":"https:\/\/www.padreydecano.com\/cms\/wp-content\/uploads\/2012\/05\/Pe\u00f1as-que-entregaron-la-Campa\u00f1a-del-Abrigo-01-150x150.jpg"}],"author":"fishoapyd","twitter_card":"summary_large_image","twitter_misc":{"Escrito por":"fishoapyd","Tiempo de lectura":"3 minutos"},"schema":{"@context":"https:\/\/schema.org","@graph":[{"@type":"Article","@id":"https:\/\/www.padreydecano.com\/cms\/penas\/penas-que-entregaron-la-campana-del-abrigo\/#article","isPartOf":{"@id":"https:\/\/www.padreydecano.com\/cms\/penas\/penas-que-entregaron-la-campana-del-abrigo\/"},"author":{"name":"fishoapyd","@id":"https:\/\/www.padreydecano.com\/cms\/#\/schema\/person\/1376f1ec91158cca7aeef6d2109f929d"},"headline":"Pe\u00f1as que entregaron en la Campa\u00f1a del Abrigo","datePublished":"2012-05-30T17:48:41+00:00","dateModified":"2012-05-30T18:21:46+00:00","mainEntityOfPage":{"@id":"https:\/\/www.padreydecano.com\/cms\/penas\/penas-que-entregaron-la-campana-del-abrigo\/"},"wordCount":581,"commentCount":1,"publisher":{"@id":"https:\/\/www.padreydecano.com\/cms\/#organization"},"articleSection":["Pe\u00f1as"],"inLanguage":"es","potentialAction":[{"@type":"CommentAction","name":"Comment","target":["https:\/\/www.padreydecano.com\/cms\/penas\/penas-que-entregaron-la-campana-del-abrigo\/#respond"]}]},{"@type":"WebPage","@id":"https:\/\/www.padreydecano.com\/cms\/penas\/penas-que-entregaron-la-campana-del-abrigo\/","url":"https:\/\/www.padreydecano.com\/cms\/penas\/penas-que-entregaron-la-campana-del-abrigo\/","name":"Pe\u00f1as que entregaron en la Campa\u00f1a del Abrigo - Padre y Decano - El Sitio del Pueblo","isPartOf":{"@id":"https:\/\/www.padreydecano.com\/cms\/#website"},"datePublished":"2012-05-30T17:48:41+00:00","dateModified":"2012-05-30T18:21:46+00:00","breadcrumb":{"@id":"https:\/\/www.padreydecano.com\/cms\/penas\/penas-que-entregaron-la-campana-del-abrigo\/#breadcrumb"},"inLanguage":"es","potentialAction":[{"@type":"ReadAction","target":["https:\/\/www.padreydecano.com\/cms\/penas\/penas-que-entregaron-la-campana-del-abrigo\/"]}]},{"@type":"BreadcrumbList","@id":"https:\/\/www.padreydecano.com\/cms\/penas\/penas-que-entregaron-la-campana-del-abrigo\/#breadcrumb","itemListElement":[{"@type":"ListItem","position":1,"name":"Portada","item":"https:\/\/www.padreydecano.com\/cms\/"},{"@type":"ListItem","position":2,"name":"Pe\u00f1as que entregaron en la Campa\u00f1a del Abrigo"}]},{"@type":"WebSite","@id":"https:\/\/www.padreydecano.com\/cms\/#website","url":"https:\/\/www.padreydecano.com\/cms\/","name":"Padre y Decano - El Sitio del Pueblo","description":"Club Atl\u00e9tico Pe\u00f1arol","publisher":{"@id":"https:\/\/www.padreydecano.com\/cms\/#organization"},"potentialAction":[{"@type":"SearchAction","target":{"@type":"EntryPoint","urlTemplate":"https:\/\/www.padreydecano.com\/cms\/?s={search_term_string}"},"query-input":"required name=search_term_string"}],"inLanguage":"es"},{"@type":"Organization","@id":"https:\/\/www.padreydecano.com\/cms\/#organization","name":"Padre y Decano","url":"https:\/\/www.padreydecano.com\/cms\/","logo":{"@type":"ImageObject","inLanguage":"es","@id":"https:\/\/www.padreydecano.com\/cms\/#\/schema\/logo\/image\/","url":"https:\/\/www.padreydecano.com\/cms\/wp-content\/uploads\/2022\/01\/avatar-square.png","contentUrl":"https:\/\/www.padreydecano.com\/cms\/wp-content\/uploads\/2022\/01\/avatar-square.png","width":1500,"height":1500,"caption":"Padre y Decano"},"image":{"@id":"https:\/\/www.padreydecano.com\/cms\/#\/schema\/logo\/image\/"}},{"@type":"Person","@id":"https:\/\/www.padreydecano.com\/cms\/#\/schema\/person\/1376f1ec91158cca7aeef6d2109f929d","name":"fishoapyd","image":{"@type":"ImageObject","inLanguage":"es","@id":"https:\/\/www.padreydecano.com\/cms\/#\/schema\/person\/image\/","url":"https:\/\/www.padreydecano.com\/cms\/wp-content\/uploads\/2022\/12\/avatar-square-1.png","contentUrl":"https:\/\/www.padreydecano.com\/cms\/wp-content\/uploads\/2022\/12\/avatar-square-1.png","caption":"fishoapyd"},"sameAs":["http:\/\/www.padreydecano.com"]}]}},"_links":{"self":[{"href":"https:\/\/www.padreydecano.com\/cms\/wp-json\/wp\/v2\/posts\/24327"}],"collection":[{"href":"https:\/\/www.padreydecano.com\/cms\/wp-json\/wp\/v2\/posts"}],"about":[{"href":"https:\/\/www.padreydecano.com\/cms\/wp-json\/wp\/v2\/types\/post"}],"author":[{"embeddable":true,"href":"https:\/\/www.padreydecano.com\/cms\/wp-json\/wp\/v2\/users\/10"}],"replies":[{"embeddable":true,"href":"https:\/\/www.padreydecano.com\/cms\/wp-json\/wp\/v2\/comments?post=24327"}],"version-history":[{"count":0,"href":"https:\/\/www.padreydecano.com\/cms\/wp-json\/wp\/v2\/posts\/24327\/revisions"}],"wp:attachment":[{"href":"https:\/\/www.padreydecano.com\/cms\/wp-json\/wp\/v2\/media?parent=24327"}],"wp:term":[{"taxonomy":"category","embeddable":true,"href":"https:\/\/www.padreydecano.com\/cms\/wp-json\/wp\/v2\/categories?post=24327"},{"taxonomy":"post_tag","embeddable":true,"href":"https:\/\/www.padreydecano.com\/cms\/wp-json\/wp\/v2\/tags?post=24327"}],"curies":[{"name":"wp","href":"https:\/\/api.w.org\/{rel}","templated":true}]}}